{"id":213489,"date":"2024-04-11T13:23:00","date_gmt":"2024-04-11T13:23:00","guid":{"rendered":"https:\/\/www.webdo.tn\/fr\/blog\/le-deficit-de-la-balance-energetique-se-creuse\/213489\/"},"modified":"2024-04-11T13:23:00","modified_gmt":"2024-04-11T13:23:00","slug":"le-deficit-de-la-balance-energetique-se-creuse","status":"publish","type":"post","link":"https:\/\/www.webdo.tn\/fr\/actualite\/national\/le-deficit-de-la-balance-energetique-se-creuse\/213489\/","title":{"rendered":"Le d\u00e9ficit de la balance \u00e9nerg\u00e9tique se creuse"},"content":{"rendered":"<p>Les ressources nationales en \u00e9nergie primaire ont enregistr\u00e9 une baisse de 12%, depuis le d\u00e9but de l&rsquo;ann\u00e9e 2024, selon le dernier rapport publi\u00e9 par l&rsquo;Observatoire National de l&rsquo;Energie et des Mines.<\/p>\n<p>\t\t\t\t\t\t\t\t\tAinsi, ces ressources, qui incluent la production nationale et la redevance du gaz alg\u00e9rien, ont atteint 600 mille de tonnes \u00e9quivalent p\u00e9trole. Cette baisse s&rsquo;explqiue principalement par la baisse de la production nationale de gaz naturel, selon l&rsquo;ONEM.<\/p>\n<p>Au cours de cette p\u00e9riode, la demande d&rsquo;\u00e9nergie primaire a atteint 1,4 million de tonnes d&rsquo;\u00e9quivalent p\u00e9trole, soit donc une baisse de 6%\u00a0par rapport \u00e0 la m\u00eame p\u00e9riode de l&rsquo;ann\u00e9e 2023, alors que la demande de produits p\u00e9troliers a connu une hausse de 2% pour cent. Enfin,\u00a0la demande de gaz naturel a baiss\u00e9 de 13%, depuis le d\u00e9but de l&rsquo;ann\u00e9e 2024.<\/p>\n<p>De ce fait, le bilan \u00e9nerg\u00e9tique a enregistr\u00e9 un d\u00e9ficit de 0,83 millions de tonnes \u00e9quivalent p\u00e9trole jusqu\u2019\u00e0 fin f\u00e9vrier 2024.<\/p>\n","protected":false},"excerpt":{"rendered":"<p>Les ressources nationales en \u00e9nergie primaire ont enregistr\u00e9 une baisse de 12%, depuis le d\u00e9but de l&rsquo;ann\u00e9e 2024, selon le dernier rapport publi\u00e9 par l&rsquo;Observato&#8230;<\/p>\n","protected":false},"author":3169,"featured_media":290466,"comment_status":"open","ping_status":"closed","sticky":false,"template":"","format":"standard","meta":{"footnotes":""},"categories":[44],"tags":[3575,3763,3764,4691,2608],"class_list":["post-213489","post","type-post","status-publish","format-standard","has-post-thumbnail","hentry","category-national","tag-deficit","tag-energie","tag-gaz","tag-petrole","tag-tunisie"],"yoast_head":"<!-- This site is optimized with the Yoast SEO Premium plugin v27.5 (Yoast SEO v27.5) - https:\/\/yoast.com\/product\/yoast-seo-premium-wordpress\/ -->\n<title>Le d\u00e9ficit de la balance \u00e9nerg\u00e9tique se creuse<\/title>\n<meta name=\"description\" content=\"Les ressources nationales en \u00e9nergie primaire ont enregistr\u00e9 une baisse de 12%, depuis le d\u00e9but de l&#039;ann\u00e9e 2024, selon le dernier rapport publi\u00e9 par l&#039;Observato...\" \/>\n<link rel=\"canonical\" href=\"https:\/\/www.webdo.tn\/fr\/actualite\/national\/le-deficit-de-la-balance-energetique-se-creuse\/213489\/\" \/>\n<meta property=\"og:locale\" content=\"fr_FR\" \/>\n<meta property=\"og:type\" content=\"article\" \/>\n<meta property=\"og:title\" content=\"Le d\u00e9ficit de la balance \u00e9nerg\u00e9tique se creuse\" \/>\n<meta property=\"og:description\" content=\"Les ressources nationales en \u00e9nergie primaire ont enregistr\u00e9 une baisse de 12%, depuis le d\u00e9but de l&#039;ann\u00e9e 2024, selon le dernier rapport publi\u00e9 par l&#039;Observato...\" \/>\n<meta property=\"og:url\" content=\"https:\/\/www.webdo.tn\/fr\/actualite\/national\/le-deficit-de-la-balance-energetique-se-creuse\/213489\/\" \/>\n<meta property=\"og:site_name\" content=\"webdo\" \/>\n<meta property=\"article:publisher\" content=\"https:\/\/www.facebook.com\/webdotn\" \/>\n<meta property=\"article:published_time\" content=\"2024-04-11T13:23:00+00:00\" \/>\n<meta property=\"og:image\" content=\"https:\/\/www.webdo.tn\/fr\/wp-content\/uploads\/2024\/04\/0815ce7b21d9d0dea129a9f91db5f76c.jpg\" \/>\n\t<meta property=\"og:image:width\" content=\"750\" \/>\n\t<meta property=\"og:image:height\" content=\"400\" \/>\n\t<meta property=\"og:image:type\" content=\"image\/jpeg\" \/>\n<meta name=\"author\" content=\"Webdo\" \/>\n<meta name=\"twitter:card\" content=\"summary_large_image\" \/>\n<meta name=\"twitter:creator\" content=\"@webdo_tn\" \/>\n<meta name=\"twitter:site\" content=\"@webdo_tn\" \/>\n<meta name=\"twitter:label1\" content=\"\u00c9crit par\" \/>\n\t<meta name=\"twitter:data1\" content=\"Webdo\" \/>\n\t<meta name=\"twitter:label2\" content=\"Dur\u00e9e de lecture estim\u00e9e\" \/>\n\t<meta name=\"twitter:data2\" content=\"1 minute\" \/>\n<script type=\"application\/ld+json\" class=\"yoast-schema-graph\">{\"@context\":\"https:\\\/\\\/schema.org\",\"@graph\":[{\"@type\":\"NewsArticle\",\"@id\":\"https:\\\/\\\/www.webdo.tn\\\/fr\\\/actualite\\\/national\\\/le-deficit-de-la-balance-energetique-se-creuse\\\/213489\\\/#article\",\"isPartOf\":{\"@id\":\"https:\\\/\\\/www.webdo.tn\\\/fr\\\/actualite\\\/national\\\/le-deficit-de-la-balance-energetique-se-creuse\\\/213489\\\/\"},\"author\":{\"name\":\"Webdo\",\"@id\":\"https:\\\/\\\/www.webdo.tn\\\/fr\\\/#\\\/schema\\\/person\\\/1f4e491e0907b413d61089e8eb573acc\"},\"headline\":\"Le d\u00e9ficit de la balance \u00e9nerg\u00e9tique se creuse\",\"datePublished\":\"2024-04-11T13:23:00+00:00\",\"mainEntityOfPage\":{\"@id\":\"https:\\\/\\\/www.webdo.tn\\\/fr\\\/actualite\\\/national\\\/le-deficit-de-la-balance-energetique-se-creuse\\\/213489\\\/\"},\"wordCount\":176,\"commentCount\":0,\"publisher\":{\"@id\":\"https:\\\/\\\/www.webdo.tn\\\/fr\\\/#organization\"},\"image\":{\"@id\":\"https:\\\/\\\/www.webdo.tn\\\/fr\\\/actualite\\\/national\\\/le-deficit-de-la-balance-energetique-se-creuse\\\/213489\\\/#primaryimage\"},\"thumbnailUrl\":\"https:\\\/\\\/www.webdo.tn\\\/fr\\\/wp-content\\\/uploads\\\/2024\\\/04\\\/0815ce7b21d9d0dea129a9f91db5f76c.jpg\",\"keywords\":[\"d\u00e9ficit\",\"\u00e9nergie\",\"Gaz\",\"p\u00e9trole\",\"Tunisie\"],\"articleSection\":[\"National\"],\"inLanguage\":\"fr-FR\"},{\"@type\":\"WebPage\",\"@id\":\"https:\\\/\\\/www.webdo.tn\\\/fr\\\/actualite\\\/national\\\/le-deficit-de-la-balance-energetique-se-creuse\\\/213489\\\/\",\"url\":\"https:\\\/\\\/www.webdo.tn\\\/fr\\\/actualite\\\/national\\\/le-deficit-de-la-balance-energetique-se-creuse\\\/213489\\\/\",\"name\":\"Le d\u00e9ficit de la balance \u00e9nerg\u00e9tique se creuse\",\"isPartOf\":{\"@id\":\"https:\\\/\\\/www.webdo.tn\\\/fr\\\/#website\"},\"primaryImageOfPage\":{\"@id\":\"https:\\\/\\\/www.webdo.tn\\\/fr\\\/actualite\\\/national\\\/le-deficit-de-la-balance-energetique-se-creuse\\\/213489\\\/#primaryimage\"},\"image\":{\"@id\":\"https:\\\/\\\/www.webdo.tn\\\/fr\\\/actualite\\\/national\\\/le-deficit-de-la-balance-energetique-se-creuse\\\/213489\\\/#primaryimage\"},\"thumbnailUrl\":\"https:\\\/\\\/www.webdo.tn\\\/fr\\\/wp-content\\\/uploads\\\/2024\\\/04\\\/0815ce7b21d9d0dea129a9f91db5f76c.jpg\",\"datePublished\":\"2024-04-11T13:23:00+00:00\",\"description\":\"Les ressources nationales en \u00e9nergie primaire ont enregistr\u00e9 une baisse de 12%, depuis le d\u00e9but de l'ann\u00e9e 2024, selon le dernier rapport publi\u00e9 par l'Observato...\",\"breadcrumb\":{\"@id\":\"https:\\\/\\\/www.webdo.tn\\\/fr\\\/actualite\\\/national\\\/le-deficit-de-la-balance-energetique-se-creuse\\\/213489\\\/#breadcrumb\"},\"inLanguage\":\"fr-FR\",\"potentialAction\":[{\"@type\":\"ReadAction\",\"target\":[\"https:\\\/\\\/www.webdo.tn\\\/fr\\\/actualite\\\/national\\\/le-deficit-de-la-balance-energetique-se-creuse\\\/213489\\\/\"]}]},{\"@type\":\"ImageObject\",\"inLanguage\":\"fr-FR\",\"@id\":\"https:\\\/\\\/www.webdo.tn\\\/fr\\\/actualite\\\/national\\\/le-deficit-de-la-balance-energetique-se-creuse\\\/213489\\\/#primaryimage\",\"url\":\"https:\\\/\\\/www.webdo.tn\\\/fr\\\/wp-content\\\/uploads\\\/2024\\\/04\\\/0815ce7b21d9d0dea129a9f91db5f76c.jpg\",\"contentUrl\":\"https:\\\/\\\/www.webdo.tn\\\/fr\\\/wp-content\\\/uploads\\\/2024\\\/04\\\/0815ce7b21d9d0dea129a9f91db5f76c.jpg\",\"width\":750,\"height\":400,\"caption\":\"Le d\u00e9ficit de la balance \u00e9nerg\u00e9tique se creuse\"},{\"@type\":\"BreadcrumbList\",\"@id\":\"https:\\\/\\\/www.webdo.tn\\\/fr\\\/actualite\\\/national\\\/le-deficit-de-la-balance-energetique-se-creuse\\\/213489\\\/#breadcrumb\",\"itemListElement\":[{\"@type\":\"ListItem\",\"position\":1,\"name\":\"Accueil\",\"item\":\"https:\\\/\\\/www.webdo.tn\\\/fr\\\/\"},{\"@type\":\"ListItem\",\"position\":2,\"name\":\"Le d\u00e9ficit de la balance \u00e9nerg\u00e9tique se creuse\"}]},{\"@type\":\"WebSite\",\"@id\":\"https:\\\/\\\/www.webdo.tn\\\/fr\\\/#website\",\"url\":\"https:\\\/\\\/www.webdo.tn\\\/fr\\\/\",\"name\":\"webdo\",\"description\":\"Tunisie - News en Tunisie et \u00e0 l&#039;international sur Webdo.tn\",\"publisher\":{\"@id\":\"https:\\\/\\\/www.webdo.tn\\\/fr\\\/#organization\"},\"potentialAction\":[{\"@type\":\"SearchAction\",\"target\":{\"@type\":\"EntryPoint\",\"urlTemplate\":\"https:\\\/\\\/www.webdo.tn\\\/fr\\\/?s={search_term_string}\"},\"query-input\":{\"@type\":\"PropertyValueSpecification\",\"valueRequired\":true,\"valueName\":\"search_term_string\"}}],\"inLanguage\":\"fr-FR\"},{\"@type\":\"Organization\",\"@id\":\"https:\\\/\\\/www.webdo.tn\\\/fr\\\/#organization\",\"name\":\"Webdo\",\"alternateName\":\"Webdo.tn\",\"url\":\"https:\\\/\\\/www.webdo.tn\\\/fr\\\/\",\"logo\":{\"@type\":\"ImageObject\",\"inLanguage\":\"fr-FR\",\"@id\":\"https:\\\/\\\/www.webdo.tn\\\/fr\\\/#\\\/schema\\\/logo\\\/image\\\/\",\"url\":\"https:\\\/\\\/www.webdo.tn\\\/fr\\\/wp-content\\\/uploads\\\/2025\\\/06\\\/Webdo-Tunisie_168377.jpg\",\"contentUrl\":\"https:\\\/\\\/www.webdo.tn\\\/fr\\\/wp-content\\\/uploads\\\/2025\\\/06\\\/Webdo-Tunisie_168377.jpg\",\"width\":301,\"height\":301,\"caption\":\"Webdo\"},\"image\":{\"@id\":\"https:\\\/\\\/www.webdo.tn\\\/fr\\\/#\\\/schema\\\/logo\\\/image\\\/\"},\"sameAs\":[\"https:\\\/\\\/www.facebook.com\\\/webdotn\",\"https:\\\/\\\/x.com\\\/webdo_tn\"],\"description\":\"Webdo est un m\u00e9dia num\u00e9rique tunisien fond\u00e9 en 2010, sp\u00e9cialis\u00e9 dans l\u2019actualit\u00e9 nationale et internationale, l\u2019\u00e9conomie, la soci\u00e9t\u00e9 et les analyses politiques. Le site s\u2019adresse \u00e0 un large public francophone et couvre l\u2019information tunisienne en temps r\u00e9el.\",\"email\":\"redac@webdo.tn\",\"legalName\":\"YNJ SARL\",\"foundingDate\":\"2010-09-06\",\"numberOfEmployees\":{\"@type\":\"QuantitativeValue\",\"minValue\":\"11\",\"maxValue\":\"50\"}},{\"@type\":\"Person\",\"@id\":\"https:\\\/\\\/www.webdo.tn\\\/fr\\\/#\\\/schema\\\/person\\\/1f4e491e0907b413d61089e8eb573acc\",\"name\":\"Webdo\",\"image\":{\"@type\":\"ImageObject\",\"inLanguage\":\"fr-FR\",\"@id\":\"https:\\\/\\\/secure.gravatar.com\\\/avatar\\\/de97aeec1bb80978a9dbb127e47dfc88aaacb2f3c29aac907d8d3222e3495d49?s=96&d=mm&r=g\",\"url\":\"https:\\\/\\\/secure.gravatar.com\\\/avatar\\\/de97aeec1bb80978a9dbb127e47dfc88aaacb2f3c29aac907d8d3222e3495d49?s=96&d=mm&r=g\",\"contentUrl\":\"https:\\\/\\\/secure.gravatar.com\\\/avatar\\\/de97aeec1bb80978a9dbb127e47dfc88aaacb2f3c29aac907d8d3222e3495d49?s=96&d=mm&r=g\",\"caption\":\"Webdo\"},\"url\":\"https:\\\/\\\/www.webdo.tn\\\/fr\\\/actualite\\\/author\\\/webdo\\\/\"}]}<\/script>\n<!-- \/ Yoast SEO Premium plugin. -->","yoast_head_json":{"title":"Le d\u00e9ficit de la balance \u00e9nerg\u00e9tique se creuse","description":"Les ressources nationales en \u00e9nergie primaire ont enregistr\u00e9 une baisse de 12%, depuis le d\u00e9but de l'ann\u00e9e 2024, selon le dernier rapport publi\u00e9 par l'Observato...","canonical":"https:\/\/www.webdo.tn\/fr\/actualite\/national\/le-deficit-de-la-balance-energetique-se-creuse\/213489\/","og_locale":"fr_FR","og_type":"article","og_title":"Le d\u00e9ficit de la balance \u00e9nerg\u00e9tique se creuse","og_description":"Les ressources nationales en \u00e9nergie primaire ont enregistr\u00e9 une baisse de 12%, depuis le d\u00e9but de l'ann\u00e9e 2024, selon le dernier rapport publi\u00e9 par l'Observato...","og_url":"https:\/\/www.webdo.tn\/fr\/actualite\/national\/le-deficit-de-la-balance-energetique-se-creuse\/213489\/","og_site_name":"webdo","article_publisher":"https:\/\/www.facebook.com\/webdotn","article_published_time":"2024-04-11T13:23:00+00:00","og_image":[{"width":750,"height":400,"url":"https:\/\/www.webdo.tn\/fr\/wp-content\/uploads\/2024\/04\/0815ce7b21d9d0dea129a9f91db5f76c.jpg","type":"image\/jpeg"}],"author":"Webdo","twitter_card":"summary_large_image","twitter_creator":"@webdo_tn","twitter_site":"@webdo_tn","twitter_misc":{"\u00c9crit par":"Webdo","Dur\u00e9e de lecture estim\u00e9e":"1 minute"},"schema":{"@context":"https:\/\/schema.org","@graph":[{"@type":"NewsArticle","@id":"https:\/\/www.webdo.tn\/fr\/actualite\/national\/le-deficit-de-la-balance-energetique-se-creuse\/213489\/#article","isPartOf":{"@id":"https:\/\/www.webdo.tn\/fr\/actualite\/national\/le-deficit-de-la-balance-energetique-se-creuse\/213489\/"},"author":{"name":"Webdo","@id":"https:\/\/www.webdo.tn\/fr\/#\/schema\/person\/1f4e491e0907b413d61089e8eb573acc"},"headline":"Le d\u00e9ficit de la balance \u00e9nerg\u00e9tique se creuse","datePublished":"2024-04-11T13:23:00+00:00","mainEntityOfPage":{"@id":"https:\/\/www.webdo.tn\/fr\/actualite\/national\/le-deficit-de-la-balance-energetique-se-creuse\/213489\/"},"wordCount":176,"commentCount":0,"publisher":{"@id":"https:\/\/www.webdo.tn\/fr\/#organization"},"image":{"@id":"https:\/\/www.webdo.tn\/fr\/actualite\/national\/le-deficit-de-la-balance-energetique-se-creuse\/213489\/#primaryimage"},"thumbnailUrl":"https:\/\/www.webdo.tn\/fr\/wp-content\/uploads\/2024\/04\/0815ce7b21d9d0dea129a9f91db5f76c.jpg","keywords":["d\u00e9ficit","\u00e9nergie","Gaz","p\u00e9trole","Tunisie"],"articleSection":["National"],"inLanguage":"fr-FR"},{"@type":"WebPage","@id":"https:\/\/www.webdo.tn\/fr\/actualite\/national\/le-deficit-de-la-balance-energetique-se-creuse\/213489\/","url":"https:\/\/www.webdo.tn\/fr\/actualite\/national\/le-deficit-de-la-balance-energetique-se-creuse\/213489\/","name":"Le d\u00e9ficit de la balance \u00e9nerg\u00e9tique se creuse","isPartOf":{"@id":"https:\/\/www.webdo.tn\/fr\/#website"},"primaryImageOfPage":{"@id":"https:\/\/www.webdo.tn\/fr\/actualite\/national\/le-deficit-de-la-balance-energetique-se-creuse\/213489\/#primaryimage"},"image":{"@id":"https:\/\/www.webdo.tn\/fr\/actualite\/national\/le-deficit-de-la-balance-energetique-se-creuse\/213489\/#primaryimage"},"thumbnailUrl":"https:\/\/www.webdo.tn\/fr\/wp-content\/uploads\/2024\/04\/0815ce7b21d9d0dea129a9f91db5f76c.jpg","datePublished":"2024-04-11T13:23:00+00:00","description":"Les ressources nationales en \u00e9nergie primaire ont enregistr\u00e9 une baisse de 12%, depuis le d\u00e9but de l'ann\u00e9e 2024, selon le dernier rapport publi\u00e9 par l'Observato...","breadcrumb":{"@id":"https:\/\/www.webdo.tn\/fr\/actualite\/national\/le-deficit-de-la-balance-energetique-se-creuse\/213489\/#breadcrumb"},"inLanguage":"fr-FR","potentialAction":[{"@type":"ReadAction","target":["https:\/\/www.webdo.tn\/fr\/actualite\/national\/le-deficit-de-la-balance-energetique-se-creuse\/213489\/"]}]},{"@type":"ImageObject","inLanguage":"fr-FR","@id":"https:\/\/www.webdo.tn\/fr\/actualite\/national\/le-deficit-de-la-balance-energetique-se-creuse\/213489\/#primaryimage","url":"https:\/\/www.webdo.tn\/fr\/wp-content\/uploads\/2024\/04\/0815ce7b21d9d0dea129a9f91db5f76c.jpg","contentUrl":"https:\/\/www.webdo.tn\/fr\/wp-content\/uploads\/2024\/04\/0815ce7b21d9d0dea129a9f91db5f76c.jpg","width":750,"height":400,"caption":"Le d\u00e9ficit de la balance \u00e9nerg\u00e9tique se creuse"},{"@type":"BreadcrumbList","@id":"https:\/\/www.webdo.tn\/fr\/actualite\/national\/le-deficit-de-la-balance-energetique-se-creuse\/213489\/#breadcrumb","itemListElement":[{"@type":"ListItem","position":1,"name":"Accueil","item":"https:\/\/www.webdo.tn\/fr\/"},{"@type":"ListItem","position":2,"name":"Le d\u00e9ficit de la balance \u00e9nerg\u00e9tique se creuse"}]},{"@type":"WebSite","@id":"https:\/\/www.webdo.tn\/fr\/#website","url":"https:\/\/www.webdo.tn\/fr\/","name":"webdo","description":"Tunisie - News en Tunisie et \u00e0 l&#039;international sur Webdo.tn","publisher":{"@id":"https:\/\/www.webdo.tn\/fr\/#organization"},"potentialAction":[{"@type":"SearchAction","target":{"@type":"EntryPoint","urlTemplate":"https:\/\/www.webdo.tn\/fr\/?s={search_term_string}"},"query-input":{"@type":"PropertyValueSpecification","valueRequired":true,"valueName":"search_term_string"}}],"inLanguage":"fr-FR"},{"@type":"Organization","@id":"https:\/\/www.webdo.tn\/fr\/#organization","name":"Webdo","alternateName":"Webdo.tn","url":"https:\/\/www.webdo.tn\/fr\/","logo":{"@type":"ImageObject","inLanguage":"fr-FR","@id":"https:\/\/www.webdo.tn\/fr\/#\/schema\/logo\/image\/","url":"https:\/\/www.webdo.tn\/fr\/wp-content\/uploads\/2025\/06\/Webdo-Tunisie_168377.jpg","contentUrl":"https:\/\/www.webdo.tn\/fr\/wp-content\/uploads\/2025\/06\/Webdo-Tunisie_168377.jpg","width":301,"height":301,"caption":"Webdo"},"image":{"@id":"https:\/\/www.webdo.tn\/fr\/#\/schema\/logo\/image\/"},"sameAs":["https:\/\/www.facebook.com\/webdotn","https:\/\/x.com\/webdo_tn"],"description":"Webdo est un m\u00e9dia num\u00e9rique tunisien fond\u00e9 en 2010, sp\u00e9cialis\u00e9 dans l\u2019actualit\u00e9 nationale et internationale, l\u2019\u00e9conomie, la soci\u00e9t\u00e9 et les analyses politiques. Le site s\u2019adresse \u00e0 un large public francophone et couvre l\u2019information tunisienne en temps r\u00e9el.","email":"redac@webdo.tn","legalName":"YNJ SARL","foundingDate":"2010-09-06","numberOfEmployees":{"@type":"QuantitativeValue","minValue":"11","maxValue":"50"}},{"@type":"Person","@id":"https:\/\/www.webdo.tn\/fr\/#\/schema\/person\/1f4e491e0907b413d61089e8eb573acc","name":"Webdo","image":{"@type":"ImageObject","inLanguage":"fr-FR","@id":"https:\/\/secure.gravatar.com\/avatar\/de97aeec1bb80978a9dbb127e47dfc88aaacb2f3c29aac907d8d3222e3495d49?s=96&d=mm&r=g","url":"https:\/\/secure.gravatar.com\/avatar\/de97aeec1bb80978a9dbb127e47dfc88aaacb2f3c29aac907d8d3222e3495d49?s=96&d=mm&r=g","contentUrl":"https:\/\/secure.gravatar.com\/avatar\/de97aeec1bb80978a9dbb127e47dfc88aaacb2f3c29aac907d8d3222e3495d49?s=96&d=mm&r=g","caption":"Webdo"},"url":"https:\/\/www.webdo.tn\/fr\/actualite\/author\/webdo\/"}]}},"_links":{"self":[{"href":"https:\/\/www.webdo.tn\/fr\/wp-json\/wp\/v2\/posts\/213489","targetHints":{"allow":["GET"]}}],"collection":[{"href":"https:\/\/www.webdo.tn\/fr\/wp-json\/wp\/v2\/posts"}],"about":[{"href":"https:\/\/www.webdo.tn\/fr\/wp-json\/wp\/v2\/types\/post"}],"author":[{"embeddable":true,"href":"https:\/\/www.webdo.tn\/fr\/wp-json\/wp\/v2\/users\/3169"}],"replies":[{"embeddable":true,"href":"https:\/\/www.webdo.tn\/fr\/wp-json\/wp\/v2\/comments?post=213489"}],"version-history":[{"count":0,"href":"https:\/\/www.webdo.tn\/fr\/wp-json\/wp\/v2\/posts\/213489\/revisions"}],"wp:featuredmedia":[{"embeddable":true,"href":"https:\/\/www.webdo.tn\/fr\/wp-json\/wp\/v2\/media\/290466"}],"wp:attachment":[{"href":"https:\/\/www.webdo.tn\/fr\/wp-json\/wp\/v2\/media?parent=213489"}],"wp:term":[{"taxonomy":"category","embeddable":true,"href":"https:\/\/www.webdo.tn\/fr\/wp-json\/wp\/v2\/categories?post=213489"},{"taxonomy":"post_tag","embeddable":true,"href":"https:\/\/www.webdo.tn\/fr\/wp-json\/wp\/v2\/tags?post=213489"}],"curies":[{"name":"wp","href":"https:\/\/api.w.org\/{rel}","templated":true}]}}