{"id":213481,"date":"2024-04-10T10:23:00","date_gmt":"2024-04-10T10:23:00","guid":{"rendered":"https:\/\/www.webdo.tn\/fr\/blog\/milan-une-tunisienne-beneficie-d-une-protection-contre-le-risque-de-torture-en-tunisie\/213481\/"},"modified":"2025-05-20T22:53:37","modified_gmt":"2025-05-20T22:53:37","slug":"milan-une-tunisienne-beneficie-d-une-protection-contre-le-risque-de-torture-en-tunisie","status":"publish","type":"post","link":"https:\/\/www.webdo.tn\/fr\/actualite\/international\/milan-une-tunisienne-beneficie-d-une-protection-contre-le-risque-de-torture-en-tunisie\/213481\/","title":{"rendered":"Milan : Une Tunisienne b\u00e9n\u00e9ficie d&rsquo;une \u00ab protection \u00bb contre le risque de torture en Tunisie"},"content":{"rendered":"<p>Une femme qui a fui la Tunisie avec ses filles parce qu&rsquo;elle risquait d&rsquo;\u00eatre arr\u00eat\u00e9e en raison de dettes pr\u00e9sum\u00e9es impay\u00e9es a b\u00e9n\u00e9fici\u00e9 d&rsquo;une protection subsidiaire par un tribunal de Milan en Italie.\u00a0<\/p>\n<p>Le juge a jug\u00e9 que le quinquag\u00e9naire risquait d&rsquo;\u00eatre soumise \u00e0 des \u00ab tortures \u00bb et \u00e0 des \u00ab traitements inhumains et d\u00e9gradants \u00bb pendant son incarc\u00e9ration, ont indiqu\u00e9 le 7 avril des sources judiciaires, cit\u00e9 par InfoMigrants.\u00a0<\/p>\n<p>La section sp\u00e9ciale d&rsquo;immigration du tribunal de Milan a accord\u00e9 une protection sp\u00e9ciale \u00e0 une femme tunisienne de 50 ans car elle risquait la \u00ab\u00a0torture\u00a0\u00bb et les \u00ab\u00a0traitements inhumains et d\u00e9gradants\u00a0\u00bb si elle \u00e9tait d\u00e9tenue en Tunisie pour ses dettes impay\u00e9es.<\/p>\n<p>\u00ab\u00a0L&#8217;emprisonnement pour dette\u00a0\u00bb a \u00e9t\u00e9 aboli en Italie il y a plus de 150 ans, a d\u00e9clar\u00e9 le juge. Pour ces raisons, ainsi que \u00ab\u00a0l&rsquo;\u00e9tat dramatique\u00a0\u00bb des prisons en Tunisie et le risque d&rsquo;abus policiers, le tribunal a accord\u00e9 une protection subsidiaire \u00e0 la femme qui a fui le pays avec ses filles contre le risque s\u00e9rieux d&rsquo;\u00eatre arr\u00eat\u00e9e pour non-paiement de ses dettes.\u00a0<\/p>\n<p>Le juge milanais Pietro Caccialanza a \u00e9crit dans son verdict que la femme, son mari &#8211; dont elle a depuis divorc\u00e9 &#8211; et d&rsquo;autres personnes, ont remis leurs documents pour une pr\u00e9tendue initiative li\u00e9e \u00e0 la cr\u00e9ation d&rsquo;un nouveau parti, suite au conseil d&rsquo;un ami.<\/p>\n<p>Selon les documents judiciaires, le parti a re\u00e7u un financement public pour une campagne \u00e9lectorale : plus de cinq millions de dinars ont \u00e9t\u00e9 vers\u00e9s par le minist\u00e8re de l&rsquo;Int\u00e9rieur sur le compte bancaire du pr\u00e9sident autoproclam\u00e9 du parti, qui a ensuite fui \u00e0 Abu Dhabi avec l&rsquo;argent.\u00a0<\/p>\n<p>La femme en question avec environ 10 autres personnes, a ensuite d\u00e9couvert qu&rsquo;elle avait \u00e9t\u00e9 inscrite en tant que promotrice et candidate du parti qu&rsquo;elle ne connaissait pas et assumait l\u00e9galement la responsabilit\u00e9 de la restitution de ces fonds.<\/p>\n","protected":false},"excerpt":{"rendered":"<p>Le juge a jug\u00e9 que le quinquag\u00e9naire risquait d&rsquo;\u00eatre soumise \u00e0 des \u00ab tortures \u00bb et \u00e0 des \u00ab traitements inhumains et d\u00e9gradants \u00bb pendant son incarc\u00e9ration, ont&#8230;<\/p>\n","protected":false},"author":3175,"featured_media":290462,"comment_status":"open","ping_status":"closed","sticky":false,"template":"","format":"standard","meta":{"footnotes":""},"categories":[2598],"tags":[2660,2608,3903],"class_list":["post-213481","post","type-post","status-publish","format-standard","has-post-thumbnail","hentry","category-international","tag-italie","tag-tunisie","tag-tunisienne"],"yoast_head":"<!-- This site is optimized with the Yoast SEO Premium plugin v27.4 (Yoast SEO v27.4) - https:\/\/yoast.com\/product\/yoast-seo-premium-wordpress\/ -->\n<title>Milan : Une Tunisienne b\u00e9n\u00e9ficie d&#039;une \u00ab protection \u00bb contre le risque de torture en Tunisie<\/title>\n<meta name=\"description\" content=\"Le juge a jug\u00e9 que le quinquag\u00e9naire risquait d&#039;\u00eatre soumise \u00e0 des \u00ab tortures \u00bb et \u00e0 des \u00ab traitements inhumains et d\u00e9gradants \u00bb pendant son incarc\u00e9ration, ont...\" \/>\n<link rel=\"canonical\" href=\"https:\/\/www.webdo.tn\/fr\/actualite\/international\/milan-une-tunisienne-beneficie-d-une-protection-contre-le-risque-de-torture-en-tunisie\/213481\/\" \/>\n<meta property=\"og:locale\" content=\"fr_FR\" \/>\n<meta property=\"og:type\" content=\"article\" \/>\n<meta property=\"og:title\" content=\"Milan : Une Tunisienne b\u00e9n\u00e9ficie d&#039;une \u00ab protection \u00bb contre le risque de torture en Tunisie\" \/>\n<meta property=\"og:description\" content=\"Le juge a jug\u00e9 que le quinquag\u00e9naire risquait d&#039;\u00eatre soumise \u00e0 des \u00ab tortures \u00bb et \u00e0 des \u00ab traitements inhumains et d\u00e9gradants \u00bb pendant son incarc\u00e9ration, ont...\" \/>\n<meta property=\"og:url\" content=\"https:\/\/www.webdo.tn\/fr\/actualite\/international\/milan-une-tunisienne-beneficie-d-une-protection-contre-le-risque-de-torture-en-tunisie\/213481\/\" \/>\n<meta property=\"og:site_name\" content=\"webdo\" \/>\n<meta property=\"article:publisher\" content=\"https:\/\/www.facebook.com\/webdotn\" \/>\n<meta property=\"article:published_time\" content=\"2024-04-10T10:23:00+00:00\" \/>\n<meta property=\"article:modified_time\" content=\"2025-05-20T22:53:37+00:00\" \/>\n<meta property=\"og:image\" content=\"https:\/\/www.webdo.tn\/fr\/wp-content\/uploads\/2024\/04\/85f73f749e2e5891c97709b1eff63b62.jpg\" \/>\n\t<meta property=\"og:image:width\" content=\"750\" \/>\n\t<meta property=\"og:image:height\" content=\"400\" \/>\n\t<meta property=\"og:image:type\" content=\"image\/jpeg\" \/>\n<meta name=\"author\" content=\"CL\" \/>\n<meta name=\"twitter:card\" content=\"summary_large_image\" \/>\n<meta name=\"twitter:creator\" content=\"@webdo_tn\" \/>\n<meta name=\"twitter:site\" content=\"@webdo_tn\" \/>\n<meta name=\"twitter:label1\" content=\"\u00c9crit par\" \/>\n\t<meta name=\"twitter:data1\" content=\"CL\" \/>\n\t<meta name=\"twitter:label2\" content=\"Dur\u00e9e de lecture estim\u00e9e\" \/>\n\t<meta name=\"twitter:data2\" content=\"2 minutes\" \/>\n<script type=\"application\/ld+json\" class=\"yoast-schema-graph\">{\"@context\":\"https:\\\/\\\/schema.org\",\"@graph\":[{\"@type\":\"NewsArticle\",\"@id\":\"https:\\\/\\\/www.webdo.tn\\\/fr\\\/actualite\\\/international\\\/milan-une-tunisienne-beneficie-d-une-protection-contre-le-risque-de-torture-en-tunisie\\\/213481\\\/#article\",\"isPartOf\":{\"@id\":\"https:\\\/\\\/www.webdo.tn\\\/fr\\\/actualite\\\/international\\\/milan-une-tunisienne-beneficie-d-une-protection-contre-le-risque-de-torture-en-tunisie\\\/213481\\\/\"},\"author\":{\"name\":\"CL\",\"@id\":\"https:\\\/\\\/www.webdo.tn\\\/fr\\\/#\\\/schema\\\/person\\\/f35b42a42c5e2511bbd282959d6385cc\"},\"headline\":\"Milan : Une Tunisienne b\u00e9n\u00e9ficie d&rsquo;une \u00ab protection \u00bb contre le risque de torture en Tunisie\",\"datePublished\":\"2024-04-10T10:23:00+00:00\",\"dateModified\":\"2025-05-20T22:53:37+00:00\",\"mainEntityOfPage\":{\"@id\":\"https:\\\/\\\/www.webdo.tn\\\/fr\\\/actualite\\\/international\\\/milan-une-tunisienne-beneficie-d-une-protection-contre-le-risque-de-torture-en-tunisie\\\/213481\\\/\"},\"wordCount\":354,\"commentCount\":0,\"publisher\":{\"@id\":\"https:\\\/\\\/www.webdo.tn\\\/fr\\\/#organization\"},\"image\":{\"@id\":\"https:\\\/\\\/www.webdo.tn\\\/fr\\\/actualite\\\/international\\\/milan-une-tunisienne-beneficie-d-une-protection-contre-le-risque-de-torture-en-tunisie\\\/213481\\\/#primaryimage\"},\"thumbnailUrl\":\"https:\\\/\\\/www.webdo.tn\\\/fr\\\/wp-content\\\/uploads\\\/2024\\\/04\\\/85f73f749e2e5891c97709b1eff63b62.jpg\",\"keywords\":[\"Italie\",\"Tunisie\",\"Tunisienne\"],\"articleSection\":[\"International\"],\"inLanguage\":\"fr-FR\"},{\"@type\":\"WebPage\",\"@id\":\"https:\\\/\\\/www.webdo.tn\\\/fr\\\/actualite\\\/international\\\/milan-une-tunisienne-beneficie-d-une-protection-contre-le-risque-de-torture-en-tunisie\\\/213481\\\/\",\"url\":\"https:\\\/\\\/www.webdo.tn\\\/fr\\\/actualite\\\/international\\\/milan-une-tunisienne-beneficie-d-une-protection-contre-le-risque-de-torture-en-tunisie\\\/213481\\\/\",\"name\":\"Milan : Une Tunisienne b\u00e9n\u00e9ficie d'une \u00ab protection \u00bb contre le risque de torture en Tunisie\",\"isPartOf\":{\"@id\":\"https:\\\/\\\/www.webdo.tn\\\/fr\\\/#website\"},\"primaryImageOfPage\":{\"@id\":\"https:\\\/\\\/www.webdo.tn\\\/fr\\\/actualite\\\/international\\\/milan-une-tunisienne-beneficie-d-une-protection-contre-le-risque-de-torture-en-tunisie\\\/213481\\\/#primaryimage\"},\"image\":{\"@id\":\"https:\\\/\\\/www.webdo.tn\\\/fr\\\/actualite\\\/international\\\/milan-une-tunisienne-beneficie-d-une-protection-contre-le-risque-de-torture-en-tunisie\\\/213481\\\/#primaryimage\"},\"thumbnailUrl\":\"https:\\\/\\\/www.webdo.tn\\\/fr\\\/wp-content\\\/uploads\\\/2024\\\/04\\\/85f73f749e2e5891c97709b1eff63b62.jpg\",\"datePublished\":\"2024-04-10T10:23:00+00:00\",\"dateModified\":\"2025-05-20T22:53:37+00:00\",\"description\":\"Le juge a jug\u00e9 que le quinquag\u00e9naire risquait d'\u00eatre soumise \u00e0 des \u00ab tortures \u00bb et \u00e0 des \u00ab traitements inhumains et d\u00e9gradants \u00bb pendant son incarc\u00e9ration, ont...\",\"breadcrumb\":{\"@id\":\"https:\\\/\\\/www.webdo.tn\\\/fr\\\/actualite\\\/international\\\/milan-une-tunisienne-beneficie-d-une-protection-contre-le-risque-de-torture-en-tunisie\\\/213481\\\/#breadcrumb\"},\"inLanguage\":\"fr-FR\",\"potentialAction\":[{\"@type\":\"ReadAction\",\"target\":[\"https:\\\/\\\/www.webdo.tn\\\/fr\\\/actualite\\\/international\\\/milan-une-tunisienne-beneficie-d-une-protection-contre-le-risque-de-torture-en-tunisie\\\/213481\\\/\"]}]},{\"@type\":\"ImageObject\",\"inLanguage\":\"fr-FR\",\"@id\":\"https:\\\/\\\/www.webdo.tn\\\/fr\\\/actualite\\\/international\\\/milan-une-tunisienne-beneficie-d-une-protection-contre-le-risque-de-torture-en-tunisie\\\/213481\\\/#primaryimage\",\"url\":\"https:\\\/\\\/www.webdo.tn\\\/fr\\\/wp-content\\\/uploads\\\/2024\\\/04\\\/85f73f749e2e5891c97709b1eff63b62.jpg\",\"contentUrl\":\"https:\\\/\\\/www.webdo.tn\\\/fr\\\/wp-content\\\/uploads\\\/2024\\\/04\\\/85f73f749e2e5891c97709b1eff63b62.jpg\",\"width\":750,\"height\":400,\"caption\":\"Milan : Une Tunisienne b\u00e9n\u00e9ficie d'une \u00ab protection \u00bb contre le risque de torture en Tunisie\"},{\"@type\":\"BreadcrumbList\",\"@id\":\"https:\\\/\\\/www.webdo.tn\\\/fr\\\/actualite\\\/international\\\/milan-une-tunisienne-beneficie-d-une-protection-contre-le-risque-de-torture-en-tunisie\\\/213481\\\/#breadcrumb\",\"itemListElement\":[{\"@type\":\"ListItem\",\"position\":1,\"name\":\"Accueil\",\"item\":\"https:\\\/\\\/www.webdo.tn\\\/fr\\\/\"},{\"@type\":\"ListItem\",\"position\":2,\"name\":\"Milan : Une Tunisienne b\u00e9n\u00e9ficie d&rsquo;une \u00ab protection \u00bb contre le risque de torture en Tunisie\"}]},{\"@type\":\"WebSite\",\"@id\":\"https:\\\/\\\/www.webdo.tn\\\/fr\\\/#website\",\"url\":\"https:\\\/\\\/www.webdo.tn\\\/fr\\\/\",\"name\":\"webdo\",\"description\":\"Tunisie - News en Tunisie et \u00e0 l&#039;international sur Webdo.tn\",\"publisher\":{\"@id\":\"https:\\\/\\\/www.webdo.tn\\\/fr\\\/#organization\"},\"potentialAction\":[{\"@type\":\"SearchAction\",\"target\":{\"@type\":\"EntryPoint\",\"urlTemplate\":\"https:\\\/\\\/www.webdo.tn\\\/fr\\\/?s={search_term_string}\"},\"query-input\":{\"@type\":\"PropertyValueSpecification\",\"valueRequired\":true,\"valueName\":\"search_term_string\"}}],\"inLanguage\":\"fr-FR\"},{\"@type\":\"Organization\",\"@id\":\"https:\\\/\\\/www.webdo.tn\\\/fr\\\/#organization\",\"name\":\"Webdo\",\"alternateName\":\"Webdo.tn\",\"url\":\"https:\\\/\\\/www.webdo.tn\\\/fr\\\/\",\"logo\":{\"@type\":\"ImageObject\",\"inLanguage\":\"fr-FR\",\"@id\":\"https:\\\/\\\/www.webdo.tn\\\/fr\\\/#\\\/schema\\\/logo\\\/image\\\/\",\"url\":\"https:\\\/\\\/www.webdo.tn\\\/fr\\\/wp-content\\\/uploads\\\/2025\\\/06\\\/Webdo-Tunisie_168377.jpg\",\"contentUrl\":\"https:\\\/\\\/www.webdo.tn\\\/fr\\\/wp-content\\\/uploads\\\/2025\\\/06\\\/Webdo-Tunisie_168377.jpg\",\"width\":301,\"height\":301,\"caption\":\"Webdo\"},\"image\":{\"@id\":\"https:\\\/\\\/www.webdo.tn\\\/fr\\\/#\\\/schema\\\/logo\\\/image\\\/\"},\"sameAs\":[\"https:\\\/\\\/www.facebook.com\\\/webdotn\",\"https:\\\/\\\/x.com\\\/webdo_tn\"],\"description\":\"Webdo est un m\u00e9dia num\u00e9rique tunisien fond\u00e9 en 2010, sp\u00e9cialis\u00e9 dans l\u2019actualit\u00e9 nationale et internationale, l\u2019\u00e9conomie, la soci\u00e9t\u00e9 et les analyses politiques. Le site s\u2019adresse \u00e0 un large public francophone et couvre l\u2019information tunisienne en temps r\u00e9el.\",\"email\":\"redac@webdo.tn\",\"legalName\":\"YNJ SARL\",\"foundingDate\":\"2010-09-06\",\"numberOfEmployees\":{\"@type\":\"QuantitativeValue\",\"minValue\":\"11\",\"maxValue\":\"50\"}},{\"@type\":\"Person\",\"@id\":\"https:\\\/\\\/www.webdo.tn\\\/fr\\\/#\\\/schema\\\/person\\\/f35b42a42c5e2511bbd282959d6385cc\",\"name\":\"CL\",\"image\":{\"@type\":\"ImageObject\",\"inLanguage\":\"fr-FR\",\"@id\":\"https:\\\/\\\/secure.gravatar.com\\\/avatar\\\/1447a49909b67aa657c488aec6512e1dd6143a480c1ecfee9b5b5cd74eb3b59e?s=96&d=mm&r=g\",\"url\":\"https:\\\/\\\/secure.gravatar.com\\\/avatar\\\/1447a49909b67aa657c488aec6512e1dd6143a480c1ecfee9b5b5cd74eb3b59e?s=96&d=mm&r=g\",\"contentUrl\":\"https:\\\/\\\/secure.gravatar.com\\\/avatar\\\/1447a49909b67aa657c488aec6512e1dd6143a480c1ecfee9b5b5cd74eb3b59e?s=96&d=mm&r=g\",\"caption\":\"CL\"},\"url\":\"https:\\\/\\\/www.webdo.tn\\\/fr\\\/actualite\\\/author\\\/cl\\\/\"}]}<\/script>\n<!-- \/ Yoast SEO Premium plugin. -->","yoast_head_json":{"title":"Milan : Une Tunisienne b\u00e9n\u00e9ficie d'une \u00ab protection \u00bb contre le risque de torture en Tunisie","description":"Le juge a jug\u00e9 que le quinquag\u00e9naire risquait d'\u00eatre soumise \u00e0 des \u00ab tortures \u00bb et \u00e0 des \u00ab traitements inhumains et d\u00e9gradants \u00bb pendant son incarc\u00e9ration, ont...","canonical":"https:\/\/www.webdo.tn\/fr\/actualite\/international\/milan-une-tunisienne-beneficie-d-une-protection-contre-le-risque-de-torture-en-tunisie\/213481\/","og_locale":"fr_FR","og_type":"article","og_title":"Milan : Une Tunisienne b\u00e9n\u00e9ficie d'une \u00ab protection \u00bb contre le risque de torture en Tunisie","og_description":"Le juge a jug\u00e9 que le quinquag\u00e9naire risquait d'\u00eatre soumise \u00e0 des \u00ab tortures \u00bb et \u00e0 des \u00ab traitements inhumains et d\u00e9gradants \u00bb pendant son incarc\u00e9ration, ont...","og_url":"https:\/\/www.webdo.tn\/fr\/actualite\/international\/milan-une-tunisienne-beneficie-d-une-protection-contre-le-risque-de-torture-en-tunisie\/213481\/","og_site_name":"webdo","article_publisher":"https:\/\/www.facebook.com\/webdotn","article_published_time":"2024-04-10T10:23:00+00:00","article_modified_time":"2025-05-20T22:53:37+00:00","og_image":[{"width":750,"height":400,"url":"https:\/\/www.webdo.tn\/fr\/wp-content\/uploads\/2024\/04\/85f73f749e2e5891c97709b1eff63b62.jpg","type":"image\/jpeg"}],"author":"CL","twitter_card":"summary_large_image","twitter_creator":"@webdo_tn","twitter_site":"@webdo_tn","twitter_misc":{"\u00c9crit par":"CL","Dur\u00e9e de lecture estim\u00e9e":"2 minutes"},"schema":{"@context":"https:\/\/schema.org","@graph":[{"@type":"NewsArticle","@id":"https:\/\/www.webdo.tn\/fr\/actualite\/international\/milan-une-tunisienne-beneficie-d-une-protection-contre-le-risque-de-torture-en-tunisie\/213481\/#article","isPartOf":{"@id":"https:\/\/www.webdo.tn\/fr\/actualite\/international\/milan-une-tunisienne-beneficie-d-une-protection-contre-le-risque-de-torture-en-tunisie\/213481\/"},"author":{"name":"CL","@id":"https:\/\/www.webdo.tn\/fr\/#\/schema\/person\/f35b42a42c5e2511bbd282959d6385cc"},"headline":"Milan : Une Tunisienne b\u00e9n\u00e9ficie d&rsquo;une \u00ab protection \u00bb contre le risque de torture en Tunisie","datePublished":"2024-04-10T10:23:00+00:00","dateModified":"2025-05-20T22:53:37+00:00","mainEntityOfPage":{"@id":"https:\/\/www.webdo.tn\/fr\/actualite\/international\/milan-une-tunisienne-beneficie-d-une-protection-contre-le-risque-de-torture-en-tunisie\/213481\/"},"wordCount":354,"commentCount":0,"publisher":{"@id":"https:\/\/www.webdo.tn\/fr\/#organization"},"image":{"@id":"https:\/\/www.webdo.tn\/fr\/actualite\/international\/milan-une-tunisienne-beneficie-d-une-protection-contre-le-risque-de-torture-en-tunisie\/213481\/#primaryimage"},"thumbnailUrl":"https:\/\/www.webdo.tn\/fr\/wp-content\/uploads\/2024\/04\/85f73f749e2e5891c97709b1eff63b62.jpg","keywords":["Italie","Tunisie","Tunisienne"],"articleSection":["International"],"inLanguage":"fr-FR"},{"@type":"WebPage","@id":"https:\/\/www.webdo.tn\/fr\/actualite\/international\/milan-une-tunisienne-beneficie-d-une-protection-contre-le-risque-de-torture-en-tunisie\/213481\/","url":"https:\/\/www.webdo.tn\/fr\/actualite\/international\/milan-une-tunisienne-beneficie-d-une-protection-contre-le-risque-de-torture-en-tunisie\/213481\/","name":"Milan : Une Tunisienne b\u00e9n\u00e9ficie d'une \u00ab protection \u00bb contre le risque de torture en Tunisie","isPartOf":{"@id":"https:\/\/www.webdo.tn\/fr\/#website"},"primaryImageOfPage":{"@id":"https:\/\/www.webdo.tn\/fr\/actualite\/international\/milan-une-tunisienne-beneficie-d-une-protection-contre-le-risque-de-torture-en-tunisie\/213481\/#primaryimage"},"image":{"@id":"https:\/\/www.webdo.tn\/fr\/actualite\/international\/milan-une-tunisienne-beneficie-d-une-protection-contre-le-risque-de-torture-en-tunisie\/213481\/#primaryimage"},"thumbnailUrl":"https:\/\/www.webdo.tn\/fr\/wp-content\/uploads\/2024\/04\/85f73f749e2e5891c97709b1eff63b62.jpg","datePublished":"2024-04-10T10:23:00+00:00","dateModified":"2025-05-20T22:53:37+00:00","description":"Le juge a jug\u00e9 que le quinquag\u00e9naire risquait d'\u00eatre soumise \u00e0 des \u00ab tortures \u00bb et \u00e0 des \u00ab traitements inhumains et d\u00e9gradants \u00bb pendant son incarc\u00e9ration, ont...","breadcrumb":{"@id":"https:\/\/www.webdo.tn\/fr\/actualite\/international\/milan-une-tunisienne-beneficie-d-une-protection-contre-le-risque-de-torture-en-tunisie\/213481\/#breadcrumb"},"inLanguage":"fr-FR","potentialAction":[{"@type":"ReadAction","target":["https:\/\/www.webdo.tn\/fr\/actualite\/international\/milan-une-tunisienne-beneficie-d-une-protection-contre-le-risque-de-torture-en-tunisie\/213481\/"]}]},{"@type":"ImageObject","inLanguage":"fr-FR","@id":"https:\/\/www.webdo.tn\/fr\/actualite\/international\/milan-une-tunisienne-beneficie-d-une-protection-contre-le-risque-de-torture-en-tunisie\/213481\/#primaryimage","url":"https:\/\/www.webdo.tn\/fr\/wp-content\/uploads\/2024\/04\/85f73f749e2e5891c97709b1eff63b62.jpg","contentUrl":"https:\/\/www.webdo.tn\/fr\/wp-content\/uploads\/2024\/04\/85f73f749e2e5891c97709b1eff63b62.jpg","width":750,"height":400,"caption":"Milan : Une Tunisienne b\u00e9n\u00e9ficie d'une \u00ab protection \u00bb contre le risque de torture en Tunisie"},{"@type":"BreadcrumbList","@id":"https:\/\/www.webdo.tn\/fr\/actualite\/international\/milan-une-tunisienne-beneficie-d-une-protection-contre-le-risque-de-torture-en-tunisie\/213481\/#breadcrumb","itemListElement":[{"@type":"ListItem","position":1,"name":"Accueil","item":"https:\/\/www.webdo.tn\/fr\/"},{"@type":"ListItem","position":2,"name":"Milan : Une Tunisienne b\u00e9n\u00e9ficie d&rsquo;une \u00ab protection \u00bb contre le risque de torture en Tunisie"}]},{"@type":"WebSite","@id":"https:\/\/www.webdo.tn\/fr\/#website","url":"https:\/\/www.webdo.tn\/fr\/","name":"webdo","description":"Tunisie - News en Tunisie et \u00e0 l&#039;international sur Webdo.tn","publisher":{"@id":"https:\/\/www.webdo.tn\/fr\/#organization"},"potentialAction":[{"@type":"SearchAction","target":{"@type":"EntryPoint","urlTemplate":"https:\/\/www.webdo.tn\/fr\/?s={search_term_string}"},"query-input":{"@type":"PropertyValueSpecification","valueRequired":true,"valueName":"search_term_string"}}],"inLanguage":"fr-FR"},{"@type":"Organization","@id":"https:\/\/www.webdo.tn\/fr\/#organization","name":"Webdo","alternateName":"Webdo.tn","url":"https:\/\/www.webdo.tn\/fr\/","logo":{"@type":"ImageObject","inLanguage":"fr-FR","@id":"https:\/\/www.webdo.tn\/fr\/#\/schema\/logo\/image\/","url":"https:\/\/www.webdo.tn\/fr\/wp-content\/uploads\/2025\/06\/Webdo-Tunisie_168377.jpg","contentUrl":"https:\/\/www.webdo.tn\/fr\/wp-content\/uploads\/2025\/06\/Webdo-Tunisie_168377.jpg","width":301,"height":301,"caption":"Webdo"},"image":{"@id":"https:\/\/www.webdo.tn\/fr\/#\/schema\/logo\/image\/"},"sameAs":["https:\/\/www.facebook.com\/webdotn","https:\/\/x.com\/webdo_tn"],"description":"Webdo est un m\u00e9dia num\u00e9rique tunisien fond\u00e9 en 2010, sp\u00e9cialis\u00e9 dans l\u2019actualit\u00e9 nationale et internationale, l\u2019\u00e9conomie, la soci\u00e9t\u00e9 et les analyses politiques. Le site s\u2019adresse \u00e0 un large public francophone et couvre l\u2019information tunisienne en temps r\u00e9el.","email":"redac@webdo.tn","legalName":"YNJ SARL","foundingDate":"2010-09-06","numberOfEmployees":{"@type":"QuantitativeValue","minValue":"11","maxValue":"50"}},{"@type":"Person","@id":"https:\/\/www.webdo.tn\/fr\/#\/schema\/person\/f35b42a42c5e2511bbd282959d6385cc","name":"CL","image":{"@type":"ImageObject","inLanguage":"fr-FR","@id":"https:\/\/secure.gravatar.com\/avatar\/1447a49909b67aa657c488aec6512e1dd6143a480c1ecfee9b5b5cd74eb3b59e?s=96&d=mm&r=g","url":"https:\/\/secure.gravatar.com\/avatar\/1447a49909b67aa657c488aec6512e1dd6143a480c1ecfee9b5b5cd74eb3b59e?s=96&d=mm&r=g","contentUrl":"https:\/\/secure.gravatar.com\/avatar\/1447a49909b67aa657c488aec6512e1dd6143a480c1ecfee9b5b5cd74eb3b59e?s=96&d=mm&r=g","caption":"CL"},"url":"https:\/\/www.webdo.tn\/fr\/actualite\/author\/cl\/"}]}},"_links":{"self":[{"href":"https:\/\/www.webdo.tn\/fr\/wp-json\/wp\/v2\/posts\/213481","targetHints":{"allow":["GET"]}}],"collection":[{"href":"https:\/\/www.webdo.tn\/fr\/wp-json\/wp\/v2\/posts"}],"about":[{"href":"https:\/\/www.webdo.tn\/fr\/wp-json\/wp\/v2\/types\/post"}],"author":[{"embeddable":true,"href":"https:\/\/www.webdo.tn\/fr\/wp-json\/wp\/v2\/users\/3175"}],"replies":[{"embeddable":true,"href":"https:\/\/www.webdo.tn\/fr\/wp-json\/wp\/v2\/comments?post=213481"}],"version-history":[{"count":0,"href":"https:\/\/www.webdo.tn\/fr\/wp-json\/wp\/v2\/posts\/213481\/revisions"}],"wp:featuredmedia":[{"embeddable":true,"href":"https:\/\/www.webdo.tn\/fr\/wp-json\/wp\/v2\/media\/290462"}],"wp:attachment":[{"href":"https:\/\/www.webdo.tn\/fr\/wp-json\/wp\/v2\/media?parent=213481"}],"wp:term":[{"taxonomy":"category","embeddable":true,"href":"https:\/\/www.webdo.tn\/fr\/wp-json\/wp\/v2\/categories?post=213481"},{"taxonomy":"post_tag","embeddable":true,"href":"https:\/\/www.webdo.tn\/fr\/wp-json\/wp\/v2\/tags?post=213481"}],"curies":[{"name":"wp","href":"https:\/\/api.w.org\/{rel}","templated":true}]}}