{"id":213479,"date":"2024-04-09T21:47:00","date_gmt":"2024-04-09T21:47:00","guid":{"rendered":"https:\/\/www.webdo.tn\/fr\/blog\/cannes-2024-george-lucas-une-palme-d-or-d-honneur-pour-une-legende-du-cinema\/213479\/"},"modified":"2025-05-21T08:56:03","modified_gmt":"2025-05-21T08:56:03","slug":"cannes-2024-george-lucas-une-palme-d-or-d-honneur-pour-une-legende-du-cinema","status":"publish","type":"post","link":"https:\/\/www.webdo.tn\/fr\/actualite\/culture\/cannes-2024-george-lucas-une-palme-d-or-d-honneur-pour-une-legende-du-cinema\/213479\/","title":{"rendered":"Cannes 2024 &#8211; George Lucas, une Palme d\u2019Or d\u2019honneur pour une l\u00e9gende du cin\u00e9ma"},"content":{"rendered":"<div class=\"single-body entry-content typography-copy\" itemprop=\"articleBody\">\n<p style=\"font-weight: bold; text-align: justify\">\n\t\t\t\t\t\t\t\t\tCannes 2024 &#8211; George Lucas, une Palme d\u2019Or d\u2019honneur pour une l\u00e9gende du cin\u00e9ma\n\t\t\t\t\t\t\t\t<\/p>\n<div class=\"coprs\" style=\"text-align: center\"><\/div>\n<div class=\"coprs\" style=\"text-align: justify\">\n<p><span><span>Le monde du cin\u00e9ma s&rsquo;appr\u00eate \u00e0 rendre hommage \u00e0 l&rsquo;une de ses figures les plus embl\u00e9matiques lors du 77e Festival de Cannes. George Lucas, r\u00e9alisateur, sc\u00e9nariste et producteur de renom, se verra d\u00e9cerner la Palme d&rsquo;Or d&rsquo;honneur lors de la c\u00e9r\u00e9monie de cl\u00f4ture, pr\u00e9vue le samedi 25 mai 2024. Cet \u00e9v\u00e9nement exceptionnel, retransmis en direct sur France 2, marque une reconnaissance suppl\u00e9mentaire pour un homme dont l&rsquo;impact sur l&rsquo;industrie cin\u00e9matographique est incontestable.<\/span><\/span><\/p>\n<p><span><span>Lorsqu&rsquo;on \u00e9voque le nom de George Lucas, c&rsquo;est tout un pan de l&rsquo;histoire du cin\u00e9ma qui se d\u00e9voile. Connu pour ses contributions majeures \u00e0 travers des \u0153uvres iconiques telles que les sagas Star Wars et Indiana Jones, Georges Lucas est ind\u00e9niablement l&rsquo;un des piliers du 7e art. Sa cr\u00e9ativit\u00e9 sans bornes et sa vision novatrice ont r\u00e9volutionn\u00e9 le paysage cin\u00e9matographique, captivant des millions de spectateurs \u00e0 travers le monde.<\/span><\/span><\/p>\n<p><span><span>Dans une d\u00e9claration \u00e9mouvante, George Lucas partage son attachement particulier au Festival de Cannes : \u00ab Le Festival de Cannes a toujours occup\u00e9 une place sp\u00e9ciale dans mon c\u0153ur \u00bb, confie-t-il. \u00ab J&rsquo;ai \u00e9t\u00e9 surpris et ravi lorsque mon premier film, THX-1138, a \u00e9t\u00e9 s\u00e9lectionn\u00e9 pour \u00eatre projet\u00e9 sur la Croisette en 1971. Depuis, je suis revenu au Festival \u00e0 de nombreuses reprises en tant que sc\u00e9nariste, r\u00e9alisateur et producteur. Je suis vraiment honor\u00e9 par cette reconnaissance sp\u00e9ciale qui signifie beaucoup pour moi. \u00bb<\/span><\/span><\/p>\n<p><span><span>Les d\u00e9buts de George Lucas dans l&rsquo;industrie cin\u00e9matographique remontent \u00e0 sa collaboration avec Francis Ford Coppola pour la production de THX 1138 (1971). Ce premier long m\u00e9trage, v\u00e9ritable plong\u00e9e dans l&rsquo;univers de la science-fiction, posa les bases d&rsquo;un style singulier et visionnaire. Par la suite, Georges Lucas poursuivit sur sa lanc\u00e9e avec American Graffiti (1973), une \u0153uvre acclam\u00e9e qui r\u00e9v\u00e9la au monde entier le talent de jeunes acteurs tels que Harrison Ford.<\/span><\/span><\/p>\n<p><span><span>Cependant, c&rsquo;est avec Star Wars que George Lucas atteignit des sommets in\u00e9gal\u00e9s. Cette \u00e9pop\u00e9e intergalactique, dont il est \u00e0 la fois le cr\u00e9ateur et le r\u00e9alisateur, bouleversa les codes du cin\u00e9ma et devint rapidement un ph\u00e9nom\u00e8ne plan\u00e9taire. \u00c0 travers neuf \u00e9pisodes, dont quatre qu&rsquo;il a lui-m\u00eame dirig\u00e9s, Lucas construisit un univers d&rsquo;une richesse inou\u00efe, m\u00ealant mythes anciens et technologies de pointe.<\/span><\/span><\/p>\n<p><span><span>Au-del\u00e0 de ses r\u00e9alisations cin\u00e9matographiques, George Lucas a \u00e9galement marqu\u00e9 l&rsquo;industrie gr\u00e2ce \u00e0 sa vision entrepreneuriale. La fondation de Lucasfilm et la cr\u00e9ation de soci\u00e9t\u00e9s telles qu&rsquo;Industrial Light &amp; Magic ont contribu\u00e9 \u00e0 r\u00e9volutionner les effets sp\u00e9ciaux et la post-production. De plus, son implication dans des projets tels que Pixar Animation Studios a permis de repousser encore plus loin les limites de la cr\u00e9ativit\u00e9.<\/span><\/span><\/p>\n<p><span><span>La remise de la Palme d&rsquo;Or d&rsquo;honneur \u00e0 George Lucas lors de la c\u00e9r\u00e9monie de cl\u00f4ture du Festival de Cannes repr\u00e9sente ainsi un moment historique pour le monde du cin\u00e9ma. Cette r\u00e9compense vient saluer une carri\u00e8re exceptionnelle, marqu\u00e9e par l&rsquo;audace, l&rsquo;innovation et un ind\u00e9niable sens artistique. En honorant George Lucas, le festival rend hommage \u00e0 l&rsquo;une des figures les plus influentes et inspirantes de l&rsquo;industrie cin\u00e9matographique.<\/span><\/span><\/p>\n<p>\u00a0<\/p>\n<div>\n<figure class=\"image\"><img decoding=\"async\" alt=\"\" height=\"1200\" src=\"\/assets\/uploads\/images\/\/Neila\/Georges%20Lucas%20Cannes%202024.jpeg\" width=\"987\"><figcaption>George Lucas \u00a9 JAKS Productions.<\/figcaption><\/figure>\n<\/div>\n<p>\u00a0<\/p>\n<p><span><span>En outre, et l\u00e0 je m\u2019adresse aux lecteurs tunisiens, il convient de souligner l&rsquo;importance du lien entre George Lucas et la Tunisie. En effet, Star Wars, \u00e9pisode\u00a0I\u00a0: La Menace fant\u00f4me (1999) a \u00e9t\u00e9 en partie tourn\u00e9 \u00e0 Tozeur et \u00e0 Ksar Hadada, dans le Sud tunisien, o\u00f9 les d\u00e9cors embl\u00e9matiques demeurent encore aujourd&rsquo;hui. Chaque ann\u00e9e, ces lieux attirent des centaines de visiteurs, aussi bien des Tunisiens que des \u00e9trangers, d\u00e9sireux de se plonger dans les d\u00e9cors authentiques o\u00f9 cette histoire l\u00e9gendaire a d\u00e9but\u00e9. Ces d\u00e9cors ne sont pas seulement des t\u00e9moignages du tournage, mais aussi des attractions touristiques pris\u00e9es, offrant aux visiteurs l&rsquo;opportunit\u00e9 de revivre les moments \u00e9piques de la saga Star Wars.<\/span><\/span><\/p>\n<p><span><span>Il est \u00e0 noter que l&rsquo;action se d\u00e9roule sur la plan\u00e8te Tatooine, orbitant autour des \u00e9toiles binaires Tatoo I et II. Tatooine est l&rsquo;une des trois plan\u00e8tes du syst\u00e8me qui porte son nom. Trois lunes gravitent autour de la plan\u00e8te : Ghomrassen, Guermessa et Chenini. Cette r\u00e9f\u00e9rence \u00e0 des noms tunisiens n&rsquo;est pas fortuite, car Tataouine, Ghomrassen, Guermessa et Chenini sont en r\u00e9alit\u00e9 des noms de villes du Sud tunisien. Cette interconnexion entre la fiction de Star Wars et la r\u00e9alit\u00e9 de la Tunisie ajoute une dimension fascinante \u00e0 l&rsquo;histoire de la saga, renfor\u00e7ant ainsi les liens entre l&rsquo;univers cin\u00e9matographique et le monde r\u00e9el.<\/span><\/span><\/p>\n<p>\u00a0<\/p>\n<div>\n<figure class=\"image\"><img decoding=\"async\" alt=\"\" height=\"540\" src=\"\/assets\/uploads\/images\/\/Neila\/Georges%20Lucas%20De%CC%81cor%20Star%20Wars.jpeg\" width=\"960\"><figcaption>Le d\u00e9cor de Star Wars dans le sud Tunisien<\/figcaption><\/figure>\n<\/div>\n<p>\u00a0<\/p>\n<p><span><span>La c\u00e9r\u00e9monie de Cl\u00f4ture du 77e Festival de Cannes sera retransmise le samedi 25 mai en direct sur France T\u00e9l\u00e9visions et Brut. Camille Cottin en sera la ma\u00eetresse de c\u00e9r\u00e9monie. <\/span><\/span><\/p>\n<p><span><span><a href=\"https:\/\/www.webdo.tn\/fr\/actualite\/culture\/le-festival-de-cannes-devoile-les-dates-de-sa-77e-edition-en-2024\/206399\">Le 77e Festival de Cannes aura lieu du mardi 14 au samedi 25 mai 2024.<\/a><\/span><\/span><\/p>\n<p>\u00a0<\/p>\n<p><span><span><strong>Ne\u00efla Driss d\u2019apr\u00e8s communiqu\u00e9<\/strong><\/span><\/span><\/p>\n<\/p><\/div>\n<div class=\"coprs\" style=\"text-align: center\"><\/div><\/div>\n","protected":false},"excerpt":{"rendered":"<p>Cannes 2024 &#8211; George Lucas, une Palme d\u2019Or d\u2019honneur pour une l\u00e9gende du cin\u00e9ma<\/p>\n","protected":false},"author":3164,"featured_media":247621,"comment_status":"open","ping_status":"closed","sticky":false,"template":"","format":"standard","meta":{"footnotes":""},"categories":[2594],"tags":[4180,2626,2627,6696,6564],"class_list":["post-213479","post","type-post","status-publish","format-standard","has-post-thumbnail","hentry","category-culture","tag-cannes-2024","tag-cinema","tag-festival-de-cannes","tag-georges-lucas","tag-palme-dor-dhonneur"],"yoast_head":"<!-- This site is optimized with the Yoast SEO Premium plugin v27.5 (Yoast SEO v27.5) - https:\/\/yoast.com\/product\/yoast-seo-premium-wordpress\/ -->\n<title>Cannes 2024 - George Lucas, une Palme d\u2019Or d\u2019honneur pour une l\u00e9gende du cin\u00e9ma<\/title>\n<meta name=\"description\" content=\"Cannes 2024 - George Lucas, une Palme d\u2019Or d\u2019honneur pour une l\u00e9gende du cin\u00e9ma\" \/>\n<link rel=\"canonical\" href=\"https:\/\/www.webdo.tn\/fr\/actualite\/culture\/cannes-2024-george-lucas-une-palme-d-or-d-honneur-pour-une-legende-du-cinema\/213479\/\" \/>\n<meta property=\"og:locale\" content=\"fr_FR\" \/>\n<meta property=\"og:type\" content=\"article\" \/>\n<meta property=\"og:title\" content=\"Cannes 2024 - George Lucas, une Palme d\u2019Or d\u2019honneur pour une l\u00e9gende du cin\u00e9ma\" \/>\n<meta property=\"og:description\" content=\"Cannes 2024 - George Lucas, une Palme d\u2019Or d\u2019honneur pour une l\u00e9gende du cin\u00e9ma\" \/>\n<meta property=\"og:url\" content=\"https:\/\/www.webdo.tn\/fr\/actualite\/culture\/cannes-2024-george-lucas-une-palme-d-or-d-honneur-pour-une-legende-du-cinema\/213479\/\" \/>\n<meta property=\"og:site_name\" content=\"webdo\" \/>\n<meta property=\"article:publisher\" content=\"https:\/\/www.facebook.com\/webdotn\" \/>\n<meta property=\"article:author\" content=\"https:\/\/www.facebook.com\/massir.destiniii\/\" \/>\n<meta property=\"article:published_time\" content=\"2024-04-09T21:47:00+00:00\" \/>\n<meta property=\"article:modified_time\" content=\"2025-05-21T08:56:03+00:00\" \/>\n<meta property=\"og:image\" content=\"https:\/\/www.webdo.tn\/fr\/wp-content\/uploads\/2024\/04\/e0a29673590abaa3f5b7c5142705b0bf.jpeg\" \/>\n\t<meta property=\"og:image:width\" content=\"580\" \/>\n\t<meta property=\"og:image:height\" content=\"309\" \/>\n\t<meta property=\"og:image:type\" content=\"image\/jpeg\" \/>\n<meta name=\"author\" content=\"Ne\u00efla DRISS\" \/>\n<meta name=\"twitter:card\" content=\"summary_large_image\" \/>\n<meta name=\"twitter:creator\" content=\"@https:\/\/x.com\/MassirDestin\" \/>\n<meta name=\"twitter:site\" content=\"@webdo_tn\" \/>\n<meta name=\"twitter:label1\" content=\"\u00c9crit par\" \/>\n\t<meta name=\"twitter:data1\" content=\"Ne\u00efla DRISS\" \/>\n\t<meta name=\"twitter:label2\" content=\"Dur\u00e9e de lecture estim\u00e9e\" \/>\n\t<meta name=\"twitter:data2\" content=\"4 minutes\" \/>\n<script type=\"application\/ld+json\" class=\"yoast-schema-graph\">{\"@context\":\"https:\\\/\\\/schema.org\",\"@graph\":[{\"@type\":\"NewsArticle\",\"@id\":\"https:\\\/\\\/www.webdo.tn\\\/fr\\\/actualite\\\/culture\\\/cannes-2024-george-lucas-une-palme-d-or-d-honneur-pour-une-legende-du-cinema\\\/213479\\\/#article\",\"isPartOf\":{\"@id\":\"https:\\\/\\\/www.webdo.tn\\\/fr\\\/actualite\\\/culture\\\/cannes-2024-george-lucas-une-palme-d-or-d-honneur-pour-une-legende-du-cinema\\\/213479\\\/\"},\"author\":{\"name\":\"Ne\u00efla DRISS\",\"@id\":\"https:\\\/\\\/www.webdo.tn\\\/fr\\\/#\\\/schema\\\/person\\\/60d5ba619ed3f58783b0dc82b7dada80\"},\"headline\":\"Cannes 2024 &#8211; George Lucas, une Palme d\u2019Or d\u2019honneur pour une l\u00e9gende du cin\u00e9ma\",\"datePublished\":\"2024-04-09T21:47:00+00:00\",\"dateModified\":\"2025-05-21T08:56:03+00:00\",\"mainEntityOfPage\":{\"@id\":\"https:\\\/\\\/www.webdo.tn\\\/fr\\\/actualite\\\/culture\\\/cannes-2024-george-lucas-une-palme-d-or-d-honneur-pour-une-legende-du-cinema\\\/213479\\\/\"},\"wordCount\":903,\"commentCount\":0,\"publisher\":{\"@id\":\"https:\\\/\\\/www.webdo.tn\\\/fr\\\/#organization\"},\"image\":{\"@id\":\"https:\\\/\\\/www.webdo.tn\\\/fr\\\/actualite\\\/culture\\\/cannes-2024-george-lucas-une-palme-d-or-d-honneur-pour-une-legende-du-cinema\\\/213479\\\/#primaryimage\"},\"thumbnailUrl\":\"https:\\\/\\\/www.webdo.tn\\\/fr\\\/wp-content\\\/uploads\\\/2024\\\/04\\\/e0a29673590abaa3f5b7c5142705b0bf.jpeg\",\"keywords\":[\"Cannes 2024\",\"Cin\u00e9ma\",\"Festival de Cannes\",\"Georges Lucas\",\"Palme d'Or d'honneur\"],\"articleSection\":[\"Culture\"],\"inLanguage\":\"fr-FR\"},{\"@type\":\"WebPage\",\"@id\":\"https:\\\/\\\/www.webdo.tn\\\/fr\\\/actualite\\\/culture\\\/cannes-2024-george-lucas-une-palme-d-or-d-honneur-pour-une-legende-du-cinema\\\/213479\\\/\",\"url\":\"https:\\\/\\\/www.webdo.tn\\\/fr\\\/actualite\\\/culture\\\/cannes-2024-george-lucas-une-palme-d-or-d-honneur-pour-une-legende-du-cinema\\\/213479\\\/\",\"name\":\"Cannes 2024 - George Lucas, une Palme d\u2019Or d\u2019honneur pour une l\u00e9gende du cin\u00e9ma\",\"isPartOf\":{\"@id\":\"https:\\\/\\\/www.webdo.tn\\\/fr\\\/#website\"},\"primaryImageOfPage\":{\"@id\":\"https:\\\/\\\/www.webdo.tn\\\/fr\\\/actualite\\\/culture\\\/cannes-2024-george-lucas-une-palme-d-or-d-honneur-pour-une-legende-du-cinema\\\/213479\\\/#primaryimage\"},\"image\":{\"@id\":\"https:\\\/\\\/www.webdo.tn\\\/fr\\\/actualite\\\/culture\\\/cannes-2024-george-lucas-une-palme-d-or-d-honneur-pour-une-legende-du-cinema\\\/213479\\\/#primaryimage\"},\"thumbnailUrl\":\"https:\\\/\\\/www.webdo.tn\\\/fr\\\/wp-content\\\/uploads\\\/2024\\\/04\\\/e0a29673590abaa3f5b7c5142705b0bf.jpeg\",\"datePublished\":\"2024-04-09T21:47:00+00:00\",\"dateModified\":\"2025-05-21T08:56:03+00:00\",\"description\":\"Cannes 2024 - George Lucas, une Palme d\u2019Or d\u2019honneur pour une l\u00e9gende du cin\u00e9ma\",\"breadcrumb\":{\"@id\":\"https:\\\/\\\/www.webdo.tn\\\/fr\\\/actualite\\\/culture\\\/cannes-2024-george-lucas-une-palme-d-or-d-honneur-pour-une-legende-du-cinema\\\/213479\\\/#breadcrumb\"},\"inLanguage\":\"fr-FR\",\"potentialAction\":[{\"@type\":\"ReadAction\",\"target\":[\"https:\\\/\\\/www.webdo.tn\\\/fr\\\/actualite\\\/culture\\\/cannes-2024-george-lucas-une-palme-d-or-d-honneur-pour-une-legende-du-cinema\\\/213479\\\/\"]}]},{\"@type\":\"ImageObject\",\"inLanguage\":\"fr-FR\",\"@id\":\"https:\\\/\\\/www.webdo.tn\\\/fr\\\/actualite\\\/culture\\\/cannes-2024-george-lucas-une-palme-d-or-d-honneur-pour-une-legende-du-cinema\\\/213479\\\/#primaryimage\",\"url\":\"https:\\\/\\\/www.webdo.tn\\\/fr\\\/wp-content\\\/uploads\\\/2024\\\/04\\\/e0a29673590abaa3f5b7c5142705b0bf.jpeg\",\"contentUrl\":\"https:\\\/\\\/www.webdo.tn\\\/fr\\\/wp-content\\\/uploads\\\/2024\\\/04\\\/e0a29673590abaa3f5b7c5142705b0bf.jpeg\",\"width\":580,\"height\":309,\"caption\":\"Cannes 2024 - George Lucas, une Palme d\u2019Or d\u2019honneur pour une l\u00e9gende du cin\u00e9ma\"},{\"@type\":\"BreadcrumbList\",\"@id\":\"https:\\\/\\\/www.webdo.tn\\\/fr\\\/actualite\\\/culture\\\/cannes-2024-george-lucas-une-palme-d-or-d-honneur-pour-une-legende-du-cinema\\\/213479\\\/#breadcrumb\",\"itemListElement\":[{\"@type\":\"ListItem\",\"position\":1,\"name\":\"Accueil\",\"item\":\"https:\\\/\\\/www.webdo.tn\\\/fr\\\/\"},{\"@type\":\"ListItem\",\"position\":2,\"name\":\"Cannes 2024 &#8211; George Lucas, une Palme d\u2019Or d\u2019honneur pour une l\u00e9gende du cin\u00e9ma\"}]},{\"@type\":\"WebSite\",\"@id\":\"https:\\\/\\\/www.webdo.tn\\\/fr\\\/#website\",\"url\":\"https:\\\/\\\/www.webdo.tn\\\/fr\\\/\",\"name\":\"webdo\",\"description\":\"Tunisie - News en Tunisie et \u00e0 l&#039;international sur Webdo.tn\",\"publisher\":{\"@id\":\"https:\\\/\\\/www.webdo.tn\\\/fr\\\/#organization\"},\"potentialAction\":[{\"@type\":\"SearchAction\",\"target\":{\"@type\":\"EntryPoint\",\"urlTemplate\":\"https:\\\/\\\/www.webdo.tn\\\/fr\\\/?s={search_term_string}\"},\"query-input\":{\"@type\":\"PropertyValueSpecification\",\"valueRequired\":true,\"valueName\":\"search_term_string\"}}],\"inLanguage\":\"fr-FR\"},{\"@type\":\"Organization\",\"@id\":\"https:\\\/\\\/www.webdo.tn\\\/fr\\\/#organization\",\"name\":\"Webdo\",\"alternateName\":\"Webdo.tn\",\"url\":\"https:\\\/\\\/www.webdo.tn\\\/fr\\\/\",\"logo\":{\"@type\":\"ImageObject\",\"inLanguage\":\"fr-FR\",\"@id\":\"https:\\\/\\\/www.webdo.tn\\\/fr\\\/#\\\/schema\\\/logo\\\/image\\\/\",\"url\":\"https:\\\/\\\/www.webdo.tn\\\/fr\\\/wp-content\\\/uploads\\\/2025\\\/06\\\/Webdo-Tunisie_168377.jpg\",\"contentUrl\":\"https:\\\/\\\/www.webdo.tn\\\/fr\\\/wp-content\\\/uploads\\\/2025\\\/06\\\/Webdo-Tunisie_168377.jpg\",\"width\":301,\"height\":301,\"caption\":\"Webdo\"},\"image\":{\"@id\":\"https:\\\/\\\/www.webdo.tn\\\/fr\\\/#\\\/schema\\\/logo\\\/image\\\/\"},\"sameAs\":[\"https:\\\/\\\/www.facebook.com\\\/webdotn\",\"https:\\\/\\\/x.com\\\/webdo_tn\"],\"description\":\"Webdo est un m\u00e9dia num\u00e9rique tunisien fond\u00e9 en 2010, sp\u00e9cialis\u00e9 dans l\u2019actualit\u00e9 nationale et internationale, l\u2019\u00e9conomie, la soci\u00e9t\u00e9 et les analyses politiques. Le site s\u2019adresse \u00e0 un large public francophone et couvre l\u2019information tunisienne en temps r\u00e9el.\",\"email\":\"redac@webdo.tn\",\"legalName\":\"YNJ SARL\",\"foundingDate\":\"2010-09-06\",\"numberOfEmployees\":{\"@type\":\"QuantitativeValue\",\"minValue\":\"11\",\"maxValue\":\"50\"}},{\"@type\":\"Person\",\"@id\":\"https:\\\/\\\/www.webdo.tn\\\/fr\\\/#\\\/schema\\\/person\\\/60d5ba619ed3f58783b0dc82b7dada80\",\"name\":\"Ne\u00efla DRISS\",\"image\":{\"@type\":\"ImageObject\",\"inLanguage\":\"fr-FR\",\"@id\":\"https:\\\/\\\/www.webdo.tn\\\/fr\\\/wp-content\\\/uploads\\\/2026\\\/04\\\/neila-driss_avatar-96x96.jpg\",\"url\":\"https:\\\/\\\/www.webdo.tn\\\/fr\\\/wp-content\\\/uploads\\\/2026\\\/04\\\/neila-driss_avatar-96x96.jpg\",\"contentUrl\":\"https:\\\/\\\/www.webdo.tn\\\/fr\\\/wp-content\\\/uploads\\\/2026\\\/04\\\/neila-driss_avatar-96x96.jpg\",\"caption\":\"Ne\u00efla DRISS\"},\"description\":\"Ne\u00efla Driss est juriste, journaliste culturelle et critique de cin\u00e9ma tunisienne. Titulaire d\u2019un DEA en droit priv\u00e9 de l\u2019Universit\u00e9 Paris II et d\u2019un DESS de l\u2019IHEC Carthage, elle d\u00e9bute sa carri\u00e8re comme juriste sp\u00e9cialis\u00e9e en gestion de patrimoine immobilier. Elle s\u2019oriente ensuite vers l\u2019\u00e9criture en ligne, o\u00f9 elle se distingue d\u00e8s 2006 aux Tunisia Blog Awards, avant de se consacrer au journalisme culturel, avec une sp\u00e9cialisation dans la critique cin\u00e9matographique. Elle couvre r\u00e9guli\u00e8rement les grands festivals internationaux, notamment le Festival de Cannes, les Journ\u00e9es Cin\u00e9matographiques de Carthage et le Festival du film du Caire. Membre de l\u2019ATPCC et de la FIPRESCI, elle participe \u00e0 des jurys et initiatives internationales de critique. Depuis 2024, elle est \u00e9lectrice internationale aux Golden Globes. Facebook : https:\\\/\\\/www.facebook.com\\\/massir.destiniii\\\/ X : https:\\\/\\\/x.com\\\/MassirDestin\",\"sameAs\":[\"https:\\\/\\\/www.facebook.com\\\/massir.destiniii\\\/\",\"https:\\\/\\\/www.instagram.com\\\/neila.driss\\\/?hl=fr\",\"https:\\\/\\\/www.linkedin.com\\\/in\\\/neila-driss-22606a80\\\/\",\"https:\\\/\\\/x.com\\\/https:\\\/\\\/x.com\\\/MassirDestin\"],\"knowsAbout\":[\"Cin\u00e9ma international\",\"critique cin\u00e9matographique\",\"festivals de cin\u00e9ma\",\"journalisme culturel\"],\"knowsLanguage\":[\"Fran\u00e7ais\",\"Arabe\",\"Anglais\"],\"jobTitle\":\"Journaliste culturelle et critique de cin\u00e9ma\",\"worksFor\":\"Webdo\",\"url\":\"https:\\\/\\\/www.webdo.tn\\\/fr\\\/actualite\\\/author\\\/neila-driss\\\/\"}]}<\/script>\n<!-- \/ Yoast SEO Premium plugin. -->","yoast_head_json":{"title":"Cannes 2024 - George Lucas, une Palme d\u2019Or d\u2019honneur pour une l\u00e9gende du cin\u00e9ma","description":"Cannes 2024 - George Lucas, une Palme d\u2019Or d\u2019honneur pour une l\u00e9gende du cin\u00e9ma","canonical":"https:\/\/www.webdo.tn\/fr\/actualite\/culture\/cannes-2024-george-lucas-une-palme-d-or-d-honneur-pour-une-legende-du-cinema\/213479\/","og_locale":"fr_FR","og_type":"article","og_title":"Cannes 2024 - George Lucas, une Palme d\u2019Or d\u2019honneur pour une l\u00e9gende du cin\u00e9ma","og_description":"Cannes 2024 - George Lucas, une Palme d\u2019Or d\u2019honneur pour une l\u00e9gende du cin\u00e9ma","og_url":"https:\/\/www.webdo.tn\/fr\/actualite\/culture\/cannes-2024-george-lucas-une-palme-d-or-d-honneur-pour-une-legende-du-cinema\/213479\/","og_site_name":"webdo","article_publisher":"https:\/\/www.facebook.com\/webdotn","article_author":"https:\/\/www.facebook.com\/massir.destiniii\/","article_published_time":"2024-04-09T21:47:00+00:00","article_modified_time":"2025-05-21T08:56:03+00:00","og_image":[{"width":580,"height":309,"url":"https:\/\/www.webdo.tn\/fr\/wp-content\/uploads\/2024\/04\/e0a29673590abaa3f5b7c5142705b0bf.jpeg","type":"image\/jpeg"}],"author":"Ne\u00efla DRISS","twitter_card":"summary_large_image","twitter_creator":"@https:\/\/x.com\/MassirDestin","twitter_site":"@webdo_tn","twitter_misc":{"\u00c9crit par":"Ne\u00efla DRISS","Dur\u00e9e de lecture estim\u00e9e":"4 minutes"},"schema":{"@context":"https:\/\/schema.org","@graph":[{"@type":"NewsArticle","@id":"https:\/\/www.webdo.tn\/fr\/actualite\/culture\/cannes-2024-george-lucas-une-palme-d-or-d-honneur-pour-une-legende-du-cinema\/213479\/#article","isPartOf":{"@id":"https:\/\/www.webdo.tn\/fr\/actualite\/culture\/cannes-2024-george-lucas-une-palme-d-or-d-honneur-pour-une-legende-du-cinema\/213479\/"},"author":{"name":"Ne\u00efla DRISS","@id":"https:\/\/www.webdo.tn\/fr\/#\/schema\/person\/60d5ba619ed3f58783b0dc82b7dada80"},"headline":"Cannes 2024 &#8211; George Lucas, une Palme d\u2019Or d\u2019honneur pour une l\u00e9gende du cin\u00e9ma","datePublished":"2024-04-09T21:47:00+00:00","dateModified":"2025-05-21T08:56:03+00:00","mainEntityOfPage":{"@id":"https:\/\/www.webdo.tn\/fr\/actualite\/culture\/cannes-2024-george-lucas-une-palme-d-or-d-honneur-pour-une-legende-du-cinema\/213479\/"},"wordCount":903,"commentCount":0,"publisher":{"@id":"https:\/\/www.webdo.tn\/fr\/#organization"},"image":{"@id":"https:\/\/www.webdo.tn\/fr\/actualite\/culture\/cannes-2024-george-lucas-une-palme-d-or-d-honneur-pour-une-legende-du-cinema\/213479\/#primaryimage"},"thumbnailUrl":"https:\/\/www.webdo.tn\/fr\/wp-content\/uploads\/2024\/04\/e0a29673590abaa3f5b7c5142705b0bf.jpeg","keywords":["Cannes 2024","Cin\u00e9ma","Festival de Cannes","Georges Lucas","Palme d'Or d'honneur"],"articleSection":["Culture"],"inLanguage":"fr-FR"},{"@type":"WebPage","@id":"https:\/\/www.webdo.tn\/fr\/actualite\/culture\/cannes-2024-george-lucas-une-palme-d-or-d-honneur-pour-une-legende-du-cinema\/213479\/","url":"https:\/\/www.webdo.tn\/fr\/actualite\/culture\/cannes-2024-george-lucas-une-palme-d-or-d-honneur-pour-une-legende-du-cinema\/213479\/","name":"Cannes 2024 - George Lucas, une Palme d\u2019Or d\u2019honneur pour une l\u00e9gende du cin\u00e9ma","isPartOf":{"@id":"https:\/\/www.webdo.tn\/fr\/#website"},"primaryImageOfPage":{"@id":"https:\/\/www.webdo.tn\/fr\/actualite\/culture\/cannes-2024-george-lucas-une-palme-d-or-d-honneur-pour-une-legende-du-cinema\/213479\/#primaryimage"},"image":{"@id":"https:\/\/www.webdo.tn\/fr\/actualite\/culture\/cannes-2024-george-lucas-une-palme-d-or-d-honneur-pour-une-legende-du-cinema\/213479\/#primaryimage"},"thumbnailUrl":"https:\/\/www.webdo.tn\/fr\/wp-content\/uploads\/2024\/04\/e0a29673590abaa3f5b7c5142705b0bf.jpeg","datePublished":"2024-04-09T21:47:00+00:00","dateModified":"2025-05-21T08:56:03+00:00","description":"Cannes 2024 - George Lucas, une Palme d\u2019Or d\u2019honneur pour une l\u00e9gende du cin\u00e9ma","breadcrumb":{"@id":"https:\/\/www.webdo.tn\/fr\/actualite\/culture\/cannes-2024-george-lucas-une-palme-d-or-d-honneur-pour-une-legende-du-cinema\/213479\/#breadcrumb"},"inLanguage":"fr-FR","potentialAction":[{"@type":"ReadAction","target":["https:\/\/www.webdo.tn\/fr\/actualite\/culture\/cannes-2024-george-lucas-une-palme-d-or-d-honneur-pour-une-legende-du-cinema\/213479\/"]}]},{"@type":"ImageObject","inLanguage":"fr-FR","@id":"https:\/\/www.webdo.tn\/fr\/actualite\/culture\/cannes-2024-george-lucas-une-palme-d-or-d-honneur-pour-une-legende-du-cinema\/213479\/#primaryimage","url":"https:\/\/www.webdo.tn\/fr\/wp-content\/uploads\/2024\/04\/e0a29673590abaa3f5b7c5142705b0bf.jpeg","contentUrl":"https:\/\/www.webdo.tn\/fr\/wp-content\/uploads\/2024\/04\/e0a29673590abaa3f5b7c5142705b0bf.jpeg","width":580,"height":309,"caption":"Cannes 2024 - George Lucas, une Palme d\u2019Or d\u2019honneur pour une l\u00e9gende du cin\u00e9ma"},{"@type":"BreadcrumbList","@id":"https:\/\/www.webdo.tn\/fr\/actualite\/culture\/cannes-2024-george-lucas-une-palme-d-or-d-honneur-pour-une-legende-du-cinema\/213479\/#breadcrumb","itemListElement":[{"@type":"ListItem","position":1,"name":"Accueil","item":"https:\/\/www.webdo.tn\/fr\/"},{"@type":"ListItem","position":2,"name":"Cannes 2024 &#8211; George Lucas, une Palme d\u2019Or d\u2019honneur pour une l\u00e9gende du cin\u00e9ma"}]},{"@type":"WebSite","@id":"https:\/\/www.webdo.tn\/fr\/#website","url":"https:\/\/www.webdo.tn\/fr\/","name":"webdo","description":"Tunisie - News en Tunisie et \u00e0 l&#039;international sur Webdo.tn","publisher":{"@id":"https:\/\/www.webdo.tn\/fr\/#organization"},"potentialAction":[{"@type":"SearchAction","target":{"@type":"EntryPoint","urlTemplate":"https:\/\/www.webdo.tn\/fr\/?s={search_term_string}"},"query-input":{"@type":"PropertyValueSpecification","valueRequired":true,"valueName":"search_term_string"}}],"inLanguage":"fr-FR"},{"@type":"Organization","@id":"https:\/\/www.webdo.tn\/fr\/#organization","name":"Webdo","alternateName":"Webdo.tn","url":"https:\/\/www.webdo.tn\/fr\/","logo":{"@type":"ImageObject","inLanguage":"fr-FR","@id":"https:\/\/www.webdo.tn\/fr\/#\/schema\/logo\/image\/","url":"https:\/\/www.webdo.tn\/fr\/wp-content\/uploads\/2025\/06\/Webdo-Tunisie_168377.jpg","contentUrl":"https:\/\/www.webdo.tn\/fr\/wp-content\/uploads\/2025\/06\/Webdo-Tunisie_168377.jpg","width":301,"height":301,"caption":"Webdo"},"image":{"@id":"https:\/\/www.webdo.tn\/fr\/#\/schema\/logo\/image\/"},"sameAs":["https:\/\/www.facebook.com\/webdotn","https:\/\/x.com\/webdo_tn"],"description":"Webdo est un m\u00e9dia num\u00e9rique tunisien fond\u00e9 en 2010, sp\u00e9cialis\u00e9 dans l\u2019actualit\u00e9 nationale et internationale, l\u2019\u00e9conomie, la soci\u00e9t\u00e9 et les analyses politiques. Le site s\u2019adresse \u00e0 un large public francophone et couvre l\u2019information tunisienne en temps r\u00e9el.","email":"redac@webdo.tn","legalName":"YNJ SARL","foundingDate":"2010-09-06","numberOfEmployees":{"@type":"QuantitativeValue","minValue":"11","maxValue":"50"}},{"@type":"Person","@id":"https:\/\/www.webdo.tn\/fr\/#\/schema\/person\/60d5ba619ed3f58783b0dc82b7dada80","name":"Ne\u00efla DRISS","image":{"@type":"ImageObject","inLanguage":"fr-FR","@id":"https:\/\/www.webdo.tn\/fr\/wp-content\/uploads\/2026\/04\/neila-driss_avatar-96x96.jpg","url":"https:\/\/www.webdo.tn\/fr\/wp-content\/uploads\/2026\/04\/neila-driss_avatar-96x96.jpg","contentUrl":"https:\/\/www.webdo.tn\/fr\/wp-content\/uploads\/2026\/04\/neila-driss_avatar-96x96.jpg","caption":"Ne\u00efla DRISS"},"description":"Ne\u00efla Driss est juriste, journaliste culturelle et critique de cin\u00e9ma tunisienne. Titulaire d\u2019un DEA en droit priv\u00e9 de l\u2019Universit\u00e9 Paris II et d\u2019un DESS de l\u2019IHEC Carthage, elle d\u00e9bute sa carri\u00e8re comme juriste sp\u00e9cialis\u00e9e en gestion de patrimoine immobilier. Elle s\u2019oriente ensuite vers l\u2019\u00e9criture en ligne, o\u00f9 elle se distingue d\u00e8s 2006 aux Tunisia Blog Awards, avant de se consacrer au journalisme culturel, avec une sp\u00e9cialisation dans la critique cin\u00e9matographique. Elle couvre r\u00e9guli\u00e8rement les grands festivals internationaux, notamment le Festival de Cannes, les Journ\u00e9es Cin\u00e9matographiques de Carthage et le Festival du film du Caire. Membre de l\u2019ATPCC et de la FIPRESCI, elle participe \u00e0 des jurys et initiatives internationales de critique. Depuis 2024, elle est \u00e9lectrice internationale aux Golden Globes. Facebook : https:\/\/www.facebook.com\/massir.destiniii\/ X : https:\/\/x.com\/MassirDestin","sameAs":["https:\/\/www.facebook.com\/massir.destiniii\/","https:\/\/www.instagram.com\/neila.driss\/?hl=fr","https:\/\/www.linkedin.com\/in\/neila-driss-22606a80\/","https:\/\/x.com\/https:\/\/x.com\/MassirDestin"],"knowsAbout":["Cin\u00e9ma international","critique cin\u00e9matographique","festivals de cin\u00e9ma","journalisme culturel"],"knowsLanguage":["Fran\u00e7ais","Arabe","Anglais"],"jobTitle":"Journaliste culturelle et critique de cin\u00e9ma","worksFor":"Webdo","url":"https:\/\/www.webdo.tn\/fr\/actualite\/author\/neila-driss\/"}]}},"_links":{"self":[{"href":"https:\/\/www.webdo.tn\/fr\/wp-json\/wp\/v2\/posts\/213479","targetHints":{"allow":["GET"]}}],"collection":[{"href":"https:\/\/www.webdo.tn\/fr\/wp-json\/wp\/v2\/posts"}],"about":[{"href":"https:\/\/www.webdo.tn\/fr\/wp-json\/wp\/v2\/types\/post"}],"author":[{"embeddable":true,"href":"https:\/\/www.webdo.tn\/fr\/wp-json\/wp\/v2\/users\/3164"}],"replies":[{"embeddable":true,"href":"https:\/\/www.webdo.tn\/fr\/wp-json\/wp\/v2\/comments?post=213479"}],"version-history":[{"count":0,"href":"https:\/\/www.webdo.tn\/fr\/wp-json\/wp\/v2\/posts\/213479\/revisions"}],"wp:featuredmedia":[{"embeddable":true,"href":"https:\/\/www.webdo.tn\/fr\/wp-json\/wp\/v2\/media\/247621"}],"wp:attachment":[{"href":"https:\/\/www.webdo.tn\/fr\/wp-json\/wp\/v2\/media?parent=213479"}],"wp:term":[{"taxonomy":"category","embeddable":true,"href":"https:\/\/www.webdo.tn\/fr\/wp-json\/wp\/v2\/categories?post=213479"},{"taxonomy":"post_tag","embeddable":true,"href":"https:\/\/www.webdo.tn\/fr\/wp-json\/wp\/v2\/tags?post=213479"}],"curies":[{"name":"wp","href":"https:\/\/api.w.org\/{rel}","templated":true}]}}