{"id":213475,"date":"2024-04-09T15:12:00","date_gmt":"2024-04-09T15:12:00","guid":{"rendered":"https:\/\/www.webdo.tn\/fr\/blog\/reprise-des-flux-migratoires-giorgia-meloni-de-nouveau-en-tunisie\/213475\/"},"modified":"2025-05-20T22:36:57","modified_gmt":"2025-05-20T22:36:57","slug":"reprise-des-flux-migratoires-giorgia-meloni-de-nouveau-en-tunisie","status":"publish","type":"post","link":"https:\/\/www.webdo.tn\/fr\/actualite\/national\/reprise-des-flux-migratoires-giorgia-meloni-de-nouveau-en-tunisie\/213475\/","title":{"rendered":"Reprise des flux migratoires : Giorgia Meloni, de nouveau, en Tunisie"},"content":{"rendered":"<p>Ce sera sa troisi\u00e8me visite officielle en Tunisie. La pr\u00e9sidente du Conseil italien, Giorgia Meloni, effectuera la semaine prochaine une nouvelle visite en Tunisie \u00e0 en croire les infos de la R\u00e9pubblica.\u00a0<\/p>\n<p>\t\t\t\t\t\t\t\t\tEn effet, le quotidien italien affirme que sur fond de reprise du flux des embarcations clandestines qui traversent la m\u00e9diterran\u00e9e \u00e0 destination de l\u2019Italie, Meloni se rend \u00e0 Tunis pour rencontrer Kais Saied.\u00a0<\/p>\n<p>\u00ab C\u2019est la troisi\u00e8me mission de Meloni en Tunisie en quelques mois, s&rsquo;ajoutant \u00e0 celles de plusieurs ministres tous chaleureusement invit\u00e9s \u00e0 mettre en \u0153uvre certains des nombreux projets promis \u00e0 Saied \u00bb, explique le quotidien.\u00a0<\/p>\n<p>Pourtant, il y a quelques semaines, la pr\u00e9sidente du Conseil italien, Giorgia Meloni, s\u2019est f\u00e9licit\u00e9e de l\u2019accord conclu entre l\u2019Union europ\u00e9enne et la Tunisie par l\u2019interm\u00e9diaire du gouvernement italien, celui-ci ayant port\u00e9 ses fruits, selon elle.<\/p>\n<p>Il est vrai que le flux migratoire depuis la Tunisie vers l\u2019Italie a diminu\u00e9 de 86% au premier trimestre de l\u2019ann\u00e9e 2024. Cela signifie que 1658 migrants ont d\u00e9barqu\u00e9 en Italie depuis la Tunisie entre le 1er janvier et le 15 mars 2024, rapportait le 18 mars dernier, l\u2019agence de presse italienne Nova.<\/p>\n<p>Comparativement avec l\u2019ann\u00e9e 2023, nous sommes loin des 11.988 migrants irr\u00e9guliers arriv\u00e9s en Italie depuis la Tunisie. Mais ces derniers temps, les flux de ces embarcations ont repris, selon les donn\u00e9es de la Garde nationale.<\/p>\n","protected":false},"excerpt":{"rendered":"<p>En effet, le quotidien italien affirme que sur fond de reprise du flux des embarcations clandestines qui traversent la m\u00e9diterran\u00e9e \u00e0 destination de l\u2019Italie, M&#8230;<\/p>\n","protected":false},"author":3175,"featured_media":247620,"comment_status":"open","ping_status":"closed","sticky":false,"template":"","format":"standard","meta":{"footnotes":""},"categories":[44],"tags":[2660,6672,2615,2608],"class_list":["post-213475","post","type-post","status-publish","format-standard","has-post-thumbnail","hentry","category-national","tag-italie","tag-meloni","tag-migration","tag-tunisie"],"yoast_head":"<!-- This site is optimized with the Yoast SEO Premium plugin v27.5 (Yoast SEO v27.5) - https:\/\/yoast.com\/product\/yoast-seo-premium-wordpress\/ -->\n<title>Reprise des flux migratoires : Giorgia Meloni, de nouveau, en Tunisie<\/title>\n<meta name=\"description\" content=\"En effet, le quotidien italien affirme que sur fond de reprise du flux des embarcations clandestines qui traversent la m\u00e9diterran\u00e9e \u00e0 destination de l\u2019Italie, M...\" \/>\n<link rel=\"canonical\" href=\"https:\/\/www.webdo.tn\/fr\/actualite\/national\/reprise-des-flux-migratoires-giorgia-meloni-de-nouveau-en-tunisie\/213475\/\" \/>\n<meta property=\"og:locale\" content=\"fr_FR\" \/>\n<meta property=\"og:type\" content=\"article\" \/>\n<meta property=\"og:title\" content=\"Reprise des flux migratoires : Giorgia Meloni, de nouveau, en Tunisie\" \/>\n<meta property=\"og:description\" content=\"En effet, le quotidien italien affirme que sur fond de reprise du flux des embarcations clandestines qui traversent la m\u00e9diterran\u00e9e \u00e0 destination de l\u2019Italie, M...\" \/>\n<meta property=\"og:url\" content=\"https:\/\/www.webdo.tn\/fr\/actualite\/national\/reprise-des-flux-migratoires-giorgia-meloni-de-nouveau-en-tunisie\/213475\/\" \/>\n<meta property=\"og:site_name\" content=\"webdo\" \/>\n<meta property=\"article:publisher\" content=\"https:\/\/www.facebook.com\/webdotn\" \/>\n<meta property=\"article:published_time\" content=\"2024-04-09T15:12:00+00:00\" \/>\n<meta property=\"article:modified_time\" content=\"2025-05-20T22:36:57+00:00\" \/>\n<meta property=\"og:image\" content=\"https:\/\/www.webdo.tn\/fr\/wp-content\/uploads\/2024\/04\/d6407156980aa611e1e0a389862b3d2d.jpg\" \/>\n\t<meta property=\"og:image:width\" content=\"750\" \/>\n\t<meta property=\"og:image:height\" content=\"400\" \/>\n\t<meta property=\"og:image:type\" content=\"image\/jpeg\" \/>\n<meta name=\"author\" content=\"CL\" \/>\n<meta name=\"twitter:card\" content=\"summary_large_image\" \/>\n<meta name=\"twitter:creator\" content=\"@webdo_tn\" \/>\n<meta name=\"twitter:site\" content=\"@webdo_tn\" \/>\n<meta name=\"twitter:label1\" content=\"\u00c9crit par\" \/>\n\t<meta name=\"twitter:data1\" content=\"CL\" \/>\n\t<meta name=\"twitter:label2\" content=\"Dur\u00e9e de lecture estim\u00e9e\" \/>\n\t<meta name=\"twitter:data2\" content=\"1 minute\" \/>\n<script type=\"application\/ld+json\" class=\"yoast-schema-graph\">{\"@context\":\"https:\\\/\\\/schema.org\",\"@graph\":[{\"@type\":\"NewsArticle\",\"@id\":\"https:\\\/\\\/www.webdo.tn\\\/fr\\\/actualite\\\/national\\\/reprise-des-flux-migratoires-giorgia-meloni-de-nouveau-en-tunisie\\\/213475\\\/#article\",\"isPartOf\":{\"@id\":\"https:\\\/\\\/www.webdo.tn\\\/fr\\\/actualite\\\/national\\\/reprise-des-flux-migratoires-giorgia-meloni-de-nouveau-en-tunisie\\\/213475\\\/\"},\"author\":{\"name\":\"CL\",\"@id\":\"https:\\\/\\\/www.webdo.tn\\\/fr\\\/#\\\/schema\\\/person\\\/f35b42a42c5e2511bbd282959d6385cc\"},\"headline\":\"Reprise des flux migratoires : Giorgia Meloni, de nouveau, en Tunisie\",\"datePublished\":\"2024-04-09T15:12:00+00:00\",\"dateModified\":\"2025-05-20T22:36:57+00:00\",\"mainEntityOfPage\":{\"@id\":\"https:\\\/\\\/www.webdo.tn\\\/fr\\\/actualite\\\/national\\\/reprise-des-flux-migratoires-giorgia-meloni-de-nouveau-en-tunisie\\\/213475\\\/\"},\"wordCount\":248,\"commentCount\":0,\"publisher\":{\"@id\":\"https:\\\/\\\/www.webdo.tn\\\/fr\\\/#organization\"},\"image\":{\"@id\":\"https:\\\/\\\/www.webdo.tn\\\/fr\\\/actualite\\\/national\\\/reprise-des-flux-migratoires-giorgia-meloni-de-nouveau-en-tunisie\\\/213475\\\/#primaryimage\"},\"thumbnailUrl\":\"https:\\\/\\\/www.webdo.tn\\\/fr\\\/wp-content\\\/uploads\\\/2024\\\/04\\\/d6407156980aa611e1e0a389862b3d2d.jpg\",\"keywords\":[\"Italie\",\"Meloni\",\"Migration\",\"Tunisie\"],\"articleSection\":[\"National\"],\"inLanguage\":\"fr-FR\"},{\"@type\":\"WebPage\",\"@id\":\"https:\\\/\\\/www.webdo.tn\\\/fr\\\/actualite\\\/national\\\/reprise-des-flux-migratoires-giorgia-meloni-de-nouveau-en-tunisie\\\/213475\\\/\",\"url\":\"https:\\\/\\\/www.webdo.tn\\\/fr\\\/actualite\\\/national\\\/reprise-des-flux-migratoires-giorgia-meloni-de-nouveau-en-tunisie\\\/213475\\\/\",\"name\":\"Reprise des flux migratoires : Giorgia Meloni, de nouveau, en Tunisie\",\"isPartOf\":{\"@id\":\"https:\\\/\\\/www.webdo.tn\\\/fr\\\/#website\"},\"primaryImageOfPage\":{\"@id\":\"https:\\\/\\\/www.webdo.tn\\\/fr\\\/actualite\\\/national\\\/reprise-des-flux-migratoires-giorgia-meloni-de-nouveau-en-tunisie\\\/213475\\\/#primaryimage\"},\"image\":{\"@id\":\"https:\\\/\\\/www.webdo.tn\\\/fr\\\/actualite\\\/national\\\/reprise-des-flux-migratoires-giorgia-meloni-de-nouveau-en-tunisie\\\/213475\\\/#primaryimage\"},\"thumbnailUrl\":\"https:\\\/\\\/www.webdo.tn\\\/fr\\\/wp-content\\\/uploads\\\/2024\\\/04\\\/d6407156980aa611e1e0a389862b3d2d.jpg\",\"datePublished\":\"2024-04-09T15:12:00+00:00\",\"dateModified\":\"2025-05-20T22:36:57+00:00\",\"description\":\"En effet, le quotidien italien affirme que sur fond de reprise du flux des embarcations clandestines qui traversent la m\u00e9diterran\u00e9e \u00e0 destination de l\u2019Italie, M...\",\"breadcrumb\":{\"@id\":\"https:\\\/\\\/www.webdo.tn\\\/fr\\\/actualite\\\/national\\\/reprise-des-flux-migratoires-giorgia-meloni-de-nouveau-en-tunisie\\\/213475\\\/#breadcrumb\"},\"inLanguage\":\"fr-FR\",\"potentialAction\":[{\"@type\":\"ReadAction\",\"target\":[\"https:\\\/\\\/www.webdo.tn\\\/fr\\\/actualite\\\/national\\\/reprise-des-flux-migratoires-giorgia-meloni-de-nouveau-en-tunisie\\\/213475\\\/\"]}]},{\"@type\":\"ImageObject\",\"inLanguage\":\"fr-FR\",\"@id\":\"https:\\\/\\\/www.webdo.tn\\\/fr\\\/actualite\\\/national\\\/reprise-des-flux-migratoires-giorgia-meloni-de-nouveau-en-tunisie\\\/213475\\\/#primaryimage\",\"url\":\"https:\\\/\\\/www.webdo.tn\\\/fr\\\/wp-content\\\/uploads\\\/2024\\\/04\\\/d6407156980aa611e1e0a389862b3d2d.jpg\",\"contentUrl\":\"https:\\\/\\\/www.webdo.tn\\\/fr\\\/wp-content\\\/uploads\\\/2024\\\/04\\\/d6407156980aa611e1e0a389862b3d2d.jpg\",\"width\":750,\"height\":400,\"caption\":\"Reprise des flux migratoires : Giorgia Meloni, de nouveau, en Tunisie\"},{\"@type\":\"BreadcrumbList\",\"@id\":\"https:\\\/\\\/www.webdo.tn\\\/fr\\\/actualite\\\/national\\\/reprise-des-flux-migratoires-giorgia-meloni-de-nouveau-en-tunisie\\\/213475\\\/#breadcrumb\",\"itemListElement\":[{\"@type\":\"ListItem\",\"position\":1,\"name\":\"Accueil\",\"item\":\"https:\\\/\\\/www.webdo.tn\\\/fr\\\/\"},{\"@type\":\"ListItem\",\"position\":2,\"name\":\"Reprise des flux migratoires : Giorgia Meloni, de nouveau, en Tunisie\"}]},{\"@type\":\"WebSite\",\"@id\":\"https:\\\/\\\/www.webdo.tn\\\/fr\\\/#website\",\"url\":\"https:\\\/\\\/www.webdo.tn\\\/fr\\\/\",\"name\":\"webdo\",\"description\":\"Tunisie - News en Tunisie et \u00e0 l&#039;international sur Webdo.tn\",\"publisher\":{\"@id\":\"https:\\\/\\\/www.webdo.tn\\\/fr\\\/#organization\"},\"potentialAction\":[{\"@type\":\"SearchAction\",\"target\":{\"@type\":\"EntryPoint\",\"urlTemplate\":\"https:\\\/\\\/www.webdo.tn\\\/fr\\\/?s={search_term_string}\"},\"query-input\":{\"@type\":\"PropertyValueSpecification\",\"valueRequired\":true,\"valueName\":\"search_term_string\"}}],\"inLanguage\":\"fr-FR\"},{\"@type\":\"Organization\",\"@id\":\"https:\\\/\\\/www.webdo.tn\\\/fr\\\/#organization\",\"name\":\"Webdo\",\"alternateName\":\"Webdo.tn\",\"url\":\"https:\\\/\\\/www.webdo.tn\\\/fr\\\/\",\"logo\":{\"@type\":\"ImageObject\",\"inLanguage\":\"fr-FR\",\"@id\":\"https:\\\/\\\/www.webdo.tn\\\/fr\\\/#\\\/schema\\\/logo\\\/image\\\/\",\"url\":\"https:\\\/\\\/www.webdo.tn\\\/fr\\\/wp-content\\\/uploads\\\/2025\\\/06\\\/Webdo-Tunisie_168377.jpg\",\"contentUrl\":\"https:\\\/\\\/www.webdo.tn\\\/fr\\\/wp-content\\\/uploads\\\/2025\\\/06\\\/Webdo-Tunisie_168377.jpg\",\"width\":301,\"height\":301,\"caption\":\"Webdo\"},\"image\":{\"@id\":\"https:\\\/\\\/www.webdo.tn\\\/fr\\\/#\\\/schema\\\/logo\\\/image\\\/\"},\"sameAs\":[\"https:\\\/\\\/www.facebook.com\\\/webdotn\",\"https:\\\/\\\/x.com\\\/webdo_tn\"],\"description\":\"Webdo est un m\u00e9dia num\u00e9rique tunisien fond\u00e9 en 2010, sp\u00e9cialis\u00e9 dans l\u2019actualit\u00e9 nationale et internationale, l\u2019\u00e9conomie, la soci\u00e9t\u00e9 et les analyses politiques. Le site s\u2019adresse \u00e0 un large public francophone et couvre l\u2019information tunisienne en temps r\u00e9el.\",\"email\":\"redac@webdo.tn\",\"legalName\":\"YNJ SARL\",\"foundingDate\":\"2010-09-06\",\"numberOfEmployees\":{\"@type\":\"QuantitativeValue\",\"minValue\":\"11\",\"maxValue\":\"50\"}},{\"@type\":\"Person\",\"@id\":\"https:\\\/\\\/www.webdo.tn\\\/fr\\\/#\\\/schema\\\/person\\\/f35b42a42c5e2511bbd282959d6385cc\",\"name\":\"CL\",\"image\":{\"@type\":\"ImageObject\",\"inLanguage\":\"fr-FR\",\"@id\":\"https:\\\/\\\/secure.gravatar.com\\\/avatar\\\/1447a49909b67aa657c488aec6512e1dd6143a480c1ecfee9b5b5cd74eb3b59e?s=96&d=mm&r=g\",\"url\":\"https:\\\/\\\/secure.gravatar.com\\\/avatar\\\/1447a49909b67aa657c488aec6512e1dd6143a480c1ecfee9b5b5cd74eb3b59e?s=96&d=mm&r=g\",\"contentUrl\":\"https:\\\/\\\/secure.gravatar.com\\\/avatar\\\/1447a49909b67aa657c488aec6512e1dd6143a480c1ecfee9b5b5cd74eb3b59e?s=96&d=mm&r=g\",\"caption\":\"CL\"},\"url\":\"https:\\\/\\\/www.webdo.tn\\\/fr\\\/actualite\\\/author\\\/cl\\\/\"}]}<\/script>\n<!-- \/ Yoast SEO Premium plugin. -->","yoast_head_json":{"title":"Reprise des flux migratoires : Giorgia Meloni, de nouveau, en Tunisie","description":"En effet, le quotidien italien affirme que sur fond de reprise du flux des embarcations clandestines qui traversent la m\u00e9diterran\u00e9e \u00e0 destination de l\u2019Italie, M...","canonical":"https:\/\/www.webdo.tn\/fr\/actualite\/national\/reprise-des-flux-migratoires-giorgia-meloni-de-nouveau-en-tunisie\/213475\/","og_locale":"fr_FR","og_type":"article","og_title":"Reprise des flux migratoires : Giorgia Meloni, de nouveau, en Tunisie","og_description":"En effet, le quotidien italien affirme que sur fond de reprise du flux des embarcations clandestines qui traversent la m\u00e9diterran\u00e9e \u00e0 destination de l\u2019Italie, M...","og_url":"https:\/\/www.webdo.tn\/fr\/actualite\/national\/reprise-des-flux-migratoires-giorgia-meloni-de-nouveau-en-tunisie\/213475\/","og_site_name":"webdo","article_publisher":"https:\/\/www.facebook.com\/webdotn","article_published_time":"2024-04-09T15:12:00+00:00","article_modified_time":"2025-05-20T22:36:57+00:00","og_image":[{"width":750,"height":400,"url":"https:\/\/www.webdo.tn\/fr\/wp-content\/uploads\/2024\/04\/d6407156980aa611e1e0a389862b3d2d.jpg","type":"image\/jpeg"}],"author":"CL","twitter_card":"summary_large_image","twitter_creator":"@webdo_tn","twitter_site":"@webdo_tn","twitter_misc":{"\u00c9crit par":"CL","Dur\u00e9e de lecture estim\u00e9e":"1 minute"},"schema":{"@context":"https:\/\/schema.org","@graph":[{"@type":"NewsArticle","@id":"https:\/\/www.webdo.tn\/fr\/actualite\/national\/reprise-des-flux-migratoires-giorgia-meloni-de-nouveau-en-tunisie\/213475\/#article","isPartOf":{"@id":"https:\/\/www.webdo.tn\/fr\/actualite\/national\/reprise-des-flux-migratoires-giorgia-meloni-de-nouveau-en-tunisie\/213475\/"},"author":{"name":"CL","@id":"https:\/\/www.webdo.tn\/fr\/#\/schema\/person\/f35b42a42c5e2511bbd282959d6385cc"},"headline":"Reprise des flux migratoires : Giorgia Meloni, de nouveau, en Tunisie","datePublished":"2024-04-09T15:12:00+00:00","dateModified":"2025-05-20T22:36:57+00:00","mainEntityOfPage":{"@id":"https:\/\/www.webdo.tn\/fr\/actualite\/national\/reprise-des-flux-migratoires-giorgia-meloni-de-nouveau-en-tunisie\/213475\/"},"wordCount":248,"commentCount":0,"publisher":{"@id":"https:\/\/www.webdo.tn\/fr\/#organization"},"image":{"@id":"https:\/\/www.webdo.tn\/fr\/actualite\/national\/reprise-des-flux-migratoires-giorgia-meloni-de-nouveau-en-tunisie\/213475\/#primaryimage"},"thumbnailUrl":"https:\/\/www.webdo.tn\/fr\/wp-content\/uploads\/2024\/04\/d6407156980aa611e1e0a389862b3d2d.jpg","keywords":["Italie","Meloni","Migration","Tunisie"],"articleSection":["National"],"inLanguage":"fr-FR"},{"@type":"WebPage","@id":"https:\/\/www.webdo.tn\/fr\/actualite\/national\/reprise-des-flux-migratoires-giorgia-meloni-de-nouveau-en-tunisie\/213475\/","url":"https:\/\/www.webdo.tn\/fr\/actualite\/national\/reprise-des-flux-migratoires-giorgia-meloni-de-nouveau-en-tunisie\/213475\/","name":"Reprise des flux migratoires : Giorgia Meloni, de nouveau, en Tunisie","isPartOf":{"@id":"https:\/\/www.webdo.tn\/fr\/#website"},"primaryImageOfPage":{"@id":"https:\/\/www.webdo.tn\/fr\/actualite\/national\/reprise-des-flux-migratoires-giorgia-meloni-de-nouveau-en-tunisie\/213475\/#primaryimage"},"image":{"@id":"https:\/\/www.webdo.tn\/fr\/actualite\/national\/reprise-des-flux-migratoires-giorgia-meloni-de-nouveau-en-tunisie\/213475\/#primaryimage"},"thumbnailUrl":"https:\/\/www.webdo.tn\/fr\/wp-content\/uploads\/2024\/04\/d6407156980aa611e1e0a389862b3d2d.jpg","datePublished":"2024-04-09T15:12:00+00:00","dateModified":"2025-05-20T22:36:57+00:00","description":"En effet, le quotidien italien affirme que sur fond de reprise du flux des embarcations clandestines qui traversent la m\u00e9diterran\u00e9e \u00e0 destination de l\u2019Italie, M...","breadcrumb":{"@id":"https:\/\/www.webdo.tn\/fr\/actualite\/national\/reprise-des-flux-migratoires-giorgia-meloni-de-nouveau-en-tunisie\/213475\/#breadcrumb"},"inLanguage":"fr-FR","potentialAction":[{"@type":"ReadAction","target":["https:\/\/www.webdo.tn\/fr\/actualite\/national\/reprise-des-flux-migratoires-giorgia-meloni-de-nouveau-en-tunisie\/213475\/"]}]},{"@type":"ImageObject","inLanguage":"fr-FR","@id":"https:\/\/www.webdo.tn\/fr\/actualite\/national\/reprise-des-flux-migratoires-giorgia-meloni-de-nouveau-en-tunisie\/213475\/#primaryimage","url":"https:\/\/www.webdo.tn\/fr\/wp-content\/uploads\/2024\/04\/d6407156980aa611e1e0a389862b3d2d.jpg","contentUrl":"https:\/\/www.webdo.tn\/fr\/wp-content\/uploads\/2024\/04\/d6407156980aa611e1e0a389862b3d2d.jpg","width":750,"height":400,"caption":"Reprise des flux migratoires : Giorgia Meloni, de nouveau, en Tunisie"},{"@type":"BreadcrumbList","@id":"https:\/\/www.webdo.tn\/fr\/actualite\/national\/reprise-des-flux-migratoires-giorgia-meloni-de-nouveau-en-tunisie\/213475\/#breadcrumb","itemListElement":[{"@type":"ListItem","position":1,"name":"Accueil","item":"https:\/\/www.webdo.tn\/fr\/"},{"@type":"ListItem","position":2,"name":"Reprise des flux migratoires : Giorgia Meloni, de nouveau, en Tunisie"}]},{"@type":"WebSite","@id":"https:\/\/www.webdo.tn\/fr\/#website","url":"https:\/\/www.webdo.tn\/fr\/","name":"webdo","description":"Tunisie - News en Tunisie et \u00e0 l&#039;international sur Webdo.tn","publisher":{"@id":"https:\/\/www.webdo.tn\/fr\/#organization"},"potentialAction":[{"@type":"SearchAction","target":{"@type":"EntryPoint","urlTemplate":"https:\/\/www.webdo.tn\/fr\/?s={search_term_string}"},"query-input":{"@type":"PropertyValueSpecification","valueRequired":true,"valueName":"search_term_string"}}],"inLanguage":"fr-FR"},{"@type":"Organization","@id":"https:\/\/www.webdo.tn\/fr\/#organization","name":"Webdo","alternateName":"Webdo.tn","url":"https:\/\/www.webdo.tn\/fr\/","logo":{"@type":"ImageObject","inLanguage":"fr-FR","@id":"https:\/\/www.webdo.tn\/fr\/#\/schema\/logo\/image\/","url":"https:\/\/www.webdo.tn\/fr\/wp-content\/uploads\/2025\/06\/Webdo-Tunisie_168377.jpg","contentUrl":"https:\/\/www.webdo.tn\/fr\/wp-content\/uploads\/2025\/06\/Webdo-Tunisie_168377.jpg","width":301,"height":301,"caption":"Webdo"},"image":{"@id":"https:\/\/www.webdo.tn\/fr\/#\/schema\/logo\/image\/"},"sameAs":["https:\/\/www.facebook.com\/webdotn","https:\/\/x.com\/webdo_tn"],"description":"Webdo est un m\u00e9dia num\u00e9rique tunisien fond\u00e9 en 2010, sp\u00e9cialis\u00e9 dans l\u2019actualit\u00e9 nationale et internationale, l\u2019\u00e9conomie, la soci\u00e9t\u00e9 et les analyses politiques. Le site s\u2019adresse \u00e0 un large public francophone et couvre l\u2019information tunisienne en temps r\u00e9el.","email":"redac@webdo.tn","legalName":"YNJ SARL","foundingDate":"2010-09-06","numberOfEmployees":{"@type":"QuantitativeValue","minValue":"11","maxValue":"50"}},{"@type":"Person","@id":"https:\/\/www.webdo.tn\/fr\/#\/schema\/person\/f35b42a42c5e2511bbd282959d6385cc","name":"CL","image":{"@type":"ImageObject","inLanguage":"fr-FR","@id":"https:\/\/secure.gravatar.com\/avatar\/1447a49909b67aa657c488aec6512e1dd6143a480c1ecfee9b5b5cd74eb3b59e?s=96&d=mm&r=g","url":"https:\/\/secure.gravatar.com\/avatar\/1447a49909b67aa657c488aec6512e1dd6143a480c1ecfee9b5b5cd74eb3b59e?s=96&d=mm&r=g","contentUrl":"https:\/\/secure.gravatar.com\/avatar\/1447a49909b67aa657c488aec6512e1dd6143a480c1ecfee9b5b5cd74eb3b59e?s=96&d=mm&r=g","caption":"CL"},"url":"https:\/\/www.webdo.tn\/fr\/actualite\/author\/cl\/"}]}},"_links":{"self":[{"href":"https:\/\/www.webdo.tn\/fr\/wp-json\/wp\/v2\/posts\/213475","targetHints":{"allow":["GET"]}}],"collection":[{"href":"https:\/\/www.webdo.tn\/fr\/wp-json\/wp\/v2\/posts"}],"about":[{"href":"https:\/\/www.webdo.tn\/fr\/wp-json\/wp\/v2\/types\/post"}],"author":[{"embeddable":true,"href":"https:\/\/www.webdo.tn\/fr\/wp-json\/wp\/v2\/users\/3175"}],"replies":[{"embeddable":true,"href":"https:\/\/www.webdo.tn\/fr\/wp-json\/wp\/v2\/comments?post=213475"}],"version-history":[{"count":0,"href":"https:\/\/www.webdo.tn\/fr\/wp-json\/wp\/v2\/posts\/213475\/revisions"}],"wp:featuredmedia":[{"embeddable":true,"href":"https:\/\/www.webdo.tn\/fr\/wp-json\/wp\/v2\/media\/247620"}],"wp:attachment":[{"href":"https:\/\/www.webdo.tn\/fr\/wp-json\/wp\/v2\/media?parent=213475"}],"wp:term":[{"taxonomy":"category","embeddable":true,"href":"https:\/\/www.webdo.tn\/fr\/wp-json\/wp\/v2\/categories?post=213475"},{"taxonomy":"post_tag","embeddable":true,"href":"https:\/\/www.webdo.tn\/fr\/wp-json\/wp\/v2\/tags?post=213475"}],"curies":[{"name":"wp","href":"https:\/\/api.w.org\/{rel}","templated":true}]}}