{"id":213470,"date":"2024-04-09T10:09:00","date_gmt":"2024-04-09T10:09:00","guid":{"rendered":"https:\/\/www.webdo.tn\/fr\/blog\/tunisie-vers-un-forum-des-competences-tunisiennes-a-l-etranger\/213470\/"},"modified":"2025-05-20T22:36:55","modified_gmt":"2025-05-20T22:36:55","slug":"tunisie-vers-un-forum-des-competences-tunisiennes-a-l-etranger","status":"publish","type":"post","link":"https:\/\/www.webdo.tn\/fr\/actualite\/national\/tunisie-vers-un-forum-des-competences-tunisiennes-a-l-etranger\/213470\/","title":{"rendered":"Tunisie : Vers un forum des comp\u00e9tences tunisiennes \u00e0 l\u2019\u00e9tranger"},"content":{"rendered":"<p>Le ministre des Affaires \u00e9trang\u00e8res, de l&rsquo;\u00c9migration et des Tunisiens \u00e0 l&rsquo;\u00e9tranger, Nabil Ammar, a annonc\u00e9 que son d\u00e9partement \u0153uvre actuellement \u00e0 organiser un forum national des comp\u00e9tences tunisiennes \u00e0 l&rsquo;\u00e9tranger.\u00a0<\/p>\n<p>Ce forum vise, selon ses dires, \u00e0 mettre en lumi\u00e8re ces comp\u00e9tences et \u00e0 renforcer leur contribution au parcours de d\u00e9veloppement de la Tunisie. Cela a \u00e9t\u00e9 annonc\u00e9 lors de sa rencontre avec l&rsquo;un des experts tunisiens r\u00e9sidant en France hier lundi 8 avril.\u00a0<\/p>\n<p>Selon Ammar, le forum vise \u00e9galement \u00e0 \u00e9tablir des liens entre les comp\u00e9tences tunisiennes \u00e0 l&rsquo;\u00e9tranger et \u00e0 cr\u00e9er des opportunit\u00e9s de collaboration entre ces comp\u00e9tences dans diff\u00e9rents domaines et pays, conform\u00e9ment \u00e0 un communiqu\u00e9 du minist\u00e8re.<\/p>\n<p>Le ministre a r\u00e9it\u00e9r\u00e9 l&rsquo;importance que la Tunisie accorde aux comp\u00e9tences tunisiennes \u00e0 l&rsquo;\u00e9tranger pour leur contribution \u00e0 la promotion de l&rsquo;image de la Tunisie et au soutien des projets de d\u00e9veloppement dans notre pays, soit par leur expertise soit par le biais des relations qu&rsquo;elles entretiennent avec les d\u00e9cideurs \u00e9conomiques dans les pays d&rsquo;accueil.<\/p>\n<p>De son c\u00f4t\u00e9, l\u2019expert Riadh Bouaziz a pr\u00e9sent\u00e9 un aper\u00e7u des principaux projets et activit\u00e9s de l&rsquo;institution qu&rsquo;il dirige et de son r\u00e9seau de relations avec les cercles \u00e9conomiques en France et dans d&rsquo;autres pays du monde, en particulier dans les secteurs de l&rsquo;habillement, du tourisme et de l&rsquo;a\u00e9ronautique.\u00a0<\/p>\n<p>Il a \u00e9galement exprim\u00e9 son soutien \u00e0 l&rsquo;id\u00e9e d&rsquo;organiser un forum national des comp\u00e9tences tunisiennes \u00e0 l&rsquo;\u00e9tranger et a confirm\u00e9 sa volont\u00e9 de contribuer \u00e0 enrichir ses r\u00e9sultats.<\/p>\n","protected":false},"excerpt":{"rendered":"<p>Ce forum vise, selon ses dires, \u00e0 mettre en lumi\u00e8re ces comp\u00e9tences et \u00e0 renforcer leur contribution au parcours de d\u00e9veloppement de la Tunisie. Cela a \u00e9t\u00e9 anno&#8230;<\/p>\n","protected":false},"author":3175,"featured_media":247617,"comment_status":"open","ping_status":"closed","sticky":false,"template":"","format":"standard","meta":{"footnotes":""},"categories":[44],"tags":[2789,3653,2608],"class_list":["post-213470","post","type-post","status-publish","format-standard","has-post-thumbnail","hentry","category-national","tag-competences","tag-forum","tag-tunisie"],"yoast_head":"<!-- This site is optimized with the Yoast SEO Premium plugin v27.5 (Yoast SEO v27.5) - https:\/\/yoast.com\/product\/yoast-seo-premium-wordpress\/ -->\n<title>Tunisie : Vers un forum des comp\u00e9tences tunisiennes \u00e0 l\u2019\u00e9tranger<\/title>\n<meta name=\"description\" content=\"Ce forum vise, selon ses dires, \u00e0 mettre en lumi\u00e8re ces comp\u00e9tences et \u00e0 renforcer leur contribution au parcours de d\u00e9veloppement de la Tunisie. Cela a \u00e9t\u00e9 anno...\" \/>\n<link rel=\"canonical\" href=\"https:\/\/www.webdo.tn\/fr\/actualite\/national\/tunisie-vers-un-forum-des-competences-tunisiennes-a-l-etranger\/213470\/\" \/>\n<meta property=\"og:locale\" content=\"fr_FR\" \/>\n<meta property=\"og:type\" content=\"article\" \/>\n<meta property=\"og:title\" content=\"Tunisie : Vers un forum des comp\u00e9tences tunisiennes \u00e0 l\u2019\u00e9tranger\" \/>\n<meta property=\"og:description\" content=\"Ce forum vise, selon ses dires, \u00e0 mettre en lumi\u00e8re ces comp\u00e9tences et \u00e0 renforcer leur contribution au parcours de d\u00e9veloppement de la Tunisie. Cela a \u00e9t\u00e9 anno...\" \/>\n<meta property=\"og:url\" content=\"https:\/\/www.webdo.tn\/fr\/actualite\/national\/tunisie-vers-un-forum-des-competences-tunisiennes-a-l-etranger\/213470\/\" \/>\n<meta property=\"og:site_name\" content=\"webdo\" \/>\n<meta property=\"article:publisher\" content=\"https:\/\/www.facebook.com\/webdotn\" \/>\n<meta property=\"article:published_time\" content=\"2024-04-09T10:09:00+00:00\" \/>\n<meta property=\"article:modified_time\" content=\"2025-05-20T22:36:55+00:00\" \/>\n<meta property=\"og:image\" content=\"https:\/\/www.webdo.tn\/fr\/wp-content\/uploads\/2024\/04\/0f6fb63ab8b9b6e1c00e39afa1d53dba.png\" \/>\n\t<meta property=\"og:image:width\" content=\"750\" \/>\n\t<meta property=\"og:image:height\" content=\"400\" \/>\n\t<meta property=\"og:image:type\" content=\"image\/png\" \/>\n<meta name=\"author\" content=\"CL\" \/>\n<meta name=\"twitter:card\" content=\"summary_large_image\" \/>\n<meta name=\"twitter:creator\" content=\"@webdo_tn\" \/>\n<meta name=\"twitter:site\" content=\"@webdo_tn\" \/>\n<meta name=\"twitter:label1\" content=\"\u00c9crit par\" \/>\n\t<meta name=\"twitter:data1\" content=\"CL\" \/>\n\t<meta name=\"twitter:label2\" content=\"Dur\u00e9e de lecture estim\u00e9e\" \/>\n\t<meta name=\"twitter:data2\" content=\"1 minute\" \/>\n<script type=\"application\/ld+json\" class=\"yoast-schema-graph\">{\"@context\":\"https:\\\/\\\/schema.org\",\"@graph\":[{\"@type\":\"NewsArticle\",\"@id\":\"https:\\\/\\\/www.webdo.tn\\\/fr\\\/actualite\\\/national\\\/tunisie-vers-un-forum-des-competences-tunisiennes-a-l-etranger\\\/213470\\\/#article\",\"isPartOf\":{\"@id\":\"https:\\\/\\\/www.webdo.tn\\\/fr\\\/actualite\\\/national\\\/tunisie-vers-un-forum-des-competences-tunisiennes-a-l-etranger\\\/213470\\\/\"},\"author\":{\"name\":\"CL\",\"@id\":\"https:\\\/\\\/www.webdo.tn\\\/fr\\\/#\\\/schema\\\/person\\\/f35b42a42c5e2511bbd282959d6385cc\"},\"headline\":\"Tunisie : Vers un forum des comp\u00e9tences tunisiennes \u00e0 l\u2019\u00e9tranger\",\"datePublished\":\"2024-04-09T10:09:00+00:00\",\"dateModified\":\"2025-05-20T22:36:55+00:00\",\"mainEntityOfPage\":{\"@id\":\"https:\\\/\\\/www.webdo.tn\\\/fr\\\/actualite\\\/national\\\/tunisie-vers-un-forum-des-competences-tunisiennes-a-l-etranger\\\/213470\\\/\"},\"wordCount\":286,\"commentCount\":0,\"publisher\":{\"@id\":\"https:\\\/\\\/www.webdo.tn\\\/fr\\\/#organization\"},\"image\":{\"@id\":\"https:\\\/\\\/www.webdo.tn\\\/fr\\\/actualite\\\/national\\\/tunisie-vers-un-forum-des-competences-tunisiennes-a-l-etranger\\\/213470\\\/#primaryimage\"},\"thumbnailUrl\":\"https:\\\/\\\/www.webdo.tn\\\/fr\\\/wp-content\\\/uploads\\\/2024\\\/04\\\/0f6fb63ab8b9b6e1c00e39afa1d53dba.png\",\"keywords\":[\"comp\u00e9tences\",\"forum\",\"Tunisie\"],\"articleSection\":[\"National\"],\"inLanguage\":\"fr-FR\"},{\"@type\":\"WebPage\",\"@id\":\"https:\\\/\\\/www.webdo.tn\\\/fr\\\/actualite\\\/national\\\/tunisie-vers-un-forum-des-competences-tunisiennes-a-l-etranger\\\/213470\\\/\",\"url\":\"https:\\\/\\\/www.webdo.tn\\\/fr\\\/actualite\\\/national\\\/tunisie-vers-un-forum-des-competences-tunisiennes-a-l-etranger\\\/213470\\\/\",\"name\":\"Tunisie : Vers un forum des comp\u00e9tences tunisiennes \u00e0 l\u2019\u00e9tranger\",\"isPartOf\":{\"@id\":\"https:\\\/\\\/www.webdo.tn\\\/fr\\\/#website\"},\"primaryImageOfPage\":{\"@id\":\"https:\\\/\\\/www.webdo.tn\\\/fr\\\/actualite\\\/national\\\/tunisie-vers-un-forum-des-competences-tunisiennes-a-l-etranger\\\/213470\\\/#primaryimage\"},\"image\":{\"@id\":\"https:\\\/\\\/www.webdo.tn\\\/fr\\\/actualite\\\/national\\\/tunisie-vers-un-forum-des-competences-tunisiennes-a-l-etranger\\\/213470\\\/#primaryimage\"},\"thumbnailUrl\":\"https:\\\/\\\/www.webdo.tn\\\/fr\\\/wp-content\\\/uploads\\\/2024\\\/04\\\/0f6fb63ab8b9b6e1c00e39afa1d53dba.png\",\"datePublished\":\"2024-04-09T10:09:00+00:00\",\"dateModified\":\"2025-05-20T22:36:55+00:00\",\"description\":\"Ce forum vise, selon ses dires, \u00e0 mettre en lumi\u00e8re ces comp\u00e9tences et \u00e0 renforcer leur contribution au parcours de d\u00e9veloppement de la Tunisie. Cela a \u00e9t\u00e9 anno...\",\"breadcrumb\":{\"@id\":\"https:\\\/\\\/www.webdo.tn\\\/fr\\\/actualite\\\/national\\\/tunisie-vers-un-forum-des-competences-tunisiennes-a-l-etranger\\\/213470\\\/#breadcrumb\"},\"inLanguage\":\"fr-FR\",\"potentialAction\":[{\"@type\":\"ReadAction\",\"target\":[\"https:\\\/\\\/www.webdo.tn\\\/fr\\\/actualite\\\/national\\\/tunisie-vers-un-forum-des-competences-tunisiennes-a-l-etranger\\\/213470\\\/\"]}]},{\"@type\":\"ImageObject\",\"inLanguage\":\"fr-FR\",\"@id\":\"https:\\\/\\\/www.webdo.tn\\\/fr\\\/actualite\\\/national\\\/tunisie-vers-un-forum-des-competences-tunisiennes-a-l-etranger\\\/213470\\\/#primaryimage\",\"url\":\"https:\\\/\\\/www.webdo.tn\\\/fr\\\/wp-content\\\/uploads\\\/2024\\\/04\\\/0f6fb63ab8b9b6e1c00e39afa1d53dba.png\",\"contentUrl\":\"https:\\\/\\\/www.webdo.tn\\\/fr\\\/wp-content\\\/uploads\\\/2024\\\/04\\\/0f6fb63ab8b9b6e1c00e39afa1d53dba.png\",\"width\":750,\"height\":400,\"caption\":\"Tunisie : Vers un forum des comp\u00e9tences tunisiennes \u00e0 l\u2019\u00e9tranger\"},{\"@type\":\"BreadcrumbList\",\"@id\":\"https:\\\/\\\/www.webdo.tn\\\/fr\\\/actualite\\\/national\\\/tunisie-vers-un-forum-des-competences-tunisiennes-a-l-etranger\\\/213470\\\/#breadcrumb\",\"itemListElement\":[{\"@type\":\"ListItem\",\"position\":1,\"name\":\"Accueil\",\"item\":\"https:\\\/\\\/www.webdo.tn\\\/fr\\\/\"},{\"@type\":\"ListItem\",\"position\":2,\"name\":\"Tunisie : Vers un forum des comp\u00e9tences tunisiennes \u00e0 l\u2019\u00e9tranger\"}]},{\"@type\":\"WebSite\",\"@id\":\"https:\\\/\\\/www.webdo.tn\\\/fr\\\/#website\",\"url\":\"https:\\\/\\\/www.webdo.tn\\\/fr\\\/\",\"name\":\"webdo\",\"description\":\"Tunisie - News en Tunisie et \u00e0 l&#039;international sur Webdo.tn\",\"publisher\":{\"@id\":\"https:\\\/\\\/www.webdo.tn\\\/fr\\\/#organization\"},\"potentialAction\":[{\"@type\":\"SearchAction\",\"target\":{\"@type\":\"EntryPoint\",\"urlTemplate\":\"https:\\\/\\\/www.webdo.tn\\\/fr\\\/?s={search_term_string}\"},\"query-input\":{\"@type\":\"PropertyValueSpecification\",\"valueRequired\":true,\"valueName\":\"search_term_string\"}}],\"inLanguage\":\"fr-FR\"},{\"@type\":\"Organization\",\"@id\":\"https:\\\/\\\/www.webdo.tn\\\/fr\\\/#organization\",\"name\":\"Webdo\",\"alternateName\":\"Webdo.tn\",\"url\":\"https:\\\/\\\/www.webdo.tn\\\/fr\\\/\",\"logo\":{\"@type\":\"ImageObject\",\"inLanguage\":\"fr-FR\",\"@id\":\"https:\\\/\\\/www.webdo.tn\\\/fr\\\/#\\\/schema\\\/logo\\\/image\\\/\",\"url\":\"https:\\\/\\\/www.webdo.tn\\\/fr\\\/wp-content\\\/uploads\\\/2025\\\/06\\\/Webdo-Tunisie_168377.jpg\",\"contentUrl\":\"https:\\\/\\\/www.webdo.tn\\\/fr\\\/wp-content\\\/uploads\\\/2025\\\/06\\\/Webdo-Tunisie_168377.jpg\",\"width\":301,\"height\":301,\"caption\":\"Webdo\"},\"image\":{\"@id\":\"https:\\\/\\\/www.webdo.tn\\\/fr\\\/#\\\/schema\\\/logo\\\/image\\\/\"},\"sameAs\":[\"https:\\\/\\\/www.facebook.com\\\/webdotn\",\"https:\\\/\\\/x.com\\\/webdo_tn\"],\"description\":\"Webdo est un m\u00e9dia num\u00e9rique tunisien fond\u00e9 en 2010, sp\u00e9cialis\u00e9 dans l\u2019actualit\u00e9 nationale et internationale, l\u2019\u00e9conomie, la soci\u00e9t\u00e9 et les analyses politiques. Le site s\u2019adresse \u00e0 un large public francophone et couvre l\u2019information tunisienne en temps r\u00e9el.\",\"email\":\"redac@webdo.tn\",\"legalName\":\"YNJ SARL\",\"foundingDate\":\"2010-09-06\",\"numberOfEmployees\":{\"@type\":\"QuantitativeValue\",\"minValue\":\"11\",\"maxValue\":\"50\"}},{\"@type\":\"Person\",\"@id\":\"https:\\\/\\\/www.webdo.tn\\\/fr\\\/#\\\/schema\\\/person\\\/f35b42a42c5e2511bbd282959d6385cc\",\"name\":\"CL\",\"image\":{\"@type\":\"ImageObject\",\"inLanguage\":\"fr-FR\",\"@id\":\"https:\\\/\\\/secure.gravatar.com\\\/avatar\\\/1447a49909b67aa657c488aec6512e1dd6143a480c1ecfee9b5b5cd74eb3b59e?s=96&d=mm&r=g\",\"url\":\"https:\\\/\\\/secure.gravatar.com\\\/avatar\\\/1447a49909b67aa657c488aec6512e1dd6143a480c1ecfee9b5b5cd74eb3b59e?s=96&d=mm&r=g\",\"contentUrl\":\"https:\\\/\\\/secure.gravatar.com\\\/avatar\\\/1447a49909b67aa657c488aec6512e1dd6143a480c1ecfee9b5b5cd74eb3b59e?s=96&d=mm&r=g\",\"caption\":\"CL\"},\"url\":\"https:\\\/\\\/www.webdo.tn\\\/fr\\\/actualite\\\/author\\\/cl\\\/\"}]}<\/script>\n<!-- \/ Yoast SEO Premium plugin. -->","yoast_head_json":{"title":"Tunisie : Vers un forum des comp\u00e9tences tunisiennes \u00e0 l\u2019\u00e9tranger","description":"Ce forum vise, selon ses dires, \u00e0 mettre en lumi\u00e8re ces comp\u00e9tences et \u00e0 renforcer leur contribution au parcours de d\u00e9veloppement de la Tunisie. Cela a \u00e9t\u00e9 anno...","canonical":"https:\/\/www.webdo.tn\/fr\/actualite\/national\/tunisie-vers-un-forum-des-competences-tunisiennes-a-l-etranger\/213470\/","og_locale":"fr_FR","og_type":"article","og_title":"Tunisie : Vers un forum des comp\u00e9tences tunisiennes \u00e0 l\u2019\u00e9tranger","og_description":"Ce forum vise, selon ses dires, \u00e0 mettre en lumi\u00e8re ces comp\u00e9tences et \u00e0 renforcer leur contribution au parcours de d\u00e9veloppement de la Tunisie. Cela a \u00e9t\u00e9 anno...","og_url":"https:\/\/www.webdo.tn\/fr\/actualite\/national\/tunisie-vers-un-forum-des-competences-tunisiennes-a-l-etranger\/213470\/","og_site_name":"webdo","article_publisher":"https:\/\/www.facebook.com\/webdotn","article_published_time":"2024-04-09T10:09:00+00:00","article_modified_time":"2025-05-20T22:36:55+00:00","og_image":[{"width":750,"height":400,"url":"https:\/\/www.webdo.tn\/fr\/wp-content\/uploads\/2024\/04\/0f6fb63ab8b9b6e1c00e39afa1d53dba.png","type":"image\/png"}],"author":"CL","twitter_card":"summary_large_image","twitter_creator":"@webdo_tn","twitter_site":"@webdo_tn","twitter_misc":{"\u00c9crit par":"CL","Dur\u00e9e de lecture estim\u00e9e":"1 minute"},"schema":{"@context":"https:\/\/schema.org","@graph":[{"@type":"NewsArticle","@id":"https:\/\/www.webdo.tn\/fr\/actualite\/national\/tunisie-vers-un-forum-des-competences-tunisiennes-a-l-etranger\/213470\/#article","isPartOf":{"@id":"https:\/\/www.webdo.tn\/fr\/actualite\/national\/tunisie-vers-un-forum-des-competences-tunisiennes-a-l-etranger\/213470\/"},"author":{"name":"CL","@id":"https:\/\/www.webdo.tn\/fr\/#\/schema\/person\/f35b42a42c5e2511bbd282959d6385cc"},"headline":"Tunisie : Vers un forum des comp\u00e9tences tunisiennes \u00e0 l\u2019\u00e9tranger","datePublished":"2024-04-09T10:09:00+00:00","dateModified":"2025-05-20T22:36:55+00:00","mainEntityOfPage":{"@id":"https:\/\/www.webdo.tn\/fr\/actualite\/national\/tunisie-vers-un-forum-des-competences-tunisiennes-a-l-etranger\/213470\/"},"wordCount":286,"commentCount":0,"publisher":{"@id":"https:\/\/www.webdo.tn\/fr\/#organization"},"image":{"@id":"https:\/\/www.webdo.tn\/fr\/actualite\/national\/tunisie-vers-un-forum-des-competences-tunisiennes-a-l-etranger\/213470\/#primaryimage"},"thumbnailUrl":"https:\/\/www.webdo.tn\/fr\/wp-content\/uploads\/2024\/04\/0f6fb63ab8b9b6e1c00e39afa1d53dba.png","keywords":["comp\u00e9tences","forum","Tunisie"],"articleSection":["National"],"inLanguage":"fr-FR"},{"@type":"WebPage","@id":"https:\/\/www.webdo.tn\/fr\/actualite\/national\/tunisie-vers-un-forum-des-competences-tunisiennes-a-l-etranger\/213470\/","url":"https:\/\/www.webdo.tn\/fr\/actualite\/national\/tunisie-vers-un-forum-des-competences-tunisiennes-a-l-etranger\/213470\/","name":"Tunisie : Vers un forum des comp\u00e9tences tunisiennes \u00e0 l\u2019\u00e9tranger","isPartOf":{"@id":"https:\/\/www.webdo.tn\/fr\/#website"},"primaryImageOfPage":{"@id":"https:\/\/www.webdo.tn\/fr\/actualite\/national\/tunisie-vers-un-forum-des-competences-tunisiennes-a-l-etranger\/213470\/#primaryimage"},"image":{"@id":"https:\/\/www.webdo.tn\/fr\/actualite\/national\/tunisie-vers-un-forum-des-competences-tunisiennes-a-l-etranger\/213470\/#primaryimage"},"thumbnailUrl":"https:\/\/www.webdo.tn\/fr\/wp-content\/uploads\/2024\/04\/0f6fb63ab8b9b6e1c00e39afa1d53dba.png","datePublished":"2024-04-09T10:09:00+00:00","dateModified":"2025-05-20T22:36:55+00:00","description":"Ce forum vise, selon ses dires, \u00e0 mettre en lumi\u00e8re ces comp\u00e9tences et \u00e0 renforcer leur contribution au parcours de d\u00e9veloppement de la Tunisie. Cela a \u00e9t\u00e9 anno...","breadcrumb":{"@id":"https:\/\/www.webdo.tn\/fr\/actualite\/national\/tunisie-vers-un-forum-des-competences-tunisiennes-a-l-etranger\/213470\/#breadcrumb"},"inLanguage":"fr-FR","potentialAction":[{"@type":"ReadAction","target":["https:\/\/www.webdo.tn\/fr\/actualite\/national\/tunisie-vers-un-forum-des-competences-tunisiennes-a-l-etranger\/213470\/"]}]},{"@type":"ImageObject","inLanguage":"fr-FR","@id":"https:\/\/www.webdo.tn\/fr\/actualite\/national\/tunisie-vers-un-forum-des-competences-tunisiennes-a-l-etranger\/213470\/#primaryimage","url":"https:\/\/www.webdo.tn\/fr\/wp-content\/uploads\/2024\/04\/0f6fb63ab8b9b6e1c00e39afa1d53dba.png","contentUrl":"https:\/\/www.webdo.tn\/fr\/wp-content\/uploads\/2024\/04\/0f6fb63ab8b9b6e1c00e39afa1d53dba.png","width":750,"height":400,"caption":"Tunisie : Vers un forum des comp\u00e9tences tunisiennes \u00e0 l\u2019\u00e9tranger"},{"@type":"BreadcrumbList","@id":"https:\/\/www.webdo.tn\/fr\/actualite\/national\/tunisie-vers-un-forum-des-competences-tunisiennes-a-l-etranger\/213470\/#breadcrumb","itemListElement":[{"@type":"ListItem","position":1,"name":"Accueil","item":"https:\/\/www.webdo.tn\/fr\/"},{"@type":"ListItem","position":2,"name":"Tunisie : Vers un forum des comp\u00e9tences tunisiennes \u00e0 l\u2019\u00e9tranger"}]},{"@type":"WebSite","@id":"https:\/\/www.webdo.tn\/fr\/#website","url":"https:\/\/www.webdo.tn\/fr\/","name":"webdo","description":"Tunisie - News en Tunisie et \u00e0 l&#039;international sur Webdo.tn","publisher":{"@id":"https:\/\/www.webdo.tn\/fr\/#organization"},"potentialAction":[{"@type":"SearchAction","target":{"@type":"EntryPoint","urlTemplate":"https:\/\/www.webdo.tn\/fr\/?s={search_term_string}"},"query-input":{"@type":"PropertyValueSpecification","valueRequired":true,"valueName":"search_term_string"}}],"inLanguage":"fr-FR"},{"@type":"Organization","@id":"https:\/\/www.webdo.tn\/fr\/#organization","name":"Webdo","alternateName":"Webdo.tn","url":"https:\/\/www.webdo.tn\/fr\/","logo":{"@type":"ImageObject","inLanguage":"fr-FR","@id":"https:\/\/www.webdo.tn\/fr\/#\/schema\/logo\/image\/","url":"https:\/\/www.webdo.tn\/fr\/wp-content\/uploads\/2025\/06\/Webdo-Tunisie_168377.jpg","contentUrl":"https:\/\/www.webdo.tn\/fr\/wp-content\/uploads\/2025\/06\/Webdo-Tunisie_168377.jpg","width":301,"height":301,"caption":"Webdo"},"image":{"@id":"https:\/\/www.webdo.tn\/fr\/#\/schema\/logo\/image\/"},"sameAs":["https:\/\/www.facebook.com\/webdotn","https:\/\/x.com\/webdo_tn"],"description":"Webdo est un m\u00e9dia num\u00e9rique tunisien fond\u00e9 en 2010, sp\u00e9cialis\u00e9 dans l\u2019actualit\u00e9 nationale et internationale, l\u2019\u00e9conomie, la soci\u00e9t\u00e9 et les analyses politiques. Le site s\u2019adresse \u00e0 un large public francophone et couvre l\u2019information tunisienne en temps r\u00e9el.","email":"redac@webdo.tn","legalName":"YNJ SARL","foundingDate":"2010-09-06","numberOfEmployees":{"@type":"QuantitativeValue","minValue":"11","maxValue":"50"}},{"@type":"Person","@id":"https:\/\/www.webdo.tn\/fr\/#\/schema\/person\/f35b42a42c5e2511bbd282959d6385cc","name":"CL","image":{"@type":"ImageObject","inLanguage":"fr-FR","@id":"https:\/\/secure.gravatar.com\/avatar\/1447a49909b67aa657c488aec6512e1dd6143a480c1ecfee9b5b5cd74eb3b59e?s=96&d=mm&r=g","url":"https:\/\/secure.gravatar.com\/avatar\/1447a49909b67aa657c488aec6512e1dd6143a480c1ecfee9b5b5cd74eb3b59e?s=96&d=mm&r=g","contentUrl":"https:\/\/secure.gravatar.com\/avatar\/1447a49909b67aa657c488aec6512e1dd6143a480c1ecfee9b5b5cd74eb3b59e?s=96&d=mm&r=g","caption":"CL"},"url":"https:\/\/www.webdo.tn\/fr\/actualite\/author\/cl\/"}]}},"_links":{"self":[{"href":"https:\/\/www.webdo.tn\/fr\/wp-json\/wp\/v2\/posts\/213470","targetHints":{"allow":["GET"]}}],"collection":[{"href":"https:\/\/www.webdo.tn\/fr\/wp-json\/wp\/v2\/posts"}],"about":[{"href":"https:\/\/www.webdo.tn\/fr\/wp-json\/wp\/v2\/types\/post"}],"author":[{"embeddable":true,"href":"https:\/\/www.webdo.tn\/fr\/wp-json\/wp\/v2\/users\/3175"}],"replies":[{"embeddable":true,"href":"https:\/\/www.webdo.tn\/fr\/wp-json\/wp\/v2\/comments?post=213470"}],"version-history":[{"count":0,"href":"https:\/\/www.webdo.tn\/fr\/wp-json\/wp\/v2\/posts\/213470\/revisions"}],"wp:featuredmedia":[{"embeddable":true,"href":"https:\/\/www.webdo.tn\/fr\/wp-json\/wp\/v2\/media\/247617"}],"wp:attachment":[{"href":"https:\/\/www.webdo.tn\/fr\/wp-json\/wp\/v2\/media?parent=213470"}],"wp:term":[{"taxonomy":"category","embeddable":true,"href":"https:\/\/www.webdo.tn\/fr\/wp-json\/wp\/v2\/categories?post=213470"},{"taxonomy":"post_tag","embeddable":true,"href":"https:\/\/www.webdo.tn\/fr\/wp-json\/wp\/v2\/tags?post=213470"}],"curies":[{"name":"wp","href":"https:\/\/api.w.org\/{rel}","templated":true}]}}