{"id":213463,"date":"2024-04-08T21:33:00","date_gmt":"2024-04-08T21:33:00","guid":{"rendered":"https:\/\/www.webdo.tn\/fr\/blog\/tunisie-les-salaires-retenus-de-juillet-2023-verses-aux-enseignants-du-primaire\/213463\/"},"modified":"2025-05-20T21:51:40","modified_gmt":"2025-05-20T21:51:40","slug":"tunisie-les-salaires-retenus-de-juillet-2023-verses-aux-enseignants-du-primaire","status":"publish","type":"post","link":"https:\/\/www.webdo.tn\/fr\/actualite\/national\/tunisie-les-salaires-retenus-de-juillet-2023-verses-aux-enseignants-du-primaire\/213463\/","title":{"rendered":"Tunisie : Les salaires retenus de juillet 2023 vers\u00e9s aux enseignants du primaire"},"content":{"rendered":"<p>La ministre de l&rsquo;Education, Saloua Abassi a d\u00e9cid\u00e9 de d\u00e9bloquer la situation en versant les salaires bloqu\u00e9s des enseignants du primaire relatifs au mois de juillet 2023 en rapport avec l\u2019affaire de la r\u00e9tention des notes.<\/p>\n<p>\t\t\t\t\t\t\t\t\tDu nouveau dans l\u2019affaire de la r\u00e9tention des notes de l\u2019ann\u00e9e derni\u00e8re puisque que la F\u00e9d\u00e9ration g\u00e9n\u00e9rale de l&rsquo;enseignement de base vient d\u2019annoncer le d\u00e9blocage de la situation.<\/p>\n<p>Dans un communiqu\u00e9, publi\u00e9 sur sa page Facebook, ce lundi 8 avril 2024, la ministre de l&rsquo;Education, Saloua Abassi a en effet d\u00e9cid\u00e9 de signer la d\u00e9cision du versement des salaires retenus du mois de juillet 2023, des enseignants du primaire.<\/p>\n<p>Rappelons que le minist\u00e8re de l\u2019Education avait d\u00e9cid\u00e9, le 10 juillet 2023 de limoger 350 directeurs d\u2019\u00e9coles primaires, et de geler les salaires d\u2019un mois, de 17 mille instituteurs en raison de la r\u00e9tention des notes des \u00e9l\u00e8ves.<\/p>\n<p>Les revendications du secteur sont \u00e0 l&rsquo;origine de la r\u00e9tention des notes.<\/p>\n","protected":false},"excerpt":{"rendered":"<p>Du nouveau dans l\u2019affaire de la r\u00e9tention des notes de l\u2019ann\u00e9e derni\u00e8re puisque que la F\u00e9d\u00e9ration g\u00e9n\u00e9rale de l&rsquo;enseignement de base vient d\u2019annoncer le d\u00e9bloca&#8230;<\/p>\n","protected":false},"author":3162,"featured_media":247613,"comment_status":"open","ping_status":"closed","sticky":false,"template":"","format":"standard","meta":{"footnotes":""},"categories":[44],"tags":[3911,6687,6686,2608],"class_list":["post-213463","post","type-post","status-publish","format-standard","has-post-thumbnail","hentry","category-national","tag-enseignants","tag-retention-des-notes","tag-salaires","tag-tunisie"],"yoast_head":"<!-- This site is optimized with the Yoast SEO Premium plugin v27.4 (Yoast SEO v27.5) - https:\/\/yoast.com\/product\/yoast-seo-premium-wordpress\/ -->\n<title>Tunisie : Les salaires retenus de juillet 2023 vers\u00e9s aux enseignants du primaire<\/title>\n<meta name=\"description\" content=\"Du nouveau dans l\u2019affaire de la r\u00e9tention des notes de l\u2019ann\u00e9e derni\u00e8re puisque que la F\u00e9d\u00e9ration g\u00e9n\u00e9rale de l&#039;enseignement de base vient d\u2019annoncer le d\u00e9bloca...\" \/>\n<link rel=\"canonical\" href=\"https:\/\/www.webdo.tn\/fr\/actualite\/national\/tunisie-les-salaires-retenus-de-juillet-2023-verses-aux-enseignants-du-primaire\/213463\/\" \/>\n<meta property=\"og:locale\" content=\"fr_FR\" \/>\n<meta property=\"og:type\" content=\"article\" \/>\n<meta property=\"og:title\" content=\"Tunisie : Les salaires retenus de juillet 2023 vers\u00e9s aux enseignants du primaire\" \/>\n<meta property=\"og:description\" content=\"Du nouveau dans l\u2019affaire de la r\u00e9tention des notes de l\u2019ann\u00e9e derni\u00e8re puisque que la F\u00e9d\u00e9ration g\u00e9n\u00e9rale de l&#039;enseignement de base vient d\u2019annoncer le d\u00e9bloca...\" \/>\n<meta property=\"og:url\" content=\"https:\/\/www.webdo.tn\/fr\/actualite\/national\/tunisie-les-salaires-retenus-de-juillet-2023-verses-aux-enseignants-du-primaire\/213463\/\" \/>\n<meta property=\"og:site_name\" content=\"webdo\" \/>\n<meta property=\"article:publisher\" content=\"https:\/\/www.facebook.com\/webdotn\" \/>\n<meta property=\"article:published_time\" content=\"2024-04-08T21:33:00+00:00\" \/>\n<meta property=\"article:modified_time\" content=\"2025-05-20T21:51:40+00:00\" \/>\n<meta property=\"og:image\" content=\"https:\/\/www.webdo.tn\/fr\/wp-content\/uploads\/2024\/04\/72dcca1a79f3c2d09503897b2258aee6.jpg\" \/>\n\t<meta property=\"og:image:width\" content=\"750\" \/>\n\t<meta property=\"og:image:height\" content=\"400\" \/>\n\t<meta property=\"og:image:type\" content=\"image\/jpeg\" \/>\n<meta name=\"author\" content=\"MC\" \/>\n<meta name=\"twitter:card\" content=\"summary_large_image\" \/>\n<meta name=\"twitter:creator\" content=\"@webdo_tn\" \/>\n<meta name=\"twitter:site\" content=\"@webdo_tn\" \/>\n<meta name=\"twitter:label1\" content=\"\u00c9crit par\" \/>\n\t<meta name=\"twitter:data1\" content=\"MC\" \/>\n\t<meta name=\"twitter:label2\" content=\"Dur\u00e9e de lecture estim\u00e9e\" \/>\n\t<meta name=\"twitter:data2\" content=\"1 minute\" \/>\n<script type=\"application\/ld+json\" class=\"yoast-schema-graph\">{\"@context\":\"https:\\\/\\\/schema.org\",\"@graph\":[{\"@type\":\"NewsArticle\",\"@id\":\"https:\\\/\\\/www.webdo.tn\\\/fr\\\/actualite\\\/national\\\/tunisie-les-salaires-retenus-de-juillet-2023-verses-aux-enseignants-du-primaire\\\/213463\\\/#article\",\"isPartOf\":{\"@id\":\"https:\\\/\\\/www.webdo.tn\\\/fr\\\/actualite\\\/national\\\/tunisie-les-salaires-retenus-de-juillet-2023-verses-aux-enseignants-du-primaire\\\/213463\\\/\"},\"author\":{\"name\":\"MC\",\"@id\":\"https:\\\/\\\/www.webdo.tn\\\/fr\\\/#\\\/schema\\\/person\\\/2c4929cbf5a809e3bd38617c6ce150f6\"},\"headline\":\"Tunisie : Les salaires retenus de juillet 2023 vers\u00e9s aux enseignants du primaire\",\"datePublished\":\"2024-04-08T21:33:00+00:00\",\"dateModified\":\"2025-05-20T21:51:40+00:00\",\"mainEntityOfPage\":{\"@id\":\"https:\\\/\\\/www.webdo.tn\\\/fr\\\/actualite\\\/national\\\/tunisie-les-salaires-retenus-de-juillet-2023-verses-aux-enseignants-du-primaire\\\/213463\\\/\"},\"wordCount\":188,\"commentCount\":0,\"publisher\":{\"@id\":\"https:\\\/\\\/www.webdo.tn\\\/fr\\\/#organization\"},\"image\":{\"@id\":\"https:\\\/\\\/www.webdo.tn\\\/fr\\\/actualite\\\/national\\\/tunisie-les-salaires-retenus-de-juillet-2023-verses-aux-enseignants-du-primaire\\\/213463\\\/#primaryimage\"},\"thumbnailUrl\":\"https:\\\/\\\/www.webdo.tn\\\/fr\\\/wp-content\\\/uploads\\\/2024\\\/04\\\/72dcca1a79f3c2d09503897b2258aee6.jpg\",\"keywords\":[\"enseignants\",\"retention des notes\",\"Salaires\",\"Tunisie\"],\"articleSection\":[\"National\"],\"inLanguage\":\"fr-FR\"},{\"@type\":\"WebPage\",\"@id\":\"https:\\\/\\\/www.webdo.tn\\\/fr\\\/actualite\\\/national\\\/tunisie-les-salaires-retenus-de-juillet-2023-verses-aux-enseignants-du-primaire\\\/213463\\\/\",\"url\":\"https:\\\/\\\/www.webdo.tn\\\/fr\\\/actualite\\\/national\\\/tunisie-les-salaires-retenus-de-juillet-2023-verses-aux-enseignants-du-primaire\\\/213463\\\/\",\"name\":\"Tunisie : Les salaires retenus de juillet 2023 vers\u00e9s aux enseignants du primaire\",\"isPartOf\":{\"@id\":\"https:\\\/\\\/www.webdo.tn\\\/fr\\\/#website\"},\"primaryImageOfPage\":{\"@id\":\"https:\\\/\\\/www.webdo.tn\\\/fr\\\/actualite\\\/national\\\/tunisie-les-salaires-retenus-de-juillet-2023-verses-aux-enseignants-du-primaire\\\/213463\\\/#primaryimage\"},\"image\":{\"@id\":\"https:\\\/\\\/www.webdo.tn\\\/fr\\\/actualite\\\/national\\\/tunisie-les-salaires-retenus-de-juillet-2023-verses-aux-enseignants-du-primaire\\\/213463\\\/#primaryimage\"},\"thumbnailUrl\":\"https:\\\/\\\/www.webdo.tn\\\/fr\\\/wp-content\\\/uploads\\\/2024\\\/04\\\/72dcca1a79f3c2d09503897b2258aee6.jpg\",\"datePublished\":\"2024-04-08T21:33:00+00:00\",\"dateModified\":\"2025-05-20T21:51:40+00:00\",\"description\":\"Du nouveau dans l\u2019affaire de la r\u00e9tention des notes de l\u2019ann\u00e9e derni\u00e8re puisque que la F\u00e9d\u00e9ration g\u00e9n\u00e9rale de l'enseignement de base vient d\u2019annoncer le d\u00e9bloca...\",\"breadcrumb\":{\"@id\":\"https:\\\/\\\/www.webdo.tn\\\/fr\\\/actualite\\\/national\\\/tunisie-les-salaires-retenus-de-juillet-2023-verses-aux-enseignants-du-primaire\\\/213463\\\/#breadcrumb\"},\"inLanguage\":\"fr-FR\",\"potentialAction\":[{\"@type\":\"ReadAction\",\"target\":[\"https:\\\/\\\/www.webdo.tn\\\/fr\\\/actualite\\\/national\\\/tunisie-les-salaires-retenus-de-juillet-2023-verses-aux-enseignants-du-primaire\\\/213463\\\/\"]}]},{\"@type\":\"ImageObject\",\"inLanguage\":\"fr-FR\",\"@id\":\"https:\\\/\\\/www.webdo.tn\\\/fr\\\/actualite\\\/national\\\/tunisie-les-salaires-retenus-de-juillet-2023-verses-aux-enseignants-du-primaire\\\/213463\\\/#primaryimage\",\"url\":\"https:\\\/\\\/www.webdo.tn\\\/fr\\\/wp-content\\\/uploads\\\/2024\\\/04\\\/72dcca1a79f3c2d09503897b2258aee6.jpg\",\"contentUrl\":\"https:\\\/\\\/www.webdo.tn\\\/fr\\\/wp-content\\\/uploads\\\/2024\\\/04\\\/72dcca1a79f3c2d09503897b2258aee6.jpg\",\"width\":750,\"height\":400,\"caption\":\"Tunisie : Les salaires retenus de juillet 2023 vers\u00e9s aux enseignants du primaire\"},{\"@type\":\"BreadcrumbList\",\"@id\":\"https:\\\/\\\/www.webdo.tn\\\/fr\\\/actualite\\\/national\\\/tunisie-les-salaires-retenus-de-juillet-2023-verses-aux-enseignants-du-primaire\\\/213463\\\/#breadcrumb\",\"itemListElement\":[{\"@type\":\"ListItem\",\"position\":1,\"name\":\"Accueil\",\"item\":\"https:\\\/\\\/www.webdo.tn\\\/fr\\\/\"},{\"@type\":\"ListItem\",\"position\":2,\"name\":\"Tunisie : Les salaires retenus de juillet 2023 vers\u00e9s aux enseignants du primaire\"}]},{\"@type\":\"WebSite\",\"@id\":\"https:\\\/\\\/www.webdo.tn\\\/fr\\\/#website\",\"url\":\"https:\\\/\\\/www.webdo.tn\\\/fr\\\/\",\"name\":\"webdo\",\"description\":\"Tunisie - News en Tunisie et \u00e0 l&#039;international sur Webdo.tn\",\"publisher\":{\"@id\":\"https:\\\/\\\/www.webdo.tn\\\/fr\\\/#organization\"},\"potentialAction\":[{\"@type\":\"SearchAction\",\"target\":{\"@type\":\"EntryPoint\",\"urlTemplate\":\"https:\\\/\\\/www.webdo.tn\\\/fr\\\/?s={search_term_string}\"},\"query-input\":{\"@type\":\"PropertyValueSpecification\",\"valueRequired\":true,\"valueName\":\"search_term_string\"}}],\"inLanguage\":\"fr-FR\"},{\"@type\":\"Organization\",\"@id\":\"https:\\\/\\\/www.webdo.tn\\\/fr\\\/#organization\",\"name\":\"Webdo\",\"alternateName\":\"Webdo.tn\",\"url\":\"https:\\\/\\\/www.webdo.tn\\\/fr\\\/\",\"logo\":{\"@type\":\"ImageObject\",\"inLanguage\":\"fr-FR\",\"@id\":\"https:\\\/\\\/www.webdo.tn\\\/fr\\\/#\\\/schema\\\/logo\\\/image\\\/\",\"url\":\"https:\\\/\\\/www.webdo.tn\\\/fr\\\/wp-content\\\/uploads\\\/2025\\\/06\\\/Webdo-Tunisie_168377.jpg\",\"contentUrl\":\"https:\\\/\\\/www.webdo.tn\\\/fr\\\/wp-content\\\/uploads\\\/2025\\\/06\\\/Webdo-Tunisie_168377.jpg\",\"width\":301,\"height\":301,\"caption\":\"Webdo\"},\"image\":{\"@id\":\"https:\\\/\\\/www.webdo.tn\\\/fr\\\/#\\\/schema\\\/logo\\\/image\\\/\"},\"sameAs\":[\"https:\\\/\\\/www.facebook.com\\\/webdotn\",\"https:\\\/\\\/x.com\\\/webdo_tn\"],\"description\":\"Webdo est un m\u00e9dia num\u00e9rique tunisien fond\u00e9 en 2010, sp\u00e9cialis\u00e9 dans l\u2019actualit\u00e9 nationale et internationale, l\u2019\u00e9conomie, la soci\u00e9t\u00e9 et les analyses politiques. Le site s\u2019adresse \u00e0 un large public francophone et couvre l\u2019information tunisienne en temps r\u00e9el.\",\"email\":\"redac@webdo.tn\",\"legalName\":\"YNJ SARL\",\"foundingDate\":\"2010-09-06\",\"numberOfEmployees\":{\"@type\":\"QuantitativeValue\",\"minValue\":\"11\",\"maxValue\":\"50\"}},{\"@type\":\"Person\",\"@id\":\"https:\\\/\\\/www.webdo.tn\\\/fr\\\/#\\\/schema\\\/person\\\/2c4929cbf5a809e3bd38617c6ce150f6\",\"name\":\"MC\",\"image\":{\"@type\":\"ImageObject\",\"inLanguage\":\"fr-FR\",\"@id\":\"https:\\\/\\\/secure.gravatar.com\\\/avatar\\\/a545bbb6f84efdd5553dbbc2895e3ca8f1d12c5215e00a041c9670b54aa9b18a?s=96&d=mm&r=g\",\"url\":\"https:\\\/\\\/secure.gravatar.com\\\/avatar\\\/a545bbb6f84efdd5553dbbc2895e3ca8f1d12c5215e00a041c9670b54aa9b18a?s=96&d=mm&r=g\",\"contentUrl\":\"https:\\\/\\\/secure.gravatar.com\\\/avatar\\\/a545bbb6f84efdd5553dbbc2895e3ca8f1d12c5215e00a041c9670b54aa9b18a?s=96&d=mm&r=g\",\"caption\":\"MC\"},\"url\":\"https:\\\/\\\/www.webdo.tn\\\/fr\\\/actualite\\\/author\\\/mc\\\/\"}]}<\/script>\n<!-- \/ Yoast SEO Premium plugin. -->","yoast_head_json":{"title":"Tunisie : Les salaires retenus de juillet 2023 vers\u00e9s aux enseignants du primaire","description":"Du nouveau dans l\u2019affaire de la r\u00e9tention des notes de l\u2019ann\u00e9e derni\u00e8re puisque que la F\u00e9d\u00e9ration g\u00e9n\u00e9rale de l'enseignement de base vient d\u2019annoncer le d\u00e9bloca...","canonical":"https:\/\/www.webdo.tn\/fr\/actualite\/national\/tunisie-les-salaires-retenus-de-juillet-2023-verses-aux-enseignants-du-primaire\/213463\/","og_locale":"fr_FR","og_type":"article","og_title":"Tunisie : Les salaires retenus de juillet 2023 vers\u00e9s aux enseignants du primaire","og_description":"Du nouveau dans l\u2019affaire de la r\u00e9tention des notes de l\u2019ann\u00e9e derni\u00e8re puisque que la F\u00e9d\u00e9ration g\u00e9n\u00e9rale de l'enseignement de base vient d\u2019annoncer le d\u00e9bloca...","og_url":"https:\/\/www.webdo.tn\/fr\/actualite\/national\/tunisie-les-salaires-retenus-de-juillet-2023-verses-aux-enseignants-du-primaire\/213463\/","og_site_name":"webdo","article_publisher":"https:\/\/www.facebook.com\/webdotn","article_published_time":"2024-04-08T21:33:00+00:00","article_modified_time":"2025-05-20T21:51:40+00:00","og_image":[{"width":750,"height":400,"url":"https:\/\/www.webdo.tn\/fr\/wp-content\/uploads\/2024\/04\/72dcca1a79f3c2d09503897b2258aee6.jpg","type":"image\/jpeg"}],"author":"MC","twitter_card":"summary_large_image","twitter_creator":"@webdo_tn","twitter_site":"@webdo_tn","twitter_misc":{"\u00c9crit par":"MC","Dur\u00e9e de lecture estim\u00e9e":"1 minute"},"schema":{"@context":"https:\/\/schema.org","@graph":[{"@type":"NewsArticle","@id":"https:\/\/www.webdo.tn\/fr\/actualite\/national\/tunisie-les-salaires-retenus-de-juillet-2023-verses-aux-enseignants-du-primaire\/213463\/#article","isPartOf":{"@id":"https:\/\/www.webdo.tn\/fr\/actualite\/national\/tunisie-les-salaires-retenus-de-juillet-2023-verses-aux-enseignants-du-primaire\/213463\/"},"author":{"name":"MC","@id":"https:\/\/www.webdo.tn\/fr\/#\/schema\/person\/2c4929cbf5a809e3bd38617c6ce150f6"},"headline":"Tunisie : Les salaires retenus de juillet 2023 vers\u00e9s aux enseignants du primaire","datePublished":"2024-04-08T21:33:00+00:00","dateModified":"2025-05-20T21:51:40+00:00","mainEntityOfPage":{"@id":"https:\/\/www.webdo.tn\/fr\/actualite\/national\/tunisie-les-salaires-retenus-de-juillet-2023-verses-aux-enseignants-du-primaire\/213463\/"},"wordCount":188,"commentCount":0,"publisher":{"@id":"https:\/\/www.webdo.tn\/fr\/#organization"},"image":{"@id":"https:\/\/www.webdo.tn\/fr\/actualite\/national\/tunisie-les-salaires-retenus-de-juillet-2023-verses-aux-enseignants-du-primaire\/213463\/#primaryimage"},"thumbnailUrl":"https:\/\/www.webdo.tn\/fr\/wp-content\/uploads\/2024\/04\/72dcca1a79f3c2d09503897b2258aee6.jpg","keywords":["enseignants","retention des notes","Salaires","Tunisie"],"articleSection":["National"],"inLanguage":"fr-FR"},{"@type":"WebPage","@id":"https:\/\/www.webdo.tn\/fr\/actualite\/national\/tunisie-les-salaires-retenus-de-juillet-2023-verses-aux-enseignants-du-primaire\/213463\/","url":"https:\/\/www.webdo.tn\/fr\/actualite\/national\/tunisie-les-salaires-retenus-de-juillet-2023-verses-aux-enseignants-du-primaire\/213463\/","name":"Tunisie : Les salaires retenus de juillet 2023 vers\u00e9s aux enseignants du primaire","isPartOf":{"@id":"https:\/\/www.webdo.tn\/fr\/#website"},"primaryImageOfPage":{"@id":"https:\/\/www.webdo.tn\/fr\/actualite\/national\/tunisie-les-salaires-retenus-de-juillet-2023-verses-aux-enseignants-du-primaire\/213463\/#primaryimage"},"image":{"@id":"https:\/\/www.webdo.tn\/fr\/actualite\/national\/tunisie-les-salaires-retenus-de-juillet-2023-verses-aux-enseignants-du-primaire\/213463\/#primaryimage"},"thumbnailUrl":"https:\/\/www.webdo.tn\/fr\/wp-content\/uploads\/2024\/04\/72dcca1a79f3c2d09503897b2258aee6.jpg","datePublished":"2024-04-08T21:33:00+00:00","dateModified":"2025-05-20T21:51:40+00:00","description":"Du nouveau dans l\u2019affaire de la r\u00e9tention des notes de l\u2019ann\u00e9e derni\u00e8re puisque que la F\u00e9d\u00e9ration g\u00e9n\u00e9rale de l'enseignement de base vient d\u2019annoncer le d\u00e9bloca...","breadcrumb":{"@id":"https:\/\/www.webdo.tn\/fr\/actualite\/national\/tunisie-les-salaires-retenus-de-juillet-2023-verses-aux-enseignants-du-primaire\/213463\/#breadcrumb"},"inLanguage":"fr-FR","potentialAction":[{"@type":"ReadAction","target":["https:\/\/www.webdo.tn\/fr\/actualite\/national\/tunisie-les-salaires-retenus-de-juillet-2023-verses-aux-enseignants-du-primaire\/213463\/"]}]},{"@type":"ImageObject","inLanguage":"fr-FR","@id":"https:\/\/www.webdo.tn\/fr\/actualite\/national\/tunisie-les-salaires-retenus-de-juillet-2023-verses-aux-enseignants-du-primaire\/213463\/#primaryimage","url":"https:\/\/www.webdo.tn\/fr\/wp-content\/uploads\/2024\/04\/72dcca1a79f3c2d09503897b2258aee6.jpg","contentUrl":"https:\/\/www.webdo.tn\/fr\/wp-content\/uploads\/2024\/04\/72dcca1a79f3c2d09503897b2258aee6.jpg","width":750,"height":400,"caption":"Tunisie : Les salaires retenus de juillet 2023 vers\u00e9s aux enseignants du primaire"},{"@type":"BreadcrumbList","@id":"https:\/\/www.webdo.tn\/fr\/actualite\/national\/tunisie-les-salaires-retenus-de-juillet-2023-verses-aux-enseignants-du-primaire\/213463\/#breadcrumb","itemListElement":[{"@type":"ListItem","position":1,"name":"Accueil","item":"https:\/\/www.webdo.tn\/fr\/"},{"@type":"ListItem","position":2,"name":"Tunisie : Les salaires retenus de juillet 2023 vers\u00e9s aux enseignants du primaire"}]},{"@type":"WebSite","@id":"https:\/\/www.webdo.tn\/fr\/#website","url":"https:\/\/www.webdo.tn\/fr\/","name":"webdo","description":"Tunisie - News en Tunisie et \u00e0 l&#039;international sur Webdo.tn","publisher":{"@id":"https:\/\/www.webdo.tn\/fr\/#organization"},"potentialAction":[{"@type":"SearchAction","target":{"@type":"EntryPoint","urlTemplate":"https:\/\/www.webdo.tn\/fr\/?s={search_term_string}"},"query-input":{"@type":"PropertyValueSpecification","valueRequired":true,"valueName":"search_term_string"}}],"inLanguage":"fr-FR"},{"@type":"Organization","@id":"https:\/\/www.webdo.tn\/fr\/#organization","name":"Webdo","alternateName":"Webdo.tn","url":"https:\/\/www.webdo.tn\/fr\/","logo":{"@type":"ImageObject","inLanguage":"fr-FR","@id":"https:\/\/www.webdo.tn\/fr\/#\/schema\/logo\/image\/","url":"https:\/\/www.webdo.tn\/fr\/wp-content\/uploads\/2025\/06\/Webdo-Tunisie_168377.jpg","contentUrl":"https:\/\/www.webdo.tn\/fr\/wp-content\/uploads\/2025\/06\/Webdo-Tunisie_168377.jpg","width":301,"height":301,"caption":"Webdo"},"image":{"@id":"https:\/\/www.webdo.tn\/fr\/#\/schema\/logo\/image\/"},"sameAs":["https:\/\/www.facebook.com\/webdotn","https:\/\/x.com\/webdo_tn"],"description":"Webdo est un m\u00e9dia num\u00e9rique tunisien fond\u00e9 en 2010, sp\u00e9cialis\u00e9 dans l\u2019actualit\u00e9 nationale et internationale, l\u2019\u00e9conomie, la soci\u00e9t\u00e9 et les analyses politiques. Le site s\u2019adresse \u00e0 un large public francophone et couvre l\u2019information tunisienne en temps r\u00e9el.","email":"redac@webdo.tn","legalName":"YNJ SARL","foundingDate":"2010-09-06","numberOfEmployees":{"@type":"QuantitativeValue","minValue":"11","maxValue":"50"}},{"@type":"Person","@id":"https:\/\/www.webdo.tn\/fr\/#\/schema\/person\/2c4929cbf5a809e3bd38617c6ce150f6","name":"MC","image":{"@type":"ImageObject","inLanguage":"fr-FR","@id":"https:\/\/secure.gravatar.com\/avatar\/a545bbb6f84efdd5553dbbc2895e3ca8f1d12c5215e00a041c9670b54aa9b18a?s=96&d=mm&r=g","url":"https:\/\/secure.gravatar.com\/avatar\/a545bbb6f84efdd5553dbbc2895e3ca8f1d12c5215e00a041c9670b54aa9b18a?s=96&d=mm&r=g","contentUrl":"https:\/\/secure.gravatar.com\/avatar\/a545bbb6f84efdd5553dbbc2895e3ca8f1d12c5215e00a041c9670b54aa9b18a?s=96&d=mm&r=g","caption":"MC"},"url":"https:\/\/www.webdo.tn\/fr\/actualite\/author\/mc\/"}]}},"_links":{"self":[{"href":"https:\/\/www.webdo.tn\/fr\/wp-json\/wp\/v2\/posts\/213463","targetHints":{"allow":["GET"]}}],"collection":[{"href":"https:\/\/www.webdo.tn\/fr\/wp-json\/wp\/v2\/posts"}],"about":[{"href":"https:\/\/www.webdo.tn\/fr\/wp-json\/wp\/v2\/types\/post"}],"author":[{"embeddable":true,"href":"https:\/\/www.webdo.tn\/fr\/wp-json\/wp\/v2\/users\/3162"}],"replies":[{"embeddable":true,"href":"https:\/\/www.webdo.tn\/fr\/wp-json\/wp\/v2\/comments?post=213463"}],"version-history":[{"count":0,"href":"https:\/\/www.webdo.tn\/fr\/wp-json\/wp\/v2\/posts\/213463\/revisions"}],"wp:featuredmedia":[{"embeddable":true,"href":"https:\/\/www.webdo.tn\/fr\/wp-json\/wp\/v2\/media\/247613"}],"wp:attachment":[{"href":"https:\/\/www.webdo.tn\/fr\/wp-json\/wp\/v2\/media?parent=213463"}],"wp:term":[{"taxonomy":"category","embeddable":true,"href":"https:\/\/www.webdo.tn\/fr\/wp-json\/wp\/v2\/categories?post=213463"},{"taxonomy":"post_tag","embeddable":true,"href":"https:\/\/www.webdo.tn\/fr\/wp-json\/wp\/v2\/tags?post=213463"}],"curies":[{"name":"wp","href":"https:\/\/api.w.org\/{rel}","templated":true}]}}