{"id":213452,"date":"2024-04-08T13:00:00","date_gmt":"2024-04-08T13:00:00","guid":{"rendered":"https:\/\/www.webdo.tn\/fr\/blog\/wta-ons-jabeur-retrograde-a-la-9e-place-mondiale\/213452\/"},"modified":"2025-05-20T22:12:45","modified_gmt":"2025-05-20T22:12:45","slug":"wta-ons-jabeur-retrograde-a-la-9e-place-mondiale","status":"publish","type":"post","link":"https:\/\/www.webdo.tn\/fr\/actualite\/sport\/wta-ons-jabeur-retrograde-a-la-9e-place-mondiale\/213452\/","title":{"rendered":"WTA : Ons Jabeur r\u00e9trograde \u00e0 la 9e place mondiale"},"content":{"rendered":"<p>Ses d\u00e9boires ont eu raison d\u2019elle ! Ons Jabeur, class\u00e9e 6e mondiale pendant 23 semaines, a r\u00e9trograd\u00e9 \u00e0 la 9e place du classement WTA, actualis\u00e9 ce lundi 8 avril 2024.<\/p>\n<p>\t\t\t\t\t\t\t\t\tLa tenniswoman tunisienne Ons Jabeur, qui collectionne les mauvais r\u00e9sultats cette saison, a perdu trois places au classement WTA, actualis\u00e9 ce lundi 8 avril 2024 pour se positionner d\u00e9sormais en tant que 9e joueuse mondiale du circuit professionnel<\/p>\n<p>Celle qui pointait, il y a un peu plus d\u2019un an \u00e0 la 2e place mondiale (16 janvier 2023), totalise d\u00e9sormais 3658 points tr\u00e8s loin derri\u00e8re la n\u00b01 mondiale, Iga Swiatek (10.835 points) et juste devant Jelena Ostapenko, 10e mondiale avec 3438 points.<\/p>\n<p>Pour le reste du classment, Aryna Sabalenka est 2e avec 8045 points, puis suivent Cori Gauff (7205), Elena Rybakina (5848), Jessica Pegula (4870), Maria Sakkari (4195), Qinwen Zheng (3995), Marketa Vondrousova arrivant 8e avec 3895 points.<\/p>\n<p>Ons Jabeur peut se targuer d\u2019avoir \u00e9t\u00e9 la joueuse tunisienne, arabe et africaine la mieux class\u00e9e du classement WTA avec sa 2e place, mais cette saison, son bilan est bien loin de son niveau habituel avec deux victoires et six d\u00e9faites.<\/p>\n","protected":false},"excerpt":{"rendered":"<p>La tenniswoman tunisienne Ons Jabeur, qui collectionne les mauvais r\u00e9sultats cette saison, a perdu trois places au classement WTA<\/p>\n","protected":false},"author":3162,"featured_media":290455,"comment_status":"open","ping_status":"closed","sticky":false,"template":"","format":"standard","meta":{"footnotes":""},"categories":[2593],"tags":[2663,2604,2605],"class_list":["post-213452","post","type-post","status-publish","format-standard","has-post-thumbnail","hentry","category-sport","tag-classement-wta","tag-ons-jabeur","tag-tennis"],"yoast_head":"<!-- This site is optimized with the Yoast SEO Premium plugin v27.4 (Yoast SEO v27.5) - https:\/\/yoast.com\/product\/yoast-seo-premium-wordpress\/ -->\n<title>WTA : Ons Jabeur r\u00e9trograde \u00e0 la 9e place mondiale<\/title>\n<meta name=\"description\" content=\"La tenniswoman tunisienne Ons Jabeur, qui collectionne les mauvais r\u00e9sultats cette saison, a perdu trois places au classement WTA\" \/>\n<link rel=\"canonical\" href=\"https:\/\/www.webdo.tn\/fr\/actualite\/sport\/wta-ons-jabeur-retrograde-a-la-9e-place-mondiale\/213452\/\" \/>\n<meta property=\"og:locale\" content=\"fr_FR\" \/>\n<meta property=\"og:type\" content=\"article\" \/>\n<meta property=\"og:title\" content=\"WTA : Ons Jabeur r\u00e9trograde \u00e0 la 9e place mondiale\" \/>\n<meta property=\"og:description\" content=\"La tenniswoman tunisienne Ons Jabeur, qui collectionne les mauvais r\u00e9sultats cette saison, a perdu trois places au classement WTA\" \/>\n<meta property=\"og:url\" content=\"https:\/\/www.webdo.tn\/fr\/actualite\/sport\/wta-ons-jabeur-retrograde-a-la-9e-place-mondiale\/213452\/\" \/>\n<meta property=\"og:site_name\" content=\"webdo\" \/>\n<meta property=\"article:publisher\" content=\"https:\/\/www.facebook.com\/webdotn\" \/>\n<meta property=\"article:published_time\" content=\"2024-04-08T13:00:00+00:00\" \/>\n<meta property=\"article:modified_time\" content=\"2025-05-20T22:12:45+00:00\" \/>\n<meta property=\"og:image\" content=\"https:\/\/www.webdo.tn\/fr\/wp-content\/uploads\/2024\/04\/a51cde1eb118549aad134e8deac2c86f.jpg\" \/>\n\t<meta property=\"og:image:width\" content=\"750\" \/>\n\t<meta property=\"og:image:height\" content=\"400\" \/>\n\t<meta property=\"og:image:type\" content=\"image\/jpeg\" \/>\n<meta name=\"author\" content=\"MC\" \/>\n<meta name=\"twitter:card\" content=\"summary_large_image\" \/>\n<meta name=\"twitter:creator\" content=\"@webdo_tn\" \/>\n<meta name=\"twitter:site\" content=\"@webdo_tn\" \/>\n<meta name=\"twitter:label1\" content=\"\u00c9crit par\" \/>\n\t<meta name=\"twitter:data1\" content=\"MC\" \/>\n\t<meta name=\"twitter:label2\" content=\"Dur\u00e9e de lecture estim\u00e9e\" \/>\n\t<meta name=\"twitter:data2\" content=\"1 minute\" \/>\n<script type=\"application\/ld+json\" class=\"yoast-schema-graph\">{\"@context\":\"https:\\\/\\\/schema.org\",\"@graph\":[{\"@type\":\"NewsArticle\",\"@id\":\"https:\\\/\\\/www.webdo.tn\\\/fr\\\/actualite\\\/sport\\\/wta-ons-jabeur-retrograde-a-la-9e-place-mondiale\\\/213452\\\/#article\",\"isPartOf\":{\"@id\":\"https:\\\/\\\/www.webdo.tn\\\/fr\\\/actualite\\\/sport\\\/wta-ons-jabeur-retrograde-a-la-9e-place-mondiale\\\/213452\\\/\"},\"author\":{\"name\":\"MC\",\"@id\":\"https:\\\/\\\/www.webdo.tn\\\/fr\\\/#\\\/schema\\\/person\\\/2c4929cbf5a809e3bd38617c6ce150f6\"},\"headline\":\"WTA : Ons Jabeur r\u00e9trograde \u00e0 la 9e place mondiale\",\"datePublished\":\"2024-04-08T13:00:00+00:00\",\"dateModified\":\"2025-05-20T22:12:45+00:00\",\"mainEntityOfPage\":{\"@id\":\"https:\\\/\\\/www.webdo.tn\\\/fr\\\/actualite\\\/sport\\\/wta-ons-jabeur-retrograde-a-la-9e-place-mondiale\\\/213452\\\/\"},\"wordCount\":190,\"commentCount\":0,\"publisher\":{\"@id\":\"https:\\\/\\\/www.webdo.tn\\\/fr\\\/#organization\"},\"image\":{\"@id\":\"https:\\\/\\\/www.webdo.tn\\\/fr\\\/actualite\\\/sport\\\/wta-ons-jabeur-retrograde-a-la-9e-place-mondiale\\\/213452\\\/#primaryimage\"},\"thumbnailUrl\":\"https:\\\/\\\/www.webdo.tn\\\/fr\\\/wp-content\\\/uploads\\\/2024\\\/04\\\/a51cde1eb118549aad134e8deac2c86f.jpg\",\"keywords\":[\"classement wta\",\"Ons Jabeur\",\"tennis\"],\"articleSection\":[\"Sport\"],\"inLanguage\":\"fr-FR\"},{\"@type\":\"WebPage\",\"@id\":\"https:\\\/\\\/www.webdo.tn\\\/fr\\\/actualite\\\/sport\\\/wta-ons-jabeur-retrograde-a-la-9e-place-mondiale\\\/213452\\\/\",\"url\":\"https:\\\/\\\/www.webdo.tn\\\/fr\\\/actualite\\\/sport\\\/wta-ons-jabeur-retrograde-a-la-9e-place-mondiale\\\/213452\\\/\",\"name\":\"WTA : Ons Jabeur r\u00e9trograde \u00e0 la 9e place mondiale\",\"isPartOf\":{\"@id\":\"https:\\\/\\\/www.webdo.tn\\\/fr\\\/#website\"},\"primaryImageOfPage\":{\"@id\":\"https:\\\/\\\/www.webdo.tn\\\/fr\\\/actualite\\\/sport\\\/wta-ons-jabeur-retrograde-a-la-9e-place-mondiale\\\/213452\\\/#primaryimage\"},\"image\":{\"@id\":\"https:\\\/\\\/www.webdo.tn\\\/fr\\\/actualite\\\/sport\\\/wta-ons-jabeur-retrograde-a-la-9e-place-mondiale\\\/213452\\\/#primaryimage\"},\"thumbnailUrl\":\"https:\\\/\\\/www.webdo.tn\\\/fr\\\/wp-content\\\/uploads\\\/2024\\\/04\\\/a51cde1eb118549aad134e8deac2c86f.jpg\",\"datePublished\":\"2024-04-08T13:00:00+00:00\",\"dateModified\":\"2025-05-20T22:12:45+00:00\",\"description\":\"La tenniswoman tunisienne Ons Jabeur, qui collectionne les mauvais r\u00e9sultats cette saison, a perdu trois places au classement WTA\",\"breadcrumb\":{\"@id\":\"https:\\\/\\\/www.webdo.tn\\\/fr\\\/actualite\\\/sport\\\/wta-ons-jabeur-retrograde-a-la-9e-place-mondiale\\\/213452\\\/#breadcrumb\"},\"inLanguage\":\"fr-FR\",\"potentialAction\":[{\"@type\":\"ReadAction\",\"target\":[\"https:\\\/\\\/www.webdo.tn\\\/fr\\\/actualite\\\/sport\\\/wta-ons-jabeur-retrograde-a-la-9e-place-mondiale\\\/213452\\\/\"]}]},{\"@type\":\"ImageObject\",\"inLanguage\":\"fr-FR\",\"@id\":\"https:\\\/\\\/www.webdo.tn\\\/fr\\\/actualite\\\/sport\\\/wta-ons-jabeur-retrograde-a-la-9e-place-mondiale\\\/213452\\\/#primaryimage\",\"url\":\"https:\\\/\\\/www.webdo.tn\\\/fr\\\/wp-content\\\/uploads\\\/2024\\\/04\\\/a51cde1eb118549aad134e8deac2c86f.jpg\",\"contentUrl\":\"https:\\\/\\\/www.webdo.tn\\\/fr\\\/wp-content\\\/uploads\\\/2024\\\/04\\\/a51cde1eb118549aad134e8deac2c86f.jpg\",\"width\":750,\"height\":400,\"caption\":\"WTA : Ons Jabeur r\u00e9trograde \u00e0 la 9e place mondiale\"},{\"@type\":\"BreadcrumbList\",\"@id\":\"https:\\\/\\\/www.webdo.tn\\\/fr\\\/actualite\\\/sport\\\/wta-ons-jabeur-retrograde-a-la-9e-place-mondiale\\\/213452\\\/#breadcrumb\",\"itemListElement\":[{\"@type\":\"ListItem\",\"position\":1,\"name\":\"Accueil\",\"item\":\"https:\\\/\\\/www.webdo.tn\\\/fr\\\/\"},{\"@type\":\"ListItem\",\"position\":2,\"name\":\"WTA : Ons Jabeur r\u00e9trograde \u00e0 la 9e place mondiale\"}]},{\"@type\":\"WebSite\",\"@id\":\"https:\\\/\\\/www.webdo.tn\\\/fr\\\/#website\",\"url\":\"https:\\\/\\\/www.webdo.tn\\\/fr\\\/\",\"name\":\"webdo\",\"description\":\"Tunisie - News en Tunisie et \u00e0 l&#039;international sur Webdo.tn\",\"publisher\":{\"@id\":\"https:\\\/\\\/www.webdo.tn\\\/fr\\\/#organization\"},\"potentialAction\":[{\"@type\":\"SearchAction\",\"target\":{\"@type\":\"EntryPoint\",\"urlTemplate\":\"https:\\\/\\\/www.webdo.tn\\\/fr\\\/?s={search_term_string}\"},\"query-input\":{\"@type\":\"PropertyValueSpecification\",\"valueRequired\":true,\"valueName\":\"search_term_string\"}}],\"inLanguage\":\"fr-FR\"},{\"@type\":\"Organization\",\"@id\":\"https:\\\/\\\/www.webdo.tn\\\/fr\\\/#organization\",\"name\":\"Webdo\",\"alternateName\":\"Webdo.tn\",\"url\":\"https:\\\/\\\/www.webdo.tn\\\/fr\\\/\",\"logo\":{\"@type\":\"ImageObject\",\"inLanguage\":\"fr-FR\",\"@id\":\"https:\\\/\\\/www.webdo.tn\\\/fr\\\/#\\\/schema\\\/logo\\\/image\\\/\",\"url\":\"https:\\\/\\\/www.webdo.tn\\\/fr\\\/wp-content\\\/uploads\\\/2025\\\/06\\\/Webdo-Tunisie_168377.jpg\",\"contentUrl\":\"https:\\\/\\\/www.webdo.tn\\\/fr\\\/wp-content\\\/uploads\\\/2025\\\/06\\\/Webdo-Tunisie_168377.jpg\",\"width\":301,\"height\":301,\"caption\":\"Webdo\"},\"image\":{\"@id\":\"https:\\\/\\\/www.webdo.tn\\\/fr\\\/#\\\/schema\\\/logo\\\/image\\\/\"},\"sameAs\":[\"https:\\\/\\\/www.facebook.com\\\/webdotn\",\"https:\\\/\\\/x.com\\\/webdo_tn\"],\"description\":\"Webdo est un m\u00e9dia num\u00e9rique tunisien fond\u00e9 en 2010, sp\u00e9cialis\u00e9 dans l\u2019actualit\u00e9 nationale et internationale, l\u2019\u00e9conomie, la soci\u00e9t\u00e9 et les analyses politiques. Le site s\u2019adresse \u00e0 un large public francophone et couvre l\u2019information tunisienne en temps r\u00e9el.\",\"email\":\"redac@webdo.tn\",\"legalName\":\"YNJ SARL\",\"foundingDate\":\"2010-09-06\",\"numberOfEmployees\":{\"@type\":\"QuantitativeValue\",\"minValue\":\"11\",\"maxValue\":\"50\"}},{\"@type\":\"Person\",\"@id\":\"https:\\\/\\\/www.webdo.tn\\\/fr\\\/#\\\/schema\\\/person\\\/2c4929cbf5a809e3bd38617c6ce150f6\",\"name\":\"MC\",\"image\":{\"@type\":\"ImageObject\",\"inLanguage\":\"fr-FR\",\"@id\":\"https:\\\/\\\/secure.gravatar.com\\\/avatar\\\/a545bbb6f84efdd5553dbbc2895e3ca8f1d12c5215e00a041c9670b54aa9b18a?s=96&d=mm&r=g\",\"url\":\"https:\\\/\\\/secure.gravatar.com\\\/avatar\\\/a545bbb6f84efdd5553dbbc2895e3ca8f1d12c5215e00a041c9670b54aa9b18a?s=96&d=mm&r=g\",\"contentUrl\":\"https:\\\/\\\/secure.gravatar.com\\\/avatar\\\/a545bbb6f84efdd5553dbbc2895e3ca8f1d12c5215e00a041c9670b54aa9b18a?s=96&d=mm&r=g\",\"caption\":\"MC\"},\"url\":\"https:\\\/\\\/www.webdo.tn\\\/fr\\\/actualite\\\/author\\\/mc\\\/\"}]}<\/script>\n<!-- \/ Yoast SEO Premium plugin. -->","yoast_head_json":{"title":"WTA : Ons Jabeur r\u00e9trograde \u00e0 la 9e place mondiale","description":"La tenniswoman tunisienne Ons Jabeur, qui collectionne les mauvais r\u00e9sultats cette saison, a perdu trois places au classement WTA","canonical":"https:\/\/www.webdo.tn\/fr\/actualite\/sport\/wta-ons-jabeur-retrograde-a-la-9e-place-mondiale\/213452\/","og_locale":"fr_FR","og_type":"article","og_title":"WTA : Ons Jabeur r\u00e9trograde \u00e0 la 9e place mondiale","og_description":"La tenniswoman tunisienne Ons Jabeur, qui collectionne les mauvais r\u00e9sultats cette saison, a perdu trois places au classement WTA","og_url":"https:\/\/www.webdo.tn\/fr\/actualite\/sport\/wta-ons-jabeur-retrograde-a-la-9e-place-mondiale\/213452\/","og_site_name":"webdo","article_publisher":"https:\/\/www.facebook.com\/webdotn","article_published_time":"2024-04-08T13:00:00+00:00","article_modified_time":"2025-05-20T22:12:45+00:00","og_image":[{"width":750,"height":400,"url":"https:\/\/www.webdo.tn\/fr\/wp-content\/uploads\/2024\/04\/a51cde1eb118549aad134e8deac2c86f.jpg","type":"image\/jpeg"}],"author":"MC","twitter_card":"summary_large_image","twitter_creator":"@webdo_tn","twitter_site":"@webdo_tn","twitter_misc":{"\u00c9crit par":"MC","Dur\u00e9e de lecture estim\u00e9e":"1 minute"},"schema":{"@context":"https:\/\/schema.org","@graph":[{"@type":"NewsArticle","@id":"https:\/\/www.webdo.tn\/fr\/actualite\/sport\/wta-ons-jabeur-retrograde-a-la-9e-place-mondiale\/213452\/#article","isPartOf":{"@id":"https:\/\/www.webdo.tn\/fr\/actualite\/sport\/wta-ons-jabeur-retrograde-a-la-9e-place-mondiale\/213452\/"},"author":{"name":"MC","@id":"https:\/\/www.webdo.tn\/fr\/#\/schema\/person\/2c4929cbf5a809e3bd38617c6ce150f6"},"headline":"WTA : Ons Jabeur r\u00e9trograde \u00e0 la 9e place mondiale","datePublished":"2024-04-08T13:00:00+00:00","dateModified":"2025-05-20T22:12:45+00:00","mainEntityOfPage":{"@id":"https:\/\/www.webdo.tn\/fr\/actualite\/sport\/wta-ons-jabeur-retrograde-a-la-9e-place-mondiale\/213452\/"},"wordCount":190,"commentCount":0,"publisher":{"@id":"https:\/\/www.webdo.tn\/fr\/#organization"},"image":{"@id":"https:\/\/www.webdo.tn\/fr\/actualite\/sport\/wta-ons-jabeur-retrograde-a-la-9e-place-mondiale\/213452\/#primaryimage"},"thumbnailUrl":"https:\/\/www.webdo.tn\/fr\/wp-content\/uploads\/2024\/04\/a51cde1eb118549aad134e8deac2c86f.jpg","keywords":["classement wta","Ons Jabeur","tennis"],"articleSection":["Sport"],"inLanguage":"fr-FR"},{"@type":"WebPage","@id":"https:\/\/www.webdo.tn\/fr\/actualite\/sport\/wta-ons-jabeur-retrograde-a-la-9e-place-mondiale\/213452\/","url":"https:\/\/www.webdo.tn\/fr\/actualite\/sport\/wta-ons-jabeur-retrograde-a-la-9e-place-mondiale\/213452\/","name":"WTA : Ons Jabeur r\u00e9trograde \u00e0 la 9e place mondiale","isPartOf":{"@id":"https:\/\/www.webdo.tn\/fr\/#website"},"primaryImageOfPage":{"@id":"https:\/\/www.webdo.tn\/fr\/actualite\/sport\/wta-ons-jabeur-retrograde-a-la-9e-place-mondiale\/213452\/#primaryimage"},"image":{"@id":"https:\/\/www.webdo.tn\/fr\/actualite\/sport\/wta-ons-jabeur-retrograde-a-la-9e-place-mondiale\/213452\/#primaryimage"},"thumbnailUrl":"https:\/\/www.webdo.tn\/fr\/wp-content\/uploads\/2024\/04\/a51cde1eb118549aad134e8deac2c86f.jpg","datePublished":"2024-04-08T13:00:00+00:00","dateModified":"2025-05-20T22:12:45+00:00","description":"La tenniswoman tunisienne Ons Jabeur, qui collectionne les mauvais r\u00e9sultats cette saison, a perdu trois places au classement WTA","breadcrumb":{"@id":"https:\/\/www.webdo.tn\/fr\/actualite\/sport\/wta-ons-jabeur-retrograde-a-la-9e-place-mondiale\/213452\/#breadcrumb"},"inLanguage":"fr-FR","potentialAction":[{"@type":"ReadAction","target":["https:\/\/www.webdo.tn\/fr\/actualite\/sport\/wta-ons-jabeur-retrograde-a-la-9e-place-mondiale\/213452\/"]}]},{"@type":"ImageObject","inLanguage":"fr-FR","@id":"https:\/\/www.webdo.tn\/fr\/actualite\/sport\/wta-ons-jabeur-retrograde-a-la-9e-place-mondiale\/213452\/#primaryimage","url":"https:\/\/www.webdo.tn\/fr\/wp-content\/uploads\/2024\/04\/a51cde1eb118549aad134e8deac2c86f.jpg","contentUrl":"https:\/\/www.webdo.tn\/fr\/wp-content\/uploads\/2024\/04\/a51cde1eb118549aad134e8deac2c86f.jpg","width":750,"height":400,"caption":"WTA : Ons Jabeur r\u00e9trograde \u00e0 la 9e place mondiale"},{"@type":"BreadcrumbList","@id":"https:\/\/www.webdo.tn\/fr\/actualite\/sport\/wta-ons-jabeur-retrograde-a-la-9e-place-mondiale\/213452\/#breadcrumb","itemListElement":[{"@type":"ListItem","position":1,"name":"Accueil","item":"https:\/\/www.webdo.tn\/fr\/"},{"@type":"ListItem","position":2,"name":"WTA : Ons Jabeur r\u00e9trograde \u00e0 la 9e place mondiale"}]},{"@type":"WebSite","@id":"https:\/\/www.webdo.tn\/fr\/#website","url":"https:\/\/www.webdo.tn\/fr\/","name":"webdo","description":"Tunisie - News en Tunisie et \u00e0 l&#039;international sur Webdo.tn","publisher":{"@id":"https:\/\/www.webdo.tn\/fr\/#organization"},"potentialAction":[{"@type":"SearchAction","target":{"@type":"EntryPoint","urlTemplate":"https:\/\/www.webdo.tn\/fr\/?s={search_term_string}"},"query-input":{"@type":"PropertyValueSpecification","valueRequired":true,"valueName":"search_term_string"}}],"inLanguage":"fr-FR"},{"@type":"Organization","@id":"https:\/\/www.webdo.tn\/fr\/#organization","name":"Webdo","alternateName":"Webdo.tn","url":"https:\/\/www.webdo.tn\/fr\/","logo":{"@type":"ImageObject","inLanguage":"fr-FR","@id":"https:\/\/www.webdo.tn\/fr\/#\/schema\/logo\/image\/","url":"https:\/\/www.webdo.tn\/fr\/wp-content\/uploads\/2025\/06\/Webdo-Tunisie_168377.jpg","contentUrl":"https:\/\/www.webdo.tn\/fr\/wp-content\/uploads\/2025\/06\/Webdo-Tunisie_168377.jpg","width":301,"height":301,"caption":"Webdo"},"image":{"@id":"https:\/\/www.webdo.tn\/fr\/#\/schema\/logo\/image\/"},"sameAs":["https:\/\/www.facebook.com\/webdotn","https:\/\/x.com\/webdo_tn"],"description":"Webdo est un m\u00e9dia num\u00e9rique tunisien fond\u00e9 en 2010, sp\u00e9cialis\u00e9 dans l\u2019actualit\u00e9 nationale et internationale, l\u2019\u00e9conomie, la soci\u00e9t\u00e9 et les analyses politiques. Le site s\u2019adresse \u00e0 un large public francophone et couvre l\u2019information tunisienne en temps r\u00e9el.","email":"redac@webdo.tn","legalName":"YNJ SARL","foundingDate":"2010-09-06","numberOfEmployees":{"@type":"QuantitativeValue","minValue":"11","maxValue":"50"}},{"@type":"Person","@id":"https:\/\/www.webdo.tn\/fr\/#\/schema\/person\/2c4929cbf5a809e3bd38617c6ce150f6","name":"MC","image":{"@type":"ImageObject","inLanguage":"fr-FR","@id":"https:\/\/secure.gravatar.com\/avatar\/a545bbb6f84efdd5553dbbc2895e3ca8f1d12c5215e00a041c9670b54aa9b18a?s=96&d=mm&r=g","url":"https:\/\/secure.gravatar.com\/avatar\/a545bbb6f84efdd5553dbbc2895e3ca8f1d12c5215e00a041c9670b54aa9b18a?s=96&d=mm&r=g","contentUrl":"https:\/\/secure.gravatar.com\/avatar\/a545bbb6f84efdd5553dbbc2895e3ca8f1d12c5215e00a041c9670b54aa9b18a?s=96&d=mm&r=g","caption":"MC"},"url":"https:\/\/www.webdo.tn\/fr\/actualite\/author\/mc\/"}]}},"_links":{"self":[{"href":"https:\/\/www.webdo.tn\/fr\/wp-json\/wp\/v2\/posts\/213452","targetHints":{"allow":["GET"]}}],"collection":[{"href":"https:\/\/www.webdo.tn\/fr\/wp-json\/wp\/v2\/posts"}],"about":[{"href":"https:\/\/www.webdo.tn\/fr\/wp-json\/wp\/v2\/types\/post"}],"author":[{"embeddable":true,"href":"https:\/\/www.webdo.tn\/fr\/wp-json\/wp\/v2\/users\/3162"}],"replies":[{"embeddable":true,"href":"https:\/\/www.webdo.tn\/fr\/wp-json\/wp\/v2\/comments?post=213452"}],"version-history":[{"count":0,"href":"https:\/\/www.webdo.tn\/fr\/wp-json\/wp\/v2\/posts\/213452\/revisions"}],"wp:featuredmedia":[{"embeddable":true,"href":"https:\/\/www.webdo.tn\/fr\/wp-json\/wp\/v2\/media\/290455"}],"wp:attachment":[{"href":"https:\/\/www.webdo.tn\/fr\/wp-json\/wp\/v2\/media?parent=213452"}],"wp:term":[{"taxonomy":"category","embeddable":true,"href":"https:\/\/www.webdo.tn\/fr\/wp-json\/wp\/v2\/categories?post=213452"},{"taxonomy":"post_tag","embeddable":true,"href":"https:\/\/www.webdo.tn\/fr\/wp-json\/wp\/v2\/tags?post=213452"}],"curies":[{"name":"wp","href":"https:\/\/api.w.org\/{rel}","templated":true}]}}