{"id":213447,"date":"2024-04-08T10:34:00","date_gmt":"2024-04-08T10:34:00","guid":{"rendered":"https:\/\/www.webdo.tn\/fr\/blog\/grand-tunis-la-rocade-x4-bientot-operationnelle\/213447\/"},"modified":"2025-05-20T22:12:44","modified_gmt":"2025-05-20T22:12:44","slug":"grand-tunis-la-rocade-x4-bientot-operationnelle","status":"publish","type":"post","link":"https:\/\/www.webdo.tn\/fr\/actualite\/regions\/grand-tunis-la-rocade-x4-bientot-operationnelle\/213447\/","title":{"rendered":"Grand-Tunis : La rocade X4 bient\u00f4t op\u00e9rationnelle"},"content":{"rendered":"<p>On l\u2019attend avec beaucoup d\u2019impatience. Il s\u2019agit de la rocade X4 qui va fournir une autre alternative aux habitants d\u2019El Menzah 9, El Manar 1 et 2, El Mnihla, Les Jardins d\u2019El Menzah, et d\u00e9congestionner la X2 et la X3.<\/p>\n<p>\t\t\t\t\t\t\t\t\tLe projet de la rocade X4 est sur le point de s\u2019achever et va faire office de bouff\u00e9e d\u2019oxyg\u00e8ne pour les automobilistes et habitants d\u2019El Menzah 9, El Manar 1 et 2, El Mnihla, Les Jardins d\u2019El Menzah, et l\u2019Ariana. Il doit entrer en exploitation au cours de ce mois d\u2019avril, a annonc\u00e9 Sami Hosni, directeur de ce projet, dans une vid\u00e9o publi\u00e9e sur la page Facebook du minist\u00e8re de l\u2019Equipement.<\/p>\n<p>Ce projet entre dans le cadre de la modernisation routi\u00e8re, financ\u00e9 par l\u2019Etat et la banque europ\u00e9enne d\u2019Investissement (BEI) avec pour principale mission de d\u00e9congestionner les rocades X2 et X3 et de relier en un \u00ab\u00a0clin d\u2019\u0153il\u00a0\u00bb la route X, la X20, El Menzah 9, El Manar 1 et 2, la Cit\u00e9 Ennasr, Les Jardins d\u2019El Menzah 1 et 2, El-Mnihla, l\u2019Ariana, selon la direction prise.<\/p>\n<p>Il s\u2019agit d\u2019une route longue de 2,6 km en deux fois deux voies, qui verra, selon les \u00e9tudes, le passage de 50 mille v\u00e9hicules par jour. La X4 est dot\u00e9e de trois ponts outre un \u00e9changeur qui sera construit entre la X2 et la X20.<\/p>\n<p>Le premier pont, de 216 m\u00e8tres de long, au niveau du croisement Malaga, devrait faciliter le trafic routier entre la route X, El Menzah 9, El Manar 1 et 2 ou en direction d\u2019El-Mnihla et la cit\u00e9 Ennasr. Le deuxi\u00e8me pont, de 70 m\u00e8tres, relie la route X aux Jardins d\u2019El Menzah 1 et Jardins 2 et El Menzah 9. Le troisi\u00e8me, de 70 m\u00e8tres, devrait faciliter la circulation pour les habitants d\u2019El Mnihla, Les Jardins d\u2019El Menzah 1, 2 et El Menzah 9.<\/p>\n","protected":false},"excerpt":{"rendered":"<p>Le projet de la rocade X4 est sur le point de s\u2019achever et va faire office de bouff\u00e9e d\u2019oxyg\u00e8ne pour les automobilistes et habitants d\u2019El Menzah 9, El Manar 1 e&#8230;<\/p>\n","protected":false},"author":3162,"featured_media":290454,"comment_status":"open","ping_status":"closed","sticky":false,"template":"","format":"standard","meta":{"footnotes":""},"categories":[2595],"tags":[10110,10111,10109,10112,6515,4601,3888,2640],"class_list":["post-213447","post","type-post","status-publish","format-standard","has-post-thumbnail","hentry","category-regions","tag-el-menzah-9","tag-ennasr","tag-x4","tag-jardins-del-menzah","tag-el-mnihla","tag-manar","tag-route","tag-tunis"],"yoast_head":"<!-- This site is optimized with the Yoast SEO Premium plugin v27.5 (Yoast SEO v27.5) - https:\/\/yoast.com\/product\/yoast-seo-premium-wordpress\/ -->\n<title>Grand-Tunis : La rocade X4 bient\u00f4t op\u00e9rationnelle<\/title>\n<meta name=\"description\" content=\"Le projet de la rocade X4 est sur le point de s\u2019achever et va faire office de bouff\u00e9e d\u2019oxyg\u00e8ne pour les automobilistes et habitants d\u2019El Menzah 9, El Manar 1 e...\" \/>\n<link rel=\"canonical\" href=\"https:\/\/www.webdo.tn\/fr\/actualite\/regions\/grand-tunis-la-rocade-x4-bientot-operationnelle\/213447\/\" \/>\n<meta property=\"og:locale\" content=\"fr_FR\" \/>\n<meta property=\"og:type\" content=\"article\" \/>\n<meta property=\"og:title\" content=\"Grand-Tunis : La rocade X4 bient\u00f4t op\u00e9rationnelle\" \/>\n<meta property=\"og:description\" content=\"Le projet de la rocade X4 est sur le point de s\u2019achever et va faire office de bouff\u00e9e d\u2019oxyg\u00e8ne pour les automobilistes et habitants d\u2019El Menzah 9, El Manar 1 e...\" \/>\n<meta property=\"og:url\" content=\"https:\/\/www.webdo.tn\/fr\/actualite\/regions\/grand-tunis-la-rocade-x4-bientot-operationnelle\/213447\/\" \/>\n<meta property=\"og:site_name\" content=\"webdo\" \/>\n<meta property=\"article:publisher\" content=\"https:\/\/www.facebook.com\/webdotn\" \/>\n<meta property=\"article:published_time\" content=\"2024-04-08T10:34:00+00:00\" \/>\n<meta property=\"article:modified_time\" content=\"2025-05-20T22:12:44+00:00\" \/>\n<meta property=\"og:image\" content=\"https:\/\/www.webdo.tn\/fr\/wp-content\/uploads\/2024\/04\/0f98de7ea78c9b4f933c0ef538e8ed98.jpg\" \/>\n\t<meta property=\"og:image:width\" content=\"718\" \/>\n\t<meta property=\"og:image:height\" content=\"383\" \/>\n\t<meta property=\"og:image:type\" content=\"image\/jpeg\" \/>\n<meta name=\"author\" content=\"MC\" \/>\n<meta name=\"twitter:card\" content=\"summary_large_image\" \/>\n<meta name=\"twitter:creator\" content=\"@webdo_tn\" \/>\n<meta name=\"twitter:site\" content=\"@webdo_tn\" \/>\n<meta name=\"twitter:label1\" content=\"\u00c9crit par\" \/>\n\t<meta name=\"twitter:data1\" content=\"MC\" \/>\n\t<meta name=\"twitter:label2\" content=\"Dur\u00e9e de lecture estim\u00e9e\" \/>\n\t<meta name=\"twitter:data2\" content=\"2 minutes\" \/>\n<script type=\"application\/ld+json\" class=\"yoast-schema-graph\">{\"@context\":\"https:\\\/\\\/schema.org\",\"@graph\":[{\"@type\":\"NewsArticle\",\"@id\":\"https:\\\/\\\/www.webdo.tn\\\/fr\\\/actualite\\\/regions\\\/grand-tunis-la-rocade-x4-bientot-operationnelle\\\/213447\\\/#article\",\"isPartOf\":{\"@id\":\"https:\\\/\\\/www.webdo.tn\\\/fr\\\/actualite\\\/regions\\\/grand-tunis-la-rocade-x4-bientot-operationnelle\\\/213447\\\/\"},\"author\":{\"name\":\"MC\",\"@id\":\"https:\\\/\\\/www.webdo.tn\\\/fr\\\/#\\\/schema\\\/person\\\/2c4929cbf5a809e3bd38617c6ce150f6\"},\"headline\":\"Grand-Tunis : La rocade X4 bient\u00f4t op\u00e9rationnelle\",\"datePublished\":\"2024-04-08T10:34:00+00:00\",\"dateModified\":\"2025-05-20T22:12:44+00:00\",\"mainEntityOfPage\":{\"@id\":\"https:\\\/\\\/www.webdo.tn\\\/fr\\\/actualite\\\/regions\\\/grand-tunis-la-rocade-x4-bientot-operationnelle\\\/213447\\\/\"},\"wordCount\":328,\"commentCount\":0,\"publisher\":{\"@id\":\"https:\\\/\\\/www.webdo.tn\\\/fr\\\/#organization\"},\"image\":{\"@id\":\"https:\\\/\\\/www.webdo.tn\\\/fr\\\/actualite\\\/regions\\\/grand-tunis-la-rocade-x4-bientot-operationnelle\\\/213447\\\/#primaryimage\"},\"thumbnailUrl\":\"https:\\\/\\\/www.webdo.tn\\\/fr\\\/wp-content\\\/uploads\\\/2024\\\/04\\\/0f98de7ea78c9b4f933c0ef538e8ed98.jpg\",\"keywords\":[\"'el menzah 9'\",\"'ennasr'\",\"'X4'\",\"\\\"jardins d'el menzah\\\"]\",\"el mnihla\",\"manar\",\"route\",\"Tunis\"],\"articleSection\":[\"regions\"],\"inLanguage\":\"fr-FR\"},{\"@type\":\"WebPage\",\"@id\":\"https:\\\/\\\/www.webdo.tn\\\/fr\\\/actualite\\\/regions\\\/grand-tunis-la-rocade-x4-bientot-operationnelle\\\/213447\\\/\",\"url\":\"https:\\\/\\\/www.webdo.tn\\\/fr\\\/actualite\\\/regions\\\/grand-tunis-la-rocade-x4-bientot-operationnelle\\\/213447\\\/\",\"name\":\"Grand-Tunis : La rocade X4 bient\u00f4t op\u00e9rationnelle\",\"isPartOf\":{\"@id\":\"https:\\\/\\\/www.webdo.tn\\\/fr\\\/#website\"},\"primaryImageOfPage\":{\"@id\":\"https:\\\/\\\/www.webdo.tn\\\/fr\\\/actualite\\\/regions\\\/grand-tunis-la-rocade-x4-bientot-operationnelle\\\/213447\\\/#primaryimage\"},\"image\":{\"@id\":\"https:\\\/\\\/www.webdo.tn\\\/fr\\\/actualite\\\/regions\\\/grand-tunis-la-rocade-x4-bientot-operationnelle\\\/213447\\\/#primaryimage\"},\"thumbnailUrl\":\"https:\\\/\\\/www.webdo.tn\\\/fr\\\/wp-content\\\/uploads\\\/2024\\\/04\\\/0f98de7ea78c9b4f933c0ef538e8ed98.jpg\",\"datePublished\":\"2024-04-08T10:34:00+00:00\",\"dateModified\":\"2025-05-20T22:12:44+00:00\",\"description\":\"Le projet de la rocade X4 est sur le point de s\u2019achever et va faire office de bouff\u00e9e d\u2019oxyg\u00e8ne pour les automobilistes et habitants d\u2019El Menzah 9, El Manar 1 e...\",\"breadcrumb\":{\"@id\":\"https:\\\/\\\/www.webdo.tn\\\/fr\\\/actualite\\\/regions\\\/grand-tunis-la-rocade-x4-bientot-operationnelle\\\/213447\\\/#breadcrumb\"},\"inLanguage\":\"fr-FR\",\"potentialAction\":[{\"@type\":\"ReadAction\",\"target\":[\"https:\\\/\\\/www.webdo.tn\\\/fr\\\/actualite\\\/regions\\\/grand-tunis-la-rocade-x4-bientot-operationnelle\\\/213447\\\/\"]}]},{\"@type\":\"ImageObject\",\"inLanguage\":\"fr-FR\",\"@id\":\"https:\\\/\\\/www.webdo.tn\\\/fr\\\/actualite\\\/regions\\\/grand-tunis-la-rocade-x4-bientot-operationnelle\\\/213447\\\/#primaryimage\",\"url\":\"https:\\\/\\\/www.webdo.tn\\\/fr\\\/wp-content\\\/uploads\\\/2024\\\/04\\\/0f98de7ea78c9b4f933c0ef538e8ed98.jpg\",\"contentUrl\":\"https:\\\/\\\/www.webdo.tn\\\/fr\\\/wp-content\\\/uploads\\\/2024\\\/04\\\/0f98de7ea78c9b4f933c0ef538e8ed98.jpg\",\"width\":718,\"height\":383,\"caption\":\"Grand-Tunis : La rocade X4 bient\u00f4t op\u00e9rationnelle\"},{\"@type\":\"BreadcrumbList\",\"@id\":\"https:\\\/\\\/www.webdo.tn\\\/fr\\\/actualite\\\/regions\\\/grand-tunis-la-rocade-x4-bientot-operationnelle\\\/213447\\\/#breadcrumb\",\"itemListElement\":[{\"@type\":\"ListItem\",\"position\":1,\"name\":\"Accueil\",\"item\":\"https:\\\/\\\/www.webdo.tn\\\/fr\\\/\"},{\"@type\":\"ListItem\",\"position\":2,\"name\":\"Grand-Tunis : La rocade X4 bient\u00f4t op\u00e9rationnelle\"}]},{\"@type\":\"WebSite\",\"@id\":\"https:\\\/\\\/www.webdo.tn\\\/fr\\\/#website\",\"url\":\"https:\\\/\\\/www.webdo.tn\\\/fr\\\/\",\"name\":\"webdo\",\"description\":\"Tunisie - News en Tunisie et \u00e0 l&#039;international sur Webdo.tn\",\"publisher\":{\"@id\":\"https:\\\/\\\/www.webdo.tn\\\/fr\\\/#organization\"},\"potentialAction\":[{\"@type\":\"SearchAction\",\"target\":{\"@type\":\"EntryPoint\",\"urlTemplate\":\"https:\\\/\\\/www.webdo.tn\\\/fr\\\/?s={search_term_string}\"},\"query-input\":{\"@type\":\"PropertyValueSpecification\",\"valueRequired\":true,\"valueName\":\"search_term_string\"}}],\"inLanguage\":\"fr-FR\"},{\"@type\":\"Organization\",\"@id\":\"https:\\\/\\\/www.webdo.tn\\\/fr\\\/#organization\",\"name\":\"Webdo\",\"alternateName\":\"Webdo.tn\",\"url\":\"https:\\\/\\\/www.webdo.tn\\\/fr\\\/\",\"logo\":{\"@type\":\"ImageObject\",\"inLanguage\":\"fr-FR\",\"@id\":\"https:\\\/\\\/www.webdo.tn\\\/fr\\\/#\\\/schema\\\/logo\\\/image\\\/\",\"url\":\"https:\\\/\\\/www.webdo.tn\\\/fr\\\/wp-content\\\/uploads\\\/2025\\\/06\\\/Webdo-Tunisie_168377.jpg\",\"contentUrl\":\"https:\\\/\\\/www.webdo.tn\\\/fr\\\/wp-content\\\/uploads\\\/2025\\\/06\\\/Webdo-Tunisie_168377.jpg\",\"width\":301,\"height\":301,\"caption\":\"Webdo\"},\"image\":{\"@id\":\"https:\\\/\\\/www.webdo.tn\\\/fr\\\/#\\\/schema\\\/logo\\\/image\\\/\"},\"sameAs\":[\"https:\\\/\\\/www.facebook.com\\\/webdotn\",\"https:\\\/\\\/x.com\\\/webdo_tn\"],\"description\":\"Webdo est un m\u00e9dia num\u00e9rique tunisien fond\u00e9 en 2010, sp\u00e9cialis\u00e9 dans l\u2019actualit\u00e9 nationale et internationale, l\u2019\u00e9conomie, la soci\u00e9t\u00e9 et les analyses politiques. Le site s\u2019adresse \u00e0 un large public francophone et couvre l\u2019information tunisienne en temps r\u00e9el.\",\"email\":\"redac@webdo.tn\",\"legalName\":\"YNJ SARL\",\"foundingDate\":\"2010-09-06\",\"numberOfEmployees\":{\"@type\":\"QuantitativeValue\",\"minValue\":\"11\",\"maxValue\":\"50\"}},{\"@type\":\"Person\",\"@id\":\"https:\\\/\\\/www.webdo.tn\\\/fr\\\/#\\\/schema\\\/person\\\/2c4929cbf5a809e3bd38617c6ce150f6\",\"name\":\"MC\",\"image\":{\"@type\":\"ImageObject\",\"inLanguage\":\"fr-FR\",\"@id\":\"https:\\\/\\\/secure.gravatar.com\\\/avatar\\\/a545bbb6f84efdd5553dbbc2895e3ca8f1d12c5215e00a041c9670b54aa9b18a?s=96&d=mm&r=g\",\"url\":\"https:\\\/\\\/secure.gravatar.com\\\/avatar\\\/a545bbb6f84efdd5553dbbc2895e3ca8f1d12c5215e00a041c9670b54aa9b18a?s=96&d=mm&r=g\",\"contentUrl\":\"https:\\\/\\\/secure.gravatar.com\\\/avatar\\\/a545bbb6f84efdd5553dbbc2895e3ca8f1d12c5215e00a041c9670b54aa9b18a?s=96&d=mm&r=g\",\"caption\":\"MC\"},\"url\":\"https:\\\/\\\/www.webdo.tn\\\/fr\\\/actualite\\\/author\\\/mc\\\/\"}]}<\/script>\n<!-- \/ Yoast SEO Premium plugin. -->","yoast_head_json":{"title":"Grand-Tunis : La rocade X4 bient\u00f4t op\u00e9rationnelle","description":"Le projet de la rocade X4 est sur le point de s\u2019achever et va faire office de bouff\u00e9e d\u2019oxyg\u00e8ne pour les automobilistes et habitants d\u2019El Menzah 9, El Manar 1 e...","canonical":"https:\/\/www.webdo.tn\/fr\/actualite\/regions\/grand-tunis-la-rocade-x4-bientot-operationnelle\/213447\/","og_locale":"fr_FR","og_type":"article","og_title":"Grand-Tunis : La rocade X4 bient\u00f4t op\u00e9rationnelle","og_description":"Le projet de la rocade X4 est sur le point de s\u2019achever et va faire office de bouff\u00e9e d\u2019oxyg\u00e8ne pour les automobilistes et habitants d\u2019El Menzah 9, El Manar 1 e...","og_url":"https:\/\/www.webdo.tn\/fr\/actualite\/regions\/grand-tunis-la-rocade-x4-bientot-operationnelle\/213447\/","og_site_name":"webdo","article_publisher":"https:\/\/www.facebook.com\/webdotn","article_published_time":"2024-04-08T10:34:00+00:00","article_modified_time":"2025-05-20T22:12:44+00:00","og_image":[{"width":718,"height":383,"url":"https:\/\/www.webdo.tn\/fr\/wp-content\/uploads\/2024\/04\/0f98de7ea78c9b4f933c0ef538e8ed98.jpg","type":"image\/jpeg"}],"author":"MC","twitter_card":"summary_large_image","twitter_creator":"@webdo_tn","twitter_site":"@webdo_tn","twitter_misc":{"\u00c9crit par":"MC","Dur\u00e9e de lecture estim\u00e9e":"2 minutes"},"schema":{"@context":"https:\/\/schema.org","@graph":[{"@type":"NewsArticle","@id":"https:\/\/www.webdo.tn\/fr\/actualite\/regions\/grand-tunis-la-rocade-x4-bientot-operationnelle\/213447\/#article","isPartOf":{"@id":"https:\/\/www.webdo.tn\/fr\/actualite\/regions\/grand-tunis-la-rocade-x4-bientot-operationnelle\/213447\/"},"author":{"name":"MC","@id":"https:\/\/www.webdo.tn\/fr\/#\/schema\/person\/2c4929cbf5a809e3bd38617c6ce150f6"},"headline":"Grand-Tunis : La rocade X4 bient\u00f4t op\u00e9rationnelle","datePublished":"2024-04-08T10:34:00+00:00","dateModified":"2025-05-20T22:12:44+00:00","mainEntityOfPage":{"@id":"https:\/\/www.webdo.tn\/fr\/actualite\/regions\/grand-tunis-la-rocade-x4-bientot-operationnelle\/213447\/"},"wordCount":328,"commentCount":0,"publisher":{"@id":"https:\/\/www.webdo.tn\/fr\/#organization"},"image":{"@id":"https:\/\/www.webdo.tn\/fr\/actualite\/regions\/grand-tunis-la-rocade-x4-bientot-operationnelle\/213447\/#primaryimage"},"thumbnailUrl":"https:\/\/www.webdo.tn\/fr\/wp-content\/uploads\/2024\/04\/0f98de7ea78c9b4f933c0ef538e8ed98.jpg","keywords":["'el menzah 9'","'ennasr'","'X4'","\"jardins d'el menzah\"]","el mnihla","manar","route","Tunis"],"articleSection":["regions"],"inLanguage":"fr-FR"},{"@type":"WebPage","@id":"https:\/\/www.webdo.tn\/fr\/actualite\/regions\/grand-tunis-la-rocade-x4-bientot-operationnelle\/213447\/","url":"https:\/\/www.webdo.tn\/fr\/actualite\/regions\/grand-tunis-la-rocade-x4-bientot-operationnelle\/213447\/","name":"Grand-Tunis : La rocade X4 bient\u00f4t op\u00e9rationnelle","isPartOf":{"@id":"https:\/\/www.webdo.tn\/fr\/#website"},"primaryImageOfPage":{"@id":"https:\/\/www.webdo.tn\/fr\/actualite\/regions\/grand-tunis-la-rocade-x4-bientot-operationnelle\/213447\/#primaryimage"},"image":{"@id":"https:\/\/www.webdo.tn\/fr\/actualite\/regions\/grand-tunis-la-rocade-x4-bientot-operationnelle\/213447\/#primaryimage"},"thumbnailUrl":"https:\/\/www.webdo.tn\/fr\/wp-content\/uploads\/2024\/04\/0f98de7ea78c9b4f933c0ef538e8ed98.jpg","datePublished":"2024-04-08T10:34:00+00:00","dateModified":"2025-05-20T22:12:44+00:00","description":"Le projet de la rocade X4 est sur le point de s\u2019achever et va faire office de bouff\u00e9e d\u2019oxyg\u00e8ne pour les automobilistes et habitants d\u2019El Menzah 9, El Manar 1 e...","breadcrumb":{"@id":"https:\/\/www.webdo.tn\/fr\/actualite\/regions\/grand-tunis-la-rocade-x4-bientot-operationnelle\/213447\/#breadcrumb"},"inLanguage":"fr-FR","potentialAction":[{"@type":"ReadAction","target":["https:\/\/www.webdo.tn\/fr\/actualite\/regions\/grand-tunis-la-rocade-x4-bientot-operationnelle\/213447\/"]}]},{"@type":"ImageObject","inLanguage":"fr-FR","@id":"https:\/\/www.webdo.tn\/fr\/actualite\/regions\/grand-tunis-la-rocade-x4-bientot-operationnelle\/213447\/#primaryimage","url":"https:\/\/www.webdo.tn\/fr\/wp-content\/uploads\/2024\/04\/0f98de7ea78c9b4f933c0ef538e8ed98.jpg","contentUrl":"https:\/\/www.webdo.tn\/fr\/wp-content\/uploads\/2024\/04\/0f98de7ea78c9b4f933c0ef538e8ed98.jpg","width":718,"height":383,"caption":"Grand-Tunis : La rocade X4 bient\u00f4t op\u00e9rationnelle"},{"@type":"BreadcrumbList","@id":"https:\/\/www.webdo.tn\/fr\/actualite\/regions\/grand-tunis-la-rocade-x4-bientot-operationnelle\/213447\/#breadcrumb","itemListElement":[{"@type":"ListItem","position":1,"name":"Accueil","item":"https:\/\/www.webdo.tn\/fr\/"},{"@type":"ListItem","position":2,"name":"Grand-Tunis : La rocade X4 bient\u00f4t op\u00e9rationnelle"}]},{"@type":"WebSite","@id":"https:\/\/www.webdo.tn\/fr\/#website","url":"https:\/\/www.webdo.tn\/fr\/","name":"webdo","description":"Tunisie - News en Tunisie et \u00e0 l&#039;international sur Webdo.tn","publisher":{"@id":"https:\/\/www.webdo.tn\/fr\/#organization"},"potentialAction":[{"@type":"SearchAction","target":{"@type":"EntryPoint","urlTemplate":"https:\/\/www.webdo.tn\/fr\/?s={search_term_string}"},"query-input":{"@type":"PropertyValueSpecification","valueRequired":true,"valueName":"search_term_string"}}],"inLanguage":"fr-FR"},{"@type":"Organization","@id":"https:\/\/www.webdo.tn\/fr\/#organization","name":"Webdo","alternateName":"Webdo.tn","url":"https:\/\/www.webdo.tn\/fr\/","logo":{"@type":"ImageObject","inLanguage":"fr-FR","@id":"https:\/\/www.webdo.tn\/fr\/#\/schema\/logo\/image\/","url":"https:\/\/www.webdo.tn\/fr\/wp-content\/uploads\/2025\/06\/Webdo-Tunisie_168377.jpg","contentUrl":"https:\/\/www.webdo.tn\/fr\/wp-content\/uploads\/2025\/06\/Webdo-Tunisie_168377.jpg","width":301,"height":301,"caption":"Webdo"},"image":{"@id":"https:\/\/www.webdo.tn\/fr\/#\/schema\/logo\/image\/"},"sameAs":["https:\/\/www.facebook.com\/webdotn","https:\/\/x.com\/webdo_tn"],"description":"Webdo est un m\u00e9dia num\u00e9rique tunisien fond\u00e9 en 2010, sp\u00e9cialis\u00e9 dans l\u2019actualit\u00e9 nationale et internationale, l\u2019\u00e9conomie, la soci\u00e9t\u00e9 et les analyses politiques. Le site s\u2019adresse \u00e0 un large public francophone et couvre l\u2019information tunisienne en temps r\u00e9el.","email":"redac@webdo.tn","legalName":"YNJ SARL","foundingDate":"2010-09-06","numberOfEmployees":{"@type":"QuantitativeValue","minValue":"11","maxValue":"50"}},{"@type":"Person","@id":"https:\/\/www.webdo.tn\/fr\/#\/schema\/person\/2c4929cbf5a809e3bd38617c6ce150f6","name":"MC","image":{"@type":"ImageObject","inLanguage":"fr-FR","@id":"https:\/\/secure.gravatar.com\/avatar\/a545bbb6f84efdd5553dbbc2895e3ca8f1d12c5215e00a041c9670b54aa9b18a?s=96&d=mm&r=g","url":"https:\/\/secure.gravatar.com\/avatar\/a545bbb6f84efdd5553dbbc2895e3ca8f1d12c5215e00a041c9670b54aa9b18a?s=96&d=mm&r=g","contentUrl":"https:\/\/secure.gravatar.com\/avatar\/a545bbb6f84efdd5553dbbc2895e3ca8f1d12c5215e00a041c9670b54aa9b18a?s=96&d=mm&r=g","caption":"MC"},"url":"https:\/\/www.webdo.tn\/fr\/actualite\/author\/mc\/"}]}},"_links":{"self":[{"href":"https:\/\/www.webdo.tn\/fr\/wp-json\/wp\/v2\/posts\/213447","targetHints":{"allow":["GET"]}}],"collection":[{"href":"https:\/\/www.webdo.tn\/fr\/wp-json\/wp\/v2\/posts"}],"about":[{"href":"https:\/\/www.webdo.tn\/fr\/wp-json\/wp\/v2\/types\/post"}],"author":[{"embeddable":true,"href":"https:\/\/www.webdo.tn\/fr\/wp-json\/wp\/v2\/users\/3162"}],"replies":[{"embeddable":true,"href":"https:\/\/www.webdo.tn\/fr\/wp-json\/wp\/v2\/comments?post=213447"}],"version-history":[{"count":0,"href":"https:\/\/www.webdo.tn\/fr\/wp-json\/wp\/v2\/posts\/213447\/revisions"}],"wp:featuredmedia":[{"embeddable":true,"href":"https:\/\/www.webdo.tn\/fr\/wp-json\/wp\/v2\/media\/290454"}],"wp:attachment":[{"href":"https:\/\/www.webdo.tn\/fr\/wp-json\/wp\/v2\/media?parent=213447"}],"wp:term":[{"taxonomy":"category","embeddable":true,"href":"https:\/\/www.webdo.tn\/fr\/wp-json\/wp\/v2\/categories?post=213447"},{"taxonomy":"post_tag","embeddable":true,"href":"https:\/\/www.webdo.tn\/fr\/wp-json\/wp\/v2\/tags?post=213447"}],"curies":[{"name":"wp","href":"https:\/\/api.w.org\/{rel}","templated":true}]}}