{"id":213442,"date":"2024-04-07T17:29:00","date_gmt":"2024-04-07T17:29:00","guid":{"rendered":"https:\/\/www.webdo.tn\/fr\/blog\/bedon-sabeq-enthar-une-odyssee-emotionnelle-et-juridique-a-travers-les-labyrinthes-de-la-filiation\/213442\/"},"modified":"2025-05-21T08:56:04","modified_gmt":"2025-05-21T08:56:04","slug":"bedon-sabeq-enthar-une-odyssee-emotionnelle-et-juridique-a-travers-les-labyrinthes-de-la-filiation","status":"publish","type":"post","link":"https:\/\/www.webdo.tn\/fr\/actualite\/culture\/bedon-sabeq-enthar-une-odyssee-emotionnelle-et-juridique-a-travers-les-labyrinthes-de-la-filiation\/213442\/","title":{"rendered":"\u00ab\u00a0Bedon Sabeq Enthar\u00a0\u00bb : Une odyss\u00e9e \u00e9motionnelle et juridique \u00e0 travers les labyrinthes de la filiation"},"content":{"rendered":"<div class=\"single-body entry-content typography-copy\" itemprop=\"articleBody\">\n<p style=\"font-weight: bold; text-align: justify\">\n\t\t\t\t\t\t\t\t\t\u00ab\u00a0Bedon Sabeq Enthar\u00a0\u00bb : Une odyss\u00e9e \u00e9motionnelle et juridique \u00e0 travers les labyrinthes de la filiation.\n\t\t\t\t\t\t\t\t<\/p>\n<div class=\"coprs\" style=\"text-align: center\"><\/div>\n<div class=\"coprs\" style=\"text-align: justify\">\n<p><span><span><a href=\"https:\/\/www.webdo.tn\/fr\/actualite\/culture\/a-la-decouverte-des-feuilletons-de-ramadan-2024\/212858\">La diffusion tant attendue du feuilleton \u00e9gyptien <em>Bedon Sabeq Enthar<\/em> (Sans avertissement)<\/a> dirig\u00e9 par le grand Hani Khalifa a d\u00e9but\u00e9 lors de la seconde moiti\u00e9 du mois de Ramadan, suscitant un int\u00e9r\u00eat accru parmi les spectateurs. Port\u00e9 par les talents d&rsquo;Asser Yassin et <a href=\"https:\/\/www.webdo.tn\/fr\/actualite\/culture\/aicha-ben-ahmed-en-plus-du-cinema-mon-reve-est-davoir-une-grande-ferme-pour-recueillir-les-animaux-abandonnes\/199780\">d&rsquo;A\u00efcha Ben Ahmed, v\u00e9ritable fiert\u00e9 nationale tunisienne,<\/a> cet opus s&rsquo;inscrit dans la lign\u00e9e des pr\u00e9c\u00e9dentes r\u00e9alisations de Hani Khalifa, promettant une exploration profonde des relations humaines et des dilemmes moraux.<\/span><\/span><\/p>\n<p>\u00a0<\/p>\n<p><img decoding=\"async\" alt=\"\" height=\"798\" src=\"\/assets\/uploads\/images\/\/Neila\/Bedon%20Sabeq%20Enthar%20affiche.jpeg\" width=\"640\"><\/p>\n<p>\u00a0<\/p>\n<p><span><span>L&rsquo;intrigue captivante du feuilleton plonge les spectateurs dans le quotidien bouleversant de Maraouane et Leila, un couple dont le fils de huit ans, Omar, est tragiquement diagnostiqu\u00e9 atteint de leuc\u00e9mie. Leur monde bascule lorsqu&rsquo;ils d\u00e9couvrent, lors d&rsquo;une s\u00e9rie d&rsquo;examens m\u00e9dicaux en vue d&rsquo;une greffe de moelle \u00e9pini\u00e8re, que Omar n&rsquo;est pas leur enfant biologique. S&rsquo;ensuit alors une qu\u00eate d\u00e9sesp\u00e9r\u00e9e pour d\u00e9m\u00ealer les fils de leur histoire et retrouver leur v\u00e9ritable enfant.<\/span><\/span><\/p>\n<p><span><span>Avec d\u00e9j\u00e0 douze \u00e9pisodes diffus\u00e9s sur quinze, <em>Bedon Sabeq Enthar<\/em> se r\u00e9v\u00e8le \u00eatre une \u0153uvre d&rsquo;une finesse remarquable. Malgr\u00e9 quelques ralentissements \u00e9pisodiques, la narration coule avec fluidit\u00e9, tandis que les personnages se d\u00e9ploient peu \u00e0 peu, r\u00e9v\u00e9lant des nuances int\u00e9ressantes. Les acteurs, tous remarquables, trouvent en A\u00efcha Ben Ahmed leur \u00e9toile \u00e9clatante. Son interpr\u00e9tation magistrale donne vie \u00e0 un personnage complexe, taill\u00e9 sur mesure, offrant une palette \u00e9motionnelle profonde et sobre. Son incarnation juste d&rsquo;une jeune femme moderne et ind\u00e9pendante, tout en \u00e9tant une m\u00e8re d\u00e9vou\u00e9e, apporte une dimension suppl\u00e9mentaire \u00e0 l&rsquo;ensemble. Le choix d&rsquo;A\u00efcha Ben Ahmed pour ce r\u00f4le s&rsquo;av\u00e8re judicieux, sa performance contribuant largement \u00e0 la qualit\u00e9 globale du feuilleton.<\/span><\/span><\/p>\n<p>\u00a0<\/p>\n<p><img decoding=\"async\" alt=\"\" height=\"341\" src=\"\/assets\/uploads\/images\/\/Neila\/Bedon%20Sabeq%20Enthar%203.jpeg\" width=\"512\"><\/p>\n<p>\u00a0<\/p>\n<p><span><span>D\u00e8s le premier \u00e9pisode, le suspense s&rsquo;installe, orchestrant une s\u00e9rie de r\u00e9v\u00e9lations et de rebondissements qui captivent le spectateur. Chacun des premiers \u00e9pisodes se cl\u00f4t sur une note de tension, annon\u00e7ant un futur encore plus intense. Les tourments de Maraoune, confront\u00e9 \u00e0 la d\u00e9couverte de la non-paternit\u00e9 d&rsquo;Omar, et les doutes qui assaillent Leila, oscillant entre l&rsquo;amour maternel et l&rsquo;angoisse de la v\u00e9rit\u00e9, sont autant de fils conducteurs qui tissent une toile complexe d&rsquo;\u00e9motions et de dilemmes.<\/span><\/span><\/p>\n<p><span><span><em>Bedon Sabeq Enthar<\/em> soul\u00e8ve avec acuit\u00e9 des questions d\u00e9chirantes sur la nature de la filiation et les choix impossibles auxquels peuvent \u00eatre confront\u00e9s les parents. Faut-il privil\u00e9gier le lien biologique ou celui de l&rsquo;\u00e9ducation et de l&rsquo;amour ? Quels sacrifices sont-ils pr\u00eats \u00e0 consentir pour leurs deux fils, l\u2019un qu\u2019ils ont \u00e9lev\u00e9 pendant 8 ans et l\u2019autre dont ils viennent d\u2019apprendre l\u2019existence? Ces interrogations r\u00e9sonnent avec une pertinence troublante dans un monde o\u00f9 les \u00e9changes de b\u00e9b\u00e9s \u00e0 la naissance, bien que rares, ne sont pas inexistants.<\/span><\/span><\/p>\n<p><span><span>\u00c0 travers les p\u00e9rip\u00e9ties de Maraounae et Leila, <em>Bedon Sabeq Enthar<\/em> offre une r\u00e9flexion poignante sur la qu\u00eate de v\u00e9rit\u00e9, la r\u00e9silience face \u00e0 l&rsquo;adversit\u00e9 et les liens ind\u00e9fectibles qui unissent une famille. Le feuilleton, en plus de divertir, invite \u00e0 une introspection profonde sur les valeurs qui guident nos choix et les sacrifices que nous sommes pr\u00eats \u00e0 consentir pour ceux que nous aimons.<\/span><\/span><\/p>\n<p><span><span>Selon des estimations am\u00e9ricaines, environ 28 000 b\u00e9b\u00e9s sont \u00e9chang\u00e9s \u00e0 la naissance chaque ann\u00e9e dans le monde. Ces chiffres gla\u00e7ants, bien que probablement sous-estim\u00e9s en raison du manque de d\u00e9tection, t\u00e9moignent d&rsquo;une r\u00e9alit\u00e9 troublante qui se retrouve au c\u0153ur de l&rsquo;intrigue de <em>Bedon Sabeq Enthar<\/em>. Le feuilleton met en lumi\u00e8re les doutes et les craintes des parents confront\u00e9s \u00e0 la d\u00e9couverte que leur enfant n&rsquo;est pas biologiquement le leur, soulevant ainsi des interrogations profondes sur la nature de la filiation et les liens familiaux.<\/span><\/span><\/p>\n<p>\u00a0<\/p>\n<p><img decoding=\"async\" alt=\"\" height=\"402\" src=\"\/assets\/uploads\/images\/\/Neila\/Bedon%20Sabeq%20Enthar%202%2017_23_34.jpeg\" width=\"780\"><\/p>\n<p>\u00a0<\/p>\n<p><span><span>Par ailleurs, le feuilleton aborde \u00e9galement des dilemmes juridiques poignants, notamment en ce qui concerne les recours l\u00e9gaux disponibles pour les parents confront\u00e9s \u00e0 de telles situations. Maraouane, par exemple, se retrouve confront\u00e9 \u00e0 la d\u00e9cision difficile de poursuivre ou non en justice l&rsquo;h\u00f4pital pour l&rsquo;\u00e9change accidentel ou volontaire de b\u00e9b\u00e9s. En effet, s\u2019il d\u00e9cide de poursuivre sa qu\u00eate pour retrouver son enfant biologique et porter plainte contre l\u2019h\u00f4pital, il doit d\u2019abord intenter une action pour renoncer \u00e0 sa paternit\u00e9 sur Omar, il court ainsi le risque de perdre d\u00e9finitivement ce fils qu&rsquo;il a aim\u00e9 et \u00e9lev\u00e9 pendant huit ans, tout en n\u2019\u00e9tant en aucun cas s\u00fbr de retrouver son fils biologique. Par ailleurs, dans un pays o\u00f9 l&rsquo;adoption pl\u00e9ni\u00e8re n&rsquo;existe pas, cette d\u00e9cision soul\u00e8ve des enjeux juridiques complexes et des cons\u00e9quences potentiellement d\u00e9vastatrices. Maraouane et Leila pourraient en fait se trouver priv\u00e9 de leur petit Omar \u00e0 jamais, sans retrouver en contrepartie leur fils biologique. Quel choix d\u00e9chirant!<\/span><\/span><\/p>\n<p><span><span>Le feuilleton souligne les lacunes du syst\u00e8me juridique \u00e9gyptien en ce qui concerne la filiation et l&rsquo;adoption, ainsi que les d\u00e9fis auxquels les parents sont confront\u00e9s dans de telles circonstances. Il explore avec sensibilit\u00e9 et profondeur les implications juridiques et \u00e9motionnelles de cette situation complexe, incitant les spectateurs \u00e0 m\u00e9diter sur les d\u00e9fis de la paternit\u00e9, de la filiation et de la qu\u00eate de v\u00e9rit\u00e9 dans un contexte juridique souvent implacable.<\/span><\/span><\/p>\n<p><span><span><em>Bedon Sabeq Enthar<\/em> se distingue par sa sobri\u00e9t\u00e9 artistique, offrant une r\u00e9flexion profonde sur des questions sociales et familiales. Malgr\u00e9 quelques lacunes de rythme, le feuilleton est port\u00e9 par notamment Asser Yassin et Aicha Ben Ahmed, qui incarnent avec talent leurs r\u00f4les, apportant une profondeur \u00e9motionnelle \u00e0 l&rsquo;ensemble de l&rsquo;\u0153uvre. Ils prouvent qu&rsquo;ils sont de grands acteurs et qu&rsquo;ils peuvent r\u00e9aliser avec talent une performance int\u00e9rieure et ma\u00eetriser des d\u00e9tails de la personnalit\u00e9, y compris par un l\u00e9ger tressaillement d&rsquo;un visage, ou un geste furtif\u00a0ou un mouvement de main l\u00e9ger, et qu&rsquo;ils sont capables de se nuancer en fonction du r\u00f4le qu&rsquo;ils jouent, de s&rsquo;y adapter et\u00a0de l&rsquo;incarner.<\/span><\/span><\/p>\n<p><span><span>La qualit\u00e9 de jeu dans <em>Bedon Sabeq Enthar<\/em> ne se limite pas aux deux h\u00e9ros, mais s&rsquo;\u00e9tend \u00e9galement \u00e0 l&rsquo;excellent enfant Saleem Youssef, qui traverse naturellement toutes les transformations physiques et psychologiques par lesquelles il passe.<\/span><\/span><\/p>\n<p>\u00a0<\/p>\n<p><img decoding=\"async\" alt=\"\" height=\"606\" src=\"\/assets\/uploads\/images\/\/Neila\/Bedoun%20sebaq%20enthar%20Saleem.jpeg\" width=\"996\"><\/p>\n<p>\u00a0<\/p>\n<p><span><span>Depuis son premier film, <em>Sahar Al Layali<\/em> (2003) o\u00f9 il explorait d\u00e9j\u00e0 les difficult\u00e9s et les complexit\u00e9s des relations conjugales et affectives, Hani Khalifa se concentre inlassablement sur cette zone de turbulences pr\u00e9sente dans chaque foyer sur terre. La tension et l&rsquo;affaiblissement de la relation entre les deux personnages principaux, Marouane et Leila, au d\u00e9but de <em>Bedon Sabeq Enthar<\/em>, ne sont que l&rsquo;introduction \u00e0 une s\u00e9rie de questions sur la nature de l&rsquo;amour, du mariage et de la parent\u00e9. Ces questions que la plupart des gens consid\u00e8rent comme des \u00e9vidences qu&rsquo;ils ne commencent \u00e0 remettre en question que lorsqu&rsquo;une surprise inattendue vient \u00e9branler cette terre ferme sous leurs pieds.<\/span><\/span><\/p>\n<p><span><span><strong><span>Ne\u00efla Driss<\/span><\/strong><\/span><\/span><\/p>\n<\/p><\/div>\n<div class=\"coprs\" style=\"text-align: center\"><\/div><\/div>\n","protected":false},"excerpt":{"rendered":"<p> Bedon Sabeq Enthar  : Une odyss\u00e9e \u00e9motionnelle et juridique \u00e0 travers les labyrinthes de la filiation.<\/p>\n","protected":false},"author":3164,"featured_media":247631,"comment_status":"open","ping_status":"closed","sticky":false,"template":"","format":"standard","meta":{"footnotes":""},"categories":[2594],"tags":[6712,3833,6711,6714,6713],"class_list":["post-213442","post","type-post","status-publish","format-standard","has-post-thumbnail","hentry","category-culture","tag-aicha-ben-ahmed","tag-feuilleton","tag-feuilleton-egyptien","tag-feuilleton-ramadanesque","tag-ramadan-2024"],"yoast_head":"<!-- This site is optimized with the Yoast SEO Premium plugin v27.5 (Yoast SEO v27.5) - https:\/\/yoast.com\/product\/yoast-seo-premium-wordpress\/ -->\n<title>Bedon Sabeq Enthar : Une odyss\u00e9e \u00e9motionnelle et juridique \u00e0 travers les labyrinthes de la filiation<\/title>\n<meta name=\"description\" content=\"Bedon Sabeq Enthar : Une odyss\u00e9e \u00e9motionnelle et juridique \u00e0 travers les labyrinthes de la filiation.\" \/>\n<link rel=\"canonical\" href=\"https:\/\/www.webdo.tn\/fr\/actualite\/culture\/bedon-sabeq-enthar-une-odyssee-emotionnelle-et-juridique-a-travers-les-labyrinthes-de-la-filiation\/213442\/\" \/>\n<meta property=\"og:locale\" content=\"fr_FR\" \/>\n<meta property=\"og:type\" content=\"article\" \/>\n<meta property=\"og:title\" content=\"&quot;Bedon Sabeq Enthar&quot; : Une odyss\u00e9e \u00e9motionnelle et juridique \u00e0 travers les labyrinthes de la filiation\" \/>\n<meta property=\"og:description\" content=\"Bedon Sabeq Enthar : Une odyss\u00e9e \u00e9motionnelle et juridique \u00e0 travers les labyrinthes de la filiation.\" \/>\n<meta property=\"og:url\" content=\"https:\/\/www.webdo.tn\/fr\/actualite\/culture\/bedon-sabeq-enthar-une-odyssee-emotionnelle-et-juridique-a-travers-les-labyrinthes-de-la-filiation\/213442\/\" \/>\n<meta property=\"og:site_name\" content=\"webdo\" \/>\n<meta property=\"article:publisher\" content=\"https:\/\/www.facebook.com\/webdotn\" \/>\n<meta property=\"article:author\" content=\"https:\/\/www.facebook.com\/massir.destiniii\/\" \/>\n<meta property=\"article:published_time\" content=\"2024-04-07T17:29:00+00:00\" \/>\n<meta property=\"article:modified_time\" content=\"2025-05-21T08:56:04+00:00\" \/>\n<meta property=\"og:image\" content=\"https:\/\/www.webdo.tn\/fr\/wp-content\/uploads\/2024\/04\/25bd849f9eb689edc2c54aae7112d9cb.jpeg\" \/>\n\t<meta property=\"og:image:width\" content=\"750\" \/>\n\t<meta property=\"og:image:height\" content=\"400\" \/>\n\t<meta property=\"og:image:type\" content=\"image\/jpeg\" \/>\n<meta name=\"author\" content=\"Ne\u00efla DRISS\" \/>\n<meta name=\"twitter:card\" content=\"summary_large_image\" \/>\n<meta name=\"twitter:creator\" content=\"@https:\/\/x.com\/MassirDestin\" \/>\n<meta name=\"twitter:site\" content=\"@webdo_tn\" \/>\n<meta name=\"twitter:label1\" content=\"\u00c9crit par\" \/>\n\t<meta name=\"twitter:data1\" content=\"Ne\u00efla DRISS\" \/>\n\t<meta name=\"twitter:label2\" content=\"Dur\u00e9e de lecture estim\u00e9e\" \/>\n\t<meta name=\"twitter:data2\" content=\"6 minutes\" \/>\n<script type=\"application\/ld+json\" class=\"yoast-schema-graph\">{\"@context\":\"https:\\\/\\\/schema.org\",\"@graph\":[{\"@type\":\"NewsArticle\",\"@id\":\"https:\\\/\\\/www.webdo.tn\\\/fr\\\/actualite\\\/culture\\\/bedon-sabeq-enthar-une-odyssee-emotionnelle-et-juridique-a-travers-les-labyrinthes-de-la-filiation\\\/213442\\\/#article\",\"isPartOf\":{\"@id\":\"https:\\\/\\\/www.webdo.tn\\\/fr\\\/actualite\\\/culture\\\/bedon-sabeq-enthar-une-odyssee-emotionnelle-et-juridique-a-travers-les-labyrinthes-de-la-filiation\\\/213442\\\/\"},\"author\":{\"name\":\"Ne\u00efla DRISS\",\"@id\":\"https:\\\/\\\/www.webdo.tn\\\/fr\\\/#\\\/schema\\\/person\\\/60d5ba619ed3f58783b0dc82b7dada80\"},\"headline\":\"\u00ab\u00a0Bedon Sabeq Enthar\u00a0\u00bb : Une odyss\u00e9e \u00e9motionnelle et juridique \u00e0 travers les labyrinthes de la filiation\",\"datePublished\":\"2024-04-07T17:29:00+00:00\",\"dateModified\":\"2025-05-21T08:56:04+00:00\",\"mainEntityOfPage\":{\"@id\":\"https:\\\/\\\/www.webdo.tn\\\/fr\\\/actualite\\\/culture\\\/bedon-sabeq-enthar-une-odyssee-emotionnelle-et-juridique-a-travers-les-labyrinthes-de-la-filiation\\\/213442\\\/\"},\"wordCount\":1238,\"commentCount\":0,\"publisher\":{\"@id\":\"https:\\\/\\\/www.webdo.tn\\\/fr\\\/#organization\"},\"image\":{\"@id\":\"https:\\\/\\\/www.webdo.tn\\\/fr\\\/actualite\\\/culture\\\/bedon-sabeq-enthar-une-odyssee-emotionnelle-et-juridique-a-travers-les-labyrinthes-de-la-filiation\\\/213442\\\/#primaryimage\"},\"thumbnailUrl\":\"https:\\\/\\\/www.webdo.tn\\\/fr\\\/wp-content\\\/uploads\\\/2024\\\/04\\\/25bd849f9eb689edc2c54aae7112d9cb.jpeg\",\"keywords\":[\"Aicha Ben Ahmed\",\"feuilleton\",\"Feuilleton \u00e9gyptien\",\"Feuilleton ramadanesque\",\"Ramadan 2024\"],\"articleSection\":[\"Culture\"],\"inLanguage\":\"fr-FR\"},{\"@type\":\"WebPage\",\"@id\":\"https:\\\/\\\/www.webdo.tn\\\/fr\\\/actualite\\\/culture\\\/bedon-sabeq-enthar-une-odyssee-emotionnelle-et-juridique-a-travers-les-labyrinthes-de-la-filiation\\\/213442\\\/\",\"url\":\"https:\\\/\\\/www.webdo.tn\\\/fr\\\/actualite\\\/culture\\\/bedon-sabeq-enthar-une-odyssee-emotionnelle-et-juridique-a-travers-les-labyrinthes-de-la-filiation\\\/213442\\\/\",\"name\":\"Bedon Sabeq Enthar : Une odyss\u00e9e \u00e9motionnelle et juridique \u00e0 travers les labyrinthes de la filiation\",\"isPartOf\":{\"@id\":\"https:\\\/\\\/www.webdo.tn\\\/fr\\\/#website\"},\"primaryImageOfPage\":{\"@id\":\"https:\\\/\\\/www.webdo.tn\\\/fr\\\/actualite\\\/culture\\\/bedon-sabeq-enthar-une-odyssee-emotionnelle-et-juridique-a-travers-les-labyrinthes-de-la-filiation\\\/213442\\\/#primaryimage\"},\"image\":{\"@id\":\"https:\\\/\\\/www.webdo.tn\\\/fr\\\/actualite\\\/culture\\\/bedon-sabeq-enthar-une-odyssee-emotionnelle-et-juridique-a-travers-les-labyrinthes-de-la-filiation\\\/213442\\\/#primaryimage\"},\"thumbnailUrl\":\"https:\\\/\\\/www.webdo.tn\\\/fr\\\/wp-content\\\/uploads\\\/2024\\\/04\\\/25bd849f9eb689edc2c54aae7112d9cb.jpeg\",\"datePublished\":\"2024-04-07T17:29:00+00:00\",\"dateModified\":\"2025-05-21T08:56:04+00:00\",\"description\":\"Bedon Sabeq Enthar : Une odyss\u00e9e \u00e9motionnelle et juridique \u00e0 travers les labyrinthes de la filiation.\",\"breadcrumb\":{\"@id\":\"https:\\\/\\\/www.webdo.tn\\\/fr\\\/actualite\\\/culture\\\/bedon-sabeq-enthar-une-odyssee-emotionnelle-et-juridique-a-travers-les-labyrinthes-de-la-filiation\\\/213442\\\/#breadcrumb\"},\"inLanguage\":\"fr-FR\",\"potentialAction\":[{\"@type\":\"ReadAction\",\"target\":[\"https:\\\/\\\/www.webdo.tn\\\/fr\\\/actualite\\\/culture\\\/bedon-sabeq-enthar-une-odyssee-emotionnelle-et-juridique-a-travers-les-labyrinthes-de-la-filiation\\\/213442\\\/\"]}]},{\"@type\":\"ImageObject\",\"inLanguage\":\"fr-FR\",\"@id\":\"https:\\\/\\\/www.webdo.tn\\\/fr\\\/actualite\\\/culture\\\/bedon-sabeq-enthar-une-odyssee-emotionnelle-et-juridique-a-travers-les-labyrinthes-de-la-filiation\\\/213442\\\/#primaryimage\",\"url\":\"https:\\\/\\\/www.webdo.tn\\\/fr\\\/wp-content\\\/uploads\\\/2024\\\/04\\\/25bd849f9eb689edc2c54aae7112d9cb.jpeg\",\"contentUrl\":\"https:\\\/\\\/www.webdo.tn\\\/fr\\\/wp-content\\\/uploads\\\/2024\\\/04\\\/25bd849f9eb689edc2c54aae7112d9cb.jpeg\",\"width\":750,\"height\":400,\"caption\":\"\\\"Bedon Sabeq Enthar\\\" : Une odyss\u00e9e \u00e9motionnelle et juridique \u00e0 travers les labyrinthes de la filiation\"},{\"@type\":\"BreadcrumbList\",\"@id\":\"https:\\\/\\\/www.webdo.tn\\\/fr\\\/actualite\\\/culture\\\/bedon-sabeq-enthar-une-odyssee-emotionnelle-et-juridique-a-travers-les-labyrinthes-de-la-filiation\\\/213442\\\/#breadcrumb\",\"itemListElement\":[{\"@type\":\"ListItem\",\"position\":1,\"name\":\"Accueil\",\"item\":\"https:\\\/\\\/www.webdo.tn\\\/fr\\\/\"},{\"@type\":\"ListItem\",\"position\":2,\"name\":\"\u00ab\u00a0Bedon Sabeq Enthar\u00a0\u00bb : Une odyss\u00e9e \u00e9motionnelle et juridique \u00e0 travers les labyrinthes de la filiation\"}]},{\"@type\":\"WebSite\",\"@id\":\"https:\\\/\\\/www.webdo.tn\\\/fr\\\/#website\",\"url\":\"https:\\\/\\\/www.webdo.tn\\\/fr\\\/\",\"name\":\"webdo\",\"description\":\"Tunisie - News en Tunisie et \u00e0 l&#039;international sur Webdo.tn\",\"publisher\":{\"@id\":\"https:\\\/\\\/www.webdo.tn\\\/fr\\\/#organization\"},\"potentialAction\":[{\"@type\":\"SearchAction\",\"target\":{\"@type\":\"EntryPoint\",\"urlTemplate\":\"https:\\\/\\\/www.webdo.tn\\\/fr\\\/?s={search_term_string}\"},\"query-input\":{\"@type\":\"PropertyValueSpecification\",\"valueRequired\":true,\"valueName\":\"search_term_string\"}}],\"inLanguage\":\"fr-FR\"},{\"@type\":\"Organization\",\"@id\":\"https:\\\/\\\/www.webdo.tn\\\/fr\\\/#organization\",\"name\":\"Webdo\",\"alternateName\":\"Webdo.tn\",\"url\":\"https:\\\/\\\/www.webdo.tn\\\/fr\\\/\",\"logo\":{\"@type\":\"ImageObject\",\"inLanguage\":\"fr-FR\",\"@id\":\"https:\\\/\\\/www.webdo.tn\\\/fr\\\/#\\\/schema\\\/logo\\\/image\\\/\",\"url\":\"https:\\\/\\\/www.webdo.tn\\\/fr\\\/wp-content\\\/uploads\\\/2025\\\/06\\\/Webdo-Tunisie_168377.jpg\",\"contentUrl\":\"https:\\\/\\\/www.webdo.tn\\\/fr\\\/wp-content\\\/uploads\\\/2025\\\/06\\\/Webdo-Tunisie_168377.jpg\",\"width\":301,\"height\":301,\"caption\":\"Webdo\"},\"image\":{\"@id\":\"https:\\\/\\\/www.webdo.tn\\\/fr\\\/#\\\/schema\\\/logo\\\/image\\\/\"},\"sameAs\":[\"https:\\\/\\\/www.facebook.com\\\/webdotn\",\"https:\\\/\\\/x.com\\\/webdo_tn\"],\"description\":\"Webdo est un m\u00e9dia num\u00e9rique tunisien fond\u00e9 en 2010, sp\u00e9cialis\u00e9 dans l\u2019actualit\u00e9 nationale et internationale, l\u2019\u00e9conomie, la soci\u00e9t\u00e9 et les analyses politiques. Le site s\u2019adresse \u00e0 un large public francophone et couvre l\u2019information tunisienne en temps r\u00e9el.\",\"email\":\"redac@webdo.tn\",\"legalName\":\"YNJ SARL\",\"foundingDate\":\"2010-09-06\",\"numberOfEmployees\":{\"@type\":\"QuantitativeValue\",\"minValue\":\"11\",\"maxValue\":\"50\"}},{\"@type\":\"Person\",\"@id\":\"https:\\\/\\\/www.webdo.tn\\\/fr\\\/#\\\/schema\\\/person\\\/60d5ba619ed3f58783b0dc82b7dada80\",\"name\":\"Ne\u00efla DRISS\",\"image\":{\"@type\":\"ImageObject\",\"inLanguage\":\"fr-FR\",\"@id\":\"https:\\\/\\\/www.webdo.tn\\\/fr\\\/wp-content\\\/uploads\\\/2026\\\/04\\\/neila-driss_avatar-96x96.jpg\",\"url\":\"https:\\\/\\\/www.webdo.tn\\\/fr\\\/wp-content\\\/uploads\\\/2026\\\/04\\\/neila-driss_avatar-96x96.jpg\",\"contentUrl\":\"https:\\\/\\\/www.webdo.tn\\\/fr\\\/wp-content\\\/uploads\\\/2026\\\/04\\\/neila-driss_avatar-96x96.jpg\",\"caption\":\"Ne\u00efla DRISS\"},\"description\":\"Ne\u00efla Driss est juriste, journaliste culturelle et critique de cin\u00e9ma tunisienne. Titulaire d\u2019un DEA en droit priv\u00e9 de l\u2019Universit\u00e9 Paris II et d\u2019un DESS de l\u2019IHEC Carthage, elle d\u00e9bute sa carri\u00e8re comme juriste sp\u00e9cialis\u00e9e en gestion de patrimoine immobilier. Elle s\u2019oriente ensuite vers l\u2019\u00e9criture en ligne, o\u00f9 elle se distingue d\u00e8s 2006 aux Tunisia Blog Awards, avant de se consacrer au journalisme culturel, avec une sp\u00e9cialisation dans la critique cin\u00e9matographique. Elle couvre r\u00e9guli\u00e8rement les grands festivals internationaux, notamment le Festival de Cannes, les Journ\u00e9es Cin\u00e9matographiques de Carthage et le Festival du film du Caire. Membre de l\u2019ATPCC et de la FIPRESCI, elle participe \u00e0 des jurys et initiatives internationales de critique. Depuis 2024, elle est \u00e9lectrice internationale aux Golden Globes. Facebook : https:\\\/\\\/www.facebook.com\\\/massir.destiniii\\\/ X : https:\\\/\\\/x.com\\\/MassirDestin\",\"sameAs\":[\"https:\\\/\\\/www.facebook.com\\\/massir.destiniii\\\/\",\"https:\\\/\\\/www.instagram.com\\\/neila.driss\\\/?hl=fr\",\"https:\\\/\\\/www.linkedin.com\\\/in\\\/neila-driss-22606a80\\\/\",\"https:\\\/\\\/x.com\\\/https:\\\/\\\/x.com\\\/MassirDestin\"],\"knowsAbout\":[\"Cin\u00e9ma international\",\"critique cin\u00e9matographique\",\"festivals de cin\u00e9ma\",\"journalisme culturel\"],\"knowsLanguage\":[\"Fran\u00e7ais\",\"Arabe\",\"Anglais\"],\"jobTitle\":\"Journaliste culturelle et critique de cin\u00e9ma\",\"worksFor\":\"Webdo\",\"url\":\"https:\\\/\\\/www.webdo.tn\\\/fr\\\/actualite\\\/author\\\/neila-driss\\\/\"}]}<\/script>\n<!-- \/ Yoast SEO Premium plugin. -->","yoast_head_json":{"title":"Bedon Sabeq Enthar : Une odyss\u00e9e \u00e9motionnelle et juridique \u00e0 travers les labyrinthes de la filiation","description":"Bedon Sabeq Enthar : Une odyss\u00e9e \u00e9motionnelle et juridique \u00e0 travers les labyrinthes de la filiation.","canonical":"https:\/\/www.webdo.tn\/fr\/actualite\/culture\/bedon-sabeq-enthar-une-odyssee-emotionnelle-et-juridique-a-travers-les-labyrinthes-de-la-filiation\/213442\/","og_locale":"fr_FR","og_type":"article","og_title":"\"Bedon Sabeq Enthar\" : Une odyss\u00e9e \u00e9motionnelle et juridique \u00e0 travers les labyrinthes de la filiation","og_description":"Bedon Sabeq Enthar : Une odyss\u00e9e \u00e9motionnelle et juridique \u00e0 travers les labyrinthes de la filiation.","og_url":"https:\/\/www.webdo.tn\/fr\/actualite\/culture\/bedon-sabeq-enthar-une-odyssee-emotionnelle-et-juridique-a-travers-les-labyrinthes-de-la-filiation\/213442\/","og_site_name":"webdo","article_publisher":"https:\/\/www.facebook.com\/webdotn","article_author":"https:\/\/www.facebook.com\/massir.destiniii\/","article_published_time":"2024-04-07T17:29:00+00:00","article_modified_time":"2025-05-21T08:56:04+00:00","og_image":[{"width":750,"height":400,"url":"https:\/\/www.webdo.tn\/fr\/wp-content\/uploads\/2024\/04\/25bd849f9eb689edc2c54aae7112d9cb.jpeg","type":"image\/jpeg"}],"author":"Ne\u00efla DRISS","twitter_card":"summary_large_image","twitter_creator":"@https:\/\/x.com\/MassirDestin","twitter_site":"@webdo_tn","twitter_misc":{"\u00c9crit par":"Ne\u00efla DRISS","Dur\u00e9e de lecture estim\u00e9e":"6 minutes"},"schema":{"@context":"https:\/\/schema.org","@graph":[{"@type":"NewsArticle","@id":"https:\/\/www.webdo.tn\/fr\/actualite\/culture\/bedon-sabeq-enthar-une-odyssee-emotionnelle-et-juridique-a-travers-les-labyrinthes-de-la-filiation\/213442\/#article","isPartOf":{"@id":"https:\/\/www.webdo.tn\/fr\/actualite\/culture\/bedon-sabeq-enthar-une-odyssee-emotionnelle-et-juridique-a-travers-les-labyrinthes-de-la-filiation\/213442\/"},"author":{"name":"Ne\u00efla DRISS","@id":"https:\/\/www.webdo.tn\/fr\/#\/schema\/person\/60d5ba619ed3f58783b0dc82b7dada80"},"headline":"\u00ab\u00a0Bedon Sabeq Enthar\u00a0\u00bb : Une odyss\u00e9e \u00e9motionnelle et juridique \u00e0 travers les labyrinthes de la filiation","datePublished":"2024-04-07T17:29:00+00:00","dateModified":"2025-05-21T08:56:04+00:00","mainEntityOfPage":{"@id":"https:\/\/www.webdo.tn\/fr\/actualite\/culture\/bedon-sabeq-enthar-une-odyssee-emotionnelle-et-juridique-a-travers-les-labyrinthes-de-la-filiation\/213442\/"},"wordCount":1238,"commentCount":0,"publisher":{"@id":"https:\/\/www.webdo.tn\/fr\/#organization"},"image":{"@id":"https:\/\/www.webdo.tn\/fr\/actualite\/culture\/bedon-sabeq-enthar-une-odyssee-emotionnelle-et-juridique-a-travers-les-labyrinthes-de-la-filiation\/213442\/#primaryimage"},"thumbnailUrl":"https:\/\/www.webdo.tn\/fr\/wp-content\/uploads\/2024\/04\/25bd849f9eb689edc2c54aae7112d9cb.jpeg","keywords":["Aicha Ben Ahmed","feuilleton","Feuilleton \u00e9gyptien","Feuilleton ramadanesque","Ramadan 2024"],"articleSection":["Culture"],"inLanguage":"fr-FR"},{"@type":"WebPage","@id":"https:\/\/www.webdo.tn\/fr\/actualite\/culture\/bedon-sabeq-enthar-une-odyssee-emotionnelle-et-juridique-a-travers-les-labyrinthes-de-la-filiation\/213442\/","url":"https:\/\/www.webdo.tn\/fr\/actualite\/culture\/bedon-sabeq-enthar-une-odyssee-emotionnelle-et-juridique-a-travers-les-labyrinthes-de-la-filiation\/213442\/","name":"Bedon Sabeq Enthar : Une odyss\u00e9e \u00e9motionnelle et juridique \u00e0 travers les labyrinthes de la filiation","isPartOf":{"@id":"https:\/\/www.webdo.tn\/fr\/#website"},"primaryImageOfPage":{"@id":"https:\/\/www.webdo.tn\/fr\/actualite\/culture\/bedon-sabeq-enthar-une-odyssee-emotionnelle-et-juridique-a-travers-les-labyrinthes-de-la-filiation\/213442\/#primaryimage"},"image":{"@id":"https:\/\/www.webdo.tn\/fr\/actualite\/culture\/bedon-sabeq-enthar-une-odyssee-emotionnelle-et-juridique-a-travers-les-labyrinthes-de-la-filiation\/213442\/#primaryimage"},"thumbnailUrl":"https:\/\/www.webdo.tn\/fr\/wp-content\/uploads\/2024\/04\/25bd849f9eb689edc2c54aae7112d9cb.jpeg","datePublished":"2024-04-07T17:29:00+00:00","dateModified":"2025-05-21T08:56:04+00:00","description":"Bedon Sabeq Enthar : Une odyss\u00e9e \u00e9motionnelle et juridique \u00e0 travers les labyrinthes de la filiation.","breadcrumb":{"@id":"https:\/\/www.webdo.tn\/fr\/actualite\/culture\/bedon-sabeq-enthar-une-odyssee-emotionnelle-et-juridique-a-travers-les-labyrinthes-de-la-filiation\/213442\/#breadcrumb"},"inLanguage":"fr-FR","potentialAction":[{"@type":"ReadAction","target":["https:\/\/www.webdo.tn\/fr\/actualite\/culture\/bedon-sabeq-enthar-une-odyssee-emotionnelle-et-juridique-a-travers-les-labyrinthes-de-la-filiation\/213442\/"]}]},{"@type":"ImageObject","inLanguage":"fr-FR","@id":"https:\/\/www.webdo.tn\/fr\/actualite\/culture\/bedon-sabeq-enthar-une-odyssee-emotionnelle-et-juridique-a-travers-les-labyrinthes-de-la-filiation\/213442\/#primaryimage","url":"https:\/\/www.webdo.tn\/fr\/wp-content\/uploads\/2024\/04\/25bd849f9eb689edc2c54aae7112d9cb.jpeg","contentUrl":"https:\/\/www.webdo.tn\/fr\/wp-content\/uploads\/2024\/04\/25bd849f9eb689edc2c54aae7112d9cb.jpeg","width":750,"height":400,"caption":"\"Bedon Sabeq Enthar\" : Une odyss\u00e9e \u00e9motionnelle et juridique \u00e0 travers les labyrinthes de la filiation"},{"@type":"BreadcrumbList","@id":"https:\/\/www.webdo.tn\/fr\/actualite\/culture\/bedon-sabeq-enthar-une-odyssee-emotionnelle-et-juridique-a-travers-les-labyrinthes-de-la-filiation\/213442\/#breadcrumb","itemListElement":[{"@type":"ListItem","position":1,"name":"Accueil","item":"https:\/\/www.webdo.tn\/fr\/"},{"@type":"ListItem","position":2,"name":"\u00ab\u00a0Bedon Sabeq Enthar\u00a0\u00bb : Une odyss\u00e9e \u00e9motionnelle et juridique \u00e0 travers les labyrinthes de la filiation"}]},{"@type":"WebSite","@id":"https:\/\/www.webdo.tn\/fr\/#website","url":"https:\/\/www.webdo.tn\/fr\/","name":"webdo","description":"Tunisie - News en Tunisie et \u00e0 l&#039;international sur Webdo.tn","publisher":{"@id":"https:\/\/www.webdo.tn\/fr\/#organization"},"potentialAction":[{"@type":"SearchAction","target":{"@type":"EntryPoint","urlTemplate":"https:\/\/www.webdo.tn\/fr\/?s={search_term_string}"},"query-input":{"@type":"PropertyValueSpecification","valueRequired":true,"valueName":"search_term_string"}}],"inLanguage":"fr-FR"},{"@type":"Organization","@id":"https:\/\/www.webdo.tn\/fr\/#organization","name":"Webdo","alternateName":"Webdo.tn","url":"https:\/\/www.webdo.tn\/fr\/","logo":{"@type":"ImageObject","inLanguage":"fr-FR","@id":"https:\/\/www.webdo.tn\/fr\/#\/schema\/logo\/image\/","url":"https:\/\/www.webdo.tn\/fr\/wp-content\/uploads\/2025\/06\/Webdo-Tunisie_168377.jpg","contentUrl":"https:\/\/www.webdo.tn\/fr\/wp-content\/uploads\/2025\/06\/Webdo-Tunisie_168377.jpg","width":301,"height":301,"caption":"Webdo"},"image":{"@id":"https:\/\/www.webdo.tn\/fr\/#\/schema\/logo\/image\/"},"sameAs":["https:\/\/www.facebook.com\/webdotn","https:\/\/x.com\/webdo_tn"],"description":"Webdo est un m\u00e9dia num\u00e9rique tunisien fond\u00e9 en 2010, sp\u00e9cialis\u00e9 dans l\u2019actualit\u00e9 nationale et internationale, l\u2019\u00e9conomie, la soci\u00e9t\u00e9 et les analyses politiques. Le site s\u2019adresse \u00e0 un large public francophone et couvre l\u2019information tunisienne en temps r\u00e9el.","email":"redac@webdo.tn","legalName":"YNJ SARL","foundingDate":"2010-09-06","numberOfEmployees":{"@type":"QuantitativeValue","minValue":"11","maxValue":"50"}},{"@type":"Person","@id":"https:\/\/www.webdo.tn\/fr\/#\/schema\/person\/60d5ba619ed3f58783b0dc82b7dada80","name":"Ne\u00efla DRISS","image":{"@type":"ImageObject","inLanguage":"fr-FR","@id":"https:\/\/www.webdo.tn\/fr\/wp-content\/uploads\/2026\/04\/neila-driss_avatar-96x96.jpg","url":"https:\/\/www.webdo.tn\/fr\/wp-content\/uploads\/2026\/04\/neila-driss_avatar-96x96.jpg","contentUrl":"https:\/\/www.webdo.tn\/fr\/wp-content\/uploads\/2026\/04\/neila-driss_avatar-96x96.jpg","caption":"Ne\u00efla DRISS"},"description":"Ne\u00efla Driss est juriste, journaliste culturelle et critique de cin\u00e9ma tunisienne. Titulaire d\u2019un DEA en droit priv\u00e9 de l\u2019Universit\u00e9 Paris II et d\u2019un DESS de l\u2019IHEC Carthage, elle d\u00e9bute sa carri\u00e8re comme juriste sp\u00e9cialis\u00e9e en gestion de patrimoine immobilier. Elle s\u2019oriente ensuite vers l\u2019\u00e9criture en ligne, o\u00f9 elle se distingue d\u00e8s 2006 aux Tunisia Blog Awards, avant de se consacrer au journalisme culturel, avec une sp\u00e9cialisation dans la critique cin\u00e9matographique. Elle couvre r\u00e9guli\u00e8rement les grands festivals internationaux, notamment le Festival de Cannes, les Journ\u00e9es Cin\u00e9matographiques de Carthage et le Festival du film du Caire. Membre de l\u2019ATPCC et de la FIPRESCI, elle participe \u00e0 des jurys et initiatives internationales de critique. Depuis 2024, elle est \u00e9lectrice internationale aux Golden Globes. Facebook : https:\/\/www.facebook.com\/massir.destiniii\/ X : https:\/\/x.com\/MassirDestin","sameAs":["https:\/\/www.facebook.com\/massir.destiniii\/","https:\/\/www.instagram.com\/neila.driss\/?hl=fr","https:\/\/www.linkedin.com\/in\/neila-driss-22606a80\/","https:\/\/x.com\/https:\/\/x.com\/MassirDestin"],"knowsAbout":["Cin\u00e9ma international","critique cin\u00e9matographique","festivals de cin\u00e9ma","journalisme culturel"],"knowsLanguage":["Fran\u00e7ais","Arabe","Anglais"],"jobTitle":"Journaliste culturelle et critique de cin\u00e9ma","worksFor":"Webdo","url":"https:\/\/www.webdo.tn\/fr\/actualite\/author\/neila-driss\/"}]}},"_links":{"self":[{"href":"https:\/\/www.webdo.tn\/fr\/wp-json\/wp\/v2\/posts\/213442","targetHints":{"allow":["GET"]}}],"collection":[{"href":"https:\/\/www.webdo.tn\/fr\/wp-json\/wp\/v2\/posts"}],"about":[{"href":"https:\/\/www.webdo.tn\/fr\/wp-json\/wp\/v2\/types\/post"}],"author":[{"embeddable":true,"href":"https:\/\/www.webdo.tn\/fr\/wp-json\/wp\/v2\/users\/3164"}],"replies":[{"embeddable":true,"href":"https:\/\/www.webdo.tn\/fr\/wp-json\/wp\/v2\/comments?post=213442"}],"version-history":[{"count":0,"href":"https:\/\/www.webdo.tn\/fr\/wp-json\/wp\/v2\/posts\/213442\/revisions"}],"wp:featuredmedia":[{"embeddable":true,"href":"https:\/\/www.webdo.tn\/fr\/wp-json\/wp\/v2\/media\/247631"}],"wp:attachment":[{"href":"https:\/\/www.webdo.tn\/fr\/wp-json\/wp\/v2\/media?parent=213442"}],"wp:term":[{"taxonomy":"category","embeddable":true,"href":"https:\/\/www.webdo.tn\/fr\/wp-json\/wp\/v2\/categories?post=213442"},{"taxonomy":"post_tag","embeddable":true,"href":"https:\/\/www.webdo.tn\/fr\/wp-json\/wp\/v2\/tags?post=213442"}],"curies":[{"name":"wp","href":"https:\/\/api.w.org\/{rel}","templated":true}]}}