{"id":213437,"date":"2024-04-07T10:44:00","date_gmt":"2024-04-07T10:44:00","guid":{"rendered":"https:\/\/www.webdo.tn\/fr\/blog\/un-decret-anti-diffamation-de-bourguiba-le-souhait-de-hajer-sa-fille\/213437\/"},"modified":"2025-05-20T22:36:58","modified_gmt":"2025-05-20T22:36:58","slug":"un-decret-anti-diffamation-de-bourguiba-le-souhait-de-hajer-sa-fille","status":"publish","type":"post","link":"https:\/\/www.webdo.tn\/fr\/actualite\/national\/un-decret-anti-diffamation-de-bourguiba-le-souhait-de-hajer-sa-fille\/213437\/","title":{"rendered":"Un d\u00e9cret anti-diffamation de Bourguiba, le souhait de Hajer, sa fille !"},"content":{"rendered":"<p>Le pr\u00e9sident de la R\u00e9publique Kais Saied s\u2019est rendu, hier \u00e0 Monastir pour y comm\u00e9morer le 24e anniversaire du d\u00e9c\u00e8s d\u2019Habib Bourguiba. Il a \u00e9t\u00e9 interpell\u00e9 par la fille adoptive de Bourguiba, Hajer, sur une question bien pr\u00e9cise.\u00a0<\/p>\n<p>\t\t\t\t\t\t\t\t\tEn effet, dans une vid\u00e9o publi\u00e9e par la pr\u00e9sidence de la R\u00e9publique, un \u00e9change entre Hajer Bourguiba et le pr\u00e9sident de la R\u00e9publique Kais Saied a \u00e9t\u00e9 document\u00e9.<\/p>\n<p>Visiblement remont\u00e9e contre les d\u00e9tracteurs de son p\u00e8re, Hajer a demand\u00e9 \u00e0 Kais Saied de promulguer un d\u00e9cret pr\u00e9sidentiel pour interdire la diffamation de Bourguiba et la d\u00e9formation de son histoire.\u00a0<\/p>\n<p>\u00ab Critiquer c\u2019est permis, mais d\u00e9nigrer les r\u00e9alisations du leader Bourguiba et l\u2019insulter doivent \u00eatre sanctionn\u00e9s par la loi \u00bb, a-t-elle insist\u00e9 \u00e0 plusieurs reprises.\u00a0<\/p>\n<p>Pour sa part, le pr\u00e9sident de la R\u00e9publique a reconnu que ce genre de comportements sont inacceptables d\u2019autant plus que Bouguiba fait partie de l\u2019histoire du pays, mais n\u2019a pas r\u00e9agi \u00e0 ce souhait exprim\u00e9 par Hajer.<\/p>\n","protected":false},"excerpt":{"rendered":"<p>En effet, dans une vid\u00e9o publi\u00e9e par la pr\u00e9sidence de la R\u00e9publique, un \u00e9change entre Hajer Bourguiba et le pr\u00e9sident de la R\u00e9publique Kais Saied a \u00e9t\u00e9 document&#8230;<\/p>\n","protected":false},"author":3175,"featured_media":247628,"comment_status":"open","ping_status":"closed","sticky":false,"template":"","format":"standard","meta":{"footnotes":""},"categories":[44],"tags":[3365,4842,6707,2608],"class_list":["post-213437","post","type-post","status-publish","format-standard","has-post-thumbnail","hentry","category-national","tag-bourguiba","tag-diffamation","tag-hajer","tag-tunisie"],"yoast_head":"<!-- This site is optimized with the Yoast SEO Premium plugin v27.5 (Yoast SEO v27.5) - https:\/\/yoast.com\/product\/yoast-seo-premium-wordpress\/ -->\n<title>Un d\u00e9cret anti-diffamation de Bourguiba, le souhait de Hajer, sa fille !<\/title>\n<meta name=\"description\" content=\"En effet, dans une vid\u00e9o publi\u00e9e par la pr\u00e9sidence de la R\u00e9publique, un \u00e9change entre Hajer Bourguiba et le pr\u00e9sident de la R\u00e9publique Kais Saied a \u00e9t\u00e9 document...\" \/>\n<link rel=\"canonical\" href=\"https:\/\/www.webdo.tn\/fr\/actualite\/national\/un-decret-anti-diffamation-de-bourguiba-le-souhait-de-hajer-sa-fille\/213437\/\" \/>\n<meta property=\"og:locale\" content=\"fr_FR\" \/>\n<meta property=\"og:type\" content=\"article\" \/>\n<meta property=\"og:title\" content=\"Un d\u00e9cret anti-diffamation de Bourguiba, le souhait de Hajer, sa fille !\" \/>\n<meta property=\"og:description\" content=\"En effet, dans une vid\u00e9o publi\u00e9e par la pr\u00e9sidence de la R\u00e9publique, un \u00e9change entre Hajer Bourguiba et le pr\u00e9sident de la R\u00e9publique Kais Saied a \u00e9t\u00e9 document...\" \/>\n<meta property=\"og:url\" content=\"https:\/\/www.webdo.tn\/fr\/actualite\/national\/un-decret-anti-diffamation-de-bourguiba-le-souhait-de-hajer-sa-fille\/213437\/\" \/>\n<meta property=\"og:site_name\" content=\"webdo\" \/>\n<meta property=\"article:publisher\" content=\"https:\/\/www.facebook.com\/webdotn\" \/>\n<meta property=\"article:published_time\" content=\"2024-04-07T10:44:00+00:00\" \/>\n<meta property=\"article:modified_time\" content=\"2025-05-20T22:36:58+00:00\" \/>\n<meta property=\"og:image\" content=\"https:\/\/www.webdo.tn\/fr\/wp-content\/uploads\/2024\/04\/0245b8c96626625e84e40283a9e15900.jpg\" \/>\n\t<meta property=\"og:image:width\" content=\"750\" \/>\n\t<meta property=\"og:image:height\" content=\"400\" \/>\n\t<meta property=\"og:image:type\" content=\"image\/jpeg\" \/>\n<meta name=\"author\" content=\"CL\" \/>\n<meta name=\"twitter:card\" content=\"summary_large_image\" \/>\n<meta name=\"twitter:creator\" content=\"@webdo_tn\" \/>\n<meta name=\"twitter:site\" content=\"@webdo_tn\" \/>\n<meta name=\"twitter:label1\" content=\"\u00c9crit par\" \/>\n\t<meta name=\"twitter:data1\" content=\"CL\" \/>\n\t<meta name=\"twitter:label2\" content=\"Dur\u00e9e de lecture estim\u00e9e\" \/>\n\t<meta name=\"twitter:data2\" content=\"1 minute\" \/>\n<script type=\"application\/ld+json\" class=\"yoast-schema-graph\">{\"@context\":\"https:\\\/\\\/schema.org\",\"@graph\":[{\"@type\":\"NewsArticle\",\"@id\":\"https:\\\/\\\/www.webdo.tn\\\/fr\\\/actualite\\\/national\\\/un-decret-anti-diffamation-de-bourguiba-le-souhait-de-hajer-sa-fille\\\/213437\\\/#article\",\"isPartOf\":{\"@id\":\"https:\\\/\\\/www.webdo.tn\\\/fr\\\/actualite\\\/national\\\/un-decret-anti-diffamation-de-bourguiba-le-souhait-de-hajer-sa-fille\\\/213437\\\/\"},\"author\":{\"name\":\"CL\",\"@id\":\"https:\\\/\\\/www.webdo.tn\\\/fr\\\/#\\\/schema\\\/person\\\/f35b42a42c5e2511bbd282959d6385cc\"},\"headline\":\"Un d\u00e9cret anti-diffamation de Bourguiba, le souhait de Hajer, sa fille !\",\"datePublished\":\"2024-04-07T10:44:00+00:00\",\"dateModified\":\"2025-05-20T22:36:58+00:00\",\"mainEntityOfPage\":{\"@id\":\"https:\\\/\\\/www.webdo.tn\\\/fr\\\/actualite\\\/national\\\/un-decret-anti-diffamation-de-bourguiba-le-souhait-de-hajer-sa-fille\\\/213437\\\/\"},\"wordCount\":196,\"commentCount\":0,\"publisher\":{\"@id\":\"https:\\\/\\\/www.webdo.tn\\\/fr\\\/#organization\"},\"image\":{\"@id\":\"https:\\\/\\\/www.webdo.tn\\\/fr\\\/actualite\\\/national\\\/un-decret-anti-diffamation-de-bourguiba-le-souhait-de-hajer-sa-fille\\\/213437\\\/#primaryimage\"},\"thumbnailUrl\":\"https:\\\/\\\/www.webdo.tn\\\/fr\\\/wp-content\\\/uploads\\\/2024\\\/04\\\/0245b8c96626625e84e40283a9e15900.jpg\",\"keywords\":[\"bourguiba\",\"diffamation\",\"Hajer\",\"Tunisie\"],\"articleSection\":[\"National\"],\"inLanguage\":\"fr-FR\"},{\"@type\":\"WebPage\",\"@id\":\"https:\\\/\\\/www.webdo.tn\\\/fr\\\/actualite\\\/national\\\/un-decret-anti-diffamation-de-bourguiba-le-souhait-de-hajer-sa-fille\\\/213437\\\/\",\"url\":\"https:\\\/\\\/www.webdo.tn\\\/fr\\\/actualite\\\/national\\\/un-decret-anti-diffamation-de-bourguiba-le-souhait-de-hajer-sa-fille\\\/213437\\\/\",\"name\":\"Un d\u00e9cret anti-diffamation de Bourguiba, le souhait de Hajer, sa fille !\",\"isPartOf\":{\"@id\":\"https:\\\/\\\/www.webdo.tn\\\/fr\\\/#website\"},\"primaryImageOfPage\":{\"@id\":\"https:\\\/\\\/www.webdo.tn\\\/fr\\\/actualite\\\/national\\\/un-decret-anti-diffamation-de-bourguiba-le-souhait-de-hajer-sa-fille\\\/213437\\\/#primaryimage\"},\"image\":{\"@id\":\"https:\\\/\\\/www.webdo.tn\\\/fr\\\/actualite\\\/national\\\/un-decret-anti-diffamation-de-bourguiba-le-souhait-de-hajer-sa-fille\\\/213437\\\/#primaryimage\"},\"thumbnailUrl\":\"https:\\\/\\\/www.webdo.tn\\\/fr\\\/wp-content\\\/uploads\\\/2024\\\/04\\\/0245b8c96626625e84e40283a9e15900.jpg\",\"datePublished\":\"2024-04-07T10:44:00+00:00\",\"dateModified\":\"2025-05-20T22:36:58+00:00\",\"description\":\"En effet, dans une vid\u00e9o publi\u00e9e par la pr\u00e9sidence de la R\u00e9publique, un \u00e9change entre Hajer Bourguiba et le pr\u00e9sident de la R\u00e9publique Kais Saied a \u00e9t\u00e9 document...\",\"breadcrumb\":{\"@id\":\"https:\\\/\\\/www.webdo.tn\\\/fr\\\/actualite\\\/national\\\/un-decret-anti-diffamation-de-bourguiba-le-souhait-de-hajer-sa-fille\\\/213437\\\/#breadcrumb\"},\"inLanguage\":\"fr-FR\",\"potentialAction\":[{\"@type\":\"ReadAction\",\"target\":[\"https:\\\/\\\/www.webdo.tn\\\/fr\\\/actualite\\\/national\\\/un-decret-anti-diffamation-de-bourguiba-le-souhait-de-hajer-sa-fille\\\/213437\\\/\"]}]},{\"@type\":\"ImageObject\",\"inLanguage\":\"fr-FR\",\"@id\":\"https:\\\/\\\/www.webdo.tn\\\/fr\\\/actualite\\\/national\\\/un-decret-anti-diffamation-de-bourguiba-le-souhait-de-hajer-sa-fille\\\/213437\\\/#primaryimage\",\"url\":\"https:\\\/\\\/www.webdo.tn\\\/fr\\\/wp-content\\\/uploads\\\/2024\\\/04\\\/0245b8c96626625e84e40283a9e15900.jpg\",\"contentUrl\":\"https:\\\/\\\/www.webdo.tn\\\/fr\\\/wp-content\\\/uploads\\\/2024\\\/04\\\/0245b8c96626625e84e40283a9e15900.jpg\",\"width\":750,\"height\":400,\"caption\":\"Un d\u00e9cret anti-diffamation de Bourguiba, le souhait de Hajer, sa fille !\"},{\"@type\":\"BreadcrumbList\",\"@id\":\"https:\\\/\\\/www.webdo.tn\\\/fr\\\/actualite\\\/national\\\/un-decret-anti-diffamation-de-bourguiba-le-souhait-de-hajer-sa-fille\\\/213437\\\/#breadcrumb\",\"itemListElement\":[{\"@type\":\"ListItem\",\"position\":1,\"name\":\"Accueil\",\"item\":\"https:\\\/\\\/www.webdo.tn\\\/fr\\\/\"},{\"@type\":\"ListItem\",\"position\":2,\"name\":\"Un d\u00e9cret anti-diffamation de Bourguiba, le souhait de Hajer, sa fille !\"}]},{\"@type\":\"WebSite\",\"@id\":\"https:\\\/\\\/www.webdo.tn\\\/fr\\\/#website\",\"url\":\"https:\\\/\\\/www.webdo.tn\\\/fr\\\/\",\"name\":\"webdo\",\"description\":\"Tunisie - News en Tunisie et \u00e0 l&#039;international sur Webdo.tn\",\"publisher\":{\"@id\":\"https:\\\/\\\/www.webdo.tn\\\/fr\\\/#organization\"},\"potentialAction\":[{\"@type\":\"SearchAction\",\"target\":{\"@type\":\"EntryPoint\",\"urlTemplate\":\"https:\\\/\\\/www.webdo.tn\\\/fr\\\/?s={search_term_string}\"},\"query-input\":{\"@type\":\"PropertyValueSpecification\",\"valueRequired\":true,\"valueName\":\"search_term_string\"}}],\"inLanguage\":\"fr-FR\"},{\"@type\":\"Organization\",\"@id\":\"https:\\\/\\\/www.webdo.tn\\\/fr\\\/#organization\",\"name\":\"Webdo\",\"alternateName\":\"Webdo.tn\",\"url\":\"https:\\\/\\\/www.webdo.tn\\\/fr\\\/\",\"logo\":{\"@type\":\"ImageObject\",\"inLanguage\":\"fr-FR\",\"@id\":\"https:\\\/\\\/www.webdo.tn\\\/fr\\\/#\\\/schema\\\/logo\\\/image\\\/\",\"url\":\"https:\\\/\\\/www.webdo.tn\\\/fr\\\/wp-content\\\/uploads\\\/2025\\\/06\\\/Webdo-Tunisie_168377.jpg\",\"contentUrl\":\"https:\\\/\\\/www.webdo.tn\\\/fr\\\/wp-content\\\/uploads\\\/2025\\\/06\\\/Webdo-Tunisie_168377.jpg\",\"width\":301,\"height\":301,\"caption\":\"Webdo\"},\"image\":{\"@id\":\"https:\\\/\\\/www.webdo.tn\\\/fr\\\/#\\\/schema\\\/logo\\\/image\\\/\"},\"sameAs\":[\"https:\\\/\\\/www.facebook.com\\\/webdotn\",\"https:\\\/\\\/x.com\\\/webdo_tn\"],\"description\":\"Webdo est un m\u00e9dia num\u00e9rique tunisien fond\u00e9 en 2010, sp\u00e9cialis\u00e9 dans l\u2019actualit\u00e9 nationale et internationale, l\u2019\u00e9conomie, la soci\u00e9t\u00e9 et les analyses politiques. Le site s\u2019adresse \u00e0 un large public francophone et couvre l\u2019information tunisienne en temps r\u00e9el.\",\"email\":\"redac@webdo.tn\",\"legalName\":\"YNJ SARL\",\"foundingDate\":\"2010-09-06\",\"numberOfEmployees\":{\"@type\":\"QuantitativeValue\",\"minValue\":\"11\",\"maxValue\":\"50\"}},{\"@type\":\"Person\",\"@id\":\"https:\\\/\\\/www.webdo.tn\\\/fr\\\/#\\\/schema\\\/person\\\/f35b42a42c5e2511bbd282959d6385cc\",\"name\":\"CL\",\"image\":{\"@type\":\"ImageObject\",\"inLanguage\":\"fr-FR\",\"@id\":\"https:\\\/\\\/secure.gravatar.com\\\/avatar\\\/1447a49909b67aa657c488aec6512e1dd6143a480c1ecfee9b5b5cd74eb3b59e?s=96&d=mm&r=g\",\"url\":\"https:\\\/\\\/secure.gravatar.com\\\/avatar\\\/1447a49909b67aa657c488aec6512e1dd6143a480c1ecfee9b5b5cd74eb3b59e?s=96&d=mm&r=g\",\"contentUrl\":\"https:\\\/\\\/secure.gravatar.com\\\/avatar\\\/1447a49909b67aa657c488aec6512e1dd6143a480c1ecfee9b5b5cd74eb3b59e?s=96&d=mm&r=g\",\"caption\":\"CL\"},\"url\":\"https:\\\/\\\/www.webdo.tn\\\/fr\\\/actualite\\\/author\\\/cl\\\/\"}]}<\/script>\n<!-- \/ Yoast SEO Premium plugin. -->","yoast_head_json":{"title":"Un d\u00e9cret anti-diffamation de Bourguiba, le souhait de Hajer, sa fille !","description":"En effet, dans une vid\u00e9o publi\u00e9e par la pr\u00e9sidence de la R\u00e9publique, un \u00e9change entre Hajer Bourguiba et le pr\u00e9sident de la R\u00e9publique Kais Saied a \u00e9t\u00e9 document...","canonical":"https:\/\/www.webdo.tn\/fr\/actualite\/national\/un-decret-anti-diffamation-de-bourguiba-le-souhait-de-hajer-sa-fille\/213437\/","og_locale":"fr_FR","og_type":"article","og_title":"Un d\u00e9cret anti-diffamation de Bourguiba, le souhait de Hajer, sa fille !","og_description":"En effet, dans une vid\u00e9o publi\u00e9e par la pr\u00e9sidence de la R\u00e9publique, un \u00e9change entre Hajer Bourguiba et le pr\u00e9sident de la R\u00e9publique Kais Saied a \u00e9t\u00e9 document...","og_url":"https:\/\/www.webdo.tn\/fr\/actualite\/national\/un-decret-anti-diffamation-de-bourguiba-le-souhait-de-hajer-sa-fille\/213437\/","og_site_name":"webdo","article_publisher":"https:\/\/www.facebook.com\/webdotn","article_published_time":"2024-04-07T10:44:00+00:00","article_modified_time":"2025-05-20T22:36:58+00:00","og_image":[{"width":750,"height":400,"url":"https:\/\/www.webdo.tn\/fr\/wp-content\/uploads\/2024\/04\/0245b8c96626625e84e40283a9e15900.jpg","type":"image\/jpeg"}],"author":"CL","twitter_card":"summary_large_image","twitter_creator":"@webdo_tn","twitter_site":"@webdo_tn","twitter_misc":{"\u00c9crit par":"CL","Dur\u00e9e de lecture estim\u00e9e":"1 minute"},"schema":{"@context":"https:\/\/schema.org","@graph":[{"@type":"NewsArticle","@id":"https:\/\/www.webdo.tn\/fr\/actualite\/national\/un-decret-anti-diffamation-de-bourguiba-le-souhait-de-hajer-sa-fille\/213437\/#article","isPartOf":{"@id":"https:\/\/www.webdo.tn\/fr\/actualite\/national\/un-decret-anti-diffamation-de-bourguiba-le-souhait-de-hajer-sa-fille\/213437\/"},"author":{"name":"CL","@id":"https:\/\/www.webdo.tn\/fr\/#\/schema\/person\/f35b42a42c5e2511bbd282959d6385cc"},"headline":"Un d\u00e9cret anti-diffamation de Bourguiba, le souhait de Hajer, sa fille !","datePublished":"2024-04-07T10:44:00+00:00","dateModified":"2025-05-20T22:36:58+00:00","mainEntityOfPage":{"@id":"https:\/\/www.webdo.tn\/fr\/actualite\/national\/un-decret-anti-diffamation-de-bourguiba-le-souhait-de-hajer-sa-fille\/213437\/"},"wordCount":196,"commentCount":0,"publisher":{"@id":"https:\/\/www.webdo.tn\/fr\/#organization"},"image":{"@id":"https:\/\/www.webdo.tn\/fr\/actualite\/national\/un-decret-anti-diffamation-de-bourguiba-le-souhait-de-hajer-sa-fille\/213437\/#primaryimage"},"thumbnailUrl":"https:\/\/www.webdo.tn\/fr\/wp-content\/uploads\/2024\/04\/0245b8c96626625e84e40283a9e15900.jpg","keywords":["bourguiba","diffamation","Hajer","Tunisie"],"articleSection":["National"],"inLanguage":"fr-FR"},{"@type":"WebPage","@id":"https:\/\/www.webdo.tn\/fr\/actualite\/national\/un-decret-anti-diffamation-de-bourguiba-le-souhait-de-hajer-sa-fille\/213437\/","url":"https:\/\/www.webdo.tn\/fr\/actualite\/national\/un-decret-anti-diffamation-de-bourguiba-le-souhait-de-hajer-sa-fille\/213437\/","name":"Un d\u00e9cret anti-diffamation de Bourguiba, le souhait de Hajer, sa fille !","isPartOf":{"@id":"https:\/\/www.webdo.tn\/fr\/#website"},"primaryImageOfPage":{"@id":"https:\/\/www.webdo.tn\/fr\/actualite\/national\/un-decret-anti-diffamation-de-bourguiba-le-souhait-de-hajer-sa-fille\/213437\/#primaryimage"},"image":{"@id":"https:\/\/www.webdo.tn\/fr\/actualite\/national\/un-decret-anti-diffamation-de-bourguiba-le-souhait-de-hajer-sa-fille\/213437\/#primaryimage"},"thumbnailUrl":"https:\/\/www.webdo.tn\/fr\/wp-content\/uploads\/2024\/04\/0245b8c96626625e84e40283a9e15900.jpg","datePublished":"2024-04-07T10:44:00+00:00","dateModified":"2025-05-20T22:36:58+00:00","description":"En effet, dans une vid\u00e9o publi\u00e9e par la pr\u00e9sidence de la R\u00e9publique, un \u00e9change entre Hajer Bourguiba et le pr\u00e9sident de la R\u00e9publique Kais Saied a \u00e9t\u00e9 document...","breadcrumb":{"@id":"https:\/\/www.webdo.tn\/fr\/actualite\/national\/un-decret-anti-diffamation-de-bourguiba-le-souhait-de-hajer-sa-fille\/213437\/#breadcrumb"},"inLanguage":"fr-FR","potentialAction":[{"@type":"ReadAction","target":["https:\/\/www.webdo.tn\/fr\/actualite\/national\/un-decret-anti-diffamation-de-bourguiba-le-souhait-de-hajer-sa-fille\/213437\/"]}]},{"@type":"ImageObject","inLanguage":"fr-FR","@id":"https:\/\/www.webdo.tn\/fr\/actualite\/national\/un-decret-anti-diffamation-de-bourguiba-le-souhait-de-hajer-sa-fille\/213437\/#primaryimage","url":"https:\/\/www.webdo.tn\/fr\/wp-content\/uploads\/2024\/04\/0245b8c96626625e84e40283a9e15900.jpg","contentUrl":"https:\/\/www.webdo.tn\/fr\/wp-content\/uploads\/2024\/04\/0245b8c96626625e84e40283a9e15900.jpg","width":750,"height":400,"caption":"Un d\u00e9cret anti-diffamation de Bourguiba, le souhait de Hajer, sa fille !"},{"@type":"BreadcrumbList","@id":"https:\/\/www.webdo.tn\/fr\/actualite\/national\/un-decret-anti-diffamation-de-bourguiba-le-souhait-de-hajer-sa-fille\/213437\/#breadcrumb","itemListElement":[{"@type":"ListItem","position":1,"name":"Accueil","item":"https:\/\/www.webdo.tn\/fr\/"},{"@type":"ListItem","position":2,"name":"Un d\u00e9cret anti-diffamation de Bourguiba, le souhait de Hajer, sa fille !"}]},{"@type":"WebSite","@id":"https:\/\/www.webdo.tn\/fr\/#website","url":"https:\/\/www.webdo.tn\/fr\/","name":"webdo","description":"Tunisie - News en Tunisie et \u00e0 l&#039;international sur Webdo.tn","publisher":{"@id":"https:\/\/www.webdo.tn\/fr\/#organization"},"potentialAction":[{"@type":"SearchAction","target":{"@type":"EntryPoint","urlTemplate":"https:\/\/www.webdo.tn\/fr\/?s={search_term_string}"},"query-input":{"@type":"PropertyValueSpecification","valueRequired":true,"valueName":"search_term_string"}}],"inLanguage":"fr-FR"},{"@type":"Organization","@id":"https:\/\/www.webdo.tn\/fr\/#organization","name":"Webdo","alternateName":"Webdo.tn","url":"https:\/\/www.webdo.tn\/fr\/","logo":{"@type":"ImageObject","inLanguage":"fr-FR","@id":"https:\/\/www.webdo.tn\/fr\/#\/schema\/logo\/image\/","url":"https:\/\/www.webdo.tn\/fr\/wp-content\/uploads\/2025\/06\/Webdo-Tunisie_168377.jpg","contentUrl":"https:\/\/www.webdo.tn\/fr\/wp-content\/uploads\/2025\/06\/Webdo-Tunisie_168377.jpg","width":301,"height":301,"caption":"Webdo"},"image":{"@id":"https:\/\/www.webdo.tn\/fr\/#\/schema\/logo\/image\/"},"sameAs":["https:\/\/www.facebook.com\/webdotn","https:\/\/x.com\/webdo_tn"],"description":"Webdo est un m\u00e9dia num\u00e9rique tunisien fond\u00e9 en 2010, sp\u00e9cialis\u00e9 dans l\u2019actualit\u00e9 nationale et internationale, l\u2019\u00e9conomie, la soci\u00e9t\u00e9 et les analyses politiques. Le site s\u2019adresse \u00e0 un large public francophone et couvre l\u2019information tunisienne en temps r\u00e9el.","email":"redac@webdo.tn","legalName":"YNJ SARL","foundingDate":"2010-09-06","numberOfEmployees":{"@type":"QuantitativeValue","minValue":"11","maxValue":"50"}},{"@type":"Person","@id":"https:\/\/www.webdo.tn\/fr\/#\/schema\/person\/f35b42a42c5e2511bbd282959d6385cc","name":"CL","image":{"@type":"ImageObject","inLanguage":"fr-FR","@id":"https:\/\/secure.gravatar.com\/avatar\/1447a49909b67aa657c488aec6512e1dd6143a480c1ecfee9b5b5cd74eb3b59e?s=96&d=mm&r=g","url":"https:\/\/secure.gravatar.com\/avatar\/1447a49909b67aa657c488aec6512e1dd6143a480c1ecfee9b5b5cd74eb3b59e?s=96&d=mm&r=g","contentUrl":"https:\/\/secure.gravatar.com\/avatar\/1447a49909b67aa657c488aec6512e1dd6143a480c1ecfee9b5b5cd74eb3b59e?s=96&d=mm&r=g","caption":"CL"},"url":"https:\/\/www.webdo.tn\/fr\/actualite\/author\/cl\/"}]}},"_links":{"self":[{"href":"https:\/\/www.webdo.tn\/fr\/wp-json\/wp\/v2\/posts\/213437","targetHints":{"allow":["GET"]}}],"collection":[{"href":"https:\/\/www.webdo.tn\/fr\/wp-json\/wp\/v2\/posts"}],"about":[{"href":"https:\/\/www.webdo.tn\/fr\/wp-json\/wp\/v2\/types\/post"}],"author":[{"embeddable":true,"href":"https:\/\/www.webdo.tn\/fr\/wp-json\/wp\/v2\/users\/3175"}],"replies":[{"embeddable":true,"href":"https:\/\/www.webdo.tn\/fr\/wp-json\/wp\/v2\/comments?post=213437"}],"version-history":[{"count":0,"href":"https:\/\/www.webdo.tn\/fr\/wp-json\/wp\/v2\/posts\/213437\/revisions"}],"wp:featuredmedia":[{"embeddable":true,"href":"https:\/\/www.webdo.tn\/fr\/wp-json\/wp\/v2\/media\/247628"}],"wp:attachment":[{"href":"https:\/\/www.webdo.tn\/fr\/wp-json\/wp\/v2\/media?parent=213437"}],"wp:term":[{"taxonomy":"category","embeddable":true,"href":"https:\/\/www.webdo.tn\/fr\/wp-json\/wp\/v2\/categories?post=213437"},{"taxonomy":"post_tag","embeddable":true,"href":"https:\/\/www.webdo.tn\/fr\/wp-json\/wp\/v2\/tags?post=213437"}],"curies":[{"name":"wp","href":"https:\/\/api.w.org\/{rel}","templated":true}]}}