{"id":213436,"date":"2024-04-07T09:11:00","date_gmt":"2024-04-07T09:11:00","guid":{"rendered":"https:\/\/www.webdo.tn\/fr\/blog\/quebecoise-decedee-apres-chirurgie-en-tunisie-poursuite-de-1-8-m\/213436\/"},"modified":"2025-05-20T22:32:07","modified_gmt":"2025-05-20T22:32:07","slug":"quebecoise-decedee-apres-chirurgie-en-tunisie-poursuite-de-1-8-m","status":"publish","type":"post","link":"https:\/\/www.webdo.tn\/fr\/actualite\/divers\/quebecoise-decedee-apres-chirurgie-en-tunisie-poursuite-de-1-8-m\/213436\/","title":{"rendered":"Une Qu\u00e9b\u00e9coise d\u00e9c\u00e9d\u00e9e apr\u00e8s une chirurgie en Tunisie : Sa famille r\u00e9clame 1,8 M$"},"content":{"rendered":"<p>Le d\u00e9c\u00e8s de M\u00e9lanie Jutras lors d&rsquo;une chirurgie en Tunisie a engendr\u00e9 une poursuite de 1,8 million de dollars contre Medcare Vacances, mettant en lumi\u00e8re les d\u00e9fis du tourisme m\u00e9dical.<\/p>\n<p>\t\t\t\t\t\t\t\t\tM\u00e9lanie Jutras, une Qu\u00e9b\u00e9coise, qui a perdu la vie suite \u00e0 une chirurgie bariatrique en Tunisie en janvier 2023, sa famille a engag\u00e9 une action en justice d&rsquo;une valeur de pr\u00e8s de 1,8 million de dollars contre Medcare Vacances, une agence de tourisme m\u00e9dical canadienne sp\u00e9cialis\u00e9e dans l&rsquo;acc\u00e8s aux soins en Tunisie, rapportent, hier 6 avril 2024, les m\u00e9dias qu\u00e9b\u00e9cois, dont TVA Nouvelles.<\/p>\n<p>La d\u00e9cision de M\u00e9lanie de subir cette op\u00e9ration \u00e0 l&rsquo;\u00e9tranger d\u00e9coule des longs d\u00e9lais d&rsquo;attente dans le syst\u00e8me de sant\u00e9 public qu\u00e9b\u00e9cois. Cependant, ce choix s&rsquo;est av\u00e9r\u00e9 fatal, selon la m\u00eame source.<\/p>\n<p>Le 11 janvier 2023, le processus chirurgical a commenc\u00e9 t\u00f4t le matin, mais des complications sont rapidement apparues. En communication avec son conjoint rest\u00e9 au Qu\u00e9bec, M\u00e9lanie a signal\u00e9 une d\u00e9tresse alarmante. Les heures suivantes ont \u00e9t\u00e9 marqu\u00e9es par une s\u00e9rie de communications tendues, jusqu&rsquo;\u00e0 la confirmation du pire.<\/p>\n<p>La famille endeuill\u00e9e a d\u00e9nonc\u00e9 plusieurs n\u00e9gligences, tant de la part de Medcare Vacances que de la polyclinique Ennasr, selon les d\u00e9clarations recueillies par TVA Nouvelles. Des documents m\u00e9dicaux incomplets et l&rsquo;absence de tests pr\u00e9op\u00e9ratoires cruciaux sont notamment cit\u00e9s dans leur action en justice.<\/p>\n<p>Face \u00e0 cette trag\u00e9die, le directeur g\u00e9n\u00e9ral de Medcare Vacances a pr\u00e9sent\u00e9 ses condol\u00e9ances, tout en pr\u00e9cisant que son entreprise n&rsquo;avait pas acc\u00e8s aux donn\u00e9es m\u00e9dicales pertinentes, comme le rapporte TVA Nouvelles.<\/p>\n<p>Le dossier est maintenant entre les mains de la justice, et Medcare Vacances a d\u00e9cid\u00e9 de ne pas commenter davantage, laissant le processus judiciaire suivre son cours, conclut TVA Nouvelles.<\/p>\n","protected":false},"excerpt":{"rendered":"<p>Une Qu\u00e9b\u00e9coise d\u00e9c\u00e8de apr\u00e8s une chirurgie bariatrique en Tunisie &#8211; sa famille poursuit Medcare Vacances pour 1,8 million de dollars. D\u00e9couvrez les d\u00e9tails de ce&#8230;<\/p>\n","protected":false},"author":3169,"featured_media":247626,"comment_status":"open","ping_status":"closed","sticky":false,"template":"","format":"standard","meta":{"footnotes":""},"categories":[2839],"tags":[6703,6704,6702,6705,6706,2608],"class_list":["post-213436","post","type-post","status-publish","format-standard","has-post-thumbnail","hentry","category-divers","tag-chirurgie-bariatrique","tag-medcare-vacances","tag-melanie-jutras","tag-negligences","tag-polyclinique-ennasr","tag-tunisie"],"yoast_head":"<!-- This site is optimized with the Yoast SEO Premium plugin v27.5 (Yoast SEO v27.5) - https:\/\/yoast.com\/product\/yoast-seo-premium-wordpress\/ -->\n<title>Une Qu\u00e9b\u00e9coise d\u00e9c\u00e9d\u00e9e apr\u00e8s une chirurgie en Tunisie : Sa famille r\u00e9clame 1,8 M$<\/title>\n<meta name=\"description\" content=\"Une Qu\u00e9b\u00e9coise d\u00e9c\u00e8de apr\u00e8s une chirurgie bariatrique en Tunisie - sa famille poursuit Medcare Vacances pour 1,8 million de dollars. D\u00e9couvrez les d\u00e9tails de ce...\" \/>\n<link rel=\"canonical\" href=\"https:\/\/www.webdo.tn\/fr\/actualite\/divers\/quebecoise-decedee-apres-chirurgie-en-tunisie-poursuite-de-1-8-m\/213436\/\" \/>\n<meta property=\"og:locale\" content=\"fr_FR\" \/>\n<meta property=\"og:type\" content=\"article\" \/>\n<meta property=\"og:title\" content=\"Une Qu\u00e9b\u00e9coise d\u00e9c\u00e9d\u00e9e apr\u00e8s une chirurgie en Tunisie : Sa famille r\u00e9clame 1,8 M$\" \/>\n<meta property=\"og:description\" content=\"Une Qu\u00e9b\u00e9coise d\u00e9c\u00e8de apr\u00e8s une chirurgie bariatrique en Tunisie - sa famille poursuit Medcare Vacances pour 1,8 million de dollars. D\u00e9couvrez les d\u00e9tails de ce...\" \/>\n<meta property=\"og:url\" content=\"https:\/\/www.webdo.tn\/fr\/actualite\/divers\/quebecoise-decedee-apres-chirurgie-en-tunisie-poursuite-de-1-8-m\/213436\/\" \/>\n<meta property=\"og:site_name\" content=\"webdo\" \/>\n<meta property=\"article:publisher\" content=\"https:\/\/www.facebook.com\/webdotn\" \/>\n<meta property=\"article:published_time\" content=\"2024-04-07T09:11:00+00:00\" \/>\n<meta property=\"article:modified_time\" content=\"2025-05-20T22:32:07+00:00\" \/>\n<meta property=\"og:image\" content=\"https:\/\/www.webdo.tn\/fr\/wp-content\/uploads\/2024\/04\/1c9e98a9a8e01c474804a070d0b05823.jpg\" \/>\n\t<meta property=\"og:image:width\" content=\"750\" \/>\n\t<meta property=\"og:image:height\" content=\"400\" \/>\n\t<meta property=\"og:image:type\" content=\"image\/jpeg\" \/>\n<meta name=\"author\" content=\"Webdo\" \/>\n<meta name=\"twitter:card\" content=\"summary_large_image\" \/>\n<meta name=\"twitter:creator\" content=\"@webdo_tn\" \/>\n<meta name=\"twitter:site\" content=\"@webdo_tn\" \/>\n<meta name=\"twitter:label1\" content=\"\u00c9crit par\" \/>\n\t<meta name=\"twitter:data1\" content=\"Webdo\" \/>\n\t<meta name=\"twitter:label2\" content=\"Dur\u00e9e de lecture estim\u00e9e\" \/>\n\t<meta name=\"twitter:data2\" content=\"2 minutes\" \/>\n<script type=\"application\/ld+json\" class=\"yoast-schema-graph\">{\"@context\":\"https:\\\/\\\/schema.org\",\"@graph\":[{\"@type\":\"NewsArticle\",\"@id\":\"https:\\\/\\\/www.webdo.tn\\\/fr\\\/actualite\\\/divers\\\/quebecoise-decedee-apres-chirurgie-en-tunisie-poursuite-de-1-8-m\\\/213436\\\/#article\",\"isPartOf\":{\"@id\":\"https:\\\/\\\/www.webdo.tn\\\/fr\\\/actualite\\\/divers\\\/quebecoise-decedee-apres-chirurgie-en-tunisie-poursuite-de-1-8-m\\\/213436\\\/\"},\"author\":{\"name\":\"Webdo\",\"@id\":\"https:\\\/\\\/www.webdo.tn\\\/fr\\\/#\\\/schema\\\/person\\\/1f4e491e0907b413d61089e8eb573acc\"},\"headline\":\"Une Qu\u00e9b\u00e9coise d\u00e9c\u00e9d\u00e9e apr\u00e8s une chirurgie en Tunisie : Sa famille r\u00e9clame 1,8 M$\",\"datePublished\":\"2024-04-07T09:11:00+00:00\",\"dateModified\":\"2025-05-20T22:32:07+00:00\",\"mainEntityOfPage\":{\"@id\":\"https:\\\/\\\/www.webdo.tn\\\/fr\\\/actualite\\\/divers\\\/quebecoise-decedee-apres-chirurgie-en-tunisie-poursuite-de-1-8-m\\\/213436\\\/\"},\"wordCount\":348,\"commentCount\":0,\"publisher\":{\"@id\":\"https:\\\/\\\/www.webdo.tn\\\/fr\\\/#organization\"},\"image\":{\"@id\":\"https:\\\/\\\/www.webdo.tn\\\/fr\\\/actualite\\\/divers\\\/quebecoise-decedee-apres-chirurgie-en-tunisie-poursuite-de-1-8-m\\\/213436\\\/#primaryimage\"},\"thumbnailUrl\":\"https:\\\/\\\/www.webdo.tn\\\/fr\\\/wp-content\\\/uploads\\\/2024\\\/04\\\/1c9e98a9a8e01c474804a070d0b05823.jpg\",\"keywords\":[\"chirurgie bariatrique\",\"Medcare Vacances\",\"M\u00e9lanie Jutras\",\"n\u00e9gligences\",\"polyclinique Ennasr\",\"Tunisie\"],\"articleSection\":[\"Divers\"],\"inLanguage\":\"fr-FR\"},{\"@type\":\"WebPage\",\"@id\":\"https:\\\/\\\/www.webdo.tn\\\/fr\\\/actualite\\\/divers\\\/quebecoise-decedee-apres-chirurgie-en-tunisie-poursuite-de-1-8-m\\\/213436\\\/\",\"url\":\"https:\\\/\\\/www.webdo.tn\\\/fr\\\/actualite\\\/divers\\\/quebecoise-decedee-apres-chirurgie-en-tunisie-poursuite-de-1-8-m\\\/213436\\\/\",\"name\":\"Une Qu\u00e9b\u00e9coise d\u00e9c\u00e9d\u00e9e apr\u00e8s une chirurgie en Tunisie : Sa famille r\u00e9clame 1,8 M$\",\"isPartOf\":{\"@id\":\"https:\\\/\\\/www.webdo.tn\\\/fr\\\/#website\"},\"primaryImageOfPage\":{\"@id\":\"https:\\\/\\\/www.webdo.tn\\\/fr\\\/actualite\\\/divers\\\/quebecoise-decedee-apres-chirurgie-en-tunisie-poursuite-de-1-8-m\\\/213436\\\/#primaryimage\"},\"image\":{\"@id\":\"https:\\\/\\\/www.webdo.tn\\\/fr\\\/actualite\\\/divers\\\/quebecoise-decedee-apres-chirurgie-en-tunisie-poursuite-de-1-8-m\\\/213436\\\/#primaryimage\"},\"thumbnailUrl\":\"https:\\\/\\\/www.webdo.tn\\\/fr\\\/wp-content\\\/uploads\\\/2024\\\/04\\\/1c9e98a9a8e01c474804a070d0b05823.jpg\",\"datePublished\":\"2024-04-07T09:11:00+00:00\",\"dateModified\":\"2025-05-20T22:32:07+00:00\",\"description\":\"Une Qu\u00e9b\u00e9coise d\u00e9c\u00e8de apr\u00e8s une chirurgie bariatrique en Tunisie - sa famille poursuit Medcare Vacances pour 1,8 million de dollars. D\u00e9couvrez les d\u00e9tails de ce...\",\"breadcrumb\":{\"@id\":\"https:\\\/\\\/www.webdo.tn\\\/fr\\\/actualite\\\/divers\\\/quebecoise-decedee-apres-chirurgie-en-tunisie-poursuite-de-1-8-m\\\/213436\\\/#breadcrumb\"},\"inLanguage\":\"fr-FR\",\"potentialAction\":[{\"@type\":\"ReadAction\",\"target\":[\"https:\\\/\\\/www.webdo.tn\\\/fr\\\/actualite\\\/divers\\\/quebecoise-decedee-apres-chirurgie-en-tunisie-poursuite-de-1-8-m\\\/213436\\\/\"]}]},{\"@type\":\"ImageObject\",\"inLanguage\":\"fr-FR\",\"@id\":\"https:\\\/\\\/www.webdo.tn\\\/fr\\\/actualite\\\/divers\\\/quebecoise-decedee-apres-chirurgie-en-tunisie-poursuite-de-1-8-m\\\/213436\\\/#primaryimage\",\"url\":\"https:\\\/\\\/www.webdo.tn\\\/fr\\\/wp-content\\\/uploads\\\/2024\\\/04\\\/1c9e98a9a8e01c474804a070d0b05823.jpg\",\"contentUrl\":\"https:\\\/\\\/www.webdo.tn\\\/fr\\\/wp-content\\\/uploads\\\/2024\\\/04\\\/1c9e98a9a8e01c474804a070d0b05823.jpg\",\"width\":750,\"height\":400,\"caption\":\"Une Qu\u00e9b\u00e9coise d\u00e9c\u00e9d\u00e9e apr\u00e8s une chirurgie en Tunisie : Sa famille r\u00e9clame 1,8 M$\"},{\"@type\":\"BreadcrumbList\",\"@id\":\"https:\\\/\\\/www.webdo.tn\\\/fr\\\/actualite\\\/divers\\\/quebecoise-decedee-apres-chirurgie-en-tunisie-poursuite-de-1-8-m\\\/213436\\\/#breadcrumb\",\"itemListElement\":[{\"@type\":\"ListItem\",\"position\":1,\"name\":\"Accueil\",\"item\":\"https:\\\/\\\/www.webdo.tn\\\/fr\\\/\"},{\"@type\":\"ListItem\",\"position\":2,\"name\":\"Une Qu\u00e9b\u00e9coise d\u00e9c\u00e9d\u00e9e apr\u00e8s une chirurgie en Tunisie : Sa famille r\u00e9clame 1,8 M$\"}]},{\"@type\":\"WebSite\",\"@id\":\"https:\\\/\\\/www.webdo.tn\\\/fr\\\/#website\",\"url\":\"https:\\\/\\\/www.webdo.tn\\\/fr\\\/\",\"name\":\"webdo\",\"description\":\"Tunisie - News en Tunisie et \u00e0 l&#039;international sur Webdo.tn\",\"publisher\":{\"@id\":\"https:\\\/\\\/www.webdo.tn\\\/fr\\\/#organization\"},\"potentialAction\":[{\"@type\":\"SearchAction\",\"target\":{\"@type\":\"EntryPoint\",\"urlTemplate\":\"https:\\\/\\\/www.webdo.tn\\\/fr\\\/?s={search_term_string}\"},\"query-input\":{\"@type\":\"PropertyValueSpecification\",\"valueRequired\":true,\"valueName\":\"search_term_string\"}}],\"inLanguage\":\"fr-FR\"},{\"@type\":\"Organization\",\"@id\":\"https:\\\/\\\/www.webdo.tn\\\/fr\\\/#organization\",\"name\":\"Webdo\",\"alternateName\":\"Webdo.tn\",\"url\":\"https:\\\/\\\/www.webdo.tn\\\/fr\\\/\",\"logo\":{\"@type\":\"ImageObject\",\"inLanguage\":\"fr-FR\",\"@id\":\"https:\\\/\\\/www.webdo.tn\\\/fr\\\/#\\\/schema\\\/logo\\\/image\\\/\",\"url\":\"https:\\\/\\\/www.webdo.tn\\\/fr\\\/wp-content\\\/uploads\\\/2025\\\/06\\\/Webdo-Tunisie_168377.jpg\",\"contentUrl\":\"https:\\\/\\\/www.webdo.tn\\\/fr\\\/wp-content\\\/uploads\\\/2025\\\/06\\\/Webdo-Tunisie_168377.jpg\",\"width\":301,\"height\":301,\"caption\":\"Webdo\"},\"image\":{\"@id\":\"https:\\\/\\\/www.webdo.tn\\\/fr\\\/#\\\/schema\\\/logo\\\/image\\\/\"},\"sameAs\":[\"https:\\\/\\\/www.facebook.com\\\/webdotn\",\"https:\\\/\\\/x.com\\\/webdo_tn\"],\"description\":\"Webdo est un m\u00e9dia num\u00e9rique tunisien fond\u00e9 en 2010, sp\u00e9cialis\u00e9 dans l\u2019actualit\u00e9 nationale et internationale, l\u2019\u00e9conomie, la soci\u00e9t\u00e9 et les analyses politiques. Le site s\u2019adresse \u00e0 un large public francophone et couvre l\u2019information tunisienne en temps r\u00e9el.\",\"email\":\"redac@webdo.tn\",\"legalName\":\"YNJ SARL\",\"foundingDate\":\"2010-09-06\",\"numberOfEmployees\":{\"@type\":\"QuantitativeValue\",\"minValue\":\"11\",\"maxValue\":\"50\"}},{\"@type\":\"Person\",\"@id\":\"https:\\\/\\\/www.webdo.tn\\\/fr\\\/#\\\/schema\\\/person\\\/1f4e491e0907b413d61089e8eb573acc\",\"name\":\"Webdo\",\"image\":{\"@type\":\"ImageObject\",\"inLanguage\":\"fr-FR\",\"@id\":\"https:\\\/\\\/secure.gravatar.com\\\/avatar\\\/de97aeec1bb80978a9dbb127e47dfc88aaacb2f3c29aac907d8d3222e3495d49?s=96&d=mm&r=g\",\"url\":\"https:\\\/\\\/secure.gravatar.com\\\/avatar\\\/de97aeec1bb80978a9dbb127e47dfc88aaacb2f3c29aac907d8d3222e3495d49?s=96&d=mm&r=g\",\"contentUrl\":\"https:\\\/\\\/secure.gravatar.com\\\/avatar\\\/de97aeec1bb80978a9dbb127e47dfc88aaacb2f3c29aac907d8d3222e3495d49?s=96&d=mm&r=g\",\"caption\":\"Webdo\"},\"url\":\"https:\\\/\\\/www.webdo.tn\\\/fr\\\/actualite\\\/author\\\/webdo\\\/\"}]}<\/script>\n<!-- \/ Yoast SEO Premium plugin. -->","yoast_head_json":{"title":"Une Qu\u00e9b\u00e9coise d\u00e9c\u00e9d\u00e9e apr\u00e8s une chirurgie en Tunisie : Sa famille r\u00e9clame 1,8 M$","description":"Une Qu\u00e9b\u00e9coise d\u00e9c\u00e8de apr\u00e8s une chirurgie bariatrique en Tunisie - sa famille poursuit Medcare Vacances pour 1,8 million de dollars. D\u00e9couvrez les d\u00e9tails de ce...","canonical":"https:\/\/www.webdo.tn\/fr\/actualite\/divers\/quebecoise-decedee-apres-chirurgie-en-tunisie-poursuite-de-1-8-m\/213436\/","og_locale":"fr_FR","og_type":"article","og_title":"Une Qu\u00e9b\u00e9coise d\u00e9c\u00e9d\u00e9e apr\u00e8s une chirurgie en Tunisie : Sa famille r\u00e9clame 1,8 M$","og_description":"Une Qu\u00e9b\u00e9coise d\u00e9c\u00e8de apr\u00e8s une chirurgie bariatrique en Tunisie - sa famille poursuit Medcare Vacances pour 1,8 million de dollars. D\u00e9couvrez les d\u00e9tails de ce...","og_url":"https:\/\/www.webdo.tn\/fr\/actualite\/divers\/quebecoise-decedee-apres-chirurgie-en-tunisie-poursuite-de-1-8-m\/213436\/","og_site_name":"webdo","article_publisher":"https:\/\/www.facebook.com\/webdotn","article_published_time":"2024-04-07T09:11:00+00:00","article_modified_time":"2025-05-20T22:32:07+00:00","og_image":[{"width":750,"height":400,"url":"https:\/\/www.webdo.tn\/fr\/wp-content\/uploads\/2024\/04\/1c9e98a9a8e01c474804a070d0b05823.jpg","type":"image\/jpeg"}],"author":"Webdo","twitter_card":"summary_large_image","twitter_creator":"@webdo_tn","twitter_site":"@webdo_tn","twitter_misc":{"\u00c9crit par":"Webdo","Dur\u00e9e de lecture estim\u00e9e":"2 minutes"},"schema":{"@context":"https:\/\/schema.org","@graph":[{"@type":"NewsArticle","@id":"https:\/\/www.webdo.tn\/fr\/actualite\/divers\/quebecoise-decedee-apres-chirurgie-en-tunisie-poursuite-de-1-8-m\/213436\/#article","isPartOf":{"@id":"https:\/\/www.webdo.tn\/fr\/actualite\/divers\/quebecoise-decedee-apres-chirurgie-en-tunisie-poursuite-de-1-8-m\/213436\/"},"author":{"name":"Webdo","@id":"https:\/\/www.webdo.tn\/fr\/#\/schema\/person\/1f4e491e0907b413d61089e8eb573acc"},"headline":"Une Qu\u00e9b\u00e9coise d\u00e9c\u00e9d\u00e9e apr\u00e8s une chirurgie en Tunisie : Sa famille r\u00e9clame 1,8 M$","datePublished":"2024-04-07T09:11:00+00:00","dateModified":"2025-05-20T22:32:07+00:00","mainEntityOfPage":{"@id":"https:\/\/www.webdo.tn\/fr\/actualite\/divers\/quebecoise-decedee-apres-chirurgie-en-tunisie-poursuite-de-1-8-m\/213436\/"},"wordCount":348,"commentCount":0,"publisher":{"@id":"https:\/\/www.webdo.tn\/fr\/#organization"},"image":{"@id":"https:\/\/www.webdo.tn\/fr\/actualite\/divers\/quebecoise-decedee-apres-chirurgie-en-tunisie-poursuite-de-1-8-m\/213436\/#primaryimage"},"thumbnailUrl":"https:\/\/www.webdo.tn\/fr\/wp-content\/uploads\/2024\/04\/1c9e98a9a8e01c474804a070d0b05823.jpg","keywords":["chirurgie bariatrique","Medcare Vacances","M\u00e9lanie Jutras","n\u00e9gligences","polyclinique Ennasr","Tunisie"],"articleSection":["Divers"],"inLanguage":"fr-FR"},{"@type":"WebPage","@id":"https:\/\/www.webdo.tn\/fr\/actualite\/divers\/quebecoise-decedee-apres-chirurgie-en-tunisie-poursuite-de-1-8-m\/213436\/","url":"https:\/\/www.webdo.tn\/fr\/actualite\/divers\/quebecoise-decedee-apres-chirurgie-en-tunisie-poursuite-de-1-8-m\/213436\/","name":"Une Qu\u00e9b\u00e9coise d\u00e9c\u00e9d\u00e9e apr\u00e8s une chirurgie en Tunisie : Sa famille r\u00e9clame 1,8 M$","isPartOf":{"@id":"https:\/\/www.webdo.tn\/fr\/#website"},"primaryImageOfPage":{"@id":"https:\/\/www.webdo.tn\/fr\/actualite\/divers\/quebecoise-decedee-apres-chirurgie-en-tunisie-poursuite-de-1-8-m\/213436\/#primaryimage"},"image":{"@id":"https:\/\/www.webdo.tn\/fr\/actualite\/divers\/quebecoise-decedee-apres-chirurgie-en-tunisie-poursuite-de-1-8-m\/213436\/#primaryimage"},"thumbnailUrl":"https:\/\/www.webdo.tn\/fr\/wp-content\/uploads\/2024\/04\/1c9e98a9a8e01c474804a070d0b05823.jpg","datePublished":"2024-04-07T09:11:00+00:00","dateModified":"2025-05-20T22:32:07+00:00","description":"Une Qu\u00e9b\u00e9coise d\u00e9c\u00e8de apr\u00e8s une chirurgie bariatrique en Tunisie - sa famille poursuit Medcare Vacances pour 1,8 million de dollars. D\u00e9couvrez les d\u00e9tails de ce...","breadcrumb":{"@id":"https:\/\/www.webdo.tn\/fr\/actualite\/divers\/quebecoise-decedee-apres-chirurgie-en-tunisie-poursuite-de-1-8-m\/213436\/#breadcrumb"},"inLanguage":"fr-FR","potentialAction":[{"@type":"ReadAction","target":["https:\/\/www.webdo.tn\/fr\/actualite\/divers\/quebecoise-decedee-apres-chirurgie-en-tunisie-poursuite-de-1-8-m\/213436\/"]}]},{"@type":"ImageObject","inLanguage":"fr-FR","@id":"https:\/\/www.webdo.tn\/fr\/actualite\/divers\/quebecoise-decedee-apres-chirurgie-en-tunisie-poursuite-de-1-8-m\/213436\/#primaryimage","url":"https:\/\/www.webdo.tn\/fr\/wp-content\/uploads\/2024\/04\/1c9e98a9a8e01c474804a070d0b05823.jpg","contentUrl":"https:\/\/www.webdo.tn\/fr\/wp-content\/uploads\/2024\/04\/1c9e98a9a8e01c474804a070d0b05823.jpg","width":750,"height":400,"caption":"Une Qu\u00e9b\u00e9coise d\u00e9c\u00e9d\u00e9e apr\u00e8s une chirurgie en Tunisie : Sa famille r\u00e9clame 1,8 M$"},{"@type":"BreadcrumbList","@id":"https:\/\/www.webdo.tn\/fr\/actualite\/divers\/quebecoise-decedee-apres-chirurgie-en-tunisie-poursuite-de-1-8-m\/213436\/#breadcrumb","itemListElement":[{"@type":"ListItem","position":1,"name":"Accueil","item":"https:\/\/www.webdo.tn\/fr\/"},{"@type":"ListItem","position":2,"name":"Une Qu\u00e9b\u00e9coise d\u00e9c\u00e9d\u00e9e apr\u00e8s une chirurgie en Tunisie : Sa famille r\u00e9clame 1,8 M$"}]},{"@type":"WebSite","@id":"https:\/\/www.webdo.tn\/fr\/#website","url":"https:\/\/www.webdo.tn\/fr\/","name":"webdo","description":"Tunisie - News en Tunisie et \u00e0 l&#039;international sur Webdo.tn","publisher":{"@id":"https:\/\/www.webdo.tn\/fr\/#organization"},"potentialAction":[{"@type":"SearchAction","target":{"@type":"EntryPoint","urlTemplate":"https:\/\/www.webdo.tn\/fr\/?s={search_term_string}"},"query-input":{"@type":"PropertyValueSpecification","valueRequired":true,"valueName":"search_term_string"}}],"inLanguage":"fr-FR"},{"@type":"Organization","@id":"https:\/\/www.webdo.tn\/fr\/#organization","name":"Webdo","alternateName":"Webdo.tn","url":"https:\/\/www.webdo.tn\/fr\/","logo":{"@type":"ImageObject","inLanguage":"fr-FR","@id":"https:\/\/www.webdo.tn\/fr\/#\/schema\/logo\/image\/","url":"https:\/\/www.webdo.tn\/fr\/wp-content\/uploads\/2025\/06\/Webdo-Tunisie_168377.jpg","contentUrl":"https:\/\/www.webdo.tn\/fr\/wp-content\/uploads\/2025\/06\/Webdo-Tunisie_168377.jpg","width":301,"height":301,"caption":"Webdo"},"image":{"@id":"https:\/\/www.webdo.tn\/fr\/#\/schema\/logo\/image\/"},"sameAs":["https:\/\/www.facebook.com\/webdotn","https:\/\/x.com\/webdo_tn"],"description":"Webdo est un m\u00e9dia num\u00e9rique tunisien fond\u00e9 en 2010, sp\u00e9cialis\u00e9 dans l\u2019actualit\u00e9 nationale et internationale, l\u2019\u00e9conomie, la soci\u00e9t\u00e9 et les analyses politiques. Le site s\u2019adresse \u00e0 un large public francophone et couvre l\u2019information tunisienne en temps r\u00e9el.","email":"redac@webdo.tn","legalName":"YNJ SARL","foundingDate":"2010-09-06","numberOfEmployees":{"@type":"QuantitativeValue","minValue":"11","maxValue":"50"}},{"@type":"Person","@id":"https:\/\/www.webdo.tn\/fr\/#\/schema\/person\/1f4e491e0907b413d61089e8eb573acc","name":"Webdo","image":{"@type":"ImageObject","inLanguage":"fr-FR","@id":"https:\/\/secure.gravatar.com\/avatar\/de97aeec1bb80978a9dbb127e47dfc88aaacb2f3c29aac907d8d3222e3495d49?s=96&d=mm&r=g","url":"https:\/\/secure.gravatar.com\/avatar\/de97aeec1bb80978a9dbb127e47dfc88aaacb2f3c29aac907d8d3222e3495d49?s=96&d=mm&r=g","contentUrl":"https:\/\/secure.gravatar.com\/avatar\/de97aeec1bb80978a9dbb127e47dfc88aaacb2f3c29aac907d8d3222e3495d49?s=96&d=mm&r=g","caption":"Webdo"},"url":"https:\/\/www.webdo.tn\/fr\/actualite\/author\/webdo\/"}]}},"_links":{"self":[{"href":"https:\/\/www.webdo.tn\/fr\/wp-json\/wp\/v2\/posts\/213436","targetHints":{"allow":["GET"]}}],"collection":[{"href":"https:\/\/www.webdo.tn\/fr\/wp-json\/wp\/v2\/posts"}],"about":[{"href":"https:\/\/www.webdo.tn\/fr\/wp-json\/wp\/v2\/types\/post"}],"author":[{"embeddable":true,"href":"https:\/\/www.webdo.tn\/fr\/wp-json\/wp\/v2\/users\/3169"}],"replies":[{"embeddable":true,"href":"https:\/\/www.webdo.tn\/fr\/wp-json\/wp\/v2\/comments?post=213436"}],"version-history":[{"count":0,"href":"https:\/\/www.webdo.tn\/fr\/wp-json\/wp\/v2\/posts\/213436\/revisions"}],"wp:featuredmedia":[{"embeddable":true,"href":"https:\/\/www.webdo.tn\/fr\/wp-json\/wp\/v2\/media\/247626"}],"wp:attachment":[{"href":"https:\/\/www.webdo.tn\/fr\/wp-json\/wp\/v2\/media?parent=213436"}],"wp:term":[{"taxonomy":"category","embeddable":true,"href":"https:\/\/www.webdo.tn\/fr\/wp-json\/wp\/v2\/categories?post=213436"},{"taxonomy":"post_tag","embeddable":true,"href":"https:\/\/www.webdo.tn\/fr\/wp-json\/wp\/v2\/tags?post=213436"}],"curies":[{"name":"wp","href":"https:\/\/api.w.org\/{rel}","templated":true}]}}