{"id":213434,"date":"2024-04-07T07:39:00","date_gmt":"2024-04-07T07:39:00","guid":{"rendered":"https:\/\/www.webdo.tn\/fr\/blog\/caf-l-esperance-decroche-sa-place-en-demi-finale\/213434\/"},"modified":"2025-05-20T22:32:06","modified_gmt":"2025-05-20T22:32:06","slug":"caf-l-esperance-decroche-sa-place-en-demi-finale","status":"publish","type":"post","link":"https:\/\/www.webdo.tn\/fr\/actualite\/sport\/caf-l-esperance-decroche-sa-place-en-demi-finale\/213434\/","title":{"rendered":"C1 : Memich envoie l&rsquo;Esp\u00e9rance en demi-finale (vid\u00e9o)"},"content":{"rendered":"<p>L&rsquo;Esp\u00e9rance ST a remport\u00e9 la victoire samedi soir, le 6 avril 2024, contre l&rsquo;\u00e9quipe ivoirienne d&rsquo;ASEC Mimosas aux tirs au but, 4-2, apr\u00e8s un match nul 0-0 durant les 90 minutes r\u00e9glementaires.<\/p>\n<p>\t\t\t\t\t\t\t\t\tL&rsquo;Esp\u00e9rance ST\u00a0a remport\u00e9 la victoire samedi soir, le 6 avril 2024, contre l&rsquo;\u00e9quipe ivoirienne d&rsquo;ASEC Mimosas aux tirs au but, 4-2, apr\u00e8s un match nul 0-0 durant les 90 minutes r\u00e9glementaires.\u00a0<\/p>\n<p>Le repr\u00e9sentant tunisien s&rsquo;est ainsi qualifi\u00e9 pour les demi-finales de la Ligue des champions de la CAF, profitant du r\u00e9sultat du match aller au stade Hammadi Agrebi \u00e0 Rad\u00e8s o\u00f9 le score est rest\u00e9 vierge (0-0) face \u00e0 l&rsquo;\u00e9quipe ivoirienne.\u00a0<\/p>\n<p>Le club de Bab Souika doit cette qualification \u00e0 son jeune gardien Amanallah Memmiche, auteur de deux arr\u00eats lors de la s\u00e9ance de tirs au but.\u00a0<\/p>\n<p>Dans le cadre des demi-finales, le Club Sportif de Tunis affrontera l&rsquo;\u00e9quipe des Mamelodi Sundowns d&rsquo;Afrique du Sud le 20 ou le 21 avril prochain. De plus, cette qualification rapproche davantage le Club Sportif de Tunis de la participation \u00e0 la Coupe du Monde des Clubs, selon le classement de la Conf\u00e9d\u00e9ration Africaine de Football.<\/p>\n","protected":false},"excerpt":{"rendered":"<p>Le Club Sportif de Tunis se qualifie pour les demi-finales de la Ligue des champions africaine apr\u00e8s une victoire aux tirs au but contre l&rsquo;ASEC Mimosas<\/p>\n","protected":false},"author":3169,"featured_media":247624,"comment_status":"open","ping_status":"closed","sticky":false,"template":"","format":"standard","meta":{"footnotes":""},"categories":[2593],"tags":[6701,6699,6700,3135,3437,3436],"class_list":["post-213434","post","type-post","status-publish","format-standard","has-post-thumbnail","hentry","category-sport","tag-amanallah-memmiche","tag-asec-mimosas","tag-buts","tag-caf","tag-esperance","tag-est"],"yoast_head":"<!-- This site is optimized with the Yoast SEO Premium plugin v27.5 (Yoast SEO v27.5) - https:\/\/yoast.com\/product\/yoast-seo-premium-wordpress\/ -->\n<title>C1 : Memich envoie l&#039;Esp\u00e9rance en demi-finale (vid\u00e9o)<\/title>\n<meta name=\"description\" content=\"Le Club Sportif de Tunis se qualifie pour les demi-finales de la Ligue des champions africaine apr\u00e8s une victoire aux tirs au but contre l&#039;ASEC Mimosas\" \/>\n<link rel=\"canonical\" href=\"https:\/\/www.webdo.tn\/fr\/actualite\/sport\/caf-l-esperance-decroche-sa-place-en-demi-finale\/213434\/\" \/>\n<meta property=\"og:locale\" content=\"fr_FR\" \/>\n<meta property=\"og:type\" content=\"article\" \/>\n<meta property=\"og:title\" content=\"C1 : Memich envoie l&#039;Esp\u00e9rance en demi-finale (vid\u00e9o)\" \/>\n<meta property=\"og:description\" content=\"Le Club Sportif de Tunis se qualifie pour les demi-finales de la Ligue des champions africaine apr\u00e8s une victoire aux tirs au but contre l&#039;ASEC Mimosas\" \/>\n<meta property=\"og:url\" content=\"https:\/\/www.webdo.tn\/fr\/actualite\/sport\/caf-l-esperance-decroche-sa-place-en-demi-finale\/213434\/\" \/>\n<meta property=\"og:site_name\" content=\"webdo\" \/>\n<meta property=\"article:publisher\" content=\"https:\/\/www.facebook.com\/webdotn\" \/>\n<meta property=\"article:published_time\" content=\"2024-04-07T07:39:00+00:00\" \/>\n<meta property=\"article:modified_time\" content=\"2025-05-20T22:32:06+00:00\" \/>\n<meta property=\"og:image\" content=\"https:\/\/www.webdo.tn\/fr\/wp-content\/uploads\/2024\/04\/476e961fffef24112f4d10e48bebca1b.jpg\" \/>\n\t<meta property=\"og:image:width\" content=\"750\" \/>\n\t<meta property=\"og:image:height\" content=\"400\" \/>\n\t<meta property=\"og:image:type\" content=\"image\/jpeg\" \/>\n<meta name=\"author\" content=\"Webdo\" \/>\n<meta name=\"twitter:card\" content=\"summary_large_image\" \/>\n<meta name=\"twitter:creator\" content=\"@webdo_tn\" \/>\n<meta name=\"twitter:site\" content=\"@webdo_tn\" \/>\n<meta name=\"twitter:label1\" content=\"\u00c9crit par\" \/>\n\t<meta name=\"twitter:data1\" content=\"Webdo\" \/>\n\t<meta name=\"twitter:label2\" content=\"Dur\u00e9e de lecture estim\u00e9e\" \/>\n\t<meta name=\"twitter:data2\" content=\"1 minute\" \/>\n<script type=\"application\/ld+json\" class=\"yoast-schema-graph\">{\"@context\":\"https:\\\/\\\/schema.org\",\"@graph\":[{\"@type\":\"NewsArticle\",\"@id\":\"https:\\\/\\\/www.webdo.tn\\\/fr\\\/actualite\\\/sport\\\/caf-l-esperance-decroche-sa-place-en-demi-finale\\\/213434\\\/#article\",\"isPartOf\":{\"@id\":\"https:\\\/\\\/www.webdo.tn\\\/fr\\\/actualite\\\/sport\\\/caf-l-esperance-decroche-sa-place-en-demi-finale\\\/213434\\\/\"},\"author\":{\"name\":\"Webdo\",\"@id\":\"https:\\\/\\\/www.webdo.tn\\\/fr\\\/#\\\/schema\\\/person\\\/1f4e491e0907b413d61089e8eb573acc\"},\"headline\":\"C1 : Memich envoie l&rsquo;Esp\u00e9rance en demi-finale (vid\u00e9o)\",\"datePublished\":\"2024-04-07T07:39:00+00:00\",\"dateModified\":\"2025-05-20T22:32:06+00:00\",\"mainEntityOfPage\":{\"@id\":\"https:\\\/\\\/www.webdo.tn\\\/fr\\\/actualite\\\/sport\\\/caf-l-esperance-decroche-sa-place-en-demi-finale\\\/213434\\\/\"},\"wordCount\":206,\"commentCount\":0,\"publisher\":{\"@id\":\"https:\\\/\\\/www.webdo.tn\\\/fr\\\/#organization\"},\"image\":{\"@id\":\"https:\\\/\\\/www.webdo.tn\\\/fr\\\/actualite\\\/sport\\\/caf-l-esperance-decroche-sa-place-en-demi-finale\\\/213434\\\/#primaryimage\"},\"thumbnailUrl\":\"https:\\\/\\\/www.webdo.tn\\\/fr\\\/wp-content\\\/uploads\\\/2024\\\/04\\\/476e961fffef24112f4d10e48bebca1b.jpg\",\"keywords\":[\"Amanallah Memmiche\",\"ASEC Mimosas\",\"buts\",\"CAF\",\"esp\u00e9rance\",\"EST\"],\"articleSection\":[\"Sport\"],\"inLanguage\":\"fr-FR\"},{\"@type\":\"WebPage\",\"@id\":\"https:\\\/\\\/www.webdo.tn\\\/fr\\\/actualite\\\/sport\\\/caf-l-esperance-decroche-sa-place-en-demi-finale\\\/213434\\\/\",\"url\":\"https:\\\/\\\/www.webdo.tn\\\/fr\\\/actualite\\\/sport\\\/caf-l-esperance-decroche-sa-place-en-demi-finale\\\/213434\\\/\",\"name\":\"C1 : Memich envoie l'Esp\u00e9rance en demi-finale (vid\u00e9o)\",\"isPartOf\":{\"@id\":\"https:\\\/\\\/www.webdo.tn\\\/fr\\\/#website\"},\"primaryImageOfPage\":{\"@id\":\"https:\\\/\\\/www.webdo.tn\\\/fr\\\/actualite\\\/sport\\\/caf-l-esperance-decroche-sa-place-en-demi-finale\\\/213434\\\/#primaryimage\"},\"image\":{\"@id\":\"https:\\\/\\\/www.webdo.tn\\\/fr\\\/actualite\\\/sport\\\/caf-l-esperance-decroche-sa-place-en-demi-finale\\\/213434\\\/#primaryimage\"},\"thumbnailUrl\":\"https:\\\/\\\/www.webdo.tn\\\/fr\\\/wp-content\\\/uploads\\\/2024\\\/04\\\/476e961fffef24112f4d10e48bebca1b.jpg\",\"datePublished\":\"2024-04-07T07:39:00+00:00\",\"dateModified\":\"2025-05-20T22:32:06+00:00\",\"description\":\"Le Club Sportif de Tunis se qualifie pour les demi-finales de la Ligue des champions africaine apr\u00e8s une victoire aux tirs au but contre l'ASEC Mimosas\",\"breadcrumb\":{\"@id\":\"https:\\\/\\\/www.webdo.tn\\\/fr\\\/actualite\\\/sport\\\/caf-l-esperance-decroche-sa-place-en-demi-finale\\\/213434\\\/#breadcrumb\"},\"inLanguage\":\"fr-FR\",\"potentialAction\":[{\"@type\":\"ReadAction\",\"target\":[\"https:\\\/\\\/www.webdo.tn\\\/fr\\\/actualite\\\/sport\\\/caf-l-esperance-decroche-sa-place-en-demi-finale\\\/213434\\\/\"]}]},{\"@type\":\"ImageObject\",\"inLanguage\":\"fr-FR\",\"@id\":\"https:\\\/\\\/www.webdo.tn\\\/fr\\\/actualite\\\/sport\\\/caf-l-esperance-decroche-sa-place-en-demi-finale\\\/213434\\\/#primaryimage\",\"url\":\"https:\\\/\\\/www.webdo.tn\\\/fr\\\/wp-content\\\/uploads\\\/2024\\\/04\\\/476e961fffef24112f4d10e48bebca1b.jpg\",\"contentUrl\":\"https:\\\/\\\/www.webdo.tn\\\/fr\\\/wp-content\\\/uploads\\\/2024\\\/04\\\/476e961fffef24112f4d10e48bebca1b.jpg\",\"width\":750,\"height\":400,\"caption\":\"C1 : Memich envoie l'Esp\u00e9rance en demi-finale (vid\u00e9o)\"},{\"@type\":\"BreadcrumbList\",\"@id\":\"https:\\\/\\\/www.webdo.tn\\\/fr\\\/actualite\\\/sport\\\/caf-l-esperance-decroche-sa-place-en-demi-finale\\\/213434\\\/#breadcrumb\",\"itemListElement\":[{\"@type\":\"ListItem\",\"position\":1,\"name\":\"Accueil\",\"item\":\"https:\\\/\\\/www.webdo.tn\\\/fr\\\/\"},{\"@type\":\"ListItem\",\"position\":2,\"name\":\"C1 : Memich envoie l&rsquo;Esp\u00e9rance en demi-finale (vid\u00e9o)\"}]},{\"@type\":\"WebSite\",\"@id\":\"https:\\\/\\\/www.webdo.tn\\\/fr\\\/#website\",\"url\":\"https:\\\/\\\/www.webdo.tn\\\/fr\\\/\",\"name\":\"webdo\",\"description\":\"Tunisie - News en Tunisie et \u00e0 l&#039;international sur Webdo.tn\",\"publisher\":{\"@id\":\"https:\\\/\\\/www.webdo.tn\\\/fr\\\/#organization\"},\"potentialAction\":[{\"@type\":\"SearchAction\",\"target\":{\"@type\":\"EntryPoint\",\"urlTemplate\":\"https:\\\/\\\/www.webdo.tn\\\/fr\\\/?s={search_term_string}\"},\"query-input\":{\"@type\":\"PropertyValueSpecification\",\"valueRequired\":true,\"valueName\":\"search_term_string\"}}],\"inLanguage\":\"fr-FR\"},{\"@type\":\"Organization\",\"@id\":\"https:\\\/\\\/www.webdo.tn\\\/fr\\\/#organization\",\"name\":\"Webdo\",\"alternateName\":\"Webdo.tn\",\"url\":\"https:\\\/\\\/www.webdo.tn\\\/fr\\\/\",\"logo\":{\"@type\":\"ImageObject\",\"inLanguage\":\"fr-FR\",\"@id\":\"https:\\\/\\\/www.webdo.tn\\\/fr\\\/#\\\/schema\\\/logo\\\/image\\\/\",\"url\":\"https:\\\/\\\/www.webdo.tn\\\/fr\\\/wp-content\\\/uploads\\\/2025\\\/06\\\/Webdo-Tunisie_168377.jpg\",\"contentUrl\":\"https:\\\/\\\/www.webdo.tn\\\/fr\\\/wp-content\\\/uploads\\\/2025\\\/06\\\/Webdo-Tunisie_168377.jpg\",\"width\":301,\"height\":301,\"caption\":\"Webdo\"},\"image\":{\"@id\":\"https:\\\/\\\/www.webdo.tn\\\/fr\\\/#\\\/schema\\\/logo\\\/image\\\/\"},\"sameAs\":[\"https:\\\/\\\/www.facebook.com\\\/webdotn\",\"https:\\\/\\\/x.com\\\/webdo_tn\"],\"description\":\"Webdo est un m\u00e9dia num\u00e9rique tunisien fond\u00e9 en 2010, sp\u00e9cialis\u00e9 dans l\u2019actualit\u00e9 nationale et internationale, l\u2019\u00e9conomie, la soci\u00e9t\u00e9 et les analyses politiques. Le site s\u2019adresse \u00e0 un large public francophone et couvre l\u2019information tunisienne en temps r\u00e9el.\",\"email\":\"redac@webdo.tn\",\"legalName\":\"YNJ SARL\",\"foundingDate\":\"2010-09-06\",\"numberOfEmployees\":{\"@type\":\"QuantitativeValue\",\"minValue\":\"11\",\"maxValue\":\"50\"}},{\"@type\":\"Person\",\"@id\":\"https:\\\/\\\/www.webdo.tn\\\/fr\\\/#\\\/schema\\\/person\\\/1f4e491e0907b413d61089e8eb573acc\",\"name\":\"Webdo\",\"image\":{\"@type\":\"ImageObject\",\"inLanguage\":\"fr-FR\",\"@id\":\"https:\\\/\\\/secure.gravatar.com\\\/avatar\\\/de97aeec1bb80978a9dbb127e47dfc88aaacb2f3c29aac907d8d3222e3495d49?s=96&d=mm&r=g\",\"url\":\"https:\\\/\\\/secure.gravatar.com\\\/avatar\\\/de97aeec1bb80978a9dbb127e47dfc88aaacb2f3c29aac907d8d3222e3495d49?s=96&d=mm&r=g\",\"contentUrl\":\"https:\\\/\\\/secure.gravatar.com\\\/avatar\\\/de97aeec1bb80978a9dbb127e47dfc88aaacb2f3c29aac907d8d3222e3495d49?s=96&d=mm&r=g\",\"caption\":\"Webdo\"},\"url\":\"https:\\\/\\\/www.webdo.tn\\\/fr\\\/actualite\\\/author\\\/webdo\\\/\"}]}<\/script>\n<!-- \/ Yoast SEO Premium plugin. -->","yoast_head_json":{"title":"C1 : Memich envoie l'Esp\u00e9rance en demi-finale (vid\u00e9o)","description":"Le Club Sportif de Tunis se qualifie pour les demi-finales de la Ligue des champions africaine apr\u00e8s une victoire aux tirs au but contre l'ASEC Mimosas","canonical":"https:\/\/www.webdo.tn\/fr\/actualite\/sport\/caf-l-esperance-decroche-sa-place-en-demi-finale\/213434\/","og_locale":"fr_FR","og_type":"article","og_title":"C1 : Memich envoie l'Esp\u00e9rance en demi-finale (vid\u00e9o)","og_description":"Le Club Sportif de Tunis se qualifie pour les demi-finales de la Ligue des champions africaine apr\u00e8s une victoire aux tirs au but contre l'ASEC Mimosas","og_url":"https:\/\/www.webdo.tn\/fr\/actualite\/sport\/caf-l-esperance-decroche-sa-place-en-demi-finale\/213434\/","og_site_name":"webdo","article_publisher":"https:\/\/www.facebook.com\/webdotn","article_published_time":"2024-04-07T07:39:00+00:00","article_modified_time":"2025-05-20T22:32:06+00:00","og_image":[{"width":750,"height":400,"url":"https:\/\/www.webdo.tn\/fr\/wp-content\/uploads\/2024\/04\/476e961fffef24112f4d10e48bebca1b.jpg","type":"image\/jpeg"}],"author":"Webdo","twitter_card":"summary_large_image","twitter_creator":"@webdo_tn","twitter_site":"@webdo_tn","twitter_misc":{"\u00c9crit par":"Webdo","Dur\u00e9e de lecture estim\u00e9e":"1 minute"},"schema":{"@context":"https:\/\/schema.org","@graph":[{"@type":"NewsArticle","@id":"https:\/\/www.webdo.tn\/fr\/actualite\/sport\/caf-l-esperance-decroche-sa-place-en-demi-finale\/213434\/#article","isPartOf":{"@id":"https:\/\/www.webdo.tn\/fr\/actualite\/sport\/caf-l-esperance-decroche-sa-place-en-demi-finale\/213434\/"},"author":{"name":"Webdo","@id":"https:\/\/www.webdo.tn\/fr\/#\/schema\/person\/1f4e491e0907b413d61089e8eb573acc"},"headline":"C1 : Memich envoie l&rsquo;Esp\u00e9rance en demi-finale (vid\u00e9o)","datePublished":"2024-04-07T07:39:00+00:00","dateModified":"2025-05-20T22:32:06+00:00","mainEntityOfPage":{"@id":"https:\/\/www.webdo.tn\/fr\/actualite\/sport\/caf-l-esperance-decroche-sa-place-en-demi-finale\/213434\/"},"wordCount":206,"commentCount":0,"publisher":{"@id":"https:\/\/www.webdo.tn\/fr\/#organization"},"image":{"@id":"https:\/\/www.webdo.tn\/fr\/actualite\/sport\/caf-l-esperance-decroche-sa-place-en-demi-finale\/213434\/#primaryimage"},"thumbnailUrl":"https:\/\/www.webdo.tn\/fr\/wp-content\/uploads\/2024\/04\/476e961fffef24112f4d10e48bebca1b.jpg","keywords":["Amanallah Memmiche","ASEC Mimosas","buts","CAF","esp\u00e9rance","EST"],"articleSection":["Sport"],"inLanguage":"fr-FR"},{"@type":"WebPage","@id":"https:\/\/www.webdo.tn\/fr\/actualite\/sport\/caf-l-esperance-decroche-sa-place-en-demi-finale\/213434\/","url":"https:\/\/www.webdo.tn\/fr\/actualite\/sport\/caf-l-esperance-decroche-sa-place-en-demi-finale\/213434\/","name":"C1 : Memich envoie l'Esp\u00e9rance en demi-finale (vid\u00e9o)","isPartOf":{"@id":"https:\/\/www.webdo.tn\/fr\/#website"},"primaryImageOfPage":{"@id":"https:\/\/www.webdo.tn\/fr\/actualite\/sport\/caf-l-esperance-decroche-sa-place-en-demi-finale\/213434\/#primaryimage"},"image":{"@id":"https:\/\/www.webdo.tn\/fr\/actualite\/sport\/caf-l-esperance-decroche-sa-place-en-demi-finale\/213434\/#primaryimage"},"thumbnailUrl":"https:\/\/www.webdo.tn\/fr\/wp-content\/uploads\/2024\/04\/476e961fffef24112f4d10e48bebca1b.jpg","datePublished":"2024-04-07T07:39:00+00:00","dateModified":"2025-05-20T22:32:06+00:00","description":"Le Club Sportif de Tunis se qualifie pour les demi-finales de la Ligue des champions africaine apr\u00e8s une victoire aux tirs au but contre l'ASEC Mimosas","breadcrumb":{"@id":"https:\/\/www.webdo.tn\/fr\/actualite\/sport\/caf-l-esperance-decroche-sa-place-en-demi-finale\/213434\/#breadcrumb"},"inLanguage":"fr-FR","potentialAction":[{"@type":"ReadAction","target":["https:\/\/www.webdo.tn\/fr\/actualite\/sport\/caf-l-esperance-decroche-sa-place-en-demi-finale\/213434\/"]}]},{"@type":"ImageObject","inLanguage":"fr-FR","@id":"https:\/\/www.webdo.tn\/fr\/actualite\/sport\/caf-l-esperance-decroche-sa-place-en-demi-finale\/213434\/#primaryimage","url":"https:\/\/www.webdo.tn\/fr\/wp-content\/uploads\/2024\/04\/476e961fffef24112f4d10e48bebca1b.jpg","contentUrl":"https:\/\/www.webdo.tn\/fr\/wp-content\/uploads\/2024\/04\/476e961fffef24112f4d10e48bebca1b.jpg","width":750,"height":400,"caption":"C1 : Memich envoie l'Esp\u00e9rance en demi-finale (vid\u00e9o)"},{"@type":"BreadcrumbList","@id":"https:\/\/www.webdo.tn\/fr\/actualite\/sport\/caf-l-esperance-decroche-sa-place-en-demi-finale\/213434\/#breadcrumb","itemListElement":[{"@type":"ListItem","position":1,"name":"Accueil","item":"https:\/\/www.webdo.tn\/fr\/"},{"@type":"ListItem","position":2,"name":"C1 : Memich envoie l&rsquo;Esp\u00e9rance en demi-finale (vid\u00e9o)"}]},{"@type":"WebSite","@id":"https:\/\/www.webdo.tn\/fr\/#website","url":"https:\/\/www.webdo.tn\/fr\/","name":"webdo","description":"Tunisie - News en Tunisie et \u00e0 l&#039;international sur Webdo.tn","publisher":{"@id":"https:\/\/www.webdo.tn\/fr\/#organization"},"potentialAction":[{"@type":"SearchAction","target":{"@type":"EntryPoint","urlTemplate":"https:\/\/www.webdo.tn\/fr\/?s={search_term_string}"},"query-input":{"@type":"PropertyValueSpecification","valueRequired":true,"valueName":"search_term_string"}}],"inLanguage":"fr-FR"},{"@type":"Organization","@id":"https:\/\/www.webdo.tn\/fr\/#organization","name":"Webdo","alternateName":"Webdo.tn","url":"https:\/\/www.webdo.tn\/fr\/","logo":{"@type":"ImageObject","inLanguage":"fr-FR","@id":"https:\/\/www.webdo.tn\/fr\/#\/schema\/logo\/image\/","url":"https:\/\/www.webdo.tn\/fr\/wp-content\/uploads\/2025\/06\/Webdo-Tunisie_168377.jpg","contentUrl":"https:\/\/www.webdo.tn\/fr\/wp-content\/uploads\/2025\/06\/Webdo-Tunisie_168377.jpg","width":301,"height":301,"caption":"Webdo"},"image":{"@id":"https:\/\/www.webdo.tn\/fr\/#\/schema\/logo\/image\/"},"sameAs":["https:\/\/www.facebook.com\/webdotn","https:\/\/x.com\/webdo_tn"],"description":"Webdo est un m\u00e9dia num\u00e9rique tunisien fond\u00e9 en 2010, sp\u00e9cialis\u00e9 dans l\u2019actualit\u00e9 nationale et internationale, l\u2019\u00e9conomie, la soci\u00e9t\u00e9 et les analyses politiques. Le site s\u2019adresse \u00e0 un large public francophone et couvre l\u2019information tunisienne en temps r\u00e9el.","email":"redac@webdo.tn","legalName":"YNJ SARL","foundingDate":"2010-09-06","numberOfEmployees":{"@type":"QuantitativeValue","minValue":"11","maxValue":"50"}},{"@type":"Person","@id":"https:\/\/www.webdo.tn\/fr\/#\/schema\/person\/1f4e491e0907b413d61089e8eb573acc","name":"Webdo","image":{"@type":"ImageObject","inLanguage":"fr-FR","@id":"https:\/\/secure.gravatar.com\/avatar\/de97aeec1bb80978a9dbb127e47dfc88aaacb2f3c29aac907d8d3222e3495d49?s=96&d=mm&r=g","url":"https:\/\/secure.gravatar.com\/avatar\/de97aeec1bb80978a9dbb127e47dfc88aaacb2f3c29aac907d8d3222e3495d49?s=96&d=mm&r=g","contentUrl":"https:\/\/secure.gravatar.com\/avatar\/de97aeec1bb80978a9dbb127e47dfc88aaacb2f3c29aac907d8d3222e3495d49?s=96&d=mm&r=g","caption":"Webdo"},"url":"https:\/\/www.webdo.tn\/fr\/actualite\/author\/webdo\/"}]}},"_links":{"self":[{"href":"https:\/\/www.webdo.tn\/fr\/wp-json\/wp\/v2\/posts\/213434","targetHints":{"allow":["GET"]}}],"collection":[{"href":"https:\/\/www.webdo.tn\/fr\/wp-json\/wp\/v2\/posts"}],"about":[{"href":"https:\/\/www.webdo.tn\/fr\/wp-json\/wp\/v2\/types\/post"}],"author":[{"embeddable":true,"href":"https:\/\/www.webdo.tn\/fr\/wp-json\/wp\/v2\/users\/3169"}],"replies":[{"embeddable":true,"href":"https:\/\/www.webdo.tn\/fr\/wp-json\/wp\/v2\/comments?post=213434"}],"version-history":[{"count":0,"href":"https:\/\/www.webdo.tn\/fr\/wp-json\/wp\/v2\/posts\/213434\/revisions"}],"wp:featuredmedia":[{"embeddable":true,"href":"https:\/\/www.webdo.tn\/fr\/wp-json\/wp\/v2\/media\/247624"}],"wp:attachment":[{"href":"https:\/\/www.webdo.tn\/fr\/wp-json\/wp\/v2\/media?parent=213434"}],"wp:term":[{"taxonomy":"category","embeddable":true,"href":"https:\/\/www.webdo.tn\/fr\/wp-json\/wp\/v2\/categories?post=213434"},{"taxonomy":"post_tag","embeddable":true,"href":"https:\/\/www.webdo.tn\/fr\/wp-json\/wp\/v2\/tags?post=213434"}],"curies":[{"name":"wp","href":"https:\/\/api.w.org\/{rel}","templated":true}]}}