{"id":213406,"date":"2024-04-05T09:20:00","date_gmt":"2024-04-05T09:20:00","guid":{"rendered":"https:\/\/www.webdo.tn\/fr\/blog\/tunisie-nos-hotels-futures-maisons-de-retraite-des-europeens\/213406\/"},"modified":"2025-05-20T22:37:00","modified_gmt":"2025-05-20T22:37:00","slug":"tunisie-nos-hotels-futures-maisons-de-retraite-des-europeens","status":"publish","type":"post","link":"https:\/\/www.webdo.tn\/fr\/actualite\/national\/tunisie-nos-hotels-futures-maisons-de-retraite-des-europeens\/213406\/","title":{"rendered":"Tunisie : Nos h\u00f4tels, futures maisons de retraite des Europ\u00e9ens ?\u00a0"},"content":{"rendered":"<p>Il y a une semaine, un journal fran\u00e7ais a racont\u00e9 l\u2019histoire d\u2019un retrait\u00e9 Belge qui est quasiment install\u00e9 en Tunisie. Ce monsieur passe plus de huit mois par an en Tunisie dans un h\u00f4tel quatre \u00e9toiles de luxe pour un prix d\u00e9risoire, et son cas n\u2019est pas isol\u00e9.\u00a0<\/p>\n<p>\t\t\t\t\t\t\t\t\tEn effet, c\u2019est une nouvelle tendance qui commence \u00e0 s\u2019affirmer, la Tunisie, o\u00f9 le soleil brille tout au long de l\u2019ann\u00e9e, attire de plus en plus les s\u00e9niors europ\u00e9ens, en t\u00eate de liste, les Fran\u00e7ais, les Belges et les Allemands.\u00a0<\/p>\n<p>La principale motivation n\u2019est autre que les prix tr\u00e8s attractifs des h\u00f4tels tunisiens notamment en basse saison et le co\u00fbt de la vie largement accessible pour les Europ\u00e9ens.<\/p>\n<p>\u00ab Ce retrait\u00e9 belge vit dans un h\u00f4tel de luxe pour moins de 1000 euros par mois. C&rsquo;est bien loin d&rsquo;Arlon, la ville dont il est originaire en Wallonie, que ce Belge a d\u00e9cid\u00e9 de vivre sa retraite. A 64 ans, Daniel Feller coule d\u00e9sormais des jours heureux en Tunisie \u00bb, rapporte dans ce sens le journal en ligne Ouest France pour dire que ce choix reste abordable, voire m\u00eame attractif pour de nombreux retrait\u00e9s.\u00a0<\/p>\n<p>En tout cas, les chiffres le confirment. En mars 2023, le site retraitesansfrontieres.fr. avait \u00e9tabli le classement des pays o\u00f9 les Fran\u00e7ais d\u00e9sirent passer leur retraite. La Tunisie figure en 5\u00e8me position. Ainsi, le nombre de retrait\u00e9s fran\u00e7ais r\u00e9sidant en Tunisie s&rsquo;\u00e9l\u00e8ve \u00e0 37 395 personnes, selon ses derni\u00e8res statistiques.\u00a0<\/p>\n<p>Dans sa pr\u00e9sentation de la Tunisie, le site met en exergue les facteurs climat et accessibilit\u00e9 qui continuent \u00e0 s\u00e9duire les retrait\u00e9s fran\u00e7ais. Ces derniers appr\u00e9cient aussi le prix de l&rsquo;immobilier, bien moins \u00e9lev\u00e9 qu\u2019en France.<\/p>\n<p>Un rapport gagnant-gagnant ?\u00a0<\/p>\n<p>Du c\u00f4t\u00e9 des h\u00f4teliers tunisiens, ce constat est confirm\u00e9. De nombreux retrait\u00e9s europ\u00e9ens pr\u00e9f\u00e8rent passer un long s\u00e9jour en Tunisie, pour certains cas, plus de trois trimestres pass\u00e9s log\u00e9s et nourris en pension compl\u00e8te. On nous expliquent \u00e9galement que tout un \u00e9cosyst\u00e8me est n\u00e9 autour de cette tendance, la prise en charge m\u00e9dicale en premier lieu.<\/p>\n<p>De ce fait, certaines cliniques et soci\u00e9t\u00e9s d\u2019aide \u00e0 domicile pour personnes \u00e2g\u00e9es proposent leurs services aupr\u00e8s de cette client\u00e8le et se d\u00e9placent m\u00eame dans leurs h\u00f4tels.\u00a0<\/p>\n<p>Si cette tendance se confirme jour apr\u00e8s jour, quel int\u00e9r\u00eat pour la Tunisie et comment optimiser ce secteur ? Pour les h\u00f4teliers, il s\u2019agit d\u2019un rapport gagnant-gagnant notamment en basse saison o\u00f9 certains h\u00f4tels pr\u00e9f\u00e8rent fermer provisoirement.<\/p>\n","protected":false},"excerpt":{"rendered":"<p>En effet, c\u2019est une nouvelle tendance qui commence \u00e0 s\u2019affirmer, la Tunisie, o\u00f9 le soleil brille tout au long de l\u2019ann\u00e9e, attire de plus en plus les s\u00e9niors eur&#8230;<\/p>\n","protected":false},"author":3175,"featured_media":247640,"comment_status":"open","ping_status":"closed","sticky":false,"template":"","format":"standard","meta":{"footnotes":""},"categories":[44],"tags":[6717,6597,3836,2608],"class_list":["post-213406","post","type-post","status-publish","format-standard","has-post-thumbnail","hentry","category-national","tag-europeens","tag-hotels","tag-retraites","tag-tunisie"],"yoast_head":"<!-- This site is optimized with the Yoast SEO Premium plugin v27.5 (Yoast SEO v27.5) - https:\/\/yoast.com\/product\/yoast-seo-premium-wordpress\/ -->\n<title>Tunisie : Nos h\u00f4tels, futures maisons de retraite des Europ\u00e9ens ?\u00a0<\/title>\n<meta name=\"description\" content=\"En effet, c\u2019est une nouvelle tendance qui commence \u00e0 s\u2019affirmer, la Tunisie, o\u00f9 le soleil brille tout au long de l\u2019ann\u00e9e, attire de plus en plus les s\u00e9niors eur...\" \/>\n<link rel=\"canonical\" href=\"https:\/\/www.webdo.tn\/fr\/actualite\/national\/tunisie-nos-hotels-futures-maisons-de-retraite-des-europeens\/213406\/\" \/>\n<meta property=\"og:locale\" content=\"fr_FR\" \/>\n<meta property=\"og:type\" content=\"article\" \/>\n<meta property=\"og:title\" content=\"Tunisie : Nos h\u00f4tels, futures maisons de retraite des Europ\u00e9ens ?\u00a0\" \/>\n<meta property=\"og:description\" content=\"En effet, c\u2019est une nouvelle tendance qui commence \u00e0 s\u2019affirmer, la Tunisie, o\u00f9 le soleil brille tout au long de l\u2019ann\u00e9e, attire de plus en plus les s\u00e9niors eur...\" \/>\n<meta property=\"og:url\" content=\"https:\/\/www.webdo.tn\/fr\/actualite\/national\/tunisie-nos-hotels-futures-maisons-de-retraite-des-europeens\/213406\/\" \/>\n<meta property=\"og:site_name\" content=\"webdo\" \/>\n<meta property=\"article:publisher\" content=\"https:\/\/www.facebook.com\/webdotn\" \/>\n<meta property=\"article:published_time\" content=\"2024-04-05T09:20:00+00:00\" \/>\n<meta property=\"article:modified_time\" content=\"2025-05-20T22:37:00+00:00\" \/>\n<meta property=\"og:image\" content=\"https:\/\/www.webdo.tn\/fr\/wp-content\/uploads\/2024\/04\/b4b0ac029db10306df4973e13d9cd5d6.jpg\" \/>\n\t<meta property=\"og:image:width\" content=\"750\" \/>\n\t<meta property=\"og:image:height\" content=\"400\" \/>\n\t<meta property=\"og:image:type\" content=\"image\/jpeg\" \/>\n<meta name=\"author\" content=\"CL\" \/>\n<meta name=\"twitter:card\" content=\"summary_large_image\" \/>\n<meta name=\"twitter:creator\" content=\"@webdo_tn\" \/>\n<meta name=\"twitter:site\" content=\"@webdo_tn\" \/>\n<meta name=\"twitter:label1\" content=\"\u00c9crit par\" \/>\n\t<meta name=\"twitter:data1\" content=\"CL\" \/>\n\t<meta name=\"twitter:label2\" content=\"Dur\u00e9e de lecture estim\u00e9e\" \/>\n\t<meta name=\"twitter:data2\" content=\"2 minutes\" \/>\n<script type=\"application\/ld+json\" class=\"yoast-schema-graph\">{\"@context\":\"https:\\\/\\\/schema.org\",\"@graph\":[{\"@type\":\"NewsArticle\",\"@id\":\"https:\\\/\\\/www.webdo.tn\\\/fr\\\/actualite\\\/national\\\/tunisie-nos-hotels-futures-maisons-de-retraite-des-europeens\\\/213406\\\/#article\",\"isPartOf\":{\"@id\":\"https:\\\/\\\/www.webdo.tn\\\/fr\\\/actualite\\\/national\\\/tunisie-nos-hotels-futures-maisons-de-retraite-des-europeens\\\/213406\\\/\"},\"author\":{\"name\":\"CL\",\"@id\":\"https:\\\/\\\/www.webdo.tn\\\/fr\\\/#\\\/schema\\\/person\\\/f35b42a42c5e2511bbd282959d6385cc\"},\"headline\":\"Tunisie : Nos h\u00f4tels, futures maisons de retraite des Europ\u00e9ens ?\u00a0\",\"datePublished\":\"2024-04-05T09:20:00+00:00\",\"dateModified\":\"2025-05-20T22:37:00+00:00\",\"mainEntityOfPage\":{\"@id\":\"https:\\\/\\\/www.webdo.tn\\\/fr\\\/actualite\\\/national\\\/tunisie-nos-hotels-futures-maisons-de-retraite-des-europeens\\\/213406\\\/\"},\"wordCount\":471,\"commentCount\":0,\"publisher\":{\"@id\":\"https:\\\/\\\/www.webdo.tn\\\/fr\\\/#organization\"},\"image\":{\"@id\":\"https:\\\/\\\/www.webdo.tn\\\/fr\\\/actualite\\\/national\\\/tunisie-nos-hotels-futures-maisons-de-retraite-des-europeens\\\/213406\\\/#primaryimage\"},\"thumbnailUrl\":\"https:\\\/\\\/www.webdo.tn\\\/fr\\\/wp-content\\\/uploads\\\/2024\\\/04\\\/b4b0ac029db10306df4973e13d9cd5d6.jpg\",\"keywords\":[\"Europ\u00e9ens\",\"hotels\",\"retrait\u00e9s\",\"Tunisie\"],\"articleSection\":[\"National\"],\"inLanguage\":\"fr-FR\"},{\"@type\":\"WebPage\",\"@id\":\"https:\\\/\\\/www.webdo.tn\\\/fr\\\/actualite\\\/national\\\/tunisie-nos-hotels-futures-maisons-de-retraite-des-europeens\\\/213406\\\/\",\"url\":\"https:\\\/\\\/www.webdo.tn\\\/fr\\\/actualite\\\/national\\\/tunisie-nos-hotels-futures-maisons-de-retraite-des-europeens\\\/213406\\\/\",\"name\":\"Tunisie : Nos h\u00f4tels, futures maisons de retraite des Europ\u00e9ens ?\u00a0\",\"isPartOf\":{\"@id\":\"https:\\\/\\\/www.webdo.tn\\\/fr\\\/#website\"},\"primaryImageOfPage\":{\"@id\":\"https:\\\/\\\/www.webdo.tn\\\/fr\\\/actualite\\\/national\\\/tunisie-nos-hotels-futures-maisons-de-retraite-des-europeens\\\/213406\\\/#primaryimage\"},\"image\":{\"@id\":\"https:\\\/\\\/www.webdo.tn\\\/fr\\\/actualite\\\/national\\\/tunisie-nos-hotels-futures-maisons-de-retraite-des-europeens\\\/213406\\\/#primaryimage\"},\"thumbnailUrl\":\"https:\\\/\\\/www.webdo.tn\\\/fr\\\/wp-content\\\/uploads\\\/2024\\\/04\\\/b4b0ac029db10306df4973e13d9cd5d6.jpg\",\"datePublished\":\"2024-04-05T09:20:00+00:00\",\"dateModified\":\"2025-05-20T22:37:00+00:00\",\"description\":\"En effet, c\u2019est une nouvelle tendance qui commence \u00e0 s\u2019affirmer, la Tunisie, o\u00f9 le soleil brille tout au long de l\u2019ann\u00e9e, attire de plus en plus les s\u00e9niors eur...\",\"breadcrumb\":{\"@id\":\"https:\\\/\\\/www.webdo.tn\\\/fr\\\/actualite\\\/national\\\/tunisie-nos-hotels-futures-maisons-de-retraite-des-europeens\\\/213406\\\/#breadcrumb\"},\"inLanguage\":\"fr-FR\",\"potentialAction\":[{\"@type\":\"ReadAction\",\"target\":[\"https:\\\/\\\/www.webdo.tn\\\/fr\\\/actualite\\\/national\\\/tunisie-nos-hotels-futures-maisons-de-retraite-des-europeens\\\/213406\\\/\"]}]},{\"@type\":\"ImageObject\",\"inLanguage\":\"fr-FR\",\"@id\":\"https:\\\/\\\/www.webdo.tn\\\/fr\\\/actualite\\\/national\\\/tunisie-nos-hotels-futures-maisons-de-retraite-des-europeens\\\/213406\\\/#primaryimage\",\"url\":\"https:\\\/\\\/www.webdo.tn\\\/fr\\\/wp-content\\\/uploads\\\/2024\\\/04\\\/b4b0ac029db10306df4973e13d9cd5d6.jpg\",\"contentUrl\":\"https:\\\/\\\/www.webdo.tn\\\/fr\\\/wp-content\\\/uploads\\\/2024\\\/04\\\/b4b0ac029db10306df4973e13d9cd5d6.jpg\",\"width\":750,\"height\":400,\"caption\":\"Tunisie : Nos h\u00f4tels, futures maisons de retraite des Europ\u00e9ens ?\u00a0\"},{\"@type\":\"BreadcrumbList\",\"@id\":\"https:\\\/\\\/www.webdo.tn\\\/fr\\\/actualite\\\/national\\\/tunisie-nos-hotels-futures-maisons-de-retraite-des-europeens\\\/213406\\\/#breadcrumb\",\"itemListElement\":[{\"@type\":\"ListItem\",\"position\":1,\"name\":\"Accueil\",\"item\":\"https:\\\/\\\/www.webdo.tn\\\/fr\\\/\"},{\"@type\":\"ListItem\",\"position\":2,\"name\":\"Tunisie : Nos h\u00f4tels, futures maisons de retraite des Europ\u00e9ens ?\u00a0\"}]},{\"@type\":\"WebSite\",\"@id\":\"https:\\\/\\\/www.webdo.tn\\\/fr\\\/#website\",\"url\":\"https:\\\/\\\/www.webdo.tn\\\/fr\\\/\",\"name\":\"webdo\",\"description\":\"Tunisie - News en Tunisie et \u00e0 l&#039;international sur Webdo.tn\",\"publisher\":{\"@id\":\"https:\\\/\\\/www.webdo.tn\\\/fr\\\/#organization\"},\"potentialAction\":[{\"@type\":\"SearchAction\",\"target\":{\"@type\":\"EntryPoint\",\"urlTemplate\":\"https:\\\/\\\/www.webdo.tn\\\/fr\\\/?s={search_term_string}\"},\"query-input\":{\"@type\":\"PropertyValueSpecification\",\"valueRequired\":true,\"valueName\":\"search_term_string\"}}],\"inLanguage\":\"fr-FR\"},{\"@type\":\"Organization\",\"@id\":\"https:\\\/\\\/www.webdo.tn\\\/fr\\\/#organization\",\"name\":\"Webdo\",\"alternateName\":\"Webdo.tn\",\"url\":\"https:\\\/\\\/www.webdo.tn\\\/fr\\\/\",\"logo\":{\"@type\":\"ImageObject\",\"inLanguage\":\"fr-FR\",\"@id\":\"https:\\\/\\\/www.webdo.tn\\\/fr\\\/#\\\/schema\\\/logo\\\/image\\\/\",\"url\":\"https:\\\/\\\/www.webdo.tn\\\/fr\\\/wp-content\\\/uploads\\\/2025\\\/06\\\/Webdo-Tunisie_168377.jpg\",\"contentUrl\":\"https:\\\/\\\/www.webdo.tn\\\/fr\\\/wp-content\\\/uploads\\\/2025\\\/06\\\/Webdo-Tunisie_168377.jpg\",\"width\":301,\"height\":301,\"caption\":\"Webdo\"},\"image\":{\"@id\":\"https:\\\/\\\/www.webdo.tn\\\/fr\\\/#\\\/schema\\\/logo\\\/image\\\/\"},\"sameAs\":[\"https:\\\/\\\/www.facebook.com\\\/webdotn\",\"https:\\\/\\\/x.com\\\/webdo_tn\"],\"description\":\"Webdo est un m\u00e9dia num\u00e9rique tunisien fond\u00e9 en 2010, sp\u00e9cialis\u00e9 dans l\u2019actualit\u00e9 nationale et internationale, l\u2019\u00e9conomie, la soci\u00e9t\u00e9 et les analyses politiques. Le site s\u2019adresse \u00e0 un large public francophone et couvre l\u2019information tunisienne en temps r\u00e9el.\",\"email\":\"redac@webdo.tn\",\"legalName\":\"YNJ SARL\",\"foundingDate\":\"2010-09-06\",\"numberOfEmployees\":{\"@type\":\"QuantitativeValue\",\"minValue\":\"11\",\"maxValue\":\"50\"}},{\"@type\":\"Person\",\"@id\":\"https:\\\/\\\/www.webdo.tn\\\/fr\\\/#\\\/schema\\\/person\\\/f35b42a42c5e2511bbd282959d6385cc\",\"name\":\"CL\",\"image\":{\"@type\":\"ImageObject\",\"inLanguage\":\"fr-FR\",\"@id\":\"https:\\\/\\\/secure.gravatar.com\\\/avatar\\\/1447a49909b67aa657c488aec6512e1dd6143a480c1ecfee9b5b5cd74eb3b59e?s=96&d=mm&r=g\",\"url\":\"https:\\\/\\\/secure.gravatar.com\\\/avatar\\\/1447a49909b67aa657c488aec6512e1dd6143a480c1ecfee9b5b5cd74eb3b59e?s=96&d=mm&r=g\",\"contentUrl\":\"https:\\\/\\\/secure.gravatar.com\\\/avatar\\\/1447a49909b67aa657c488aec6512e1dd6143a480c1ecfee9b5b5cd74eb3b59e?s=96&d=mm&r=g\",\"caption\":\"CL\"},\"url\":\"https:\\\/\\\/www.webdo.tn\\\/fr\\\/actualite\\\/author\\\/cl\\\/\"}]}<\/script>\n<!-- \/ Yoast SEO Premium plugin. -->","yoast_head_json":{"title":"Tunisie : Nos h\u00f4tels, futures maisons de retraite des Europ\u00e9ens ?\u00a0","description":"En effet, c\u2019est une nouvelle tendance qui commence \u00e0 s\u2019affirmer, la Tunisie, o\u00f9 le soleil brille tout au long de l\u2019ann\u00e9e, attire de plus en plus les s\u00e9niors eur...","canonical":"https:\/\/www.webdo.tn\/fr\/actualite\/national\/tunisie-nos-hotels-futures-maisons-de-retraite-des-europeens\/213406\/","og_locale":"fr_FR","og_type":"article","og_title":"Tunisie : Nos h\u00f4tels, futures maisons de retraite des Europ\u00e9ens ?\u00a0","og_description":"En effet, c\u2019est une nouvelle tendance qui commence \u00e0 s\u2019affirmer, la Tunisie, o\u00f9 le soleil brille tout au long de l\u2019ann\u00e9e, attire de plus en plus les s\u00e9niors eur...","og_url":"https:\/\/www.webdo.tn\/fr\/actualite\/national\/tunisie-nos-hotels-futures-maisons-de-retraite-des-europeens\/213406\/","og_site_name":"webdo","article_publisher":"https:\/\/www.facebook.com\/webdotn","article_published_time":"2024-04-05T09:20:00+00:00","article_modified_time":"2025-05-20T22:37:00+00:00","og_image":[{"width":750,"height":400,"url":"https:\/\/www.webdo.tn\/fr\/wp-content\/uploads\/2024\/04\/b4b0ac029db10306df4973e13d9cd5d6.jpg","type":"image\/jpeg"}],"author":"CL","twitter_card":"summary_large_image","twitter_creator":"@webdo_tn","twitter_site":"@webdo_tn","twitter_misc":{"\u00c9crit par":"CL","Dur\u00e9e de lecture estim\u00e9e":"2 minutes"},"schema":{"@context":"https:\/\/schema.org","@graph":[{"@type":"NewsArticle","@id":"https:\/\/www.webdo.tn\/fr\/actualite\/national\/tunisie-nos-hotels-futures-maisons-de-retraite-des-europeens\/213406\/#article","isPartOf":{"@id":"https:\/\/www.webdo.tn\/fr\/actualite\/national\/tunisie-nos-hotels-futures-maisons-de-retraite-des-europeens\/213406\/"},"author":{"name":"CL","@id":"https:\/\/www.webdo.tn\/fr\/#\/schema\/person\/f35b42a42c5e2511bbd282959d6385cc"},"headline":"Tunisie : Nos h\u00f4tels, futures maisons de retraite des Europ\u00e9ens ?\u00a0","datePublished":"2024-04-05T09:20:00+00:00","dateModified":"2025-05-20T22:37:00+00:00","mainEntityOfPage":{"@id":"https:\/\/www.webdo.tn\/fr\/actualite\/national\/tunisie-nos-hotels-futures-maisons-de-retraite-des-europeens\/213406\/"},"wordCount":471,"commentCount":0,"publisher":{"@id":"https:\/\/www.webdo.tn\/fr\/#organization"},"image":{"@id":"https:\/\/www.webdo.tn\/fr\/actualite\/national\/tunisie-nos-hotels-futures-maisons-de-retraite-des-europeens\/213406\/#primaryimage"},"thumbnailUrl":"https:\/\/www.webdo.tn\/fr\/wp-content\/uploads\/2024\/04\/b4b0ac029db10306df4973e13d9cd5d6.jpg","keywords":["Europ\u00e9ens","hotels","retrait\u00e9s","Tunisie"],"articleSection":["National"],"inLanguage":"fr-FR"},{"@type":"WebPage","@id":"https:\/\/www.webdo.tn\/fr\/actualite\/national\/tunisie-nos-hotels-futures-maisons-de-retraite-des-europeens\/213406\/","url":"https:\/\/www.webdo.tn\/fr\/actualite\/national\/tunisie-nos-hotels-futures-maisons-de-retraite-des-europeens\/213406\/","name":"Tunisie : Nos h\u00f4tels, futures maisons de retraite des Europ\u00e9ens ?\u00a0","isPartOf":{"@id":"https:\/\/www.webdo.tn\/fr\/#website"},"primaryImageOfPage":{"@id":"https:\/\/www.webdo.tn\/fr\/actualite\/national\/tunisie-nos-hotels-futures-maisons-de-retraite-des-europeens\/213406\/#primaryimage"},"image":{"@id":"https:\/\/www.webdo.tn\/fr\/actualite\/national\/tunisie-nos-hotels-futures-maisons-de-retraite-des-europeens\/213406\/#primaryimage"},"thumbnailUrl":"https:\/\/www.webdo.tn\/fr\/wp-content\/uploads\/2024\/04\/b4b0ac029db10306df4973e13d9cd5d6.jpg","datePublished":"2024-04-05T09:20:00+00:00","dateModified":"2025-05-20T22:37:00+00:00","description":"En effet, c\u2019est une nouvelle tendance qui commence \u00e0 s\u2019affirmer, la Tunisie, o\u00f9 le soleil brille tout au long de l\u2019ann\u00e9e, attire de plus en plus les s\u00e9niors eur...","breadcrumb":{"@id":"https:\/\/www.webdo.tn\/fr\/actualite\/national\/tunisie-nos-hotels-futures-maisons-de-retraite-des-europeens\/213406\/#breadcrumb"},"inLanguage":"fr-FR","potentialAction":[{"@type":"ReadAction","target":["https:\/\/www.webdo.tn\/fr\/actualite\/national\/tunisie-nos-hotels-futures-maisons-de-retraite-des-europeens\/213406\/"]}]},{"@type":"ImageObject","inLanguage":"fr-FR","@id":"https:\/\/www.webdo.tn\/fr\/actualite\/national\/tunisie-nos-hotels-futures-maisons-de-retraite-des-europeens\/213406\/#primaryimage","url":"https:\/\/www.webdo.tn\/fr\/wp-content\/uploads\/2024\/04\/b4b0ac029db10306df4973e13d9cd5d6.jpg","contentUrl":"https:\/\/www.webdo.tn\/fr\/wp-content\/uploads\/2024\/04\/b4b0ac029db10306df4973e13d9cd5d6.jpg","width":750,"height":400,"caption":"Tunisie : Nos h\u00f4tels, futures maisons de retraite des Europ\u00e9ens ?\u00a0"},{"@type":"BreadcrumbList","@id":"https:\/\/www.webdo.tn\/fr\/actualite\/national\/tunisie-nos-hotels-futures-maisons-de-retraite-des-europeens\/213406\/#breadcrumb","itemListElement":[{"@type":"ListItem","position":1,"name":"Accueil","item":"https:\/\/www.webdo.tn\/fr\/"},{"@type":"ListItem","position":2,"name":"Tunisie : Nos h\u00f4tels, futures maisons de retraite des Europ\u00e9ens ?\u00a0"}]},{"@type":"WebSite","@id":"https:\/\/www.webdo.tn\/fr\/#website","url":"https:\/\/www.webdo.tn\/fr\/","name":"webdo","description":"Tunisie - News en Tunisie et \u00e0 l&#039;international sur Webdo.tn","publisher":{"@id":"https:\/\/www.webdo.tn\/fr\/#organization"},"potentialAction":[{"@type":"SearchAction","target":{"@type":"EntryPoint","urlTemplate":"https:\/\/www.webdo.tn\/fr\/?s={search_term_string}"},"query-input":{"@type":"PropertyValueSpecification","valueRequired":true,"valueName":"search_term_string"}}],"inLanguage":"fr-FR"},{"@type":"Organization","@id":"https:\/\/www.webdo.tn\/fr\/#organization","name":"Webdo","alternateName":"Webdo.tn","url":"https:\/\/www.webdo.tn\/fr\/","logo":{"@type":"ImageObject","inLanguage":"fr-FR","@id":"https:\/\/www.webdo.tn\/fr\/#\/schema\/logo\/image\/","url":"https:\/\/www.webdo.tn\/fr\/wp-content\/uploads\/2025\/06\/Webdo-Tunisie_168377.jpg","contentUrl":"https:\/\/www.webdo.tn\/fr\/wp-content\/uploads\/2025\/06\/Webdo-Tunisie_168377.jpg","width":301,"height":301,"caption":"Webdo"},"image":{"@id":"https:\/\/www.webdo.tn\/fr\/#\/schema\/logo\/image\/"},"sameAs":["https:\/\/www.facebook.com\/webdotn","https:\/\/x.com\/webdo_tn"],"description":"Webdo est un m\u00e9dia num\u00e9rique tunisien fond\u00e9 en 2010, sp\u00e9cialis\u00e9 dans l\u2019actualit\u00e9 nationale et internationale, l\u2019\u00e9conomie, la soci\u00e9t\u00e9 et les analyses politiques. Le site s\u2019adresse \u00e0 un large public francophone et couvre l\u2019information tunisienne en temps r\u00e9el.","email":"redac@webdo.tn","legalName":"YNJ SARL","foundingDate":"2010-09-06","numberOfEmployees":{"@type":"QuantitativeValue","minValue":"11","maxValue":"50"}},{"@type":"Person","@id":"https:\/\/www.webdo.tn\/fr\/#\/schema\/person\/f35b42a42c5e2511bbd282959d6385cc","name":"CL","image":{"@type":"ImageObject","inLanguage":"fr-FR","@id":"https:\/\/secure.gravatar.com\/avatar\/1447a49909b67aa657c488aec6512e1dd6143a480c1ecfee9b5b5cd74eb3b59e?s=96&d=mm&r=g","url":"https:\/\/secure.gravatar.com\/avatar\/1447a49909b67aa657c488aec6512e1dd6143a480c1ecfee9b5b5cd74eb3b59e?s=96&d=mm&r=g","contentUrl":"https:\/\/secure.gravatar.com\/avatar\/1447a49909b67aa657c488aec6512e1dd6143a480c1ecfee9b5b5cd74eb3b59e?s=96&d=mm&r=g","caption":"CL"},"url":"https:\/\/www.webdo.tn\/fr\/actualite\/author\/cl\/"}]}},"_links":{"self":[{"href":"https:\/\/www.webdo.tn\/fr\/wp-json\/wp\/v2\/posts\/213406","targetHints":{"allow":["GET"]}}],"collection":[{"href":"https:\/\/www.webdo.tn\/fr\/wp-json\/wp\/v2\/posts"}],"about":[{"href":"https:\/\/www.webdo.tn\/fr\/wp-json\/wp\/v2\/types\/post"}],"author":[{"embeddable":true,"href":"https:\/\/www.webdo.tn\/fr\/wp-json\/wp\/v2\/users\/3175"}],"replies":[{"embeddable":true,"href":"https:\/\/www.webdo.tn\/fr\/wp-json\/wp\/v2\/comments?post=213406"}],"version-history":[{"count":0,"href":"https:\/\/www.webdo.tn\/fr\/wp-json\/wp\/v2\/posts\/213406\/revisions"}],"wp:featuredmedia":[{"embeddable":true,"href":"https:\/\/www.webdo.tn\/fr\/wp-json\/wp\/v2\/media\/247640"}],"wp:attachment":[{"href":"https:\/\/www.webdo.tn\/fr\/wp-json\/wp\/v2\/media?parent=213406"}],"wp:term":[{"taxonomy":"category","embeddable":true,"href":"https:\/\/www.webdo.tn\/fr\/wp-json\/wp\/v2\/categories?post=213406"},{"taxonomy":"post_tag","embeddable":true,"href":"https:\/\/www.webdo.tn\/fr\/wp-json\/wp\/v2\/tags?post=213406"}],"curies":[{"name":"wp","href":"https:\/\/api.w.org\/{rel}","templated":true}]}}