{"id":213401,"date":"2024-04-05T08:03:00","date_gmt":"2024-04-05T08:03:00","guid":{"rendered":"https:\/\/www.webdo.tn\/fr\/blog\/tunisie-preavis-de-greve-dans-le-secteur-du-transport-des-carburants\/213401\/"},"modified":"2025-05-20T22:37:00","modified_gmt":"2025-05-20T22:37:00","slug":"tunisie-preavis-de-greve-dans-le-secteur-du-transport-des-carburants","status":"publish","type":"post","link":"https:\/\/www.webdo.tn\/fr\/actualite\/national\/tunisie-preavis-de-greve-dans-le-secteur-du-transport-des-carburants\/213401\/","title":{"rendered":"Tunisie : Pr\u00e9avis de gr\u00e8ve dans le secteur du transport des carburants"},"content":{"rendered":"<p>Les syndicats de base affili\u00e9s \u00e0 l&rsquo;Union G\u00e9n\u00e9rale Tunisienne du Travail ont d\u00e9cid\u00e9 de mettre en \u0153uvre une gr\u00e8ve les 25 et 26 avril courant dans tous les lieux de travail des entreprises de distribution de carburants, suite \u00e0 l&rsquo;\u00e9chec des n\u00e9gociations avec la chambre syndicale des entreprises de distribution de produits p\u00e9troliers.<\/p>\n<p>\t\t\t\t\t\t\t\t\tLa F\u00e9d\u00e9ration du P\u00e9trole a adress\u00e9 une correspondance \u00e0 cet effet aux ministres de l&rsquo;Int\u00e9rieur, de l&rsquo;Industrie, des Affaires Sociales et du Commerce, ainsi qu&rsquo;aux gouverneurs de Tunis, Ben Arous, Gab\u00e8s, Sfax, Bizerte et M\u00e9denine, ainsi qu&rsquo;au pr\u00e9sident du syndicat des entreprises de distribution de produits p\u00e9troliers et aux directeurs g\u00e9n\u00e9raux des entreprises de distribution des carburants.\u00a0<\/p>\n<p>Dans un pr\u00e9avis de gr\u00e8ve sign\u00e9 par le Secr\u00e9taire G\u00e9n\u00e9ral Adjoint de l\u2019UGTT responsable du d\u00e9partement du secteur priv\u00e9, Taher Mezzi, la F\u00e9d\u00e9ration a demand\u00e9 l&rsquo;application des proc\u00e8s-verbaux des r\u00e9unions des 9 f\u00e9vrier 2011 et 31 mars 2011 concernant la suppression de la sous-traitance dans toutes les entreprises de distribution de p\u00e9trole et de ses d\u00e9riv\u00e9s, ainsi que dans tous les sites de travail relevant des entreprises de distribution de carburants sur tout le territoire de la R\u00e9publique, conform\u00e9ment \u00e0 l&rsquo;article 10 de la convention collective, ainsi que l&rsquo;augmentation de l&rsquo;indemnit\u00e9 de d\u00e9part \u00e0 la retraite et l&rsquo;augmentation de l&rsquo;indemnit\u00e9 de production et de productivit\u00e9.<\/p>\n","protected":false},"excerpt":{"rendered":"<p>La F\u00e9d\u00e9ration du P\u00e9trole a adress\u00e9 une correspondance \u00e0 cet effet aux ministres de l&rsquo;Int\u00e9rieur, de l&rsquo;Industrie, des Affaires Sociales et du Commerce, ainsi qu&rsquo;a&#8230;<\/p>\n","protected":false},"author":3175,"featured_media":247639,"comment_status":"open","ping_status":"closed","sticky":false,"template":"","format":"standard","meta":{"footnotes":""},"categories":[44],"tags":[6716,2647,2608],"class_list":["post-213401","post","type-post","status-publish","format-standard","has-post-thumbnail","hentry","category-national","tag-carburants","tag-greve","tag-tunisie"],"yoast_head":"<!-- This site is optimized with the Yoast SEO Premium plugin v27.4 (Yoast SEO v27.5) - https:\/\/yoast.com\/product\/yoast-seo-premium-wordpress\/ -->\n<title>Tunisie : Pr\u00e9avis de gr\u00e8ve dans le secteur du transport des carburants<\/title>\n<meta name=\"description\" content=\"La F\u00e9d\u00e9ration du P\u00e9trole a adress\u00e9 une correspondance \u00e0 cet effet aux ministres de l&#039;Int\u00e9rieur, de l&#039;Industrie, des Affaires Sociales et du Commerce, ainsi qu&#039;a...\" \/>\n<link rel=\"canonical\" href=\"https:\/\/www.webdo.tn\/fr\/actualite\/national\/tunisie-preavis-de-greve-dans-le-secteur-du-transport-des-carburants\/213401\/\" \/>\n<meta property=\"og:locale\" content=\"fr_FR\" \/>\n<meta property=\"og:type\" content=\"article\" \/>\n<meta property=\"og:title\" content=\"Tunisie : Pr\u00e9avis de gr\u00e8ve dans le secteur du transport des carburants\" \/>\n<meta property=\"og:description\" content=\"La F\u00e9d\u00e9ration du P\u00e9trole a adress\u00e9 une correspondance \u00e0 cet effet aux ministres de l&#039;Int\u00e9rieur, de l&#039;Industrie, des Affaires Sociales et du Commerce, ainsi qu&#039;a...\" \/>\n<meta property=\"og:url\" content=\"https:\/\/www.webdo.tn\/fr\/actualite\/national\/tunisie-preavis-de-greve-dans-le-secteur-du-transport-des-carburants\/213401\/\" \/>\n<meta property=\"og:site_name\" content=\"webdo\" \/>\n<meta property=\"article:publisher\" content=\"https:\/\/www.facebook.com\/webdotn\" \/>\n<meta property=\"article:published_time\" content=\"2024-04-05T08:03:00+00:00\" \/>\n<meta property=\"article:modified_time\" content=\"2025-05-20T22:37:00+00:00\" \/>\n<meta property=\"og:image\" content=\"https:\/\/www.webdo.tn\/fr\/wp-content\/uploads\/2024\/04\/feb003ddac953f50415ee59bddfa06dc.jpg\" \/>\n\t<meta property=\"og:image:width\" content=\"750\" \/>\n\t<meta property=\"og:image:height\" content=\"400\" \/>\n\t<meta property=\"og:image:type\" content=\"image\/jpeg\" \/>\n<meta name=\"author\" content=\"CL\" \/>\n<meta name=\"twitter:card\" content=\"summary_large_image\" \/>\n<meta name=\"twitter:creator\" content=\"@webdo_tn\" \/>\n<meta name=\"twitter:site\" content=\"@webdo_tn\" \/>\n<meta name=\"twitter:label1\" content=\"\u00c9crit par\" \/>\n\t<meta name=\"twitter:data1\" content=\"CL\" \/>\n\t<meta name=\"twitter:label2\" content=\"Dur\u00e9e de lecture estim\u00e9e\" \/>\n\t<meta name=\"twitter:data2\" content=\"1 minute\" \/>\n<script type=\"application\/ld+json\" class=\"yoast-schema-graph\">{\"@context\":\"https:\\\/\\\/schema.org\",\"@graph\":[{\"@type\":\"NewsArticle\",\"@id\":\"https:\\\/\\\/www.webdo.tn\\\/fr\\\/actualite\\\/national\\\/tunisie-preavis-de-greve-dans-le-secteur-du-transport-des-carburants\\\/213401\\\/#article\",\"isPartOf\":{\"@id\":\"https:\\\/\\\/www.webdo.tn\\\/fr\\\/actualite\\\/national\\\/tunisie-preavis-de-greve-dans-le-secteur-du-transport-des-carburants\\\/213401\\\/\"},\"author\":{\"name\":\"CL\",\"@id\":\"https:\\\/\\\/www.webdo.tn\\\/fr\\\/#\\\/schema\\\/person\\\/f35b42a42c5e2511bbd282959d6385cc\"},\"headline\":\"Tunisie : Pr\u00e9avis de gr\u00e8ve dans le secteur du transport des carburants\",\"datePublished\":\"2024-04-05T08:03:00+00:00\",\"dateModified\":\"2025-05-20T22:37:00+00:00\",\"mainEntityOfPage\":{\"@id\":\"https:\\\/\\\/www.webdo.tn\\\/fr\\\/actualite\\\/national\\\/tunisie-preavis-de-greve-dans-le-secteur-du-transport-des-carburants\\\/213401\\\/\"},\"wordCount\":263,\"commentCount\":0,\"publisher\":{\"@id\":\"https:\\\/\\\/www.webdo.tn\\\/fr\\\/#organization\"},\"image\":{\"@id\":\"https:\\\/\\\/www.webdo.tn\\\/fr\\\/actualite\\\/national\\\/tunisie-preavis-de-greve-dans-le-secteur-du-transport-des-carburants\\\/213401\\\/#primaryimage\"},\"thumbnailUrl\":\"https:\\\/\\\/www.webdo.tn\\\/fr\\\/wp-content\\\/uploads\\\/2024\\\/04\\\/feb003ddac953f50415ee59bddfa06dc.jpg\",\"keywords\":[\"carburants\",\"Gr\u00e8ve\",\"Tunisie\"],\"articleSection\":[\"National\"],\"inLanguage\":\"fr-FR\"},{\"@type\":\"WebPage\",\"@id\":\"https:\\\/\\\/www.webdo.tn\\\/fr\\\/actualite\\\/national\\\/tunisie-preavis-de-greve-dans-le-secteur-du-transport-des-carburants\\\/213401\\\/\",\"url\":\"https:\\\/\\\/www.webdo.tn\\\/fr\\\/actualite\\\/national\\\/tunisie-preavis-de-greve-dans-le-secteur-du-transport-des-carburants\\\/213401\\\/\",\"name\":\"Tunisie : Pr\u00e9avis de gr\u00e8ve dans le secteur du transport des carburants\",\"isPartOf\":{\"@id\":\"https:\\\/\\\/www.webdo.tn\\\/fr\\\/#website\"},\"primaryImageOfPage\":{\"@id\":\"https:\\\/\\\/www.webdo.tn\\\/fr\\\/actualite\\\/national\\\/tunisie-preavis-de-greve-dans-le-secteur-du-transport-des-carburants\\\/213401\\\/#primaryimage\"},\"image\":{\"@id\":\"https:\\\/\\\/www.webdo.tn\\\/fr\\\/actualite\\\/national\\\/tunisie-preavis-de-greve-dans-le-secteur-du-transport-des-carburants\\\/213401\\\/#primaryimage\"},\"thumbnailUrl\":\"https:\\\/\\\/www.webdo.tn\\\/fr\\\/wp-content\\\/uploads\\\/2024\\\/04\\\/feb003ddac953f50415ee59bddfa06dc.jpg\",\"datePublished\":\"2024-04-05T08:03:00+00:00\",\"dateModified\":\"2025-05-20T22:37:00+00:00\",\"description\":\"La F\u00e9d\u00e9ration du P\u00e9trole a adress\u00e9 une correspondance \u00e0 cet effet aux ministres de l'Int\u00e9rieur, de l'Industrie, des Affaires Sociales et du Commerce, ainsi qu'a...\",\"breadcrumb\":{\"@id\":\"https:\\\/\\\/www.webdo.tn\\\/fr\\\/actualite\\\/national\\\/tunisie-preavis-de-greve-dans-le-secteur-du-transport-des-carburants\\\/213401\\\/#breadcrumb\"},\"inLanguage\":\"fr-FR\",\"potentialAction\":[{\"@type\":\"ReadAction\",\"target\":[\"https:\\\/\\\/www.webdo.tn\\\/fr\\\/actualite\\\/national\\\/tunisie-preavis-de-greve-dans-le-secteur-du-transport-des-carburants\\\/213401\\\/\"]}]},{\"@type\":\"ImageObject\",\"inLanguage\":\"fr-FR\",\"@id\":\"https:\\\/\\\/www.webdo.tn\\\/fr\\\/actualite\\\/national\\\/tunisie-preavis-de-greve-dans-le-secteur-du-transport-des-carburants\\\/213401\\\/#primaryimage\",\"url\":\"https:\\\/\\\/www.webdo.tn\\\/fr\\\/wp-content\\\/uploads\\\/2024\\\/04\\\/feb003ddac953f50415ee59bddfa06dc.jpg\",\"contentUrl\":\"https:\\\/\\\/www.webdo.tn\\\/fr\\\/wp-content\\\/uploads\\\/2024\\\/04\\\/feb003ddac953f50415ee59bddfa06dc.jpg\",\"width\":750,\"height\":400,\"caption\":\"Tunisie : Pr\u00e9avis de gr\u00e8ve dans le secteur du transport des carburants\"},{\"@type\":\"BreadcrumbList\",\"@id\":\"https:\\\/\\\/www.webdo.tn\\\/fr\\\/actualite\\\/national\\\/tunisie-preavis-de-greve-dans-le-secteur-du-transport-des-carburants\\\/213401\\\/#breadcrumb\",\"itemListElement\":[{\"@type\":\"ListItem\",\"position\":1,\"name\":\"Accueil\",\"item\":\"https:\\\/\\\/www.webdo.tn\\\/fr\\\/\"},{\"@type\":\"ListItem\",\"position\":2,\"name\":\"Tunisie : Pr\u00e9avis de gr\u00e8ve dans le secteur du transport des carburants\"}]},{\"@type\":\"WebSite\",\"@id\":\"https:\\\/\\\/www.webdo.tn\\\/fr\\\/#website\",\"url\":\"https:\\\/\\\/www.webdo.tn\\\/fr\\\/\",\"name\":\"webdo\",\"description\":\"Tunisie - News en Tunisie et \u00e0 l&#039;international sur Webdo.tn\",\"publisher\":{\"@id\":\"https:\\\/\\\/www.webdo.tn\\\/fr\\\/#organization\"},\"potentialAction\":[{\"@type\":\"SearchAction\",\"target\":{\"@type\":\"EntryPoint\",\"urlTemplate\":\"https:\\\/\\\/www.webdo.tn\\\/fr\\\/?s={search_term_string}\"},\"query-input\":{\"@type\":\"PropertyValueSpecification\",\"valueRequired\":true,\"valueName\":\"search_term_string\"}}],\"inLanguage\":\"fr-FR\"},{\"@type\":\"Organization\",\"@id\":\"https:\\\/\\\/www.webdo.tn\\\/fr\\\/#organization\",\"name\":\"Webdo\",\"alternateName\":\"Webdo.tn\",\"url\":\"https:\\\/\\\/www.webdo.tn\\\/fr\\\/\",\"logo\":{\"@type\":\"ImageObject\",\"inLanguage\":\"fr-FR\",\"@id\":\"https:\\\/\\\/www.webdo.tn\\\/fr\\\/#\\\/schema\\\/logo\\\/image\\\/\",\"url\":\"https:\\\/\\\/www.webdo.tn\\\/fr\\\/wp-content\\\/uploads\\\/2025\\\/06\\\/Webdo-Tunisie_168377.jpg\",\"contentUrl\":\"https:\\\/\\\/www.webdo.tn\\\/fr\\\/wp-content\\\/uploads\\\/2025\\\/06\\\/Webdo-Tunisie_168377.jpg\",\"width\":301,\"height\":301,\"caption\":\"Webdo\"},\"image\":{\"@id\":\"https:\\\/\\\/www.webdo.tn\\\/fr\\\/#\\\/schema\\\/logo\\\/image\\\/\"},\"sameAs\":[\"https:\\\/\\\/www.facebook.com\\\/webdotn\",\"https:\\\/\\\/x.com\\\/webdo_tn\"],\"description\":\"Webdo est un m\u00e9dia num\u00e9rique tunisien fond\u00e9 en 2010, sp\u00e9cialis\u00e9 dans l\u2019actualit\u00e9 nationale et internationale, l\u2019\u00e9conomie, la soci\u00e9t\u00e9 et les analyses politiques. Le site s\u2019adresse \u00e0 un large public francophone et couvre l\u2019information tunisienne en temps r\u00e9el.\",\"email\":\"redac@webdo.tn\",\"legalName\":\"YNJ SARL\",\"foundingDate\":\"2010-09-06\",\"numberOfEmployees\":{\"@type\":\"QuantitativeValue\",\"minValue\":\"11\",\"maxValue\":\"50\"}},{\"@type\":\"Person\",\"@id\":\"https:\\\/\\\/www.webdo.tn\\\/fr\\\/#\\\/schema\\\/person\\\/f35b42a42c5e2511bbd282959d6385cc\",\"name\":\"CL\",\"image\":{\"@type\":\"ImageObject\",\"inLanguage\":\"fr-FR\",\"@id\":\"https:\\\/\\\/secure.gravatar.com\\\/avatar\\\/1447a49909b67aa657c488aec6512e1dd6143a480c1ecfee9b5b5cd74eb3b59e?s=96&d=mm&r=g\",\"url\":\"https:\\\/\\\/secure.gravatar.com\\\/avatar\\\/1447a49909b67aa657c488aec6512e1dd6143a480c1ecfee9b5b5cd74eb3b59e?s=96&d=mm&r=g\",\"contentUrl\":\"https:\\\/\\\/secure.gravatar.com\\\/avatar\\\/1447a49909b67aa657c488aec6512e1dd6143a480c1ecfee9b5b5cd74eb3b59e?s=96&d=mm&r=g\",\"caption\":\"CL\"},\"url\":\"https:\\\/\\\/www.webdo.tn\\\/fr\\\/actualite\\\/author\\\/cl\\\/\"}]}<\/script>\n<!-- \/ Yoast SEO Premium plugin. -->","yoast_head_json":{"title":"Tunisie : Pr\u00e9avis de gr\u00e8ve dans le secteur du transport des carburants","description":"La F\u00e9d\u00e9ration du P\u00e9trole a adress\u00e9 une correspondance \u00e0 cet effet aux ministres de l'Int\u00e9rieur, de l'Industrie, des Affaires Sociales et du Commerce, ainsi qu'a...","canonical":"https:\/\/www.webdo.tn\/fr\/actualite\/national\/tunisie-preavis-de-greve-dans-le-secteur-du-transport-des-carburants\/213401\/","og_locale":"fr_FR","og_type":"article","og_title":"Tunisie : Pr\u00e9avis de gr\u00e8ve dans le secteur du transport des carburants","og_description":"La F\u00e9d\u00e9ration du P\u00e9trole a adress\u00e9 une correspondance \u00e0 cet effet aux ministres de l'Int\u00e9rieur, de l'Industrie, des Affaires Sociales et du Commerce, ainsi qu'a...","og_url":"https:\/\/www.webdo.tn\/fr\/actualite\/national\/tunisie-preavis-de-greve-dans-le-secteur-du-transport-des-carburants\/213401\/","og_site_name":"webdo","article_publisher":"https:\/\/www.facebook.com\/webdotn","article_published_time":"2024-04-05T08:03:00+00:00","article_modified_time":"2025-05-20T22:37:00+00:00","og_image":[{"width":750,"height":400,"url":"https:\/\/www.webdo.tn\/fr\/wp-content\/uploads\/2024\/04\/feb003ddac953f50415ee59bddfa06dc.jpg","type":"image\/jpeg"}],"author":"CL","twitter_card":"summary_large_image","twitter_creator":"@webdo_tn","twitter_site":"@webdo_tn","twitter_misc":{"\u00c9crit par":"CL","Dur\u00e9e de lecture estim\u00e9e":"1 minute"},"schema":{"@context":"https:\/\/schema.org","@graph":[{"@type":"NewsArticle","@id":"https:\/\/www.webdo.tn\/fr\/actualite\/national\/tunisie-preavis-de-greve-dans-le-secteur-du-transport-des-carburants\/213401\/#article","isPartOf":{"@id":"https:\/\/www.webdo.tn\/fr\/actualite\/national\/tunisie-preavis-de-greve-dans-le-secteur-du-transport-des-carburants\/213401\/"},"author":{"name":"CL","@id":"https:\/\/www.webdo.tn\/fr\/#\/schema\/person\/f35b42a42c5e2511bbd282959d6385cc"},"headline":"Tunisie : Pr\u00e9avis de gr\u00e8ve dans le secteur du transport des carburants","datePublished":"2024-04-05T08:03:00+00:00","dateModified":"2025-05-20T22:37:00+00:00","mainEntityOfPage":{"@id":"https:\/\/www.webdo.tn\/fr\/actualite\/national\/tunisie-preavis-de-greve-dans-le-secteur-du-transport-des-carburants\/213401\/"},"wordCount":263,"commentCount":0,"publisher":{"@id":"https:\/\/www.webdo.tn\/fr\/#organization"},"image":{"@id":"https:\/\/www.webdo.tn\/fr\/actualite\/national\/tunisie-preavis-de-greve-dans-le-secteur-du-transport-des-carburants\/213401\/#primaryimage"},"thumbnailUrl":"https:\/\/www.webdo.tn\/fr\/wp-content\/uploads\/2024\/04\/feb003ddac953f50415ee59bddfa06dc.jpg","keywords":["carburants","Gr\u00e8ve","Tunisie"],"articleSection":["National"],"inLanguage":"fr-FR"},{"@type":"WebPage","@id":"https:\/\/www.webdo.tn\/fr\/actualite\/national\/tunisie-preavis-de-greve-dans-le-secteur-du-transport-des-carburants\/213401\/","url":"https:\/\/www.webdo.tn\/fr\/actualite\/national\/tunisie-preavis-de-greve-dans-le-secteur-du-transport-des-carburants\/213401\/","name":"Tunisie : Pr\u00e9avis de gr\u00e8ve dans le secteur du transport des carburants","isPartOf":{"@id":"https:\/\/www.webdo.tn\/fr\/#website"},"primaryImageOfPage":{"@id":"https:\/\/www.webdo.tn\/fr\/actualite\/national\/tunisie-preavis-de-greve-dans-le-secteur-du-transport-des-carburants\/213401\/#primaryimage"},"image":{"@id":"https:\/\/www.webdo.tn\/fr\/actualite\/national\/tunisie-preavis-de-greve-dans-le-secteur-du-transport-des-carburants\/213401\/#primaryimage"},"thumbnailUrl":"https:\/\/www.webdo.tn\/fr\/wp-content\/uploads\/2024\/04\/feb003ddac953f50415ee59bddfa06dc.jpg","datePublished":"2024-04-05T08:03:00+00:00","dateModified":"2025-05-20T22:37:00+00:00","description":"La F\u00e9d\u00e9ration du P\u00e9trole a adress\u00e9 une correspondance \u00e0 cet effet aux ministres de l'Int\u00e9rieur, de l'Industrie, des Affaires Sociales et du Commerce, ainsi qu'a...","breadcrumb":{"@id":"https:\/\/www.webdo.tn\/fr\/actualite\/national\/tunisie-preavis-de-greve-dans-le-secteur-du-transport-des-carburants\/213401\/#breadcrumb"},"inLanguage":"fr-FR","potentialAction":[{"@type":"ReadAction","target":["https:\/\/www.webdo.tn\/fr\/actualite\/national\/tunisie-preavis-de-greve-dans-le-secteur-du-transport-des-carburants\/213401\/"]}]},{"@type":"ImageObject","inLanguage":"fr-FR","@id":"https:\/\/www.webdo.tn\/fr\/actualite\/national\/tunisie-preavis-de-greve-dans-le-secteur-du-transport-des-carburants\/213401\/#primaryimage","url":"https:\/\/www.webdo.tn\/fr\/wp-content\/uploads\/2024\/04\/feb003ddac953f50415ee59bddfa06dc.jpg","contentUrl":"https:\/\/www.webdo.tn\/fr\/wp-content\/uploads\/2024\/04\/feb003ddac953f50415ee59bddfa06dc.jpg","width":750,"height":400,"caption":"Tunisie : Pr\u00e9avis de gr\u00e8ve dans le secteur du transport des carburants"},{"@type":"BreadcrumbList","@id":"https:\/\/www.webdo.tn\/fr\/actualite\/national\/tunisie-preavis-de-greve-dans-le-secteur-du-transport-des-carburants\/213401\/#breadcrumb","itemListElement":[{"@type":"ListItem","position":1,"name":"Accueil","item":"https:\/\/www.webdo.tn\/fr\/"},{"@type":"ListItem","position":2,"name":"Tunisie : Pr\u00e9avis de gr\u00e8ve dans le secteur du transport des carburants"}]},{"@type":"WebSite","@id":"https:\/\/www.webdo.tn\/fr\/#website","url":"https:\/\/www.webdo.tn\/fr\/","name":"webdo","description":"Tunisie - News en Tunisie et \u00e0 l&#039;international sur Webdo.tn","publisher":{"@id":"https:\/\/www.webdo.tn\/fr\/#organization"},"potentialAction":[{"@type":"SearchAction","target":{"@type":"EntryPoint","urlTemplate":"https:\/\/www.webdo.tn\/fr\/?s={search_term_string}"},"query-input":{"@type":"PropertyValueSpecification","valueRequired":true,"valueName":"search_term_string"}}],"inLanguage":"fr-FR"},{"@type":"Organization","@id":"https:\/\/www.webdo.tn\/fr\/#organization","name":"Webdo","alternateName":"Webdo.tn","url":"https:\/\/www.webdo.tn\/fr\/","logo":{"@type":"ImageObject","inLanguage":"fr-FR","@id":"https:\/\/www.webdo.tn\/fr\/#\/schema\/logo\/image\/","url":"https:\/\/www.webdo.tn\/fr\/wp-content\/uploads\/2025\/06\/Webdo-Tunisie_168377.jpg","contentUrl":"https:\/\/www.webdo.tn\/fr\/wp-content\/uploads\/2025\/06\/Webdo-Tunisie_168377.jpg","width":301,"height":301,"caption":"Webdo"},"image":{"@id":"https:\/\/www.webdo.tn\/fr\/#\/schema\/logo\/image\/"},"sameAs":["https:\/\/www.facebook.com\/webdotn","https:\/\/x.com\/webdo_tn"],"description":"Webdo est un m\u00e9dia num\u00e9rique tunisien fond\u00e9 en 2010, sp\u00e9cialis\u00e9 dans l\u2019actualit\u00e9 nationale et internationale, l\u2019\u00e9conomie, la soci\u00e9t\u00e9 et les analyses politiques. Le site s\u2019adresse \u00e0 un large public francophone et couvre l\u2019information tunisienne en temps r\u00e9el.","email":"redac@webdo.tn","legalName":"YNJ SARL","foundingDate":"2010-09-06","numberOfEmployees":{"@type":"QuantitativeValue","minValue":"11","maxValue":"50"}},{"@type":"Person","@id":"https:\/\/www.webdo.tn\/fr\/#\/schema\/person\/f35b42a42c5e2511bbd282959d6385cc","name":"CL","image":{"@type":"ImageObject","inLanguage":"fr-FR","@id":"https:\/\/secure.gravatar.com\/avatar\/1447a49909b67aa657c488aec6512e1dd6143a480c1ecfee9b5b5cd74eb3b59e?s=96&d=mm&r=g","url":"https:\/\/secure.gravatar.com\/avatar\/1447a49909b67aa657c488aec6512e1dd6143a480c1ecfee9b5b5cd74eb3b59e?s=96&d=mm&r=g","contentUrl":"https:\/\/secure.gravatar.com\/avatar\/1447a49909b67aa657c488aec6512e1dd6143a480c1ecfee9b5b5cd74eb3b59e?s=96&d=mm&r=g","caption":"CL"},"url":"https:\/\/www.webdo.tn\/fr\/actualite\/author\/cl\/"}]}},"_links":{"self":[{"href":"https:\/\/www.webdo.tn\/fr\/wp-json\/wp\/v2\/posts\/213401","targetHints":{"allow":["GET"]}}],"collection":[{"href":"https:\/\/www.webdo.tn\/fr\/wp-json\/wp\/v2\/posts"}],"about":[{"href":"https:\/\/www.webdo.tn\/fr\/wp-json\/wp\/v2\/types\/post"}],"author":[{"embeddable":true,"href":"https:\/\/www.webdo.tn\/fr\/wp-json\/wp\/v2\/users\/3175"}],"replies":[{"embeddable":true,"href":"https:\/\/www.webdo.tn\/fr\/wp-json\/wp\/v2\/comments?post=213401"}],"version-history":[{"count":0,"href":"https:\/\/www.webdo.tn\/fr\/wp-json\/wp\/v2\/posts\/213401\/revisions"}],"wp:featuredmedia":[{"embeddable":true,"href":"https:\/\/www.webdo.tn\/fr\/wp-json\/wp\/v2\/media\/247639"}],"wp:attachment":[{"href":"https:\/\/www.webdo.tn\/fr\/wp-json\/wp\/v2\/media?parent=213401"}],"wp:term":[{"taxonomy":"category","embeddable":true,"href":"https:\/\/www.webdo.tn\/fr\/wp-json\/wp\/v2\/categories?post=213401"},{"taxonomy":"post_tag","embeddable":true,"href":"https:\/\/www.webdo.tn\/fr\/wp-json\/wp\/v2\/tags?post=213401"}],"curies":[{"name":"wp","href":"https:\/\/api.w.org\/{rel}","templated":true}]}}