{"id":213392,"date":"2024-04-04T17:06:00","date_gmt":"2024-04-04T17:06:00","guid":{"rendered":"https:\/\/www.webdo.tn\/fr\/blog\/aid-el-fitr-arret-des-cours-a-partir-de-lundi-pour\/213392\/"},"modified":"2025-05-20T22:33:38","modified_gmt":"2025-05-20T22:33:38","slug":"aid-el-fitr-arret-des-cours-a-partir-de-lundi-pour","status":"publish","type":"post","link":"https:\/\/www.webdo.tn\/fr\/actualite\/national\/aid-el-fitr-arret-des-cours-a-partir-de-lundi-pour\/213392\/","title":{"rendered":"Aid El Fitr : Arr\u00eat des cours \u00e0 partir de lundi"},"content":{"rendered":"<p>La pr\u00e9sidence du gouvernement a fait savoir que, pour marquer l&rsquo;A\u00efd El-Fitr, les activit\u00e9s \u00e9ducatives, professionnelles et universitaires seront suspendues du 8 au 11 avril 2024.<\/p>\n<p>Rappelant que\u00a0la pr\u00e9sidence du gouvernement avait annonc\u00e9 ce jeudi 4 avril que, pour l&rsquo;A\u00efd El-Fitr, les fonctionnaires de l&rsquo;\u00c9tat, des collectivit\u00e9s locales et des institutions administratives b\u00e9n\u00e9ficieraient de trois jours de cong\u00e9, du 9 au 11 avril 2024.<\/p>\n","protected":false},"excerpt":{"rendered":"<p>Tunisie: les activit\u00e9s \u00e9ducatives, professionnelles et universitaires seront suspendues du 8 au 11 avril 2024.<\/p>\n","protected":false},"author":3169,"featured_media":290444,"comment_status":"open","ping_status":"closed","sticky":false,"template":"","format":"standard","meta":{"footnotes":""},"categories":[44],"tags":[3420,2608],"class_list":["post-213392","post","type-post","status-publish","format-standard","has-post-thumbnail","hentry","category-national","tag-aid-el-fitr","tag-tunisie"],"yoast_head":"<!-- This site is optimized with the Yoast SEO Premium plugin v27.5 (Yoast SEO v27.5) - https:\/\/yoast.com\/product\/yoast-seo-premium-wordpress\/ -->\n<title>Aid El Fitr : Arr\u00eat des cours \u00e0 partir de lundi<\/title>\n<meta name=\"description\" content=\"Tunisie: les activit\u00e9s \u00e9ducatives, professionnelles et universitaires seront suspendues du 8 au 11 avril 2024.\" \/>\n<link rel=\"canonical\" href=\"https:\/\/www.webdo.tn\/fr\/actualite\/national\/aid-el-fitr-arret-des-cours-a-partir-de-lundi-pour\/213392\/\" \/>\n<meta property=\"og:locale\" content=\"fr_FR\" \/>\n<meta property=\"og:type\" content=\"article\" \/>\n<meta property=\"og:title\" content=\"Aid El Fitr : Arr\u00eat des cours \u00e0 partir de lundi\" \/>\n<meta property=\"og:description\" content=\"Tunisie: les activit\u00e9s \u00e9ducatives, professionnelles et universitaires seront suspendues du 8 au 11 avril 2024.\" \/>\n<meta property=\"og:url\" content=\"https:\/\/www.webdo.tn\/fr\/actualite\/national\/aid-el-fitr-arret-des-cours-a-partir-de-lundi-pour\/213392\/\" \/>\n<meta property=\"og:site_name\" content=\"webdo\" \/>\n<meta property=\"article:publisher\" content=\"https:\/\/www.facebook.com\/webdotn\" \/>\n<meta property=\"article:published_time\" content=\"2024-04-04T17:06:00+00:00\" \/>\n<meta property=\"article:modified_time\" content=\"2025-05-20T22:33:38+00:00\" \/>\n<meta property=\"og:image\" content=\"https:\/\/www.webdo.tn\/fr\/wp-content\/uploads\/2024\/04\/f5d29746f8e58ec7807a92ba1d412b6d.jpg\" \/>\n\t<meta property=\"og:image:width\" content=\"680\" \/>\n\t<meta property=\"og:image:height\" content=\"363\" \/>\n\t<meta property=\"og:image:type\" content=\"image\/jpeg\" \/>\n<meta name=\"author\" content=\"Webdo\" \/>\n<meta name=\"twitter:card\" content=\"summary_large_image\" \/>\n<meta name=\"twitter:creator\" content=\"@webdo_tn\" \/>\n<meta name=\"twitter:site\" content=\"@webdo_tn\" \/>\n<meta name=\"twitter:label1\" content=\"\u00c9crit par\" \/>\n\t<meta name=\"twitter:data1\" content=\"Webdo\" \/>\n<script type=\"application\/ld+json\" class=\"yoast-schema-graph\">{\"@context\":\"https:\\\/\\\/schema.org\",\"@graph\":[{\"@type\":\"NewsArticle\",\"@id\":\"https:\\\/\\\/www.webdo.tn\\\/fr\\\/actualite\\\/national\\\/aid-el-fitr-arret-des-cours-a-partir-de-lundi-pour\\\/213392\\\/#article\",\"isPartOf\":{\"@id\":\"https:\\\/\\\/www.webdo.tn\\\/fr\\\/actualite\\\/national\\\/aid-el-fitr-arret-des-cours-a-partir-de-lundi-pour\\\/213392\\\/\"},\"author\":{\"name\":\"Webdo\",\"@id\":\"https:\\\/\\\/www.webdo.tn\\\/fr\\\/#\\\/schema\\\/person\\\/1f4e491e0907b413d61089e8eb573acc\"},\"headline\":\"Aid El Fitr : Arr\u00eat des cours \u00e0 partir de lundi\",\"datePublished\":\"2024-04-04T17:06:00+00:00\",\"dateModified\":\"2025-05-20T22:33:38+00:00\",\"mainEntityOfPage\":{\"@id\":\"https:\\\/\\\/www.webdo.tn\\\/fr\\\/actualite\\\/national\\\/aid-el-fitr-arret-des-cours-a-partir-de-lundi-pour\\\/213392\\\/\"},\"wordCount\":79,\"commentCount\":0,\"publisher\":{\"@id\":\"https:\\\/\\\/www.webdo.tn\\\/fr\\\/#organization\"},\"image\":{\"@id\":\"https:\\\/\\\/www.webdo.tn\\\/fr\\\/actualite\\\/national\\\/aid-el-fitr-arret-des-cours-a-partir-de-lundi-pour\\\/213392\\\/#primaryimage\"},\"thumbnailUrl\":\"https:\\\/\\\/www.webdo.tn\\\/fr\\\/wp-content\\\/uploads\\\/2024\\\/04\\\/f5d29746f8e58ec7807a92ba1d412b6d.jpg\",\"keywords\":[\"A\u00efd-el-Fitr\",\"Tunisie\"],\"articleSection\":[\"National\"],\"inLanguage\":\"fr-FR\"},{\"@type\":\"WebPage\",\"@id\":\"https:\\\/\\\/www.webdo.tn\\\/fr\\\/actualite\\\/national\\\/aid-el-fitr-arret-des-cours-a-partir-de-lundi-pour\\\/213392\\\/\",\"url\":\"https:\\\/\\\/www.webdo.tn\\\/fr\\\/actualite\\\/national\\\/aid-el-fitr-arret-des-cours-a-partir-de-lundi-pour\\\/213392\\\/\",\"name\":\"Aid El Fitr : Arr\u00eat des cours \u00e0 partir de lundi\",\"isPartOf\":{\"@id\":\"https:\\\/\\\/www.webdo.tn\\\/fr\\\/#website\"},\"primaryImageOfPage\":{\"@id\":\"https:\\\/\\\/www.webdo.tn\\\/fr\\\/actualite\\\/national\\\/aid-el-fitr-arret-des-cours-a-partir-de-lundi-pour\\\/213392\\\/#primaryimage\"},\"image\":{\"@id\":\"https:\\\/\\\/www.webdo.tn\\\/fr\\\/actualite\\\/national\\\/aid-el-fitr-arret-des-cours-a-partir-de-lundi-pour\\\/213392\\\/#primaryimage\"},\"thumbnailUrl\":\"https:\\\/\\\/www.webdo.tn\\\/fr\\\/wp-content\\\/uploads\\\/2024\\\/04\\\/f5d29746f8e58ec7807a92ba1d412b6d.jpg\",\"datePublished\":\"2024-04-04T17:06:00+00:00\",\"dateModified\":\"2025-05-20T22:33:38+00:00\",\"description\":\"Tunisie: les activit\u00e9s \u00e9ducatives, professionnelles et universitaires seront suspendues du 8 au 11 avril 2024.\",\"breadcrumb\":{\"@id\":\"https:\\\/\\\/www.webdo.tn\\\/fr\\\/actualite\\\/national\\\/aid-el-fitr-arret-des-cours-a-partir-de-lundi-pour\\\/213392\\\/#breadcrumb\"},\"inLanguage\":\"fr-FR\",\"potentialAction\":[{\"@type\":\"ReadAction\",\"target\":[\"https:\\\/\\\/www.webdo.tn\\\/fr\\\/actualite\\\/national\\\/aid-el-fitr-arret-des-cours-a-partir-de-lundi-pour\\\/213392\\\/\"]}]},{\"@type\":\"ImageObject\",\"inLanguage\":\"fr-FR\",\"@id\":\"https:\\\/\\\/www.webdo.tn\\\/fr\\\/actualite\\\/national\\\/aid-el-fitr-arret-des-cours-a-partir-de-lundi-pour\\\/213392\\\/#primaryimage\",\"url\":\"https:\\\/\\\/www.webdo.tn\\\/fr\\\/wp-content\\\/uploads\\\/2024\\\/04\\\/f5d29746f8e58ec7807a92ba1d412b6d.jpg\",\"contentUrl\":\"https:\\\/\\\/www.webdo.tn\\\/fr\\\/wp-content\\\/uploads\\\/2024\\\/04\\\/f5d29746f8e58ec7807a92ba1d412b6d.jpg\",\"width\":680,\"height\":363,\"caption\":\"Aid El Fitr : Arr\u00eat des cours \u00e0 partir de lundi\"},{\"@type\":\"BreadcrumbList\",\"@id\":\"https:\\\/\\\/www.webdo.tn\\\/fr\\\/actualite\\\/national\\\/aid-el-fitr-arret-des-cours-a-partir-de-lundi-pour\\\/213392\\\/#breadcrumb\",\"itemListElement\":[{\"@type\":\"ListItem\",\"position\":1,\"name\":\"Accueil\",\"item\":\"https:\\\/\\\/www.webdo.tn\\\/fr\\\/\"},{\"@type\":\"ListItem\",\"position\":2,\"name\":\"Aid El Fitr : Arr\u00eat des cours \u00e0 partir de lundi\"}]},{\"@type\":\"WebSite\",\"@id\":\"https:\\\/\\\/www.webdo.tn\\\/fr\\\/#website\",\"url\":\"https:\\\/\\\/www.webdo.tn\\\/fr\\\/\",\"name\":\"webdo\",\"description\":\"Tunisie - News en Tunisie et \u00e0 l&#039;international sur Webdo.tn\",\"publisher\":{\"@id\":\"https:\\\/\\\/www.webdo.tn\\\/fr\\\/#organization\"},\"potentialAction\":[{\"@type\":\"SearchAction\",\"target\":{\"@type\":\"EntryPoint\",\"urlTemplate\":\"https:\\\/\\\/www.webdo.tn\\\/fr\\\/?s={search_term_string}\"},\"query-input\":{\"@type\":\"PropertyValueSpecification\",\"valueRequired\":true,\"valueName\":\"search_term_string\"}}],\"inLanguage\":\"fr-FR\"},{\"@type\":\"Organization\",\"@id\":\"https:\\\/\\\/www.webdo.tn\\\/fr\\\/#organization\",\"name\":\"Webdo\",\"alternateName\":\"Webdo.tn\",\"url\":\"https:\\\/\\\/www.webdo.tn\\\/fr\\\/\",\"logo\":{\"@type\":\"ImageObject\",\"inLanguage\":\"fr-FR\",\"@id\":\"https:\\\/\\\/www.webdo.tn\\\/fr\\\/#\\\/schema\\\/logo\\\/image\\\/\",\"url\":\"https:\\\/\\\/www.webdo.tn\\\/fr\\\/wp-content\\\/uploads\\\/2025\\\/06\\\/Webdo-Tunisie_168377.jpg\",\"contentUrl\":\"https:\\\/\\\/www.webdo.tn\\\/fr\\\/wp-content\\\/uploads\\\/2025\\\/06\\\/Webdo-Tunisie_168377.jpg\",\"width\":301,\"height\":301,\"caption\":\"Webdo\"},\"image\":{\"@id\":\"https:\\\/\\\/www.webdo.tn\\\/fr\\\/#\\\/schema\\\/logo\\\/image\\\/\"},\"sameAs\":[\"https:\\\/\\\/www.facebook.com\\\/webdotn\",\"https:\\\/\\\/x.com\\\/webdo_tn\"],\"description\":\"Webdo est un m\u00e9dia num\u00e9rique tunisien fond\u00e9 en 2010, sp\u00e9cialis\u00e9 dans l\u2019actualit\u00e9 nationale et internationale, l\u2019\u00e9conomie, la soci\u00e9t\u00e9 et les analyses politiques. Le site s\u2019adresse \u00e0 un large public francophone et couvre l\u2019information tunisienne en temps r\u00e9el.\",\"email\":\"redac@webdo.tn\",\"legalName\":\"YNJ SARL\",\"foundingDate\":\"2010-09-06\",\"numberOfEmployees\":{\"@type\":\"QuantitativeValue\",\"minValue\":\"11\",\"maxValue\":\"50\"}},{\"@type\":\"Person\",\"@id\":\"https:\\\/\\\/www.webdo.tn\\\/fr\\\/#\\\/schema\\\/person\\\/1f4e491e0907b413d61089e8eb573acc\",\"name\":\"Webdo\",\"image\":{\"@type\":\"ImageObject\",\"inLanguage\":\"fr-FR\",\"@id\":\"https:\\\/\\\/secure.gravatar.com\\\/avatar\\\/de97aeec1bb80978a9dbb127e47dfc88aaacb2f3c29aac907d8d3222e3495d49?s=96&d=mm&r=g\",\"url\":\"https:\\\/\\\/secure.gravatar.com\\\/avatar\\\/de97aeec1bb80978a9dbb127e47dfc88aaacb2f3c29aac907d8d3222e3495d49?s=96&d=mm&r=g\",\"contentUrl\":\"https:\\\/\\\/secure.gravatar.com\\\/avatar\\\/de97aeec1bb80978a9dbb127e47dfc88aaacb2f3c29aac907d8d3222e3495d49?s=96&d=mm&r=g\",\"caption\":\"Webdo\"},\"url\":\"https:\\\/\\\/www.webdo.tn\\\/fr\\\/actualite\\\/author\\\/webdo\\\/\"}]}<\/script>\n<!-- \/ Yoast SEO Premium plugin. -->","yoast_head_json":{"title":"Aid El Fitr : Arr\u00eat des cours \u00e0 partir de lundi","description":"Tunisie: les activit\u00e9s \u00e9ducatives, professionnelles et universitaires seront suspendues du 8 au 11 avril 2024.","canonical":"https:\/\/www.webdo.tn\/fr\/actualite\/national\/aid-el-fitr-arret-des-cours-a-partir-de-lundi-pour\/213392\/","og_locale":"fr_FR","og_type":"article","og_title":"Aid El Fitr : Arr\u00eat des cours \u00e0 partir de lundi","og_description":"Tunisie: les activit\u00e9s \u00e9ducatives, professionnelles et universitaires seront suspendues du 8 au 11 avril 2024.","og_url":"https:\/\/www.webdo.tn\/fr\/actualite\/national\/aid-el-fitr-arret-des-cours-a-partir-de-lundi-pour\/213392\/","og_site_name":"webdo","article_publisher":"https:\/\/www.facebook.com\/webdotn","article_published_time":"2024-04-04T17:06:00+00:00","article_modified_time":"2025-05-20T22:33:38+00:00","og_image":[{"width":680,"height":363,"url":"https:\/\/www.webdo.tn\/fr\/wp-content\/uploads\/2024\/04\/f5d29746f8e58ec7807a92ba1d412b6d.jpg","type":"image\/jpeg"}],"author":"Webdo","twitter_card":"summary_large_image","twitter_creator":"@webdo_tn","twitter_site":"@webdo_tn","twitter_misc":{"\u00c9crit par":"Webdo"},"schema":{"@context":"https:\/\/schema.org","@graph":[{"@type":"NewsArticle","@id":"https:\/\/www.webdo.tn\/fr\/actualite\/national\/aid-el-fitr-arret-des-cours-a-partir-de-lundi-pour\/213392\/#article","isPartOf":{"@id":"https:\/\/www.webdo.tn\/fr\/actualite\/national\/aid-el-fitr-arret-des-cours-a-partir-de-lundi-pour\/213392\/"},"author":{"name":"Webdo","@id":"https:\/\/www.webdo.tn\/fr\/#\/schema\/person\/1f4e491e0907b413d61089e8eb573acc"},"headline":"Aid El Fitr : Arr\u00eat des cours \u00e0 partir de lundi","datePublished":"2024-04-04T17:06:00+00:00","dateModified":"2025-05-20T22:33:38+00:00","mainEntityOfPage":{"@id":"https:\/\/www.webdo.tn\/fr\/actualite\/national\/aid-el-fitr-arret-des-cours-a-partir-de-lundi-pour\/213392\/"},"wordCount":79,"commentCount":0,"publisher":{"@id":"https:\/\/www.webdo.tn\/fr\/#organization"},"image":{"@id":"https:\/\/www.webdo.tn\/fr\/actualite\/national\/aid-el-fitr-arret-des-cours-a-partir-de-lundi-pour\/213392\/#primaryimage"},"thumbnailUrl":"https:\/\/www.webdo.tn\/fr\/wp-content\/uploads\/2024\/04\/f5d29746f8e58ec7807a92ba1d412b6d.jpg","keywords":["A\u00efd-el-Fitr","Tunisie"],"articleSection":["National"],"inLanguage":"fr-FR"},{"@type":"WebPage","@id":"https:\/\/www.webdo.tn\/fr\/actualite\/national\/aid-el-fitr-arret-des-cours-a-partir-de-lundi-pour\/213392\/","url":"https:\/\/www.webdo.tn\/fr\/actualite\/national\/aid-el-fitr-arret-des-cours-a-partir-de-lundi-pour\/213392\/","name":"Aid El Fitr : Arr\u00eat des cours \u00e0 partir de lundi","isPartOf":{"@id":"https:\/\/www.webdo.tn\/fr\/#website"},"primaryImageOfPage":{"@id":"https:\/\/www.webdo.tn\/fr\/actualite\/national\/aid-el-fitr-arret-des-cours-a-partir-de-lundi-pour\/213392\/#primaryimage"},"image":{"@id":"https:\/\/www.webdo.tn\/fr\/actualite\/national\/aid-el-fitr-arret-des-cours-a-partir-de-lundi-pour\/213392\/#primaryimage"},"thumbnailUrl":"https:\/\/www.webdo.tn\/fr\/wp-content\/uploads\/2024\/04\/f5d29746f8e58ec7807a92ba1d412b6d.jpg","datePublished":"2024-04-04T17:06:00+00:00","dateModified":"2025-05-20T22:33:38+00:00","description":"Tunisie: les activit\u00e9s \u00e9ducatives, professionnelles et universitaires seront suspendues du 8 au 11 avril 2024.","breadcrumb":{"@id":"https:\/\/www.webdo.tn\/fr\/actualite\/national\/aid-el-fitr-arret-des-cours-a-partir-de-lundi-pour\/213392\/#breadcrumb"},"inLanguage":"fr-FR","potentialAction":[{"@type":"ReadAction","target":["https:\/\/www.webdo.tn\/fr\/actualite\/national\/aid-el-fitr-arret-des-cours-a-partir-de-lundi-pour\/213392\/"]}]},{"@type":"ImageObject","inLanguage":"fr-FR","@id":"https:\/\/www.webdo.tn\/fr\/actualite\/national\/aid-el-fitr-arret-des-cours-a-partir-de-lundi-pour\/213392\/#primaryimage","url":"https:\/\/www.webdo.tn\/fr\/wp-content\/uploads\/2024\/04\/f5d29746f8e58ec7807a92ba1d412b6d.jpg","contentUrl":"https:\/\/www.webdo.tn\/fr\/wp-content\/uploads\/2024\/04\/f5d29746f8e58ec7807a92ba1d412b6d.jpg","width":680,"height":363,"caption":"Aid El Fitr : Arr\u00eat des cours \u00e0 partir de lundi"},{"@type":"BreadcrumbList","@id":"https:\/\/www.webdo.tn\/fr\/actualite\/national\/aid-el-fitr-arret-des-cours-a-partir-de-lundi-pour\/213392\/#breadcrumb","itemListElement":[{"@type":"ListItem","position":1,"name":"Accueil","item":"https:\/\/www.webdo.tn\/fr\/"},{"@type":"ListItem","position":2,"name":"Aid El Fitr : Arr\u00eat des cours \u00e0 partir de lundi"}]},{"@type":"WebSite","@id":"https:\/\/www.webdo.tn\/fr\/#website","url":"https:\/\/www.webdo.tn\/fr\/","name":"webdo","description":"Tunisie - News en Tunisie et \u00e0 l&#039;international sur Webdo.tn","publisher":{"@id":"https:\/\/www.webdo.tn\/fr\/#organization"},"potentialAction":[{"@type":"SearchAction","target":{"@type":"EntryPoint","urlTemplate":"https:\/\/www.webdo.tn\/fr\/?s={search_term_string}"},"query-input":{"@type":"PropertyValueSpecification","valueRequired":true,"valueName":"search_term_string"}}],"inLanguage":"fr-FR"},{"@type":"Organization","@id":"https:\/\/www.webdo.tn\/fr\/#organization","name":"Webdo","alternateName":"Webdo.tn","url":"https:\/\/www.webdo.tn\/fr\/","logo":{"@type":"ImageObject","inLanguage":"fr-FR","@id":"https:\/\/www.webdo.tn\/fr\/#\/schema\/logo\/image\/","url":"https:\/\/www.webdo.tn\/fr\/wp-content\/uploads\/2025\/06\/Webdo-Tunisie_168377.jpg","contentUrl":"https:\/\/www.webdo.tn\/fr\/wp-content\/uploads\/2025\/06\/Webdo-Tunisie_168377.jpg","width":301,"height":301,"caption":"Webdo"},"image":{"@id":"https:\/\/www.webdo.tn\/fr\/#\/schema\/logo\/image\/"},"sameAs":["https:\/\/www.facebook.com\/webdotn","https:\/\/x.com\/webdo_tn"],"description":"Webdo est un m\u00e9dia num\u00e9rique tunisien fond\u00e9 en 2010, sp\u00e9cialis\u00e9 dans l\u2019actualit\u00e9 nationale et internationale, l\u2019\u00e9conomie, la soci\u00e9t\u00e9 et les analyses politiques. Le site s\u2019adresse \u00e0 un large public francophone et couvre l\u2019information tunisienne en temps r\u00e9el.","email":"redac@webdo.tn","legalName":"YNJ SARL","foundingDate":"2010-09-06","numberOfEmployees":{"@type":"QuantitativeValue","minValue":"11","maxValue":"50"}},{"@type":"Person","@id":"https:\/\/www.webdo.tn\/fr\/#\/schema\/person\/1f4e491e0907b413d61089e8eb573acc","name":"Webdo","image":{"@type":"ImageObject","inLanguage":"fr-FR","@id":"https:\/\/secure.gravatar.com\/avatar\/de97aeec1bb80978a9dbb127e47dfc88aaacb2f3c29aac907d8d3222e3495d49?s=96&d=mm&r=g","url":"https:\/\/secure.gravatar.com\/avatar\/de97aeec1bb80978a9dbb127e47dfc88aaacb2f3c29aac907d8d3222e3495d49?s=96&d=mm&r=g","contentUrl":"https:\/\/secure.gravatar.com\/avatar\/de97aeec1bb80978a9dbb127e47dfc88aaacb2f3c29aac907d8d3222e3495d49?s=96&d=mm&r=g","caption":"Webdo"},"url":"https:\/\/www.webdo.tn\/fr\/actualite\/author\/webdo\/"}]}},"_links":{"self":[{"href":"https:\/\/www.webdo.tn\/fr\/wp-json\/wp\/v2\/posts\/213392","targetHints":{"allow":["GET"]}}],"collection":[{"href":"https:\/\/www.webdo.tn\/fr\/wp-json\/wp\/v2\/posts"}],"about":[{"href":"https:\/\/www.webdo.tn\/fr\/wp-json\/wp\/v2\/types\/post"}],"author":[{"embeddable":true,"href":"https:\/\/www.webdo.tn\/fr\/wp-json\/wp\/v2\/users\/3169"}],"replies":[{"embeddable":true,"href":"https:\/\/www.webdo.tn\/fr\/wp-json\/wp\/v2\/comments?post=213392"}],"version-history":[{"count":0,"href":"https:\/\/www.webdo.tn\/fr\/wp-json\/wp\/v2\/posts\/213392\/revisions"}],"wp:featuredmedia":[{"embeddable":true,"href":"https:\/\/www.webdo.tn\/fr\/wp-json\/wp\/v2\/media\/290444"}],"wp:attachment":[{"href":"https:\/\/www.webdo.tn\/fr\/wp-json\/wp\/v2\/media?parent=213392"}],"wp:term":[{"taxonomy":"category","embeddable":true,"href":"https:\/\/www.webdo.tn\/fr\/wp-json\/wp\/v2\/categories?post=213392"},{"taxonomy":"post_tag","embeddable":true,"href":"https:\/\/www.webdo.tn\/fr\/wp-json\/wp\/v2\/tags?post=213392"}],"curies":[{"name":"wp","href":"https:\/\/api.w.org\/{rel}","templated":true}]}}