{"id":213389,"date":"2024-04-04T15:49:00","date_gmt":"2024-04-04T15:49:00","guid":{"rendered":"https:\/\/www.webdo.tn\/fr\/blog\/tunisie-demantelement-d-un-reseau-de-traite-humaine\/213389\/"},"modified":"2025-05-20T22:33:37","modified_gmt":"2025-05-20T22:33:37","slug":"tunisie-demantelement-d-un-reseau-de-traite-humaine","status":"publish","type":"post","link":"https:\/\/www.webdo.tn\/fr\/actualite\/national\/tunisie-demantelement-d-un-reseau-de-traite-humaine\/213389\/","title":{"rendered":"Tunisie: D\u00e9mant\u00e8lement d&rsquo;un r\u00e9seau de traite humaine"},"content":{"rendered":"<p>Un r\u00e9seau de traite humaine provenant d&rsquo;Afrique subsaharienne a \u00e9t\u00e9 d\u00e9mantel\u00e9 gr\u00e2ce \u00e0 une collaboration entre la Garde nationale de Jebiniana \u00e0 Sfax et la brigade centrale. 10 personnes ont \u00e9t\u00e9 arr\u00eat\u00e9es et 9 voitures saisies.<\/p>\n<p>\t\t\t\t\t\t\t\t\tUn travail de renseignement s\u00e9curitaire conjoint entre les unit\u00e9s d&rsquo;enqu\u00eate de la Garde nationale de la r\u00e9gion de Jebiniana \u00e0 Sfax et la brigade centrale d&rsquo;enqu\u00eate a permis de d\u00e9manteler un r\u00e9seau sp\u00e9cialis\u00e9 dans la traite des \u00eatres humains en provenance de pays d&rsquo;Afrique subsaharienne. Cette op\u00e9ration a \u00e9t\u00e9 men\u00e9e apr\u00e8s une longue p\u00e9riode d&rsquo;investigations intensives.<\/p>\n<p>D&rsquo;apr\u00e8s la Tap, un communiqu\u00e9 de la Direction g\u00e9n\u00e9rale de la Garde nationale paru ce jeudi a r\u00e9v\u00e9l\u00e9 l&rsquo;identification des parties impliqu\u00e9es dans ce r\u00e9seau. Elles \u00e9taient actives dans diverses zones frontali\u00e8res jusqu&rsquo;\u00e0 Sfax.<\/p>\n<p>Les investigations se sont poursuivies en collaboration avec les unit\u00e9s d&rsquo;enqu\u00eate des r\u00e9gions de la Garde nationale de Sidi Bouzid, Kasserine, Gafsa et Tozeur. Apr\u00e8s avoir obtenu les autorisations judiciaires n\u00e9cessaires, des descentes ont \u00e9t\u00e9 effectu\u00e9es dans des lieux de r\u00e9sidence de personnes suspect\u00e9es. Ces op\u00e9rations ont abouti \u00e0 l&rsquo;arrestation de 10 membres de ce r\u00e9seau, tous connus dans le domaine de la traite des \u00eatres humains, y compris le principal accus\u00e9. Neuf voitures priv\u00e9es utilis\u00e9es pour le transport ont \u00e9t\u00e9 saisies, ainsi qu&rsquo;une somme d&rsquo;argent en dinars tunisiens provenant des revenus de cette activit\u00e9 illicite, ajoute la meme source.<\/p>\n<p>Apr\u00e8s consultation avec le parquet, il a \u00e9t\u00e9 d\u00e9cid\u00e9 de garder tous les suspects arr\u00eat\u00e9s et de saisir les voitures utilis\u00e9es.<\/p>\n<p>Dans un contexte connexe, les unit\u00e9s mentionn\u00e9es ont r\u00e9ussi \u00e0 arr\u00eater deux individus de nationalit\u00e9s africaines subsahariennes impliqu\u00e9s dans la m\u00eame affaire. Ils ont \u00e9t\u00e9 d\u00e9f\u00e9r\u00e9s devant la justice qui a ordonn\u00e9 leur mise en d\u00e9tention.<\/p>\n","protected":false},"excerpt":{"rendered":"<p>D\u00e9mant\u00e8lement d&rsquo;un r\u00e9seau de traite humaine en provenance d&rsquo;Afrique subsaharienne \u00e0 Sfax. 10 arrestations et saisie de 9 voitures apr\u00e8s une enqu\u00eate conjointe de&#8230;<\/p>\n","protected":false},"author":3169,"featured_media":290442,"comment_status":"open","ping_status":"closed","sticky":false,"template":"","format":"standard","meta":{"footnotes":""},"categories":[44],"tags":[10103,5873,3673,2675,2608],"class_list":["post-213389","post","type-post","status-publish","format-standard","has-post-thumbnail","hentry","category-national","tag-traite-des-etres-humains","tag-afrique-subsaharienne","tag-arrestations","tag-sfax","tag-tunisie"],"yoast_head":"<!-- This site is optimized with the Yoast SEO Premium plugin v27.4 (Yoast SEO v27.5) - https:\/\/yoast.com\/product\/yoast-seo-premium-wordpress\/ -->\n<title>Tunisie: D\u00e9mant\u00e8lement d&#039;un r\u00e9seau de traite humaine<\/title>\n<meta name=\"description\" content=\"D\u00e9mant\u00e8lement d&#039;un r\u00e9seau de traite humaine en provenance d&#039;Afrique subsaharienne \u00e0 Sfax. 10 arrestations et saisie de 9 voitures apr\u00e8s une enqu\u00eate conjointe de...\" \/>\n<link rel=\"canonical\" href=\"https:\/\/www.webdo.tn\/fr\/actualite\/national\/tunisie-demantelement-d-un-reseau-de-traite-humaine\/213389\/\" \/>\n<meta property=\"og:locale\" content=\"fr_FR\" \/>\n<meta property=\"og:type\" content=\"article\" \/>\n<meta property=\"og:title\" content=\"Tunisie: D\u00e9mant\u00e8lement d&#039;un r\u00e9seau de traite humaine\" \/>\n<meta property=\"og:description\" content=\"D\u00e9mant\u00e8lement d&#039;un r\u00e9seau de traite humaine en provenance d&#039;Afrique subsaharienne \u00e0 Sfax. 10 arrestations et saisie de 9 voitures apr\u00e8s une enqu\u00eate conjointe de...\" \/>\n<meta property=\"og:url\" content=\"https:\/\/www.webdo.tn\/fr\/actualite\/national\/tunisie-demantelement-d-un-reseau-de-traite-humaine\/213389\/\" \/>\n<meta property=\"og:site_name\" content=\"webdo\" \/>\n<meta property=\"article:publisher\" content=\"https:\/\/www.facebook.com\/webdotn\" \/>\n<meta property=\"article:published_time\" content=\"2024-04-04T15:49:00+00:00\" \/>\n<meta property=\"article:modified_time\" content=\"2025-05-20T22:33:37+00:00\" \/>\n<meta property=\"og:image\" content=\"https:\/\/www.webdo.tn\/fr\/wp-content\/uploads\/2024\/04\/977be4828aeb49d58b7cd79d3b2a4b0e.jpg\" \/>\n\t<meta property=\"og:image:width\" content=\"750\" \/>\n\t<meta property=\"og:image:height\" content=\"400\" \/>\n\t<meta property=\"og:image:type\" content=\"image\/jpeg\" \/>\n<meta name=\"author\" content=\"Webdo\" \/>\n<meta name=\"twitter:card\" content=\"summary_large_image\" \/>\n<meta name=\"twitter:creator\" content=\"@webdo_tn\" \/>\n<meta name=\"twitter:site\" content=\"@webdo_tn\" \/>\n<meta name=\"twitter:label1\" content=\"\u00c9crit par\" \/>\n\t<meta name=\"twitter:data1\" content=\"Webdo\" \/>\n\t<meta name=\"twitter:label2\" content=\"Dur\u00e9e de lecture estim\u00e9e\" \/>\n\t<meta name=\"twitter:data2\" content=\"2 minutes\" \/>\n<script type=\"application\/ld+json\" class=\"yoast-schema-graph\">{\"@context\":\"https:\\\/\\\/schema.org\",\"@graph\":[{\"@type\":\"NewsArticle\",\"@id\":\"https:\\\/\\\/www.webdo.tn\\\/fr\\\/actualite\\\/national\\\/tunisie-demantelement-d-un-reseau-de-traite-humaine\\\/213389\\\/#article\",\"isPartOf\":{\"@id\":\"https:\\\/\\\/www.webdo.tn\\\/fr\\\/actualite\\\/national\\\/tunisie-demantelement-d-un-reseau-de-traite-humaine\\\/213389\\\/\"},\"author\":{\"name\":\"Webdo\",\"@id\":\"https:\\\/\\\/www.webdo.tn\\\/fr\\\/#\\\/schema\\\/person\\\/1f4e491e0907b413d61089e8eb573acc\"},\"headline\":\"Tunisie: D\u00e9mant\u00e8lement d&rsquo;un r\u00e9seau de traite humaine\",\"datePublished\":\"2024-04-04T15:49:00+00:00\",\"dateModified\":\"2025-05-20T22:33:37+00:00\",\"mainEntityOfPage\":{\"@id\":\"https:\\\/\\\/www.webdo.tn\\\/fr\\\/actualite\\\/national\\\/tunisie-demantelement-d-un-reseau-de-traite-humaine\\\/213389\\\/\"},\"wordCount\":350,\"commentCount\":0,\"publisher\":{\"@id\":\"https:\\\/\\\/www.webdo.tn\\\/fr\\\/#organization\"},\"image\":{\"@id\":\"https:\\\/\\\/www.webdo.tn\\\/fr\\\/actualite\\\/national\\\/tunisie-demantelement-d-un-reseau-de-traite-humaine\\\/213389\\\/#primaryimage\"},\"thumbnailUrl\":\"https:\\\/\\\/www.webdo.tn\\\/fr\\\/wp-content\\\/uploads\\\/2024\\\/04\\\/977be4828aeb49d58b7cd79d3b2a4b0e.jpg\",\"keywords\":[\"'traite des \u00eatres humains'\",\"Afrique subsaharienne\",\"arrestations\",\"Sfax\",\"Tunisie\"],\"articleSection\":[\"National\"],\"inLanguage\":\"fr-FR\"},{\"@type\":\"WebPage\",\"@id\":\"https:\\\/\\\/www.webdo.tn\\\/fr\\\/actualite\\\/national\\\/tunisie-demantelement-d-un-reseau-de-traite-humaine\\\/213389\\\/\",\"url\":\"https:\\\/\\\/www.webdo.tn\\\/fr\\\/actualite\\\/national\\\/tunisie-demantelement-d-un-reseau-de-traite-humaine\\\/213389\\\/\",\"name\":\"Tunisie: D\u00e9mant\u00e8lement d'un r\u00e9seau de traite humaine\",\"isPartOf\":{\"@id\":\"https:\\\/\\\/www.webdo.tn\\\/fr\\\/#website\"},\"primaryImageOfPage\":{\"@id\":\"https:\\\/\\\/www.webdo.tn\\\/fr\\\/actualite\\\/national\\\/tunisie-demantelement-d-un-reseau-de-traite-humaine\\\/213389\\\/#primaryimage\"},\"image\":{\"@id\":\"https:\\\/\\\/www.webdo.tn\\\/fr\\\/actualite\\\/national\\\/tunisie-demantelement-d-un-reseau-de-traite-humaine\\\/213389\\\/#primaryimage\"},\"thumbnailUrl\":\"https:\\\/\\\/www.webdo.tn\\\/fr\\\/wp-content\\\/uploads\\\/2024\\\/04\\\/977be4828aeb49d58b7cd79d3b2a4b0e.jpg\",\"datePublished\":\"2024-04-04T15:49:00+00:00\",\"dateModified\":\"2025-05-20T22:33:37+00:00\",\"description\":\"D\u00e9mant\u00e8lement d'un r\u00e9seau de traite humaine en provenance d'Afrique subsaharienne \u00e0 Sfax. 10 arrestations et saisie de 9 voitures apr\u00e8s une enqu\u00eate conjointe de...\",\"breadcrumb\":{\"@id\":\"https:\\\/\\\/www.webdo.tn\\\/fr\\\/actualite\\\/national\\\/tunisie-demantelement-d-un-reseau-de-traite-humaine\\\/213389\\\/#breadcrumb\"},\"inLanguage\":\"fr-FR\",\"potentialAction\":[{\"@type\":\"ReadAction\",\"target\":[\"https:\\\/\\\/www.webdo.tn\\\/fr\\\/actualite\\\/national\\\/tunisie-demantelement-d-un-reseau-de-traite-humaine\\\/213389\\\/\"]}]},{\"@type\":\"ImageObject\",\"inLanguage\":\"fr-FR\",\"@id\":\"https:\\\/\\\/www.webdo.tn\\\/fr\\\/actualite\\\/national\\\/tunisie-demantelement-d-un-reseau-de-traite-humaine\\\/213389\\\/#primaryimage\",\"url\":\"https:\\\/\\\/www.webdo.tn\\\/fr\\\/wp-content\\\/uploads\\\/2024\\\/04\\\/977be4828aeb49d58b7cd79d3b2a4b0e.jpg\",\"contentUrl\":\"https:\\\/\\\/www.webdo.tn\\\/fr\\\/wp-content\\\/uploads\\\/2024\\\/04\\\/977be4828aeb49d58b7cd79d3b2a4b0e.jpg\",\"width\":750,\"height\":400,\"caption\":\"Tunisie: D\u00e9mant\u00e8lement d'un r\u00e9seau de traite humaine\"},{\"@type\":\"BreadcrumbList\",\"@id\":\"https:\\\/\\\/www.webdo.tn\\\/fr\\\/actualite\\\/national\\\/tunisie-demantelement-d-un-reseau-de-traite-humaine\\\/213389\\\/#breadcrumb\",\"itemListElement\":[{\"@type\":\"ListItem\",\"position\":1,\"name\":\"Accueil\",\"item\":\"https:\\\/\\\/www.webdo.tn\\\/fr\\\/\"},{\"@type\":\"ListItem\",\"position\":2,\"name\":\"Tunisie: D\u00e9mant\u00e8lement d&rsquo;un r\u00e9seau de traite humaine\"}]},{\"@type\":\"WebSite\",\"@id\":\"https:\\\/\\\/www.webdo.tn\\\/fr\\\/#website\",\"url\":\"https:\\\/\\\/www.webdo.tn\\\/fr\\\/\",\"name\":\"webdo\",\"description\":\"Tunisie - News en Tunisie et \u00e0 l&#039;international sur Webdo.tn\",\"publisher\":{\"@id\":\"https:\\\/\\\/www.webdo.tn\\\/fr\\\/#organization\"},\"potentialAction\":[{\"@type\":\"SearchAction\",\"target\":{\"@type\":\"EntryPoint\",\"urlTemplate\":\"https:\\\/\\\/www.webdo.tn\\\/fr\\\/?s={search_term_string}\"},\"query-input\":{\"@type\":\"PropertyValueSpecification\",\"valueRequired\":true,\"valueName\":\"search_term_string\"}}],\"inLanguage\":\"fr-FR\"},{\"@type\":\"Organization\",\"@id\":\"https:\\\/\\\/www.webdo.tn\\\/fr\\\/#organization\",\"name\":\"Webdo\",\"alternateName\":\"Webdo.tn\",\"url\":\"https:\\\/\\\/www.webdo.tn\\\/fr\\\/\",\"logo\":{\"@type\":\"ImageObject\",\"inLanguage\":\"fr-FR\",\"@id\":\"https:\\\/\\\/www.webdo.tn\\\/fr\\\/#\\\/schema\\\/logo\\\/image\\\/\",\"url\":\"https:\\\/\\\/www.webdo.tn\\\/fr\\\/wp-content\\\/uploads\\\/2025\\\/06\\\/Webdo-Tunisie_168377.jpg\",\"contentUrl\":\"https:\\\/\\\/www.webdo.tn\\\/fr\\\/wp-content\\\/uploads\\\/2025\\\/06\\\/Webdo-Tunisie_168377.jpg\",\"width\":301,\"height\":301,\"caption\":\"Webdo\"},\"image\":{\"@id\":\"https:\\\/\\\/www.webdo.tn\\\/fr\\\/#\\\/schema\\\/logo\\\/image\\\/\"},\"sameAs\":[\"https:\\\/\\\/www.facebook.com\\\/webdotn\",\"https:\\\/\\\/x.com\\\/webdo_tn\"],\"description\":\"Webdo est un m\u00e9dia num\u00e9rique tunisien fond\u00e9 en 2010, sp\u00e9cialis\u00e9 dans l\u2019actualit\u00e9 nationale et internationale, l\u2019\u00e9conomie, la soci\u00e9t\u00e9 et les analyses politiques. Le site s\u2019adresse \u00e0 un large public francophone et couvre l\u2019information tunisienne en temps r\u00e9el.\",\"email\":\"redac@webdo.tn\",\"legalName\":\"YNJ SARL\",\"foundingDate\":\"2010-09-06\",\"numberOfEmployees\":{\"@type\":\"QuantitativeValue\",\"minValue\":\"11\",\"maxValue\":\"50\"}},{\"@type\":\"Person\",\"@id\":\"https:\\\/\\\/www.webdo.tn\\\/fr\\\/#\\\/schema\\\/person\\\/1f4e491e0907b413d61089e8eb573acc\",\"name\":\"Webdo\",\"image\":{\"@type\":\"ImageObject\",\"inLanguage\":\"fr-FR\",\"@id\":\"https:\\\/\\\/secure.gravatar.com\\\/avatar\\\/de97aeec1bb80978a9dbb127e47dfc88aaacb2f3c29aac907d8d3222e3495d49?s=96&d=mm&r=g\",\"url\":\"https:\\\/\\\/secure.gravatar.com\\\/avatar\\\/de97aeec1bb80978a9dbb127e47dfc88aaacb2f3c29aac907d8d3222e3495d49?s=96&d=mm&r=g\",\"contentUrl\":\"https:\\\/\\\/secure.gravatar.com\\\/avatar\\\/de97aeec1bb80978a9dbb127e47dfc88aaacb2f3c29aac907d8d3222e3495d49?s=96&d=mm&r=g\",\"caption\":\"Webdo\"},\"url\":\"https:\\\/\\\/www.webdo.tn\\\/fr\\\/actualite\\\/author\\\/webdo\\\/\"}]}<\/script>\n<!-- \/ Yoast SEO Premium plugin. -->","yoast_head_json":{"title":"Tunisie: D\u00e9mant\u00e8lement d'un r\u00e9seau de traite humaine","description":"D\u00e9mant\u00e8lement d'un r\u00e9seau de traite humaine en provenance d'Afrique subsaharienne \u00e0 Sfax. 10 arrestations et saisie de 9 voitures apr\u00e8s une enqu\u00eate conjointe de...","canonical":"https:\/\/www.webdo.tn\/fr\/actualite\/national\/tunisie-demantelement-d-un-reseau-de-traite-humaine\/213389\/","og_locale":"fr_FR","og_type":"article","og_title":"Tunisie: D\u00e9mant\u00e8lement d'un r\u00e9seau de traite humaine","og_description":"D\u00e9mant\u00e8lement d'un r\u00e9seau de traite humaine en provenance d'Afrique subsaharienne \u00e0 Sfax. 10 arrestations et saisie de 9 voitures apr\u00e8s une enqu\u00eate conjointe de...","og_url":"https:\/\/www.webdo.tn\/fr\/actualite\/national\/tunisie-demantelement-d-un-reseau-de-traite-humaine\/213389\/","og_site_name":"webdo","article_publisher":"https:\/\/www.facebook.com\/webdotn","article_published_time":"2024-04-04T15:49:00+00:00","article_modified_time":"2025-05-20T22:33:37+00:00","og_image":[{"width":750,"height":400,"url":"https:\/\/www.webdo.tn\/fr\/wp-content\/uploads\/2024\/04\/977be4828aeb49d58b7cd79d3b2a4b0e.jpg","type":"image\/jpeg"}],"author":"Webdo","twitter_card":"summary_large_image","twitter_creator":"@webdo_tn","twitter_site":"@webdo_tn","twitter_misc":{"\u00c9crit par":"Webdo","Dur\u00e9e de lecture estim\u00e9e":"2 minutes"},"schema":{"@context":"https:\/\/schema.org","@graph":[{"@type":"NewsArticle","@id":"https:\/\/www.webdo.tn\/fr\/actualite\/national\/tunisie-demantelement-d-un-reseau-de-traite-humaine\/213389\/#article","isPartOf":{"@id":"https:\/\/www.webdo.tn\/fr\/actualite\/national\/tunisie-demantelement-d-un-reseau-de-traite-humaine\/213389\/"},"author":{"name":"Webdo","@id":"https:\/\/www.webdo.tn\/fr\/#\/schema\/person\/1f4e491e0907b413d61089e8eb573acc"},"headline":"Tunisie: D\u00e9mant\u00e8lement d&rsquo;un r\u00e9seau de traite humaine","datePublished":"2024-04-04T15:49:00+00:00","dateModified":"2025-05-20T22:33:37+00:00","mainEntityOfPage":{"@id":"https:\/\/www.webdo.tn\/fr\/actualite\/national\/tunisie-demantelement-d-un-reseau-de-traite-humaine\/213389\/"},"wordCount":350,"commentCount":0,"publisher":{"@id":"https:\/\/www.webdo.tn\/fr\/#organization"},"image":{"@id":"https:\/\/www.webdo.tn\/fr\/actualite\/national\/tunisie-demantelement-d-un-reseau-de-traite-humaine\/213389\/#primaryimage"},"thumbnailUrl":"https:\/\/www.webdo.tn\/fr\/wp-content\/uploads\/2024\/04\/977be4828aeb49d58b7cd79d3b2a4b0e.jpg","keywords":["'traite des \u00eatres humains'","Afrique subsaharienne","arrestations","Sfax","Tunisie"],"articleSection":["National"],"inLanguage":"fr-FR"},{"@type":"WebPage","@id":"https:\/\/www.webdo.tn\/fr\/actualite\/national\/tunisie-demantelement-d-un-reseau-de-traite-humaine\/213389\/","url":"https:\/\/www.webdo.tn\/fr\/actualite\/national\/tunisie-demantelement-d-un-reseau-de-traite-humaine\/213389\/","name":"Tunisie: D\u00e9mant\u00e8lement d'un r\u00e9seau de traite humaine","isPartOf":{"@id":"https:\/\/www.webdo.tn\/fr\/#website"},"primaryImageOfPage":{"@id":"https:\/\/www.webdo.tn\/fr\/actualite\/national\/tunisie-demantelement-d-un-reseau-de-traite-humaine\/213389\/#primaryimage"},"image":{"@id":"https:\/\/www.webdo.tn\/fr\/actualite\/national\/tunisie-demantelement-d-un-reseau-de-traite-humaine\/213389\/#primaryimage"},"thumbnailUrl":"https:\/\/www.webdo.tn\/fr\/wp-content\/uploads\/2024\/04\/977be4828aeb49d58b7cd79d3b2a4b0e.jpg","datePublished":"2024-04-04T15:49:00+00:00","dateModified":"2025-05-20T22:33:37+00:00","description":"D\u00e9mant\u00e8lement d'un r\u00e9seau de traite humaine en provenance d'Afrique subsaharienne \u00e0 Sfax. 10 arrestations et saisie de 9 voitures apr\u00e8s une enqu\u00eate conjointe de...","breadcrumb":{"@id":"https:\/\/www.webdo.tn\/fr\/actualite\/national\/tunisie-demantelement-d-un-reseau-de-traite-humaine\/213389\/#breadcrumb"},"inLanguage":"fr-FR","potentialAction":[{"@type":"ReadAction","target":["https:\/\/www.webdo.tn\/fr\/actualite\/national\/tunisie-demantelement-d-un-reseau-de-traite-humaine\/213389\/"]}]},{"@type":"ImageObject","inLanguage":"fr-FR","@id":"https:\/\/www.webdo.tn\/fr\/actualite\/national\/tunisie-demantelement-d-un-reseau-de-traite-humaine\/213389\/#primaryimage","url":"https:\/\/www.webdo.tn\/fr\/wp-content\/uploads\/2024\/04\/977be4828aeb49d58b7cd79d3b2a4b0e.jpg","contentUrl":"https:\/\/www.webdo.tn\/fr\/wp-content\/uploads\/2024\/04\/977be4828aeb49d58b7cd79d3b2a4b0e.jpg","width":750,"height":400,"caption":"Tunisie: D\u00e9mant\u00e8lement d'un r\u00e9seau de traite humaine"},{"@type":"BreadcrumbList","@id":"https:\/\/www.webdo.tn\/fr\/actualite\/national\/tunisie-demantelement-d-un-reseau-de-traite-humaine\/213389\/#breadcrumb","itemListElement":[{"@type":"ListItem","position":1,"name":"Accueil","item":"https:\/\/www.webdo.tn\/fr\/"},{"@type":"ListItem","position":2,"name":"Tunisie: D\u00e9mant\u00e8lement d&rsquo;un r\u00e9seau de traite humaine"}]},{"@type":"WebSite","@id":"https:\/\/www.webdo.tn\/fr\/#website","url":"https:\/\/www.webdo.tn\/fr\/","name":"webdo","description":"Tunisie - News en Tunisie et \u00e0 l&#039;international sur Webdo.tn","publisher":{"@id":"https:\/\/www.webdo.tn\/fr\/#organization"},"potentialAction":[{"@type":"SearchAction","target":{"@type":"EntryPoint","urlTemplate":"https:\/\/www.webdo.tn\/fr\/?s={search_term_string}"},"query-input":{"@type":"PropertyValueSpecification","valueRequired":true,"valueName":"search_term_string"}}],"inLanguage":"fr-FR"},{"@type":"Organization","@id":"https:\/\/www.webdo.tn\/fr\/#organization","name":"Webdo","alternateName":"Webdo.tn","url":"https:\/\/www.webdo.tn\/fr\/","logo":{"@type":"ImageObject","inLanguage":"fr-FR","@id":"https:\/\/www.webdo.tn\/fr\/#\/schema\/logo\/image\/","url":"https:\/\/www.webdo.tn\/fr\/wp-content\/uploads\/2025\/06\/Webdo-Tunisie_168377.jpg","contentUrl":"https:\/\/www.webdo.tn\/fr\/wp-content\/uploads\/2025\/06\/Webdo-Tunisie_168377.jpg","width":301,"height":301,"caption":"Webdo"},"image":{"@id":"https:\/\/www.webdo.tn\/fr\/#\/schema\/logo\/image\/"},"sameAs":["https:\/\/www.facebook.com\/webdotn","https:\/\/x.com\/webdo_tn"],"description":"Webdo est un m\u00e9dia num\u00e9rique tunisien fond\u00e9 en 2010, sp\u00e9cialis\u00e9 dans l\u2019actualit\u00e9 nationale et internationale, l\u2019\u00e9conomie, la soci\u00e9t\u00e9 et les analyses politiques. Le site s\u2019adresse \u00e0 un large public francophone et couvre l\u2019information tunisienne en temps r\u00e9el.","email":"redac@webdo.tn","legalName":"YNJ SARL","foundingDate":"2010-09-06","numberOfEmployees":{"@type":"QuantitativeValue","minValue":"11","maxValue":"50"}},{"@type":"Person","@id":"https:\/\/www.webdo.tn\/fr\/#\/schema\/person\/1f4e491e0907b413d61089e8eb573acc","name":"Webdo","image":{"@type":"ImageObject","inLanguage":"fr-FR","@id":"https:\/\/secure.gravatar.com\/avatar\/de97aeec1bb80978a9dbb127e47dfc88aaacb2f3c29aac907d8d3222e3495d49?s=96&d=mm&r=g","url":"https:\/\/secure.gravatar.com\/avatar\/de97aeec1bb80978a9dbb127e47dfc88aaacb2f3c29aac907d8d3222e3495d49?s=96&d=mm&r=g","contentUrl":"https:\/\/secure.gravatar.com\/avatar\/de97aeec1bb80978a9dbb127e47dfc88aaacb2f3c29aac907d8d3222e3495d49?s=96&d=mm&r=g","caption":"Webdo"},"url":"https:\/\/www.webdo.tn\/fr\/actualite\/author\/webdo\/"}]}},"_links":{"self":[{"href":"https:\/\/www.webdo.tn\/fr\/wp-json\/wp\/v2\/posts\/213389","targetHints":{"allow":["GET"]}}],"collection":[{"href":"https:\/\/www.webdo.tn\/fr\/wp-json\/wp\/v2\/posts"}],"about":[{"href":"https:\/\/www.webdo.tn\/fr\/wp-json\/wp\/v2\/types\/post"}],"author":[{"embeddable":true,"href":"https:\/\/www.webdo.tn\/fr\/wp-json\/wp\/v2\/users\/3169"}],"replies":[{"embeddable":true,"href":"https:\/\/www.webdo.tn\/fr\/wp-json\/wp\/v2\/comments?post=213389"}],"version-history":[{"count":0,"href":"https:\/\/www.webdo.tn\/fr\/wp-json\/wp\/v2\/posts\/213389\/revisions"}],"wp:featuredmedia":[{"embeddable":true,"href":"https:\/\/www.webdo.tn\/fr\/wp-json\/wp\/v2\/media\/290442"}],"wp:attachment":[{"href":"https:\/\/www.webdo.tn\/fr\/wp-json\/wp\/v2\/media?parent=213389"}],"wp:term":[{"taxonomy":"category","embeddable":true,"href":"https:\/\/www.webdo.tn\/fr\/wp-json\/wp\/v2\/categories?post=213389"},{"taxonomy":"post_tag","embeddable":true,"href":"https:\/\/www.webdo.tn\/fr\/wp-json\/wp\/v2\/tags?post=213389"}],"curies":[{"name":"wp","href":"https:\/\/api.w.org\/{rel}","templated":true}]}}