{"id":213385,"date":"2024-04-04T11:28:00","date_gmt":"2024-04-04T11:28:00","guid":{"rendered":"https:\/\/www.webdo.tn\/fr\/blog\/croissance-rapide-de-la-population-arabophone-depassement-du-monde-hispanophone\/213385\/"},"modified":"2025-05-20T22:32:13","modified_gmt":"2025-05-20T22:32:13","slug":"croissance-rapide-de-la-population-arabophone-depassement-du-monde-hispanophone","status":"publish","type":"post","link":"https:\/\/www.webdo.tn\/fr\/actualite\/international\/croissance-rapide-de-la-population-arabophone-depassement-du-monde-hispanophone\/213385\/","title":{"rendered":"Croissance rapide de la population arabophone, d\u00e9passant le monde hispanophone"},"content":{"rendered":"<p>La population du monde arabophone a d\u00e9pass\u00e9 celle du monde hispanophone et conna\u00eet une croissance rapide, avec 481,7 millions d&rsquo;habitants mi-2023. Le monde arabophone est maintenant le deuxi\u00e8me espace linguistique le plus peupl\u00e9 de la plan\u00e8te, apr\u00e8s l&rsquo;espace francophone.<\/p>\n<p>\t\t\t\t\t\t\t\t\tD&rsquo;apr\u00e8s les donn\u00e9es r\u00e9centes du Population Reference Bureau (PRB) rapport\u00e9es par le Centre d&rsquo;\u00e9tude et de r\u00e9flexion sur le Monde francophone (CERMF), le monde arabophone a d\u00e9pass\u00e9 le monde hispanophone en termes de population, avec un total de 481,7 millions d&rsquo;habitants mi-2023.<\/p>\n<p>Cette expansion d\u00e9mographique rapide pr\u00e9voit de se prolonger dans les d\u00e9cennies \u00e0 venir, alors que la croissance de la population hispanophone devrait \u00eatre plus mod\u00e9r\u00e9e que la moyenne mondiale.<\/p>\n<p>Le monde arabophone s&rsquo;\u00e9tend sur deux continents et englobe 20 pays avec l&rsquo;arabe comme langue officielle, ainsi que des parties arabophones de deux autres pays et des territoires arabophones de neuf autres pays.<\/p>\n<p>En revanche, l&rsquo;espace hispanophone couvre trois continents et compte 20 pays o\u00f9 l&rsquo;espagnol est la langue officielle ou co-officielle, en plus de Porto Rico et de certaines communaut\u00e9s hispanophones majoritaires aux \u00c9tats-Unis et au Belize.<\/p>\n<p>Selon les estimations du PRB, la population du monde arabophone a enregistr\u00e9 une augmentation de 1,9% par an, compar\u00e9e \u00e0 0,9% pour l&rsquo;espace hispanophone. Avec un taux de f\u00e9condit\u00e9 global de 3,2 enfants par femme dans le monde arabophone, contre 1,8 dans l&rsquo;espace hispanophone, cette tendance d\u00e9mographique met en \u00e9vidence des disparit\u00e9s significatives.<\/p>\n<p>Les cinq pays arabophones les plus peupl\u00e9s sont l&rsquo;\u00c9gypte, le Soudan, l&rsquo;Alg\u00e9rie, l&rsquo;Irak et le Maroc, tandis que pour les pays hispanophones, il s&rsquo;agit du Mexique, de la Colombie, de l&rsquo;Espagne, de l&rsquo;Argentine et du P\u00e9rou.<\/p>\n<p>Le monde arabophone se positionne comme le deuxi\u00e8me espace linguistique le plus dynamique apr\u00e8s l&rsquo;espace francophone, qui a enregistr\u00e9 une augmentation de 2,1% pour atteindre 563,4 millions d&rsquo;habitants mi-2023, r\u00e9partis sur quatre continents.<\/p>\n<p>Cinq pays de l&rsquo;espace francophone font \u00e9galement partie, totalement ou majoritairement, de l&rsquo;espace arabophone, notamment la Tunisie, l&rsquo;Alg\u00e9rie, le Maroc, la Mauritanie et le Tchad. Parmi les pays arabophones, ceux ayant connu la croissance d\u00e9mographique la plus \u00e9lev\u00e9e sont la Somalie, la Mauritanie, le Tchad, le Soudan et la Palestine occup\u00e9e.<\/p>\n<p>N\u00e9anmoins, le monde hispanophone souffre de fortes in\u00e9galit\u00e9s en mati\u00e8re de r\u00e9partition des richesses, le classant parmi les trois ensembles linguistiques les plus in\u00e9galitaires au monde, aux c\u00f4t\u00e9s des espaces anglophone et lusophone. En outre, malgr\u00e9 un ralentissement de la croissance d\u00e9mographique, de nombreux pays hispanophones ont \u00e9t\u00e9 touch\u00e9s par de graves crises \u00e9conomiques.<\/p>\n<p>Les projections du PRB indiquent que le monde arabophone devrait maintenir sa trajectoire d\u00e9mographique, atteignant 795 millions d&rsquo;habitants d&rsquo;ici 2060. Cette croissance rapide pourrait avoir des r\u00e9percussions majeures sur l&rsquo;\u00e9conomie, la politique et la culture de la r\u00e9gion, ainsi que sur son influence globale.<\/p>\n","protected":false},"excerpt":{"rendered":"<p>D\u00e9couvrez comment le monde arabophone a d\u00e9pass\u00e9 le monde hispanophone en termes de population et conna\u00eet une croissance rapide. Les raisons de cette expansion d&#8230;<\/p>\n","protected":false},"author":3169,"featured_media":247660,"comment_status":"open","ping_status":"closed","sticky":false,"template":"","format":"standard","meta":{"footnotes":""},"categories":[2598],"tags":[6738,6734,6735,6733,6736,6737,6740,6739],"class_list":["post-213385","post","type-post","status-publish","format-standard","has-post-thumbnail","hentry","category-international","tag-cermf","tag-croissance-demographique","tag-expansion","tag-monde-arabophone","tag-monde-hispanophone","tag-prb","tag-repartition-des-richesses","tag-taux-de-fecondite"],"yoast_head":"<!-- This site is optimized with the Yoast SEO Premium plugin v27.5 (Yoast SEO v27.5) - https:\/\/yoast.com\/product\/yoast-seo-premium-wordpress\/ -->\n<title>Croissance rapide de la population arabophone, d\u00e9passant le monde hispanophone<\/title>\n<meta name=\"description\" content=\"D\u00e9couvrez comment le monde arabophone a d\u00e9pass\u00e9 le monde hispanophone en termes de population et conna\u00eet une croissance rapide. Les raisons de cette expansion d...\" \/>\n<link rel=\"canonical\" href=\"https:\/\/www.webdo.tn\/fr\/actualite\/international\/croissance-rapide-de-la-population-arabophone-depassement-du-monde-hispanophone\/213385\/\" \/>\n<meta property=\"og:locale\" content=\"fr_FR\" \/>\n<meta property=\"og:type\" content=\"article\" \/>\n<meta property=\"og:title\" content=\"Croissance rapide de la population arabophone, d\u00e9passant le monde hispanophone\" \/>\n<meta property=\"og:description\" content=\"D\u00e9couvrez comment le monde arabophone a d\u00e9pass\u00e9 le monde hispanophone en termes de population et conna\u00eet une croissance rapide. Les raisons de cette expansion d...\" \/>\n<meta property=\"og:url\" content=\"https:\/\/www.webdo.tn\/fr\/actualite\/international\/croissance-rapide-de-la-population-arabophone-depassement-du-monde-hispanophone\/213385\/\" \/>\n<meta property=\"og:site_name\" content=\"webdo\" \/>\n<meta property=\"article:publisher\" content=\"https:\/\/www.facebook.com\/webdotn\" \/>\n<meta property=\"article:published_time\" content=\"2024-04-04T11:28:00+00:00\" \/>\n<meta property=\"article:modified_time\" content=\"2025-05-20T22:32:13+00:00\" \/>\n<meta property=\"og:image\" content=\"https:\/\/www.webdo.tn\/fr\/wp-content\/uploads\/2024\/04\/3ecd7b8bedeaff6e69c6c213b5c761a3.jpg\" \/>\n\t<meta property=\"og:image:width\" content=\"750\" \/>\n\t<meta property=\"og:image:height\" content=\"400\" \/>\n\t<meta property=\"og:image:type\" content=\"image\/jpeg\" \/>\n<meta name=\"author\" content=\"Webdo\" \/>\n<meta name=\"twitter:card\" content=\"summary_large_image\" \/>\n<meta name=\"twitter:creator\" content=\"@webdo_tn\" \/>\n<meta name=\"twitter:site\" content=\"@webdo_tn\" \/>\n<meta name=\"twitter:label1\" content=\"\u00c9crit par\" \/>\n\t<meta name=\"twitter:data1\" content=\"Webdo\" \/>\n\t<meta name=\"twitter:label2\" content=\"Dur\u00e9e de lecture estim\u00e9e\" \/>\n\t<meta name=\"twitter:data2\" content=\"2 minutes\" \/>\n<script type=\"application\/ld+json\" class=\"yoast-schema-graph\">{\"@context\":\"https:\\\/\\\/schema.org\",\"@graph\":[{\"@type\":\"NewsArticle\",\"@id\":\"https:\\\/\\\/www.webdo.tn\\\/fr\\\/actualite\\\/international\\\/croissance-rapide-de-la-population-arabophone-depassement-du-monde-hispanophone\\\/213385\\\/#article\",\"isPartOf\":{\"@id\":\"https:\\\/\\\/www.webdo.tn\\\/fr\\\/actualite\\\/international\\\/croissance-rapide-de-la-population-arabophone-depassement-du-monde-hispanophone\\\/213385\\\/\"},\"author\":{\"name\":\"Webdo\",\"@id\":\"https:\\\/\\\/www.webdo.tn\\\/fr\\\/#\\\/schema\\\/person\\\/1f4e491e0907b413d61089e8eb573acc\"},\"headline\":\"Croissance rapide de la population arabophone, d\u00e9passant le monde hispanophone\",\"datePublished\":\"2024-04-04T11:28:00+00:00\",\"dateModified\":\"2025-05-20T22:32:13+00:00\",\"mainEntityOfPage\":{\"@id\":\"https:\\\/\\\/www.webdo.tn\\\/fr\\\/actualite\\\/international\\\/croissance-rapide-de-la-population-arabophone-depassement-du-monde-hispanophone\\\/213385\\\/\"},\"wordCount\":515,\"commentCount\":0,\"publisher\":{\"@id\":\"https:\\\/\\\/www.webdo.tn\\\/fr\\\/#organization\"},\"image\":{\"@id\":\"https:\\\/\\\/www.webdo.tn\\\/fr\\\/actualite\\\/international\\\/croissance-rapide-de-la-population-arabophone-depassement-du-monde-hispanophone\\\/213385\\\/#primaryimage\"},\"thumbnailUrl\":\"https:\\\/\\\/www.webdo.tn\\\/fr\\\/wp-content\\\/uploads\\\/2024\\\/04\\\/3ecd7b8bedeaff6e69c6c213b5c761a3.jpg\",\"keywords\":[\"CERMF\",\"croissance d\u00e9mographique\",\"expansion\",\"monde arabophone\",\"monde hispanophone\",\"PRB\",\"r\u00e9partition des richesses\",\"taux de f\u00e9condit\u00e9\"],\"articleSection\":[\"International\"],\"inLanguage\":\"fr-FR\"},{\"@type\":\"WebPage\",\"@id\":\"https:\\\/\\\/www.webdo.tn\\\/fr\\\/actualite\\\/international\\\/croissance-rapide-de-la-population-arabophone-depassement-du-monde-hispanophone\\\/213385\\\/\",\"url\":\"https:\\\/\\\/www.webdo.tn\\\/fr\\\/actualite\\\/international\\\/croissance-rapide-de-la-population-arabophone-depassement-du-monde-hispanophone\\\/213385\\\/\",\"name\":\"Croissance rapide de la population arabophone, d\u00e9passant le monde hispanophone\",\"isPartOf\":{\"@id\":\"https:\\\/\\\/www.webdo.tn\\\/fr\\\/#website\"},\"primaryImageOfPage\":{\"@id\":\"https:\\\/\\\/www.webdo.tn\\\/fr\\\/actualite\\\/international\\\/croissance-rapide-de-la-population-arabophone-depassement-du-monde-hispanophone\\\/213385\\\/#primaryimage\"},\"image\":{\"@id\":\"https:\\\/\\\/www.webdo.tn\\\/fr\\\/actualite\\\/international\\\/croissance-rapide-de-la-population-arabophone-depassement-du-monde-hispanophone\\\/213385\\\/#primaryimage\"},\"thumbnailUrl\":\"https:\\\/\\\/www.webdo.tn\\\/fr\\\/wp-content\\\/uploads\\\/2024\\\/04\\\/3ecd7b8bedeaff6e69c6c213b5c761a3.jpg\",\"datePublished\":\"2024-04-04T11:28:00+00:00\",\"dateModified\":\"2025-05-20T22:32:13+00:00\",\"description\":\"D\u00e9couvrez comment le monde arabophone a d\u00e9pass\u00e9 le monde hispanophone en termes de population et conna\u00eet une croissance rapide. Les raisons de cette expansion d...\",\"breadcrumb\":{\"@id\":\"https:\\\/\\\/www.webdo.tn\\\/fr\\\/actualite\\\/international\\\/croissance-rapide-de-la-population-arabophone-depassement-du-monde-hispanophone\\\/213385\\\/#breadcrumb\"},\"inLanguage\":\"fr-FR\",\"potentialAction\":[{\"@type\":\"ReadAction\",\"target\":[\"https:\\\/\\\/www.webdo.tn\\\/fr\\\/actualite\\\/international\\\/croissance-rapide-de-la-population-arabophone-depassement-du-monde-hispanophone\\\/213385\\\/\"]}]},{\"@type\":\"ImageObject\",\"inLanguage\":\"fr-FR\",\"@id\":\"https:\\\/\\\/www.webdo.tn\\\/fr\\\/actualite\\\/international\\\/croissance-rapide-de-la-population-arabophone-depassement-du-monde-hispanophone\\\/213385\\\/#primaryimage\",\"url\":\"https:\\\/\\\/www.webdo.tn\\\/fr\\\/wp-content\\\/uploads\\\/2024\\\/04\\\/3ecd7b8bedeaff6e69c6c213b5c761a3.jpg\",\"contentUrl\":\"https:\\\/\\\/www.webdo.tn\\\/fr\\\/wp-content\\\/uploads\\\/2024\\\/04\\\/3ecd7b8bedeaff6e69c6c213b5c761a3.jpg\",\"width\":750,\"height\":400,\"caption\":\"Croissance rapide de la population arabophone, d\u00e9passant le monde hispanophone\"},{\"@type\":\"BreadcrumbList\",\"@id\":\"https:\\\/\\\/www.webdo.tn\\\/fr\\\/actualite\\\/international\\\/croissance-rapide-de-la-population-arabophone-depassement-du-monde-hispanophone\\\/213385\\\/#breadcrumb\",\"itemListElement\":[{\"@type\":\"ListItem\",\"position\":1,\"name\":\"Accueil\",\"item\":\"https:\\\/\\\/www.webdo.tn\\\/fr\\\/\"},{\"@type\":\"ListItem\",\"position\":2,\"name\":\"Croissance rapide de la population arabophone, d\u00e9passant le monde hispanophone\"}]},{\"@type\":\"WebSite\",\"@id\":\"https:\\\/\\\/www.webdo.tn\\\/fr\\\/#website\",\"url\":\"https:\\\/\\\/www.webdo.tn\\\/fr\\\/\",\"name\":\"webdo\",\"description\":\"Tunisie - News en Tunisie et \u00e0 l&#039;international sur Webdo.tn\",\"publisher\":{\"@id\":\"https:\\\/\\\/www.webdo.tn\\\/fr\\\/#organization\"},\"potentialAction\":[{\"@type\":\"SearchAction\",\"target\":{\"@type\":\"EntryPoint\",\"urlTemplate\":\"https:\\\/\\\/www.webdo.tn\\\/fr\\\/?s={search_term_string}\"},\"query-input\":{\"@type\":\"PropertyValueSpecification\",\"valueRequired\":true,\"valueName\":\"search_term_string\"}}],\"inLanguage\":\"fr-FR\"},{\"@type\":\"Organization\",\"@id\":\"https:\\\/\\\/www.webdo.tn\\\/fr\\\/#organization\",\"name\":\"Webdo\",\"alternateName\":\"Webdo.tn\",\"url\":\"https:\\\/\\\/www.webdo.tn\\\/fr\\\/\",\"logo\":{\"@type\":\"ImageObject\",\"inLanguage\":\"fr-FR\",\"@id\":\"https:\\\/\\\/www.webdo.tn\\\/fr\\\/#\\\/schema\\\/logo\\\/image\\\/\",\"url\":\"https:\\\/\\\/www.webdo.tn\\\/fr\\\/wp-content\\\/uploads\\\/2025\\\/06\\\/Webdo-Tunisie_168377.jpg\",\"contentUrl\":\"https:\\\/\\\/www.webdo.tn\\\/fr\\\/wp-content\\\/uploads\\\/2025\\\/06\\\/Webdo-Tunisie_168377.jpg\",\"width\":301,\"height\":301,\"caption\":\"Webdo\"},\"image\":{\"@id\":\"https:\\\/\\\/www.webdo.tn\\\/fr\\\/#\\\/schema\\\/logo\\\/image\\\/\"},\"sameAs\":[\"https:\\\/\\\/www.facebook.com\\\/webdotn\",\"https:\\\/\\\/x.com\\\/webdo_tn\"],\"description\":\"Webdo est un m\u00e9dia num\u00e9rique tunisien fond\u00e9 en 2010, sp\u00e9cialis\u00e9 dans l\u2019actualit\u00e9 nationale et internationale, l\u2019\u00e9conomie, la soci\u00e9t\u00e9 et les analyses politiques. Le site s\u2019adresse \u00e0 un large public francophone et couvre l\u2019information tunisienne en temps r\u00e9el.\",\"email\":\"redac@webdo.tn\",\"legalName\":\"YNJ SARL\",\"foundingDate\":\"2010-09-06\",\"numberOfEmployees\":{\"@type\":\"QuantitativeValue\",\"minValue\":\"11\",\"maxValue\":\"50\"}},{\"@type\":\"Person\",\"@id\":\"https:\\\/\\\/www.webdo.tn\\\/fr\\\/#\\\/schema\\\/person\\\/1f4e491e0907b413d61089e8eb573acc\",\"name\":\"Webdo\",\"image\":{\"@type\":\"ImageObject\",\"inLanguage\":\"fr-FR\",\"@id\":\"https:\\\/\\\/secure.gravatar.com\\\/avatar\\\/de97aeec1bb80978a9dbb127e47dfc88aaacb2f3c29aac907d8d3222e3495d49?s=96&d=mm&r=g\",\"url\":\"https:\\\/\\\/secure.gravatar.com\\\/avatar\\\/de97aeec1bb80978a9dbb127e47dfc88aaacb2f3c29aac907d8d3222e3495d49?s=96&d=mm&r=g\",\"contentUrl\":\"https:\\\/\\\/secure.gravatar.com\\\/avatar\\\/de97aeec1bb80978a9dbb127e47dfc88aaacb2f3c29aac907d8d3222e3495d49?s=96&d=mm&r=g\",\"caption\":\"Webdo\"},\"url\":\"https:\\\/\\\/www.webdo.tn\\\/fr\\\/actualite\\\/author\\\/webdo\\\/\"}]}<\/script>\n<!-- \/ Yoast SEO Premium plugin. -->","yoast_head_json":{"title":"Croissance rapide de la population arabophone, d\u00e9passant le monde hispanophone","description":"D\u00e9couvrez comment le monde arabophone a d\u00e9pass\u00e9 le monde hispanophone en termes de population et conna\u00eet une croissance rapide. Les raisons de cette expansion d...","canonical":"https:\/\/www.webdo.tn\/fr\/actualite\/international\/croissance-rapide-de-la-population-arabophone-depassement-du-monde-hispanophone\/213385\/","og_locale":"fr_FR","og_type":"article","og_title":"Croissance rapide de la population arabophone, d\u00e9passant le monde hispanophone","og_description":"D\u00e9couvrez comment le monde arabophone a d\u00e9pass\u00e9 le monde hispanophone en termes de population et conna\u00eet une croissance rapide. Les raisons de cette expansion d...","og_url":"https:\/\/www.webdo.tn\/fr\/actualite\/international\/croissance-rapide-de-la-population-arabophone-depassement-du-monde-hispanophone\/213385\/","og_site_name":"webdo","article_publisher":"https:\/\/www.facebook.com\/webdotn","article_published_time":"2024-04-04T11:28:00+00:00","article_modified_time":"2025-05-20T22:32:13+00:00","og_image":[{"width":750,"height":400,"url":"https:\/\/www.webdo.tn\/fr\/wp-content\/uploads\/2024\/04\/3ecd7b8bedeaff6e69c6c213b5c761a3.jpg","type":"image\/jpeg"}],"author":"Webdo","twitter_card":"summary_large_image","twitter_creator":"@webdo_tn","twitter_site":"@webdo_tn","twitter_misc":{"\u00c9crit par":"Webdo","Dur\u00e9e de lecture estim\u00e9e":"2 minutes"},"schema":{"@context":"https:\/\/schema.org","@graph":[{"@type":"NewsArticle","@id":"https:\/\/www.webdo.tn\/fr\/actualite\/international\/croissance-rapide-de-la-population-arabophone-depassement-du-monde-hispanophone\/213385\/#article","isPartOf":{"@id":"https:\/\/www.webdo.tn\/fr\/actualite\/international\/croissance-rapide-de-la-population-arabophone-depassement-du-monde-hispanophone\/213385\/"},"author":{"name":"Webdo","@id":"https:\/\/www.webdo.tn\/fr\/#\/schema\/person\/1f4e491e0907b413d61089e8eb573acc"},"headline":"Croissance rapide de la population arabophone, d\u00e9passant le monde hispanophone","datePublished":"2024-04-04T11:28:00+00:00","dateModified":"2025-05-20T22:32:13+00:00","mainEntityOfPage":{"@id":"https:\/\/www.webdo.tn\/fr\/actualite\/international\/croissance-rapide-de-la-population-arabophone-depassement-du-monde-hispanophone\/213385\/"},"wordCount":515,"commentCount":0,"publisher":{"@id":"https:\/\/www.webdo.tn\/fr\/#organization"},"image":{"@id":"https:\/\/www.webdo.tn\/fr\/actualite\/international\/croissance-rapide-de-la-population-arabophone-depassement-du-monde-hispanophone\/213385\/#primaryimage"},"thumbnailUrl":"https:\/\/www.webdo.tn\/fr\/wp-content\/uploads\/2024\/04\/3ecd7b8bedeaff6e69c6c213b5c761a3.jpg","keywords":["CERMF","croissance d\u00e9mographique","expansion","monde arabophone","monde hispanophone","PRB","r\u00e9partition des richesses","taux de f\u00e9condit\u00e9"],"articleSection":["International"],"inLanguage":"fr-FR"},{"@type":"WebPage","@id":"https:\/\/www.webdo.tn\/fr\/actualite\/international\/croissance-rapide-de-la-population-arabophone-depassement-du-monde-hispanophone\/213385\/","url":"https:\/\/www.webdo.tn\/fr\/actualite\/international\/croissance-rapide-de-la-population-arabophone-depassement-du-monde-hispanophone\/213385\/","name":"Croissance rapide de la population arabophone, d\u00e9passant le monde hispanophone","isPartOf":{"@id":"https:\/\/www.webdo.tn\/fr\/#website"},"primaryImageOfPage":{"@id":"https:\/\/www.webdo.tn\/fr\/actualite\/international\/croissance-rapide-de-la-population-arabophone-depassement-du-monde-hispanophone\/213385\/#primaryimage"},"image":{"@id":"https:\/\/www.webdo.tn\/fr\/actualite\/international\/croissance-rapide-de-la-population-arabophone-depassement-du-monde-hispanophone\/213385\/#primaryimage"},"thumbnailUrl":"https:\/\/www.webdo.tn\/fr\/wp-content\/uploads\/2024\/04\/3ecd7b8bedeaff6e69c6c213b5c761a3.jpg","datePublished":"2024-04-04T11:28:00+00:00","dateModified":"2025-05-20T22:32:13+00:00","description":"D\u00e9couvrez comment le monde arabophone a d\u00e9pass\u00e9 le monde hispanophone en termes de population et conna\u00eet une croissance rapide. Les raisons de cette expansion d...","breadcrumb":{"@id":"https:\/\/www.webdo.tn\/fr\/actualite\/international\/croissance-rapide-de-la-population-arabophone-depassement-du-monde-hispanophone\/213385\/#breadcrumb"},"inLanguage":"fr-FR","potentialAction":[{"@type":"ReadAction","target":["https:\/\/www.webdo.tn\/fr\/actualite\/international\/croissance-rapide-de-la-population-arabophone-depassement-du-monde-hispanophone\/213385\/"]}]},{"@type":"ImageObject","inLanguage":"fr-FR","@id":"https:\/\/www.webdo.tn\/fr\/actualite\/international\/croissance-rapide-de-la-population-arabophone-depassement-du-monde-hispanophone\/213385\/#primaryimage","url":"https:\/\/www.webdo.tn\/fr\/wp-content\/uploads\/2024\/04\/3ecd7b8bedeaff6e69c6c213b5c761a3.jpg","contentUrl":"https:\/\/www.webdo.tn\/fr\/wp-content\/uploads\/2024\/04\/3ecd7b8bedeaff6e69c6c213b5c761a3.jpg","width":750,"height":400,"caption":"Croissance rapide de la population arabophone, d\u00e9passant le monde hispanophone"},{"@type":"BreadcrumbList","@id":"https:\/\/www.webdo.tn\/fr\/actualite\/international\/croissance-rapide-de-la-population-arabophone-depassement-du-monde-hispanophone\/213385\/#breadcrumb","itemListElement":[{"@type":"ListItem","position":1,"name":"Accueil","item":"https:\/\/www.webdo.tn\/fr\/"},{"@type":"ListItem","position":2,"name":"Croissance rapide de la population arabophone, d\u00e9passant le monde hispanophone"}]},{"@type":"WebSite","@id":"https:\/\/www.webdo.tn\/fr\/#website","url":"https:\/\/www.webdo.tn\/fr\/","name":"webdo","description":"Tunisie - News en Tunisie et \u00e0 l&#039;international sur Webdo.tn","publisher":{"@id":"https:\/\/www.webdo.tn\/fr\/#organization"},"potentialAction":[{"@type":"SearchAction","target":{"@type":"EntryPoint","urlTemplate":"https:\/\/www.webdo.tn\/fr\/?s={search_term_string}"},"query-input":{"@type":"PropertyValueSpecification","valueRequired":true,"valueName":"search_term_string"}}],"inLanguage":"fr-FR"},{"@type":"Organization","@id":"https:\/\/www.webdo.tn\/fr\/#organization","name":"Webdo","alternateName":"Webdo.tn","url":"https:\/\/www.webdo.tn\/fr\/","logo":{"@type":"ImageObject","inLanguage":"fr-FR","@id":"https:\/\/www.webdo.tn\/fr\/#\/schema\/logo\/image\/","url":"https:\/\/www.webdo.tn\/fr\/wp-content\/uploads\/2025\/06\/Webdo-Tunisie_168377.jpg","contentUrl":"https:\/\/www.webdo.tn\/fr\/wp-content\/uploads\/2025\/06\/Webdo-Tunisie_168377.jpg","width":301,"height":301,"caption":"Webdo"},"image":{"@id":"https:\/\/www.webdo.tn\/fr\/#\/schema\/logo\/image\/"},"sameAs":["https:\/\/www.facebook.com\/webdotn","https:\/\/x.com\/webdo_tn"],"description":"Webdo est un m\u00e9dia num\u00e9rique tunisien fond\u00e9 en 2010, sp\u00e9cialis\u00e9 dans l\u2019actualit\u00e9 nationale et internationale, l\u2019\u00e9conomie, la soci\u00e9t\u00e9 et les analyses politiques. Le site s\u2019adresse \u00e0 un large public francophone et couvre l\u2019information tunisienne en temps r\u00e9el.","email":"redac@webdo.tn","legalName":"YNJ SARL","foundingDate":"2010-09-06","numberOfEmployees":{"@type":"QuantitativeValue","minValue":"11","maxValue":"50"}},{"@type":"Person","@id":"https:\/\/www.webdo.tn\/fr\/#\/schema\/person\/1f4e491e0907b413d61089e8eb573acc","name":"Webdo","image":{"@type":"ImageObject","inLanguage":"fr-FR","@id":"https:\/\/secure.gravatar.com\/avatar\/de97aeec1bb80978a9dbb127e47dfc88aaacb2f3c29aac907d8d3222e3495d49?s=96&d=mm&r=g","url":"https:\/\/secure.gravatar.com\/avatar\/de97aeec1bb80978a9dbb127e47dfc88aaacb2f3c29aac907d8d3222e3495d49?s=96&d=mm&r=g","contentUrl":"https:\/\/secure.gravatar.com\/avatar\/de97aeec1bb80978a9dbb127e47dfc88aaacb2f3c29aac907d8d3222e3495d49?s=96&d=mm&r=g","caption":"Webdo"},"url":"https:\/\/www.webdo.tn\/fr\/actualite\/author\/webdo\/"}]}},"_links":{"self":[{"href":"https:\/\/www.webdo.tn\/fr\/wp-json\/wp\/v2\/posts\/213385","targetHints":{"allow":["GET"]}}],"collection":[{"href":"https:\/\/www.webdo.tn\/fr\/wp-json\/wp\/v2\/posts"}],"about":[{"href":"https:\/\/www.webdo.tn\/fr\/wp-json\/wp\/v2\/types\/post"}],"author":[{"embeddable":true,"href":"https:\/\/www.webdo.tn\/fr\/wp-json\/wp\/v2\/users\/3169"}],"replies":[{"embeddable":true,"href":"https:\/\/www.webdo.tn\/fr\/wp-json\/wp\/v2\/comments?post=213385"}],"version-history":[{"count":0,"href":"https:\/\/www.webdo.tn\/fr\/wp-json\/wp\/v2\/posts\/213385\/revisions"}],"wp:featuredmedia":[{"embeddable":true,"href":"https:\/\/www.webdo.tn\/fr\/wp-json\/wp\/v2\/media\/247660"}],"wp:attachment":[{"href":"https:\/\/www.webdo.tn\/fr\/wp-json\/wp\/v2\/media?parent=213385"}],"wp:term":[{"taxonomy":"category","embeddable":true,"href":"https:\/\/www.webdo.tn\/fr\/wp-json\/wp\/v2\/categories?post=213385"},{"taxonomy":"post_tag","embeddable":true,"href":"https:\/\/www.webdo.tn\/fr\/wp-json\/wp\/v2\/tags?post=213385"}],"curies":[{"name":"wp","href":"https:\/\/api.w.org\/{rel}","templated":true}]}}