{"id":213373,"date":"2024-04-03T22:40:00","date_gmt":"2024-04-03T22:40:00","guid":{"rendered":"https:\/\/www.webdo.tn\/fr\/blog\/deux-employes-de-tunisair-en-detention-pour-falsification-de-certificats\/213373\/"},"modified":"2025-05-20T22:32:12","modified_gmt":"2025-05-20T22:32:12","slug":"deux-employes-de-tunisair-en-detention-pour-falsification-de-certificats","status":"publish","type":"post","link":"https:\/\/www.webdo.tn\/fr\/actualite\/national\/deux-employes-de-tunisair-en-detention-pour-falsification-de-certificats\/213373\/","title":{"rendered":"Deux employ\u00e9s de Tunisair en d\u00e9tention pour falsification de certificats"},"content":{"rendered":"<p>La justice \u00e9conomique et financi\u00e8re a ordonn\u00e9 la d\u00e9tention de deux employ\u00e9s de Tunisair pour falsification de certificats, dans le cadre d&rsquo;une enqu\u00eate plus large sur la corruption pr\u00e9sum\u00e9e au sein de la compagnie a\u00e9rienne.<\/p>\n<p>\t\t\t\t\t\t\t\t\tLa justice \u00e9conomique et financi\u00e8re a ordonn\u00e9 la d\u00e9tention de deux employ\u00e9s de Tunisair \u00e0 l&rsquo;a\u00e9roport de Monastir pour avoir falsifi\u00e9 des certificats scolaires.<\/p>\n<p>Mohamed Zeitouna, porte-parole du Parquet aupr\u00e8s du Tribunal de Premi\u00e8re Instance de Tunis, a d\u00e9clar\u00e9 \u00e0 l&rsquo;Agence Tunisienne de Presse que cette d\u00e9cision fait suite \u00e0 une autorisation accord\u00e9e par le Parquet pour que la Troisi\u00e8me Unit\u00e9 Centrale de Recherche sur les Crimes Financiers de la Garde Nationale \u00e0 l&rsquo;Aouina m\u00e8ne des investigations approfondies.<\/p>\n<p>Ces enqu\u00eates visent \u00e0 d\u00e9masquer les responsables de ces actes de falsification dans le cadre d&rsquo;une enqu\u00eate plus large sur des soup\u00e7ons de corruption concernant certaines nominations et promotions au sein de la compagnie a\u00e9rienne.<\/p>\n<p>Les enqu\u00eateurs ont d\u00e9couvert que le premier employ\u00e9 avait pr\u00e9sent\u00e9 deux faux certificats scolaires provenant d&rsquo;\u00e9coles priv\u00e9es \u00e0 Kasserine et Sousse. Les autorit\u00e9s \u00e9ducatives locales ont confirm\u00e9 qu&rsquo;il n&rsquo;avait jamais enseign\u00e9 dans une \u00e9cole priv\u00e9e, que ce soit \u00e0 Kasserine ou \u00e0 Sousse.<\/p>\n<p>Quant au deuxi\u00e8me employ\u00e9, travaillant \u00e0 l&rsquo;a\u00e9roport de Monastir, il aurait fourni un dipl\u00f4me de baccalaur\u00e9at suspect\u00e9 d&rsquo;\u00eatre falsifi\u00e9, \u00e9tant donn\u00e9 que son recrutement correspond \u00e0 l&rsquo;ann\u00e9e de l&rsquo;obtention du dipl\u00f4me.<\/p>\n<p>L&rsquo;enqu\u00eate se poursuivra pour identifier d&rsquo;autres complices de ces actes frauduleux, selon Mohamed Zeitouna. Cette d\u00e9cision intervient apr\u00e8s une visite surprise du pr\u00e9sident Ka\u00efs Sa\u00efed \u00e0 l&rsquo;a\u00e9roport de Tunis-Carthage, au cours de laquelle il a appel\u00e9 \u00e0 un nettoyage de Tunisair de tout recrutement ne respectant pas les crit\u00e8res l\u00e9gaux, r\u00e9v\u00e9lant qu&rsquo;environ 137 dipl\u00f4mes falsifi\u00e9s ont \u00e9t\u00e9 utilis\u00e9s pour int\u00e9grer la soci\u00e9t\u00e9.<\/p>\n","protected":false},"excerpt":{"rendered":"<p>Deux employ\u00e9s de Tunisair sont plac\u00e9s en d\u00e9tention pour falsification de certificats. Une enqu\u00eate en cours r\u00e9v\u00e8le des soup\u00e7ons de corruption au sein de la compa&#8230;<\/p>\n","protected":false},"author":3169,"featured_media":247650,"comment_status":"open","ping_status":"closed","sticky":false,"template":"","format":"standard","meta":{"footnotes":""},"categories":[44],"tags":[3286,4002,2614,3451],"class_list":["post-213373","post","type-post","status-publish","format-standard","has-post-thumbnail","hentry","category-national","tag-detention","tag-falsification","tag-kais-saied","tag-tunisair"],"yoast_head":"<!-- This site is optimized with the Yoast SEO Premium plugin v27.4 (Yoast SEO v27.5) - https:\/\/yoast.com\/product\/yoast-seo-premium-wordpress\/ -->\n<title>Deux employ\u00e9s de Tunisair en d\u00e9tention pour falsification de certificats<\/title>\n<meta name=\"description\" content=\"Deux employ\u00e9s de Tunisair sont plac\u00e9s en d\u00e9tention pour falsification de certificats. Une enqu\u00eate en cours r\u00e9v\u00e8le des soup\u00e7ons de corruption au sein de la compa...\" \/>\n<link rel=\"canonical\" href=\"https:\/\/www.webdo.tn\/fr\/actualite\/national\/deux-employes-de-tunisair-en-detention-pour-falsification-de-certificats\/213373\/\" \/>\n<meta property=\"og:locale\" content=\"fr_FR\" \/>\n<meta property=\"og:type\" content=\"article\" \/>\n<meta property=\"og:title\" content=\"Deux employ\u00e9s de Tunisair en d\u00e9tention pour falsification de certificats\" \/>\n<meta property=\"og:description\" content=\"Deux employ\u00e9s de Tunisair sont plac\u00e9s en d\u00e9tention pour falsification de certificats. Une enqu\u00eate en cours r\u00e9v\u00e8le des soup\u00e7ons de corruption au sein de la compa...\" \/>\n<meta property=\"og:url\" content=\"https:\/\/www.webdo.tn\/fr\/actualite\/national\/deux-employes-de-tunisair-en-detention-pour-falsification-de-certificats\/213373\/\" \/>\n<meta property=\"og:site_name\" content=\"webdo\" \/>\n<meta property=\"article:publisher\" content=\"https:\/\/www.facebook.com\/webdotn\" \/>\n<meta property=\"article:published_time\" content=\"2024-04-03T22:40:00+00:00\" \/>\n<meta property=\"article:modified_time\" content=\"2025-05-20T22:32:12+00:00\" \/>\n<meta property=\"og:image\" content=\"https:\/\/www.webdo.tn\/fr\/wp-content\/uploads\/2024\/04\/8897b69e00400f0a47d32be84bd508e0.jpg\" \/>\n\t<meta property=\"og:image:width\" content=\"750\" \/>\n\t<meta property=\"og:image:height\" content=\"400\" \/>\n\t<meta property=\"og:image:type\" content=\"image\/jpeg\" \/>\n<meta name=\"author\" content=\"Webdo\" \/>\n<meta name=\"twitter:card\" content=\"summary_large_image\" \/>\n<meta name=\"twitter:creator\" content=\"@webdo_tn\" \/>\n<meta name=\"twitter:site\" content=\"@webdo_tn\" \/>\n<meta name=\"twitter:label1\" content=\"\u00c9crit par\" \/>\n\t<meta name=\"twitter:data1\" content=\"Webdo\" \/>\n\t<meta name=\"twitter:label2\" content=\"Dur\u00e9e de lecture estim\u00e9e\" \/>\n\t<meta name=\"twitter:data2\" content=\"2 minutes\" \/>\n<script type=\"application\/ld+json\" class=\"yoast-schema-graph\">{\"@context\":\"https:\\\/\\\/schema.org\",\"@graph\":[{\"@type\":\"NewsArticle\",\"@id\":\"https:\\\/\\\/www.webdo.tn\\\/fr\\\/actualite\\\/national\\\/deux-employes-de-tunisair-en-detention-pour-falsification-de-certificats\\\/213373\\\/#article\",\"isPartOf\":{\"@id\":\"https:\\\/\\\/www.webdo.tn\\\/fr\\\/actualite\\\/national\\\/deux-employes-de-tunisair-en-detention-pour-falsification-de-certificats\\\/213373\\\/\"},\"author\":{\"name\":\"Webdo\",\"@id\":\"https:\\\/\\\/www.webdo.tn\\\/fr\\\/#\\\/schema\\\/person\\\/1f4e491e0907b413d61089e8eb573acc\"},\"headline\":\"Deux employ\u00e9s de Tunisair en d\u00e9tention pour falsification de certificats\",\"datePublished\":\"2024-04-03T22:40:00+00:00\",\"dateModified\":\"2025-05-20T22:32:12+00:00\",\"mainEntityOfPage\":{\"@id\":\"https:\\\/\\\/www.webdo.tn\\\/fr\\\/actualite\\\/national\\\/deux-employes-de-tunisair-en-detention-pour-falsification-de-certificats\\\/213373\\\/\"},\"wordCount\":350,\"commentCount\":0,\"publisher\":{\"@id\":\"https:\\\/\\\/www.webdo.tn\\\/fr\\\/#organization\"},\"image\":{\"@id\":\"https:\\\/\\\/www.webdo.tn\\\/fr\\\/actualite\\\/national\\\/deux-employes-de-tunisair-en-detention-pour-falsification-de-certificats\\\/213373\\\/#primaryimage\"},\"thumbnailUrl\":\"https:\\\/\\\/www.webdo.tn\\\/fr\\\/wp-content\\\/uploads\\\/2024\\\/04\\\/8897b69e00400f0a47d32be84bd508e0.jpg\",\"keywords\":[\"d\u00e9tention\",\"falsification\",\"Kais Saied\",\"Tunisair\"],\"articleSection\":[\"National\"],\"inLanguage\":\"fr-FR\"},{\"@type\":\"WebPage\",\"@id\":\"https:\\\/\\\/www.webdo.tn\\\/fr\\\/actualite\\\/national\\\/deux-employes-de-tunisair-en-detention-pour-falsification-de-certificats\\\/213373\\\/\",\"url\":\"https:\\\/\\\/www.webdo.tn\\\/fr\\\/actualite\\\/national\\\/deux-employes-de-tunisair-en-detention-pour-falsification-de-certificats\\\/213373\\\/\",\"name\":\"Deux employ\u00e9s de Tunisair en d\u00e9tention pour falsification de certificats\",\"isPartOf\":{\"@id\":\"https:\\\/\\\/www.webdo.tn\\\/fr\\\/#website\"},\"primaryImageOfPage\":{\"@id\":\"https:\\\/\\\/www.webdo.tn\\\/fr\\\/actualite\\\/national\\\/deux-employes-de-tunisair-en-detention-pour-falsification-de-certificats\\\/213373\\\/#primaryimage\"},\"image\":{\"@id\":\"https:\\\/\\\/www.webdo.tn\\\/fr\\\/actualite\\\/national\\\/deux-employes-de-tunisair-en-detention-pour-falsification-de-certificats\\\/213373\\\/#primaryimage\"},\"thumbnailUrl\":\"https:\\\/\\\/www.webdo.tn\\\/fr\\\/wp-content\\\/uploads\\\/2024\\\/04\\\/8897b69e00400f0a47d32be84bd508e0.jpg\",\"datePublished\":\"2024-04-03T22:40:00+00:00\",\"dateModified\":\"2025-05-20T22:32:12+00:00\",\"description\":\"Deux employ\u00e9s de Tunisair sont plac\u00e9s en d\u00e9tention pour falsification de certificats. Une enqu\u00eate en cours r\u00e9v\u00e8le des soup\u00e7ons de corruption au sein de la compa...\",\"breadcrumb\":{\"@id\":\"https:\\\/\\\/www.webdo.tn\\\/fr\\\/actualite\\\/national\\\/deux-employes-de-tunisair-en-detention-pour-falsification-de-certificats\\\/213373\\\/#breadcrumb\"},\"inLanguage\":\"fr-FR\",\"potentialAction\":[{\"@type\":\"ReadAction\",\"target\":[\"https:\\\/\\\/www.webdo.tn\\\/fr\\\/actualite\\\/national\\\/deux-employes-de-tunisair-en-detention-pour-falsification-de-certificats\\\/213373\\\/\"]}]},{\"@type\":\"ImageObject\",\"inLanguage\":\"fr-FR\",\"@id\":\"https:\\\/\\\/www.webdo.tn\\\/fr\\\/actualite\\\/national\\\/deux-employes-de-tunisair-en-detention-pour-falsification-de-certificats\\\/213373\\\/#primaryimage\",\"url\":\"https:\\\/\\\/www.webdo.tn\\\/fr\\\/wp-content\\\/uploads\\\/2024\\\/04\\\/8897b69e00400f0a47d32be84bd508e0.jpg\",\"contentUrl\":\"https:\\\/\\\/www.webdo.tn\\\/fr\\\/wp-content\\\/uploads\\\/2024\\\/04\\\/8897b69e00400f0a47d32be84bd508e0.jpg\",\"width\":750,\"height\":400,\"caption\":\"Deux employ\u00e9s de Tunisair en d\u00e9tention pour falsification de certificats\"},{\"@type\":\"BreadcrumbList\",\"@id\":\"https:\\\/\\\/www.webdo.tn\\\/fr\\\/actualite\\\/national\\\/deux-employes-de-tunisair-en-detention-pour-falsification-de-certificats\\\/213373\\\/#breadcrumb\",\"itemListElement\":[{\"@type\":\"ListItem\",\"position\":1,\"name\":\"Accueil\",\"item\":\"https:\\\/\\\/www.webdo.tn\\\/fr\\\/\"},{\"@type\":\"ListItem\",\"position\":2,\"name\":\"Deux employ\u00e9s de Tunisair en d\u00e9tention pour falsification de certificats\"}]},{\"@type\":\"WebSite\",\"@id\":\"https:\\\/\\\/www.webdo.tn\\\/fr\\\/#website\",\"url\":\"https:\\\/\\\/www.webdo.tn\\\/fr\\\/\",\"name\":\"webdo\",\"description\":\"Tunisie - News en Tunisie et \u00e0 l&#039;international sur Webdo.tn\",\"publisher\":{\"@id\":\"https:\\\/\\\/www.webdo.tn\\\/fr\\\/#organization\"},\"potentialAction\":[{\"@type\":\"SearchAction\",\"target\":{\"@type\":\"EntryPoint\",\"urlTemplate\":\"https:\\\/\\\/www.webdo.tn\\\/fr\\\/?s={search_term_string}\"},\"query-input\":{\"@type\":\"PropertyValueSpecification\",\"valueRequired\":true,\"valueName\":\"search_term_string\"}}],\"inLanguage\":\"fr-FR\"},{\"@type\":\"Organization\",\"@id\":\"https:\\\/\\\/www.webdo.tn\\\/fr\\\/#organization\",\"name\":\"Webdo\",\"alternateName\":\"Webdo.tn\",\"url\":\"https:\\\/\\\/www.webdo.tn\\\/fr\\\/\",\"logo\":{\"@type\":\"ImageObject\",\"inLanguage\":\"fr-FR\",\"@id\":\"https:\\\/\\\/www.webdo.tn\\\/fr\\\/#\\\/schema\\\/logo\\\/image\\\/\",\"url\":\"https:\\\/\\\/www.webdo.tn\\\/fr\\\/wp-content\\\/uploads\\\/2025\\\/06\\\/Webdo-Tunisie_168377.jpg\",\"contentUrl\":\"https:\\\/\\\/www.webdo.tn\\\/fr\\\/wp-content\\\/uploads\\\/2025\\\/06\\\/Webdo-Tunisie_168377.jpg\",\"width\":301,\"height\":301,\"caption\":\"Webdo\"},\"image\":{\"@id\":\"https:\\\/\\\/www.webdo.tn\\\/fr\\\/#\\\/schema\\\/logo\\\/image\\\/\"},\"sameAs\":[\"https:\\\/\\\/www.facebook.com\\\/webdotn\",\"https:\\\/\\\/x.com\\\/webdo_tn\"],\"description\":\"Webdo est un m\u00e9dia num\u00e9rique tunisien fond\u00e9 en 2010, sp\u00e9cialis\u00e9 dans l\u2019actualit\u00e9 nationale et internationale, l\u2019\u00e9conomie, la soci\u00e9t\u00e9 et les analyses politiques. Le site s\u2019adresse \u00e0 un large public francophone et couvre l\u2019information tunisienne en temps r\u00e9el.\",\"email\":\"redac@webdo.tn\",\"legalName\":\"YNJ SARL\",\"foundingDate\":\"2010-09-06\",\"numberOfEmployees\":{\"@type\":\"QuantitativeValue\",\"minValue\":\"11\",\"maxValue\":\"50\"}},{\"@type\":\"Person\",\"@id\":\"https:\\\/\\\/www.webdo.tn\\\/fr\\\/#\\\/schema\\\/person\\\/1f4e491e0907b413d61089e8eb573acc\",\"name\":\"Webdo\",\"image\":{\"@type\":\"ImageObject\",\"inLanguage\":\"fr-FR\",\"@id\":\"https:\\\/\\\/secure.gravatar.com\\\/avatar\\\/de97aeec1bb80978a9dbb127e47dfc88aaacb2f3c29aac907d8d3222e3495d49?s=96&d=mm&r=g\",\"url\":\"https:\\\/\\\/secure.gravatar.com\\\/avatar\\\/de97aeec1bb80978a9dbb127e47dfc88aaacb2f3c29aac907d8d3222e3495d49?s=96&d=mm&r=g\",\"contentUrl\":\"https:\\\/\\\/secure.gravatar.com\\\/avatar\\\/de97aeec1bb80978a9dbb127e47dfc88aaacb2f3c29aac907d8d3222e3495d49?s=96&d=mm&r=g\",\"caption\":\"Webdo\"},\"url\":\"https:\\\/\\\/www.webdo.tn\\\/fr\\\/actualite\\\/author\\\/webdo\\\/\"}]}<\/script>\n<!-- \/ Yoast SEO Premium plugin. -->","yoast_head_json":{"title":"Deux employ\u00e9s de Tunisair en d\u00e9tention pour falsification de certificats","description":"Deux employ\u00e9s de Tunisair sont plac\u00e9s en d\u00e9tention pour falsification de certificats. Une enqu\u00eate en cours r\u00e9v\u00e8le des soup\u00e7ons de corruption au sein de la compa...","canonical":"https:\/\/www.webdo.tn\/fr\/actualite\/national\/deux-employes-de-tunisair-en-detention-pour-falsification-de-certificats\/213373\/","og_locale":"fr_FR","og_type":"article","og_title":"Deux employ\u00e9s de Tunisair en d\u00e9tention pour falsification de certificats","og_description":"Deux employ\u00e9s de Tunisair sont plac\u00e9s en d\u00e9tention pour falsification de certificats. Une enqu\u00eate en cours r\u00e9v\u00e8le des soup\u00e7ons de corruption au sein de la compa...","og_url":"https:\/\/www.webdo.tn\/fr\/actualite\/national\/deux-employes-de-tunisair-en-detention-pour-falsification-de-certificats\/213373\/","og_site_name":"webdo","article_publisher":"https:\/\/www.facebook.com\/webdotn","article_published_time":"2024-04-03T22:40:00+00:00","article_modified_time":"2025-05-20T22:32:12+00:00","og_image":[{"width":750,"height":400,"url":"https:\/\/www.webdo.tn\/fr\/wp-content\/uploads\/2024\/04\/8897b69e00400f0a47d32be84bd508e0.jpg","type":"image\/jpeg"}],"author":"Webdo","twitter_card":"summary_large_image","twitter_creator":"@webdo_tn","twitter_site":"@webdo_tn","twitter_misc":{"\u00c9crit par":"Webdo","Dur\u00e9e de lecture estim\u00e9e":"2 minutes"},"schema":{"@context":"https:\/\/schema.org","@graph":[{"@type":"NewsArticle","@id":"https:\/\/www.webdo.tn\/fr\/actualite\/national\/deux-employes-de-tunisair-en-detention-pour-falsification-de-certificats\/213373\/#article","isPartOf":{"@id":"https:\/\/www.webdo.tn\/fr\/actualite\/national\/deux-employes-de-tunisair-en-detention-pour-falsification-de-certificats\/213373\/"},"author":{"name":"Webdo","@id":"https:\/\/www.webdo.tn\/fr\/#\/schema\/person\/1f4e491e0907b413d61089e8eb573acc"},"headline":"Deux employ\u00e9s de Tunisair en d\u00e9tention pour falsification de certificats","datePublished":"2024-04-03T22:40:00+00:00","dateModified":"2025-05-20T22:32:12+00:00","mainEntityOfPage":{"@id":"https:\/\/www.webdo.tn\/fr\/actualite\/national\/deux-employes-de-tunisair-en-detention-pour-falsification-de-certificats\/213373\/"},"wordCount":350,"commentCount":0,"publisher":{"@id":"https:\/\/www.webdo.tn\/fr\/#organization"},"image":{"@id":"https:\/\/www.webdo.tn\/fr\/actualite\/national\/deux-employes-de-tunisair-en-detention-pour-falsification-de-certificats\/213373\/#primaryimage"},"thumbnailUrl":"https:\/\/www.webdo.tn\/fr\/wp-content\/uploads\/2024\/04\/8897b69e00400f0a47d32be84bd508e0.jpg","keywords":["d\u00e9tention","falsification","Kais Saied","Tunisair"],"articleSection":["National"],"inLanguage":"fr-FR"},{"@type":"WebPage","@id":"https:\/\/www.webdo.tn\/fr\/actualite\/national\/deux-employes-de-tunisair-en-detention-pour-falsification-de-certificats\/213373\/","url":"https:\/\/www.webdo.tn\/fr\/actualite\/national\/deux-employes-de-tunisair-en-detention-pour-falsification-de-certificats\/213373\/","name":"Deux employ\u00e9s de Tunisair en d\u00e9tention pour falsification de certificats","isPartOf":{"@id":"https:\/\/www.webdo.tn\/fr\/#website"},"primaryImageOfPage":{"@id":"https:\/\/www.webdo.tn\/fr\/actualite\/national\/deux-employes-de-tunisair-en-detention-pour-falsification-de-certificats\/213373\/#primaryimage"},"image":{"@id":"https:\/\/www.webdo.tn\/fr\/actualite\/national\/deux-employes-de-tunisair-en-detention-pour-falsification-de-certificats\/213373\/#primaryimage"},"thumbnailUrl":"https:\/\/www.webdo.tn\/fr\/wp-content\/uploads\/2024\/04\/8897b69e00400f0a47d32be84bd508e0.jpg","datePublished":"2024-04-03T22:40:00+00:00","dateModified":"2025-05-20T22:32:12+00:00","description":"Deux employ\u00e9s de Tunisair sont plac\u00e9s en d\u00e9tention pour falsification de certificats. Une enqu\u00eate en cours r\u00e9v\u00e8le des soup\u00e7ons de corruption au sein de la compa...","breadcrumb":{"@id":"https:\/\/www.webdo.tn\/fr\/actualite\/national\/deux-employes-de-tunisair-en-detention-pour-falsification-de-certificats\/213373\/#breadcrumb"},"inLanguage":"fr-FR","potentialAction":[{"@type":"ReadAction","target":["https:\/\/www.webdo.tn\/fr\/actualite\/national\/deux-employes-de-tunisair-en-detention-pour-falsification-de-certificats\/213373\/"]}]},{"@type":"ImageObject","inLanguage":"fr-FR","@id":"https:\/\/www.webdo.tn\/fr\/actualite\/national\/deux-employes-de-tunisair-en-detention-pour-falsification-de-certificats\/213373\/#primaryimage","url":"https:\/\/www.webdo.tn\/fr\/wp-content\/uploads\/2024\/04\/8897b69e00400f0a47d32be84bd508e0.jpg","contentUrl":"https:\/\/www.webdo.tn\/fr\/wp-content\/uploads\/2024\/04\/8897b69e00400f0a47d32be84bd508e0.jpg","width":750,"height":400,"caption":"Deux employ\u00e9s de Tunisair en d\u00e9tention pour falsification de certificats"},{"@type":"BreadcrumbList","@id":"https:\/\/www.webdo.tn\/fr\/actualite\/national\/deux-employes-de-tunisair-en-detention-pour-falsification-de-certificats\/213373\/#breadcrumb","itemListElement":[{"@type":"ListItem","position":1,"name":"Accueil","item":"https:\/\/www.webdo.tn\/fr\/"},{"@type":"ListItem","position":2,"name":"Deux employ\u00e9s de Tunisair en d\u00e9tention pour falsification de certificats"}]},{"@type":"WebSite","@id":"https:\/\/www.webdo.tn\/fr\/#website","url":"https:\/\/www.webdo.tn\/fr\/","name":"webdo","description":"Tunisie - News en Tunisie et \u00e0 l&#039;international sur Webdo.tn","publisher":{"@id":"https:\/\/www.webdo.tn\/fr\/#organization"},"potentialAction":[{"@type":"SearchAction","target":{"@type":"EntryPoint","urlTemplate":"https:\/\/www.webdo.tn\/fr\/?s={search_term_string}"},"query-input":{"@type":"PropertyValueSpecification","valueRequired":true,"valueName":"search_term_string"}}],"inLanguage":"fr-FR"},{"@type":"Organization","@id":"https:\/\/www.webdo.tn\/fr\/#organization","name":"Webdo","alternateName":"Webdo.tn","url":"https:\/\/www.webdo.tn\/fr\/","logo":{"@type":"ImageObject","inLanguage":"fr-FR","@id":"https:\/\/www.webdo.tn\/fr\/#\/schema\/logo\/image\/","url":"https:\/\/www.webdo.tn\/fr\/wp-content\/uploads\/2025\/06\/Webdo-Tunisie_168377.jpg","contentUrl":"https:\/\/www.webdo.tn\/fr\/wp-content\/uploads\/2025\/06\/Webdo-Tunisie_168377.jpg","width":301,"height":301,"caption":"Webdo"},"image":{"@id":"https:\/\/www.webdo.tn\/fr\/#\/schema\/logo\/image\/"},"sameAs":["https:\/\/www.facebook.com\/webdotn","https:\/\/x.com\/webdo_tn"],"description":"Webdo est un m\u00e9dia num\u00e9rique tunisien fond\u00e9 en 2010, sp\u00e9cialis\u00e9 dans l\u2019actualit\u00e9 nationale et internationale, l\u2019\u00e9conomie, la soci\u00e9t\u00e9 et les analyses politiques. Le site s\u2019adresse \u00e0 un large public francophone et couvre l\u2019information tunisienne en temps r\u00e9el.","email":"redac@webdo.tn","legalName":"YNJ SARL","foundingDate":"2010-09-06","numberOfEmployees":{"@type":"QuantitativeValue","minValue":"11","maxValue":"50"}},{"@type":"Person","@id":"https:\/\/www.webdo.tn\/fr\/#\/schema\/person\/1f4e491e0907b413d61089e8eb573acc","name":"Webdo","image":{"@type":"ImageObject","inLanguage":"fr-FR","@id":"https:\/\/secure.gravatar.com\/avatar\/de97aeec1bb80978a9dbb127e47dfc88aaacb2f3c29aac907d8d3222e3495d49?s=96&d=mm&r=g","url":"https:\/\/secure.gravatar.com\/avatar\/de97aeec1bb80978a9dbb127e47dfc88aaacb2f3c29aac907d8d3222e3495d49?s=96&d=mm&r=g","contentUrl":"https:\/\/secure.gravatar.com\/avatar\/de97aeec1bb80978a9dbb127e47dfc88aaacb2f3c29aac907d8d3222e3495d49?s=96&d=mm&r=g","caption":"Webdo"},"url":"https:\/\/www.webdo.tn\/fr\/actualite\/author\/webdo\/"}]}},"_links":{"self":[{"href":"https:\/\/www.webdo.tn\/fr\/wp-json\/wp\/v2\/posts\/213373","targetHints":{"allow":["GET"]}}],"collection":[{"href":"https:\/\/www.webdo.tn\/fr\/wp-json\/wp\/v2\/posts"}],"about":[{"href":"https:\/\/www.webdo.tn\/fr\/wp-json\/wp\/v2\/types\/post"}],"author":[{"embeddable":true,"href":"https:\/\/www.webdo.tn\/fr\/wp-json\/wp\/v2\/users\/3169"}],"replies":[{"embeddable":true,"href":"https:\/\/www.webdo.tn\/fr\/wp-json\/wp\/v2\/comments?post=213373"}],"version-history":[{"count":0,"href":"https:\/\/www.webdo.tn\/fr\/wp-json\/wp\/v2\/posts\/213373\/revisions"}],"wp:featuredmedia":[{"embeddable":true,"href":"https:\/\/www.webdo.tn\/fr\/wp-json\/wp\/v2\/media\/247650"}],"wp:attachment":[{"href":"https:\/\/www.webdo.tn\/fr\/wp-json\/wp\/v2\/media?parent=213373"}],"wp:term":[{"taxonomy":"category","embeddable":true,"href":"https:\/\/www.webdo.tn\/fr\/wp-json\/wp\/v2\/categories?post=213373"},{"taxonomy":"post_tag","embeddable":true,"href":"https:\/\/www.webdo.tn\/fr\/wp-json\/wp\/v2\/tags?post=213373"}],"curies":[{"name":"wp","href":"https:\/\/api.w.org\/{rel}","templated":true}]}}