{"id":213367,"date":"2024-04-03T17:30:00","date_gmt":"2024-04-03T17:30:00","guid":{"rendered":"https:\/\/www.webdo.tn\/fr\/blog\/cannes-2024-quentin-dupieux-ouvre-le-77e-festival-avec-le-deuxieme-acte\/213367\/"},"modified":"2025-05-21T08:56:05","modified_gmt":"2025-05-21T08:56:05","slug":"cannes-2024-quentin-dupieux-ouvre-le-77e-festival-avec-le-deuxieme-acte","status":"publish","type":"post","link":"https:\/\/www.webdo.tn\/fr\/actualite\/culture\/cannes-2024-quentin-dupieux-ouvre-le-77e-festival-avec-le-deuxieme-acte\/213367\/","title":{"rendered":"Cannes 2024 &#8211; Quentin Dupieux ouvre le 77e Festival avec \u00ab\u00a0Le Deuxi\u00e8me Acte\u00a0\u00bb"},"content":{"rendered":"<div class=\"single-body entry-content typography-copy\" itemprop=\"articleBody\">\n<p style=\"font-weight: bold; text-align: justify\">\n\t\t\t\t\t\t\t\t\tCannes 2024 &#8211; Quentin Dupieux ouvre le 77e Festival avec \u00ab\u00a0Le Deuxi\u00e8me Acte\u00a0\u00bb\n\t\t\t\t\t\t\t\t<\/p>\n<div class=\"coprs\" style=\"text-align: center\"><\/div>\n<div class=\"coprs\" style=\"text-align: justify\">\n<p><span><span>Le 77e Festival de Cannes, <a href=\"https:\/\/www.webdo.tn\/fr\/actualite\/culture\/le-festival-de-cannes-devoile-les-dates-de-sa-77e-edition-en-2024\/206399\">qui se d\u00e9roulera du 14 au 25 mai 2024<\/a>, promet d&rsquo;ouvrir ses portes avec une touche d&rsquo;audace et de folie, et qui mieux que Quentin Dupieux, le ma\u00eetre de l&rsquo;absurde, pourrait l&rsquo;incarner ? Son nouveau film, sobrement intitul\u00e9 <em>Le Deuxi\u00e8me Acte<\/em>, a \u00e9t\u00e9 choisi pour l&rsquo;ouverture de cette \u00e9dition embl\u00e9matique, et les attentes sont \u00e0 la hauteur du g\u00e9nie iconoclaste de ce r\u00e9alisateur hors norme.<\/span><\/span><\/p>\n<p><span><span><em>Le Deuxi\u00e8me Acte<\/em> marque le retour tant attendu de Quentin Dupieux sur la Croisette, o\u00f9 il avait d\u00e9j\u00e0 fait sensation par le pass\u00e9. Pr\u00e9sent\u00e9 Hors Comp\u00e9tition en avant-premi\u00e8re mondiale le mardi 14 mai, ce film promet une soir\u00e9e d&rsquo;ouverture haute en couleur, \u00e0 l&rsquo;image du r\u00e9alisateur lui-m\u00eame.<\/span><\/span><\/p>\n<p><span><span>Quentin Dupieux, artiste prot\u00e9iforme, nous a habitu\u00e9s \u00e0 des \u0153uvres d\u00e9concertantes, tant par leur originalit\u00e9 que par leur d\u00e9construction des codes cin\u00e9matographiques traditionnels. Avec 13 longs m\u00e9trages \u00e0 son actif en seulement 17 ans, il s&rsquo;impose comme l&rsquo;une des figures les plus singuli\u00e8res du cin\u00e9ma contemporain. Son approche non conventionnelle et son exploration incessante de l&rsquo;absurde en font un cin\u00e9aste \u00e0 part, pr\u00eat \u00e0 bousculer les normes \u00e9tablies pour mieux les transcender.<\/span><\/span><\/p>\n<p><span><span>Ce nouveau film s&rsquo;inscrit dans la lign\u00e9e des pr\u00e9c\u00e9dentes \u0153uvres du r\u00e9alisateur, toutes empreintes de cette folie douce qui lui est propre. \u00c0 travers des histoires aussi farfelues que captivantes, Quentin Dupieux nous entra\u00eene dans un univers o\u00f9 le r\u00e9el et l&rsquo;imaginaire se confondent, o\u00f9 les situations les plus absurdes c\u00f4toient des \u00e9motions profondes.<\/span><\/span><\/p>\n<p><span><span>Dans <em>Le Deuxi\u00e8me Acte,<\/em> Dupieux nous invite \u00e0 suivre les p\u00e9rip\u00e9ties de Florence, David, Guillaume et Willy, quatre personnages aussi d\u00e9lirants qu&rsquo;attachants, r\u00e9unis dans un restaurant au milieu de nulle part. Entre quiproquos, rebondissements inattendus et dialogues cisel\u00e9s, le spectateur est embarqu\u00e9 dans un voyage aussi loufoque que r\u00e9jouissant.<\/span><\/span><\/p>\n<p>\u00a0<\/p>\n<p><img decoding=\"async\" alt=\"\" height=\"1067\" src=\"\/assets\/uploads\/images\/\/Neila\/Cannes%202024%20Quentin%20Dupieux%20.jpeg\" width=\"1600\"><\/p>\n<p>\u00a0<\/p>\n<p><span><span>Pour incarner ses personnages hauts en couleur, Quentin Dupieux s&rsquo;est entour\u00e9 d&rsquo;un casting prestigieux, m\u00ealant habilement nouveaux venus et habitu\u00e9s de son univers. L\u00e9a Seydoux, Vincent Lindon, Louis Garrel et Rapha\u00ebl Quenard se pr\u00eatent au jeu avec une aisance d\u00e9concertante, apportant leur talent et leur charisme \u00e0 cette com\u00e9die d\u00e9jant\u00e9e.<\/span><\/span><\/p>\n<p><span><span>Ils rejoignent ainsi la constellation d&rsquo;\u00e9toiles qui habitent l&rsquo;univers Dupieux, o\u00f9 l&rsquo;on retrouve avec plaisir des noms tels qu&rsquo;Alain Chabat, Beno\u00eet Poelvoorde, Jean Dujardin, Ad\u00e8le Exarchopoulos, ou encore L\u00e9a Drucker, pour ne citer qu&rsquo;eux. Cette soir\u00e9e d&rsquo;ouverture promet ainsi d&rsquo;\u00eatre un moment inoubliable, o\u00f9 le cin\u00e9ma fran\u00e7ais dans toute sa diversit\u00e9 sera \u00e0 l&rsquo;honneur.<\/span><\/span><\/p>\n<p><span><span>Pour que cette soir\u00e9e d&rsquo;exception soit accessible \u00e0 tous, la c\u00e9r\u00e9monie d&rsquo;ouverture du Festival de Cannes sera retransmise en direct sur France T\u00e9l\u00e9visions et Brut, permettant ainsi aux cin\u00e9philes du monde entier de vivre cet \u00e9v\u00e9nement en temps r\u00e9el. De nombreuses salles de cin\u00e9ma en France projetteront \u00e9galement la c\u00e9r\u00e9monie et le film d&rsquo;ouverture, gr\u00e2ce au soutien de la F\u00e9d\u00e9ration Nationale des Cin\u00e9mas Fran\u00e7ais et en partenariat avec France T\u00e9l\u00e9visions et Brut. Par ailleurs, depuis plusieurs ann\u00e9es, le cin\u00e9ma L\u2019Agora La Marsa a pris l\u2019habitude de participer \u00e9galement cet \u00e9v\u00e8nement en projetant la c\u00e9r\u00e9monie d\u2019ouverture du festival aux cin\u00e9philes tunisiens. Le fera-t-elle cette ann\u00e9e\u00a0? Rien n\u2019a encore \u00e9t\u00e9 annonc\u00e9 pour le moment. <\/span><\/span><\/p>\n<p><span><span>C\u2019est le jeudi 11 avril 2024 que la S\u00e9lection officielle du festival sera annonc\u00e9e, marquant un moment important pour les cin\u00e9astes, les acteurs, les professionnels du secteur et tous les cin\u00e9philes, qui d\u00e9couvriront quels films auront la chance de concourir pour les prestigieuses r\u00e9compenses du festival.<\/span><\/span><\/p>\n<p><strong><span><span>Ne\u00efla Driss<\/span><\/span><\/strong><\/p>\n<\/p><\/div>\n<div class=\"coprs\" style=\"text-align: center\"><\/div><\/div>\n","protected":false},"excerpt":{"rendered":"<p>Cannes 2024 &#8211; Quentin Dupieux ouvre le 77e Festival avec \u00ab\u00a0Le Deuxi\u00e8me Acte\u00a0\u00bb<\/p>\n","protected":false},"author":3164,"featured_media":247649,"comment_status":"open","ping_status":"closed","sticky":false,"template":"","format":"standard","meta":{"footnotes":""},"categories":[2594],"tags":[4180,2626,2627,6728],"class_list":["post-213367","post","type-post","status-publish","format-standard","has-post-thumbnail","hentry","category-culture","tag-cannes-2024","tag-cinema","tag-festival-de-cannes","tag-film-douverture"],"yoast_head":"<!-- This site is optimized with the Yoast SEO Premium plugin v27.4 (Yoast SEO v27.4) - https:\/\/yoast.com\/product\/yoast-seo-premium-wordpress\/ -->\n<title>Cannes 2024 - Quentin Dupieux ouvre le 77e Festival avec \u00ab\u00a0Le Deuxi\u00e8me Acte\u00a0\u00bb<\/title>\n<meta name=\"description\" content=\"Cannes 2024 - Quentin Dupieux ouvre le 77e Festival avec \u00ab\u00a0Le Deuxi\u00e8me Acte\u00a0\u00bb\" \/>\n<link rel=\"canonical\" href=\"https:\/\/www.webdo.tn\/fr\/actualite\/culture\/cannes-2024-quentin-dupieux-ouvre-le-77e-festival-avec-le-deuxieme-acte\/213367\/\" \/>\n<meta property=\"og:locale\" content=\"fr_FR\" \/>\n<meta property=\"og:type\" content=\"article\" \/>\n<meta property=\"og:title\" content=\"Cannes 2024 - Quentin Dupieux ouvre le 77e Festival avec \u00ab\u00a0Le Deuxi\u00e8me Acte\u00a0\u00bb\" \/>\n<meta property=\"og:description\" content=\"Cannes 2024 - Quentin Dupieux ouvre le 77e Festival avec \u00ab\u00a0Le Deuxi\u00e8me Acte\u00a0\u00bb\" \/>\n<meta property=\"og:url\" content=\"https:\/\/www.webdo.tn\/fr\/actualite\/culture\/cannes-2024-quentin-dupieux-ouvre-le-77e-festival-avec-le-deuxieme-acte\/213367\/\" \/>\n<meta property=\"og:site_name\" content=\"webdo\" \/>\n<meta property=\"article:publisher\" content=\"https:\/\/www.facebook.com\/webdotn\" \/>\n<meta property=\"article:author\" content=\"https:\/\/www.facebook.com\/massir.destiniii\/\" \/>\n<meta property=\"article:published_time\" content=\"2024-04-03T17:30:00+00:00\" \/>\n<meta property=\"article:modified_time\" content=\"2025-05-21T08:56:05+00:00\" \/>\n<meta property=\"og:image\" content=\"https:\/\/www.webdo.tn\/fr\/wp-content\/uploads\/2024\/04\/90066749c0c0745accb6a85d3d5320ac.jpeg\" \/>\n\t<meta property=\"og:image:width\" content=\"750\" \/>\n\t<meta property=\"og:image:height\" content=\"400\" \/>\n\t<meta property=\"og:image:type\" content=\"image\/jpeg\" \/>\n<meta name=\"author\" content=\"Ne\u00efla DRISS\" \/>\n<meta name=\"twitter:card\" content=\"summary_large_image\" \/>\n<meta name=\"twitter:creator\" content=\"@https:\/\/x.com\/MassirDestin\" \/>\n<meta name=\"twitter:site\" content=\"@webdo_tn\" \/>\n<meta name=\"twitter:label1\" content=\"\u00c9crit par\" \/>\n\t<meta name=\"twitter:data1\" content=\"Ne\u00efla DRISS\" \/>\n\t<meta name=\"twitter:label2\" content=\"Dur\u00e9e de lecture estim\u00e9e\" \/>\n\t<meta name=\"twitter:data2\" content=\"3 minutes\" \/>\n<script type=\"application\/ld+json\" class=\"yoast-schema-graph\">{\"@context\":\"https:\\\/\\\/schema.org\",\"@graph\":[{\"@type\":\"NewsArticle\",\"@id\":\"https:\\\/\\\/www.webdo.tn\\\/fr\\\/actualite\\\/culture\\\/cannes-2024-quentin-dupieux-ouvre-le-77e-festival-avec-le-deuxieme-acte\\\/213367\\\/#article\",\"isPartOf\":{\"@id\":\"https:\\\/\\\/www.webdo.tn\\\/fr\\\/actualite\\\/culture\\\/cannes-2024-quentin-dupieux-ouvre-le-77e-festival-avec-le-deuxieme-acte\\\/213367\\\/\"},\"author\":{\"name\":\"Ne\u00efla DRISS\",\"@id\":\"https:\\\/\\\/www.webdo.tn\\\/fr\\\/#\\\/schema\\\/person\\\/60d5ba619ed3f58783b0dc82b7dada80\"},\"headline\":\"Cannes 2024 &#8211; Quentin Dupieux ouvre le 77e Festival avec \u00ab\u00a0Le Deuxi\u00e8me Acte\u00a0\u00bb\",\"datePublished\":\"2024-04-03T17:30:00+00:00\",\"dateModified\":\"2025-05-21T08:56:05+00:00\",\"mainEntityOfPage\":{\"@id\":\"https:\\\/\\\/www.webdo.tn\\\/fr\\\/actualite\\\/culture\\\/cannes-2024-quentin-dupieux-ouvre-le-77e-festival-avec-le-deuxieme-acte\\\/213367\\\/\"},\"wordCount\":678,\"commentCount\":0,\"publisher\":{\"@id\":\"https:\\\/\\\/www.webdo.tn\\\/fr\\\/#organization\"},\"image\":{\"@id\":\"https:\\\/\\\/www.webdo.tn\\\/fr\\\/actualite\\\/culture\\\/cannes-2024-quentin-dupieux-ouvre-le-77e-festival-avec-le-deuxieme-acte\\\/213367\\\/#primaryimage\"},\"thumbnailUrl\":\"https:\\\/\\\/www.webdo.tn\\\/fr\\\/wp-content\\\/uploads\\\/2024\\\/04\\\/90066749c0c0745accb6a85d3d5320ac.jpeg\",\"keywords\":[\"Cannes 2024\",\"Cin\u00e9ma\",\"Festival de Cannes\",\"Film d'ouverture\"],\"articleSection\":[\"Culture\"],\"inLanguage\":\"fr-FR\"},{\"@type\":\"WebPage\",\"@id\":\"https:\\\/\\\/www.webdo.tn\\\/fr\\\/actualite\\\/culture\\\/cannes-2024-quentin-dupieux-ouvre-le-77e-festival-avec-le-deuxieme-acte\\\/213367\\\/\",\"url\":\"https:\\\/\\\/www.webdo.tn\\\/fr\\\/actualite\\\/culture\\\/cannes-2024-quentin-dupieux-ouvre-le-77e-festival-avec-le-deuxieme-acte\\\/213367\\\/\",\"name\":\"Cannes 2024 - Quentin Dupieux ouvre le 77e Festival avec \u00ab\u00a0Le Deuxi\u00e8me Acte\u00a0\u00bb\",\"isPartOf\":{\"@id\":\"https:\\\/\\\/www.webdo.tn\\\/fr\\\/#website\"},\"primaryImageOfPage\":{\"@id\":\"https:\\\/\\\/www.webdo.tn\\\/fr\\\/actualite\\\/culture\\\/cannes-2024-quentin-dupieux-ouvre-le-77e-festival-avec-le-deuxieme-acte\\\/213367\\\/#primaryimage\"},\"image\":{\"@id\":\"https:\\\/\\\/www.webdo.tn\\\/fr\\\/actualite\\\/culture\\\/cannes-2024-quentin-dupieux-ouvre-le-77e-festival-avec-le-deuxieme-acte\\\/213367\\\/#primaryimage\"},\"thumbnailUrl\":\"https:\\\/\\\/www.webdo.tn\\\/fr\\\/wp-content\\\/uploads\\\/2024\\\/04\\\/90066749c0c0745accb6a85d3d5320ac.jpeg\",\"datePublished\":\"2024-04-03T17:30:00+00:00\",\"dateModified\":\"2025-05-21T08:56:05+00:00\",\"description\":\"Cannes 2024 - Quentin Dupieux ouvre le 77e Festival avec \u00ab\u00a0Le Deuxi\u00e8me Acte\u00a0\u00bb\",\"breadcrumb\":{\"@id\":\"https:\\\/\\\/www.webdo.tn\\\/fr\\\/actualite\\\/culture\\\/cannes-2024-quentin-dupieux-ouvre-le-77e-festival-avec-le-deuxieme-acte\\\/213367\\\/#breadcrumb\"},\"inLanguage\":\"fr-FR\",\"potentialAction\":[{\"@type\":\"ReadAction\",\"target\":[\"https:\\\/\\\/www.webdo.tn\\\/fr\\\/actualite\\\/culture\\\/cannes-2024-quentin-dupieux-ouvre-le-77e-festival-avec-le-deuxieme-acte\\\/213367\\\/\"]}]},{\"@type\":\"ImageObject\",\"inLanguage\":\"fr-FR\",\"@id\":\"https:\\\/\\\/www.webdo.tn\\\/fr\\\/actualite\\\/culture\\\/cannes-2024-quentin-dupieux-ouvre-le-77e-festival-avec-le-deuxieme-acte\\\/213367\\\/#primaryimage\",\"url\":\"https:\\\/\\\/www.webdo.tn\\\/fr\\\/wp-content\\\/uploads\\\/2024\\\/04\\\/90066749c0c0745accb6a85d3d5320ac.jpeg\",\"contentUrl\":\"https:\\\/\\\/www.webdo.tn\\\/fr\\\/wp-content\\\/uploads\\\/2024\\\/04\\\/90066749c0c0745accb6a85d3d5320ac.jpeg\",\"width\":750,\"height\":400,\"caption\":\"Cannes 2024 - Quentin Dupieux ouvre le 77e Festival avec \u00ab\u00a0Le Deuxi\u00e8me Acte\u00a0\u00bb\"},{\"@type\":\"BreadcrumbList\",\"@id\":\"https:\\\/\\\/www.webdo.tn\\\/fr\\\/actualite\\\/culture\\\/cannes-2024-quentin-dupieux-ouvre-le-77e-festival-avec-le-deuxieme-acte\\\/213367\\\/#breadcrumb\",\"itemListElement\":[{\"@type\":\"ListItem\",\"position\":1,\"name\":\"Accueil\",\"item\":\"https:\\\/\\\/www.webdo.tn\\\/fr\\\/\"},{\"@type\":\"ListItem\",\"position\":2,\"name\":\"Cannes 2024 &#8211; Quentin Dupieux ouvre le 77e Festival avec \u00ab\u00a0Le Deuxi\u00e8me Acte\u00a0\u00bb\"}]},{\"@type\":\"WebSite\",\"@id\":\"https:\\\/\\\/www.webdo.tn\\\/fr\\\/#website\",\"url\":\"https:\\\/\\\/www.webdo.tn\\\/fr\\\/\",\"name\":\"webdo\",\"description\":\"Tunisie - News en Tunisie et \u00e0 l&#039;international sur Webdo.tn\",\"publisher\":{\"@id\":\"https:\\\/\\\/www.webdo.tn\\\/fr\\\/#organization\"},\"potentialAction\":[{\"@type\":\"SearchAction\",\"target\":{\"@type\":\"EntryPoint\",\"urlTemplate\":\"https:\\\/\\\/www.webdo.tn\\\/fr\\\/?s={search_term_string}\"},\"query-input\":{\"@type\":\"PropertyValueSpecification\",\"valueRequired\":true,\"valueName\":\"search_term_string\"}}],\"inLanguage\":\"fr-FR\"},{\"@type\":\"Organization\",\"@id\":\"https:\\\/\\\/www.webdo.tn\\\/fr\\\/#organization\",\"name\":\"Webdo\",\"alternateName\":\"Webdo.tn\",\"url\":\"https:\\\/\\\/www.webdo.tn\\\/fr\\\/\",\"logo\":{\"@type\":\"ImageObject\",\"inLanguage\":\"fr-FR\",\"@id\":\"https:\\\/\\\/www.webdo.tn\\\/fr\\\/#\\\/schema\\\/logo\\\/image\\\/\",\"url\":\"https:\\\/\\\/www.webdo.tn\\\/fr\\\/wp-content\\\/uploads\\\/2025\\\/06\\\/Webdo-Tunisie_168377.jpg\",\"contentUrl\":\"https:\\\/\\\/www.webdo.tn\\\/fr\\\/wp-content\\\/uploads\\\/2025\\\/06\\\/Webdo-Tunisie_168377.jpg\",\"width\":301,\"height\":301,\"caption\":\"Webdo\"},\"image\":{\"@id\":\"https:\\\/\\\/www.webdo.tn\\\/fr\\\/#\\\/schema\\\/logo\\\/image\\\/\"},\"sameAs\":[\"https:\\\/\\\/www.facebook.com\\\/webdotn\",\"https:\\\/\\\/x.com\\\/webdo_tn\"],\"description\":\"Webdo est un m\u00e9dia num\u00e9rique tunisien fond\u00e9 en 2010, sp\u00e9cialis\u00e9 dans l\u2019actualit\u00e9 nationale et internationale, l\u2019\u00e9conomie, la soci\u00e9t\u00e9 et les analyses politiques. Le site s\u2019adresse \u00e0 un large public francophone et couvre l\u2019information tunisienne en temps r\u00e9el.\",\"email\":\"redac@webdo.tn\",\"legalName\":\"YNJ SARL\",\"foundingDate\":\"2010-09-06\",\"numberOfEmployees\":{\"@type\":\"QuantitativeValue\",\"minValue\":\"11\",\"maxValue\":\"50\"}},{\"@type\":\"Person\",\"@id\":\"https:\\\/\\\/www.webdo.tn\\\/fr\\\/#\\\/schema\\\/person\\\/60d5ba619ed3f58783b0dc82b7dada80\",\"name\":\"Ne\u00efla DRISS\",\"image\":{\"@type\":\"ImageObject\",\"inLanguage\":\"fr-FR\",\"@id\":\"https:\\\/\\\/www.webdo.tn\\\/fr\\\/wp-content\\\/uploads\\\/2026\\\/04\\\/neila-driss_avatar-96x96.jpg\",\"url\":\"https:\\\/\\\/www.webdo.tn\\\/fr\\\/wp-content\\\/uploads\\\/2026\\\/04\\\/neila-driss_avatar-96x96.jpg\",\"contentUrl\":\"https:\\\/\\\/www.webdo.tn\\\/fr\\\/wp-content\\\/uploads\\\/2026\\\/04\\\/neila-driss_avatar-96x96.jpg\",\"caption\":\"Ne\u00efla DRISS\"},\"description\":\"Ne\u00efla Driss est juriste, journaliste culturelle et critique de cin\u00e9ma tunisienne. Titulaire d\u2019un DEA en droit priv\u00e9 de l\u2019Universit\u00e9 Paris II et d\u2019un DESS de l\u2019IHEC Carthage, elle d\u00e9bute sa carri\u00e8re comme juriste sp\u00e9cialis\u00e9e en gestion de patrimoine immobilier. Elle s\u2019oriente ensuite vers l\u2019\u00e9criture en ligne, o\u00f9 elle se distingue d\u00e8s 2006 aux Tunisia Blog Awards, avant de se consacrer au journalisme culturel, avec une sp\u00e9cialisation dans la critique cin\u00e9matographique. Elle couvre r\u00e9guli\u00e8rement les grands festivals internationaux, notamment le Festival de Cannes, les Journ\u00e9es Cin\u00e9matographiques de Carthage et le Festival du film du Caire. Membre de l\u2019ATPCC et de la FIPRESCI, elle participe \u00e0 des jurys et initiatives internationales de critique. Depuis 2024, elle est \u00e9lectrice internationale aux Golden Globes. Facebook : https:\\\/\\\/www.facebook.com\\\/massir.destiniii\\\/ X : https:\\\/\\\/x.com\\\/MassirDestin\",\"sameAs\":[\"https:\\\/\\\/www.facebook.com\\\/massir.destiniii\\\/\",\"https:\\\/\\\/www.instagram.com\\\/neila.driss\\\/?hl=fr\",\"https:\\\/\\\/www.linkedin.com\\\/in\\\/neila-driss-22606a80\\\/\",\"https:\\\/\\\/x.com\\\/https:\\\/\\\/x.com\\\/MassirDestin\"],\"knowsAbout\":[\"Cin\u00e9ma international\",\"critique cin\u00e9matographique\",\"festivals de cin\u00e9ma\",\"journalisme culturel\"],\"knowsLanguage\":[\"Fran\u00e7ais\",\"Arabe\",\"Anglais\"],\"jobTitle\":\"Journaliste culturelle et critique de cin\u00e9ma\",\"worksFor\":\"Webdo\",\"url\":\"https:\\\/\\\/www.webdo.tn\\\/fr\\\/actualite\\\/author\\\/neila-driss\\\/\"}]}<\/script>\n<!-- \/ Yoast SEO Premium plugin. -->","yoast_head_json":{"title":"Cannes 2024 - Quentin Dupieux ouvre le 77e Festival avec \u00ab\u00a0Le Deuxi\u00e8me Acte\u00a0\u00bb","description":"Cannes 2024 - Quentin Dupieux ouvre le 77e Festival avec \u00ab\u00a0Le Deuxi\u00e8me Acte\u00a0\u00bb","canonical":"https:\/\/www.webdo.tn\/fr\/actualite\/culture\/cannes-2024-quentin-dupieux-ouvre-le-77e-festival-avec-le-deuxieme-acte\/213367\/","og_locale":"fr_FR","og_type":"article","og_title":"Cannes 2024 - Quentin Dupieux ouvre le 77e Festival avec \u00ab\u00a0Le Deuxi\u00e8me Acte\u00a0\u00bb","og_description":"Cannes 2024 - Quentin Dupieux ouvre le 77e Festival avec \u00ab\u00a0Le Deuxi\u00e8me Acte\u00a0\u00bb","og_url":"https:\/\/www.webdo.tn\/fr\/actualite\/culture\/cannes-2024-quentin-dupieux-ouvre-le-77e-festival-avec-le-deuxieme-acte\/213367\/","og_site_name":"webdo","article_publisher":"https:\/\/www.facebook.com\/webdotn","article_author":"https:\/\/www.facebook.com\/massir.destiniii\/","article_published_time":"2024-04-03T17:30:00+00:00","article_modified_time":"2025-05-21T08:56:05+00:00","og_image":[{"width":750,"height":400,"url":"https:\/\/www.webdo.tn\/fr\/wp-content\/uploads\/2024\/04\/90066749c0c0745accb6a85d3d5320ac.jpeg","type":"image\/jpeg"}],"author":"Ne\u00efla DRISS","twitter_card":"summary_large_image","twitter_creator":"@https:\/\/x.com\/MassirDestin","twitter_site":"@webdo_tn","twitter_misc":{"\u00c9crit par":"Ne\u00efla DRISS","Dur\u00e9e de lecture estim\u00e9e":"3 minutes"},"schema":{"@context":"https:\/\/schema.org","@graph":[{"@type":"NewsArticle","@id":"https:\/\/www.webdo.tn\/fr\/actualite\/culture\/cannes-2024-quentin-dupieux-ouvre-le-77e-festival-avec-le-deuxieme-acte\/213367\/#article","isPartOf":{"@id":"https:\/\/www.webdo.tn\/fr\/actualite\/culture\/cannes-2024-quentin-dupieux-ouvre-le-77e-festival-avec-le-deuxieme-acte\/213367\/"},"author":{"name":"Ne\u00efla DRISS","@id":"https:\/\/www.webdo.tn\/fr\/#\/schema\/person\/60d5ba619ed3f58783b0dc82b7dada80"},"headline":"Cannes 2024 &#8211; Quentin Dupieux ouvre le 77e Festival avec \u00ab\u00a0Le Deuxi\u00e8me Acte\u00a0\u00bb","datePublished":"2024-04-03T17:30:00+00:00","dateModified":"2025-05-21T08:56:05+00:00","mainEntityOfPage":{"@id":"https:\/\/www.webdo.tn\/fr\/actualite\/culture\/cannes-2024-quentin-dupieux-ouvre-le-77e-festival-avec-le-deuxieme-acte\/213367\/"},"wordCount":678,"commentCount":0,"publisher":{"@id":"https:\/\/www.webdo.tn\/fr\/#organization"},"image":{"@id":"https:\/\/www.webdo.tn\/fr\/actualite\/culture\/cannes-2024-quentin-dupieux-ouvre-le-77e-festival-avec-le-deuxieme-acte\/213367\/#primaryimage"},"thumbnailUrl":"https:\/\/www.webdo.tn\/fr\/wp-content\/uploads\/2024\/04\/90066749c0c0745accb6a85d3d5320ac.jpeg","keywords":["Cannes 2024","Cin\u00e9ma","Festival de Cannes","Film d'ouverture"],"articleSection":["Culture"],"inLanguage":"fr-FR"},{"@type":"WebPage","@id":"https:\/\/www.webdo.tn\/fr\/actualite\/culture\/cannes-2024-quentin-dupieux-ouvre-le-77e-festival-avec-le-deuxieme-acte\/213367\/","url":"https:\/\/www.webdo.tn\/fr\/actualite\/culture\/cannes-2024-quentin-dupieux-ouvre-le-77e-festival-avec-le-deuxieme-acte\/213367\/","name":"Cannes 2024 - Quentin Dupieux ouvre le 77e Festival avec \u00ab\u00a0Le Deuxi\u00e8me Acte\u00a0\u00bb","isPartOf":{"@id":"https:\/\/www.webdo.tn\/fr\/#website"},"primaryImageOfPage":{"@id":"https:\/\/www.webdo.tn\/fr\/actualite\/culture\/cannes-2024-quentin-dupieux-ouvre-le-77e-festival-avec-le-deuxieme-acte\/213367\/#primaryimage"},"image":{"@id":"https:\/\/www.webdo.tn\/fr\/actualite\/culture\/cannes-2024-quentin-dupieux-ouvre-le-77e-festival-avec-le-deuxieme-acte\/213367\/#primaryimage"},"thumbnailUrl":"https:\/\/www.webdo.tn\/fr\/wp-content\/uploads\/2024\/04\/90066749c0c0745accb6a85d3d5320ac.jpeg","datePublished":"2024-04-03T17:30:00+00:00","dateModified":"2025-05-21T08:56:05+00:00","description":"Cannes 2024 - Quentin Dupieux ouvre le 77e Festival avec \u00ab\u00a0Le Deuxi\u00e8me Acte\u00a0\u00bb","breadcrumb":{"@id":"https:\/\/www.webdo.tn\/fr\/actualite\/culture\/cannes-2024-quentin-dupieux-ouvre-le-77e-festival-avec-le-deuxieme-acte\/213367\/#breadcrumb"},"inLanguage":"fr-FR","potentialAction":[{"@type":"ReadAction","target":["https:\/\/www.webdo.tn\/fr\/actualite\/culture\/cannes-2024-quentin-dupieux-ouvre-le-77e-festival-avec-le-deuxieme-acte\/213367\/"]}]},{"@type":"ImageObject","inLanguage":"fr-FR","@id":"https:\/\/www.webdo.tn\/fr\/actualite\/culture\/cannes-2024-quentin-dupieux-ouvre-le-77e-festival-avec-le-deuxieme-acte\/213367\/#primaryimage","url":"https:\/\/www.webdo.tn\/fr\/wp-content\/uploads\/2024\/04\/90066749c0c0745accb6a85d3d5320ac.jpeg","contentUrl":"https:\/\/www.webdo.tn\/fr\/wp-content\/uploads\/2024\/04\/90066749c0c0745accb6a85d3d5320ac.jpeg","width":750,"height":400,"caption":"Cannes 2024 - Quentin Dupieux ouvre le 77e Festival avec \u00ab\u00a0Le Deuxi\u00e8me Acte\u00a0\u00bb"},{"@type":"BreadcrumbList","@id":"https:\/\/www.webdo.tn\/fr\/actualite\/culture\/cannes-2024-quentin-dupieux-ouvre-le-77e-festival-avec-le-deuxieme-acte\/213367\/#breadcrumb","itemListElement":[{"@type":"ListItem","position":1,"name":"Accueil","item":"https:\/\/www.webdo.tn\/fr\/"},{"@type":"ListItem","position":2,"name":"Cannes 2024 &#8211; Quentin Dupieux ouvre le 77e Festival avec \u00ab\u00a0Le Deuxi\u00e8me Acte\u00a0\u00bb"}]},{"@type":"WebSite","@id":"https:\/\/www.webdo.tn\/fr\/#website","url":"https:\/\/www.webdo.tn\/fr\/","name":"webdo","description":"Tunisie - News en Tunisie et \u00e0 l&#039;international sur Webdo.tn","publisher":{"@id":"https:\/\/www.webdo.tn\/fr\/#organization"},"potentialAction":[{"@type":"SearchAction","target":{"@type":"EntryPoint","urlTemplate":"https:\/\/www.webdo.tn\/fr\/?s={search_term_string}"},"query-input":{"@type":"PropertyValueSpecification","valueRequired":true,"valueName":"search_term_string"}}],"inLanguage":"fr-FR"},{"@type":"Organization","@id":"https:\/\/www.webdo.tn\/fr\/#organization","name":"Webdo","alternateName":"Webdo.tn","url":"https:\/\/www.webdo.tn\/fr\/","logo":{"@type":"ImageObject","inLanguage":"fr-FR","@id":"https:\/\/www.webdo.tn\/fr\/#\/schema\/logo\/image\/","url":"https:\/\/www.webdo.tn\/fr\/wp-content\/uploads\/2025\/06\/Webdo-Tunisie_168377.jpg","contentUrl":"https:\/\/www.webdo.tn\/fr\/wp-content\/uploads\/2025\/06\/Webdo-Tunisie_168377.jpg","width":301,"height":301,"caption":"Webdo"},"image":{"@id":"https:\/\/www.webdo.tn\/fr\/#\/schema\/logo\/image\/"},"sameAs":["https:\/\/www.facebook.com\/webdotn","https:\/\/x.com\/webdo_tn"],"description":"Webdo est un m\u00e9dia num\u00e9rique tunisien fond\u00e9 en 2010, sp\u00e9cialis\u00e9 dans l\u2019actualit\u00e9 nationale et internationale, l\u2019\u00e9conomie, la soci\u00e9t\u00e9 et les analyses politiques. Le site s\u2019adresse \u00e0 un large public francophone et couvre l\u2019information tunisienne en temps r\u00e9el.","email":"redac@webdo.tn","legalName":"YNJ SARL","foundingDate":"2010-09-06","numberOfEmployees":{"@type":"QuantitativeValue","minValue":"11","maxValue":"50"}},{"@type":"Person","@id":"https:\/\/www.webdo.tn\/fr\/#\/schema\/person\/60d5ba619ed3f58783b0dc82b7dada80","name":"Ne\u00efla DRISS","image":{"@type":"ImageObject","inLanguage":"fr-FR","@id":"https:\/\/www.webdo.tn\/fr\/wp-content\/uploads\/2026\/04\/neila-driss_avatar-96x96.jpg","url":"https:\/\/www.webdo.tn\/fr\/wp-content\/uploads\/2026\/04\/neila-driss_avatar-96x96.jpg","contentUrl":"https:\/\/www.webdo.tn\/fr\/wp-content\/uploads\/2026\/04\/neila-driss_avatar-96x96.jpg","caption":"Ne\u00efla DRISS"},"description":"Ne\u00efla Driss est juriste, journaliste culturelle et critique de cin\u00e9ma tunisienne. Titulaire d\u2019un DEA en droit priv\u00e9 de l\u2019Universit\u00e9 Paris II et d\u2019un DESS de l\u2019IHEC Carthage, elle d\u00e9bute sa carri\u00e8re comme juriste sp\u00e9cialis\u00e9e en gestion de patrimoine immobilier. Elle s\u2019oriente ensuite vers l\u2019\u00e9criture en ligne, o\u00f9 elle se distingue d\u00e8s 2006 aux Tunisia Blog Awards, avant de se consacrer au journalisme culturel, avec une sp\u00e9cialisation dans la critique cin\u00e9matographique. Elle couvre r\u00e9guli\u00e8rement les grands festivals internationaux, notamment le Festival de Cannes, les Journ\u00e9es Cin\u00e9matographiques de Carthage et le Festival du film du Caire. Membre de l\u2019ATPCC et de la FIPRESCI, elle participe \u00e0 des jurys et initiatives internationales de critique. Depuis 2024, elle est \u00e9lectrice internationale aux Golden Globes. Facebook : https:\/\/www.facebook.com\/massir.destiniii\/ X : https:\/\/x.com\/MassirDestin","sameAs":["https:\/\/www.facebook.com\/massir.destiniii\/","https:\/\/www.instagram.com\/neila.driss\/?hl=fr","https:\/\/www.linkedin.com\/in\/neila-driss-22606a80\/","https:\/\/x.com\/https:\/\/x.com\/MassirDestin"],"knowsAbout":["Cin\u00e9ma international","critique cin\u00e9matographique","festivals de cin\u00e9ma","journalisme culturel"],"knowsLanguage":["Fran\u00e7ais","Arabe","Anglais"],"jobTitle":"Journaliste culturelle et critique de cin\u00e9ma","worksFor":"Webdo","url":"https:\/\/www.webdo.tn\/fr\/actualite\/author\/neila-driss\/"}]}},"_links":{"self":[{"href":"https:\/\/www.webdo.tn\/fr\/wp-json\/wp\/v2\/posts\/213367","targetHints":{"allow":["GET"]}}],"collection":[{"href":"https:\/\/www.webdo.tn\/fr\/wp-json\/wp\/v2\/posts"}],"about":[{"href":"https:\/\/www.webdo.tn\/fr\/wp-json\/wp\/v2\/types\/post"}],"author":[{"embeddable":true,"href":"https:\/\/www.webdo.tn\/fr\/wp-json\/wp\/v2\/users\/3164"}],"replies":[{"embeddable":true,"href":"https:\/\/www.webdo.tn\/fr\/wp-json\/wp\/v2\/comments?post=213367"}],"version-history":[{"count":0,"href":"https:\/\/www.webdo.tn\/fr\/wp-json\/wp\/v2\/posts\/213367\/revisions"}],"wp:featuredmedia":[{"embeddable":true,"href":"https:\/\/www.webdo.tn\/fr\/wp-json\/wp\/v2\/media\/247649"}],"wp:attachment":[{"href":"https:\/\/www.webdo.tn\/fr\/wp-json\/wp\/v2\/media?parent=213367"}],"wp:term":[{"taxonomy":"category","embeddable":true,"href":"https:\/\/www.webdo.tn\/fr\/wp-json\/wp\/v2\/categories?post=213367"},{"taxonomy":"post_tag","embeddable":true,"href":"https:\/\/www.webdo.tn\/fr\/wp-json\/wp\/v2\/tags?post=213367"}],"curies":[{"name":"wp","href":"https:\/\/api.w.org\/{rel}","templated":true}]}}