{"id":213365,"date":"2024-04-03T13:40:00","date_gmt":"2024-04-03T13:40:00","guid":{"rendered":"https:\/\/www.webdo.tn\/fr\/blog\/tunisie-le-proces-de-mohamed-boughalleb-reporte\/213365\/"},"modified":"2025-05-20T21:51:44","modified_gmt":"2025-05-20T21:51:44","slug":"tunisie-le-proces-de-mohamed-boughalleb-reporte","status":"publish","type":"post","link":"https:\/\/www.webdo.tn\/fr\/actualite\/national\/tunisie-le-proces-de-mohamed-boughalleb-reporte\/213365\/","title":{"rendered":"Tunisie : Le proc\u00e8s de Mohamed Boughalleb report\u00e9"},"content":{"rendered":"<p>Le journaliste Mohamed Boughalleb devait compara\u00eetre, ce mercredi 3 avril, devant la Chambre p\u00e9nale du Tribunal de premi\u00e8re instance de Tunis. Mais son proc\u00e8s a \u00e9t\u00e9 report\u00e9 pour raisons de sant\u00e9, a annonc\u00e9 le SNJT dans un communiqu\u00e9 publi\u00e9 ce mercredi 3 avril 2024.<\/p>\n<p>\t\t\t\t\t\t\t\t\tAccus\u00e9 d\u2019avoir port\u00e9 atteinte \u00e0 l\u2019honneur et \u00e0 la r\u00e9putation d\u2019une fonctionnaire \u00e0 travers des statuts publi\u00e9s sur sa page Facebook, Mohamed Boughalleb devait compara\u00eetre aujourd\u2019hui devant la Chambre p\u00e9nale du Tribunal de premi\u00e8re instance de Tunis<\/p>\n<p>Mais sa comparution a \u00e9t\u00e9 report\u00e9e, le journaliste\u00a0 n&rsquo;ayant pu \u00eatre amen\u00e9 de la prison pour des raisons de sant\u00e9, \u00e9tant actuellement hospitalis\u00e9. Le SNJT a aussit\u00f4t exig\u00e9 la divulgation de la v\u00e9rit\u00e9 sur l&rsquo;\u00e9tat de sant\u00e9 de Mohamed Boughalleb et sa lib\u00e9ration imm\u00e9diate.<\/p>\n<p>Il a \u00e9galement soulign\u00e9 que Mohamed Bougahleb a \u00e9t\u00e9 convoqu\u00e9 pour compara\u00eetre devant le juge d&rsquo;instruction dans le cadre d&rsquo;une nouvelle plainte sur la base du d\u00e9cret 54.<\/p>\n<p>Mohamed Boughalleb a \u00e9t\u00e9 arr\u00eat\u00e9 le 22 mars, et plac\u00e9 en garde \u00e0 vue sur d\u00e9cision du minist\u00e8re public du Tribunal de premi\u00e8re instance de Tunis \u00e0 la suite d&rsquo;une plainte d\u00e9pos\u00e9e par une fonctionnaire du minist\u00e8re des Affaires religieuses sur fond de ses commentaires \u00e0 la radio et \u00e0 la t\u00e9l\u00e9vision sur les visites \u00e0 l&rsquo;\u00e9tranger et les politiques du minist\u00e8re.<\/p>\n<p>Elle accuse notamment le journaliste d&rsquo;avoir port\u00e9 atteinte \u00e0 son honneur et \u00e0 sa r\u00e9putation, \u00e0 travers des statuts publi\u00e9s sur sa page Facebook.<\/p>\n","protected":false},"excerpt":{"rendered":"<p>Accus\u00e9 d\u2019avoir port\u00e9 atteinte \u00e0 l\u2019honneur et \u00e0 la r\u00e9putation d\u2019une fonctionnaire \u00e0 travers des statuts publi\u00e9s sur sa page Facebook, Mohamed Boughalleb devait c&#8230;<\/p>\n","protected":false},"author":3162,"featured_media":247651,"comment_status":"open","ping_status":"closed","sticky":false,"template":"","format":"standard","meta":{"footnotes":""},"categories":[44],"tags":[2619,3939],"class_list":["post-213365","post","type-post","status-publish","format-standard","has-post-thumbnail","hentry","category-national","tag-justice","tag-mohamed-boughalleb"],"yoast_head":"<!-- This site is optimized with the Yoast SEO Premium plugin v27.5 (Yoast SEO v27.5) - https:\/\/yoast.com\/product\/yoast-seo-premium-wordpress\/ -->\n<title>Tunisie : Le proc\u00e8s de Mohamed Boughalleb report\u00e9<\/title>\n<meta name=\"description\" content=\"Accus\u00e9 d\u2019avoir port\u00e9 atteinte \u00e0 l\u2019honneur et \u00e0 la r\u00e9putation d\u2019une fonctionnaire \u00e0 travers des statuts publi\u00e9s sur sa page Facebook, Mohamed Boughalleb devait c...\" \/>\n<link rel=\"canonical\" href=\"https:\/\/www.webdo.tn\/fr\/actualite\/national\/tunisie-le-proces-de-mohamed-boughalleb-reporte\/213365\/\" \/>\n<meta property=\"og:locale\" content=\"fr_FR\" \/>\n<meta property=\"og:type\" content=\"article\" \/>\n<meta property=\"og:title\" content=\"Tunisie : Le proc\u00e8s de Mohamed Boughalleb report\u00e9\" \/>\n<meta property=\"og:description\" content=\"Accus\u00e9 d\u2019avoir port\u00e9 atteinte \u00e0 l\u2019honneur et \u00e0 la r\u00e9putation d\u2019une fonctionnaire \u00e0 travers des statuts publi\u00e9s sur sa page Facebook, Mohamed Boughalleb devait c...\" \/>\n<meta property=\"og:url\" content=\"https:\/\/www.webdo.tn\/fr\/actualite\/national\/tunisie-le-proces-de-mohamed-boughalleb-reporte\/213365\/\" \/>\n<meta property=\"og:site_name\" content=\"webdo\" \/>\n<meta property=\"article:publisher\" content=\"https:\/\/www.facebook.com\/webdotn\" \/>\n<meta property=\"article:published_time\" content=\"2024-04-03T13:40:00+00:00\" \/>\n<meta property=\"article:modified_time\" content=\"2025-05-20T21:51:44+00:00\" \/>\n<meta property=\"og:image\" content=\"https:\/\/www.webdo.tn\/fr\/wp-content\/uploads\/2024\/04\/c8d3f83d3bff869f4c0a84e3bd6db82a.jpg\" \/>\n\t<meta property=\"og:image:width\" content=\"750\" \/>\n\t<meta property=\"og:image:height\" content=\"400\" \/>\n\t<meta property=\"og:image:type\" content=\"image\/jpeg\" \/>\n<meta name=\"author\" content=\"MC\" \/>\n<meta name=\"twitter:card\" content=\"summary_large_image\" \/>\n<meta name=\"twitter:creator\" content=\"@webdo_tn\" \/>\n<meta name=\"twitter:site\" content=\"@webdo_tn\" \/>\n<meta name=\"twitter:label1\" content=\"\u00c9crit par\" \/>\n\t<meta name=\"twitter:data1\" content=\"MC\" \/>\n\t<meta name=\"twitter:label2\" content=\"Dur\u00e9e de lecture estim\u00e9e\" \/>\n\t<meta name=\"twitter:data2\" content=\"1 minute\" \/>\n<script type=\"application\/ld+json\" class=\"yoast-schema-graph\">{\"@context\":\"https:\\\/\\\/schema.org\",\"@graph\":[{\"@type\":\"NewsArticle\",\"@id\":\"https:\\\/\\\/www.webdo.tn\\\/fr\\\/actualite\\\/national\\\/tunisie-le-proces-de-mohamed-boughalleb-reporte\\\/213365\\\/#article\",\"isPartOf\":{\"@id\":\"https:\\\/\\\/www.webdo.tn\\\/fr\\\/actualite\\\/national\\\/tunisie-le-proces-de-mohamed-boughalleb-reporte\\\/213365\\\/\"},\"author\":{\"name\":\"MC\",\"@id\":\"https:\\\/\\\/www.webdo.tn\\\/fr\\\/#\\\/schema\\\/person\\\/2c4929cbf5a809e3bd38617c6ce150f6\"},\"headline\":\"Tunisie : Le proc\u00e8s de Mohamed Boughalleb report\u00e9\",\"datePublished\":\"2024-04-03T13:40:00+00:00\",\"dateModified\":\"2025-05-20T21:51:44+00:00\",\"mainEntityOfPage\":{\"@id\":\"https:\\\/\\\/www.webdo.tn\\\/fr\\\/actualite\\\/national\\\/tunisie-le-proces-de-mohamed-boughalleb-reporte\\\/213365\\\/\"},\"wordCount\":270,\"commentCount\":0,\"publisher\":{\"@id\":\"https:\\\/\\\/www.webdo.tn\\\/fr\\\/#organization\"},\"image\":{\"@id\":\"https:\\\/\\\/www.webdo.tn\\\/fr\\\/actualite\\\/national\\\/tunisie-le-proces-de-mohamed-boughalleb-reporte\\\/213365\\\/#primaryimage\"},\"thumbnailUrl\":\"https:\\\/\\\/www.webdo.tn\\\/fr\\\/wp-content\\\/uploads\\\/2024\\\/04\\\/c8d3f83d3bff869f4c0a84e3bd6db82a.jpg\",\"keywords\":[\"justice\",\"mohamed boughalleb\"],\"articleSection\":[\"National\"],\"inLanguage\":\"fr-FR\"},{\"@type\":\"WebPage\",\"@id\":\"https:\\\/\\\/www.webdo.tn\\\/fr\\\/actualite\\\/national\\\/tunisie-le-proces-de-mohamed-boughalleb-reporte\\\/213365\\\/\",\"url\":\"https:\\\/\\\/www.webdo.tn\\\/fr\\\/actualite\\\/national\\\/tunisie-le-proces-de-mohamed-boughalleb-reporte\\\/213365\\\/\",\"name\":\"Tunisie : Le proc\u00e8s de Mohamed Boughalleb report\u00e9\",\"isPartOf\":{\"@id\":\"https:\\\/\\\/www.webdo.tn\\\/fr\\\/#website\"},\"primaryImageOfPage\":{\"@id\":\"https:\\\/\\\/www.webdo.tn\\\/fr\\\/actualite\\\/national\\\/tunisie-le-proces-de-mohamed-boughalleb-reporte\\\/213365\\\/#primaryimage\"},\"image\":{\"@id\":\"https:\\\/\\\/www.webdo.tn\\\/fr\\\/actualite\\\/national\\\/tunisie-le-proces-de-mohamed-boughalleb-reporte\\\/213365\\\/#primaryimage\"},\"thumbnailUrl\":\"https:\\\/\\\/www.webdo.tn\\\/fr\\\/wp-content\\\/uploads\\\/2024\\\/04\\\/c8d3f83d3bff869f4c0a84e3bd6db82a.jpg\",\"datePublished\":\"2024-04-03T13:40:00+00:00\",\"dateModified\":\"2025-05-20T21:51:44+00:00\",\"description\":\"Accus\u00e9 d\u2019avoir port\u00e9 atteinte \u00e0 l\u2019honneur et \u00e0 la r\u00e9putation d\u2019une fonctionnaire \u00e0 travers des statuts publi\u00e9s sur sa page Facebook, Mohamed Boughalleb devait c...\",\"breadcrumb\":{\"@id\":\"https:\\\/\\\/www.webdo.tn\\\/fr\\\/actualite\\\/national\\\/tunisie-le-proces-de-mohamed-boughalleb-reporte\\\/213365\\\/#breadcrumb\"},\"inLanguage\":\"fr-FR\",\"potentialAction\":[{\"@type\":\"ReadAction\",\"target\":[\"https:\\\/\\\/www.webdo.tn\\\/fr\\\/actualite\\\/national\\\/tunisie-le-proces-de-mohamed-boughalleb-reporte\\\/213365\\\/\"]}]},{\"@type\":\"ImageObject\",\"inLanguage\":\"fr-FR\",\"@id\":\"https:\\\/\\\/www.webdo.tn\\\/fr\\\/actualite\\\/national\\\/tunisie-le-proces-de-mohamed-boughalleb-reporte\\\/213365\\\/#primaryimage\",\"url\":\"https:\\\/\\\/www.webdo.tn\\\/fr\\\/wp-content\\\/uploads\\\/2024\\\/04\\\/c8d3f83d3bff869f4c0a84e3bd6db82a.jpg\",\"contentUrl\":\"https:\\\/\\\/www.webdo.tn\\\/fr\\\/wp-content\\\/uploads\\\/2024\\\/04\\\/c8d3f83d3bff869f4c0a84e3bd6db82a.jpg\",\"width\":750,\"height\":400,\"caption\":\"Tunisie : Le proc\u00e8s de Mohamed Boughalleb report\u00e9\"},{\"@type\":\"BreadcrumbList\",\"@id\":\"https:\\\/\\\/www.webdo.tn\\\/fr\\\/actualite\\\/national\\\/tunisie-le-proces-de-mohamed-boughalleb-reporte\\\/213365\\\/#breadcrumb\",\"itemListElement\":[{\"@type\":\"ListItem\",\"position\":1,\"name\":\"Accueil\",\"item\":\"https:\\\/\\\/www.webdo.tn\\\/fr\\\/\"},{\"@type\":\"ListItem\",\"position\":2,\"name\":\"Tunisie : Le proc\u00e8s de Mohamed Boughalleb report\u00e9\"}]},{\"@type\":\"WebSite\",\"@id\":\"https:\\\/\\\/www.webdo.tn\\\/fr\\\/#website\",\"url\":\"https:\\\/\\\/www.webdo.tn\\\/fr\\\/\",\"name\":\"webdo\",\"description\":\"Tunisie - News en Tunisie et \u00e0 l&#039;international sur Webdo.tn\",\"publisher\":{\"@id\":\"https:\\\/\\\/www.webdo.tn\\\/fr\\\/#organization\"},\"potentialAction\":[{\"@type\":\"SearchAction\",\"target\":{\"@type\":\"EntryPoint\",\"urlTemplate\":\"https:\\\/\\\/www.webdo.tn\\\/fr\\\/?s={search_term_string}\"},\"query-input\":{\"@type\":\"PropertyValueSpecification\",\"valueRequired\":true,\"valueName\":\"search_term_string\"}}],\"inLanguage\":\"fr-FR\"},{\"@type\":\"Organization\",\"@id\":\"https:\\\/\\\/www.webdo.tn\\\/fr\\\/#organization\",\"name\":\"Webdo\",\"alternateName\":\"Webdo.tn\",\"url\":\"https:\\\/\\\/www.webdo.tn\\\/fr\\\/\",\"logo\":{\"@type\":\"ImageObject\",\"inLanguage\":\"fr-FR\",\"@id\":\"https:\\\/\\\/www.webdo.tn\\\/fr\\\/#\\\/schema\\\/logo\\\/image\\\/\",\"url\":\"https:\\\/\\\/www.webdo.tn\\\/fr\\\/wp-content\\\/uploads\\\/2025\\\/06\\\/Webdo-Tunisie_168377.jpg\",\"contentUrl\":\"https:\\\/\\\/www.webdo.tn\\\/fr\\\/wp-content\\\/uploads\\\/2025\\\/06\\\/Webdo-Tunisie_168377.jpg\",\"width\":301,\"height\":301,\"caption\":\"Webdo\"},\"image\":{\"@id\":\"https:\\\/\\\/www.webdo.tn\\\/fr\\\/#\\\/schema\\\/logo\\\/image\\\/\"},\"sameAs\":[\"https:\\\/\\\/www.facebook.com\\\/webdotn\",\"https:\\\/\\\/x.com\\\/webdo_tn\"],\"description\":\"Webdo est un m\u00e9dia num\u00e9rique tunisien fond\u00e9 en 2010, sp\u00e9cialis\u00e9 dans l\u2019actualit\u00e9 nationale et internationale, l\u2019\u00e9conomie, la soci\u00e9t\u00e9 et les analyses politiques. Le site s\u2019adresse \u00e0 un large public francophone et couvre l\u2019information tunisienne en temps r\u00e9el.\",\"email\":\"redac@webdo.tn\",\"legalName\":\"YNJ SARL\",\"foundingDate\":\"2010-09-06\",\"numberOfEmployees\":{\"@type\":\"QuantitativeValue\",\"minValue\":\"11\",\"maxValue\":\"50\"}},{\"@type\":\"Person\",\"@id\":\"https:\\\/\\\/www.webdo.tn\\\/fr\\\/#\\\/schema\\\/person\\\/2c4929cbf5a809e3bd38617c6ce150f6\",\"name\":\"MC\",\"image\":{\"@type\":\"ImageObject\",\"inLanguage\":\"fr-FR\",\"@id\":\"https:\\\/\\\/secure.gravatar.com\\\/avatar\\\/a545bbb6f84efdd5553dbbc2895e3ca8f1d12c5215e00a041c9670b54aa9b18a?s=96&d=mm&r=g\",\"url\":\"https:\\\/\\\/secure.gravatar.com\\\/avatar\\\/a545bbb6f84efdd5553dbbc2895e3ca8f1d12c5215e00a041c9670b54aa9b18a?s=96&d=mm&r=g\",\"contentUrl\":\"https:\\\/\\\/secure.gravatar.com\\\/avatar\\\/a545bbb6f84efdd5553dbbc2895e3ca8f1d12c5215e00a041c9670b54aa9b18a?s=96&d=mm&r=g\",\"caption\":\"MC\"},\"url\":\"https:\\\/\\\/www.webdo.tn\\\/fr\\\/actualite\\\/author\\\/mc\\\/\"}]}<\/script>\n<!-- \/ Yoast SEO Premium plugin. -->","yoast_head_json":{"title":"Tunisie : Le proc\u00e8s de Mohamed Boughalleb report\u00e9","description":"Accus\u00e9 d\u2019avoir port\u00e9 atteinte \u00e0 l\u2019honneur et \u00e0 la r\u00e9putation d\u2019une fonctionnaire \u00e0 travers des statuts publi\u00e9s sur sa page Facebook, Mohamed Boughalleb devait c...","canonical":"https:\/\/www.webdo.tn\/fr\/actualite\/national\/tunisie-le-proces-de-mohamed-boughalleb-reporte\/213365\/","og_locale":"fr_FR","og_type":"article","og_title":"Tunisie : Le proc\u00e8s de Mohamed Boughalleb report\u00e9","og_description":"Accus\u00e9 d\u2019avoir port\u00e9 atteinte \u00e0 l\u2019honneur et \u00e0 la r\u00e9putation d\u2019une fonctionnaire \u00e0 travers des statuts publi\u00e9s sur sa page Facebook, Mohamed Boughalleb devait c...","og_url":"https:\/\/www.webdo.tn\/fr\/actualite\/national\/tunisie-le-proces-de-mohamed-boughalleb-reporte\/213365\/","og_site_name":"webdo","article_publisher":"https:\/\/www.facebook.com\/webdotn","article_published_time":"2024-04-03T13:40:00+00:00","article_modified_time":"2025-05-20T21:51:44+00:00","og_image":[{"width":750,"height":400,"url":"https:\/\/www.webdo.tn\/fr\/wp-content\/uploads\/2024\/04\/c8d3f83d3bff869f4c0a84e3bd6db82a.jpg","type":"image\/jpeg"}],"author":"MC","twitter_card":"summary_large_image","twitter_creator":"@webdo_tn","twitter_site":"@webdo_tn","twitter_misc":{"\u00c9crit par":"MC","Dur\u00e9e de lecture estim\u00e9e":"1 minute"},"schema":{"@context":"https:\/\/schema.org","@graph":[{"@type":"NewsArticle","@id":"https:\/\/www.webdo.tn\/fr\/actualite\/national\/tunisie-le-proces-de-mohamed-boughalleb-reporte\/213365\/#article","isPartOf":{"@id":"https:\/\/www.webdo.tn\/fr\/actualite\/national\/tunisie-le-proces-de-mohamed-boughalleb-reporte\/213365\/"},"author":{"name":"MC","@id":"https:\/\/www.webdo.tn\/fr\/#\/schema\/person\/2c4929cbf5a809e3bd38617c6ce150f6"},"headline":"Tunisie : Le proc\u00e8s de Mohamed Boughalleb report\u00e9","datePublished":"2024-04-03T13:40:00+00:00","dateModified":"2025-05-20T21:51:44+00:00","mainEntityOfPage":{"@id":"https:\/\/www.webdo.tn\/fr\/actualite\/national\/tunisie-le-proces-de-mohamed-boughalleb-reporte\/213365\/"},"wordCount":270,"commentCount":0,"publisher":{"@id":"https:\/\/www.webdo.tn\/fr\/#organization"},"image":{"@id":"https:\/\/www.webdo.tn\/fr\/actualite\/national\/tunisie-le-proces-de-mohamed-boughalleb-reporte\/213365\/#primaryimage"},"thumbnailUrl":"https:\/\/www.webdo.tn\/fr\/wp-content\/uploads\/2024\/04\/c8d3f83d3bff869f4c0a84e3bd6db82a.jpg","keywords":["justice","mohamed boughalleb"],"articleSection":["National"],"inLanguage":"fr-FR"},{"@type":"WebPage","@id":"https:\/\/www.webdo.tn\/fr\/actualite\/national\/tunisie-le-proces-de-mohamed-boughalleb-reporte\/213365\/","url":"https:\/\/www.webdo.tn\/fr\/actualite\/national\/tunisie-le-proces-de-mohamed-boughalleb-reporte\/213365\/","name":"Tunisie : Le proc\u00e8s de Mohamed Boughalleb report\u00e9","isPartOf":{"@id":"https:\/\/www.webdo.tn\/fr\/#website"},"primaryImageOfPage":{"@id":"https:\/\/www.webdo.tn\/fr\/actualite\/national\/tunisie-le-proces-de-mohamed-boughalleb-reporte\/213365\/#primaryimage"},"image":{"@id":"https:\/\/www.webdo.tn\/fr\/actualite\/national\/tunisie-le-proces-de-mohamed-boughalleb-reporte\/213365\/#primaryimage"},"thumbnailUrl":"https:\/\/www.webdo.tn\/fr\/wp-content\/uploads\/2024\/04\/c8d3f83d3bff869f4c0a84e3bd6db82a.jpg","datePublished":"2024-04-03T13:40:00+00:00","dateModified":"2025-05-20T21:51:44+00:00","description":"Accus\u00e9 d\u2019avoir port\u00e9 atteinte \u00e0 l\u2019honneur et \u00e0 la r\u00e9putation d\u2019une fonctionnaire \u00e0 travers des statuts publi\u00e9s sur sa page Facebook, Mohamed Boughalleb devait c...","breadcrumb":{"@id":"https:\/\/www.webdo.tn\/fr\/actualite\/national\/tunisie-le-proces-de-mohamed-boughalleb-reporte\/213365\/#breadcrumb"},"inLanguage":"fr-FR","potentialAction":[{"@type":"ReadAction","target":["https:\/\/www.webdo.tn\/fr\/actualite\/national\/tunisie-le-proces-de-mohamed-boughalleb-reporte\/213365\/"]}]},{"@type":"ImageObject","inLanguage":"fr-FR","@id":"https:\/\/www.webdo.tn\/fr\/actualite\/national\/tunisie-le-proces-de-mohamed-boughalleb-reporte\/213365\/#primaryimage","url":"https:\/\/www.webdo.tn\/fr\/wp-content\/uploads\/2024\/04\/c8d3f83d3bff869f4c0a84e3bd6db82a.jpg","contentUrl":"https:\/\/www.webdo.tn\/fr\/wp-content\/uploads\/2024\/04\/c8d3f83d3bff869f4c0a84e3bd6db82a.jpg","width":750,"height":400,"caption":"Tunisie : Le proc\u00e8s de Mohamed Boughalleb report\u00e9"},{"@type":"BreadcrumbList","@id":"https:\/\/www.webdo.tn\/fr\/actualite\/national\/tunisie-le-proces-de-mohamed-boughalleb-reporte\/213365\/#breadcrumb","itemListElement":[{"@type":"ListItem","position":1,"name":"Accueil","item":"https:\/\/www.webdo.tn\/fr\/"},{"@type":"ListItem","position":2,"name":"Tunisie : Le proc\u00e8s de Mohamed Boughalleb report\u00e9"}]},{"@type":"WebSite","@id":"https:\/\/www.webdo.tn\/fr\/#website","url":"https:\/\/www.webdo.tn\/fr\/","name":"webdo","description":"Tunisie - News en Tunisie et \u00e0 l&#039;international sur Webdo.tn","publisher":{"@id":"https:\/\/www.webdo.tn\/fr\/#organization"},"potentialAction":[{"@type":"SearchAction","target":{"@type":"EntryPoint","urlTemplate":"https:\/\/www.webdo.tn\/fr\/?s={search_term_string}"},"query-input":{"@type":"PropertyValueSpecification","valueRequired":true,"valueName":"search_term_string"}}],"inLanguage":"fr-FR"},{"@type":"Organization","@id":"https:\/\/www.webdo.tn\/fr\/#organization","name":"Webdo","alternateName":"Webdo.tn","url":"https:\/\/www.webdo.tn\/fr\/","logo":{"@type":"ImageObject","inLanguage":"fr-FR","@id":"https:\/\/www.webdo.tn\/fr\/#\/schema\/logo\/image\/","url":"https:\/\/www.webdo.tn\/fr\/wp-content\/uploads\/2025\/06\/Webdo-Tunisie_168377.jpg","contentUrl":"https:\/\/www.webdo.tn\/fr\/wp-content\/uploads\/2025\/06\/Webdo-Tunisie_168377.jpg","width":301,"height":301,"caption":"Webdo"},"image":{"@id":"https:\/\/www.webdo.tn\/fr\/#\/schema\/logo\/image\/"},"sameAs":["https:\/\/www.facebook.com\/webdotn","https:\/\/x.com\/webdo_tn"],"description":"Webdo est un m\u00e9dia num\u00e9rique tunisien fond\u00e9 en 2010, sp\u00e9cialis\u00e9 dans l\u2019actualit\u00e9 nationale et internationale, l\u2019\u00e9conomie, la soci\u00e9t\u00e9 et les analyses politiques. Le site s\u2019adresse \u00e0 un large public francophone et couvre l\u2019information tunisienne en temps r\u00e9el.","email":"redac@webdo.tn","legalName":"YNJ SARL","foundingDate":"2010-09-06","numberOfEmployees":{"@type":"QuantitativeValue","minValue":"11","maxValue":"50"}},{"@type":"Person","@id":"https:\/\/www.webdo.tn\/fr\/#\/schema\/person\/2c4929cbf5a809e3bd38617c6ce150f6","name":"MC","image":{"@type":"ImageObject","inLanguage":"fr-FR","@id":"https:\/\/secure.gravatar.com\/avatar\/a545bbb6f84efdd5553dbbc2895e3ca8f1d12c5215e00a041c9670b54aa9b18a?s=96&d=mm&r=g","url":"https:\/\/secure.gravatar.com\/avatar\/a545bbb6f84efdd5553dbbc2895e3ca8f1d12c5215e00a041c9670b54aa9b18a?s=96&d=mm&r=g","contentUrl":"https:\/\/secure.gravatar.com\/avatar\/a545bbb6f84efdd5553dbbc2895e3ca8f1d12c5215e00a041c9670b54aa9b18a?s=96&d=mm&r=g","caption":"MC"},"url":"https:\/\/www.webdo.tn\/fr\/actualite\/author\/mc\/"}]}},"_links":{"self":[{"href":"https:\/\/www.webdo.tn\/fr\/wp-json\/wp\/v2\/posts\/213365","targetHints":{"allow":["GET"]}}],"collection":[{"href":"https:\/\/www.webdo.tn\/fr\/wp-json\/wp\/v2\/posts"}],"about":[{"href":"https:\/\/www.webdo.tn\/fr\/wp-json\/wp\/v2\/types\/post"}],"author":[{"embeddable":true,"href":"https:\/\/www.webdo.tn\/fr\/wp-json\/wp\/v2\/users\/3162"}],"replies":[{"embeddable":true,"href":"https:\/\/www.webdo.tn\/fr\/wp-json\/wp\/v2\/comments?post=213365"}],"version-history":[{"count":0,"href":"https:\/\/www.webdo.tn\/fr\/wp-json\/wp\/v2\/posts\/213365\/revisions"}],"wp:featuredmedia":[{"embeddable":true,"href":"https:\/\/www.webdo.tn\/fr\/wp-json\/wp\/v2\/media\/247651"}],"wp:attachment":[{"href":"https:\/\/www.webdo.tn\/fr\/wp-json\/wp\/v2\/media?parent=213365"}],"wp:term":[{"taxonomy":"category","embeddable":true,"href":"https:\/\/www.webdo.tn\/fr\/wp-json\/wp\/v2\/categories?post=213365"},{"taxonomy":"post_tag","embeddable":true,"href":"https:\/\/www.webdo.tn\/fr\/wp-json\/wp\/v2\/tags?post=213365"}],"curies":[{"name":"wp","href":"https:\/\/api.w.org\/{rel}","templated":true}]}}