{"id":213362,"date":"2024-04-03T11:54:00","date_gmt":"2024-04-03T11:54:00","guid":{"rendered":"https:\/\/www.webdo.tn\/fr\/blog\/accuse-le-journaliste-d-avoir-atteinte-a-son-honneur-et-a-sa-reputation-a-travers-des-statuts-publies-sur-sa-page-facebook\/213362\/"},"modified":"2025-05-20T21:51:43","modified_gmt":"2025-05-20T21:51:43","slug":"accuse-le-journaliste-d-avoir-atteinte-a-son-honneur-et-a-sa-reputation-a-travers-des-statuts-publies-sur-sa-page-facebook","status":"publish","type":"post","link":"https:\/\/www.webdo.tn\/fr\/actualite\/national\/accuse-le-journaliste-d-avoir-atteinte-a-son-honneur-et-a-sa-reputation-a-travers-des-statuts-publies-sur-sa-page-facebook\/213362\/","title":{"rendered":"Tunisie : Mohamed Boughalleb devant la justice"},"content":{"rendered":"<p>Le journaliste Mohamed Boughalleb compara\u00eet, ce mercredi 3 avril 2024, devant la Chambre p\u00e9nale du Tribunal de premi\u00e8re instance de Tunis. Il est accus\u00e9 d\u2019avoir port\u00e9 atteinte \u00e0 l\u2019honneur et \u00e0 la r\u00e9putation d\u2019une fonctionnaire \u00e0 travers des statuts publi\u00e9s sur sa page Facebook.<\/p>\n<p>\t\t\t\t\t\t\t\t\tMohamed Boughalleb a \u00e9t\u00e9 arr\u00eat\u00e9 le 22 mars, et plac\u00e9 en garde \u00e0 vue sur d\u00e9cision du minist\u00e8re public du Tribunal de premi\u00e8re instance de Tunis \u00e0 la suite d&rsquo;une plainte d\u00e9pos\u00e9e par une fonctionnaire du minist\u00e8re des Affaires religieuses sur fond de ses commentaires \u00e0 la radio et \u00e0 la t\u00e9l\u00e9vision sur les visites \u00e0 l&rsquo;\u00e9tranger et les politiques du minist\u00e8re.<\/p>\n<p>Elle accuse notamment le journaliste d&rsquo;avoir port\u00e9 atteinte \u00e0 son honneur et \u00e0 sa r\u00e9putation, \u00e0 travers des statuts publi\u00e9s sur sa page Facebook.<\/p>\n","protected":false},"excerpt":{"rendered":"<p>Le journaliste Mohamed Boughalleb compara\u00eet, ce mercredi 3 avril, devant la Chambre p\u00e9nale du Tribunal de premi\u00e8re instance de Tunis pour avoir port\u00e9 atteinte \u00e0&#8230;<\/p>\n","protected":false},"author":3162,"featured_media":247647,"comment_status":"open","ping_status":"closed","sticky":false,"template":"","format":"standard","meta":{"footnotes":""},"categories":[44],"tags":[3939,2608],"class_list":["post-213362","post","type-post","status-publish","format-standard","has-post-thumbnail","hentry","category-national","tag-mohamed-boughalleb","tag-tunisie"],"yoast_head":"<!-- This site is optimized with the Yoast SEO Premium plugin v27.5 (Yoast SEO v27.5) - https:\/\/yoast.com\/product\/yoast-seo-premium-wordpress\/ -->\n<title>Tunisie : Mohamed Boughalleb devant la justice<\/title>\n<meta name=\"description\" content=\"Le journaliste Mohamed Boughalleb compara\u00eet, ce mercredi 3 avril, devant la Chambre p\u00e9nale du Tribunal de premi\u00e8re instance de Tunis pour avoir port\u00e9 atteinte \u00e0...\" \/>\n<link rel=\"canonical\" href=\"https:\/\/www.webdo.tn\/fr\/actualite\/national\/accuse-le-journaliste-d-avoir-atteinte-a-son-honneur-et-a-sa-reputation-a-travers-des-statuts-publies-sur-sa-page-facebook\/213362\/\" \/>\n<meta property=\"og:locale\" content=\"fr_FR\" \/>\n<meta property=\"og:type\" content=\"article\" \/>\n<meta property=\"og:title\" content=\"Tunisie : Mohamed Boughalleb devant la justice\" \/>\n<meta property=\"og:description\" content=\"Le journaliste Mohamed Boughalleb compara\u00eet, ce mercredi 3 avril, devant la Chambre p\u00e9nale du Tribunal de premi\u00e8re instance de Tunis pour avoir port\u00e9 atteinte \u00e0...\" \/>\n<meta property=\"og:url\" content=\"https:\/\/www.webdo.tn\/fr\/actualite\/national\/accuse-le-journaliste-d-avoir-atteinte-a-son-honneur-et-a-sa-reputation-a-travers-des-statuts-publies-sur-sa-page-facebook\/213362\/\" \/>\n<meta property=\"og:site_name\" content=\"webdo\" \/>\n<meta property=\"article:publisher\" content=\"https:\/\/www.facebook.com\/webdotn\" \/>\n<meta property=\"article:published_time\" content=\"2024-04-03T11:54:00+00:00\" \/>\n<meta property=\"article:modified_time\" content=\"2025-05-20T21:51:43+00:00\" \/>\n<meta property=\"og:image\" content=\"https:\/\/www.webdo.tn\/fr\/wp-content\/uploads\/2024\/04\/f4b10ee35474f4d69555673e1550d0de.jpg\" \/>\n\t<meta property=\"og:image:width\" content=\"750\" \/>\n\t<meta property=\"og:image:height\" content=\"400\" \/>\n\t<meta property=\"og:image:type\" content=\"image\/jpeg\" \/>\n<meta name=\"author\" content=\"MC\" \/>\n<meta name=\"twitter:card\" content=\"summary_large_image\" \/>\n<meta name=\"twitter:creator\" content=\"@webdo_tn\" \/>\n<meta name=\"twitter:site\" content=\"@webdo_tn\" \/>\n<meta name=\"twitter:label1\" content=\"\u00c9crit par\" \/>\n\t<meta name=\"twitter:data1\" content=\"MC\" \/>\n\t<meta name=\"twitter:label2\" content=\"Dur\u00e9e de lecture estim\u00e9e\" \/>\n\t<meta name=\"twitter:data2\" content=\"1 minute\" \/>\n<script type=\"application\/ld+json\" class=\"yoast-schema-graph\">{\"@context\":\"https:\\\/\\\/schema.org\",\"@graph\":[{\"@type\":\"NewsArticle\",\"@id\":\"https:\\\/\\\/www.webdo.tn\\\/fr\\\/actualite\\\/national\\\/accuse-le-journaliste-d-avoir-atteinte-a-son-honneur-et-a-sa-reputation-a-travers-des-statuts-publies-sur-sa-page-facebook\\\/213362\\\/#article\",\"isPartOf\":{\"@id\":\"https:\\\/\\\/www.webdo.tn\\\/fr\\\/actualite\\\/national\\\/accuse-le-journaliste-d-avoir-atteinte-a-son-honneur-et-a-sa-reputation-a-travers-des-statuts-publies-sur-sa-page-facebook\\\/213362\\\/\"},\"author\":{\"name\":\"MC\",\"@id\":\"https:\\\/\\\/www.webdo.tn\\\/fr\\\/#\\\/schema\\\/person\\\/2c4929cbf5a809e3bd38617c6ce150f6\"},\"headline\":\"Tunisie : Mohamed Boughalleb devant la justice\",\"datePublished\":\"2024-04-03T11:54:00+00:00\",\"dateModified\":\"2025-05-20T21:51:43+00:00\",\"mainEntityOfPage\":{\"@id\":\"https:\\\/\\\/www.webdo.tn\\\/fr\\\/actualite\\\/national\\\/accuse-le-journaliste-d-avoir-atteinte-a-son-honneur-et-a-sa-reputation-a-travers-des-statuts-publies-sur-sa-page-facebook\\\/213362\\\/\"},\"wordCount\":145,\"commentCount\":0,\"publisher\":{\"@id\":\"https:\\\/\\\/www.webdo.tn\\\/fr\\\/#organization\"},\"image\":{\"@id\":\"https:\\\/\\\/www.webdo.tn\\\/fr\\\/actualite\\\/national\\\/accuse-le-journaliste-d-avoir-atteinte-a-son-honneur-et-a-sa-reputation-a-travers-des-statuts-publies-sur-sa-page-facebook\\\/213362\\\/#primaryimage\"},\"thumbnailUrl\":\"https:\\\/\\\/www.webdo.tn\\\/fr\\\/wp-content\\\/uploads\\\/2024\\\/04\\\/f4b10ee35474f4d69555673e1550d0de.jpg\",\"keywords\":[\"mohamed boughalleb\",\"Tunisie\"],\"articleSection\":[\"National\"],\"inLanguage\":\"fr-FR\"},{\"@type\":\"WebPage\",\"@id\":\"https:\\\/\\\/www.webdo.tn\\\/fr\\\/actualite\\\/national\\\/accuse-le-journaliste-d-avoir-atteinte-a-son-honneur-et-a-sa-reputation-a-travers-des-statuts-publies-sur-sa-page-facebook\\\/213362\\\/\",\"url\":\"https:\\\/\\\/www.webdo.tn\\\/fr\\\/actualite\\\/national\\\/accuse-le-journaliste-d-avoir-atteinte-a-son-honneur-et-a-sa-reputation-a-travers-des-statuts-publies-sur-sa-page-facebook\\\/213362\\\/\",\"name\":\"Tunisie : Mohamed Boughalleb devant la justice\",\"isPartOf\":{\"@id\":\"https:\\\/\\\/www.webdo.tn\\\/fr\\\/#website\"},\"primaryImageOfPage\":{\"@id\":\"https:\\\/\\\/www.webdo.tn\\\/fr\\\/actualite\\\/national\\\/accuse-le-journaliste-d-avoir-atteinte-a-son-honneur-et-a-sa-reputation-a-travers-des-statuts-publies-sur-sa-page-facebook\\\/213362\\\/#primaryimage\"},\"image\":{\"@id\":\"https:\\\/\\\/www.webdo.tn\\\/fr\\\/actualite\\\/national\\\/accuse-le-journaliste-d-avoir-atteinte-a-son-honneur-et-a-sa-reputation-a-travers-des-statuts-publies-sur-sa-page-facebook\\\/213362\\\/#primaryimage\"},\"thumbnailUrl\":\"https:\\\/\\\/www.webdo.tn\\\/fr\\\/wp-content\\\/uploads\\\/2024\\\/04\\\/f4b10ee35474f4d69555673e1550d0de.jpg\",\"datePublished\":\"2024-04-03T11:54:00+00:00\",\"dateModified\":\"2025-05-20T21:51:43+00:00\",\"description\":\"Le journaliste Mohamed Boughalleb compara\u00eet, ce mercredi 3 avril, devant la Chambre p\u00e9nale du Tribunal de premi\u00e8re instance de Tunis pour avoir port\u00e9 atteinte \u00e0...\",\"breadcrumb\":{\"@id\":\"https:\\\/\\\/www.webdo.tn\\\/fr\\\/actualite\\\/national\\\/accuse-le-journaliste-d-avoir-atteinte-a-son-honneur-et-a-sa-reputation-a-travers-des-statuts-publies-sur-sa-page-facebook\\\/213362\\\/#breadcrumb\"},\"inLanguage\":\"fr-FR\",\"potentialAction\":[{\"@type\":\"ReadAction\",\"target\":[\"https:\\\/\\\/www.webdo.tn\\\/fr\\\/actualite\\\/national\\\/accuse-le-journaliste-d-avoir-atteinte-a-son-honneur-et-a-sa-reputation-a-travers-des-statuts-publies-sur-sa-page-facebook\\\/213362\\\/\"]}]},{\"@type\":\"ImageObject\",\"inLanguage\":\"fr-FR\",\"@id\":\"https:\\\/\\\/www.webdo.tn\\\/fr\\\/actualite\\\/national\\\/accuse-le-journaliste-d-avoir-atteinte-a-son-honneur-et-a-sa-reputation-a-travers-des-statuts-publies-sur-sa-page-facebook\\\/213362\\\/#primaryimage\",\"url\":\"https:\\\/\\\/www.webdo.tn\\\/fr\\\/wp-content\\\/uploads\\\/2024\\\/04\\\/f4b10ee35474f4d69555673e1550d0de.jpg\",\"contentUrl\":\"https:\\\/\\\/www.webdo.tn\\\/fr\\\/wp-content\\\/uploads\\\/2024\\\/04\\\/f4b10ee35474f4d69555673e1550d0de.jpg\",\"width\":750,\"height\":400,\"caption\":\"Tunisie : Mohamed Boughalleb devant la justice\"},{\"@type\":\"BreadcrumbList\",\"@id\":\"https:\\\/\\\/www.webdo.tn\\\/fr\\\/actualite\\\/national\\\/accuse-le-journaliste-d-avoir-atteinte-a-son-honneur-et-a-sa-reputation-a-travers-des-statuts-publies-sur-sa-page-facebook\\\/213362\\\/#breadcrumb\",\"itemListElement\":[{\"@type\":\"ListItem\",\"position\":1,\"name\":\"Accueil\",\"item\":\"https:\\\/\\\/www.webdo.tn\\\/fr\\\/\"},{\"@type\":\"ListItem\",\"position\":2,\"name\":\"Tunisie : Mohamed Boughalleb devant la justice\"}]},{\"@type\":\"WebSite\",\"@id\":\"https:\\\/\\\/www.webdo.tn\\\/fr\\\/#website\",\"url\":\"https:\\\/\\\/www.webdo.tn\\\/fr\\\/\",\"name\":\"webdo\",\"description\":\"Tunisie - News en Tunisie et \u00e0 l&#039;international sur Webdo.tn\",\"publisher\":{\"@id\":\"https:\\\/\\\/www.webdo.tn\\\/fr\\\/#organization\"},\"potentialAction\":[{\"@type\":\"SearchAction\",\"target\":{\"@type\":\"EntryPoint\",\"urlTemplate\":\"https:\\\/\\\/www.webdo.tn\\\/fr\\\/?s={search_term_string}\"},\"query-input\":{\"@type\":\"PropertyValueSpecification\",\"valueRequired\":true,\"valueName\":\"search_term_string\"}}],\"inLanguage\":\"fr-FR\"},{\"@type\":\"Organization\",\"@id\":\"https:\\\/\\\/www.webdo.tn\\\/fr\\\/#organization\",\"name\":\"Webdo\",\"alternateName\":\"Webdo.tn\",\"url\":\"https:\\\/\\\/www.webdo.tn\\\/fr\\\/\",\"logo\":{\"@type\":\"ImageObject\",\"inLanguage\":\"fr-FR\",\"@id\":\"https:\\\/\\\/www.webdo.tn\\\/fr\\\/#\\\/schema\\\/logo\\\/image\\\/\",\"url\":\"https:\\\/\\\/www.webdo.tn\\\/fr\\\/wp-content\\\/uploads\\\/2025\\\/06\\\/Webdo-Tunisie_168377.jpg\",\"contentUrl\":\"https:\\\/\\\/www.webdo.tn\\\/fr\\\/wp-content\\\/uploads\\\/2025\\\/06\\\/Webdo-Tunisie_168377.jpg\",\"width\":301,\"height\":301,\"caption\":\"Webdo\"},\"image\":{\"@id\":\"https:\\\/\\\/www.webdo.tn\\\/fr\\\/#\\\/schema\\\/logo\\\/image\\\/\"},\"sameAs\":[\"https:\\\/\\\/www.facebook.com\\\/webdotn\",\"https:\\\/\\\/x.com\\\/webdo_tn\"],\"description\":\"Webdo est un m\u00e9dia num\u00e9rique tunisien fond\u00e9 en 2010, sp\u00e9cialis\u00e9 dans l\u2019actualit\u00e9 nationale et internationale, l\u2019\u00e9conomie, la soci\u00e9t\u00e9 et les analyses politiques. Le site s\u2019adresse \u00e0 un large public francophone et couvre l\u2019information tunisienne en temps r\u00e9el.\",\"email\":\"redac@webdo.tn\",\"legalName\":\"YNJ SARL\",\"foundingDate\":\"2010-09-06\",\"numberOfEmployees\":{\"@type\":\"QuantitativeValue\",\"minValue\":\"11\",\"maxValue\":\"50\"}},{\"@type\":\"Person\",\"@id\":\"https:\\\/\\\/www.webdo.tn\\\/fr\\\/#\\\/schema\\\/person\\\/2c4929cbf5a809e3bd38617c6ce150f6\",\"name\":\"MC\",\"image\":{\"@type\":\"ImageObject\",\"inLanguage\":\"fr-FR\",\"@id\":\"https:\\\/\\\/secure.gravatar.com\\\/avatar\\\/a545bbb6f84efdd5553dbbc2895e3ca8f1d12c5215e00a041c9670b54aa9b18a?s=96&d=mm&r=g\",\"url\":\"https:\\\/\\\/secure.gravatar.com\\\/avatar\\\/a545bbb6f84efdd5553dbbc2895e3ca8f1d12c5215e00a041c9670b54aa9b18a?s=96&d=mm&r=g\",\"contentUrl\":\"https:\\\/\\\/secure.gravatar.com\\\/avatar\\\/a545bbb6f84efdd5553dbbc2895e3ca8f1d12c5215e00a041c9670b54aa9b18a?s=96&d=mm&r=g\",\"caption\":\"MC\"},\"url\":\"https:\\\/\\\/www.webdo.tn\\\/fr\\\/actualite\\\/author\\\/mc\\\/\"}]}<\/script>\n<!-- \/ Yoast SEO Premium plugin. -->","yoast_head_json":{"title":"Tunisie : Mohamed Boughalleb devant la justice","description":"Le journaliste Mohamed Boughalleb compara\u00eet, ce mercredi 3 avril, devant la Chambre p\u00e9nale du Tribunal de premi\u00e8re instance de Tunis pour avoir port\u00e9 atteinte \u00e0...","canonical":"https:\/\/www.webdo.tn\/fr\/actualite\/national\/accuse-le-journaliste-d-avoir-atteinte-a-son-honneur-et-a-sa-reputation-a-travers-des-statuts-publies-sur-sa-page-facebook\/213362\/","og_locale":"fr_FR","og_type":"article","og_title":"Tunisie : Mohamed Boughalleb devant la justice","og_description":"Le journaliste Mohamed Boughalleb compara\u00eet, ce mercredi 3 avril, devant la Chambre p\u00e9nale du Tribunal de premi\u00e8re instance de Tunis pour avoir port\u00e9 atteinte \u00e0...","og_url":"https:\/\/www.webdo.tn\/fr\/actualite\/national\/accuse-le-journaliste-d-avoir-atteinte-a-son-honneur-et-a-sa-reputation-a-travers-des-statuts-publies-sur-sa-page-facebook\/213362\/","og_site_name":"webdo","article_publisher":"https:\/\/www.facebook.com\/webdotn","article_published_time":"2024-04-03T11:54:00+00:00","article_modified_time":"2025-05-20T21:51:43+00:00","og_image":[{"width":750,"height":400,"url":"https:\/\/www.webdo.tn\/fr\/wp-content\/uploads\/2024\/04\/f4b10ee35474f4d69555673e1550d0de.jpg","type":"image\/jpeg"}],"author":"MC","twitter_card":"summary_large_image","twitter_creator":"@webdo_tn","twitter_site":"@webdo_tn","twitter_misc":{"\u00c9crit par":"MC","Dur\u00e9e de lecture estim\u00e9e":"1 minute"},"schema":{"@context":"https:\/\/schema.org","@graph":[{"@type":"NewsArticle","@id":"https:\/\/www.webdo.tn\/fr\/actualite\/national\/accuse-le-journaliste-d-avoir-atteinte-a-son-honneur-et-a-sa-reputation-a-travers-des-statuts-publies-sur-sa-page-facebook\/213362\/#article","isPartOf":{"@id":"https:\/\/www.webdo.tn\/fr\/actualite\/national\/accuse-le-journaliste-d-avoir-atteinte-a-son-honneur-et-a-sa-reputation-a-travers-des-statuts-publies-sur-sa-page-facebook\/213362\/"},"author":{"name":"MC","@id":"https:\/\/www.webdo.tn\/fr\/#\/schema\/person\/2c4929cbf5a809e3bd38617c6ce150f6"},"headline":"Tunisie : Mohamed Boughalleb devant la justice","datePublished":"2024-04-03T11:54:00+00:00","dateModified":"2025-05-20T21:51:43+00:00","mainEntityOfPage":{"@id":"https:\/\/www.webdo.tn\/fr\/actualite\/national\/accuse-le-journaliste-d-avoir-atteinte-a-son-honneur-et-a-sa-reputation-a-travers-des-statuts-publies-sur-sa-page-facebook\/213362\/"},"wordCount":145,"commentCount":0,"publisher":{"@id":"https:\/\/www.webdo.tn\/fr\/#organization"},"image":{"@id":"https:\/\/www.webdo.tn\/fr\/actualite\/national\/accuse-le-journaliste-d-avoir-atteinte-a-son-honneur-et-a-sa-reputation-a-travers-des-statuts-publies-sur-sa-page-facebook\/213362\/#primaryimage"},"thumbnailUrl":"https:\/\/www.webdo.tn\/fr\/wp-content\/uploads\/2024\/04\/f4b10ee35474f4d69555673e1550d0de.jpg","keywords":["mohamed boughalleb","Tunisie"],"articleSection":["National"],"inLanguage":"fr-FR"},{"@type":"WebPage","@id":"https:\/\/www.webdo.tn\/fr\/actualite\/national\/accuse-le-journaliste-d-avoir-atteinte-a-son-honneur-et-a-sa-reputation-a-travers-des-statuts-publies-sur-sa-page-facebook\/213362\/","url":"https:\/\/www.webdo.tn\/fr\/actualite\/national\/accuse-le-journaliste-d-avoir-atteinte-a-son-honneur-et-a-sa-reputation-a-travers-des-statuts-publies-sur-sa-page-facebook\/213362\/","name":"Tunisie : Mohamed Boughalleb devant la justice","isPartOf":{"@id":"https:\/\/www.webdo.tn\/fr\/#website"},"primaryImageOfPage":{"@id":"https:\/\/www.webdo.tn\/fr\/actualite\/national\/accuse-le-journaliste-d-avoir-atteinte-a-son-honneur-et-a-sa-reputation-a-travers-des-statuts-publies-sur-sa-page-facebook\/213362\/#primaryimage"},"image":{"@id":"https:\/\/www.webdo.tn\/fr\/actualite\/national\/accuse-le-journaliste-d-avoir-atteinte-a-son-honneur-et-a-sa-reputation-a-travers-des-statuts-publies-sur-sa-page-facebook\/213362\/#primaryimage"},"thumbnailUrl":"https:\/\/www.webdo.tn\/fr\/wp-content\/uploads\/2024\/04\/f4b10ee35474f4d69555673e1550d0de.jpg","datePublished":"2024-04-03T11:54:00+00:00","dateModified":"2025-05-20T21:51:43+00:00","description":"Le journaliste Mohamed Boughalleb compara\u00eet, ce mercredi 3 avril, devant la Chambre p\u00e9nale du Tribunal de premi\u00e8re instance de Tunis pour avoir port\u00e9 atteinte \u00e0...","breadcrumb":{"@id":"https:\/\/www.webdo.tn\/fr\/actualite\/national\/accuse-le-journaliste-d-avoir-atteinte-a-son-honneur-et-a-sa-reputation-a-travers-des-statuts-publies-sur-sa-page-facebook\/213362\/#breadcrumb"},"inLanguage":"fr-FR","potentialAction":[{"@type":"ReadAction","target":["https:\/\/www.webdo.tn\/fr\/actualite\/national\/accuse-le-journaliste-d-avoir-atteinte-a-son-honneur-et-a-sa-reputation-a-travers-des-statuts-publies-sur-sa-page-facebook\/213362\/"]}]},{"@type":"ImageObject","inLanguage":"fr-FR","@id":"https:\/\/www.webdo.tn\/fr\/actualite\/national\/accuse-le-journaliste-d-avoir-atteinte-a-son-honneur-et-a-sa-reputation-a-travers-des-statuts-publies-sur-sa-page-facebook\/213362\/#primaryimage","url":"https:\/\/www.webdo.tn\/fr\/wp-content\/uploads\/2024\/04\/f4b10ee35474f4d69555673e1550d0de.jpg","contentUrl":"https:\/\/www.webdo.tn\/fr\/wp-content\/uploads\/2024\/04\/f4b10ee35474f4d69555673e1550d0de.jpg","width":750,"height":400,"caption":"Tunisie : Mohamed Boughalleb devant la justice"},{"@type":"BreadcrumbList","@id":"https:\/\/www.webdo.tn\/fr\/actualite\/national\/accuse-le-journaliste-d-avoir-atteinte-a-son-honneur-et-a-sa-reputation-a-travers-des-statuts-publies-sur-sa-page-facebook\/213362\/#breadcrumb","itemListElement":[{"@type":"ListItem","position":1,"name":"Accueil","item":"https:\/\/www.webdo.tn\/fr\/"},{"@type":"ListItem","position":2,"name":"Tunisie : Mohamed Boughalleb devant la justice"}]},{"@type":"WebSite","@id":"https:\/\/www.webdo.tn\/fr\/#website","url":"https:\/\/www.webdo.tn\/fr\/","name":"webdo","description":"Tunisie - News en Tunisie et \u00e0 l&#039;international sur Webdo.tn","publisher":{"@id":"https:\/\/www.webdo.tn\/fr\/#organization"},"potentialAction":[{"@type":"SearchAction","target":{"@type":"EntryPoint","urlTemplate":"https:\/\/www.webdo.tn\/fr\/?s={search_term_string}"},"query-input":{"@type":"PropertyValueSpecification","valueRequired":true,"valueName":"search_term_string"}}],"inLanguage":"fr-FR"},{"@type":"Organization","@id":"https:\/\/www.webdo.tn\/fr\/#organization","name":"Webdo","alternateName":"Webdo.tn","url":"https:\/\/www.webdo.tn\/fr\/","logo":{"@type":"ImageObject","inLanguage":"fr-FR","@id":"https:\/\/www.webdo.tn\/fr\/#\/schema\/logo\/image\/","url":"https:\/\/www.webdo.tn\/fr\/wp-content\/uploads\/2025\/06\/Webdo-Tunisie_168377.jpg","contentUrl":"https:\/\/www.webdo.tn\/fr\/wp-content\/uploads\/2025\/06\/Webdo-Tunisie_168377.jpg","width":301,"height":301,"caption":"Webdo"},"image":{"@id":"https:\/\/www.webdo.tn\/fr\/#\/schema\/logo\/image\/"},"sameAs":["https:\/\/www.facebook.com\/webdotn","https:\/\/x.com\/webdo_tn"],"description":"Webdo est un m\u00e9dia num\u00e9rique tunisien fond\u00e9 en 2010, sp\u00e9cialis\u00e9 dans l\u2019actualit\u00e9 nationale et internationale, l\u2019\u00e9conomie, la soci\u00e9t\u00e9 et les analyses politiques. Le site s\u2019adresse \u00e0 un large public francophone et couvre l\u2019information tunisienne en temps r\u00e9el.","email":"redac@webdo.tn","legalName":"YNJ SARL","foundingDate":"2010-09-06","numberOfEmployees":{"@type":"QuantitativeValue","minValue":"11","maxValue":"50"}},{"@type":"Person","@id":"https:\/\/www.webdo.tn\/fr\/#\/schema\/person\/2c4929cbf5a809e3bd38617c6ce150f6","name":"MC","image":{"@type":"ImageObject","inLanguage":"fr-FR","@id":"https:\/\/secure.gravatar.com\/avatar\/a545bbb6f84efdd5553dbbc2895e3ca8f1d12c5215e00a041c9670b54aa9b18a?s=96&d=mm&r=g","url":"https:\/\/secure.gravatar.com\/avatar\/a545bbb6f84efdd5553dbbc2895e3ca8f1d12c5215e00a041c9670b54aa9b18a?s=96&d=mm&r=g","contentUrl":"https:\/\/secure.gravatar.com\/avatar\/a545bbb6f84efdd5553dbbc2895e3ca8f1d12c5215e00a041c9670b54aa9b18a?s=96&d=mm&r=g","caption":"MC"},"url":"https:\/\/www.webdo.tn\/fr\/actualite\/author\/mc\/"}]}},"_links":{"self":[{"href":"https:\/\/www.webdo.tn\/fr\/wp-json\/wp\/v2\/posts\/213362","targetHints":{"allow":["GET"]}}],"collection":[{"href":"https:\/\/www.webdo.tn\/fr\/wp-json\/wp\/v2\/posts"}],"about":[{"href":"https:\/\/www.webdo.tn\/fr\/wp-json\/wp\/v2\/types\/post"}],"author":[{"embeddable":true,"href":"https:\/\/www.webdo.tn\/fr\/wp-json\/wp\/v2\/users\/3162"}],"replies":[{"embeddable":true,"href":"https:\/\/www.webdo.tn\/fr\/wp-json\/wp\/v2\/comments?post=213362"}],"version-history":[{"count":0,"href":"https:\/\/www.webdo.tn\/fr\/wp-json\/wp\/v2\/posts\/213362\/revisions"}],"wp:featuredmedia":[{"embeddable":true,"href":"https:\/\/www.webdo.tn\/fr\/wp-json\/wp\/v2\/media\/247647"}],"wp:attachment":[{"href":"https:\/\/www.webdo.tn\/fr\/wp-json\/wp\/v2\/media?parent=213362"}],"wp:term":[{"taxonomy":"category","embeddable":true,"href":"https:\/\/www.webdo.tn\/fr\/wp-json\/wp\/v2\/categories?post=213362"},{"taxonomy":"post_tag","embeddable":true,"href":"https:\/\/www.webdo.tn\/fr\/wp-json\/wp\/v2\/tags?post=213362"}],"curies":[{"name":"wp","href":"https:\/\/api.w.org\/{rel}","templated":true}]}}