{"id":213348,"date":"2024-04-02T21:23:00","date_gmt":"2024-04-02T21:23:00","guid":{"rendered":"https:\/\/www.webdo.tn\/fr\/blog\/drame-en-irak-20-ecoliers-ecrases-par-un-camion-6-morts\/213348\/"},"modified":"2025-05-20T22:12:39","modified_gmt":"2025-05-20T22:12:39","slug":"drame-en-irak-20-ecoliers-ecrases-par-un-camion-6-morts","status":"publish","type":"post","link":"https:\/\/www.webdo.tn\/fr\/actualite\/international\/drame-en-irak-20-ecoliers-ecrases-par-un-camion-6-morts\/213348\/","title":{"rendered":"Drame en Irak : 20 \u00e9coliers \u00e9cras\u00e9s par un camion, 6 morts"},"content":{"rendered":"<p>Un tr\u00e8s grave accident de la route a co\u00fbt\u00e9 la vie \u00e0 6 enfants en Irak, \u00e9cras\u00e9s par un camion. Quatorze autres ont \u00e9t\u00e9 bless\u00e9s dans l\u2019accident.<\/p>\n<p>\t\t\t\t\t\t\t\t\tSix \u00e9l\u00e8ves ont \u00e9t\u00e9 tu\u00e9s et 14 autres bless\u00e9s dans un accident survenu pr\u00e8s d&rsquo;une \u00e9cole primaire dans le nord de la province de Bassorah, o\u00f9 un camion a renvers\u00e9 une vingtaine d\u2019\u00e9l\u00e8ves, ont annonc\u00e9, ce mardi 2 avril 2024, les autorit\u00e9s irakiennes.<\/p>\n<p>Le conducteur d&rsquo;un camion a renvers\u00e9 20 \u00e9l\u00e8ves, tuant six d\u2019entre eux, \u00e0 Bassorah avant d\u2019\u00eatre arr\u00eat\u00e9 a en outre confirm\u00e9 le minist\u00e8re de l&rsquo;Int\u00e9rieur irakien.<\/p>\n<p>D\u2019apr\u00e8s les premiers \u00e9l\u00e9ments, le conducteur du camion a perdu le contr\u00f4le de son v\u00e9hicule en raison d&rsquo;un mauvais fonctionnement des freins, ce qui a provoqu\u00e9 l&rsquo;accident \u00e0 la sortie des cours alors que les \u00e9l\u00e8ves quittaient l&rsquo;\u00e9cole primaire Zainab dans la zone d&rsquo;al-Hartha \u00e0 15 kilom\u00e8tres du centre de Bassorah,<\/p>\n<p>La province de Bassorah a d\u00e9cr\u00e9t\u00e9 trois jours de deuil.<\/p>\n","protected":false},"excerpt":{"rendered":"<p>Six \u00e9l\u00e8ves ont \u00e9t\u00e9 tu\u00e9s et 14 autres bless\u00e9s dans un accident survenu pr\u00e8s d&rsquo;une \u00e9cole primaire dans le nord de la province de Bassorah, o\u00f9 un camion a renvers\u00e9&#8230;<\/p>\n","protected":false},"author":3162,"featured_media":290430,"comment_status":"open","ping_status":"closed","sticky":false,"template":"","format":"standard","meta":{"footnotes":""},"categories":[2598],"tags":[3915,3209,2867,3208],"class_list":["post-213348","post","type-post","status-publish","format-standard","has-post-thumbnail","hentry","category-international","tag-accident","tag-eleves","tag-irak","tag-morts"],"yoast_head":"<!-- This site is optimized with the Yoast SEO Premium plugin v27.5 (Yoast SEO v27.5) - https:\/\/yoast.com\/product\/yoast-seo-premium-wordpress\/ -->\n<title>Drame en Irak : 20 \u00e9coliers \u00e9cras\u00e9s par un camion, 6 morts<\/title>\n<meta name=\"description\" content=\"Six \u00e9l\u00e8ves ont \u00e9t\u00e9 tu\u00e9s et 14 autres bless\u00e9s dans un accident survenu pr\u00e8s d&#039;une \u00e9cole primaire dans le nord de la province de Bassorah, o\u00f9 un camion a renvers\u00e9...\" \/>\n<link rel=\"canonical\" href=\"https:\/\/www.webdo.tn\/fr\/actualite\/international\/drame-en-irak-20-ecoliers-ecrases-par-un-camion-6-morts\/213348\/\" \/>\n<meta property=\"og:locale\" content=\"fr_FR\" \/>\n<meta property=\"og:type\" content=\"article\" \/>\n<meta property=\"og:title\" content=\"Drame en Irak : 20 \u00e9coliers \u00e9cras\u00e9s par un camion, 6 morts\" \/>\n<meta property=\"og:description\" content=\"Six \u00e9l\u00e8ves ont \u00e9t\u00e9 tu\u00e9s et 14 autres bless\u00e9s dans un accident survenu pr\u00e8s d&#039;une \u00e9cole primaire dans le nord de la province de Bassorah, o\u00f9 un camion a renvers\u00e9...\" \/>\n<meta property=\"og:url\" content=\"https:\/\/www.webdo.tn\/fr\/actualite\/international\/drame-en-irak-20-ecoliers-ecrases-par-un-camion-6-morts\/213348\/\" \/>\n<meta property=\"og:site_name\" content=\"webdo\" \/>\n<meta property=\"article:publisher\" content=\"https:\/\/www.facebook.com\/webdotn\" \/>\n<meta property=\"article:published_time\" content=\"2024-04-02T21:23:00+00:00\" \/>\n<meta property=\"article:modified_time\" content=\"2025-05-20T22:12:39+00:00\" \/>\n<meta property=\"og:image\" content=\"https:\/\/www.webdo.tn\/fr\/wp-content\/uploads\/2024\/04\/9ccbea5c522ea827128e3a9d01d04f89.jpg\" \/>\n\t<meta property=\"og:image:width\" content=\"750\" \/>\n\t<meta property=\"og:image:height\" content=\"400\" \/>\n\t<meta property=\"og:image:type\" content=\"image\/jpeg\" \/>\n<meta name=\"author\" content=\"MC\" \/>\n<meta name=\"twitter:card\" content=\"summary_large_image\" \/>\n<meta name=\"twitter:creator\" content=\"@webdo_tn\" \/>\n<meta name=\"twitter:site\" content=\"@webdo_tn\" \/>\n<meta name=\"twitter:label1\" content=\"\u00c9crit par\" \/>\n\t<meta name=\"twitter:data1\" content=\"MC\" \/>\n\t<meta name=\"twitter:label2\" content=\"Dur\u00e9e de lecture estim\u00e9e\" \/>\n\t<meta name=\"twitter:data2\" content=\"1 minute\" \/>\n<script type=\"application\/ld+json\" class=\"yoast-schema-graph\">{\"@context\":\"https:\\\/\\\/schema.org\",\"@graph\":[{\"@type\":\"NewsArticle\",\"@id\":\"https:\\\/\\\/www.webdo.tn\\\/fr\\\/actualite\\\/international\\\/drame-en-irak-20-ecoliers-ecrases-par-un-camion-6-morts\\\/213348\\\/#article\",\"isPartOf\":{\"@id\":\"https:\\\/\\\/www.webdo.tn\\\/fr\\\/actualite\\\/international\\\/drame-en-irak-20-ecoliers-ecrases-par-un-camion-6-morts\\\/213348\\\/\"},\"author\":{\"name\":\"MC\",\"@id\":\"https:\\\/\\\/www.webdo.tn\\\/fr\\\/#\\\/schema\\\/person\\\/2c4929cbf5a809e3bd38617c6ce150f6\"},\"headline\":\"Drame en Irak : 20 \u00e9coliers \u00e9cras\u00e9s par un camion, 6 morts\",\"datePublished\":\"2024-04-02T21:23:00+00:00\",\"dateModified\":\"2025-05-20T22:12:39+00:00\",\"mainEntityOfPage\":{\"@id\":\"https:\\\/\\\/www.webdo.tn\\\/fr\\\/actualite\\\/international\\\/drame-en-irak-20-ecoliers-ecrases-par-un-camion-6-morts\\\/213348\\\/\"},\"wordCount\":191,\"commentCount\":0,\"publisher\":{\"@id\":\"https:\\\/\\\/www.webdo.tn\\\/fr\\\/#organization\"},\"image\":{\"@id\":\"https:\\\/\\\/www.webdo.tn\\\/fr\\\/actualite\\\/international\\\/drame-en-irak-20-ecoliers-ecrases-par-un-camion-6-morts\\\/213348\\\/#primaryimage\"},\"thumbnailUrl\":\"https:\\\/\\\/www.webdo.tn\\\/fr\\\/wp-content\\\/uploads\\\/2024\\\/04\\\/9ccbea5c522ea827128e3a9d01d04f89.jpg\",\"keywords\":[\"accident\",\"\u00e9l\u00e8ves\",\"irak\",\"morts\"],\"articleSection\":[\"International\"],\"inLanguage\":\"fr-FR\"},{\"@type\":\"WebPage\",\"@id\":\"https:\\\/\\\/www.webdo.tn\\\/fr\\\/actualite\\\/international\\\/drame-en-irak-20-ecoliers-ecrases-par-un-camion-6-morts\\\/213348\\\/\",\"url\":\"https:\\\/\\\/www.webdo.tn\\\/fr\\\/actualite\\\/international\\\/drame-en-irak-20-ecoliers-ecrases-par-un-camion-6-morts\\\/213348\\\/\",\"name\":\"Drame en Irak : 20 \u00e9coliers \u00e9cras\u00e9s par un camion, 6 morts\",\"isPartOf\":{\"@id\":\"https:\\\/\\\/www.webdo.tn\\\/fr\\\/#website\"},\"primaryImageOfPage\":{\"@id\":\"https:\\\/\\\/www.webdo.tn\\\/fr\\\/actualite\\\/international\\\/drame-en-irak-20-ecoliers-ecrases-par-un-camion-6-morts\\\/213348\\\/#primaryimage\"},\"image\":{\"@id\":\"https:\\\/\\\/www.webdo.tn\\\/fr\\\/actualite\\\/international\\\/drame-en-irak-20-ecoliers-ecrases-par-un-camion-6-morts\\\/213348\\\/#primaryimage\"},\"thumbnailUrl\":\"https:\\\/\\\/www.webdo.tn\\\/fr\\\/wp-content\\\/uploads\\\/2024\\\/04\\\/9ccbea5c522ea827128e3a9d01d04f89.jpg\",\"datePublished\":\"2024-04-02T21:23:00+00:00\",\"dateModified\":\"2025-05-20T22:12:39+00:00\",\"description\":\"Six \u00e9l\u00e8ves ont \u00e9t\u00e9 tu\u00e9s et 14 autres bless\u00e9s dans un accident survenu pr\u00e8s d'une \u00e9cole primaire dans le nord de la province de Bassorah, o\u00f9 un camion a renvers\u00e9...\",\"breadcrumb\":{\"@id\":\"https:\\\/\\\/www.webdo.tn\\\/fr\\\/actualite\\\/international\\\/drame-en-irak-20-ecoliers-ecrases-par-un-camion-6-morts\\\/213348\\\/#breadcrumb\"},\"inLanguage\":\"fr-FR\",\"potentialAction\":[{\"@type\":\"ReadAction\",\"target\":[\"https:\\\/\\\/www.webdo.tn\\\/fr\\\/actualite\\\/international\\\/drame-en-irak-20-ecoliers-ecrases-par-un-camion-6-morts\\\/213348\\\/\"]}]},{\"@type\":\"ImageObject\",\"inLanguage\":\"fr-FR\",\"@id\":\"https:\\\/\\\/www.webdo.tn\\\/fr\\\/actualite\\\/international\\\/drame-en-irak-20-ecoliers-ecrases-par-un-camion-6-morts\\\/213348\\\/#primaryimage\",\"url\":\"https:\\\/\\\/www.webdo.tn\\\/fr\\\/wp-content\\\/uploads\\\/2024\\\/04\\\/9ccbea5c522ea827128e3a9d01d04f89.jpg\",\"contentUrl\":\"https:\\\/\\\/www.webdo.tn\\\/fr\\\/wp-content\\\/uploads\\\/2024\\\/04\\\/9ccbea5c522ea827128e3a9d01d04f89.jpg\",\"width\":750,\"height\":400,\"caption\":\"Drame en Irak : 20 \u00e9coliers \u00e9cras\u00e9s par un camion, 6 morts\"},{\"@type\":\"BreadcrumbList\",\"@id\":\"https:\\\/\\\/www.webdo.tn\\\/fr\\\/actualite\\\/international\\\/drame-en-irak-20-ecoliers-ecrases-par-un-camion-6-morts\\\/213348\\\/#breadcrumb\",\"itemListElement\":[{\"@type\":\"ListItem\",\"position\":1,\"name\":\"Accueil\",\"item\":\"https:\\\/\\\/www.webdo.tn\\\/fr\\\/\"},{\"@type\":\"ListItem\",\"position\":2,\"name\":\"Drame en Irak : 20 \u00e9coliers \u00e9cras\u00e9s par un camion, 6 morts\"}]},{\"@type\":\"WebSite\",\"@id\":\"https:\\\/\\\/www.webdo.tn\\\/fr\\\/#website\",\"url\":\"https:\\\/\\\/www.webdo.tn\\\/fr\\\/\",\"name\":\"webdo\",\"description\":\"Tunisie - News en Tunisie et \u00e0 l&#039;international sur Webdo.tn\",\"publisher\":{\"@id\":\"https:\\\/\\\/www.webdo.tn\\\/fr\\\/#organization\"},\"potentialAction\":[{\"@type\":\"SearchAction\",\"target\":{\"@type\":\"EntryPoint\",\"urlTemplate\":\"https:\\\/\\\/www.webdo.tn\\\/fr\\\/?s={search_term_string}\"},\"query-input\":{\"@type\":\"PropertyValueSpecification\",\"valueRequired\":true,\"valueName\":\"search_term_string\"}}],\"inLanguage\":\"fr-FR\"},{\"@type\":\"Organization\",\"@id\":\"https:\\\/\\\/www.webdo.tn\\\/fr\\\/#organization\",\"name\":\"Webdo\",\"alternateName\":\"Webdo.tn\",\"url\":\"https:\\\/\\\/www.webdo.tn\\\/fr\\\/\",\"logo\":{\"@type\":\"ImageObject\",\"inLanguage\":\"fr-FR\",\"@id\":\"https:\\\/\\\/www.webdo.tn\\\/fr\\\/#\\\/schema\\\/logo\\\/image\\\/\",\"url\":\"https:\\\/\\\/www.webdo.tn\\\/fr\\\/wp-content\\\/uploads\\\/2025\\\/06\\\/Webdo-Tunisie_168377.jpg\",\"contentUrl\":\"https:\\\/\\\/www.webdo.tn\\\/fr\\\/wp-content\\\/uploads\\\/2025\\\/06\\\/Webdo-Tunisie_168377.jpg\",\"width\":301,\"height\":301,\"caption\":\"Webdo\"},\"image\":{\"@id\":\"https:\\\/\\\/www.webdo.tn\\\/fr\\\/#\\\/schema\\\/logo\\\/image\\\/\"},\"sameAs\":[\"https:\\\/\\\/www.facebook.com\\\/webdotn\",\"https:\\\/\\\/x.com\\\/webdo_tn\"],\"description\":\"Webdo est un m\u00e9dia num\u00e9rique tunisien fond\u00e9 en 2010, sp\u00e9cialis\u00e9 dans l\u2019actualit\u00e9 nationale et internationale, l\u2019\u00e9conomie, la soci\u00e9t\u00e9 et les analyses politiques. Le site s\u2019adresse \u00e0 un large public francophone et couvre l\u2019information tunisienne en temps r\u00e9el.\",\"email\":\"redac@webdo.tn\",\"legalName\":\"YNJ SARL\",\"foundingDate\":\"2010-09-06\",\"numberOfEmployees\":{\"@type\":\"QuantitativeValue\",\"minValue\":\"11\",\"maxValue\":\"50\"}},{\"@type\":\"Person\",\"@id\":\"https:\\\/\\\/www.webdo.tn\\\/fr\\\/#\\\/schema\\\/person\\\/2c4929cbf5a809e3bd38617c6ce150f6\",\"name\":\"MC\",\"image\":{\"@type\":\"ImageObject\",\"inLanguage\":\"fr-FR\",\"@id\":\"https:\\\/\\\/secure.gravatar.com\\\/avatar\\\/a545bbb6f84efdd5553dbbc2895e3ca8f1d12c5215e00a041c9670b54aa9b18a?s=96&d=mm&r=g\",\"url\":\"https:\\\/\\\/secure.gravatar.com\\\/avatar\\\/a545bbb6f84efdd5553dbbc2895e3ca8f1d12c5215e00a041c9670b54aa9b18a?s=96&d=mm&r=g\",\"contentUrl\":\"https:\\\/\\\/secure.gravatar.com\\\/avatar\\\/a545bbb6f84efdd5553dbbc2895e3ca8f1d12c5215e00a041c9670b54aa9b18a?s=96&d=mm&r=g\",\"caption\":\"MC\"},\"url\":\"https:\\\/\\\/www.webdo.tn\\\/fr\\\/actualite\\\/author\\\/mc\\\/\"}]}<\/script>\n<!-- \/ Yoast SEO Premium plugin. -->","yoast_head_json":{"title":"Drame en Irak : 20 \u00e9coliers \u00e9cras\u00e9s par un camion, 6 morts","description":"Six \u00e9l\u00e8ves ont \u00e9t\u00e9 tu\u00e9s et 14 autres bless\u00e9s dans un accident survenu pr\u00e8s d'une \u00e9cole primaire dans le nord de la province de Bassorah, o\u00f9 un camion a renvers\u00e9...","canonical":"https:\/\/www.webdo.tn\/fr\/actualite\/international\/drame-en-irak-20-ecoliers-ecrases-par-un-camion-6-morts\/213348\/","og_locale":"fr_FR","og_type":"article","og_title":"Drame en Irak : 20 \u00e9coliers \u00e9cras\u00e9s par un camion, 6 morts","og_description":"Six \u00e9l\u00e8ves ont \u00e9t\u00e9 tu\u00e9s et 14 autres bless\u00e9s dans un accident survenu pr\u00e8s d'une \u00e9cole primaire dans le nord de la province de Bassorah, o\u00f9 un camion a renvers\u00e9...","og_url":"https:\/\/www.webdo.tn\/fr\/actualite\/international\/drame-en-irak-20-ecoliers-ecrases-par-un-camion-6-morts\/213348\/","og_site_name":"webdo","article_publisher":"https:\/\/www.facebook.com\/webdotn","article_published_time":"2024-04-02T21:23:00+00:00","article_modified_time":"2025-05-20T22:12:39+00:00","og_image":[{"width":750,"height":400,"url":"https:\/\/www.webdo.tn\/fr\/wp-content\/uploads\/2024\/04\/9ccbea5c522ea827128e3a9d01d04f89.jpg","type":"image\/jpeg"}],"author":"MC","twitter_card":"summary_large_image","twitter_creator":"@webdo_tn","twitter_site":"@webdo_tn","twitter_misc":{"\u00c9crit par":"MC","Dur\u00e9e de lecture estim\u00e9e":"1 minute"},"schema":{"@context":"https:\/\/schema.org","@graph":[{"@type":"NewsArticle","@id":"https:\/\/www.webdo.tn\/fr\/actualite\/international\/drame-en-irak-20-ecoliers-ecrases-par-un-camion-6-morts\/213348\/#article","isPartOf":{"@id":"https:\/\/www.webdo.tn\/fr\/actualite\/international\/drame-en-irak-20-ecoliers-ecrases-par-un-camion-6-morts\/213348\/"},"author":{"name":"MC","@id":"https:\/\/www.webdo.tn\/fr\/#\/schema\/person\/2c4929cbf5a809e3bd38617c6ce150f6"},"headline":"Drame en Irak : 20 \u00e9coliers \u00e9cras\u00e9s par un camion, 6 morts","datePublished":"2024-04-02T21:23:00+00:00","dateModified":"2025-05-20T22:12:39+00:00","mainEntityOfPage":{"@id":"https:\/\/www.webdo.tn\/fr\/actualite\/international\/drame-en-irak-20-ecoliers-ecrases-par-un-camion-6-morts\/213348\/"},"wordCount":191,"commentCount":0,"publisher":{"@id":"https:\/\/www.webdo.tn\/fr\/#organization"},"image":{"@id":"https:\/\/www.webdo.tn\/fr\/actualite\/international\/drame-en-irak-20-ecoliers-ecrases-par-un-camion-6-morts\/213348\/#primaryimage"},"thumbnailUrl":"https:\/\/www.webdo.tn\/fr\/wp-content\/uploads\/2024\/04\/9ccbea5c522ea827128e3a9d01d04f89.jpg","keywords":["accident","\u00e9l\u00e8ves","irak","morts"],"articleSection":["International"],"inLanguage":"fr-FR"},{"@type":"WebPage","@id":"https:\/\/www.webdo.tn\/fr\/actualite\/international\/drame-en-irak-20-ecoliers-ecrases-par-un-camion-6-morts\/213348\/","url":"https:\/\/www.webdo.tn\/fr\/actualite\/international\/drame-en-irak-20-ecoliers-ecrases-par-un-camion-6-morts\/213348\/","name":"Drame en Irak : 20 \u00e9coliers \u00e9cras\u00e9s par un camion, 6 morts","isPartOf":{"@id":"https:\/\/www.webdo.tn\/fr\/#website"},"primaryImageOfPage":{"@id":"https:\/\/www.webdo.tn\/fr\/actualite\/international\/drame-en-irak-20-ecoliers-ecrases-par-un-camion-6-morts\/213348\/#primaryimage"},"image":{"@id":"https:\/\/www.webdo.tn\/fr\/actualite\/international\/drame-en-irak-20-ecoliers-ecrases-par-un-camion-6-morts\/213348\/#primaryimage"},"thumbnailUrl":"https:\/\/www.webdo.tn\/fr\/wp-content\/uploads\/2024\/04\/9ccbea5c522ea827128e3a9d01d04f89.jpg","datePublished":"2024-04-02T21:23:00+00:00","dateModified":"2025-05-20T22:12:39+00:00","description":"Six \u00e9l\u00e8ves ont \u00e9t\u00e9 tu\u00e9s et 14 autres bless\u00e9s dans un accident survenu pr\u00e8s d'une \u00e9cole primaire dans le nord de la province de Bassorah, o\u00f9 un camion a renvers\u00e9...","breadcrumb":{"@id":"https:\/\/www.webdo.tn\/fr\/actualite\/international\/drame-en-irak-20-ecoliers-ecrases-par-un-camion-6-morts\/213348\/#breadcrumb"},"inLanguage":"fr-FR","potentialAction":[{"@type":"ReadAction","target":["https:\/\/www.webdo.tn\/fr\/actualite\/international\/drame-en-irak-20-ecoliers-ecrases-par-un-camion-6-morts\/213348\/"]}]},{"@type":"ImageObject","inLanguage":"fr-FR","@id":"https:\/\/www.webdo.tn\/fr\/actualite\/international\/drame-en-irak-20-ecoliers-ecrases-par-un-camion-6-morts\/213348\/#primaryimage","url":"https:\/\/www.webdo.tn\/fr\/wp-content\/uploads\/2024\/04\/9ccbea5c522ea827128e3a9d01d04f89.jpg","contentUrl":"https:\/\/www.webdo.tn\/fr\/wp-content\/uploads\/2024\/04\/9ccbea5c522ea827128e3a9d01d04f89.jpg","width":750,"height":400,"caption":"Drame en Irak : 20 \u00e9coliers \u00e9cras\u00e9s par un camion, 6 morts"},{"@type":"BreadcrumbList","@id":"https:\/\/www.webdo.tn\/fr\/actualite\/international\/drame-en-irak-20-ecoliers-ecrases-par-un-camion-6-morts\/213348\/#breadcrumb","itemListElement":[{"@type":"ListItem","position":1,"name":"Accueil","item":"https:\/\/www.webdo.tn\/fr\/"},{"@type":"ListItem","position":2,"name":"Drame en Irak : 20 \u00e9coliers \u00e9cras\u00e9s par un camion, 6 morts"}]},{"@type":"WebSite","@id":"https:\/\/www.webdo.tn\/fr\/#website","url":"https:\/\/www.webdo.tn\/fr\/","name":"webdo","description":"Tunisie - News en Tunisie et \u00e0 l&#039;international sur Webdo.tn","publisher":{"@id":"https:\/\/www.webdo.tn\/fr\/#organization"},"potentialAction":[{"@type":"SearchAction","target":{"@type":"EntryPoint","urlTemplate":"https:\/\/www.webdo.tn\/fr\/?s={search_term_string}"},"query-input":{"@type":"PropertyValueSpecification","valueRequired":true,"valueName":"search_term_string"}}],"inLanguage":"fr-FR"},{"@type":"Organization","@id":"https:\/\/www.webdo.tn\/fr\/#organization","name":"Webdo","alternateName":"Webdo.tn","url":"https:\/\/www.webdo.tn\/fr\/","logo":{"@type":"ImageObject","inLanguage":"fr-FR","@id":"https:\/\/www.webdo.tn\/fr\/#\/schema\/logo\/image\/","url":"https:\/\/www.webdo.tn\/fr\/wp-content\/uploads\/2025\/06\/Webdo-Tunisie_168377.jpg","contentUrl":"https:\/\/www.webdo.tn\/fr\/wp-content\/uploads\/2025\/06\/Webdo-Tunisie_168377.jpg","width":301,"height":301,"caption":"Webdo"},"image":{"@id":"https:\/\/www.webdo.tn\/fr\/#\/schema\/logo\/image\/"},"sameAs":["https:\/\/www.facebook.com\/webdotn","https:\/\/x.com\/webdo_tn"],"description":"Webdo est un m\u00e9dia num\u00e9rique tunisien fond\u00e9 en 2010, sp\u00e9cialis\u00e9 dans l\u2019actualit\u00e9 nationale et internationale, l\u2019\u00e9conomie, la soci\u00e9t\u00e9 et les analyses politiques. Le site s\u2019adresse \u00e0 un large public francophone et couvre l\u2019information tunisienne en temps r\u00e9el.","email":"redac@webdo.tn","legalName":"YNJ SARL","foundingDate":"2010-09-06","numberOfEmployees":{"@type":"QuantitativeValue","minValue":"11","maxValue":"50"}},{"@type":"Person","@id":"https:\/\/www.webdo.tn\/fr\/#\/schema\/person\/2c4929cbf5a809e3bd38617c6ce150f6","name":"MC","image":{"@type":"ImageObject","inLanguage":"fr-FR","@id":"https:\/\/secure.gravatar.com\/avatar\/a545bbb6f84efdd5553dbbc2895e3ca8f1d12c5215e00a041c9670b54aa9b18a?s=96&d=mm&r=g","url":"https:\/\/secure.gravatar.com\/avatar\/a545bbb6f84efdd5553dbbc2895e3ca8f1d12c5215e00a041c9670b54aa9b18a?s=96&d=mm&r=g","contentUrl":"https:\/\/secure.gravatar.com\/avatar\/a545bbb6f84efdd5553dbbc2895e3ca8f1d12c5215e00a041c9670b54aa9b18a?s=96&d=mm&r=g","caption":"MC"},"url":"https:\/\/www.webdo.tn\/fr\/actualite\/author\/mc\/"}]}},"_links":{"self":[{"href":"https:\/\/www.webdo.tn\/fr\/wp-json\/wp\/v2\/posts\/213348","targetHints":{"allow":["GET"]}}],"collection":[{"href":"https:\/\/www.webdo.tn\/fr\/wp-json\/wp\/v2\/posts"}],"about":[{"href":"https:\/\/www.webdo.tn\/fr\/wp-json\/wp\/v2\/types\/post"}],"author":[{"embeddable":true,"href":"https:\/\/www.webdo.tn\/fr\/wp-json\/wp\/v2\/users\/3162"}],"replies":[{"embeddable":true,"href":"https:\/\/www.webdo.tn\/fr\/wp-json\/wp\/v2\/comments?post=213348"}],"version-history":[{"count":0,"href":"https:\/\/www.webdo.tn\/fr\/wp-json\/wp\/v2\/posts\/213348\/revisions"}],"wp:featuredmedia":[{"embeddable":true,"href":"https:\/\/www.webdo.tn\/fr\/wp-json\/wp\/v2\/media\/290430"}],"wp:attachment":[{"href":"https:\/\/www.webdo.tn\/fr\/wp-json\/wp\/v2\/media?parent=213348"}],"wp:term":[{"taxonomy":"category","embeddable":true,"href":"https:\/\/www.webdo.tn\/fr\/wp-json\/wp\/v2\/categories?post=213348"},{"taxonomy":"post_tag","embeddable":true,"href":"https:\/\/www.webdo.tn\/fr\/wp-json\/wp\/v2\/tags?post=213348"}],"curies":[{"name":"wp","href":"https:\/\/api.w.org\/{rel}","templated":true}]}}