{"id":213347,"date":"2024-04-02T21:14:00","date_gmt":"2024-04-02T21:14:00","guid":{"rendered":"https:\/\/www.webdo.tn\/fr\/blog\/84-personnes-intoxiquees-a-cause-du-lait-a-djerba\/213347\/"},"modified":"2025-05-20T22:12:39","modified_gmt":"2025-05-20T22:12:39","slug":"84-personnes-intoxiquees-a-cause-du-lait-a-djerba","status":"publish","type":"post","link":"https:\/\/www.webdo.tn\/fr\/actualite\/regions\/84-personnes-intoxiquees-a-cause-du-lait-a-djerba\/213347\/","title":{"rendered":"Tunisie : 84 personnes intoxiqu\u00e9es au lait \u00e0 Djerba"},"content":{"rendered":"<p>Leur \u00e9tat de sant\u00e9 n\u2019est pas menac\u00e9, mais 84 personnes ont \u00e9t\u00e9 intoxiqu\u00e9es au lait \u00e0 Djerba.<\/p>\n<p>\t\t\t\t\t\t\t\t\tQuatre-vingt-quatre personnes ont \u00e9t\u00e9 intoxiqu\u00e9es au lait a indiqu\u00e9 Moncef Bouguerba, coordinateur r\u00e9gional de l&rsquo;Agence de s\u00e9curit\u00e9 alimentaire, r\u00e9v\u00e9lant que tous les cas d\u2019intoxication ont \u00e9t\u00e9 enregistr\u00e9s suer l&rsquo;\u00eele de Djerba.<\/p>\n<p>Il a pr\u00e9cis\u00e9, ce mardi 2 avril 2024 sur les ondes de Mosaique fm, que ces cas ne pr\u00e9sentent pas de danger et que leur intoxication a \u00e9t\u00e9 provoqu\u00e9e par la consommation de produits laitier.<\/p>\n<p>Il a \u00e9galement soulign\u00e9 que l\u2019unit\u00e9 de production de lait de Houmet Souk, d\u2019o\u00f9 sont issus ces produits laitiers, a \u00e9t\u00e9 ferm\u00e9e et que 2500 litres de lait et de rayeb ont \u00e9t\u00e9 retir\u00e9s du march\u00e9.<\/p>\n","protected":false},"excerpt":{"rendered":"<p>Quatre-vingt-quatre personnes ont \u00e9t\u00e9 intoxiqu\u00e9es au lait \u00e0 Djerba.<\/p>\n","protected":false},"author":3162,"featured_media":290431,"comment_status":"open","ping_status":"closed","sticky":false,"template":"","format":"standard","meta":{"footnotes":""},"categories":[2595],"tags":[3696,5891,5618],"class_list":["post-213347","post","type-post","status-publish","format-standard","has-post-thumbnail","hentry","category-regions","tag-djerba","tag-intoxication","tag-lait"],"yoast_head":"<!-- This site is optimized with the Yoast SEO Premium plugin v27.5 (Yoast SEO v27.5) - https:\/\/yoast.com\/product\/yoast-seo-premium-wordpress\/ -->\n<title>Tunisie : 84 personnes intoxiqu\u00e9es au lait \u00e0 Djerba<\/title>\n<meta name=\"description\" content=\"Quatre-vingt-quatre personnes ont \u00e9t\u00e9 intoxiqu\u00e9es au lait \u00e0 Djerba.\" \/>\n<link rel=\"canonical\" href=\"https:\/\/www.webdo.tn\/fr\/actualite\/regions\/84-personnes-intoxiquees-a-cause-du-lait-a-djerba\/213347\/\" \/>\n<meta property=\"og:locale\" content=\"fr_FR\" \/>\n<meta property=\"og:type\" content=\"article\" \/>\n<meta property=\"og:title\" content=\"Tunisie : 84 personnes intoxiqu\u00e9es au lait \u00e0 Djerba\" \/>\n<meta property=\"og:description\" content=\"Quatre-vingt-quatre personnes ont \u00e9t\u00e9 intoxiqu\u00e9es au lait \u00e0 Djerba.\" \/>\n<meta property=\"og:url\" content=\"https:\/\/www.webdo.tn\/fr\/actualite\/regions\/84-personnes-intoxiquees-a-cause-du-lait-a-djerba\/213347\/\" \/>\n<meta property=\"og:site_name\" content=\"webdo\" \/>\n<meta property=\"article:publisher\" content=\"https:\/\/www.facebook.com\/webdotn\" \/>\n<meta property=\"article:published_time\" content=\"2024-04-02T21:14:00+00:00\" \/>\n<meta property=\"article:modified_time\" content=\"2025-05-20T22:12:39+00:00\" \/>\n<meta property=\"og:image\" content=\"https:\/\/www.webdo.tn\/fr\/wp-content\/uploads\/2024\/04\/a574a1fb4ed09ba362821fa61c9931e2.jpg\" \/>\n\t<meta property=\"og:image:width\" content=\"740\" \/>\n\t<meta property=\"og:image:height\" content=\"395\" \/>\n\t<meta property=\"og:image:type\" content=\"image\/jpeg\" \/>\n<meta name=\"author\" content=\"MC\" \/>\n<meta name=\"twitter:card\" content=\"summary_large_image\" \/>\n<meta name=\"twitter:creator\" content=\"@webdo_tn\" \/>\n<meta name=\"twitter:site\" content=\"@webdo_tn\" \/>\n<meta name=\"twitter:label1\" content=\"\u00c9crit par\" \/>\n\t<meta name=\"twitter:data1\" content=\"MC\" \/>\n\t<meta name=\"twitter:label2\" content=\"Dur\u00e9e de lecture estim\u00e9e\" \/>\n\t<meta name=\"twitter:data2\" content=\"1 minute\" \/>\n<script type=\"application\/ld+json\" class=\"yoast-schema-graph\">{\"@context\":\"https:\\\/\\\/schema.org\",\"@graph\":[{\"@type\":\"NewsArticle\",\"@id\":\"https:\\\/\\\/www.webdo.tn\\\/fr\\\/actualite\\\/regions\\\/84-personnes-intoxiquees-a-cause-du-lait-a-djerba\\\/213347\\\/#article\",\"isPartOf\":{\"@id\":\"https:\\\/\\\/www.webdo.tn\\\/fr\\\/actualite\\\/regions\\\/84-personnes-intoxiquees-a-cause-du-lait-a-djerba\\\/213347\\\/\"},\"author\":{\"name\":\"MC\",\"@id\":\"https:\\\/\\\/www.webdo.tn\\\/fr\\\/#\\\/schema\\\/person\\\/2c4929cbf5a809e3bd38617c6ce150f6\"},\"headline\":\"Tunisie : 84 personnes intoxiqu\u00e9es au lait \u00e0 Djerba\",\"datePublished\":\"2024-04-02T21:14:00+00:00\",\"dateModified\":\"2025-05-20T22:12:39+00:00\",\"mainEntityOfPage\":{\"@id\":\"https:\\\/\\\/www.webdo.tn\\\/fr\\\/actualite\\\/regions\\\/84-personnes-intoxiquees-a-cause-du-lait-a-djerba\\\/213347\\\/\"},\"wordCount\":139,\"commentCount\":0,\"publisher\":{\"@id\":\"https:\\\/\\\/www.webdo.tn\\\/fr\\\/#organization\"},\"image\":{\"@id\":\"https:\\\/\\\/www.webdo.tn\\\/fr\\\/actualite\\\/regions\\\/84-personnes-intoxiquees-a-cause-du-lait-a-djerba\\\/213347\\\/#primaryimage\"},\"thumbnailUrl\":\"https:\\\/\\\/www.webdo.tn\\\/fr\\\/wp-content\\\/uploads\\\/2024\\\/04\\\/a574a1fb4ed09ba362821fa61c9931e2.jpg\",\"keywords\":[\"djerba\",\"intoxication\",\"Lait\"],\"articleSection\":[\"regions\"],\"inLanguage\":\"fr-FR\"},{\"@type\":\"WebPage\",\"@id\":\"https:\\\/\\\/www.webdo.tn\\\/fr\\\/actualite\\\/regions\\\/84-personnes-intoxiquees-a-cause-du-lait-a-djerba\\\/213347\\\/\",\"url\":\"https:\\\/\\\/www.webdo.tn\\\/fr\\\/actualite\\\/regions\\\/84-personnes-intoxiquees-a-cause-du-lait-a-djerba\\\/213347\\\/\",\"name\":\"Tunisie : 84 personnes intoxiqu\u00e9es au lait \u00e0 Djerba\",\"isPartOf\":{\"@id\":\"https:\\\/\\\/www.webdo.tn\\\/fr\\\/#website\"},\"primaryImageOfPage\":{\"@id\":\"https:\\\/\\\/www.webdo.tn\\\/fr\\\/actualite\\\/regions\\\/84-personnes-intoxiquees-a-cause-du-lait-a-djerba\\\/213347\\\/#primaryimage\"},\"image\":{\"@id\":\"https:\\\/\\\/www.webdo.tn\\\/fr\\\/actualite\\\/regions\\\/84-personnes-intoxiquees-a-cause-du-lait-a-djerba\\\/213347\\\/#primaryimage\"},\"thumbnailUrl\":\"https:\\\/\\\/www.webdo.tn\\\/fr\\\/wp-content\\\/uploads\\\/2024\\\/04\\\/a574a1fb4ed09ba362821fa61c9931e2.jpg\",\"datePublished\":\"2024-04-02T21:14:00+00:00\",\"dateModified\":\"2025-05-20T22:12:39+00:00\",\"description\":\"Quatre-vingt-quatre personnes ont \u00e9t\u00e9 intoxiqu\u00e9es au lait \u00e0 Djerba.\",\"breadcrumb\":{\"@id\":\"https:\\\/\\\/www.webdo.tn\\\/fr\\\/actualite\\\/regions\\\/84-personnes-intoxiquees-a-cause-du-lait-a-djerba\\\/213347\\\/#breadcrumb\"},\"inLanguage\":\"fr-FR\",\"potentialAction\":[{\"@type\":\"ReadAction\",\"target\":[\"https:\\\/\\\/www.webdo.tn\\\/fr\\\/actualite\\\/regions\\\/84-personnes-intoxiquees-a-cause-du-lait-a-djerba\\\/213347\\\/\"]}]},{\"@type\":\"ImageObject\",\"inLanguage\":\"fr-FR\",\"@id\":\"https:\\\/\\\/www.webdo.tn\\\/fr\\\/actualite\\\/regions\\\/84-personnes-intoxiquees-a-cause-du-lait-a-djerba\\\/213347\\\/#primaryimage\",\"url\":\"https:\\\/\\\/www.webdo.tn\\\/fr\\\/wp-content\\\/uploads\\\/2024\\\/04\\\/a574a1fb4ed09ba362821fa61c9931e2.jpg\",\"contentUrl\":\"https:\\\/\\\/www.webdo.tn\\\/fr\\\/wp-content\\\/uploads\\\/2024\\\/04\\\/a574a1fb4ed09ba362821fa61c9931e2.jpg\",\"width\":740,\"height\":395,\"caption\":\"Tunisie : 84 personnes intoxiqu\u00e9es au lait \u00e0 Djerba\"},{\"@type\":\"BreadcrumbList\",\"@id\":\"https:\\\/\\\/www.webdo.tn\\\/fr\\\/actualite\\\/regions\\\/84-personnes-intoxiquees-a-cause-du-lait-a-djerba\\\/213347\\\/#breadcrumb\",\"itemListElement\":[{\"@type\":\"ListItem\",\"position\":1,\"name\":\"Accueil\",\"item\":\"https:\\\/\\\/www.webdo.tn\\\/fr\\\/\"},{\"@type\":\"ListItem\",\"position\":2,\"name\":\"Tunisie : 84 personnes intoxiqu\u00e9es au lait \u00e0 Djerba\"}]},{\"@type\":\"WebSite\",\"@id\":\"https:\\\/\\\/www.webdo.tn\\\/fr\\\/#website\",\"url\":\"https:\\\/\\\/www.webdo.tn\\\/fr\\\/\",\"name\":\"webdo\",\"description\":\"Tunisie - News en Tunisie et \u00e0 l&#039;international sur Webdo.tn\",\"publisher\":{\"@id\":\"https:\\\/\\\/www.webdo.tn\\\/fr\\\/#organization\"},\"potentialAction\":[{\"@type\":\"SearchAction\",\"target\":{\"@type\":\"EntryPoint\",\"urlTemplate\":\"https:\\\/\\\/www.webdo.tn\\\/fr\\\/?s={search_term_string}\"},\"query-input\":{\"@type\":\"PropertyValueSpecification\",\"valueRequired\":true,\"valueName\":\"search_term_string\"}}],\"inLanguage\":\"fr-FR\"},{\"@type\":\"Organization\",\"@id\":\"https:\\\/\\\/www.webdo.tn\\\/fr\\\/#organization\",\"name\":\"Webdo\",\"alternateName\":\"Webdo.tn\",\"url\":\"https:\\\/\\\/www.webdo.tn\\\/fr\\\/\",\"logo\":{\"@type\":\"ImageObject\",\"inLanguage\":\"fr-FR\",\"@id\":\"https:\\\/\\\/www.webdo.tn\\\/fr\\\/#\\\/schema\\\/logo\\\/image\\\/\",\"url\":\"https:\\\/\\\/www.webdo.tn\\\/fr\\\/wp-content\\\/uploads\\\/2025\\\/06\\\/Webdo-Tunisie_168377.jpg\",\"contentUrl\":\"https:\\\/\\\/www.webdo.tn\\\/fr\\\/wp-content\\\/uploads\\\/2025\\\/06\\\/Webdo-Tunisie_168377.jpg\",\"width\":301,\"height\":301,\"caption\":\"Webdo\"},\"image\":{\"@id\":\"https:\\\/\\\/www.webdo.tn\\\/fr\\\/#\\\/schema\\\/logo\\\/image\\\/\"},\"sameAs\":[\"https:\\\/\\\/www.facebook.com\\\/webdotn\",\"https:\\\/\\\/x.com\\\/webdo_tn\"],\"description\":\"Webdo est un m\u00e9dia num\u00e9rique tunisien fond\u00e9 en 2010, sp\u00e9cialis\u00e9 dans l\u2019actualit\u00e9 nationale et internationale, l\u2019\u00e9conomie, la soci\u00e9t\u00e9 et les analyses politiques. Le site s\u2019adresse \u00e0 un large public francophone et couvre l\u2019information tunisienne en temps r\u00e9el.\",\"email\":\"redac@webdo.tn\",\"legalName\":\"YNJ SARL\",\"foundingDate\":\"2010-09-06\",\"numberOfEmployees\":{\"@type\":\"QuantitativeValue\",\"minValue\":\"11\",\"maxValue\":\"50\"}},{\"@type\":\"Person\",\"@id\":\"https:\\\/\\\/www.webdo.tn\\\/fr\\\/#\\\/schema\\\/person\\\/2c4929cbf5a809e3bd38617c6ce150f6\",\"name\":\"MC\",\"image\":{\"@type\":\"ImageObject\",\"inLanguage\":\"fr-FR\",\"@id\":\"https:\\\/\\\/secure.gravatar.com\\\/avatar\\\/a545bbb6f84efdd5553dbbc2895e3ca8f1d12c5215e00a041c9670b54aa9b18a?s=96&d=mm&r=g\",\"url\":\"https:\\\/\\\/secure.gravatar.com\\\/avatar\\\/a545bbb6f84efdd5553dbbc2895e3ca8f1d12c5215e00a041c9670b54aa9b18a?s=96&d=mm&r=g\",\"contentUrl\":\"https:\\\/\\\/secure.gravatar.com\\\/avatar\\\/a545bbb6f84efdd5553dbbc2895e3ca8f1d12c5215e00a041c9670b54aa9b18a?s=96&d=mm&r=g\",\"caption\":\"MC\"},\"url\":\"https:\\\/\\\/www.webdo.tn\\\/fr\\\/actualite\\\/author\\\/mc\\\/\"}]}<\/script>\n<!-- \/ Yoast SEO Premium plugin. -->","yoast_head_json":{"title":"Tunisie : 84 personnes intoxiqu\u00e9es au lait \u00e0 Djerba","description":"Quatre-vingt-quatre personnes ont \u00e9t\u00e9 intoxiqu\u00e9es au lait \u00e0 Djerba.","canonical":"https:\/\/www.webdo.tn\/fr\/actualite\/regions\/84-personnes-intoxiquees-a-cause-du-lait-a-djerba\/213347\/","og_locale":"fr_FR","og_type":"article","og_title":"Tunisie : 84 personnes intoxiqu\u00e9es au lait \u00e0 Djerba","og_description":"Quatre-vingt-quatre personnes ont \u00e9t\u00e9 intoxiqu\u00e9es au lait \u00e0 Djerba.","og_url":"https:\/\/www.webdo.tn\/fr\/actualite\/regions\/84-personnes-intoxiquees-a-cause-du-lait-a-djerba\/213347\/","og_site_name":"webdo","article_publisher":"https:\/\/www.facebook.com\/webdotn","article_published_time":"2024-04-02T21:14:00+00:00","article_modified_time":"2025-05-20T22:12:39+00:00","og_image":[{"width":740,"height":395,"url":"https:\/\/www.webdo.tn\/fr\/wp-content\/uploads\/2024\/04\/a574a1fb4ed09ba362821fa61c9931e2.jpg","type":"image\/jpeg"}],"author":"MC","twitter_card":"summary_large_image","twitter_creator":"@webdo_tn","twitter_site":"@webdo_tn","twitter_misc":{"\u00c9crit par":"MC","Dur\u00e9e de lecture estim\u00e9e":"1 minute"},"schema":{"@context":"https:\/\/schema.org","@graph":[{"@type":"NewsArticle","@id":"https:\/\/www.webdo.tn\/fr\/actualite\/regions\/84-personnes-intoxiquees-a-cause-du-lait-a-djerba\/213347\/#article","isPartOf":{"@id":"https:\/\/www.webdo.tn\/fr\/actualite\/regions\/84-personnes-intoxiquees-a-cause-du-lait-a-djerba\/213347\/"},"author":{"name":"MC","@id":"https:\/\/www.webdo.tn\/fr\/#\/schema\/person\/2c4929cbf5a809e3bd38617c6ce150f6"},"headline":"Tunisie : 84 personnes intoxiqu\u00e9es au lait \u00e0 Djerba","datePublished":"2024-04-02T21:14:00+00:00","dateModified":"2025-05-20T22:12:39+00:00","mainEntityOfPage":{"@id":"https:\/\/www.webdo.tn\/fr\/actualite\/regions\/84-personnes-intoxiquees-a-cause-du-lait-a-djerba\/213347\/"},"wordCount":139,"commentCount":0,"publisher":{"@id":"https:\/\/www.webdo.tn\/fr\/#organization"},"image":{"@id":"https:\/\/www.webdo.tn\/fr\/actualite\/regions\/84-personnes-intoxiquees-a-cause-du-lait-a-djerba\/213347\/#primaryimage"},"thumbnailUrl":"https:\/\/www.webdo.tn\/fr\/wp-content\/uploads\/2024\/04\/a574a1fb4ed09ba362821fa61c9931e2.jpg","keywords":["djerba","intoxication","Lait"],"articleSection":["regions"],"inLanguage":"fr-FR"},{"@type":"WebPage","@id":"https:\/\/www.webdo.tn\/fr\/actualite\/regions\/84-personnes-intoxiquees-a-cause-du-lait-a-djerba\/213347\/","url":"https:\/\/www.webdo.tn\/fr\/actualite\/regions\/84-personnes-intoxiquees-a-cause-du-lait-a-djerba\/213347\/","name":"Tunisie : 84 personnes intoxiqu\u00e9es au lait \u00e0 Djerba","isPartOf":{"@id":"https:\/\/www.webdo.tn\/fr\/#website"},"primaryImageOfPage":{"@id":"https:\/\/www.webdo.tn\/fr\/actualite\/regions\/84-personnes-intoxiquees-a-cause-du-lait-a-djerba\/213347\/#primaryimage"},"image":{"@id":"https:\/\/www.webdo.tn\/fr\/actualite\/regions\/84-personnes-intoxiquees-a-cause-du-lait-a-djerba\/213347\/#primaryimage"},"thumbnailUrl":"https:\/\/www.webdo.tn\/fr\/wp-content\/uploads\/2024\/04\/a574a1fb4ed09ba362821fa61c9931e2.jpg","datePublished":"2024-04-02T21:14:00+00:00","dateModified":"2025-05-20T22:12:39+00:00","description":"Quatre-vingt-quatre personnes ont \u00e9t\u00e9 intoxiqu\u00e9es au lait \u00e0 Djerba.","breadcrumb":{"@id":"https:\/\/www.webdo.tn\/fr\/actualite\/regions\/84-personnes-intoxiquees-a-cause-du-lait-a-djerba\/213347\/#breadcrumb"},"inLanguage":"fr-FR","potentialAction":[{"@type":"ReadAction","target":["https:\/\/www.webdo.tn\/fr\/actualite\/regions\/84-personnes-intoxiquees-a-cause-du-lait-a-djerba\/213347\/"]}]},{"@type":"ImageObject","inLanguage":"fr-FR","@id":"https:\/\/www.webdo.tn\/fr\/actualite\/regions\/84-personnes-intoxiquees-a-cause-du-lait-a-djerba\/213347\/#primaryimage","url":"https:\/\/www.webdo.tn\/fr\/wp-content\/uploads\/2024\/04\/a574a1fb4ed09ba362821fa61c9931e2.jpg","contentUrl":"https:\/\/www.webdo.tn\/fr\/wp-content\/uploads\/2024\/04\/a574a1fb4ed09ba362821fa61c9931e2.jpg","width":740,"height":395,"caption":"Tunisie : 84 personnes intoxiqu\u00e9es au lait \u00e0 Djerba"},{"@type":"BreadcrumbList","@id":"https:\/\/www.webdo.tn\/fr\/actualite\/regions\/84-personnes-intoxiquees-a-cause-du-lait-a-djerba\/213347\/#breadcrumb","itemListElement":[{"@type":"ListItem","position":1,"name":"Accueil","item":"https:\/\/www.webdo.tn\/fr\/"},{"@type":"ListItem","position":2,"name":"Tunisie : 84 personnes intoxiqu\u00e9es au lait \u00e0 Djerba"}]},{"@type":"WebSite","@id":"https:\/\/www.webdo.tn\/fr\/#website","url":"https:\/\/www.webdo.tn\/fr\/","name":"webdo","description":"Tunisie - News en Tunisie et \u00e0 l&#039;international sur Webdo.tn","publisher":{"@id":"https:\/\/www.webdo.tn\/fr\/#organization"},"potentialAction":[{"@type":"SearchAction","target":{"@type":"EntryPoint","urlTemplate":"https:\/\/www.webdo.tn\/fr\/?s={search_term_string}"},"query-input":{"@type":"PropertyValueSpecification","valueRequired":true,"valueName":"search_term_string"}}],"inLanguage":"fr-FR"},{"@type":"Organization","@id":"https:\/\/www.webdo.tn\/fr\/#organization","name":"Webdo","alternateName":"Webdo.tn","url":"https:\/\/www.webdo.tn\/fr\/","logo":{"@type":"ImageObject","inLanguage":"fr-FR","@id":"https:\/\/www.webdo.tn\/fr\/#\/schema\/logo\/image\/","url":"https:\/\/www.webdo.tn\/fr\/wp-content\/uploads\/2025\/06\/Webdo-Tunisie_168377.jpg","contentUrl":"https:\/\/www.webdo.tn\/fr\/wp-content\/uploads\/2025\/06\/Webdo-Tunisie_168377.jpg","width":301,"height":301,"caption":"Webdo"},"image":{"@id":"https:\/\/www.webdo.tn\/fr\/#\/schema\/logo\/image\/"},"sameAs":["https:\/\/www.facebook.com\/webdotn","https:\/\/x.com\/webdo_tn"],"description":"Webdo est un m\u00e9dia num\u00e9rique tunisien fond\u00e9 en 2010, sp\u00e9cialis\u00e9 dans l\u2019actualit\u00e9 nationale et internationale, l\u2019\u00e9conomie, la soci\u00e9t\u00e9 et les analyses politiques. Le site s\u2019adresse \u00e0 un large public francophone et couvre l\u2019information tunisienne en temps r\u00e9el.","email":"redac@webdo.tn","legalName":"YNJ SARL","foundingDate":"2010-09-06","numberOfEmployees":{"@type":"QuantitativeValue","minValue":"11","maxValue":"50"}},{"@type":"Person","@id":"https:\/\/www.webdo.tn\/fr\/#\/schema\/person\/2c4929cbf5a809e3bd38617c6ce150f6","name":"MC","image":{"@type":"ImageObject","inLanguage":"fr-FR","@id":"https:\/\/secure.gravatar.com\/avatar\/a545bbb6f84efdd5553dbbc2895e3ca8f1d12c5215e00a041c9670b54aa9b18a?s=96&d=mm&r=g","url":"https:\/\/secure.gravatar.com\/avatar\/a545bbb6f84efdd5553dbbc2895e3ca8f1d12c5215e00a041c9670b54aa9b18a?s=96&d=mm&r=g","contentUrl":"https:\/\/secure.gravatar.com\/avatar\/a545bbb6f84efdd5553dbbc2895e3ca8f1d12c5215e00a041c9670b54aa9b18a?s=96&d=mm&r=g","caption":"MC"},"url":"https:\/\/www.webdo.tn\/fr\/actualite\/author\/mc\/"}]}},"_links":{"self":[{"href":"https:\/\/www.webdo.tn\/fr\/wp-json\/wp\/v2\/posts\/213347","targetHints":{"allow":["GET"]}}],"collection":[{"href":"https:\/\/www.webdo.tn\/fr\/wp-json\/wp\/v2\/posts"}],"about":[{"href":"https:\/\/www.webdo.tn\/fr\/wp-json\/wp\/v2\/types\/post"}],"author":[{"embeddable":true,"href":"https:\/\/www.webdo.tn\/fr\/wp-json\/wp\/v2\/users\/3162"}],"replies":[{"embeddable":true,"href":"https:\/\/www.webdo.tn\/fr\/wp-json\/wp\/v2\/comments?post=213347"}],"version-history":[{"count":0,"href":"https:\/\/www.webdo.tn\/fr\/wp-json\/wp\/v2\/posts\/213347\/revisions"}],"wp:featuredmedia":[{"embeddable":true,"href":"https:\/\/www.webdo.tn\/fr\/wp-json\/wp\/v2\/media\/290431"}],"wp:attachment":[{"href":"https:\/\/www.webdo.tn\/fr\/wp-json\/wp\/v2\/media?parent=213347"}],"wp:term":[{"taxonomy":"category","embeddable":true,"href":"https:\/\/www.webdo.tn\/fr\/wp-json\/wp\/v2\/categories?post=213347"},{"taxonomy":"post_tag","embeddable":true,"href":"https:\/\/www.webdo.tn\/fr\/wp-json\/wp\/v2\/tags?post=213347"}],"curies":[{"name":"wp","href":"https:\/\/api.w.org\/{rel}","templated":true}]}}