{"id":213346,"date":"2024-04-02T20:48:00","date_gmt":"2024-04-02T20:48:00","guid":{"rendered":"https:\/\/www.webdo.tn\/fr\/blog\/tunisie-la-ftf-ouvre-la-porte-aux-candidatures-pour-le-poste-de-president\/213346\/"},"modified":"2025-06-04T18:08:48","modified_gmt":"2025-06-04T18:08:48","slug":"tunisie-la-ftf-ouvre-la-porte-aux-candidatures-pour-le-poste-de-president-2","status":"publish","type":"post","link":"https:\/\/www.webdo.tn\/fr\/actualite\/sport\/tunisie-la-ftf-ouvre-la-porte-aux-candidatures-pour-le-poste-de-president-2\/213346\/","title":{"rendered":"Tunisie : La FTF ouvre la porte aux candidatures pour le poste de pr\u00e9sident"},"content":{"rendered":"<p>Dans l\u2019optique de la prochaine assembl\u00e9e g\u00e9n\u00e9rale du 11 mai 2024, qui doit permettre de mettre en place un nouveau Bureau f\u00e9d\u00e9ral, la FTF a ouvert, aujourd\u2019hui, la porte aux candidatures pour le poste de pr\u00e9sident.<\/p>\n<p> La Commission ind\u00e9pendante des \u00e9lections de la F\u00e9d\u00e9ration tunisienne de football a annonc\u00e9, ce mardi 2 avril 2024, que le d\u00e9p\u00f4t des candidatures pour la prochaine Assembl\u00e9e g\u00e9n\u00e9rale \u00e9lective commencera le 12 avril et prendra fin le 20 avril 2024 \u00e0 12h00.<\/p>\n<p>Par ailleurs, la date butoir pour la pr\u00e9sentation des candidatures pour la pr\u00e9sidence de l\u2019instance footballistique ainsi que pour les membres du bureau f\u00e9d\u00e9ral a \u00e9t\u00e9 fix\u00e9e au 29 avril, \u00e0 17h00.<\/p>\n<p>La FTF a d\u00e9cid\u00e9 de tenir son assembl\u00e9e g\u00e9n\u00e9rale \u00e9lective le 11 mai prochain. Celle-ci devait avoir lieu dans un premier temps, le 9 mars dernier, mais elle avait \u00e9t\u00e9 annul\u00e9e en raison du rejet des trois listes candidates.<\/p>\n<p>Face \u00e0 ce blocage, la FTF s\u2019est r\u00e9f\u00e9r\u00e9 \u00e0 la F\u00e9d\u00e9ration internationale de football (FIFA), qui a alors d\u00e9cid\u00e9 de prolonger le mandat du bureau f\u00e9d\u00e9ral en exercice jusqu&rsquo;au 20 mai prochain.<\/p>\n<p>La FTF a convoqu\u00e9 une assembl\u00e9e g\u00e9n\u00e9rale \u00e9lective pour la p\u00e9riode 2024-2028 alors que le mandat de l\u2019actuel Bureau f\u00e9d\u00e9ral, arrive \u00e0 terme sachant que son pr\u00e9sident Wadii Jary est incarc\u00e9r\u00e9 depuis le 25 octobre 2023 et que Wassef Jalil, vice-pr\u00e9sident de la FTF, a pris le relais.<\/p>\n<p>Trois candidats (Maher Ben Aissa, Jalel Tekaya et Wissem Letaif), avaient exprim\u00e9 leur souhait de pr\u00e9sider la FTF, mais les trois listes ont \u00e9t\u00e9 rejet\u00e9es.<\/p>\n","protected":false},"excerpt":{"rendered":"<p>La Commission ind\u00e9pendante des \u00e9lections de la F\u00e9d\u00e9ration tunisienne de football a annonc\u00e9, ce mardi 2 avril 2024, que le d\u00e9p\u00f4t des candidatures pour la prochai&#8230;<\/p>\n","protected":false},"author":3162,"featured_media":247671,"comment_status":"open","ping_status":"closed","sticky":false,"template":"","format":"standard","meta":{"footnotes":""},"categories":[2593],"tags":[3487,2622,3728,6748,3937],"class_list":["post-213346","post","type-post","status-publish","format-standard","has-post-thumbnail","hentry","category-sport","tag-fifa","tag-football","tag-ftf","tag-presidence","tag-wadii-jary"],"yoast_head":"<!-- This site is optimized with the Yoast SEO Premium plugin v27.4 (Yoast SEO v27.5) - https:\/\/yoast.com\/product\/yoast-seo-premium-wordpress\/ -->\n<title>Tunisie : La FTF ouvre la porte aux candidatures pour le poste de pr\u00e9sident<\/title>\n<meta name=\"description\" content=\"La Commission ind\u00e9pendante des \u00e9lections de la F\u00e9d\u00e9ration tunisienne de football a annonc\u00e9, ce mardi 2 avril 2024, que le d\u00e9p\u00f4t des candidatures pour la prochai...\" \/>\n<link rel=\"canonical\" href=\"https:\/\/www.webdo.tn\/fr\/actualite\/sport\/tunisie-la-ftf-ouvre-la-porte-aux-candidatures-pour-le-poste-de-president-2\/213346\/\" \/>\n<meta property=\"og:locale\" content=\"fr_FR\" \/>\n<meta property=\"og:type\" content=\"article\" \/>\n<meta property=\"og:title\" content=\"Tunisie : La FTF ouvre la porte aux candidatures pour le poste de pr\u00e9sident\" \/>\n<meta property=\"og:description\" content=\"La Commission ind\u00e9pendante des \u00e9lections de la F\u00e9d\u00e9ration tunisienne de football a annonc\u00e9, ce mardi 2 avril 2024, que le d\u00e9p\u00f4t des candidatures pour la prochai...\" \/>\n<meta property=\"og:url\" content=\"https:\/\/www.webdo.tn\/fr\/actualite\/sport\/tunisie-la-ftf-ouvre-la-porte-aux-candidatures-pour-le-poste-de-president-2\/213346\/\" \/>\n<meta property=\"og:site_name\" content=\"webdo\" \/>\n<meta property=\"article:publisher\" content=\"https:\/\/www.facebook.com\/webdotn\" \/>\n<meta property=\"article:published_time\" content=\"2024-04-02T20:48:00+00:00\" \/>\n<meta property=\"article:modified_time\" content=\"2025-06-04T18:08:48+00:00\" \/>\n<meta property=\"og:image\" content=\"https:\/\/www.webdo.tn\/fr\/wp-content\/uploads\/2024\/04\/b86620d7a907a54c30d08dc78e3eee03.jpg\" \/>\n\t<meta property=\"og:image:width\" content=\"750\" \/>\n\t<meta property=\"og:image:height\" content=\"400\" \/>\n\t<meta property=\"og:image:type\" content=\"image\/jpeg\" \/>\n<meta name=\"author\" content=\"MC\" \/>\n<meta name=\"twitter:card\" content=\"summary_large_image\" \/>\n<meta name=\"twitter:creator\" content=\"@webdo_tn\" \/>\n<meta name=\"twitter:site\" content=\"@webdo_tn\" \/>\n<meta name=\"twitter:label1\" content=\"\u00c9crit par\" \/>\n\t<meta name=\"twitter:data1\" content=\"MC\" \/>\n\t<meta name=\"twitter:label2\" content=\"Dur\u00e9e de lecture estim\u00e9e\" \/>\n\t<meta name=\"twitter:data2\" content=\"1 minute\" \/>\n<script type=\"application\/ld+json\" class=\"yoast-schema-graph\">{\"@context\":\"https:\\\/\\\/schema.org\",\"@graph\":[{\"@type\":\"NewsArticle\",\"@id\":\"https:\\\/\\\/www.webdo.tn\\\/fr\\\/actualite\\\/sport\\\/tunisie-la-ftf-ouvre-la-porte-aux-candidatures-pour-le-poste-de-president-2\\\/213346\\\/#article\",\"isPartOf\":{\"@id\":\"https:\\\/\\\/www.webdo.tn\\\/fr\\\/actualite\\\/sport\\\/tunisie-la-ftf-ouvre-la-porte-aux-candidatures-pour-le-poste-de-president-2\\\/213346\\\/\"},\"author\":{\"name\":\"MC\",\"@id\":\"https:\\\/\\\/www.webdo.tn\\\/fr\\\/#\\\/schema\\\/person\\\/2c4929cbf5a809e3bd38617c6ce150f6\"},\"headline\":\"Tunisie : La FTF ouvre la porte aux candidatures pour le poste de pr\u00e9sident\",\"datePublished\":\"2024-04-02T20:48:00+00:00\",\"dateModified\":\"2025-06-04T18:08:48+00:00\",\"mainEntityOfPage\":{\"@id\":\"https:\\\/\\\/www.webdo.tn\\\/fr\\\/actualite\\\/sport\\\/tunisie-la-ftf-ouvre-la-porte-aux-candidatures-pour-le-poste-de-president-2\\\/213346\\\/\"},\"wordCount\":298,\"commentCount\":0,\"publisher\":{\"@id\":\"https:\\\/\\\/www.webdo.tn\\\/fr\\\/#organization\"},\"image\":{\"@id\":\"https:\\\/\\\/www.webdo.tn\\\/fr\\\/actualite\\\/sport\\\/tunisie-la-ftf-ouvre-la-porte-aux-candidatures-pour-le-poste-de-president-2\\\/213346\\\/#primaryimage\"},\"thumbnailUrl\":\"https:\\\/\\\/www.webdo.tn\\\/fr\\\/wp-content\\\/uploads\\\/2024\\\/04\\\/b86620d7a907a54c30d08dc78e3eee03.jpg\",\"keywords\":[\"FIFA\",\"football\",\"FTF\",\"pr\u00e9sidence\",\"wadii jary\"],\"articleSection\":[\"Sport\"],\"inLanguage\":\"fr-FR\"},{\"@type\":\"WebPage\",\"@id\":\"https:\\\/\\\/www.webdo.tn\\\/fr\\\/actualite\\\/sport\\\/tunisie-la-ftf-ouvre-la-porte-aux-candidatures-pour-le-poste-de-president-2\\\/213346\\\/\",\"url\":\"https:\\\/\\\/www.webdo.tn\\\/fr\\\/actualite\\\/sport\\\/tunisie-la-ftf-ouvre-la-porte-aux-candidatures-pour-le-poste-de-president-2\\\/213346\\\/\",\"name\":\"Tunisie : La FTF ouvre la porte aux candidatures pour le poste de pr\u00e9sident\",\"isPartOf\":{\"@id\":\"https:\\\/\\\/www.webdo.tn\\\/fr\\\/#website\"},\"primaryImageOfPage\":{\"@id\":\"https:\\\/\\\/www.webdo.tn\\\/fr\\\/actualite\\\/sport\\\/tunisie-la-ftf-ouvre-la-porte-aux-candidatures-pour-le-poste-de-president-2\\\/213346\\\/#primaryimage\"},\"image\":{\"@id\":\"https:\\\/\\\/www.webdo.tn\\\/fr\\\/actualite\\\/sport\\\/tunisie-la-ftf-ouvre-la-porte-aux-candidatures-pour-le-poste-de-president-2\\\/213346\\\/#primaryimage\"},\"thumbnailUrl\":\"https:\\\/\\\/www.webdo.tn\\\/fr\\\/wp-content\\\/uploads\\\/2024\\\/04\\\/b86620d7a907a54c30d08dc78e3eee03.jpg\",\"datePublished\":\"2024-04-02T20:48:00+00:00\",\"dateModified\":\"2025-06-04T18:08:48+00:00\",\"description\":\"La Commission ind\u00e9pendante des \u00e9lections de la F\u00e9d\u00e9ration tunisienne de football a annonc\u00e9, ce mardi 2 avril 2024, que le d\u00e9p\u00f4t des candidatures pour la prochai...\",\"breadcrumb\":{\"@id\":\"https:\\\/\\\/www.webdo.tn\\\/fr\\\/actualite\\\/sport\\\/tunisie-la-ftf-ouvre-la-porte-aux-candidatures-pour-le-poste-de-president-2\\\/213346\\\/#breadcrumb\"},\"inLanguage\":\"fr-FR\",\"potentialAction\":[{\"@type\":\"ReadAction\",\"target\":[\"https:\\\/\\\/www.webdo.tn\\\/fr\\\/actualite\\\/sport\\\/tunisie-la-ftf-ouvre-la-porte-aux-candidatures-pour-le-poste-de-president-2\\\/213346\\\/\"]}]},{\"@type\":\"ImageObject\",\"inLanguage\":\"fr-FR\",\"@id\":\"https:\\\/\\\/www.webdo.tn\\\/fr\\\/actualite\\\/sport\\\/tunisie-la-ftf-ouvre-la-porte-aux-candidatures-pour-le-poste-de-president-2\\\/213346\\\/#primaryimage\",\"url\":\"https:\\\/\\\/www.webdo.tn\\\/fr\\\/wp-content\\\/uploads\\\/2024\\\/04\\\/b86620d7a907a54c30d08dc78e3eee03.jpg\",\"contentUrl\":\"https:\\\/\\\/www.webdo.tn\\\/fr\\\/wp-content\\\/uploads\\\/2024\\\/04\\\/b86620d7a907a54c30d08dc78e3eee03.jpg\",\"width\":750,\"height\":400,\"caption\":\"Tunisie : La FTF ouvre la porte aux candidatures pour le poste de pr\u00e9sident\"},{\"@type\":\"BreadcrumbList\",\"@id\":\"https:\\\/\\\/www.webdo.tn\\\/fr\\\/actualite\\\/sport\\\/tunisie-la-ftf-ouvre-la-porte-aux-candidatures-pour-le-poste-de-president-2\\\/213346\\\/#breadcrumb\",\"itemListElement\":[{\"@type\":\"ListItem\",\"position\":1,\"name\":\"Accueil\",\"item\":\"https:\\\/\\\/www.webdo.tn\\\/fr\\\/\"},{\"@type\":\"ListItem\",\"position\":2,\"name\":\"Tunisie : La FTF ouvre la porte aux candidatures pour le poste de pr\u00e9sident\"}]},{\"@type\":\"WebSite\",\"@id\":\"https:\\\/\\\/www.webdo.tn\\\/fr\\\/#website\",\"url\":\"https:\\\/\\\/www.webdo.tn\\\/fr\\\/\",\"name\":\"webdo\",\"description\":\"Tunisie - News en Tunisie et \u00e0 l&#039;international sur Webdo.tn\",\"publisher\":{\"@id\":\"https:\\\/\\\/www.webdo.tn\\\/fr\\\/#organization\"},\"potentialAction\":[{\"@type\":\"SearchAction\",\"target\":{\"@type\":\"EntryPoint\",\"urlTemplate\":\"https:\\\/\\\/www.webdo.tn\\\/fr\\\/?s={search_term_string}\"},\"query-input\":{\"@type\":\"PropertyValueSpecification\",\"valueRequired\":true,\"valueName\":\"search_term_string\"}}],\"inLanguage\":\"fr-FR\"},{\"@type\":\"Organization\",\"@id\":\"https:\\\/\\\/www.webdo.tn\\\/fr\\\/#organization\",\"name\":\"Webdo\",\"alternateName\":\"Webdo.tn\",\"url\":\"https:\\\/\\\/www.webdo.tn\\\/fr\\\/\",\"logo\":{\"@type\":\"ImageObject\",\"inLanguage\":\"fr-FR\",\"@id\":\"https:\\\/\\\/www.webdo.tn\\\/fr\\\/#\\\/schema\\\/logo\\\/image\\\/\",\"url\":\"https:\\\/\\\/www.webdo.tn\\\/fr\\\/wp-content\\\/uploads\\\/2025\\\/06\\\/Webdo-Tunisie_168377.jpg\",\"contentUrl\":\"https:\\\/\\\/www.webdo.tn\\\/fr\\\/wp-content\\\/uploads\\\/2025\\\/06\\\/Webdo-Tunisie_168377.jpg\",\"width\":301,\"height\":301,\"caption\":\"Webdo\"},\"image\":{\"@id\":\"https:\\\/\\\/www.webdo.tn\\\/fr\\\/#\\\/schema\\\/logo\\\/image\\\/\"},\"sameAs\":[\"https:\\\/\\\/www.facebook.com\\\/webdotn\",\"https:\\\/\\\/x.com\\\/webdo_tn\"],\"description\":\"Webdo est un m\u00e9dia num\u00e9rique tunisien fond\u00e9 en 2010, sp\u00e9cialis\u00e9 dans l\u2019actualit\u00e9 nationale et internationale, l\u2019\u00e9conomie, la soci\u00e9t\u00e9 et les analyses politiques. Le site s\u2019adresse \u00e0 un large public francophone et couvre l\u2019information tunisienne en temps r\u00e9el.\",\"email\":\"redac@webdo.tn\",\"legalName\":\"YNJ SARL\",\"foundingDate\":\"2010-09-06\",\"numberOfEmployees\":{\"@type\":\"QuantitativeValue\",\"minValue\":\"11\",\"maxValue\":\"50\"}},{\"@type\":\"Person\",\"@id\":\"https:\\\/\\\/www.webdo.tn\\\/fr\\\/#\\\/schema\\\/person\\\/2c4929cbf5a809e3bd38617c6ce150f6\",\"name\":\"MC\",\"image\":{\"@type\":\"ImageObject\",\"inLanguage\":\"fr-FR\",\"@id\":\"https:\\\/\\\/secure.gravatar.com\\\/avatar\\\/a545bbb6f84efdd5553dbbc2895e3ca8f1d12c5215e00a041c9670b54aa9b18a?s=96&d=mm&r=g\",\"url\":\"https:\\\/\\\/secure.gravatar.com\\\/avatar\\\/a545bbb6f84efdd5553dbbc2895e3ca8f1d12c5215e00a041c9670b54aa9b18a?s=96&d=mm&r=g\",\"contentUrl\":\"https:\\\/\\\/secure.gravatar.com\\\/avatar\\\/a545bbb6f84efdd5553dbbc2895e3ca8f1d12c5215e00a041c9670b54aa9b18a?s=96&d=mm&r=g\",\"caption\":\"MC\"},\"url\":\"https:\\\/\\\/www.webdo.tn\\\/fr\\\/actualite\\\/author\\\/mc\\\/\"}]}<\/script>\n<!-- \/ Yoast SEO Premium plugin. -->","yoast_head_json":{"title":"Tunisie : La FTF ouvre la porte aux candidatures pour le poste de pr\u00e9sident","description":"La Commission ind\u00e9pendante des \u00e9lections de la F\u00e9d\u00e9ration tunisienne de football a annonc\u00e9, ce mardi 2 avril 2024, que le d\u00e9p\u00f4t des candidatures pour la prochai...","canonical":"https:\/\/www.webdo.tn\/fr\/actualite\/sport\/tunisie-la-ftf-ouvre-la-porte-aux-candidatures-pour-le-poste-de-president-2\/213346\/","og_locale":"fr_FR","og_type":"article","og_title":"Tunisie : La FTF ouvre la porte aux candidatures pour le poste de pr\u00e9sident","og_description":"La Commission ind\u00e9pendante des \u00e9lections de la F\u00e9d\u00e9ration tunisienne de football a annonc\u00e9, ce mardi 2 avril 2024, que le d\u00e9p\u00f4t des candidatures pour la prochai...","og_url":"https:\/\/www.webdo.tn\/fr\/actualite\/sport\/tunisie-la-ftf-ouvre-la-porte-aux-candidatures-pour-le-poste-de-president-2\/213346\/","og_site_name":"webdo","article_publisher":"https:\/\/www.facebook.com\/webdotn","article_published_time":"2024-04-02T20:48:00+00:00","article_modified_time":"2025-06-04T18:08:48+00:00","og_image":[{"width":750,"height":400,"url":"https:\/\/www.webdo.tn\/fr\/wp-content\/uploads\/2024\/04\/b86620d7a907a54c30d08dc78e3eee03.jpg","type":"image\/jpeg"}],"author":"MC","twitter_card":"summary_large_image","twitter_creator":"@webdo_tn","twitter_site":"@webdo_tn","twitter_misc":{"\u00c9crit par":"MC","Dur\u00e9e de lecture estim\u00e9e":"1 minute"},"schema":{"@context":"https:\/\/schema.org","@graph":[{"@type":"NewsArticle","@id":"https:\/\/www.webdo.tn\/fr\/actualite\/sport\/tunisie-la-ftf-ouvre-la-porte-aux-candidatures-pour-le-poste-de-president-2\/213346\/#article","isPartOf":{"@id":"https:\/\/www.webdo.tn\/fr\/actualite\/sport\/tunisie-la-ftf-ouvre-la-porte-aux-candidatures-pour-le-poste-de-president-2\/213346\/"},"author":{"name":"MC","@id":"https:\/\/www.webdo.tn\/fr\/#\/schema\/person\/2c4929cbf5a809e3bd38617c6ce150f6"},"headline":"Tunisie : La FTF ouvre la porte aux candidatures pour le poste de pr\u00e9sident","datePublished":"2024-04-02T20:48:00+00:00","dateModified":"2025-06-04T18:08:48+00:00","mainEntityOfPage":{"@id":"https:\/\/www.webdo.tn\/fr\/actualite\/sport\/tunisie-la-ftf-ouvre-la-porte-aux-candidatures-pour-le-poste-de-president-2\/213346\/"},"wordCount":298,"commentCount":0,"publisher":{"@id":"https:\/\/www.webdo.tn\/fr\/#organization"},"image":{"@id":"https:\/\/www.webdo.tn\/fr\/actualite\/sport\/tunisie-la-ftf-ouvre-la-porte-aux-candidatures-pour-le-poste-de-president-2\/213346\/#primaryimage"},"thumbnailUrl":"https:\/\/www.webdo.tn\/fr\/wp-content\/uploads\/2024\/04\/b86620d7a907a54c30d08dc78e3eee03.jpg","keywords":["FIFA","football","FTF","pr\u00e9sidence","wadii jary"],"articleSection":["Sport"],"inLanguage":"fr-FR"},{"@type":"WebPage","@id":"https:\/\/www.webdo.tn\/fr\/actualite\/sport\/tunisie-la-ftf-ouvre-la-porte-aux-candidatures-pour-le-poste-de-president-2\/213346\/","url":"https:\/\/www.webdo.tn\/fr\/actualite\/sport\/tunisie-la-ftf-ouvre-la-porte-aux-candidatures-pour-le-poste-de-president-2\/213346\/","name":"Tunisie : La FTF ouvre la porte aux candidatures pour le poste de pr\u00e9sident","isPartOf":{"@id":"https:\/\/www.webdo.tn\/fr\/#website"},"primaryImageOfPage":{"@id":"https:\/\/www.webdo.tn\/fr\/actualite\/sport\/tunisie-la-ftf-ouvre-la-porte-aux-candidatures-pour-le-poste-de-president-2\/213346\/#primaryimage"},"image":{"@id":"https:\/\/www.webdo.tn\/fr\/actualite\/sport\/tunisie-la-ftf-ouvre-la-porte-aux-candidatures-pour-le-poste-de-president-2\/213346\/#primaryimage"},"thumbnailUrl":"https:\/\/www.webdo.tn\/fr\/wp-content\/uploads\/2024\/04\/b86620d7a907a54c30d08dc78e3eee03.jpg","datePublished":"2024-04-02T20:48:00+00:00","dateModified":"2025-06-04T18:08:48+00:00","description":"La Commission ind\u00e9pendante des \u00e9lections de la F\u00e9d\u00e9ration tunisienne de football a annonc\u00e9, ce mardi 2 avril 2024, que le d\u00e9p\u00f4t des candidatures pour la prochai...","breadcrumb":{"@id":"https:\/\/www.webdo.tn\/fr\/actualite\/sport\/tunisie-la-ftf-ouvre-la-porte-aux-candidatures-pour-le-poste-de-president-2\/213346\/#breadcrumb"},"inLanguage":"fr-FR","potentialAction":[{"@type":"ReadAction","target":["https:\/\/www.webdo.tn\/fr\/actualite\/sport\/tunisie-la-ftf-ouvre-la-porte-aux-candidatures-pour-le-poste-de-president-2\/213346\/"]}]},{"@type":"ImageObject","inLanguage":"fr-FR","@id":"https:\/\/www.webdo.tn\/fr\/actualite\/sport\/tunisie-la-ftf-ouvre-la-porte-aux-candidatures-pour-le-poste-de-president-2\/213346\/#primaryimage","url":"https:\/\/www.webdo.tn\/fr\/wp-content\/uploads\/2024\/04\/b86620d7a907a54c30d08dc78e3eee03.jpg","contentUrl":"https:\/\/www.webdo.tn\/fr\/wp-content\/uploads\/2024\/04\/b86620d7a907a54c30d08dc78e3eee03.jpg","width":750,"height":400,"caption":"Tunisie : La FTF ouvre la porte aux candidatures pour le poste de pr\u00e9sident"},{"@type":"BreadcrumbList","@id":"https:\/\/www.webdo.tn\/fr\/actualite\/sport\/tunisie-la-ftf-ouvre-la-porte-aux-candidatures-pour-le-poste-de-president-2\/213346\/#breadcrumb","itemListElement":[{"@type":"ListItem","position":1,"name":"Accueil","item":"https:\/\/www.webdo.tn\/fr\/"},{"@type":"ListItem","position":2,"name":"Tunisie : La FTF ouvre la porte aux candidatures pour le poste de pr\u00e9sident"}]},{"@type":"WebSite","@id":"https:\/\/www.webdo.tn\/fr\/#website","url":"https:\/\/www.webdo.tn\/fr\/","name":"webdo","description":"Tunisie - News en Tunisie et \u00e0 l&#039;international sur Webdo.tn","publisher":{"@id":"https:\/\/www.webdo.tn\/fr\/#organization"},"potentialAction":[{"@type":"SearchAction","target":{"@type":"EntryPoint","urlTemplate":"https:\/\/www.webdo.tn\/fr\/?s={search_term_string}"},"query-input":{"@type":"PropertyValueSpecification","valueRequired":true,"valueName":"search_term_string"}}],"inLanguage":"fr-FR"},{"@type":"Organization","@id":"https:\/\/www.webdo.tn\/fr\/#organization","name":"Webdo","alternateName":"Webdo.tn","url":"https:\/\/www.webdo.tn\/fr\/","logo":{"@type":"ImageObject","inLanguage":"fr-FR","@id":"https:\/\/www.webdo.tn\/fr\/#\/schema\/logo\/image\/","url":"https:\/\/www.webdo.tn\/fr\/wp-content\/uploads\/2025\/06\/Webdo-Tunisie_168377.jpg","contentUrl":"https:\/\/www.webdo.tn\/fr\/wp-content\/uploads\/2025\/06\/Webdo-Tunisie_168377.jpg","width":301,"height":301,"caption":"Webdo"},"image":{"@id":"https:\/\/www.webdo.tn\/fr\/#\/schema\/logo\/image\/"},"sameAs":["https:\/\/www.facebook.com\/webdotn","https:\/\/x.com\/webdo_tn"],"description":"Webdo est un m\u00e9dia num\u00e9rique tunisien fond\u00e9 en 2010, sp\u00e9cialis\u00e9 dans l\u2019actualit\u00e9 nationale et internationale, l\u2019\u00e9conomie, la soci\u00e9t\u00e9 et les analyses politiques. Le site s\u2019adresse \u00e0 un large public francophone et couvre l\u2019information tunisienne en temps r\u00e9el.","email":"redac@webdo.tn","legalName":"YNJ SARL","foundingDate":"2010-09-06","numberOfEmployees":{"@type":"QuantitativeValue","minValue":"11","maxValue":"50"}},{"@type":"Person","@id":"https:\/\/www.webdo.tn\/fr\/#\/schema\/person\/2c4929cbf5a809e3bd38617c6ce150f6","name":"MC","image":{"@type":"ImageObject","inLanguage":"fr-FR","@id":"https:\/\/secure.gravatar.com\/avatar\/a545bbb6f84efdd5553dbbc2895e3ca8f1d12c5215e00a041c9670b54aa9b18a?s=96&d=mm&r=g","url":"https:\/\/secure.gravatar.com\/avatar\/a545bbb6f84efdd5553dbbc2895e3ca8f1d12c5215e00a041c9670b54aa9b18a?s=96&d=mm&r=g","contentUrl":"https:\/\/secure.gravatar.com\/avatar\/a545bbb6f84efdd5553dbbc2895e3ca8f1d12c5215e00a041c9670b54aa9b18a?s=96&d=mm&r=g","caption":"MC"},"url":"https:\/\/www.webdo.tn\/fr\/actualite\/author\/mc\/"}]}},"_links":{"self":[{"href":"https:\/\/www.webdo.tn\/fr\/wp-json\/wp\/v2\/posts\/213346","targetHints":{"allow":["GET"]}}],"collection":[{"href":"https:\/\/www.webdo.tn\/fr\/wp-json\/wp\/v2\/posts"}],"about":[{"href":"https:\/\/www.webdo.tn\/fr\/wp-json\/wp\/v2\/types\/post"}],"author":[{"embeddable":true,"href":"https:\/\/www.webdo.tn\/fr\/wp-json\/wp\/v2\/users\/3162"}],"replies":[{"embeddable":true,"href":"https:\/\/www.webdo.tn\/fr\/wp-json\/wp\/v2\/comments?post=213346"}],"version-history":[{"count":0,"href":"https:\/\/www.webdo.tn\/fr\/wp-json\/wp\/v2\/posts\/213346\/revisions"}],"wp:featuredmedia":[{"embeddable":true,"href":"https:\/\/www.webdo.tn\/fr\/wp-json\/wp\/v2\/media\/247671"}],"wp:attachment":[{"href":"https:\/\/www.webdo.tn\/fr\/wp-json\/wp\/v2\/media?parent=213346"}],"wp:term":[{"taxonomy":"category","embeddable":true,"href":"https:\/\/www.webdo.tn\/fr\/wp-json\/wp\/v2\/categories?post=213346"},{"taxonomy":"post_tag","embeddable":true,"href":"https:\/\/www.webdo.tn\/fr\/wp-json\/wp\/v2\/tags?post=213346"}],"curies":[{"name":"wp","href":"https:\/\/api.w.org\/{rel}","templated":true}]}}