{"id":213319,"date":"2024-04-01T21:41:00","date_gmt":"2024-04-01T21:41:00","guid":{"rendered":"https:\/\/www.webdo.tn\/fr\/blog\/tunisie-dossiers-en-main-kais-saied-en-visite-inopinee-a-l-aeroport-tunis-carthage\/213319\/"},"modified":"2025-05-20T22:53:35","modified_gmt":"2025-05-20T22:53:35","slug":"tunisie-dossiers-en-main-kais-saied-en-visite-inopinee-a-l-aeroport-tunis-carthage","status":"publish","type":"post","link":"https:\/\/www.webdo.tn\/fr\/actualite\/national\/tunisie-dossiers-en-main-kais-saied-en-visite-inopinee-a-l-aeroport-tunis-carthage\/213319\/","title":{"rendered":"Tunisie : Dossiers en main, Kais Saied en visite inopin\u00e9e \u00e0 l\u2019a\u00e9roport Tunis-Carthage"},"content":{"rendered":"<p>Le pr\u00e9sident de la R\u00e9publique, Ka\u00efs Sa\u00efed, a effectu\u00e9 ce lundi 1er avril 2024 une visite inopin\u00e9e \u00e0 l&rsquo;a\u00e9roport international de Tunis-Carthage.<\/p>\n<p>\t\t\t\t\t\t\t\t\tLe chef de l\u2019Etat est revenu lors de cette visite sur la situation du transporteur national Tunisair. Il a soulign\u00e9 des irr\u00e9gularit\u00e9s qui \u00ab ont \u00e9t\u00e9 commises depuis des ann\u00e9es par les responsables de la compagnie Tunisair, qui \u00e9tait autrefois l&rsquo;une des meilleures institutions publiques \u00bb.<\/p>\n<p>Il a qualifi\u00e9 cette situation de \u00ab recul inacceptable \u00bb et a martel\u00e9 que la Gazelle ne sera pas c\u00e9d\u00e9e.\u00a0<\/p>\n<p>Saied : \u00ab Un avion Tunisair ill\u00e9galement c\u00e9d\u00e9 se trouve actuellement en Floride \u00bb<\/p>\n<p>Sa\u00efed a \u00e9galement abord\u00e9 plusieurs cas de corruption au sein de Tunisair, notamment la vente de moteurs et de roues d&rsquo;avions \u00e0 des prix inf\u00e9rieurs aux prix mondiaux.\u00a0<\/p>\n<p>Il a cit\u00e9 le d\u00e9part de l&rsquo;avion \u00ab\u00a0Amilcar\u00a0\u00bb en 2017 du territoire tunisien sans autorisation douani\u00e8re et sa vente \u00e0 un prix d\u00e9risoire comme l&rsquo;un des plus grands dossiers de corruption sans pr\u00e9c\u00e9dent.<\/p>\n","protected":false},"excerpt":{"rendered":"<p>Le chef de l\u2019Etat est revenu lors de cette visite sur la situation du transporteur national Tunisair. Il a soulign\u00e9 des irr\u00e9gularit\u00e9s qui \u00ab ont \u00e9t\u00e9 commises dep&#8230;<\/p>\n","protected":false},"author":3175,"featured_media":290432,"comment_status":"open","ping_status":"closed","sticky":false,"template":"","format":"standard","meta":{"footnotes":""},"categories":[44],"tags":[2614,3458,2608],"class_list":["post-213319","post","type-post","status-publish","format-standard","has-post-thumbnail","hentry","category-national","tag-kais-saied","tag-tunis-carthage","tag-tunisie"],"yoast_head":"<!-- This site is optimized with the Yoast SEO Premium plugin v27.4 (Yoast SEO v27.4) - https:\/\/yoast.com\/product\/yoast-seo-premium-wordpress\/ -->\n<title>Tunisie : Dossiers en main, Kais Saied en visite inopin\u00e9e \u00e0 l\u2019a\u00e9roport Tunis-Carthage<\/title>\n<meta name=\"description\" content=\"Le chef de l\u2019Etat est revenu lors de cette visite sur la situation du transporteur national Tunisair. Il a soulign\u00e9 des irr\u00e9gularit\u00e9s qui \u00ab ont \u00e9t\u00e9 commises dep...\" \/>\n<link rel=\"canonical\" href=\"https:\/\/www.webdo.tn\/fr\/actualite\/national\/tunisie-dossiers-en-main-kais-saied-en-visite-inopinee-a-l-aeroport-tunis-carthage\/213319\/\" \/>\n<meta property=\"og:locale\" content=\"fr_FR\" \/>\n<meta property=\"og:type\" content=\"article\" \/>\n<meta property=\"og:title\" content=\"Tunisie : Dossiers en main, Kais Saied en visite inopin\u00e9e \u00e0 l\u2019a\u00e9roport Tunis-Carthage\" \/>\n<meta property=\"og:description\" content=\"Le chef de l\u2019Etat est revenu lors de cette visite sur la situation du transporteur national Tunisair. Il a soulign\u00e9 des irr\u00e9gularit\u00e9s qui \u00ab ont \u00e9t\u00e9 commises dep...\" \/>\n<meta property=\"og:url\" content=\"https:\/\/www.webdo.tn\/fr\/actualite\/national\/tunisie-dossiers-en-main-kais-saied-en-visite-inopinee-a-l-aeroport-tunis-carthage\/213319\/\" \/>\n<meta property=\"og:site_name\" content=\"webdo\" \/>\n<meta property=\"article:publisher\" content=\"https:\/\/www.facebook.com\/webdotn\" \/>\n<meta property=\"article:published_time\" content=\"2024-04-01T21:41:00+00:00\" \/>\n<meta property=\"article:modified_time\" content=\"2025-05-20T22:53:35+00:00\" \/>\n<meta property=\"og:image\" content=\"https:\/\/www.webdo.tn\/fr\/wp-content\/uploads\/2024\/04\/f052aaf1040e32ebf42131eb35215cbe.jpg\" \/>\n\t<meta property=\"og:image:width\" content=\"750\" \/>\n\t<meta property=\"og:image:height\" content=\"400\" \/>\n\t<meta property=\"og:image:type\" content=\"image\/jpeg\" \/>\n<meta name=\"author\" content=\"CL\" \/>\n<meta name=\"twitter:card\" content=\"summary_large_image\" \/>\n<meta name=\"twitter:creator\" content=\"@webdo_tn\" \/>\n<meta name=\"twitter:site\" content=\"@webdo_tn\" \/>\n<meta name=\"twitter:label1\" content=\"\u00c9crit par\" \/>\n\t<meta name=\"twitter:data1\" content=\"CL\" \/>\n\t<meta name=\"twitter:label2\" content=\"Dur\u00e9e de lecture estim\u00e9e\" \/>\n\t<meta name=\"twitter:data2\" content=\"1 minute\" \/>\n<script type=\"application\/ld+json\" class=\"yoast-schema-graph\">{\"@context\":\"https:\\\/\\\/schema.org\",\"@graph\":[{\"@type\":\"NewsArticle\",\"@id\":\"https:\\\/\\\/www.webdo.tn\\\/fr\\\/actualite\\\/national\\\/tunisie-dossiers-en-main-kais-saied-en-visite-inopinee-a-l-aeroport-tunis-carthage\\\/213319\\\/#article\",\"isPartOf\":{\"@id\":\"https:\\\/\\\/www.webdo.tn\\\/fr\\\/actualite\\\/national\\\/tunisie-dossiers-en-main-kais-saied-en-visite-inopinee-a-l-aeroport-tunis-carthage\\\/213319\\\/\"},\"author\":{\"name\":\"CL\",\"@id\":\"https:\\\/\\\/www.webdo.tn\\\/fr\\\/#\\\/schema\\\/person\\\/f35b42a42c5e2511bbd282959d6385cc\"},\"headline\":\"Tunisie : Dossiers en main, Kais Saied en visite inopin\u00e9e \u00e0 l\u2019a\u00e9roport Tunis-Carthage\",\"datePublished\":\"2024-04-01T21:41:00+00:00\",\"dateModified\":\"2025-05-20T22:53:35+00:00\",\"mainEntityOfPage\":{\"@id\":\"https:\\\/\\\/www.webdo.tn\\\/fr\\\/actualite\\\/national\\\/tunisie-dossiers-en-main-kais-saied-en-visite-inopinee-a-l-aeroport-tunis-carthage\\\/213319\\\/\"},\"wordCount\":191,\"commentCount\":0,\"publisher\":{\"@id\":\"https:\\\/\\\/www.webdo.tn\\\/fr\\\/#organization\"},\"image\":{\"@id\":\"https:\\\/\\\/www.webdo.tn\\\/fr\\\/actualite\\\/national\\\/tunisie-dossiers-en-main-kais-saied-en-visite-inopinee-a-l-aeroport-tunis-carthage\\\/213319\\\/#primaryimage\"},\"thumbnailUrl\":\"https:\\\/\\\/www.webdo.tn\\\/fr\\\/wp-content\\\/uploads\\\/2024\\\/04\\\/f052aaf1040e32ebf42131eb35215cbe.jpg\",\"keywords\":[\"Kais Saied\",\"Tunis-Carthage\",\"Tunisie\"],\"articleSection\":[\"National\"],\"inLanguage\":\"fr-FR\"},{\"@type\":\"WebPage\",\"@id\":\"https:\\\/\\\/www.webdo.tn\\\/fr\\\/actualite\\\/national\\\/tunisie-dossiers-en-main-kais-saied-en-visite-inopinee-a-l-aeroport-tunis-carthage\\\/213319\\\/\",\"url\":\"https:\\\/\\\/www.webdo.tn\\\/fr\\\/actualite\\\/national\\\/tunisie-dossiers-en-main-kais-saied-en-visite-inopinee-a-l-aeroport-tunis-carthage\\\/213319\\\/\",\"name\":\"Tunisie : Dossiers en main, Kais Saied en visite inopin\u00e9e \u00e0 l\u2019a\u00e9roport Tunis-Carthage\",\"isPartOf\":{\"@id\":\"https:\\\/\\\/www.webdo.tn\\\/fr\\\/#website\"},\"primaryImageOfPage\":{\"@id\":\"https:\\\/\\\/www.webdo.tn\\\/fr\\\/actualite\\\/national\\\/tunisie-dossiers-en-main-kais-saied-en-visite-inopinee-a-l-aeroport-tunis-carthage\\\/213319\\\/#primaryimage\"},\"image\":{\"@id\":\"https:\\\/\\\/www.webdo.tn\\\/fr\\\/actualite\\\/national\\\/tunisie-dossiers-en-main-kais-saied-en-visite-inopinee-a-l-aeroport-tunis-carthage\\\/213319\\\/#primaryimage\"},\"thumbnailUrl\":\"https:\\\/\\\/www.webdo.tn\\\/fr\\\/wp-content\\\/uploads\\\/2024\\\/04\\\/f052aaf1040e32ebf42131eb35215cbe.jpg\",\"datePublished\":\"2024-04-01T21:41:00+00:00\",\"dateModified\":\"2025-05-20T22:53:35+00:00\",\"description\":\"Le chef de l\u2019Etat est revenu lors de cette visite sur la situation du transporteur national Tunisair. Il a soulign\u00e9 des irr\u00e9gularit\u00e9s qui \u00ab ont \u00e9t\u00e9 commises dep...\",\"breadcrumb\":{\"@id\":\"https:\\\/\\\/www.webdo.tn\\\/fr\\\/actualite\\\/national\\\/tunisie-dossiers-en-main-kais-saied-en-visite-inopinee-a-l-aeroport-tunis-carthage\\\/213319\\\/#breadcrumb\"},\"inLanguage\":\"fr-FR\",\"potentialAction\":[{\"@type\":\"ReadAction\",\"target\":[\"https:\\\/\\\/www.webdo.tn\\\/fr\\\/actualite\\\/national\\\/tunisie-dossiers-en-main-kais-saied-en-visite-inopinee-a-l-aeroport-tunis-carthage\\\/213319\\\/\"]}]},{\"@type\":\"ImageObject\",\"inLanguage\":\"fr-FR\",\"@id\":\"https:\\\/\\\/www.webdo.tn\\\/fr\\\/actualite\\\/national\\\/tunisie-dossiers-en-main-kais-saied-en-visite-inopinee-a-l-aeroport-tunis-carthage\\\/213319\\\/#primaryimage\",\"url\":\"https:\\\/\\\/www.webdo.tn\\\/fr\\\/wp-content\\\/uploads\\\/2024\\\/04\\\/f052aaf1040e32ebf42131eb35215cbe.jpg\",\"contentUrl\":\"https:\\\/\\\/www.webdo.tn\\\/fr\\\/wp-content\\\/uploads\\\/2024\\\/04\\\/f052aaf1040e32ebf42131eb35215cbe.jpg\",\"width\":750,\"height\":400,\"caption\":\"Tunisie : Dossiers en main, Kais Saied en visite inopin\u00e9e \u00e0 l\u2019a\u00e9roport Tunis-Carthage\"},{\"@type\":\"BreadcrumbList\",\"@id\":\"https:\\\/\\\/www.webdo.tn\\\/fr\\\/actualite\\\/national\\\/tunisie-dossiers-en-main-kais-saied-en-visite-inopinee-a-l-aeroport-tunis-carthage\\\/213319\\\/#breadcrumb\",\"itemListElement\":[{\"@type\":\"ListItem\",\"position\":1,\"name\":\"Accueil\",\"item\":\"https:\\\/\\\/www.webdo.tn\\\/fr\\\/\"},{\"@type\":\"ListItem\",\"position\":2,\"name\":\"Tunisie : Dossiers en main, Kais Saied en visite inopin\u00e9e \u00e0 l\u2019a\u00e9roport Tunis-Carthage\"}]},{\"@type\":\"WebSite\",\"@id\":\"https:\\\/\\\/www.webdo.tn\\\/fr\\\/#website\",\"url\":\"https:\\\/\\\/www.webdo.tn\\\/fr\\\/\",\"name\":\"webdo\",\"description\":\"Tunisie - News en Tunisie et \u00e0 l&#039;international sur Webdo.tn\",\"publisher\":{\"@id\":\"https:\\\/\\\/www.webdo.tn\\\/fr\\\/#organization\"},\"potentialAction\":[{\"@type\":\"SearchAction\",\"target\":{\"@type\":\"EntryPoint\",\"urlTemplate\":\"https:\\\/\\\/www.webdo.tn\\\/fr\\\/?s={search_term_string}\"},\"query-input\":{\"@type\":\"PropertyValueSpecification\",\"valueRequired\":true,\"valueName\":\"search_term_string\"}}],\"inLanguage\":\"fr-FR\"},{\"@type\":\"Organization\",\"@id\":\"https:\\\/\\\/www.webdo.tn\\\/fr\\\/#organization\",\"name\":\"Webdo\",\"alternateName\":\"Webdo.tn\",\"url\":\"https:\\\/\\\/www.webdo.tn\\\/fr\\\/\",\"logo\":{\"@type\":\"ImageObject\",\"inLanguage\":\"fr-FR\",\"@id\":\"https:\\\/\\\/www.webdo.tn\\\/fr\\\/#\\\/schema\\\/logo\\\/image\\\/\",\"url\":\"https:\\\/\\\/www.webdo.tn\\\/fr\\\/wp-content\\\/uploads\\\/2025\\\/06\\\/Webdo-Tunisie_168377.jpg\",\"contentUrl\":\"https:\\\/\\\/www.webdo.tn\\\/fr\\\/wp-content\\\/uploads\\\/2025\\\/06\\\/Webdo-Tunisie_168377.jpg\",\"width\":301,\"height\":301,\"caption\":\"Webdo\"},\"image\":{\"@id\":\"https:\\\/\\\/www.webdo.tn\\\/fr\\\/#\\\/schema\\\/logo\\\/image\\\/\"},\"sameAs\":[\"https:\\\/\\\/www.facebook.com\\\/webdotn\",\"https:\\\/\\\/x.com\\\/webdo_tn\"],\"description\":\"Webdo est un m\u00e9dia num\u00e9rique tunisien fond\u00e9 en 2010, sp\u00e9cialis\u00e9 dans l\u2019actualit\u00e9 nationale et internationale, l\u2019\u00e9conomie, la soci\u00e9t\u00e9 et les analyses politiques. Le site s\u2019adresse \u00e0 un large public francophone et couvre l\u2019information tunisienne en temps r\u00e9el.\",\"email\":\"redac@webdo.tn\",\"legalName\":\"YNJ SARL\",\"foundingDate\":\"2010-09-06\",\"numberOfEmployees\":{\"@type\":\"QuantitativeValue\",\"minValue\":\"11\",\"maxValue\":\"50\"}},{\"@type\":\"Person\",\"@id\":\"https:\\\/\\\/www.webdo.tn\\\/fr\\\/#\\\/schema\\\/person\\\/f35b42a42c5e2511bbd282959d6385cc\",\"name\":\"CL\",\"image\":{\"@type\":\"ImageObject\",\"inLanguage\":\"fr-FR\",\"@id\":\"https:\\\/\\\/secure.gravatar.com\\\/avatar\\\/1447a49909b67aa657c488aec6512e1dd6143a480c1ecfee9b5b5cd74eb3b59e?s=96&d=mm&r=g\",\"url\":\"https:\\\/\\\/secure.gravatar.com\\\/avatar\\\/1447a49909b67aa657c488aec6512e1dd6143a480c1ecfee9b5b5cd74eb3b59e?s=96&d=mm&r=g\",\"contentUrl\":\"https:\\\/\\\/secure.gravatar.com\\\/avatar\\\/1447a49909b67aa657c488aec6512e1dd6143a480c1ecfee9b5b5cd74eb3b59e?s=96&d=mm&r=g\",\"caption\":\"CL\"},\"url\":\"https:\\\/\\\/www.webdo.tn\\\/fr\\\/actualite\\\/author\\\/cl\\\/\"}]}<\/script>\n<!-- \/ Yoast SEO Premium plugin. -->","yoast_head_json":{"title":"Tunisie : Dossiers en main, Kais Saied en visite inopin\u00e9e \u00e0 l\u2019a\u00e9roport Tunis-Carthage","description":"Le chef de l\u2019Etat est revenu lors de cette visite sur la situation du transporteur national Tunisair. Il a soulign\u00e9 des irr\u00e9gularit\u00e9s qui \u00ab ont \u00e9t\u00e9 commises dep...","canonical":"https:\/\/www.webdo.tn\/fr\/actualite\/national\/tunisie-dossiers-en-main-kais-saied-en-visite-inopinee-a-l-aeroport-tunis-carthage\/213319\/","og_locale":"fr_FR","og_type":"article","og_title":"Tunisie : Dossiers en main, Kais Saied en visite inopin\u00e9e \u00e0 l\u2019a\u00e9roport Tunis-Carthage","og_description":"Le chef de l\u2019Etat est revenu lors de cette visite sur la situation du transporteur national Tunisair. Il a soulign\u00e9 des irr\u00e9gularit\u00e9s qui \u00ab ont \u00e9t\u00e9 commises dep...","og_url":"https:\/\/www.webdo.tn\/fr\/actualite\/national\/tunisie-dossiers-en-main-kais-saied-en-visite-inopinee-a-l-aeroport-tunis-carthage\/213319\/","og_site_name":"webdo","article_publisher":"https:\/\/www.facebook.com\/webdotn","article_published_time":"2024-04-01T21:41:00+00:00","article_modified_time":"2025-05-20T22:53:35+00:00","og_image":[{"width":750,"height":400,"url":"https:\/\/www.webdo.tn\/fr\/wp-content\/uploads\/2024\/04\/f052aaf1040e32ebf42131eb35215cbe.jpg","type":"image\/jpeg"}],"author":"CL","twitter_card":"summary_large_image","twitter_creator":"@webdo_tn","twitter_site":"@webdo_tn","twitter_misc":{"\u00c9crit par":"CL","Dur\u00e9e de lecture estim\u00e9e":"1 minute"},"schema":{"@context":"https:\/\/schema.org","@graph":[{"@type":"NewsArticle","@id":"https:\/\/www.webdo.tn\/fr\/actualite\/national\/tunisie-dossiers-en-main-kais-saied-en-visite-inopinee-a-l-aeroport-tunis-carthage\/213319\/#article","isPartOf":{"@id":"https:\/\/www.webdo.tn\/fr\/actualite\/national\/tunisie-dossiers-en-main-kais-saied-en-visite-inopinee-a-l-aeroport-tunis-carthage\/213319\/"},"author":{"name":"CL","@id":"https:\/\/www.webdo.tn\/fr\/#\/schema\/person\/f35b42a42c5e2511bbd282959d6385cc"},"headline":"Tunisie : Dossiers en main, Kais Saied en visite inopin\u00e9e \u00e0 l\u2019a\u00e9roport Tunis-Carthage","datePublished":"2024-04-01T21:41:00+00:00","dateModified":"2025-05-20T22:53:35+00:00","mainEntityOfPage":{"@id":"https:\/\/www.webdo.tn\/fr\/actualite\/national\/tunisie-dossiers-en-main-kais-saied-en-visite-inopinee-a-l-aeroport-tunis-carthage\/213319\/"},"wordCount":191,"commentCount":0,"publisher":{"@id":"https:\/\/www.webdo.tn\/fr\/#organization"},"image":{"@id":"https:\/\/www.webdo.tn\/fr\/actualite\/national\/tunisie-dossiers-en-main-kais-saied-en-visite-inopinee-a-l-aeroport-tunis-carthage\/213319\/#primaryimage"},"thumbnailUrl":"https:\/\/www.webdo.tn\/fr\/wp-content\/uploads\/2024\/04\/f052aaf1040e32ebf42131eb35215cbe.jpg","keywords":["Kais Saied","Tunis-Carthage","Tunisie"],"articleSection":["National"],"inLanguage":"fr-FR"},{"@type":"WebPage","@id":"https:\/\/www.webdo.tn\/fr\/actualite\/national\/tunisie-dossiers-en-main-kais-saied-en-visite-inopinee-a-l-aeroport-tunis-carthage\/213319\/","url":"https:\/\/www.webdo.tn\/fr\/actualite\/national\/tunisie-dossiers-en-main-kais-saied-en-visite-inopinee-a-l-aeroport-tunis-carthage\/213319\/","name":"Tunisie : Dossiers en main, Kais Saied en visite inopin\u00e9e \u00e0 l\u2019a\u00e9roport Tunis-Carthage","isPartOf":{"@id":"https:\/\/www.webdo.tn\/fr\/#website"},"primaryImageOfPage":{"@id":"https:\/\/www.webdo.tn\/fr\/actualite\/national\/tunisie-dossiers-en-main-kais-saied-en-visite-inopinee-a-l-aeroport-tunis-carthage\/213319\/#primaryimage"},"image":{"@id":"https:\/\/www.webdo.tn\/fr\/actualite\/national\/tunisie-dossiers-en-main-kais-saied-en-visite-inopinee-a-l-aeroport-tunis-carthage\/213319\/#primaryimage"},"thumbnailUrl":"https:\/\/www.webdo.tn\/fr\/wp-content\/uploads\/2024\/04\/f052aaf1040e32ebf42131eb35215cbe.jpg","datePublished":"2024-04-01T21:41:00+00:00","dateModified":"2025-05-20T22:53:35+00:00","description":"Le chef de l\u2019Etat est revenu lors de cette visite sur la situation du transporteur national Tunisair. Il a soulign\u00e9 des irr\u00e9gularit\u00e9s qui \u00ab ont \u00e9t\u00e9 commises dep...","breadcrumb":{"@id":"https:\/\/www.webdo.tn\/fr\/actualite\/national\/tunisie-dossiers-en-main-kais-saied-en-visite-inopinee-a-l-aeroport-tunis-carthage\/213319\/#breadcrumb"},"inLanguage":"fr-FR","potentialAction":[{"@type":"ReadAction","target":["https:\/\/www.webdo.tn\/fr\/actualite\/national\/tunisie-dossiers-en-main-kais-saied-en-visite-inopinee-a-l-aeroport-tunis-carthage\/213319\/"]}]},{"@type":"ImageObject","inLanguage":"fr-FR","@id":"https:\/\/www.webdo.tn\/fr\/actualite\/national\/tunisie-dossiers-en-main-kais-saied-en-visite-inopinee-a-l-aeroport-tunis-carthage\/213319\/#primaryimage","url":"https:\/\/www.webdo.tn\/fr\/wp-content\/uploads\/2024\/04\/f052aaf1040e32ebf42131eb35215cbe.jpg","contentUrl":"https:\/\/www.webdo.tn\/fr\/wp-content\/uploads\/2024\/04\/f052aaf1040e32ebf42131eb35215cbe.jpg","width":750,"height":400,"caption":"Tunisie : Dossiers en main, Kais Saied en visite inopin\u00e9e \u00e0 l\u2019a\u00e9roport Tunis-Carthage"},{"@type":"BreadcrumbList","@id":"https:\/\/www.webdo.tn\/fr\/actualite\/national\/tunisie-dossiers-en-main-kais-saied-en-visite-inopinee-a-l-aeroport-tunis-carthage\/213319\/#breadcrumb","itemListElement":[{"@type":"ListItem","position":1,"name":"Accueil","item":"https:\/\/www.webdo.tn\/fr\/"},{"@type":"ListItem","position":2,"name":"Tunisie : Dossiers en main, Kais Saied en visite inopin\u00e9e \u00e0 l\u2019a\u00e9roport Tunis-Carthage"}]},{"@type":"WebSite","@id":"https:\/\/www.webdo.tn\/fr\/#website","url":"https:\/\/www.webdo.tn\/fr\/","name":"webdo","description":"Tunisie - News en Tunisie et \u00e0 l&#039;international sur Webdo.tn","publisher":{"@id":"https:\/\/www.webdo.tn\/fr\/#organization"},"potentialAction":[{"@type":"SearchAction","target":{"@type":"EntryPoint","urlTemplate":"https:\/\/www.webdo.tn\/fr\/?s={search_term_string}"},"query-input":{"@type":"PropertyValueSpecification","valueRequired":true,"valueName":"search_term_string"}}],"inLanguage":"fr-FR"},{"@type":"Organization","@id":"https:\/\/www.webdo.tn\/fr\/#organization","name":"Webdo","alternateName":"Webdo.tn","url":"https:\/\/www.webdo.tn\/fr\/","logo":{"@type":"ImageObject","inLanguage":"fr-FR","@id":"https:\/\/www.webdo.tn\/fr\/#\/schema\/logo\/image\/","url":"https:\/\/www.webdo.tn\/fr\/wp-content\/uploads\/2025\/06\/Webdo-Tunisie_168377.jpg","contentUrl":"https:\/\/www.webdo.tn\/fr\/wp-content\/uploads\/2025\/06\/Webdo-Tunisie_168377.jpg","width":301,"height":301,"caption":"Webdo"},"image":{"@id":"https:\/\/www.webdo.tn\/fr\/#\/schema\/logo\/image\/"},"sameAs":["https:\/\/www.facebook.com\/webdotn","https:\/\/x.com\/webdo_tn"],"description":"Webdo est un m\u00e9dia num\u00e9rique tunisien fond\u00e9 en 2010, sp\u00e9cialis\u00e9 dans l\u2019actualit\u00e9 nationale et internationale, l\u2019\u00e9conomie, la soci\u00e9t\u00e9 et les analyses politiques. Le site s\u2019adresse \u00e0 un large public francophone et couvre l\u2019information tunisienne en temps r\u00e9el.","email":"redac@webdo.tn","legalName":"YNJ SARL","foundingDate":"2010-09-06","numberOfEmployees":{"@type":"QuantitativeValue","minValue":"11","maxValue":"50"}},{"@type":"Person","@id":"https:\/\/www.webdo.tn\/fr\/#\/schema\/person\/f35b42a42c5e2511bbd282959d6385cc","name":"CL","image":{"@type":"ImageObject","inLanguage":"fr-FR","@id":"https:\/\/secure.gravatar.com\/avatar\/1447a49909b67aa657c488aec6512e1dd6143a480c1ecfee9b5b5cd74eb3b59e?s=96&d=mm&r=g","url":"https:\/\/secure.gravatar.com\/avatar\/1447a49909b67aa657c488aec6512e1dd6143a480c1ecfee9b5b5cd74eb3b59e?s=96&d=mm&r=g","contentUrl":"https:\/\/secure.gravatar.com\/avatar\/1447a49909b67aa657c488aec6512e1dd6143a480c1ecfee9b5b5cd74eb3b59e?s=96&d=mm&r=g","caption":"CL"},"url":"https:\/\/www.webdo.tn\/fr\/actualite\/author\/cl\/"}]}},"_links":{"self":[{"href":"https:\/\/www.webdo.tn\/fr\/wp-json\/wp\/v2\/posts\/213319","targetHints":{"allow":["GET"]}}],"collection":[{"href":"https:\/\/www.webdo.tn\/fr\/wp-json\/wp\/v2\/posts"}],"about":[{"href":"https:\/\/www.webdo.tn\/fr\/wp-json\/wp\/v2\/types\/post"}],"author":[{"embeddable":true,"href":"https:\/\/www.webdo.tn\/fr\/wp-json\/wp\/v2\/users\/3175"}],"replies":[{"embeddable":true,"href":"https:\/\/www.webdo.tn\/fr\/wp-json\/wp\/v2\/comments?post=213319"}],"version-history":[{"count":0,"href":"https:\/\/www.webdo.tn\/fr\/wp-json\/wp\/v2\/posts\/213319\/revisions"}],"wp:featuredmedia":[{"embeddable":true,"href":"https:\/\/www.webdo.tn\/fr\/wp-json\/wp\/v2\/media\/290432"}],"wp:attachment":[{"href":"https:\/\/www.webdo.tn\/fr\/wp-json\/wp\/v2\/media?parent=213319"}],"wp:term":[{"taxonomy":"category","embeddable":true,"href":"https:\/\/www.webdo.tn\/fr\/wp-json\/wp\/v2\/categories?post=213319"},{"taxonomy":"post_tag","embeddable":true,"href":"https:\/\/www.webdo.tn\/fr\/wp-json\/wp\/v2\/tags?post=213319"}],"curies":[{"name":"wp","href":"https:\/\/api.w.org\/{rel}","templated":true}]}}