{"id":213307,"date":"2024-04-01T11:36:00","date_gmt":"2024-04-01T11:36:00","guid":{"rendered":"https:\/\/www.webdo.tn\/fr\/blog\/tunisie-budget-2025-maitrise-des-depenses-et-de-la-masse-salariale\/213307\/"},"modified":"2025-05-20T22:53:33","modified_gmt":"2025-05-20T22:53:33","slug":"tunisie-budget-2025-maitrise-des-depenses-et-de-la-masse-salariale","status":"publish","type":"post","link":"https:\/\/www.webdo.tn\/fr\/actualite\/national\/tunisie-budget-2025-maitrise-des-depenses-et-de-la-masse-salariale\/213307\/","title":{"rendered":"Tunisie \u2013 Budget 2025 : Ma\u00eetrise des d\u00e9penses et de la masse salariale"},"content":{"rendered":"<p>Le gouvernement se penche actuellement sur l\u2019\u00e9laboration des grandes lignes du budget de l\u2019Etat pour l\u2019ann\u00e9e 2025.\u00a0<\/p>\n<p>En effet, la pr\u00e9sidence du gouvernement a confirm\u00e9 que le projet de budget de l&rsquo;\u00c9tat pour l&rsquo;ann\u00e9e 2025 est bas\u00e9 sur la poursuite du contr\u00f4le des salaires et le maintien et des d\u00e9penses de fonctionnement lors de l&rsquo;ajustement des estimations, tout en r\u00e9alisant les objectifs du syst\u00e8me de soutien, de la programmation des projets de d\u00e9veloppement strat\u00e9gique et en d\u00e9terminant les d\u00e9penses d&rsquo;investissement en fonction de l&rsquo;avancement des projets.\u00a0<\/p>\n<p>Ces orientations ont \u00e9t\u00e9 d\u00e9taill\u00e9es dans un document adress\u00e9 par la pr\u00e9sidence du gouvernement aux ministres, secr\u00e9taires d&rsquo;\u00c9tat et gouverneurs concernant la pr\u00e9paration du projet de budget de l&rsquo;\u00c9tat pour 2025, dans le cadre de la pr\u00e9servation de l&rsquo;\u00e9quilibre financier, de la r\u00e9duction du d\u00e9ficit budg\u00e9taire, de la diminution du recours \u00e0 l&rsquo;endettement et d&rsquo;une plus grande autonomie financi\u00e8re.<\/p>\n<p>Le gouvernement a \u00e9galement soulign\u00e9 que malgr\u00e9 les signes d&rsquo;am\u00e9lioration de la conjoncture \u00e9conomique mondiale, caract\u00e9ris\u00e9e par une reprise de la croissance dans les principales \u00e9conomies, l&rsquo;incertitude et le flou pourraient affecter la situation internationale et locale, n\u00e9cessitant ainsi la prise de mesures pr\u00e9ventives.\u00a0<\/p>\n<p>Il convient de noter que le projet de budget de l&rsquo;\u00c9tat pour 2025 s&rsquo;inscrit dans le cadre de la vision Tunisie 2035 et de l&rsquo;atteinte des objectifs du quatorzi\u00e8me plan de d\u00e9veloppement pour la p\u00e9riode 2023-2025.<\/p>\n","protected":false},"excerpt":{"rendered":"<p>En effet, la pr\u00e9sidence du gouvernement a confirm\u00e9 que le projet de budget de l&rsquo;\u00c9tat pour l&rsquo;ann\u00e9e 2025 est bas\u00e9 sur la poursuite du contr\u00f4le des salaires et le&#8230;<\/p>\n","protected":false},"author":3175,"featured_media":290424,"comment_status":"open","ping_status":"closed","sticky":false,"template":"","format":"standard","meta":{"footnotes":""},"categories":[44],"tags":[2651,6686,2608],"class_list":["post-213307","post","type-post","status-publish","format-standard","has-post-thumbnail","hentry","category-national","tag-gouvernement","tag-salaires","tag-tunisie"],"yoast_head":"<!-- This site is optimized with the Yoast SEO Premium plugin v27.4 (Yoast SEO v27.5) - https:\/\/yoast.com\/product\/yoast-seo-premium-wordpress\/ -->\n<title>Tunisie \u2013 Budget 2025 : Ma\u00eetrise des d\u00e9penses et de la masse salariale<\/title>\n<meta name=\"description\" content=\"En effet, la pr\u00e9sidence du gouvernement a confirm\u00e9 que le projet de budget de l&#039;\u00c9tat pour l&#039;ann\u00e9e 2025 est bas\u00e9 sur la poursuite du contr\u00f4le des salaires et le...\" \/>\n<link rel=\"canonical\" href=\"https:\/\/www.webdo.tn\/fr\/actualite\/national\/tunisie-budget-2025-maitrise-des-depenses-et-de-la-masse-salariale\/213307\/\" \/>\n<meta property=\"og:locale\" content=\"fr_FR\" \/>\n<meta property=\"og:type\" content=\"article\" \/>\n<meta property=\"og:title\" content=\"Tunisie \u2013 Budget 2025 : Ma\u00eetrise des d\u00e9penses et de la masse salariale\" \/>\n<meta property=\"og:description\" content=\"En effet, la pr\u00e9sidence du gouvernement a confirm\u00e9 que le projet de budget de l&#039;\u00c9tat pour l&#039;ann\u00e9e 2025 est bas\u00e9 sur la poursuite du contr\u00f4le des salaires et le...\" \/>\n<meta property=\"og:url\" content=\"https:\/\/www.webdo.tn\/fr\/actualite\/national\/tunisie-budget-2025-maitrise-des-depenses-et-de-la-masse-salariale\/213307\/\" \/>\n<meta property=\"og:site_name\" content=\"webdo\" \/>\n<meta property=\"article:publisher\" content=\"https:\/\/www.facebook.com\/webdotn\" \/>\n<meta property=\"article:published_time\" content=\"2024-04-01T11:36:00+00:00\" \/>\n<meta property=\"article:modified_time\" content=\"2025-05-20T22:53:33+00:00\" \/>\n<meta property=\"og:image\" content=\"https:\/\/www.webdo.tn\/fr\/wp-content\/uploads\/2024\/04\/988313592d48675d34506b5433394f44.jpg\" \/>\n\t<meta property=\"og:image:width\" content=\"750\" \/>\n\t<meta property=\"og:image:height\" content=\"400\" \/>\n\t<meta property=\"og:image:type\" content=\"image\/jpeg\" \/>\n<meta name=\"author\" content=\"CL\" \/>\n<meta name=\"twitter:card\" content=\"summary_large_image\" \/>\n<meta name=\"twitter:creator\" content=\"@webdo_tn\" \/>\n<meta name=\"twitter:site\" content=\"@webdo_tn\" \/>\n<meta name=\"twitter:label1\" content=\"\u00c9crit par\" \/>\n\t<meta name=\"twitter:data1\" content=\"CL\" \/>\n\t<meta name=\"twitter:label2\" content=\"Dur\u00e9e de lecture estim\u00e9e\" \/>\n\t<meta name=\"twitter:data2\" content=\"1 minute\" \/>\n<script type=\"application\/ld+json\" class=\"yoast-schema-graph\">{\"@context\":\"https:\\\/\\\/schema.org\",\"@graph\":[{\"@type\":\"NewsArticle\",\"@id\":\"https:\\\/\\\/www.webdo.tn\\\/fr\\\/actualite\\\/national\\\/tunisie-budget-2025-maitrise-des-depenses-et-de-la-masse-salariale\\\/213307\\\/#article\",\"isPartOf\":{\"@id\":\"https:\\\/\\\/www.webdo.tn\\\/fr\\\/actualite\\\/national\\\/tunisie-budget-2025-maitrise-des-depenses-et-de-la-masse-salariale\\\/213307\\\/\"},\"author\":{\"name\":\"CL\",\"@id\":\"https:\\\/\\\/www.webdo.tn\\\/fr\\\/#\\\/schema\\\/person\\\/f35b42a42c5e2511bbd282959d6385cc\"},\"headline\":\"Tunisie \u2013 Budget 2025 : Ma\u00eetrise des d\u00e9penses et de la masse salariale\",\"datePublished\":\"2024-04-01T11:36:00+00:00\",\"dateModified\":\"2025-05-20T22:53:33+00:00\",\"mainEntityOfPage\":{\"@id\":\"https:\\\/\\\/www.webdo.tn\\\/fr\\\/actualite\\\/national\\\/tunisie-budget-2025-maitrise-des-depenses-et-de-la-masse-salariale\\\/213307\\\/\"},\"wordCount\":278,\"commentCount\":0,\"publisher\":{\"@id\":\"https:\\\/\\\/www.webdo.tn\\\/fr\\\/#organization\"},\"image\":{\"@id\":\"https:\\\/\\\/www.webdo.tn\\\/fr\\\/actualite\\\/national\\\/tunisie-budget-2025-maitrise-des-depenses-et-de-la-masse-salariale\\\/213307\\\/#primaryimage\"},\"thumbnailUrl\":\"https:\\\/\\\/www.webdo.tn\\\/fr\\\/wp-content\\\/uploads\\\/2024\\\/04\\\/988313592d48675d34506b5433394f44.jpg\",\"keywords\":[\"gouvernement\",\"Salaires\",\"Tunisie\"],\"articleSection\":[\"National\"],\"inLanguage\":\"fr-FR\"},{\"@type\":\"WebPage\",\"@id\":\"https:\\\/\\\/www.webdo.tn\\\/fr\\\/actualite\\\/national\\\/tunisie-budget-2025-maitrise-des-depenses-et-de-la-masse-salariale\\\/213307\\\/\",\"url\":\"https:\\\/\\\/www.webdo.tn\\\/fr\\\/actualite\\\/national\\\/tunisie-budget-2025-maitrise-des-depenses-et-de-la-masse-salariale\\\/213307\\\/\",\"name\":\"Tunisie \u2013 Budget 2025 : Ma\u00eetrise des d\u00e9penses et de la masse salariale\",\"isPartOf\":{\"@id\":\"https:\\\/\\\/www.webdo.tn\\\/fr\\\/#website\"},\"primaryImageOfPage\":{\"@id\":\"https:\\\/\\\/www.webdo.tn\\\/fr\\\/actualite\\\/national\\\/tunisie-budget-2025-maitrise-des-depenses-et-de-la-masse-salariale\\\/213307\\\/#primaryimage\"},\"image\":{\"@id\":\"https:\\\/\\\/www.webdo.tn\\\/fr\\\/actualite\\\/national\\\/tunisie-budget-2025-maitrise-des-depenses-et-de-la-masse-salariale\\\/213307\\\/#primaryimage\"},\"thumbnailUrl\":\"https:\\\/\\\/www.webdo.tn\\\/fr\\\/wp-content\\\/uploads\\\/2024\\\/04\\\/988313592d48675d34506b5433394f44.jpg\",\"datePublished\":\"2024-04-01T11:36:00+00:00\",\"dateModified\":\"2025-05-20T22:53:33+00:00\",\"description\":\"En effet, la pr\u00e9sidence du gouvernement a confirm\u00e9 que le projet de budget de l'\u00c9tat pour l'ann\u00e9e 2025 est bas\u00e9 sur la poursuite du contr\u00f4le des salaires et le...\",\"breadcrumb\":{\"@id\":\"https:\\\/\\\/www.webdo.tn\\\/fr\\\/actualite\\\/national\\\/tunisie-budget-2025-maitrise-des-depenses-et-de-la-masse-salariale\\\/213307\\\/#breadcrumb\"},\"inLanguage\":\"fr-FR\",\"potentialAction\":[{\"@type\":\"ReadAction\",\"target\":[\"https:\\\/\\\/www.webdo.tn\\\/fr\\\/actualite\\\/national\\\/tunisie-budget-2025-maitrise-des-depenses-et-de-la-masse-salariale\\\/213307\\\/\"]}]},{\"@type\":\"ImageObject\",\"inLanguage\":\"fr-FR\",\"@id\":\"https:\\\/\\\/www.webdo.tn\\\/fr\\\/actualite\\\/national\\\/tunisie-budget-2025-maitrise-des-depenses-et-de-la-masse-salariale\\\/213307\\\/#primaryimage\",\"url\":\"https:\\\/\\\/www.webdo.tn\\\/fr\\\/wp-content\\\/uploads\\\/2024\\\/04\\\/988313592d48675d34506b5433394f44.jpg\",\"contentUrl\":\"https:\\\/\\\/www.webdo.tn\\\/fr\\\/wp-content\\\/uploads\\\/2024\\\/04\\\/988313592d48675d34506b5433394f44.jpg\",\"width\":750,\"height\":400,\"caption\":\"Tunisie \u2013 Budget 2025 : Ma\u00eetrise des d\u00e9penses et de la masse salariale\"},{\"@type\":\"BreadcrumbList\",\"@id\":\"https:\\\/\\\/www.webdo.tn\\\/fr\\\/actualite\\\/national\\\/tunisie-budget-2025-maitrise-des-depenses-et-de-la-masse-salariale\\\/213307\\\/#breadcrumb\",\"itemListElement\":[{\"@type\":\"ListItem\",\"position\":1,\"name\":\"Accueil\",\"item\":\"https:\\\/\\\/www.webdo.tn\\\/fr\\\/\"},{\"@type\":\"ListItem\",\"position\":2,\"name\":\"Tunisie \u2013 Budget 2025 : Ma\u00eetrise des d\u00e9penses et de la masse salariale\"}]},{\"@type\":\"WebSite\",\"@id\":\"https:\\\/\\\/www.webdo.tn\\\/fr\\\/#website\",\"url\":\"https:\\\/\\\/www.webdo.tn\\\/fr\\\/\",\"name\":\"webdo\",\"description\":\"Tunisie - News en Tunisie et \u00e0 l&#039;international sur Webdo.tn\",\"publisher\":{\"@id\":\"https:\\\/\\\/www.webdo.tn\\\/fr\\\/#organization\"},\"potentialAction\":[{\"@type\":\"SearchAction\",\"target\":{\"@type\":\"EntryPoint\",\"urlTemplate\":\"https:\\\/\\\/www.webdo.tn\\\/fr\\\/?s={search_term_string}\"},\"query-input\":{\"@type\":\"PropertyValueSpecification\",\"valueRequired\":true,\"valueName\":\"search_term_string\"}}],\"inLanguage\":\"fr-FR\"},{\"@type\":\"Organization\",\"@id\":\"https:\\\/\\\/www.webdo.tn\\\/fr\\\/#organization\",\"name\":\"Webdo\",\"alternateName\":\"Webdo.tn\",\"url\":\"https:\\\/\\\/www.webdo.tn\\\/fr\\\/\",\"logo\":{\"@type\":\"ImageObject\",\"inLanguage\":\"fr-FR\",\"@id\":\"https:\\\/\\\/www.webdo.tn\\\/fr\\\/#\\\/schema\\\/logo\\\/image\\\/\",\"url\":\"https:\\\/\\\/www.webdo.tn\\\/fr\\\/wp-content\\\/uploads\\\/2025\\\/06\\\/Webdo-Tunisie_168377.jpg\",\"contentUrl\":\"https:\\\/\\\/www.webdo.tn\\\/fr\\\/wp-content\\\/uploads\\\/2025\\\/06\\\/Webdo-Tunisie_168377.jpg\",\"width\":301,\"height\":301,\"caption\":\"Webdo\"},\"image\":{\"@id\":\"https:\\\/\\\/www.webdo.tn\\\/fr\\\/#\\\/schema\\\/logo\\\/image\\\/\"},\"sameAs\":[\"https:\\\/\\\/www.facebook.com\\\/webdotn\",\"https:\\\/\\\/x.com\\\/webdo_tn\"],\"description\":\"Webdo est un m\u00e9dia num\u00e9rique tunisien fond\u00e9 en 2010, sp\u00e9cialis\u00e9 dans l\u2019actualit\u00e9 nationale et internationale, l\u2019\u00e9conomie, la soci\u00e9t\u00e9 et les analyses politiques. Le site s\u2019adresse \u00e0 un large public francophone et couvre l\u2019information tunisienne en temps r\u00e9el.\",\"email\":\"redac@webdo.tn\",\"legalName\":\"YNJ SARL\",\"foundingDate\":\"2010-09-06\",\"numberOfEmployees\":{\"@type\":\"QuantitativeValue\",\"minValue\":\"11\",\"maxValue\":\"50\"}},{\"@type\":\"Person\",\"@id\":\"https:\\\/\\\/www.webdo.tn\\\/fr\\\/#\\\/schema\\\/person\\\/f35b42a42c5e2511bbd282959d6385cc\",\"name\":\"CL\",\"image\":{\"@type\":\"ImageObject\",\"inLanguage\":\"fr-FR\",\"@id\":\"https:\\\/\\\/secure.gravatar.com\\\/avatar\\\/1447a49909b67aa657c488aec6512e1dd6143a480c1ecfee9b5b5cd74eb3b59e?s=96&d=mm&r=g\",\"url\":\"https:\\\/\\\/secure.gravatar.com\\\/avatar\\\/1447a49909b67aa657c488aec6512e1dd6143a480c1ecfee9b5b5cd74eb3b59e?s=96&d=mm&r=g\",\"contentUrl\":\"https:\\\/\\\/secure.gravatar.com\\\/avatar\\\/1447a49909b67aa657c488aec6512e1dd6143a480c1ecfee9b5b5cd74eb3b59e?s=96&d=mm&r=g\",\"caption\":\"CL\"},\"url\":\"https:\\\/\\\/www.webdo.tn\\\/fr\\\/actualite\\\/author\\\/cl\\\/\"}]}<\/script>\n<!-- \/ Yoast SEO Premium plugin. -->","yoast_head_json":{"title":"Tunisie \u2013 Budget 2025 : Ma\u00eetrise des d\u00e9penses et de la masse salariale","description":"En effet, la pr\u00e9sidence du gouvernement a confirm\u00e9 que le projet de budget de l'\u00c9tat pour l'ann\u00e9e 2025 est bas\u00e9 sur la poursuite du contr\u00f4le des salaires et le...","canonical":"https:\/\/www.webdo.tn\/fr\/actualite\/national\/tunisie-budget-2025-maitrise-des-depenses-et-de-la-masse-salariale\/213307\/","og_locale":"fr_FR","og_type":"article","og_title":"Tunisie \u2013 Budget 2025 : Ma\u00eetrise des d\u00e9penses et de la masse salariale","og_description":"En effet, la pr\u00e9sidence du gouvernement a confirm\u00e9 que le projet de budget de l'\u00c9tat pour l'ann\u00e9e 2025 est bas\u00e9 sur la poursuite du contr\u00f4le des salaires et le...","og_url":"https:\/\/www.webdo.tn\/fr\/actualite\/national\/tunisie-budget-2025-maitrise-des-depenses-et-de-la-masse-salariale\/213307\/","og_site_name":"webdo","article_publisher":"https:\/\/www.facebook.com\/webdotn","article_published_time":"2024-04-01T11:36:00+00:00","article_modified_time":"2025-05-20T22:53:33+00:00","og_image":[{"width":750,"height":400,"url":"https:\/\/www.webdo.tn\/fr\/wp-content\/uploads\/2024\/04\/988313592d48675d34506b5433394f44.jpg","type":"image\/jpeg"}],"author":"CL","twitter_card":"summary_large_image","twitter_creator":"@webdo_tn","twitter_site":"@webdo_tn","twitter_misc":{"\u00c9crit par":"CL","Dur\u00e9e de lecture estim\u00e9e":"1 minute"},"schema":{"@context":"https:\/\/schema.org","@graph":[{"@type":"NewsArticle","@id":"https:\/\/www.webdo.tn\/fr\/actualite\/national\/tunisie-budget-2025-maitrise-des-depenses-et-de-la-masse-salariale\/213307\/#article","isPartOf":{"@id":"https:\/\/www.webdo.tn\/fr\/actualite\/national\/tunisie-budget-2025-maitrise-des-depenses-et-de-la-masse-salariale\/213307\/"},"author":{"name":"CL","@id":"https:\/\/www.webdo.tn\/fr\/#\/schema\/person\/f35b42a42c5e2511bbd282959d6385cc"},"headline":"Tunisie \u2013 Budget 2025 : Ma\u00eetrise des d\u00e9penses et de la masse salariale","datePublished":"2024-04-01T11:36:00+00:00","dateModified":"2025-05-20T22:53:33+00:00","mainEntityOfPage":{"@id":"https:\/\/www.webdo.tn\/fr\/actualite\/national\/tunisie-budget-2025-maitrise-des-depenses-et-de-la-masse-salariale\/213307\/"},"wordCount":278,"commentCount":0,"publisher":{"@id":"https:\/\/www.webdo.tn\/fr\/#organization"},"image":{"@id":"https:\/\/www.webdo.tn\/fr\/actualite\/national\/tunisie-budget-2025-maitrise-des-depenses-et-de-la-masse-salariale\/213307\/#primaryimage"},"thumbnailUrl":"https:\/\/www.webdo.tn\/fr\/wp-content\/uploads\/2024\/04\/988313592d48675d34506b5433394f44.jpg","keywords":["gouvernement","Salaires","Tunisie"],"articleSection":["National"],"inLanguage":"fr-FR"},{"@type":"WebPage","@id":"https:\/\/www.webdo.tn\/fr\/actualite\/national\/tunisie-budget-2025-maitrise-des-depenses-et-de-la-masse-salariale\/213307\/","url":"https:\/\/www.webdo.tn\/fr\/actualite\/national\/tunisie-budget-2025-maitrise-des-depenses-et-de-la-masse-salariale\/213307\/","name":"Tunisie \u2013 Budget 2025 : Ma\u00eetrise des d\u00e9penses et de la masse salariale","isPartOf":{"@id":"https:\/\/www.webdo.tn\/fr\/#website"},"primaryImageOfPage":{"@id":"https:\/\/www.webdo.tn\/fr\/actualite\/national\/tunisie-budget-2025-maitrise-des-depenses-et-de-la-masse-salariale\/213307\/#primaryimage"},"image":{"@id":"https:\/\/www.webdo.tn\/fr\/actualite\/national\/tunisie-budget-2025-maitrise-des-depenses-et-de-la-masse-salariale\/213307\/#primaryimage"},"thumbnailUrl":"https:\/\/www.webdo.tn\/fr\/wp-content\/uploads\/2024\/04\/988313592d48675d34506b5433394f44.jpg","datePublished":"2024-04-01T11:36:00+00:00","dateModified":"2025-05-20T22:53:33+00:00","description":"En effet, la pr\u00e9sidence du gouvernement a confirm\u00e9 que le projet de budget de l'\u00c9tat pour l'ann\u00e9e 2025 est bas\u00e9 sur la poursuite du contr\u00f4le des salaires et le...","breadcrumb":{"@id":"https:\/\/www.webdo.tn\/fr\/actualite\/national\/tunisie-budget-2025-maitrise-des-depenses-et-de-la-masse-salariale\/213307\/#breadcrumb"},"inLanguage":"fr-FR","potentialAction":[{"@type":"ReadAction","target":["https:\/\/www.webdo.tn\/fr\/actualite\/national\/tunisie-budget-2025-maitrise-des-depenses-et-de-la-masse-salariale\/213307\/"]}]},{"@type":"ImageObject","inLanguage":"fr-FR","@id":"https:\/\/www.webdo.tn\/fr\/actualite\/national\/tunisie-budget-2025-maitrise-des-depenses-et-de-la-masse-salariale\/213307\/#primaryimage","url":"https:\/\/www.webdo.tn\/fr\/wp-content\/uploads\/2024\/04\/988313592d48675d34506b5433394f44.jpg","contentUrl":"https:\/\/www.webdo.tn\/fr\/wp-content\/uploads\/2024\/04\/988313592d48675d34506b5433394f44.jpg","width":750,"height":400,"caption":"Tunisie \u2013 Budget 2025 : Ma\u00eetrise des d\u00e9penses et de la masse salariale"},{"@type":"BreadcrumbList","@id":"https:\/\/www.webdo.tn\/fr\/actualite\/national\/tunisie-budget-2025-maitrise-des-depenses-et-de-la-masse-salariale\/213307\/#breadcrumb","itemListElement":[{"@type":"ListItem","position":1,"name":"Accueil","item":"https:\/\/www.webdo.tn\/fr\/"},{"@type":"ListItem","position":2,"name":"Tunisie \u2013 Budget 2025 : Ma\u00eetrise des d\u00e9penses et de la masse salariale"}]},{"@type":"WebSite","@id":"https:\/\/www.webdo.tn\/fr\/#website","url":"https:\/\/www.webdo.tn\/fr\/","name":"webdo","description":"Tunisie - News en Tunisie et \u00e0 l&#039;international sur Webdo.tn","publisher":{"@id":"https:\/\/www.webdo.tn\/fr\/#organization"},"potentialAction":[{"@type":"SearchAction","target":{"@type":"EntryPoint","urlTemplate":"https:\/\/www.webdo.tn\/fr\/?s={search_term_string}"},"query-input":{"@type":"PropertyValueSpecification","valueRequired":true,"valueName":"search_term_string"}}],"inLanguage":"fr-FR"},{"@type":"Organization","@id":"https:\/\/www.webdo.tn\/fr\/#organization","name":"Webdo","alternateName":"Webdo.tn","url":"https:\/\/www.webdo.tn\/fr\/","logo":{"@type":"ImageObject","inLanguage":"fr-FR","@id":"https:\/\/www.webdo.tn\/fr\/#\/schema\/logo\/image\/","url":"https:\/\/www.webdo.tn\/fr\/wp-content\/uploads\/2025\/06\/Webdo-Tunisie_168377.jpg","contentUrl":"https:\/\/www.webdo.tn\/fr\/wp-content\/uploads\/2025\/06\/Webdo-Tunisie_168377.jpg","width":301,"height":301,"caption":"Webdo"},"image":{"@id":"https:\/\/www.webdo.tn\/fr\/#\/schema\/logo\/image\/"},"sameAs":["https:\/\/www.facebook.com\/webdotn","https:\/\/x.com\/webdo_tn"],"description":"Webdo est un m\u00e9dia num\u00e9rique tunisien fond\u00e9 en 2010, sp\u00e9cialis\u00e9 dans l\u2019actualit\u00e9 nationale et internationale, l\u2019\u00e9conomie, la soci\u00e9t\u00e9 et les analyses politiques. Le site s\u2019adresse \u00e0 un large public francophone et couvre l\u2019information tunisienne en temps r\u00e9el.","email":"redac@webdo.tn","legalName":"YNJ SARL","foundingDate":"2010-09-06","numberOfEmployees":{"@type":"QuantitativeValue","minValue":"11","maxValue":"50"}},{"@type":"Person","@id":"https:\/\/www.webdo.tn\/fr\/#\/schema\/person\/f35b42a42c5e2511bbd282959d6385cc","name":"CL","image":{"@type":"ImageObject","inLanguage":"fr-FR","@id":"https:\/\/secure.gravatar.com\/avatar\/1447a49909b67aa657c488aec6512e1dd6143a480c1ecfee9b5b5cd74eb3b59e?s=96&d=mm&r=g","url":"https:\/\/secure.gravatar.com\/avatar\/1447a49909b67aa657c488aec6512e1dd6143a480c1ecfee9b5b5cd74eb3b59e?s=96&d=mm&r=g","contentUrl":"https:\/\/secure.gravatar.com\/avatar\/1447a49909b67aa657c488aec6512e1dd6143a480c1ecfee9b5b5cd74eb3b59e?s=96&d=mm&r=g","caption":"CL"},"url":"https:\/\/www.webdo.tn\/fr\/actualite\/author\/cl\/"}]}},"_links":{"self":[{"href":"https:\/\/www.webdo.tn\/fr\/wp-json\/wp\/v2\/posts\/213307","targetHints":{"allow":["GET"]}}],"collection":[{"href":"https:\/\/www.webdo.tn\/fr\/wp-json\/wp\/v2\/posts"}],"about":[{"href":"https:\/\/www.webdo.tn\/fr\/wp-json\/wp\/v2\/types\/post"}],"author":[{"embeddable":true,"href":"https:\/\/www.webdo.tn\/fr\/wp-json\/wp\/v2\/users\/3175"}],"replies":[{"embeddable":true,"href":"https:\/\/www.webdo.tn\/fr\/wp-json\/wp\/v2\/comments?post=213307"}],"version-history":[{"count":0,"href":"https:\/\/www.webdo.tn\/fr\/wp-json\/wp\/v2\/posts\/213307\/revisions"}],"wp:featuredmedia":[{"embeddable":true,"href":"https:\/\/www.webdo.tn\/fr\/wp-json\/wp\/v2\/media\/290424"}],"wp:attachment":[{"href":"https:\/\/www.webdo.tn\/fr\/wp-json\/wp\/v2\/media?parent=213307"}],"wp:term":[{"taxonomy":"category","embeddable":true,"href":"https:\/\/www.webdo.tn\/fr\/wp-json\/wp\/v2\/categories?post=213307"},{"taxonomy":"post_tag","embeddable":true,"href":"https:\/\/www.webdo.tn\/fr\/wp-json\/wp\/v2\/tags?post=213307"}],"curies":[{"name":"wp","href":"https:\/\/api.w.org\/{rel}","templated":true}]}}