{"id":213290,"date":"2024-03-31T12:49:00","date_gmt":"2024-03-31T12:49:00","guid":{"rendered":"https:\/\/www.webdo.tn\/fr\/blog\/tunisie-production-de-sucre-relancee-a-la-raffinerie-de-beja\/213290\/"},"modified":"2025-05-20T21:51:50","modified_gmt":"2025-05-20T21:51:50","slug":"tunisie-production-de-sucre-relancee-a-la-raffinerie-de-beja","status":"publish","type":"post","link":"https:\/\/www.webdo.tn\/fr\/actualite\/national\/tunisie-production-de-sucre-relancee-a-la-raffinerie-de-beja\/213290\/","title":{"rendered":"Tunisie : Production de sucre relanc\u00e9e \u00e0 la raffinerie de B\u00e9ja"},"content":{"rendered":"<p>La production de sucre va \u00eatre relanc\u00e9e \u00e0 la raffinerie de B\u00e9ja et ce, \u00e0 partir de demain, lundi 1er avril 2024.<\/p>\n<p>\t\t\t\t\t\t\t\t\tLa relance de la production de sucre \u00e0 la raffinerie de B\u00e9ja, a \u00e9t\u00e9 confirm\u00e9e par Ahmed Louhichi, responsable du stockage et de la distribution \u00e0 la Soci\u00e9t\u00e9 tunisienne du sucre (STS) et membre du comit\u00e9 administratif.<\/p>\n<p>Dans une d\u00e9claration accord\u00e9e au quotidien Assabah, parue dans son \u00e9dition de ce dimanche 31 mars 2024, il a indiqu\u00e9 que l&rsquo;usine de raffinage de B\u00e9ja reprendra ses actiovit\u00e9s et entrera en phase de production \u00e0 partir de lundi 1er avril.<\/p>\n<p>Il a ajout\u00e9 qu\u2019un stock de sucre est actuellement disponible dans l&rsquo;usine de la STS et est estim\u00e9 \u00e0 8000 tonnes. Des discussions auront lieu avec le Bureau du Commerce pour d\u00e9terminer le rythme de distribution de ces 8000 tonnes \u00e0 travers le pays.<\/p>\n<p>La Soci\u00e9t\u00e9 Tunisienne du Sucre, qui connait des difficult\u00e9s depuis 2006, emploie pr\u00e8s de 500 ouvriers et constitue l\u2019une des plus anciennes soci\u00e9t\u00e9s industrielles de B\u00e9ja (1961). Elle produit annuellement 170 mille tonnes de sucre soit 47% des besoins du march\u00e9 tunisien.<\/p>\n<p>En d\u00e9cembre dernier, le pr\u00e9sident de la R\u00e9publique, Kais Saied, s&rsquo;y \u00e9tait rendu, lors d\u2019une visite inopin\u00e9e dans la ville de B\u00e9ja. Apr\u00e8s avoir pris connaissance de la situation de cette entreprise publique, il avait annonc\u00e9 qu\u2019elle ne sera pas c\u00e9d\u00e9e.<\/p>\n","protected":false},"excerpt":{"rendered":"<p>La relance de la production de sucre \u00e0 la raffinerie de B\u00e9ja, a \u00e9t\u00e9 confirm\u00e9e par Ahmed Louhichi, responsable du stockage et de la distribution \u00e0 la Soci\u00e9t\u00e9 tun&#8230;<\/p>\n","protected":false},"author":3162,"featured_media":247674,"comment_status":"open","ping_status":"closed","sticky":false,"template":"","format":"standard","meta":{"footnotes":""},"categories":[44],"tags":[3170,2976,6750,3662,2608],"class_list":["post-213290","post","type-post","status-publish","format-standard","has-post-thumbnail","hentry","category-national","tag-beja","tag-production","tag-societe-tunisienne-du-sucre","tag-sucre","tag-tunisie"],"yoast_head":"<!-- This site is optimized with the Yoast SEO Premium plugin v27.4 (Yoast SEO v27.5) - https:\/\/yoast.com\/product\/yoast-seo-premium-wordpress\/ -->\n<title>Tunisie : Production de sucre relanc\u00e9e \u00e0 la raffinerie de B\u00e9ja<\/title>\n<meta name=\"description\" content=\"La relance de la production de sucre \u00e0 la raffinerie de B\u00e9ja, a \u00e9t\u00e9 confirm\u00e9e par Ahmed Louhichi, responsable du stockage et de la distribution \u00e0 la Soci\u00e9t\u00e9 tun...\" \/>\n<link rel=\"canonical\" href=\"https:\/\/www.webdo.tn\/fr\/actualite\/national\/tunisie-production-de-sucre-relancee-a-la-raffinerie-de-beja\/213290\/\" \/>\n<meta property=\"og:locale\" content=\"fr_FR\" \/>\n<meta property=\"og:type\" content=\"article\" \/>\n<meta property=\"og:title\" content=\"Tunisie : Production de sucre relanc\u00e9e \u00e0 la raffinerie de B\u00e9ja\" \/>\n<meta property=\"og:description\" content=\"La relance de la production de sucre \u00e0 la raffinerie de B\u00e9ja, a \u00e9t\u00e9 confirm\u00e9e par Ahmed Louhichi, responsable du stockage et de la distribution \u00e0 la Soci\u00e9t\u00e9 tun...\" \/>\n<meta property=\"og:url\" content=\"https:\/\/www.webdo.tn\/fr\/actualite\/national\/tunisie-production-de-sucre-relancee-a-la-raffinerie-de-beja\/213290\/\" \/>\n<meta property=\"og:site_name\" content=\"webdo\" \/>\n<meta property=\"article:publisher\" content=\"https:\/\/www.facebook.com\/webdotn\" \/>\n<meta property=\"article:published_time\" content=\"2024-03-31T12:49:00+00:00\" \/>\n<meta property=\"article:modified_time\" content=\"2025-05-20T21:51:50+00:00\" \/>\n<meta property=\"og:image\" content=\"https:\/\/www.webdo.tn\/fr\/wp-content\/uploads\/2024\/03\/c6e630bf9f1485caa9adacf1a6b2f133.jpg\" \/>\n\t<meta property=\"og:image:width\" content=\"750\" \/>\n\t<meta property=\"og:image:height\" content=\"400\" \/>\n\t<meta property=\"og:image:type\" content=\"image\/jpeg\" \/>\n<meta name=\"author\" content=\"MC\" \/>\n<meta name=\"twitter:card\" content=\"summary_large_image\" \/>\n<meta name=\"twitter:creator\" content=\"@webdo_tn\" \/>\n<meta name=\"twitter:site\" content=\"@webdo_tn\" \/>\n<meta name=\"twitter:label1\" content=\"\u00c9crit par\" \/>\n\t<meta name=\"twitter:data1\" content=\"MC\" \/>\n\t<meta name=\"twitter:label2\" content=\"Dur\u00e9e de lecture estim\u00e9e\" \/>\n\t<meta name=\"twitter:data2\" content=\"1 minute\" \/>\n<script type=\"application\/ld+json\" class=\"yoast-schema-graph\">{\"@context\":\"https:\\\/\\\/schema.org\",\"@graph\":[{\"@type\":\"NewsArticle\",\"@id\":\"https:\\\/\\\/www.webdo.tn\\\/fr\\\/actualite\\\/national\\\/tunisie-production-de-sucre-relancee-a-la-raffinerie-de-beja\\\/213290\\\/#article\",\"isPartOf\":{\"@id\":\"https:\\\/\\\/www.webdo.tn\\\/fr\\\/actualite\\\/national\\\/tunisie-production-de-sucre-relancee-a-la-raffinerie-de-beja\\\/213290\\\/\"},\"author\":{\"name\":\"MC\",\"@id\":\"https:\\\/\\\/www.webdo.tn\\\/fr\\\/#\\\/schema\\\/person\\\/2c4929cbf5a809e3bd38617c6ce150f6\"},\"headline\":\"Tunisie : Production de sucre relanc\u00e9e \u00e0 la raffinerie de B\u00e9ja\",\"datePublished\":\"2024-03-31T12:49:00+00:00\",\"dateModified\":\"2025-05-20T21:51:50+00:00\",\"mainEntityOfPage\":{\"@id\":\"https:\\\/\\\/www.webdo.tn\\\/fr\\\/actualite\\\/national\\\/tunisie-production-de-sucre-relancee-a-la-raffinerie-de-beja\\\/213290\\\/\"},\"wordCount\":252,\"commentCount\":0,\"publisher\":{\"@id\":\"https:\\\/\\\/www.webdo.tn\\\/fr\\\/#organization\"},\"image\":{\"@id\":\"https:\\\/\\\/www.webdo.tn\\\/fr\\\/actualite\\\/national\\\/tunisie-production-de-sucre-relancee-a-la-raffinerie-de-beja\\\/213290\\\/#primaryimage\"},\"thumbnailUrl\":\"https:\\\/\\\/www.webdo.tn\\\/fr\\\/wp-content\\\/uploads\\\/2024\\\/03\\\/c6e630bf9f1485caa9adacf1a6b2f133.jpg\",\"keywords\":[\"b\u00e9ja\",\"production\",\"Soci\u00e9t\u00e9 tunisienne du sucre\",\"sucre\",\"Tunisie\"],\"articleSection\":[\"National\"],\"inLanguage\":\"fr-FR\"},{\"@type\":\"WebPage\",\"@id\":\"https:\\\/\\\/www.webdo.tn\\\/fr\\\/actualite\\\/national\\\/tunisie-production-de-sucre-relancee-a-la-raffinerie-de-beja\\\/213290\\\/\",\"url\":\"https:\\\/\\\/www.webdo.tn\\\/fr\\\/actualite\\\/national\\\/tunisie-production-de-sucre-relancee-a-la-raffinerie-de-beja\\\/213290\\\/\",\"name\":\"Tunisie : Production de sucre relanc\u00e9e \u00e0 la raffinerie de B\u00e9ja\",\"isPartOf\":{\"@id\":\"https:\\\/\\\/www.webdo.tn\\\/fr\\\/#website\"},\"primaryImageOfPage\":{\"@id\":\"https:\\\/\\\/www.webdo.tn\\\/fr\\\/actualite\\\/national\\\/tunisie-production-de-sucre-relancee-a-la-raffinerie-de-beja\\\/213290\\\/#primaryimage\"},\"image\":{\"@id\":\"https:\\\/\\\/www.webdo.tn\\\/fr\\\/actualite\\\/national\\\/tunisie-production-de-sucre-relancee-a-la-raffinerie-de-beja\\\/213290\\\/#primaryimage\"},\"thumbnailUrl\":\"https:\\\/\\\/www.webdo.tn\\\/fr\\\/wp-content\\\/uploads\\\/2024\\\/03\\\/c6e630bf9f1485caa9adacf1a6b2f133.jpg\",\"datePublished\":\"2024-03-31T12:49:00+00:00\",\"dateModified\":\"2025-05-20T21:51:50+00:00\",\"description\":\"La relance de la production de sucre \u00e0 la raffinerie de B\u00e9ja, a \u00e9t\u00e9 confirm\u00e9e par Ahmed Louhichi, responsable du stockage et de la distribution \u00e0 la Soci\u00e9t\u00e9 tun...\",\"breadcrumb\":{\"@id\":\"https:\\\/\\\/www.webdo.tn\\\/fr\\\/actualite\\\/national\\\/tunisie-production-de-sucre-relancee-a-la-raffinerie-de-beja\\\/213290\\\/#breadcrumb\"},\"inLanguage\":\"fr-FR\",\"potentialAction\":[{\"@type\":\"ReadAction\",\"target\":[\"https:\\\/\\\/www.webdo.tn\\\/fr\\\/actualite\\\/national\\\/tunisie-production-de-sucre-relancee-a-la-raffinerie-de-beja\\\/213290\\\/\"]}]},{\"@type\":\"ImageObject\",\"inLanguage\":\"fr-FR\",\"@id\":\"https:\\\/\\\/www.webdo.tn\\\/fr\\\/actualite\\\/national\\\/tunisie-production-de-sucre-relancee-a-la-raffinerie-de-beja\\\/213290\\\/#primaryimage\",\"url\":\"https:\\\/\\\/www.webdo.tn\\\/fr\\\/wp-content\\\/uploads\\\/2024\\\/03\\\/c6e630bf9f1485caa9adacf1a6b2f133.jpg\",\"contentUrl\":\"https:\\\/\\\/www.webdo.tn\\\/fr\\\/wp-content\\\/uploads\\\/2024\\\/03\\\/c6e630bf9f1485caa9adacf1a6b2f133.jpg\",\"width\":750,\"height\":400,\"caption\":\"Tunisie : Production de sucre relanc\u00e9e \u00e0 la raffinerie de B\u00e9ja\"},{\"@type\":\"BreadcrumbList\",\"@id\":\"https:\\\/\\\/www.webdo.tn\\\/fr\\\/actualite\\\/national\\\/tunisie-production-de-sucre-relancee-a-la-raffinerie-de-beja\\\/213290\\\/#breadcrumb\",\"itemListElement\":[{\"@type\":\"ListItem\",\"position\":1,\"name\":\"Accueil\",\"item\":\"https:\\\/\\\/www.webdo.tn\\\/fr\\\/\"},{\"@type\":\"ListItem\",\"position\":2,\"name\":\"Tunisie : Production de sucre relanc\u00e9e \u00e0 la raffinerie de B\u00e9ja\"}]},{\"@type\":\"WebSite\",\"@id\":\"https:\\\/\\\/www.webdo.tn\\\/fr\\\/#website\",\"url\":\"https:\\\/\\\/www.webdo.tn\\\/fr\\\/\",\"name\":\"webdo\",\"description\":\"Tunisie - News en Tunisie et \u00e0 l&#039;international sur Webdo.tn\",\"publisher\":{\"@id\":\"https:\\\/\\\/www.webdo.tn\\\/fr\\\/#organization\"},\"potentialAction\":[{\"@type\":\"SearchAction\",\"target\":{\"@type\":\"EntryPoint\",\"urlTemplate\":\"https:\\\/\\\/www.webdo.tn\\\/fr\\\/?s={search_term_string}\"},\"query-input\":{\"@type\":\"PropertyValueSpecification\",\"valueRequired\":true,\"valueName\":\"search_term_string\"}}],\"inLanguage\":\"fr-FR\"},{\"@type\":\"Organization\",\"@id\":\"https:\\\/\\\/www.webdo.tn\\\/fr\\\/#organization\",\"name\":\"Webdo\",\"alternateName\":\"Webdo.tn\",\"url\":\"https:\\\/\\\/www.webdo.tn\\\/fr\\\/\",\"logo\":{\"@type\":\"ImageObject\",\"inLanguage\":\"fr-FR\",\"@id\":\"https:\\\/\\\/www.webdo.tn\\\/fr\\\/#\\\/schema\\\/logo\\\/image\\\/\",\"url\":\"https:\\\/\\\/www.webdo.tn\\\/fr\\\/wp-content\\\/uploads\\\/2025\\\/06\\\/Webdo-Tunisie_168377.jpg\",\"contentUrl\":\"https:\\\/\\\/www.webdo.tn\\\/fr\\\/wp-content\\\/uploads\\\/2025\\\/06\\\/Webdo-Tunisie_168377.jpg\",\"width\":301,\"height\":301,\"caption\":\"Webdo\"},\"image\":{\"@id\":\"https:\\\/\\\/www.webdo.tn\\\/fr\\\/#\\\/schema\\\/logo\\\/image\\\/\"},\"sameAs\":[\"https:\\\/\\\/www.facebook.com\\\/webdotn\",\"https:\\\/\\\/x.com\\\/webdo_tn\"],\"description\":\"Webdo est un m\u00e9dia num\u00e9rique tunisien fond\u00e9 en 2010, sp\u00e9cialis\u00e9 dans l\u2019actualit\u00e9 nationale et internationale, l\u2019\u00e9conomie, la soci\u00e9t\u00e9 et les analyses politiques. Le site s\u2019adresse \u00e0 un large public francophone et couvre l\u2019information tunisienne en temps r\u00e9el.\",\"email\":\"redac@webdo.tn\",\"legalName\":\"YNJ SARL\",\"foundingDate\":\"2010-09-06\",\"numberOfEmployees\":{\"@type\":\"QuantitativeValue\",\"minValue\":\"11\",\"maxValue\":\"50\"}},{\"@type\":\"Person\",\"@id\":\"https:\\\/\\\/www.webdo.tn\\\/fr\\\/#\\\/schema\\\/person\\\/2c4929cbf5a809e3bd38617c6ce150f6\",\"name\":\"MC\",\"image\":{\"@type\":\"ImageObject\",\"inLanguage\":\"fr-FR\",\"@id\":\"https:\\\/\\\/secure.gravatar.com\\\/avatar\\\/a545bbb6f84efdd5553dbbc2895e3ca8f1d12c5215e00a041c9670b54aa9b18a?s=96&d=mm&r=g\",\"url\":\"https:\\\/\\\/secure.gravatar.com\\\/avatar\\\/a545bbb6f84efdd5553dbbc2895e3ca8f1d12c5215e00a041c9670b54aa9b18a?s=96&d=mm&r=g\",\"contentUrl\":\"https:\\\/\\\/secure.gravatar.com\\\/avatar\\\/a545bbb6f84efdd5553dbbc2895e3ca8f1d12c5215e00a041c9670b54aa9b18a?s=96&d=mm&r=g\",\"caption\":\"MC\"},\"url\":\"https:\\\/\\\/www.webdo.tn\\\/fr\\\/actualite\\\/author\\\/mc\\\/\"}]}<\/script>\n<!-- \/ Yoast SEO Premium plugin. -->","yoast_head_json":{"title":"Tunisie : Production de sucre relanc\u00e9e \u00e0 la raffinerie de B\u00e9ja","description":"La relance de la production de sucre \u00e0 la raffinerie de B\u00e9ja, a \u00e9t\u00e9 confirm\u00e9e par Ahmed Louhichi, responsable du stockage et de la distribution \u00e0 la Soci\u00e9t\u00e9 tun...","canonical":"https:\/\/www.webdo.tn\/fr\/actualite\/national\/tunisie-production-de-sucre-relancee-a-la-raffinerie-de-beja\/213290\/","og_locale":"fr_FR","og_type":"article","og_title":"Tunisie : Production de sucre relanc\u00e9e \u00e0 la raffinerie de B\u00e9ja","og_description":"La relance de la production de sucre \u00e0 la raffinerie de B\u00e9ja, a \u00e9t\u00e9 confirm\u00e9e par Ahmed Louhichi, responsable du stockage et de la distribution \u00e0 la Soci\u00e9t\u00e9 tun...","og_url":"https:\/\/www.webdo.tn\/fr\/actualite\/national\/tunisie-production-de-sucre-relancee-a-la-raffinerie-de-beja\/213290\/","og_site_name":"webdo","article_publisher":"https:\/\/www.facebook.com\/webdotn","article_published_time":"2024-03-31T12:49:00+00:00","article_modified_time":"2025-05-20T21:51:50+00:00","og_image":[{"width":750,"height":400,"url":"https:\/\/www.webdo.tn\/fr\/wp-content\/uploads\/2024\/03\/c6e630bf9f1485caa9adacf1a6b2f133.jpg","type":"image\/jpeg"}],"author":"MC","twitter_card":"summary_large_image","twitter_creator":"@webdo_tn","twitter_site":"@webdo_tn","twitter_misc":{"\u00c9crit par":"MC","Dur\u00e9e de lecture estim\u00e9e":"1 minute"},"schema":{"@context":"https:\/\/schema.org","@graph":[{"@type":"NewsArticle","@id":"https:\/\/www.webdo.tn\/fr\/actualite\/national\/tunisie-production-de-sucre-relancee-a-la-raffinerie-de-beja\/213290\/#article","isPartOf":{"@id":"https:\/\/www.webdo.tn\/fr\/actualite\/national\/tunisie-production-de-sucre-relancee-a-la-raffinerie-de-beja\/213290\/"},"author":{"name":"MC","@id":"https:\/\/www.webdo.tn\/fr\/#\/schema\/person\/2c4929cbf5a809e3bd38617c6ce150f6"},"headline":"Tunisie : Production de sucre relanc\u00e9e \u00e0 la raffinerie de B\u00e9ja","datePublished":"2024-03-31T12:49:00+00:00","dateModified":"2025-05-20T21:51:50+00:00","mainEntityOfPage":{"@id":"https:\/\/www.webdo.tn\/fr\/actualite\/national\/tunisie-production-de-sucre-relancee-a-la-raffinerie-de-beja\/213290\/"},"wordCount":252,"commentCount":0,"publisher":{"@id":"https:\/\/www.webdo.tn\/fr\/#organization"},"image":{"@id":"https:\/\/www.webdo.tn\/fr\/actualite\/national\/tunisie-production-de-sucre-relancee-a-la-raffinerie-de-beja\/213290\/#primaryimage"},"thumbnailUrl":"https:\/\/www.webdo.tn\/fr\/wp-content\/uploads\/2024\/03\/c6e630bf9f1485caa9adacf1a6b2f133.jpg","keywords":["b\u00e9ja","production","Soci\u00e9t\u00e9 tunisienne du sucre","sucre","Tunisie"],"articleSection":["National"],"inLanguage":"fr-FR"},{"@type":"WebPage","@id":"https:\/\/www.webdo.tn\/fr\/actualite\/national\/tunisie-production-de-sucre-relancee-a-la-raffinerie-de-beja\/213290\/","url":"https:\/\/www.webdo.tn\/fr\/actualite\/national\/tunisie-production-de-sucre-relancee-a-la-raffinerie-de-beja\/213290\/","name":"Tunisie : Production de sucre relanc\u00e9e \u00e0 la raffinerie de B\u00e9ja","isPartOf":{"@id":"https:\/\/www.webdo.tn\/fr\/#website"},"primaryImageOfPage":{"@id":"https:\/\/www.webdo.tn\/fr\/actualite\/national\/tunisie-production-de-sucre-relancee-a-la-raffinerie-de-beja\/213290\/#primaryimage"},"image":{"@id":"https:\/\/www.webdo.tn\/fr\/actualite\/national\/tunisie-production-de-sucre-relancee-a-la-raffinerie-de-beja\/213290\/#primaryimage"},"thumbnailUrl":"https:\/\/www.webdo.tn\/fr\/wp-content\/uploads\/2024\/03\/c6e630bf9f1485caa9adacf1a6b2f133.jpg","datePublished":"2024-03-31T12:49:00+00:00","dateModified":"2025-05-20T21:51:50+00:00","description":"La relance de la production de sucre \u00e0 la raffinerie de B\u00e9ja, a \u00e9t\u00e9 confirm\u00e9e par Ahmed Louhichi, responsable du stockage et de la distribution \u00e0 la Soci\u00e9t\u00e9 tun...","breadcrumb":{"@id":"https:\/\/www.webdo.tn\/fr\/actualite\/national\/tunisie-production-de-sucre-relancee-a-la-raffinerie-de-beja\/213290\/#breadcrumb"},"inLanguage":"fr-FR","potentialAction":[{"@type":"ReadAction","target":["https:\/\/www.webdo.tn\/fr\/actualite\/national\/tunisie-production-de-sucre-relancee-a-la-raffinerie-de-beja\/213290\/"]}]},{"@type":"ImageObject","inLanguage":"fr-FR","@id":"https:\/\/www.webdo.tn\/fr\/actualite\/national\/tunisie-production-de-sucre-relancee-a-la-raffinerie-de-beja\/213290\/#primaryimage","url":"https:\/\/www.webdo.tn\/fr\/wp-content\/uploads\/2024\/03\/c6e630bf9f1485caa9adacf1a6b2f133.jpg","contentUrl":"https:\/\/www.webdo.tn\/fr\/wp-content\/uploads\/2024\/03\/c6e630bf9f1485caa9adacf1a6b2f133.jpg","width":750,"height":400,"caption":"Tunisie : Production de sucre relanc\u00e9e \u00e0 la raffinerie de B\u00e9ja"},{"@type":"BreadcrumbList","@id":"https:\/\/www.webdo.tn\/fr\/actualite\/national\/tunisie-production-de-sucre-relancee-a-la-raffinerie-de-beja\/213290\/#breadcrumb","itemListElement":[{"@type":"ListItem","position":1,"name":"Accueil","item":"https:\/\/www.webdo.tn\/fr\/"},{"@type":"ListItem","position":2,"name":"Tunisie : Production de sucre relanc\u00e9e \u00e0 la raffinerie de B\u00e9ja"}]},{"@type":"WebSite","@id":"https:\/\/www.webdo.tn\/fr\/#website","url":"https:\/\/www.webdo.tn\/fr\/","name":"webdo","description":"Tunisie - News en Tunisie et \u00e0 l&#039;international sur Webdo.tn","publisher":{"@id":"https:\/\/www.webdo.tn\/fr\/#organization"},"potentialAction":[{"@type":"SearchAction","target":{"@type":"EntryPoint","urlTemplate":"https:\/\/www.webdo.tn\/fr\/?s={search_term_string}"},"query-input":{"@type":"PropertyValueSpecification","valueRequired":true,"valueName":"search_term_string"}}],"inLanguage":"fr-FR"},{"@type":"Organization","@id":"https:\/\/www.webdo.tn\/fr\/#organization","name":"Webdo","alternateName":"Webdo.tn","url":"https:\/\/www.webdo.tn\/fr\/","logo":{"@type":"ImageObject","inLanguage":"fr-FR","@id":"https:\/\/www.webdo.tn\/fr\/#\/schema\/logo\/image\/","url":"https:\/\/www.webdo.tn\/fr\/wp-content\/uploads\/2025\/06\/Webdo-Tunisie_168377.jpg","contentUrl":"https:\/\/www.webdo.tn\/fr\/wp-content\/uploads\/2025\/06\/Webdo-Tunisie_168377.jpg","width":301,"height":301,"caption":"Webdo"},"image":{"@id":"https:\/\/www.webdo.tn\/fr\/#\/schema\/logo\/image\/"},"sameAs":["https:\/\/www.facebook.com\/webdotn","https:\/\/x.com\/webdo_tn"],"description":"Webdo est un m\u00e9dia num\u00e9rique tunisien fond\u00e9 en 2010, sp\u00e9cialis\u00e9 dans l\u2019actualit\u00e9 nationale et internationale, l\u2019\u00e9conomie, la soci\u00e9t\u00e9 et les analyses politiques. Le site s\u2019adresse \u00e0 un large public francophone et couvre l\u2019information tunisienne en temps r\u00e9el.","email":"redac@webdo.tn","legalName":"YNJ SARL","foundingDate":"2010-09-06","numberOfEmployees":{"@type":"QuantitativeValue","minValue":"11","maxValue":"50"}},{"@type":"Person","@id":"https:\/\/www.webdo.tn\/fr\/#\/schema\/person\/2c4929cbf5a809e3bd38617c6ce150f6","name":"MC","image":{"@type":"ImageObject","inLanguage":"fr-FR","@id":"https:\/\/secure.gravatar.com\/avatar\/a545bbb6f84efdd5553dbbc2895e3ca8f1d12c5215e00a041c9670b54aa9b18a?s=96&d=mm&r=g","url":"https:\/\/secure.gravatar.com\/avatar\/a545bbb6f84efdd5553dbbc2895e3ca8f1d12c5215e00a041c9670b54aa9b18a?s=96&d=mm&r=g","contentUrl":"https:\/\/secure.gravatar.com\/avatar\/a545bbb6f84efdd5553dbbc2895e3ca8f1d12c5215e00a041c9670b54aa9b18a?s=96&d=mm&r=g","caption":"MC"},"url":"https:\/\/www.webdo.tn\/fr\/actualite\/author\/mc\/"}]}},"_links":{"self":[{"href":"https:\/\/www.webdo.tn\/fr\/wp-json\/wp\/v2\/posts\/213290","targetHints":{"allow":["GET"]}}],"collection":[{"href":"https:\/\/www.webdo.tn\/fr\/wp-json\/wp\/v2\/posts"}],"about":[{"href":"https:\/\/www.webdo.tn\/fr\/wp-json\/wp\/v2\/types\/post"}],"author":[{"embeddable":true,"href":"https:\/\/www.webdo.tn\/fr\/wp-json\/wp\/v2\/users\/3162"}],"replies":[{"embeddable":true,"href":"https:\/\/www.webdo.tn\/fr\/wp-json\/wp\/v2\/comments?post=213290"}],"version-history":[{"count":0,"href":"https:\/\/www.webdo.tn\/fr\/wp-json\/wp\/v2\/posts\/213290\/revisions"}],"wp:featuredmedia":[{"embeddable":true,"href":"https:\/\/www.webdo.tn\/fr\/wp-json\/wp\/v2\/media\/247674"}],"wp:attachment":[{"href":"https:\/\/www.webdo.tn\/fr\/wp-json\/wp\/v2\/media?parent=213290"}],"wp:term":[{"taxonomy":"category","embeddable":true,"href":"https:\/\/www.webdo.tn\/fr\/wp-json\/wp\/v2\/categories?post=213290"},{"taxonomy":"post_tag","embeddable":true,"href":"https:\/\/www.webdo.tn\/fr\/wp-json\/wp\/v2\/tags?post=213290"}],"curies":[{"name":"wp","href":"https:\/\/api.w.org\/{rel}","templated":true}]}}