{"id":213284,"date":"2024-03-30T13:02:00","date_gmt":"2024-03-30T13:02:00","guid":{"rendered":"https:\/\/www.webdo.tn\/fr\/blog\/deces-du-dr-jed-henchiri-ouverture-d-une-enquete\/213284\/"},"modified":"2025-05-20T22:12:35","modified_gmt":"2025-05-20T22:12:35","slug":"deces-du-dr-jed-henchiri-ouverture-d-une-enquete","status":"publish","type":"post","link":"https:\/\/www.webdo.tn\/fr\/actualite\/national\/deces-du-dr-jed-henchiri-ouverture-d-une-enquete\/213284\/","title":{"rendered":"D\u00e9c\u00e8s du Dr. Jed Henchiri : Ouverture d\u2019une enqu\u00eate"},"content":{"rendered":"<p>Le parquet du tribunal de premi\u00e8re instance de Sfax a annonc\u00e9 l&rsquo;ouverture d&rsquo;une enqu\u00eate afin de clarifier les circonstances entourant le d\u00e9c\u00e8s du Dr. Jed Henchiri, ancien pr\u00e9sident de l&rsquo;Organisation tunisienne des jeunes m\u00e9decins.<\/p>\n<p>\t\t\t\t\t\t\t\t\tSelon les dispositions de l&rsquo;article 31 du Code de proc\u00e9dure p\u00e9nale, cette d\u00e9cision a \u00e9t\u00e9 prise suite au d\u00e9c\u00e8s survenu hier dans un appartement \u00e0 Sfax.<\/p>\n<p>Le substitut du procureur de la R\u00e9publique, accompagn\u00e9 du juge d&rsquo;instruction en charge du dossier, se sont d\u00e9plac\u00e9s hier pour proc\u00e9der aux premi\u00e8res investigations et autoriser le transfert du corps du d\u00e9funt \u00e0 la morgue de l&rsquo;h\u00f4pital universitaire Habib Bourguiba afin de pratiquer une autopsie et d\u00e9terminer avec pr\u00e9cision les causes du d\u00e9c\u00e8s.<\/p>\n<p>Il convient de souligner que le Dr. Jed Henchiri \u00e9tait dipl\u00f4m\u00e9 de la Facult\u00e9 de m\u00e9decine de Sfax et \u00e9tait reconnu pour son engagement en faveur du secteur de la sant\u00e9 publique. Il a activement \u0153uvr\u00e9 pour l&rsquo;am\u00e9lioration des \u00e9tablissements de sant\u00e9 publics ainsi que des h\u00f4pitaux, menant de nombreuses batailles dans ce domaine.<\/p>\n<p>Jed Henchiri est d\u00e9c\u00e9d\u00e9, dans la soir\u00e9e de vendredi 29 mars 2024.<\/p>\n","protected":false},"excerpt":{"rendered":"<p>Selon les dispositions de l&rsquo;article 31 du Code de proc\u00e9dure p\u00e9nale, cette d\u00e9cision a \u00e9t\u00e9 prise suite au d\u00e9c\u00e8s survenu hier dans un appartement \u00e0 Sfax.<\/p>\n","protected":false},"author":3162,"featured_media":290415,"comment_status":"open","ping_status":"closed","sticky":false,"template":"","format":"standard","meta":{"footnotes":""},"categories":[44],"tags":[2830,3202,6751,2701],"class_list":["post-213284","post","type-post","status-publish","format-standard","has-post-thumbnail","hentry","category-national","tag-deces","tag-enquete","tag-jed-henchiri","tag-medecins"],"yoast_head":"<!-- This site is optimized with the Yoast SEO Premium plugin v27.4 (Yoast SEO v27.4) - https:\/\/yoast.com\/product\/yoast-seo-premium-wordpress\/ -->\n<title>D\u00e9c\u00e8s du Dr. Jed Henchiri : Ouverture d\u2019une enqu\u00eate<\/title>\n<meta name=\"description\" content=\"Selon les dispositions de l&#039;article 31 du Code de proc\u00e9dure p\u00e9nale, cette d\u00e9cision a \u00e9t\u00e9 prise suite au d\u00e9c\u00e8s survenu hier dans un appartement \u00e0 Sfax.\" \/>\n<link rel=\"canonical\" href=\"https:\/\/www.webdo.tn\/fr\/actualite\/national\/deces-du-dr-jed-henchiri-ouverture-d-une-enquete\/213284\/\" \/>\n<meta property=\"og:locale\" content=\"fr_FR\" \/>\n<meta property=\"og:type\" content=\"article\" \/>\n<meta property=\"og:title\" content=\"D\u00e9c\u00e8s du Dr. Jed Henchiri : Ouverture d\u2019une enqu\u00eate\" \/>\n<meta property=\"og:description\" content=\"Selon les dispositions de l&#039;article 31 du Code de proc\u00e9dure p\u00e9nale, cette d\u00e9cision a \u00e9t\u00e9 prise suite au d\u00e9c\u00e8s survenu hier dans un appartement \u00e0 Sfax.\" \/>\n<meta property=\"og:url\" content=\"https:\/\/www.webdo.tn\/fr\/actualite\/national\/deces-du-dr-jed-henchiri-ouverture-d-une-enquete\/213284\/\" \/>\n<meta property=\"og:site_name\" content=\"webdo\" \/>\n<meta property=\"article:publisher\" content=\"https:\/\/www.facebook.com\/webdotn\" \/>\n<meta property=\"article:published_time\" content=\"2024-03-30T13:02:00+00:00\" \/>\n<meta property=\"article:modified_time\" content=\"2025-05-20T22:12:35+00:00\" \/>\n<meta property=\"og:image\" content=\"https:\/\/www.webdo.tn\/fr\/wp-content\/uploads\/2024\/03\/e3b86a4e397e6e9c3d97c3136f5d5010.jpeg\" \/>\n\t<meta property=\"og:image:width\" content=\"675\" \/>\n\t<meta property=\"og:image:height\" content=\"360\" \/>\n\t<meta property=\"og:image:type\" content=\"image\/jpeg\" \/>\n<meta name=\"author\" content=\"MC\" \/>\n<meta name=\"twitter:card\" content=\"summary_large_image\" \/>\n<meta name=\"twitter:creator\" content=\"@webdo_tn\" \/>\n<meta name=\"twitter:site\" content=\"@webdo_tn\" \/>\n<meta name=\"twitter:label1\" content=\"\u00c9crit par\" \/>\n\t<meta name=\"twitter:data1\" content=\"MC\" \/>\n\t<meta name=\"twitter:label2\" content=\"Dur\u00e9e de lecture estim\u00e9e\" \/>\n\t<meta name=\"twitter:data2\" content=\"1 minute\" \/>\n<script type=\"application\/ld+json\" class=\"yoast-schema-graph\">{\"@context\":\"https:\\\/\\\/schema.org\",\"@graph\":[{\"@type\":\"NewsArticle\",\"@id\":\"https:\\\/\\\/www.webdo.tn\\\/fr\\\/actualite\\\/national\\\/deces-du-dr-jed-henchiri-ouverture-d-une-enquete\\\/213284\\\/#article\",\"isPartOf\":{\"@id\":\"https:\\\/\\\/www.webdo.tn\\\/fr\\\/actualite\\\/national\\\/deces-du-dr-jed-henchiri-ouverture-d-une-enquete\\\/213284\\\/\"},\"author\":{\"name\":\"MC\",\"@id\":\"https:\\\/\\\/www.webdo.tn\\\/fr\\\/#\\\/schema\\\/person\\\/2c4929cbf5a809e3bd38617c6ce150f6\"},\"headline\":\"D\u00e9c\u00e8s du Dr. Jed Henchiri : Ouverture d\u2019une enqu\u00eate\",\"datePublished\":\"2024-03-30T13:02:00+00:00\",\"dateModified\":\"2025-05-20T22:12:35+00:00\",\"mainEntityOfPage\":{\"@id\":\"https:\\\/\\\/www.webdo.tn\\\/fr\\\/actualite\\\/national\\\/deces-du-dr-jed-henchiri-ouverture-d-une-enquete\\\/213284\\\/\"},\"wordCount\":222,\"commentCount\":0,\"publisher\":{\"@id\":\"https:\\\/\\\/www.webdo.tn\\\/fr\\\/#organization\"},\"image\":{\"@id\":\"https:\\\/\\\/www.webdo.tn\\\/fr\\\/actualite\\\/national\\\/deces-du-dr-jed-henchiri-ouverture-d-une-enquete\\\/213284\\\/#primaryimage\"},\"thumbnailUrl\":\"https:\\\/\\\/www.webdo.tn\\\/fr\\\/wp-content\\\/uploads\\\/2024\\\/03\\\/e3b86a4e397e6e9c3d97c3136f5d5010.jpeg\",\"keywords\":[\"D\u00e9c\u00e8s\",\"Enqu\u00eate\",\"jed henchiri\",\"m\u00e9decins\"],\"articleSection\":[\"National\"],\"inLanguage\":\"fr-FR\"},{\"@type\":\"WebPage\",\"@id\":\"https:\\\/\\\/www.webdo.tn\\\/fr\\\/actualite\\\/national\\\/deces-du-dr-jed-henchiri-ouverture-d-une-enquete\\\/213284\\\/\",\"url\":\"https:\\\/\\\/www.webdo.tn\\\/fr\\\/actualite\\\/national\\\/deces-du-dr-jed-henchiri-ouverture-d-une-enquete\\\/213284\\\/\",\"name\":\"D\u00e9c\u00e8s du Dr. Jed Henchiri : Ouverture d\u2019une enqu\u00eate\",\"isPartOf\":{\"@id\":\"https:\\\/\\\/www.webdo.tn\\\/fr\\\/#website\"},\"primaryImageOfPage\":{\"@id\":\"https:\\\/\\\/www.webdo.tn\\\/fr\\\/actualite\\\/national\\\/deces-du-dr-jed-henchiri-ouverture-d-une-enquete\\\/213284\\\/#primaryimage\"},\"image\":{\"@id\":\"https:\\\/\\\/www.webdo.tn\\\/fr\\\/actualite\\\/national\\\/deces-du-dr-jed-henchiri-ouverture-d-une-enquete\\\/213284\\\/#primaryimage\"},\"thumbnailUrl\":\"https:\\\/\\\/www.webdo.tn\\\/fr\\\/wp-content\\\/uploads\\\/2024\\\/03\\\/e3b86a4e397e6e9c3d97c3136f5d5010.jpeg\",\"datePublished\":\"2024-03-30T13:02:00+00:00\",\"dateModified\":\"2025-05-20T22:12:35+00:00\",\"description\":\"Selon les dispositions de l'article 31 du Code de proc\u00e9dure p\u00e9nale, cette d\u00e9cision a \u00e9t\u00e9 prise suite au d\u00e9c\u00e8s survenu hier dans un appartement \u00e0 Sfax.\",\"breadcrumb\":{\"@id\":\"https:\\\/\\\/www.webdo.tn\\\/fr\\\/actualite\\\/national\\\/deces-du-dr-jed-henchiri-ouverture-d-une-enquete\\\/213284\\\/#breadcrumb\"},\"inLanguage\":\"fr-FR\",\"potentialAction\":[{\"@type\":\"ReadAction\",\"target\":[\"https:\\\/\\\/www.webdo.tn\\\/fr\\\/actualite\\\/national\\\/deces-du-dr-jed-henchiri-ouverture-d-une-enquete\\\/213284\\\/\"]}]},{\"@type\":\"ImageObject\",\"inLanguage\":\"fr-FR\",\"@id\":\"https:\\\/\\\/www.webdo.tn\\\/fr\\\/actualite\\\/national\\\/deces-du-dr-jed-henchiri-ouverture-d-une-enquete\\\/213284\\\/#primaryimage\",\"url\":\"https:\\\/\\\/www.webdo.tn\\\/fr\\\/wp-content\\\/uploads\\\/2024\\\/03\\\/e3b86a4e397e6e9c3d97c3136f5d5010.jpeg\",\"contentUrl\":\"https:\\\/\\\/www.webdo.tn\\\/fr\\\/wp-content\\\/uploads\\\/2024\\\/03\\\/e3b86a4e397e6e9c3d97c3136f5d5010.jpeg\",\"width\":675,\"height\":360,\"caption\":\"D\u00e9c\u00e8s du Dr. Jed Henchiri : Ouverture d\u2019une enqu\u00eate\"},{\"@type\":\"BreadcrumbList\",\"@id\":\"https:\\\/\\\/www.webdo.tn\\\/fr\\\/actualite\\\/national\\\/deces-du-dr-jed-henchiri-ouverture-d-une-enquete\\\/213284\\\/#breadcrumb\",\"itemListElement\":[{\"@type\":\"ListItem\",\"position\":1,\"name\":\"Accueil\",\"item\":\"https:\\\/\\\/www.webdo.tn\\\/fr\\\/\"},{\"@type\":\"ListItem\",\"position\":2,\"name\":\"D\u00e9c\u00e8s du Dr. Jed Henchiri : Ouverture d\u2019une enqu\u00eate\"}]},{\"@type\":\"WebSite\",\"@id\":\"https:\\\/\\\/www.webdo.tn\\\/fr\\\/#website\",\"url\":\"https:\\\/\\\/www.webdo.tn\\\/fr\\\/\",\"name\":\"webdo\",\"description\":\"Tunisie - News en Tunisie et \u00e0 l&#039;international sur Webdo.tn\",\"publisher\":{\"@id\":\"https:\\\/\\\/www.webdo.tn\\\/fr\\\/#organization\"},\"potentialAction\":[{\"@type\":\"SearchAction\",\"target\":{\"@type\":\"EntryPoint\",\"urlTemplate\":\"https:\\\/\\\/www.webdo.tn\\\/fr\\\/?s={search_term_string}\"},\"query-input\":{\"@type\":\"PropertyValueSpecification\",\"valueRequired\":true,\"valueName\":\"search_term_string\"}}],\"inLanguage\":\"fr-FR\"},{\"@type\":\"Organization\",\"@id\":\"https:\\\/\\\/www.webdo.tn\\\/fr\\\/#organization\",\"name\":\"Webdo\",\"alternateName\":\"Webdo.tn\",\"url\":\"https:\\\/\\\/www.webdo.tn\\\/fr\\\/\",\"logo\":{\"@type\":\"ImageObject\",\"inLanguage\":\"fr-FR\",\"@id\":\"https:\\\/\\\/www.webdo.tn\\\/fr\\\/#\\\/schema\\\/logo\\\/image\\\/\",\"url\":\"https:\\\/\\\/www.webdo.tn\\\/fr\\\/wp-content\\\/uploads\\\/2025\\\/06\\\/Webdo-Tunisie_168377.jpg\",\"contentUrl\":\"https:\\\/\\\/www.webdo.tn\\\/fr\\\/wp-content\\\/uploads\\\/2025\\\/06\\\/Webdo-Tunisie_168377.jpg\",\"width\":301,\"height\":301,\"caption\":\"Webdo\"},\"image\":{\"@id\":\"https:\\\/\\\/www.webdo.tn\\\/fr\\\/#\\\/schema\\\/logo\\\/image\\\/\"},\"sameAs\":[\"https:\\\/\\\/www.facebook.com\\\/webdotn\",\"https:\\\/\\\/x.com\\\/webdo_tn\"],\"description\":\"Webdo est un m\u00e9dia num\u00e9rique tunisien fond\u00e9 en 2010, sp\u00e9cialis\u00e9 dans l\u2019actualit\u00e9 nationale et internationale, l\u2019\u00e9conomie, la soci\u00e9t\u00e9 et les analyses politiques. Le site s\u2019adresse \u00e0 un large public francophone et couvre l\u2019information tunisienne en temps r\u00e9el.\",\"email\":\"redac@webdo.tn\",\"legalName\":\"YNJ SARL\",\"foundingDate\":\"2010-09-06\",\"numberOfEmployees\":{\"@type\":\"QuantitativeValue\",\"minValue\":\"11\",\"maxValue\":\"50\"}},{\"@type\":\"Person\",\"@id\":\"https:\\\/\\\/www.webdo.tn\\\/fr\\\/#\\\/schema\\\/person\\\/2c4929cbf5a809e3bd38617c6ce150f6\",\"name\":\"MC\",\"image\":{\"@type\":\"ImageObject\",\"inLanguage\":\"fr-FR\",\"@id\":\"https:\\\/\\\/secure.gravatar.com\\\/avatar\\\/a545bbb6f84efdd5553dbbc2895e3ca8f1d12c5215e00a041c9670b54aa9b18a?s=96&d=mm&r=g\",\"url\":\"https:\\\/\\\/secure.gravatar.com\\\/avatar\\\/a545bbb6f84efdd5553dbbc2895e3ca8f1d12c5215e00a041c9670b54aa9b18a?s=96&d=mm&r=g\",\"contentUrl\":\"https:\\\/\\\/secure.gravatar.com\\\/avatar\\\/a545bbb6f84efdd5553dbbc2895e3ca8f1d12c5215e00a041c9670b54aa9b18a?s=96&d=mm&r=g\",\"caption\":\"MC\"},\"url\":\"https:\\\/\\\/www.webdo.tn\\\/fr\\\/actualite\\\/author\\\/mc\\\/\"}]}<\/script>\n<!-- \/ Yoast SEO Premium plugin. -->","yoast_head_json":{"title":"D\u00e9c\u00e8s du Dr. Jed Henchiri : Ouverture d\u2019une enqu\u00eate","description":"Selon les dispositions de l'article 31 du Code de proc\u00e9dure p\u00e9nale, cette d\u00e9cision a \u00e9t\u00e9 prise suite au d\u00e9c\u00e8s survenu hier dans un appartement \u00e0 Sfax.","canonical":"https:\/\/www.webdo.tn\/fr\/actualite\/national\/deces-du-dr-jed-henchiri-ouverture-d-une-enquete\/213284\/","og_locale":"fr_FR","og_type":"article","og_title":"D\u00e9c\u00e8s du Dr. Jed Henchiri : Ouverture d\u2019une enqu\u00eate","og_description":"Selon les dispositions de l'article 31 du Code de proc\u00e9dure p\u00e9nale, cette d\u00e9cision a \u00e9t\u00e9 prise suite au d\u00e9c\u00e8s survenu hier dans un appartement \u00e0 Sfax.","og_url":"https:\/\/www.webdo.tn\/fr\/actualite\/national\/deces-du-dr-jed-henchiri-ouverture-d-une-enquete\/213284\/","og_site_name":"webdo","article_publisher":"https:\/\/www.facebook.com\/webdotn","article_published_time":"2024-03-30T13:02:00+00:00","article_modified_time":"2025-05-20T22:12:35+00:00","og_image":[{"width":675,"height":360,"url":"https:\/\/www.webdo.tn\/fr\/wp-content\/uploads\/2024\/03\/e3b86a4e397e6e9c3d97c3136f5d5010.jpeg","type":"image\/jpeg"}],"author":"MC","twitter_card":"summary_large_image","twitter_creator":"@webdo_tn","twitter_site":"@webdo_tn","twitter_misc":{"\u00c9crit par":"MC","Dur\u00e9e de lecture estim\u00e9e":"1 minute"},"schema":{"@context":"https:\/\/schema.org","@graph":[{"@type":"NewsArticle","@id":"https:\/\/www.webdo.tn\/fr\/actualite\/national\/deces-du-dr-jed-henchiri-ouverture-d-une-enquete\/213284\/#article","isPartOf":{"@id":"https:\/\/www.webdo.tn\/fr\/actualite\/national\/deces-du-dr-jed-henchiri-ouverture-d-une-enquete\/213284\/"},"author":{"name":"MC","@id":"https:\/\/www.webdo.tn\/fr\/#\/schema\/person\/2c4929cbf5a809e3bd38617c6ce150f6"},"headline":"D\u00e9c\u00e8s du Dr. Jed Henchiri : Ouverture d\u2019une enqu\u00eate","datePublished":"2024-03-30T13:02:00+00:00","dateModified":"2025-05-20T22:12:35+00:00","mainEntityOfPage":{"@id":"https:\/\/www.webdo.tn\/fr\/actualite\/national\/deces-du-dr-jed-henchiri-ouverture-d-une-enquete\/213284\/"},"wordCount":222,"commentCount":0,"publisher":{"@id":"https:\/\/www.webdo.tn\/fr\/#organization"},"image":{"@id":"https:\/\/www.webdo.tn\/fr\/actualite\/national\/deces-du-dr-jed-henchiri-ouverture-d-une-enquete\/213284\/#primaryimage"},"thumbnailUrl":"https:\/\/www.webdo.tn\/fr\/wp-content\/uploads\/2024\/03\/e3b86a4e397e6e9c3d97c3136f5d5010.jpeg","keywords":["D\u00e9c\u00e8s","Enqu\u00eate","jed henchiri","m\u00e9decins"],"articleSection":["National"],"inLanguage":"fr-FR"},{"@type":"WebPage","@id":"https:\/\/www.webdo.tn\/fr\/actualite\/national\/deces-du-dr-jed-henchiri-ouverture-d-une-enquete\/213284\/","url":"https:\/\/www.webdo.tn\/fr\/actualite\/national\/deces-du-dr-jed-henchiri-ouverture-d-une-enquete\/213284\/","name":"D\u00e9c\u00e8s du Dr. Jed Henchiri : Ouverture d\u2019une enqu\u00eate","isPartOf":{"@id":"https:\/\/www.webdo.tn\/fr\/#website"},"primaryImageOfPage":{"@id":"https:\/\/www.webdo.tn\/fr\/actualite\/national\/deces-du-dr-jed-henchiri-ouverture-d-une-enquete\/213284\/#primaryimage"},"image":{"@id":"https:\/\/www.webdo.tn\/fr\/actualite\/national\/deces-du-dr-jed-henchiri-ouverture-d-une-enquete\/213284\/#primaryimage"},"thumbnailUrl":"https:\/\/www.webdo.tn\/fr\/wp-content\/uploads\/2024\/03\/e3b86a4e397e6e9c3d97c3136f5d5010.jpeg","datePublished":"2024-03-30T13:02:00+00:00","dateModified":"2025-05-20T22:12:35+00:00","description":"Selon les dispositions de l'article 31 du Code de proc\u00e9dure p\u00e9nale, cette d\u00e9cision a \u00e9t\u00e9 prise suite au d\u00e9c\u00e8s survenu hier dans un appartement \u00e0 Sfax.","breadcrumb":{"@id":"https:\/\/www.webdo.tn\/fr\/actualite\/national\/deces-du-dr-jed-henchiri-ouverture-d-une-enquete\/213284\/#breadcrumb"},"inLanguage":"fr-FR","potentialAction":[{"@type":"ReadAction","target":["https:\/\/www.webdo.tn\/fr\/actualite\/national\/deces-du-dr-jed-henchiri-ouverture-d-une-enquete\/213284\/"]}]},{"@type":"ImageObject","inLanguage":"fr-FR","@id":"https:\/\/www.webdo.tn\/fr\/actualite\/national\/deces-du-dr-jed-henchiri-ouverture-d-une-enquete\/213284\/#primaryimage","url":"https:\/\/www.webdo.tn\/fr\/wp-content\/uploads\/2024\/03\/e3b86a4e397e6e9c3d97c3136f5d5010.jpeg","contentUrl":"https:\/\/www.webdo.tn\/fr\/wp-content\/uploads\/2024\/03\/e3b86a4e397e6e9c3d97c3136f5d5010.jpeg","width":675,"height":360,"caption":"D\u00e9c\u00e8s du Dr. Jed Henchiri : Ouverture d\u2019une enqu\u00eate"},{"@type":"BreadcrumbList","@id":"https:\/\/www.webdo.tn\/fr\/actualite\/national\/deces-du-dr-jed-henchiri-ouverture-d-une-enquete\/213284\/#breadcrumb","itemListElement":[{"@type":"ListItem","position":1,"name":"Accueil","item":"https:\/\/www.webdo.tn\/fr\/"},{"@type":"ListItem","position":2,"name":"D\u00e9c\u00e8s du Dr. Jed Henchiri : Ouverture d\u2019une enqu\u00eate"}]},{"@type":"WebSite","@id":"https:\/\/www.webdo.tn\/fr\/#website","url":"https:\/\/www.webdo.tn\/fr\/","name":"webdo","description":"Tunisie - News en Tunisie et \u00e0 l&#039;international sur Webdo.tn","publisher":{"@id":"https:\/\/www.webdo.tn\/fr\/#organization"},"potentialAction":[{"@type":"SearchAction","target":{"@type":"EntryPoint","urlTemplate":"https:\/\/www.webdo.tn\/fr\/?s={search_term_string}"},"query-input":{"@type":"PropertyValueSpecification","valueRequired":true,"valueName":"search_term_string"}}],"inLanguage":"fr-FR"},{"@type":"Organization","@id":"https:\/\/www.webdo.tn\/fr\/#organization","name":"Webdo","alternateName":"Webdo.tn","url":"https:\/\/www.webdo.tn\/fr\/","logo":{"@type":"ImageObject","inLanguage":"fr-FR","@id":"https:\/\/www.webdo.tn\/fr\/#\/schema\/logo\/image\/","url":"https:\/\/www.webdo.tn\/fr\/wp-content\/uploads\/2025\/06\/Webdo-Tunisie_168377.jpg","contentUrl":"https:\/\/www.webdo.tn\/fr\/wp-content\/uploads\/2025\/06\/Webdo-Tunisie_168377.jpg","width":301,"height":301,"caption":"Webdo"},"image":{"@id":"https:\/\/www.webdo.tn\/fr\/#\/schema\/logo\/image\/"},"sameAs":["https:\/\/www.facebook.com\/webdotn","https:\/\/x.com\/webdo_tn"],"description":"Webdo est un m\u00e9dia num\u00e9rique tunisien fond\u00e9 en 2010, sp\u00e9cialis\u00e9 dans l\u2019actualit\u00e9 nationale et internationale, l\u2019\u00e9conomie, la soci\u00e9t\u00e9 et les analyses politiques. Le site s\u2019adresse \u00e0 un large public francophone et couvre l\u2019information tunisienne en temps r\u00e9el.","email":"redac@webdo.tn","legalName":"YNJ SARL","foundingDate":"2010-09-06","numberOfEmployees":{"@type":"QuantitativeValue","minValue":"11","maxValue":"50"}},{"@type":"Person","@id":"https:\/\/www.webdo.tn\/fr\/#\/schema\/person\/2c4929cbf5a809e3bd38617c6ce150f6","name":"MC","image":{"@type":"ImageObject","inLanguage":"fr-FR","@id":"https:\/\/secure.gravatar.com\/avatar\/a545bbb6f84efdd5553dbbc2895e3ca8f1d12c5215e00a041c9670b54aa9b18a?s=96&d=mm&r=g","url":"https:\/\/secure.gravatar.com\/avatar\/a545bbb6f84efdd5553dbbc2895e3ca8f1d12c5215e00a041c9670b54aa9b18a?s=96&d=mm&r=g","contentUrl":"https:\/\/secure.gravatar.com\/avatar\/a545bbb6f84efdd5553dbbc2895e3ca8f1d12c5215e00a041c9670b54aa9b18a?s=96&d=mm&r=g","caption":"MC"},"url":"https:\/\/www.webdo.tn\/fr\/actualite\/author\/mc\/"}]}},"_links":{"self":[{"href":"https:\/\/www.webdo.tn\/fr\/wp-json\/wp\/v2\/posts\/213284","targetHints":{"allow":["GET"]}}],"collection":[{"href":"https:\/\/www.webdo.tn\/fr\/wp-json\/wp\/v2\/posts"}],"about":[{"href":"https:\/\/www.webdo.tn\/fr\/wp-json\/wp\/v2\/types\/post"}],"author":[{"embeddable":true,"href":"https:\/\/www.webdo.tn\/fr\/wp-json\/wp\/v2\/users\/3162"}],"replies":[{"embeddable":true,"href":"https:\/\/www.webdo.tn\/fr\/wp-json\/wp\/v2\/comments?post=213284"}],"version-history":[{"count":0,"href":"https:\/\/www.webdo.tn\/fr\/wp-json\/wp\/v2\/posts\/213284\/revisions"}],"wp:featuredmedia":[{"embeddable":true,"href":"https:\/\/www.webdo.tn\/fr\/wp-json\/wp\/v2\/media\/290415"}],"wp:attachment":[{"href":"https:\/\/www.webdo.tn\/fr\/wp-json\/wp\/v2\/media?parent=213284"}],"wp:term":[{"taxonomy":"category","embeddable":true,"href":"https:\/\/www.webdo.tn\/fr\/wp-json\/wp\/v2\/categories?post=213284"},{"taxonomy":"post_tag","embeddable":true,"href":"https:\/\/www.webdo.tn\/fr\/wp-json\/wp\/v2\/tags?post=213284"}],"curies":[{"name":"wp","href":"https:\/\/api.w.org\/{rel}","templated":true}]}}