{"id":213273,"date":"2024-03-29T20:34:00","date_gmt":"2024-03-29T20:34:00","guid":{"rendered":"https:\/\/www.webdo.tn\/fr\/blog\/affaire-chokri-belaid-condamne-a-six-ans-de-prison-maher-akkari-se-rend-a-la-justice\/213273\/"},"modified":"2025-05-20T21:51:56","modified_gmt":"2025-05-20T21:51:56","slug":"affaire-chokri-belaid-condamne-a-six-ans-de-prison-maher-akkari-se-rend-a-la-justice","status":"publish","type":"post","link":"https:\/\/www.webdo.tn\/fr\/actualite\/national\/affaire-chokri-belaid-condamne-a-six-ans-de-prison-maher-akkari-se-rend-a-la-justice\/213273\/","title":{"rendered":"Affaire Chokri Belaid : Condamn\u00e9 \u00e0 six ans de prison, Maher Akkari se rend \u00e0 la justice"},"content":{"rendered":"<p>Il fait partie des 23 accus\u00e9s dans l\u2019affaire de l\u2019assassinat de Chokri Belaid et \u00e9tait en libert\u00e9 conditionnelle. Apr\u00e8s avoir \u00e9t\u00e9 jug\u00e9 et condamn\u00e9 dans cette affaire, il s\u2019est rendu \u00e0 la justice.<\/p>\n<p>\t\t\t\t\t\t\t\t\tMaher Akkari fait partie des 23 accus\u00e9s jug\u00e9s dans l\u2019affaire de l\u2019assassinat de Chokri Belaid. Il \u00e9tait en libert\u00e9 conditionnelle, et a \u00e9t\u00e9 d\u00e9f\u00e9r\u00e9 devant la justice en \u00e9tat de libert\u00e9 jusqu\u2019\u00e0 la proclamation du verdict, prononc\u00e9 le 27 mars 2024.<\/p>\n<p>C\u2019est dans ce contexte que le minist\u00e8re public du Tribunal de premi\u00e8re instance de Tunis a \u00e9mis, cet apr\u00e8s-midi, un mandat de d\u00e9p\u00f4t \u00e0 l&rsquo;encontre de Maher Akkari, en ex\u00e9cution de la peine prononc\u00e9e \u00e0 son encontre, le condamnant \u00e0 six ans de prison.<\/p>\n<p>Ayant pris connaissance du jugement et du mandat de d\u00e9p\u00f4t \u00e9mis \u00e0 son encontre, il s&rsquo;est rendu aujourd\u2019hui aux autorit\u00e9s, qui l&rsquo;ont remis au parquet du Tribunal de premi\u00e8re instance de Tunis pour effectuer sa peine.<\/p>\n<p>Rappelons que\u00a0 la 5e chambre criminelle sp\u00e9cialis\u00e9e dans les affaires terroristes pr\u00e8s le tribunal de premi\u00e8re instance de Tunis a rendu son verdict dans l&rsquo;affaire d&rsquo;assassinat du martyr Chokri Bela\u00efd, mercredi 27 mars 2024.<\/p>\n<p>Quatre accus\u00e9s ont \u00e9cop\u00e9 de la peine de mort alors que deux autres ont \u00e9t\u00e9 condamn\u00e9s \u00e0 la perp\u00e9tuit\u00e9. Des peines de prison ont \u00e9t\u00e9 annonc\u00e9s \u00e0 l&rsquo;encontre de nombre d&rsquo;accus\u00e9s impliqu\u00e9s dans cette affaire allant de deux \u00e0 120 ans de prison et ce apr\u00e8s avoir calcul\u00e9 la somme des peines encourues au titre de chaque crime jug\u00e9 s\u00e9par\u00e9ment et \u00e0 part enti\u00e8re.<\/p>\n<p>Notons \u00e9galement que des jugements de non-lieu ont \u00e9t\u00e9 prononc\u00e9s en faveur de cinq autres accus\u00e9s pour motif de \u00ab chose jug\u00e9e \u00bb, c&rsquo;est-\u00e0-dire, non pas en raison d&rsquo;une pr\u00e9somption \u00e9tablissant leur innocence mais plut\u00f4t du fait qu&rsquo;ils ont \u00e9t\u00e9 poursuivis et jug\u00e9s pour les m\u00eames faits et agissements r\u00e9pr\u00e9hensibles dans le cadre d&rsquo;autres affaires.<\/p>\n<p>Chokri Belaid, secr\u00e9taire g\u00e9n\u00e9ral du Parti des patriotes d\u00e9mocrates unifi\u00e9 (gauche), a \u00e9t\u00e9 assassin\u00e9 le 6 f\u00e9vrier 2013, abattu par balle devant sa r\u00e9sidence situ\u00e9e \u00e0 El Menzah VI, dans le gouvernorat d&rsquo;Ariana.<\/p>\n","protected":false},"excerpt":{"rendered":"<p>Maher Akkari fait partie des 23 accus\u00e9s jug\u00e9s dans l\u2019affaire de l\u2019assassinat de Chokri Belaid. Il \u00e9tait en libert\u00e9 conditionnelle, et a \u00e9t\u00e9 d\u00e9f\u00e9r\u00e9 devant la jus&#8230;<\/p>\n","protected":false},"author":3162,"featured_media":247692,"comment_status":"open","ping_status":"closed","sticky":false,"template":"","format":"standard","meta":{"footnotes":""},"categories":[44],"tags":[3260,3262,2835,6773,2608,3114],"class_list":["post-213273","post","type-post","status-publish","format-standard","has-post-thumbnail","hentry","category-national","tag-assassinat","tag-chokri-belaid","tag-condamnation","tag-maher-akkari","tag-tunisie","tag-verdict"],"yoast_head":"<!-- This site is optimized with the Yoast SEO Premium plugin v27.5 (Yoast SEO v27.5) - https:\/\/yoast.com\/product\/yoast-seo-premium-wordpress\/ -->\n<title>Affaire Chokri Belaid : Condamn\u00e9 \u00e0 six ans de prison, Maher Akkari se rend \u00e0 la justice<\/title>\n<meta name=\"description\" content=\"Maher Akkari fait partie des 23 accus\u00e9s jug\u00e9s dans l\u2019affaire de l\u2019assassinat de Chokri Belaid. Il \u00e9tait en libert\u00e9 conditionnelle, et a \u00e9t\u00e9 d\u00e9f\u00e9r\u00e9 devant la jus...\" \/>\n<link rel=\"canonical\" href=\"https:\/\/www.webdo.tn\/fr\/actualite\/national\/affaire-chokri-belaid-condamne-a-six-ans-de-prison-maher-akkari-se-rend-a-la-justice\/213273\/\" \/>\n<meta property=\"og:locale\" content=\"fr_FR\" \/>\n<meta property=\"og:type\" content=\"article\" \/>\n<meta property=\"og:title\" content=\"Affaire Chokri Belaid : Condamn\u00e9 \u00e0 six ans de prison, Maher Akkari se rend \u00e0 la justice\" \/>\n<meta property=\"og:description\" content=\"Maher Akkari fait partie des 23 accus\u00e9s jug\u00e9s dans l\u2019affaire de l\u2019assassinat de Chokri Belaid. Il \u00e9tait en libert\u00e9 conditionnelle, et a \u00e9t\u00e9 d\u00e9f\u00e9r\u00e9 devant la jus...\" \/>\n<meta property=\"og:url\" content=\"https:\/\/www.webdo.tn\/fr\/actualite\/national\/affaire-chokri-belaid-condamne-a-six-ans-de-prison-maher-akkari-se-rend-a-la-justice\/213273\/\" \/>\n<meta property=\"og:site_name\" content=\"webdo\" \/>\n<meta property=\"article:publisher\" content=\"https:\/\/www.facebook.com\/webdotn\" \/>\n<meta property=\"article:published_time\" content=\"2024-03-29T20:34:00+00:00\" \/>\n<meta property=\"article:modified_time\" content=\"2025-05-20T21:51:56+00:00\" \/>\n<meta property=\"og:image\" content=\"https:\/\/www.webdo.tn\/fr\/wp-content\/uploads\/2024\/03\/355d0d944acc929c34932ca4b3c3b6d6.jpg\" \/>\n\t<meta property=\"og:image:width\" content=\"563\" \/>\n\t<meta property=\"og:image:height\" content=\"300\" \/>\n\t<meta property=\"og:image:type\" content=\"image\/jpeg\" \/>\n<meta name=\"author\" content=\"MC\" \/>\n<meta name=\"twitter:card\" content=\"summary_large_image\" \/>\n<meta name=\"twitter:creator\" content=\"@webdo_tn\" \/>\n<meta name=\"twitter:site\" content=\"@webdo_tn\" \/>\n<meta name=\"twitter:label1\" content=\"\u00c9crit par\" \/>\n\t<meta name=\"twitter:data1\" content=\"MC\" \/>\n\t<meta name=\"twitter:label2\" content=\"Dur\u00e9e de lecture estim\u00e9e\" \/>\n\t<meta name=\"twitter:data2\" content=\"2 minutes\" \/>\n<script type=\"application\/ld+json\" class=\"yoast-schema-graph\">{\"@context\":\"https:\\\/\\\/schema.org\",\"@graph\":[{\"@type\":\"NewsArticle\",\"@id\":\"https:\\\/\\\/www.webdo.tn\\\/fr\\\/actualite\\\/national\\\/affaire-chokri-belaid-condamne-a-six-ans-de-prison-maher-akkari-se-rend-a-la-justice\\\/213273\\\/#article\",\"isPartOf\":{\"@id\":\"https:\\\/\\\/www.webdo.tn\\\/fr\\\/actualite\\\/national\\\/affaire-chokri-belaid-condamne-a-six-ans-de-prison-maher-akkari-se-rend-a-la-justice\\\/213273\\\/\"},\"author\":{\"name\":\"MC\",\"@id\":\"https:\\\/\\\/www.webdo.tn\\\/fr\\\/#\\\/schema\\\/person\\\/2c4929cbf5a809e3bd38617c6ce150f6\"},\"headline\":\"Affaire Chokri Belaid : Condamn\u00e9 \u00e0 six ans de prison, Maher Akkari se rend \u00e0 la justice\",\"datePublished\":\"2024-03-29T20:34:00+00:00\",\"dateModified\":\"2025-05-20T21:51:56+00:00\",\"mainEntityOfPage\":{\"@id\":\"https:\\\/\\\/www.webdo.tn\\\/fr\\\/actualite\\\/national\\\/affaire-chokri-belaid-condamne-a-six-ans-de-prison-maher-akkari-se-rend-a-la-justice\\\/213273\\\/\"},\"wordCount\":401,\"commentCount\":0,\"publisher\":{\"@id\":\"https:\\\/\\\/www.webdo.tn\\\/fr\\\/#organization\"},\"image\":{\"@id\":\"https:\\\/\\\/www.webdo.tn\\\/fr\\\/actualite\\\/national\\\/affaire-chokri-belaid-condamne-a-six-ans-de-prison-maher-akkari-se-rend-a-la-justice\\\/213273\\\/#primaryimage\"},\"thumbnailUrl\":\"https:\\\/\\\/www.webdo.tn\\\/fr\\\/wp-content\\\/uploads\\\/2024\\\/03\\\/355d0d944acc929c34932ca4b3c3b6d6.jpg\",\"keywords\":[\"assassinat\",\"chokri belaid\",\"condamnation\",\"maher akkari\",\"Tunisie\",\"verdict\"],\"articleSection\":[\"National\"],\"inLanguage\":\"fr-FR\"},{\"@type\":\"WebPage\",\"@id\":\"https:\\\/\\\/www.webdo.tn\\\/fr\\\/actualite\\\/national\\\/affaire-chokri-belaid-condamne-a-six-ans-de-prison-maher-akkari-se-rend-a-la-justice\\\/213273\\\/\",\"url\":\"https:\\\/\\\/www.webdo.tn\\\/fr\\\/actualite\\\/national\\\/affaire-chokri-belaid-condamne-a-six-ans-de-prison-maher-akkari-se-rend-a-la-justice\\\/213273\\\/\",\"name\":\"Affaire Chokri Belaid : Condamn\u00e9 \u00e0 six ans de prison, Maher Akkari se rend \u00e0 la justice\",\"isPartOf\":{\"@id\":\"https:\\\/\\\/www.webdo.tn\\\/fr\\\/#website\"},\"primaryImageOfPage\":{\"@id\":\"https:\\\/\\\/www.webdo.tn\\\/fr\\\/actualite\\\/national\\\/affaire-chokri-belaid-condamne-a-six-ans-de-prison-maher-akkari-se-rend-a-la-justice\\\/213273\\\/#primaryimage\"},\"image\":{\"@id\":\"https:\\\/\\\/www.webdo.tn\\\/fr\\\/actualite\\\/national\\\/affaire-chokri-belaid-condamne-a-six-ans-de-prison-maher-akkari-se-rend-a-la-justice\\\/213273\\\/#primaryimage\"},\"thumbnailUrl\":\"https:\\\/\\\/www.webdo.tn\\\/fr\\\/wp-content\\\/uploads\\\/2024\\\/03\\\/355d0d944acc929c34932ca4b3c3b6d6.jpg\",\"datePublished\":\"2024-03-29T20:34:00+00:00\",\"dateModified\":\"2025-05-20T21:51:56+00:00\",\"description\":\"Maher Akkari fait partie des 23 accus\u00e9s jug\u00e9s dans l\u2019affaire de l\u2019assassinat de Chokri Belaid. Il \u00e9tait en libert\u00e9 conditionnelle, et a \u00e9t\u00e9 d\u00e9f\u00e9r\u00e9 devant la jus...\",\"breadcrumb\":{\"@id\":\"https:\\\/\\\/www.webdo.tn\\\/fr\\\/actualite\\\/national\\\/affaire-chokri-belaid-condamne-a-six-ans-de-prison-maher-akkari-se-rend-a-la-justice\\\/213273\\\/#breadcrumb\"},\"inLanguage\":\"fr-FR\",\"potentialAction\":[{\"@type\":\"ReadAction\",\"target\":[\"https:\\\/\\\/www.webdo.tn\\\/fr\\\/actualite\\\/national\\\/affaire-chokri-belaid-condamne-a-six-ans-de-prison-maher-akkari-se-rend-a-la-justice\\\/213273\\\/\"]}]},{\"@type\":\"ImageObject\",\"inLanguage\":\"fr-FR\",\"@id\":\"https:\\\/\\\/www.webdo.tn\\\/fr\\\/actualite\\\/national\\\/affaire-chokri-belaid-condamne-a-six-ans-de-prison-maher-akkari-se-rend-a-la-justice\\\/213273\\\/#primaryimage\",\"url\":\"https:\\\/\\\/www.webdo.tn\\\/fr\\\/wp-content\\\/uploads\\\/2024\\\/03\\\/355d0d944acc929c34932ca4b3c3b6d6.jpg\",\"contentUrl\":\"https:\\\/\\\/www.webdo.tn\\\/fr\\\/wp-content\\\/uploads\\\/2024\\\/03\\\/355d0d944acc929c34932ca4b3c3b6d6.jpg\",\"width\":563,\"height\":300,\"caption\":\"Affaire Chokri Belaid : Condamn\u00e9 \u00e0 six ans de prison, Maher Akkari se rend \u00e0 la justice\"},{\"@type\":\"BreadcrumbList\",\"@id\":\"https:\\\/\\\/www.webdo.tn\\\/fr\\\/actualite\\\/national\\\/affaire-chokri-belaid-condamne-a-six-ans-de-prison-maher-akkari-se-rend-a-la-justice\\\/213273\\\/#breadcrumb\",\"itemListElement\":[{\"@type\":\"ListItem\",\"position\":1,\"name\":\"Accueil\",\"item\":\"https:\\\/\\\/www.webdo.tn\\\/fr\\\/\"},{\"@type\":\"ListItem\",\"position\":2,\"name\":\"Affaire Chokri Belaid : Condamn\u00e9 \u00e0 six ans de prison, Maher Akkari se rend \u00e0 la justice\"}]},{\"@type\":\"WebSite\",\"@id\":\"https:\\\/\\\/www.webdo.tn\\\/fr\\\/#website\",\"url\":\"https:\\\/\\\/www.webdo.tn\\\/fr\\\/\",\"name\":\"webdo\",\"description\":\"Tunisie - News en Tunisie et \u00e0 l&#039;international sur Webdo.tn\",\"publisher\":{\"@id\":\"https:\\\/\\\/www.webdo.tn\\\/fr\\\/#organization\"},\"potentialAction\":[{\"@type\":\"SearchAction\",\"target\":{\"@type\":\"EntryPoint\",\"urlTemplate\":\"https:\\\/\\\/www.webdo.tn\\\/fr\\\/?s={search_term_string}\"},\"query-input\":{\"@type\":\"PropertyValueSpecification\",\"valueRequired\":true,\"valueName\":\"search_term_string\"}}],\"inLanguage\":\"fr-FR\"},{\"@type\":\"Organization\",\"@id\":\"https:\\\/\\\/www.webdo.tn\\\/fr\\\/#organization\",\"name\":\"Webdo\",\"alternateName\":\"Webdo.tn\",\"url\":\"https:\\\/\\\/www.webdo.tn\\\/fr\\\/\",\"logo\":{\"@type\":\"ImageObject\",\"inLanguage\":\"fr-FR\",\"@id\":\"https:\\\/\\\/www.webdo.tn\\\/fr\\\/#\\\/schema\\\/logo\\\/image\\\/\",\"url\":\"https:\\\/\\\/www.webdo.tn\\\/fr\\\/wp-content\\\/uploads\\\/2025\\\/06\\\/Webdo-Tunisie_168377.jpg\",\"contentUrl\":\"https:\\\/\\\/www.webdo.tn\\\/fr\\\/wp-content\\\/uploads\\\/2025\\\/06\\\/Webdo-Tunisie_168377.jpg\",\"width\":301,\"height\":301,\"caption\":\"Webdo\"},\"image\":{\"@id\":\"https:\\\/\\\/www.webdo.tn\\\/fr\\\/#\\\/schema\\\/logo\\\/image\\\/\"},\"sameAs\":[\"https:\\\/\\\/www.facebook.com\\\/webdotn\",\"https:\\\/\\\/x.com\\\/webdo_tn\"],\"description\":\"Webdo est un m\u00e9dia num\u00e9rique tunisien fond\u00e9 en 2010, sp\u00e9cialis\u00e9 dans l\u2019actualit\u00e9 nationale et internationale, l\u2019\u00e9conomie, la soci\u00e9t\u00e9 et les analyses politiques. Le site s\u2019adresse \u00e0 un large public francophone et couvre l\u2019information tunisienne en temps r\u00e9el.\",\"email\":\"redac@webdo.tn\",\"legalName\":\"YNJ SARL\",\"foundingDate\":\"2010-09-06\",\"numberOfEmployees\":{\"@type\":\"QuantitativeValue\",\"minValue\":\"11\",\"maxValue\":\"50\"}},{\"@type\":\"Person\",\"@id\":\"https:\\\/\\\/www.webdo.tn\\\/fr\\\/#\\\/schema\\\/person\\\/2c4929cbf5a809e3bd38617c6ce150f6\",\"name\":\"MC\",\"image\":{\"@type\":\"ImageObject\",\"inLanguage\":\"fr-FR\",\"@id\":\"https:\\\/\\\/secure.gravatar.com\\\/avatar\\\/a545bbb6f84efdd5553dbbc2895e3ca8f1d12c5215e00a041c9670b54aa9b18a?s=96&d=mm&r=g\",\"url\":\"https:\\\/\\\/secure.gravatar.com\\\/avatar\\\/a545bbb6f84efdd5553dbbc2895e3ca8f1d12c5215e00a041c9670b54aa9b18a?s=96&d=mm&r=g\",\"contentUrl\":\"https:\\\/\\\/secure.gravatar.com\\\/avatar\\\/a545bbb6f84efdd5553dbbc2895e3ca8f1d12c5215e00a041c9670b54aa9b18a?s=96&d=mm&r=g\",\"caption\":\"MC\"},\"url\":\"https:\\\/\\\/www.webdo.tn\\\/fr\\\/actualite\\\/author\\\/mc\\\/\"}]}<\/script>\n<!-- \/ Yoast SEO Premium plugin. -->","yoast_head_json":{"title":"Affaire Chokri Belaid : Condamn\u00e9 \u00e0 six ans de prison, Maher Akkari se rend \u00e0 la justice","description":"Maher Akkari fait partie des 23 accus\u00e9s jug\u00e9s dans l\u2019affaire de l\u2019assassinat de Chokri Belaid. Il \u00e9tait en libert\u00e9 conditionnelle, et a \u00e9t\u00e9 d\u00e9f\u00e9r\u00e9 devant la jus...","canonical":"https:\/\/www.webdo.tn\/fr\/actualite\/national\/affaire-chokri-belaid-condamne-a-six-ans-de-prison-maher-akkari-se-rend-a-la-justice\/213273\/","og_locale":"fr_FR","og_type":"article","og_title":"Affaire Chokri Belaid : Condamn\u00e9 \u00e0 six ans de prison, Maher Akkari se rend \u00e0 la justice","og_description":"Maher Akkari fait partie des 23 accus\u00e9s jug\u00e9s dans l\u2019affaire de l\u2019assassinat de Chokri Belaid. Il \u00e9tait en libert\u00e9 conditionnelle, et a \u00e9t\u00e9 d\u00e9f\u00e9r\u00e9 devant la jus...","og_url":"https:\/\/www.webdo.tn\/fr\/actualite\/national\/affaire-chokri-belaid-condamne-a-six-ans-de-prison-maher-akkari-se-rend-a-la-justice\/213273\/","og_site_name":"webdo","article_publisher":"https:\/\/www.facebook.com\/webdotn","article_published_time":"2024-03-29T20:34:00+00:00","article_modified_time":"2025-05-20T21:51:56+00:00","og_image":[{"width":563,"height":300,"url":"https:\/\/www.webdo.tn\/fr\/wp-content\/uploads\/2024\/03\/355d0d944acc929c34932ca4b3c3b6d6.jpg","type":"image\/jpeg"}],"author":"MC","twitter_card":"summary_large_image","twitter_creator":"@webdo_tn","twitter_site":"@webdo_tn","twitter_misc":{"\u00c9crit par":"MC","Dur\u00e9e de lecture estim\u00e9e":"2 minutes"},"schema":{"@context":"https:\/\/schema.org","@graph":[{"@type":"NewsArticle","@id":"https:\/\/www.webdo.tn\/fr\/actualite\/national\/affaire-chokri-belaid-condamne-a-six-ans-de-prison-maher-akkari-se-rend-a-la-justice\/213273\/#article","isPartOf":{"@id":"https:\/\/www.webdo.tn\/fr\/actualite\/national\/affaire-chokri-belaid-condamne-a-six-ans-de-prison-maher-akkari-se-rend-a-la-justice\/213273\/"},"author":{"name":"MC","@id":"https:\/\/www.webdo.tn\/fr\/#\/schema\/person\/2c4929cbf5a809e3bd38617c6ce150f6"},"headline":"Affaire Chokri Belaid : Condamn\u00e9 \u00e0 six ans de prison, Maher Akkari se rend \u00e0 la justice","datePublished":"2024-03-29T20:34:00+00:00","dateModified":"2025-05-20T21:51:56+00:00","mainEntityOfPage":{"@id":"https:\/\/www.webdo.tn\/fr\/actualite\/national\/affaire-chokri-belaid-condamne-a-six-ans-de-prison-maher-akkari-se-rend-a-la-justice\/213273\/"},"wordCount":401,"commentCount":0,"publisher":{"@id":"https:\/\/www.webdo.tn\/fr\/#organization"},"image":{"@id":"https:\/\/www.webdo.tn\/fr\/actualite\/national\/affaire-chokri-belaid-condamne-a-six-ans-de-prison-maher-akkari-se-rend-a-la-justice\/213273\/#primaryimage"},"thumbnailUrl":"https:\/\/www.webdo.tn\/fr\/wp-content\/uploads\/2024\/03\/355d0d944acc929c34932ca4b3c3b6d6.jpg","keywords":["assassinat","chokri belaid","condamnation","maher akkari","Tunisie","verdict"],"articleSection":["National"],"inLanguage":"fr-FR"},{"@type":"WebPage","@id":"https:\/\/www.webdo.tn\/fr\/actualite\/national\/affaire-chokri-belaid-condamne-a-six-ans-de-prison-maher-akkari-se-rend-a-la-justice\/213273\/","url":"https:\/\/www.webdo.tn\/fr\/actualite\/national\/affaire-chokri-belaid-condamne-a-six-ans-de-prison-maher-akkari-se-rend-a-la-justice\/213273\/","name":"Affaire Chokri Belaid : Condamn\u00e9 \u00e0 six ans de prison, Maher Akkari se rend \u00e0 la justice","isPartOf":{"@id":"https:\/\/www.webdo.tn\/fr\/#website"},"primaryImageOfPage":{"@id":"https:\/\/www.webdo.tn\/fr\/actualite\/national\/affaire-chokri-belaid-condamne-a-six-ans-de-prison-maher-akkari-se-rend-a-la-justice\/213273\/#primaryimage"},"image":{"@id":"https:\/\/www.webdo.tn\/fr\/actualite\/national\/affaire-chokri-belaid-condamne-a-six-ans-de-prison-maher-akkari-se-rend-a-la-justice\/213273\/#primaryimage"},"thumbnailUrl":"https:\/\/www.webdo.tn\/fr\/wp-content\/uploads\/2024\/03\/355d0d944acc929c34932ca4b3c3b6d6.jpg","datePublished":"2024-03-29T20:34:00+00:00","dateModified":"2025-05-20T21:51:56+00:00","description":"Maher Akkari fait partie des 23 accus\u00e9s jug\u00e9s dans l\u2019affaire de l\u2019assassinat de Chokri Belaid. Il \u00e9tait en libert\u00e9 conditionnelle, et a \u00e9t\u00e9 d\u00e9f\u00e9r\u00e9 devant la jus...","breadcrumb":{"@id":"https:\/\/www.webdo.tn\/fr\/actualite\/national\/affaire-chokri-belaid-condamne-a-six-ans-de-prison-maher-akkari-se-rend-a-la-justice\/213273\/#breadcrumb"},"inLanguage":"fr-FR","potentialAction":[{"@type":"ReadAction","target":["https:\/\/www.webdo.tn\/fr\/actualite\/national\/affaire-chokri-belaid-condamne-a-six-ans-de-prison-maher-akkari-se-rend-a-la-justice\/213273\/"]}]},{"@type":"ImageObject","inLanguage":"fr-FR","@id":"https:\/\/www.webdo.tn\/fr\/actualite\/national\/affaire-chokri-belaid-condamne-a-six-ans-de-prison-maher-akkari-se-rend-a-la-justice\/213273\/#primaryimage","url":"https:\/\/www.webdo.tn\/fr\/wp-content\/uploads\/2024\/03\/355d0d944acc929c34932ca4b3c3b6d6.jpg","contentUrl":"https:\/\/www.webdo.tn\/fr\/wp-content\/uploads\/2024\/03\/355d0d944acc929c34932ca4b3c3b6d6.jpg","width":563,"height":300,"caption":"Affaire Chokri Belaid : Condamn\u00e9 \u00e0 six ans de prison, Maher Akkari se rend \u00e0 la justice"},{"@type":"BreadcrumbList","@id":"https:\/\/www.webdo.tn\/fr\/actualite\/national\/affaire-chokri-belaid-condamne-a-six-ans-de-prison-maher-akkari-se-rend-a-la-justice\/213273\/#breadcrumb","itemListElement":[{"@type":"ListItem","position":1,"name":"Accueil","item":"https:\/\/www.webdo.tn\/fr\/"},{"@type":"ListItem","position":2,"name":"Affaire Chokri Belaid : Condamn\u00e9 \u00e0 six ans de prison, Maher Akkari se rend \u00e0 la justice"}]},{"@type":"WebSite","@id":"https:\/\/www.webdo.tn\/fr\/#website","url":"https:\/\/www.webdo.tn\/fr\/","name":"webdo","description":"Tunisie - News en Tunisie et \u00e0 l&#039;international sur Webdo.tn","publisher":{"@id":"https:\/\/www.webdo.tn\/fr\/#organization"},"potentialAction":[{"@type":"SearchAction","target":{"@type":"EntryPoint","urlTemplate":"https:\/\/www.webdo.tn\/fr\/?s={search_term_string}"},"query-input":{"@type":"PropertyValueSpecification","valueRequired":true,"valueName":"search_term_string"}}],"inLanguage":"fr-FR"},{"@type":"Organization","@id":"https:\/\/www.webdo.tn\/fr\/#organization","name":"Webdo","alternateName":"Webdo.tn","url":"https:\/\/www.webdo.tn\/fr\/","logo":{"@type":"ImageObject","inLanguage":"fr-FR","@id":"https:\/\/www.webdo.tn\/fr\/#\/schema\/logo\/image\/","url":"https:\/\/www.webdo.tn\/fr\/wp-content\/uploads\/2025\/06\/Webdo-Tunisie_168377.jpg","contentUrl":"https:\/\/www.webdo.tn\/fr\/wp-content\/uploads\/2025\/06\/Webdo-Tunisie_168377.jpg","width":301,"height":301,"caption":"Webdo"},"image":{"@id":"https:\/\/www.webdo.tn\/fr\/#\/schema\/logo\/image\/"},"sameAs":["https:\/\/www.facebook.com\/webdotn","https:\/\/x.com\/webdo_tn"],"description":"Webdo est un m\u00e9dia num\u00e9rique tunisien fond\u00e9 en 2010, sp\u00e9cialis\u00e9 dans l\u2019actualit\u00e9 nationale et internationale, l\u2019\u00e9conomie, la soci\u00e9t\u00e9 et les analyses politiques. Le site s\u2019adresse \u00e0 un large public francophone et couvre l\u2019information tunisienne en temps r\u00e9el.","email":"redac@webdo.tn","legalName":"YNJ SARL","foundingDate":"2010-09-06","numberOfEmployees":{"@type":"QuantitativeValue","minValue":"11","maxValue":"50"}},{"@type":"Person","@id":"https:\/\/www.webdo.tn\/fr\/#\/schema\/person\/2c4929cbf5a809e3bd38617c6ce150f6","name":"MC","image":{"@type":"ImageObject","inLanguage":"fr-FR","@id":"https:\/\/secure.gravatar.com\/avatar\/a545bbb6f84efdd5553dbbc2895e3ca8f1d12c5215e00a041c9670b54aa9b18a?s=96&d=mm&r=g","url":"https:\/\/secure.gravatar.com\/avatar\/a545bbb6f84efdd5553dbbc2895e3ca8f1d12c5215e00a041c9670b54aa9b18a?s=96&d=mm&r=g","contentUrl":"https:\/\/secure.gravatar.com\/avatar\/a545bbb6f84efdd5553dbbc2895e3ca8f1d12c5215e00a041c9670b54aa9b18a?s=96&d=mm&r=g","caption":"MC"},"url":"https:\/\/www.webdo.tn\/fr\/actualite\/author\/mc\/"}]}},"_links":{"self":[{"href":"https:\/\/www.webdo.tn\/fr\/wp-json\/wp\/v2\/posts\/213273","targetHints":{"allow":["GET"]}}],"collection":[{"href":"https:\/\/www.webdo.tn\/fr\/wp-json\/wp\/v2\/posts"}],"about":[{"href":"https:\/\/www.webdo.tn\/fr\/wp-json\/wp\/v2\/types\/post"}],"author":[{"embeddable":true,"href":"https:\/\/www.webdo.tn\/fr\/wp-json\/wp\/v2\/users\/3162"}],"replies":[{"embeddable":true,"href":"https:\/\/www.webdo.tn\/fr\/wp-json\/wp\/v2\/comments?post=213273"}],"version-history":[{"count":0,"href":"https:\/\/www.webdo.tn\/fr\/wp-json\/wp\/v2\/posts\/213273\/revisions"}],"wp:featuredmedia":[{"embeddable":true,"href":"https:\/\/www.webdo.tn\/fr\/wp-json\/wp\/v2\/media\/247692"}],"wp:attachment":[{"href":"https:\/\/www.webdo.tn\/fr\/wp-json\/wp\/v2\/media?parent=213273"}],"wp:term":[{"taxonomy":"category","embeddable":true,"href":"https:\/\/www.webdo.tn\/fr\/wp-json\/wp\/v2\/categories?post=213273"},{"taxonomy":"post_tag","embeddable":true,"href":"https:\/\/www.webdo.tn\/fr\/wp-json\/wp\/v2\/tags?post=213273"}],"curies":[{"name":"wp","href":"https:\/\/api.w.org\/{rel}","templated":true}]}}