{"id":213271,"date":"2024-03-29T20:04:00","date_gmt":"2024-03-29T20:04:00","guid":{"rendered":"https:\/\/www.webdo.tn\/fr\/blog\/tunisie-non-lieu-en-faveur-de-l-avocat-abdelaziz-essid\/213271\/"},"modified":"2025-05-20T21:51:54","modified_gmt":"2025-05-20T21:51:54","slug":"tunisie-non-lieu-en-faveur-de-l-avocat-abdelaziz-essid","status":"publish","type":"post","link":"https:\/\/www.webdo.tn\/fr\/actualite\/national\/tunisie-non-lieu-en-faveur-de-l-avocat-abdelaziz-essid\/213271\/","title":{"rendered":"Tunisie : Non-lieu en faveur de l\u2019avocat Abdelaziz Essid"},"content":{"rendered":"<p>L\u2019avocat Abdelaziz Essid a b\u00e9n\u00e9fici\u00e9 d\u2019un non-lieu dans l\u2019affaire qui l\u2019oppose \u00e0 la ministre de la Justice Leila Jaffel.<\/p>\n<p>\t\t\t\t\t\t\t\t\tLa ministre de la Justice Leila Jaffel a \u00e9t\u00e9 d\u00e9bout\u00e9e suite \u00e0 sa plainte d\u00e9pos\u00e9e contre l\u2019avocat Abdelaziz Essid. Ce dernier a, en effet, b\u00e9n\u00e9fici\u00e9 d\u2019un non-lieu dans l\u2019affaire qui les oppose, a annonc\u00e9, ce vendredi 29 mars 2024, le collectif de d\u00e9fense de l&rsquo;avocat Abdelaziz Essid.<\/p>\n<p>Dans un communiqu\u00e9, le collectif a indiqu\u00e9 que la Chambre p\u00e9nale du Tribunal de premi\u00e8re instance de Tunis a prononc\u00e9 un non-lieu en faveur de son client, \u00e0 la suite d&rsquo;une plainte d\u00e9pos\u00e9e par la ministre de la Justice, l&rsquo;accusant d&rsquo;avoir port\u00e9 atteinte \u00e0 un fonctionnaire public et pour diffamation \u00e0 travers les r\u00e9seaux sociaux.<\/p>\n<p>Abdelaziz Essid a expliqu\u00e9, il y a quelques jours avoir \u00e9t\u00e9 traduit devant la justice pour avoir d\u00e9couvert un document frauduleux dans une affaire connue.<\/p>\n","protected":false},"excerpt":{"rendered":"<p>La ministre de la Justice Leila Jaffel a \u00e9t\u00e9 d\u00e9bout\u00e9e suite \u00e0 sa plainte d\u00e9pos\u00e9e contre l\u2019avocat Abdelaziz Essid. Ce dernier a, en effet, b\u00e9n\u00e9fici\u00e9 d\u2019un non-lie&#8230;<\/p>\n","protected":false},"author":3162,"featured_media":247689,"comment_status":"open","ping_status":"closed","sticky":false,"template":"","format":"standard","meta":{"footnotes":""},"categories":[44],"tags":[6260,2619,5018,6259,2608],"class_list":["post-213271","post","type-post","status-publish","format-standard","has-post-thumbnail","hentry","category-national","tag-abdelaziz-essid","tag-justice","tag-leila-jaffel","tag-non-lieu","tag-tunisie"],"yoast_head":"<!-- This site is optimized with the Yoast SEO Premium plugin v27.5 (Yoast SEO v27.5) - https:\/\/yoast.com\/product\/yoast-seo-premium-wordpress\/ -->\n<title>Tunisie : Non-lieu en faveur de l\u2019avocat Abdelaziz Essid<\/title>\n<meta name=\"description\" content=\"La ministre de la Justice Leila Jaffel a \u00e9t\u00e9 d\u00e9bout\u00e9e suite \u00e0 sa plainte d\u00e9pos\u00e9e contre l\u2019avocat Abdelaziz Essid. Ce dernier a, en effet, b\u00e9n\u00e9fici\u00e9 d\u2019un non-lie...\" \/>\n<link rel=\"canonical\" href=\"https:\/\/www.webdo.tn\/fr\/actualite\/national\/tunisie-non-lieu-en-faveur-de-l-avocat-abdelaziz-essid\/213271\/\" \/>\n<meta property=\"og:locale\" content=\"fr_FR\" \/>\n<meta property=\"og:type\" content=\"article\" \/>\n<meta property=\"og:title\" content=\"Tunisie : Non-lieu en faveur de l\u2019avocat Abdelaziz Essid\" \/>\n<meta property=\"og:description\" content=\"La ministre de la Justice Leila Jaffel a \u00e9t\u00e9 d\u00e9bout\u00e9e suite \u00e0 sa plainte d\u00e9pos\u00e9e contre l\u2019avocat Abdelaziz Essid. Ce dernier a, en effet, b\u00e9n\u00e9fici\u00e9 d\u2019un non-lie...\" \/>\n<meta property=\"og:url\" content=\"https:\/\/www.webdo.tn\/fr\/actualite\/national\/tunisie-non-lieu-en-faveur-de-l-avocat-abdelaziz-essid\/213271\/\" \/>\n<meta property=\"og:site_name\" content=\"webdo\" \/>\n<meta property=\"article:publisher\" content=\"https:\/\/www.facebook.com\/webdotn\" \/>\n<meta property=\"article:published_time\" content=\"2024-03-29T20:04:00+00:00\" \/>\n<meta property=\"article:modified_time\" content=\"2025-05-20T21:51:54+00:00\" \/>\n<meta property=\"og:image\" content=\"https:\/\/www.webdo.tn\/fr\/wp-content\/uploads\/2024\/03\/935a98c5d4cd5c6c3c5569c28574ba52.jpeg\" \/>\n\t<meta property=\"og:image:width\" content=\"750\" \/>\n\t<meta property=\"og:image:height\" content=\"400\" \/>\n\t<meta property=\"og:image:type\" content=\"image\/jpeg\" \/>\n<meta name=\"author\" content=\"MC\" \/>\n<meta name=\"twitter:card\" content=\"summary_large_image\" \/>\n<meta name=\"twitter:creator\" content=\"@webdo_tn\" \/>\n<meta name=\"twitter:site\" content=\"@webdo_tn\" \/>\n<meta name=\"twitter:label1\" content=\"\u00c9crit par\" \/>\n\t<meta name=\"twitter:data1\" content=\"MC\" \/>\n\t<meta name=\"twitter:label2\" content=\"Dur\u00e9e de lecture estim\u00e9e\" \/>\n\t<meta name=\"twitter:data2\" content=\"1 minute\" \/>\n<script type=\"application\/ld+json\" class=\"yoast-schema-graph\">{\"@context\":\"https:\\\/\\\/schema.org\",\"@graph\":[{\"@type\":\"NewsArticle\",\"@id\":\"https:\\\/\\\/www.webdo.tn\\\/fr\\\/actualite\\\/national\\\/tunisie-non-lieu-en-faveur-de-l-avocat-abdelaziz-essid\\\/213271\\\/#article\",\"isPartOf\":{\"@id\":\"https:\\\/\\\/www.webdo.tn\\\/fr\\\/actualite\\\/national\\\/tunisie-non-lieu-en-faveur-de-l-avocat-abdelaziz-essid\\\/213271\\\/\"},\"author\":{\"name\":\"MC\",\"@id\":\"https:\\\/\\\/www.webdo.tn\\\/fr\\\/#\\\/schema\\\/person\\\/2c4929cbf5a809e3bd38617c6ce150f6\"},\"headline\":\"Tunisie : Non-lieu en faveur de l\u2019avocat Abdelaziz Essid\",\"datePublished\":\"2024-03-29T20:04:00+00:00\",\"dateModified\":\"2025-05-20T21:51:54+00:00\",\"mainEntityOfPage\":{\"@id\":\"https:\\\/\\\/www.webdo.tn\\\/fr\\\/actualite\\\/national\\\/tunisie-non-lieu-en-faveur-de-l-avocat-abdelaziz-essid\\\/213271\\\/\"},\"wordCount\":174,\"commentCount\":0,\"publisher\":{\"@id\":\"https:\\\/\\\/www.webdo.tn\\\/fr\\\/#organization\"},\"image\":{\"@id\":\"https:\\\/\\\/www.webdo.tn\\\/fr\\\/actualite\\\/national\\\/tunisie-non-lieu-en-faveur-de-l-avocat-abdelaziz-essid\\\/213271\\\/#primaryimage\"},\"thumbnailUrl\":\"https:\\\/\\\/www.webdo.tn\\\/fr\\\/wp-content\\\/uploads\\\/2024\\\/03\\\/935a98c5d4cd5c6c3c5569c28574ba52.jpeg\",\"keywords\":[\"abdelaziz essid\",\"justice\",\"Leila Jaffel\",\"Non-lieu\",\"Tunisie\"],\"articleSection\":[\"National\"],\"inLanguage\":\"fr-FR\"},{\"@type\":\"WebPage\",\"@id\":\"https:\\\/\\\/www.webdo.tn\\\/fr\\\/actualite\\\/national\\\/tunisie-non-lieu-en-faveur-de-l-avocat-abdelaziz-essid\\\/213271\\\/\",\"url\":\"https:\\\/\\\/www.webdo.tn\\\/fr\\\/actualite\\\/national\\\/tunisie-non-lieu-en-faveur-de-l-avocat-abdelaziz-essid\\\/213271\\\/\",\"name\":\"Tunisie : Non-lieu en faveur de l\u2019avocat Abdelaziz Essid\",\"isPartOf\":{\"@id\":\"https:\\\/\\\/www.webdo.tn\\\/fr\\\/#website\"},\"primaryImageOfPage\":{\"@id\":\"https:\\\/\\\/www.webdo.tn\\\/fr\\\/actualite\\\/national\\\/tunisie-non-lieu-en-faveur-de-l-avocat-abdelaziz-essid\\\/213271\\\/#primaryimage\"},\"image\":{\"@id\":\"https:\\\/\\\/www.webdo.tn\\\/fr\\\/actualite\\\/national\\\/tunisie-non-lieu-en-faveur-de-l-avocat-abdelaziz-essid\\\/213271\\\/#primaryimage\"},\"thumbnailUrl\":\"https:\\\/\\\/www.webdo.tn\\\/fr\\\/wp-content\\\/uploads\\\/2024\\\/03\\\/935a98c5d4cd5c6c3c5569c28574ba52.jpeg\",\"datePublished\":\"2024-03-29T20:04:00+00:00\",\"dateModified\":\"2025-05-20T21:51:54+00:00\",\"description\":\"La ministre de la Justice Leila Jaffel a \u00e9t\u00e9 d\u00e9bout\u00e9e suite \u00e0 sa plainte d\u00e9pos\u00e9e contre l\u2019avocat Abdelaziz Essid. Ce dernier a, en effet, b\u00e9n\u00e9fici\u00e9 d\u2019un non-lie...\",\"breadcrumb\":{\"@id\":\"https:\\\/\\\/www.webdo.tn\\\/fr\\\/actualite\\\/national\\\/tunisie-non-lieu-en-faveur-de-l-avocat-abdelaziz-essid\\\/213271\\\/#breadcrumb\"},\"inLanguage\":\"fr-FR\",\"potentialAction\":[{\"@type\":\"ReadAction\",\"target\":[\"https:\\\/\\\/www.webdo.tn\\\/fr\\\/actualite\\\/national\\\/tunisie-non-lieu-en-faveur-de-l-avocat-abdelaziz-essid\\\/213271\\\/\"]}]},{\"@type\":\"ImageObject\",\"inLanguage\":\"fr-FR\",\"@id\":\"https:\\\/\\\/www.webdo.tn\\\/fr\\\/actualite\\\/national\\\/tunisie-non-lieu-en-faveur-de-l-avocat-abdelaziz-essid\\\/213271\\\/#primaryimage\",\"url\":\"https:\\\/\\\/www.webdo.tn\\\/fr\\\/wp-content\\\/uploads\\\/2024\\\/03\\\/935a98c5d4cd5c6c3c5569c28574ba52.jpeg\",\"contentUrl\":\"https:\\\/\\\/www.webdo.tn\\\/fr\\\/wp-content\\\/uploads\\\/2024\\\/03\\\/935a98c5d4cd5c6c3c5569c28574ba52.jpeg\",\"width\":750,\"height\":400,\"caption\":\"Tunisie : Non-lieu en faveur de l\u2019avocat Abdelaziz Essid\"},{\"@type\":\"BreadcrumbList\",\"@id\":\"https:\\\/\\\/www.webdo.tn\\\/fr\\\/actualite\\\/national\\\/tunisie-non-lieu-en-faveur-de-l-avocat-abdelaziz-essid\\\/213271\\\/#breadcrumb\",\"itemListElement\":[{\"@type\":\"ListItem\",\"position\":1,\"name\":\"Accueil\",\"item\":\"https:\\\/\\\/www.webdo.tn\\\/fr\\\/\"},{\"@type\":\"ListItem\",\"position\":2,\"name\":\"Tunisie : Non-lieu en faveur de l\u2019avocat Abdelaziz Essid\"}]},{\"@type\":\"WebSite\",\"@id\":\"https:\\\/\\\/www.webdo.tn\\\/fr\\\/#website\",\"url\":\"https:\\\/\\\/www.webdo.tn\\\/fr\\\/\",\"name\":\"webdo\",\"description\":\"Tunisie - News en Tunisie et \u00e0 l&#039;international sur Webdo.tn\",\"publisher\":{\"@id\":\"https:\\\/\\\/www.webdo.tn\\\/fr\\\/#organization\"},\"potentialAction\":[{\"@type\":\"SearchAction\",\"target\":{\"@type\":\"EntryPoint\",\"urlTemplate\":\"https:\\\/\\\/www.webdo.tn\\\/fr\\\/?s={search_term_string}\"},\"query-input\":{\"@type\":\"PropertyValueSpecification\",\"valueRequired\":true,\"valueName\":\"search_term_string\"}}],\"inLanguage\":\"fr-FR\"},{\"@type\":\"Organization\",\"@id\":\"https:\\\/\\\/www.webdo.tn\\\/fr\\\/#organization\",\"name\":\"Webdo\",\"alternateName\":\"Webdo.tn\",\"url\":\"https:\\\/\\\/www.webdo.tn\\\/fr\\\/\",\"logo\":{\"@type\":\"ImageObject\",\"inLanguage\":\"fr-FR\",\"@id\":\"https:\\\/\\\/www.webdo.tn\\\/fr\\\/#\\\/schema\\\/logo\\\/image\\\/\",\"url\":\"https:\\\/\\\/www.webdo.tn\\\/fr\\\/wp-content\\\/uploads\\\/2025\\\/06\\\/Webdo-Tunisie_168377.jpg\",\"contentUrl\":\"https:\\\/\\\/www.webdo.tn\\\/fr\\\/wp-content\\\/uploads\\\/2025\\\/06\\\/Webdo-Tunisie_168377.jpg\",\"width\":301,\"height\":301,\"caption\":\"Webdo\"},\"image\":{\"@id\":\"https:\\\/\\\/www.webdo.tn\\\/fr\\\/#\\\/schema\\\/logo\\\/image\\\/\"},\"sameAs\":[\"https:\\\/\\\/www.facebook.com\\\/webdotn\",\"https:\\\/\\\/x.com\\\/webdo_tn\"],\"description\":\"Webdo est un m\u00e9dia num\u00e9rique tunisien fond\u00e9 en 2010, sp\u00e9cialis\u00e9 dans l\u2019actualit\u00e9 nationale et internationale, l\u2019\u00e9conomie, la soci\u00e9t\u00e9 et les analyses politiques. Le site s\u2019adresse \u00e0 un large public francophone et couvre l\u2019information tunisienne en temps r\u00e9el.\",\"email\":\"redac@webdo.tn\",\"legalName\":\"YNJ SARL\",\"foundingDate\":\"2010-09-06\",\"numberOfEmployees\":{\"@type\":\"QuantitativeValue\",\"minValue\":\"11\",\"maxValue\":\"50\"}},{\"@type\":\"Person\",\"@id\":\"https:\\\/\\\/www.webdo.tn\\\/fr\\\/#\\\/schema\\\/person\\\/2c4929cbf5a809e3bd38617c6ce150f6\",\"name\":\"MC\",\"image\":{\"@type\":\"ImageObject\",\"inLanguage\":\"fr-FR\",\"@id\":\"https:\\\/\\\/secure.gravatar.com\\\/avatar\\\/a545bbb6f84efdd5553dbbc2895e3ca8f1d12c5215e00a041c9670b54aa9b18a?s=96&d=mm&r=g\",\"url\":\"https:\\\/\\\/secure.gravatar.com\\\/avatar\\\/a545bbb6f84efdd5553dbbc2895e3ca8f1d12c5215e00a041c9670b54aa9b18a?s=96&d=mm&r=g\",\"contentUrl\":\"https:\\\/\\\/secure.gravatar.com\\\/avatar\\\/a545bbb6f84efdd5553dbbc2895e3ca8f1d12c5215e00a041c9670b54aa9b18a?s=96&d=mm&r=g\",\"caption\":\"MC\"},\"url\":\"https:\\\/\\\/www.webdo.tn\\\/fr\\\/actualite\\\/author\\\/mc\\\/\"}]}<\/script>\n<!-- \/ Yoast SEO Premium plugin. -->","yoast_head_json":{"title":"Tunisie : Non-lieu en faveur de l\u2019avocat Abdelaziz Essid","description":"La ministre de la Justice Leila Jaffel a \u00e9t\u00e9 d\u00e9bout\u00e9e suite \u00e0 sa plainte d\u00e9pos\u00e9e contre l\u2019avocat Abdelaziz Essid. Ce dernier a, en effet, b\u00e9n\u00e9fici\u00e9 d\u2019un non-lie...","canonical":"https:\/\/www.webdo.tn\/fr\/actualite\/national\/tunisie-non-lieu-en-faveur-de-l-avocat-abdelaziz-essid\/213271\/","og_locale":"fr_FR","og_type":"article","og_title":"Tunisie : Non-lieu en faveur de l\u2019avocat Abdelaziz Essid","og_description":"La ministre de la Justice Leila Jaffel a \u00e9t\u00e9 d\u00e9bout\u00e9e suite \u00e0 sa plainte d\u00e9pos\u00e9e contre l\u2019avocat Abdelaziz Essid. Ce dernier a, en effet, b\u00e9n\u00e9fici\u00e9 d\u2019un non-lie...","og_url":"https:\/\/www.webdo.tn\/fr\/actualite\/national\/tunisie-non-lieu-en-faveur-de-l-avocat-abdelaziz-essid\/213271\/","og_site_name":"webdo","article_publisher":"https:\/\/www.facebook.com\/webdotn","article_published_time":"2024-03-29T20:04:00+00:00","article_modified_time":"2025-05-20T21:51:54+00:00","og_image":[{"width":750,"height":400,"url":"https:\/\/www.webdo.tn\/fr\/wp-content\/uploads\/2024\/03\/935a98c5d4cd5c6c3c5569c28574ba52.jpeg","type":"image\/jpeg"}],"author":"MC","twitter_card":"summary_large_image","twitter_creator":"@webdo_tn","twitter_site":"@webdo_tn","twitter_misc":{"\u00c9crit par":"MC","Dur\u00e9e de lecture estim\u00e9e":"1 minute"},"schema":{"@context":"https:\/\/schema.org","@graph":[{"@type":"NewsArticle","@id":"https:\/\/www.webdo.tn\/fr\/actualite\/national\/tunisie-non-lieu-en-faveur-de-l-avocat-abdelaziz-essid\/213271\/#article","isPartOf":{"@id":"https:\/\/www.webdo.tn\/fr\/actualite\/national\/tunisie-non-lieu-en-faveur-de-l-avocat-abdelaziz-essid\/213271\/"},"author":{"name":"MC","@id":"https:\/\/www.webdo.tn\/fr\/#\/schema\/person\/2c4929cbf5a809e3bd38617c6ce150f6"},"headline":"Tunisie : Non-lieu en faveur de l\u2019avocat Abdelaziz Essid","datePublished":"2024-03-29T20:04:00+00:00","dateModified":"2025-05-20T21:51:54+00:00","mainEntityOfPage":{"@id":"https:\/\/www.webdo.tn\/fr\/actualite\/national\/tunisie-non-lieu-en-faveur-de-l-avocat-abdelaziz-essid\/213271\/"},"wordCount":174,"commentCount":0,"publisher":{"@id":"https:\/\/www.webdo.tn\/fr\/#organization"},"image":{"@id":"https:\/\/www.webdo.tn\/fr\/actualite\/national\/tunisie-non-lieu-en-faveur-de-l-avocat-abdelaziz-essid\/213271\/#primaryimage"},"thumbnailUrl":"https:\/\/www.webdo.tn\/fr\/wp-content\/uploads\/2024\/03\/935a98c5d4cd5c6c3c5569c28574ba52.jpeg","keywords":["abdelaziz essid","justice","Leila Jaffel","Non-lieu","Tunisie"],"articleSection":["National"],"inLanguage":"fr-FR"},{"@type":"WebPage","@id":"https:\/\/www.webdo.tn\/fr\/actualite\/national\/tunisie-non-lieu-en-faveur-de-l-avocat-abdelaziz-essid\/213271\/","url":"https:\/\/www.webdo.tn\/fr\/actualite\/national\/tunisie-non-lieu-en-faveur-de-l-avocat-abdelaziz-essid\/213271\/","name":"Tunisie : Non-lieu en faveur de l\u2019avocat Abdelaziz Essid","isPartOf":{"@id":"https:\/\/www.webdo.tn\/fr\/#website"},"primaryImageOfPage":{"@id":"https:\/\/www.webdo.tn\/fr\/actualite\/national\/tunisie-non-lieu-en-faveur-de-l-avocat-abdelaziz-essid\/213271\/#primaryimage"},"image":{"@id":"https:\/\/www.webdo.tn\/fr\/actualite\/national\/tunisie-non-lieu-en-faveur-de-l-avocat-abdelaziz-essid\/213271\/#primaryimage"},"thumbnailUrl":"https:\/\/www.webdo.tn\/fr\/wp-content\/uploads\/2024\/03\/935a98c5d4cd5c6c3c5569c28574ba52.jpeg","datePublished":"2024-03-29T20:04:00+00:00","dateModified":"2025-05-20T21:51:54+00:00","description":"La ministre de la Justice Leila Jaffel a \u00e9t\u00e9 d\u00e9bout\u00e9e suite \u00e0 sa plainte d\u00e9pos\u00e9e contre l\u2019avocat Abdelaziz Essid. Ce dernier a, en effet, b\u00e9n\u00e9fici\u00e9 d\u2019un non-lie...","breadcrumb":{"@id":"https:\/\/www.webdo.tn\/fr\/actualite\/national\/tunisie-non-lieu-en-faveur-de-l-avocat-abdelaziz-essid\/213271\/#breadcrumb"},"inLanguage":"fr-FR","potentialAction":[{"@type":"ReadAction","target":["https:\/\/www.webdo.tn\/fr\/actualite\/national\/tunisie-non-lieu-en-faveur-de-l-avocat-abdelaziz-essid\/213271\/"]}]},{"@type":"ImageObject","inLanguage":"fr-FR","@id":"https:\/\/www.webdo.tn\/fr\/actualite\/national\/tunisie-non-lieu-en-faveur-de-l-avocat-abdelaziz-essid\/213271\/#primaryimage","url":"https:\/\/www.webdo.tn\/fr\/wp-content\/uploads\/2024\/03\/935a98c5d4cd5c6c3c5569c28574ba52.jpeg","contentUrl":"https:\/\/www.webdo.tn\/fr\/wp-content\/uploads\/2024\/03\/935a98c5d4cd5c6c3c5569c28574ba52.jpeg","width":750,"height":400,"caption":"Tunisie : Non-lieu en faveur de l\u2019avocat Abdelaziz Essid"},{"@type":"BreadcrumbList","@id":"https:\/\/www.webdo.tn\/fr\/actualite\/national\/tunisie-non-lieu-en-faveur-de-l-avocat-abdelaziz-essid\/213271\/#breadcrumb","itemListElement":[{"@type":"ListItem","position":1,"name":"Accueil","item":"https:\/\/www.webdo.tn\/fr\/"},{"@type":"ListItem","position":2,"name":"Tunisie : Non-lieu en faveur de l\u2019avocat Abdelaziz Essid"}]},{"@type":"WebSite","@id":"https:\/\/www.webdo.tn\/fr\/#website","url":"https:\/\/www.webdo.tn\/fr\/","name":"webdo","description":"Tunisie - News en Tunisie et \u00e0 l&#039;international sur Webdo.tn","publisher":{"@id":"https:\/\/www.webdo.tn\/fr\/#organization"},"potentialAction":[{"@type":"SearchAction","target":{"@type":"EntryPoint","urlTemplate":"https:\/\/www.webdo.tn\/fr\/?s={search_term_string}"},"query-input":{"@type":"PropertyValueSpecification","valueRequired":true,"valueName":"search_term_string"}}],"inLanguage":"fr-FR"},{"@type":"Organization","@id":"https:\/\/www.webdo.tn\/fr\/#organization","name":"Webdo","alternateName":"Webdo.tn","url":"https:\/\/www.webdo.tn\/fr\/","logo":{"@type":"ImageObject","inLanguage":"fr-FR","@id":"https:\/\/www.webdo.tn\/fr\/#\/schema\/logo\/image\/","url":"https:\/\/www.webdo.tn\/fr\/wp-content\/uploads\/2025\/06\/Webdo-Tunisie_168377.jpg","contentUrl":"https:\/\/www.webdo.tn\/fr\/wp-content\/uploads\/2025\/06\/Webdo-Tunisie_168377.jpg","width":301,"height":301,"caption":"Webdo"},"image":{"@id":"https:\/\/www.webdo.tn\/fr\/#\/schema\/logo\/image\/"},"sameAs":["https:\/\/www.facebook.com\/webdotn","https:\/\/x.com\/webdo_tn"],"description":"Webdo est un m\u00e9dia num\u00e9rique tunisien fond\u00e9 en 2010, sp\u00e9cialis\u00e9 dans l\u2019actualit\u00e9 nationale et internationale, l\u2019\u00e9conomie, la soci\u00e9t\u00e9 et les analyses politiques. Le site s\u2019adresse \u00e0 un large public francophone et couvre l\u2019information tunisienne en temps r\u00e9el.","email":"redac@webdo.tn","legalName":"YNJ SARL","foundingDate":"2010-09-06","numberOfEmployees":{"@type":"QuantitativeValue","minValue":"11","maxValue":"50"}},{"@type":"Person","@id":"https:\/\/www.webdo.tn\/fr\/#\/schema\/person\/2c4929cbf5a809e3bd38617c6ce150f6","name":"MC","image":{"@type":"ImageObject","inLanguage":"fr-FR","@id":"https:\/\/secure.gravatar.com\/avatar\/a545bbb6f84efdd5553dbbc2895e3ca8f1d12c5215e00a041c9670b54aa9b18a?s=96&d=mm&r=g","url":"https:\/\/secure.gravatar.com\/avatar\/a545bbb6f84efdd5553dbbc2895e3ca8f1d12c5215e00a041c9670b54aa9b18a?s=96&d=mm&r=g","contentUrl":"https:\/\/secure.gravatar.com\/avatar\/a545bbb6f84efdd5553dbbc2895e3ca8f1d12c5215e00a041c9670b54aa9b18a?s=96&d=mm&r=g","caption":"MC"},"url":"https:\/\/www.webdo.tn\/fr\/actualite\/author\/mc\/"}]}},"_links":{"self":[{"href":"https:\/\/www.webdo.tn\/fr\/wp-json\/wp\/v2\/posts\/213271","targetHints":{"allow":["GET"]}}],"collection":[{"href":"https:\/\/www.webdo.tn\/fr\/wp-json\/wp\/v2\/posts"}],"about":[{"href":"https:\/\/www.webdo.tn\/fr\/wp-json\/wp\/v2\/types\/post"}],"author":[{"embeddable":true,"href":"https:\/\/www.webdo.tn\/fr\/wp-json\/wp\/v2\/users\/3162"}],"replies":[{"embeddable":true,"href":"https:\/\/www.webdo.tn\/fr\/wp-json\/wp\/v2\/comments?post=213271"}],"version-history":[{"count":0,"href":"https:\/\/www.webdo.tn\/fr\/wp-json\/wp\/v2\/posts\/213271\/revisions"}],"wp:featuredmedia":[{"embeddable":true,"href":"https:\/\/www.webdo.tn\/fr\/wp-json\/wp\/v2\/media\/247689"}],"wp:attachment":[{"href":"https:\/\/www.webdo.tn\/fr\/wp-json\/wp\/v2\/media?parent=213271"}],"wp:term":[{"taxonomy":"category","embeddable":true,"href":"https:\/\/www.webdo.tn\/fr\/wp-json\/wp\/v2\/categories?post=213271"},{"taxonomy":"post_tag","embeddable":true,"href":"https:\/\/www.webdo.tn\/fr\/wp-json\/wp\/v2\/tags?post=213271"}],"curies":[{"name":"wp","href":"https:\/\/api.w.org\/{rel}","templated":true}]}}