{"id":213267,"date":"2024-03-29T15:43:00","date_gmt":"2024-03-29T15:43:00","guid":{"rendered":"https:\/\/www.webdo.tn\/fr\/blog\/le-feuilleton-selat-rahem-une-opportunite-manquee-d-aborder-le-debat-sur-la-gestation-pour-autrui\/213267\/"},"modified":"2025-05-21T08:56:06","modified_gmt":"2025-05-21T08:56:06","slug":"le-feuilleton-selat-rahem-une-opportunite-manquee-d-aborder-le-debat-sur-la-gestation-pour-autrui","status":"publish","type":"post","link":"https:\/\/www.webdo.tn\/fr\/actualite\/culture\/le-feuilleton-selat-rahem-une-opportunite-manquee-d-aborder-le-debat-sur-la-gestation-pour-autrui\/213267\/","title":{"rendered":"Le feuilleton \u00ab\u00a0Selat Rahem\u00a0\u00bb : une opportunit\u00e9 manqu\u00e9e d\u2019aborder le d\u00e9bat sur la gestation pour autrui"},"content":{"rendered":"<div class=\"single-body entry-content typography-copy\" itemprop=\"articleBody\">\n<p style=\"font-weight: bold; text-align: justify\">\n\t\t\t\t\t\t\t\t\tLe feuilleton \u00ab\u00a0Selat Rahem\u00a0\u00bb : une opportunit\u00e9 manqu\u00e9e d\u2019aborder le d\u00e9bat sur la gestation pour autrui\n\t\t\t\t\t\t\t\t<\/p>\n<div class=\"coprs\" style=\"text-align: center\"><\/div>\n<div class=\"coprs\" style=\"text-align: justify\">\n<p><span><span>Le feuilleton ramadanesque \u00e9gyptien <em>Selat Rahem (Lien de parent\u00e9)<\/em> dirig\u00e9 par Tamer Nady et mettant en vedette Eyad Nassar, a suscit\u00e9 un grand int\u00e9r\u00eat et des discussions anim\u00e9es depuis la diffusion des premiers \u00e9pisodes. Plongeant dans les m\u00e9andres de la gestation pour autrui, ce feuilleton\u00a0explore le dilemme poignant v\u00e9cu par Hossam, un anesth\u00e9siste, et sa femme Laila, qui suite \u00e0 un accident automobile, ne peut plus porter d&rsquo;enfants. Confront\u00e9 \u00e0 l&rsquo;impossibilit\u00e9 pour sa femme de concevoir, Hossam se retrouve face \u00e0 un choix d\u00e9chirant : celui de recourir \u00e0 une m\u00e8re porteuse pour r\u00e9aliser leur r\u00eave d&rsquo;avoir un enfant, une pratique strictement prohib\u00e9e par la loi \u00e9gyptienne.<\/span><\/span><\/p>\n<p>\u00a0<\/p>\n<p><img decoding=\"async\" alt=\"\" height=\"779\" src=\"\/assets\/uploads\/images\/\/Neila\/selat%20raham.jpeg\" width=\"780\"><\/p>\n<p>\u00a0<\/p>\n<p><span><span>D\u00e8s les pr\u00e9mices de <em>Selat Rahem<\/em>, le spectateur est invit\u00e9 \u00e0 plonger dans les eaux troubles d&rsquo;une probl\u00e9matique aussi complexe que taboue. Toutefois, malgr\u00e9 les promesses d&rsquo;une exploration en profondeur de cette th\u00e9matique sensible, la conclusion du feuilleton a laiss\u00e9 bon nombre de t\u00e9l\u00e9spectateurs, moi y compris, sur leur faim. La tragique fin, o\u00f9 le protagoniste se retrouve condamn\u00e9 \u00e0 mort par le sc\u00e9nariste pour avoir enfreint les pr\u00e9ceptes religieux en ayant recours \u00e0 une m\u00e8re porteuse, semble refl\u00e9ter une volont\u00e9 de moraliser le r\u00e9cit, plut\u00f4t que de le cl\u00f4turer sur une note d&rsquo;ouverture et de r\u00e9flexion.<\/span><\/span><\/p>\n<p>\u00a0<\/p>\n<p><img decoding=\"async\" alt=\"\" height=\"533\" src=\"\/assets\/uploads\/images\/\/Neila\/Selat%20Raham%20Mort%20du%20pe%CC%80re.jpeg\" width=\"1080\"><\/p>\n<p>\u00a0<\/p>\n<p><span><span>Cette r\u00e9solution pr\u00e9matur\u00e9e, empreinte d&rsquo;une morale rigide, occulte les nuances et les enjeux multidimensionnels que soul\u00e8ve la question de la gestation pour autrui. En rel\u00e9guant le d\u00e9bat au seul prisme de la religion, le feuilleton \u00e9carte la possibilit\u00e9 d&rsquo;aborder de mani\u00e8re exhaustive les implications \u00e9thiques, sociales et m\u00e9dicales de cette pratique. La repr\u00e9sentation binaire et moralisatrice adopt\u00e9e par le feuilleton\u00a0renforce ainsi les st\u00e9r\u00e9otypes et les pr\u00e9jug\u00e9s, au lieu de les remettre en question et d&rsquo;encourager une r\u00e9flexion critique.<\/span><\/span><\/p>\n<p><span><span>Cette tendance \u00e0 privil\u00e9gier une perspective unilat\u00e9rale et dogmatique n&rsquo;est pas sans rappeler un autre film \u00e9gyptien, \u00ab\u00a0Gary el-Wuhoosh\u00a0\u00bb (1987), r\u00e9alis\u00e9 par Ali Abdel-Khalek, qui aborde \u00e9galement la procr\u00e9ation m\u00e9dicalement assist\u00e9e. Dans ce long-m\u00e9trage, la qu\u00eate d\u00e9sesp\u00e9r\u00e9e d&rsquo;un m\u00e9decin pour traiter l&rsquo;infertilit\u00e9 d&rsquo;un patient en recourant \u00e0 des m\u00e9thodes exp\u00e9rimentales se solde \u00e9galement par une issue tragique, soulignant l&rsquo;opposition entre la volont\u00e9 humaine et divine. La conclusion \u00e0 tirer de ce film est qu\u2019il fallait accepter son destin et ne pas s\u2019opposer \u00e0 la volont\u00e9 divine.<\/span><\/span><\/p>\n<p>\u00a0<\/p>\n<p><img decoding=\"async\" alt=\"\" height=\"825\" src=\"\/assets\/uploads\/images\/\/Neila\/Gary%20el-Wuhoosh%201.jpeg\" width=\"575\"><\/p>\n<p>\u00a0<\/p>\n<p><span><span>Ces r\u00e9cits, en stigmatisant toute intervention m\u00e9dicale allant \u00e0 l&rsquo;encontre des pr\u00e9ceptes religieux, et \u00e0 l&rsquo;acceptation de son propre destin, donc \u00e0 la volont\u00e9 de Dieu, soul\u00e8vent des interrogations fondamentales sur le r\u00f4le de la religion dans la r\u00e9gulation de la pratique m\u00e9dicale et sur son impact sur le progr\u00e8s scientifique. En contraignant le champ de l&rsquo;exploration scientifique et m\u00e9dicale \u00e0 une conformit\u00e9 avec les enseignements religieux, ces r\u00e9cits limitent les possibilit\u00e9s d&rsquo;innovation et de compr\u00e9hension des d\u00e9fis m\u00e9dicaux contemporains.<\/span><\/span><\/p>\n<p><span><span>Au-del\u00e0 de leur valeur intrins\u00e8que en tant qu&rsquo;\u0153uvres artistiques, <em>Selat Rahem<\/em> et <em>Gary el-Wuhoosh <\/em>soul\u00e8vent ainsi des questions essentielles sur la mani\u00e8re dont la religion et la morale influencent notre approche des progr\u00e8s scientifiques et m\u00e9dicaux. Ces r\u00e9cits mettent en lumi\u00e8re les tensions entre tradition et modernit\u00e9, entre foi et raison, invitant le spectateur \u00e0 se questionner sur les limites de la libert\u00e9 individuelle face aux normes sociales et religieuses.<\/span><\/span><\/p>\n<p><span><span>Dans un monde en perp\u00e9tuelle \u00e9volution, o\u00f9 les avanc\u00e9es m\u00e9dicales repoussent sans cesse les fronti\u00e8res de la science, ces r\u00e9cits nous rappellent l&rsquo;importance de nourrir un dialogue ouvert et inclusif entre la religion, la morale et la science, afin de concilier les avanc\u00e9es m\u00e9dicales avec les valeurs \u00e9thiques et sociales qui nous animent.<\/span><\/span><\/p>\n<p><span><span>Dommage que <em>Selat Rahem<\/em> n&rsquo;ait pas pleinement exploit\u00e9 son potentiel pour susciter un d\u00e9bat constructif et faire \u00e9voluer les mentalit\u00e9s. Ce feuilleton aurait pu \u00eatre un catalyseur pour remettre en question les lois et les normes sociales concernant la gestation pour autrui. Il aurait pu inciter les spectateurs \u00e0 examiner les divers aspects du sujet, que ce soit sur le plan social, m\u00e9dical, \u00e9thique, ou m\u00eame religieux.<\/span><\/span><\/p>\n<p><span><span>Il fut un temps o\u00f9 le recours aux techniques de la procr\u00e9ation m\u00e9dicalement assist\u00e9e\u00a0 \u00e9tait consid\u00e9r\u00e9 comme \u00ab\u00a0haram\u00a0\u00bb car il \u00e9tait per\u00e7u comme une intervention contre nature et contre la volont\u00e9 de Dieu. Cependant, aujourd&rsquo;hui, des pratiques telles que l&rsquo;ins\u00e9mination artificielle, la f\u00e9condation in vitro, la cong\u00e9lation d&#8217;embryons ou d&rsquo;ovocytes, et autres, sont devenues licites et accept\u00e9es par la soci\u00e9t\u00e9. Cette \u00e9volution soul\u00e8ve des questions sur la mani\u00e8re dont les croyances religieuses influent sur les avanc\u00e9es m\u00e9dicales et sur la perception de la moralit\u00e9 dans le domaine de la reproduction assist\u00e9e.<\/span><\/span><\/p>\n<p><span><span>La fin tragique de <em>Selat Rahem<\/em>, o\u00f9 le p\u00e8re se sacrifie en laissant sa vie en \u00e9change d&rsquo;une autre, est une conclusion d\u00e9cevante qui ne fait pas progresser le d\u00e9bat ni la soci\u00e9t\u00e9. Cela renforce plut\u00f4t des id\u00e9es d\u00e9pass\u00e9es sur le destin et la morale, en ignorant les possibilit\u00e9s d&rsquo;espoir et de progr\u00e8s offertes par les avanc\u00e9es m\u00e9dicales.<\/span><\/span><\/p>\n<p>\u00a0<\/p>\n<p><iframe allowfullscreen=\"\" frameborder=\"0\" height=\"315\" src=\"https:\/\/www.youtube.com\/embed\/E44FJo-sJRY?si=wEiUJ0HY0JQMb49v\" title=\"YouTube video player\" width=\"560\"><\/iframe><\/p>\n<p>\u00a0<\/p>\n<p><span><span>Il est regrettable que le feuilleton ait choisi de ne pas exploiter pleinement le potentiel de sensibilisation et d&rsquo;\u00e9ducation du public sur des questions complexes et importantes. En n\u00e9gligeant d&rsquo;approfondir les implications sociales, \u00e9thiques et m\u00e9dicales de la gestation pour autrui, <em>Selat Rahem<\/em> a manqu\u00e9 l&rsquo;occasion de contribuer \u00e0 une r\u00e9flexion plus large sur les d\u00e9fis contemporains de la m\u00e9decine et de la soci\u00e9t\u00e9. Il est donc essentiel de continuer \u00e0 encourager un dialogue ouvert et inclusif sur ces sujets, afin de favoriser une meilleure compr\u00e9hension et acceptation des avanc\u00e9es m\u00e9dicales et sociales.<\/span><\/span><\/p>\n<p><span><span><strong>Ne\u00efla Driss<\/strong><\/span><\/span><\/p>\n<\/p><\/div>\n<div class=\"coprs\" style=\"text-align: center\"><\/div><\/div>\n","protected":false},"excerpt":{"rendered":"<p>Le feuilleton \u00ab\u00a0Selat Rahem\u00a0\u00bb : une opportunit\u00e9 manqu\u00e9e d\u2019aborder le d\u00e9bat sur la gestation pour autrui<\/p>\n","protected":false},"author":3164,"featured_media":247688,"comment_status":"open","ping_status":"closed","sticky":false,"template":"","format":"standard","meta":{"footnotes":""},"categories":[2594],"tags":[3833,6711,6714,6772,6713],"class_list":["post-213267","post","type-post","status-publish","format-standard","has-post-thumbnail","hentry","category-culture","tag-feuilleton","tag-feuilleton-egyptien","tag-feuilleton-ramadanesque","tag-gestation-pour-autrui","tag-ramadan-2024"],"yoast_head":"<!-- This site is optimized with the Yoast SEO Premium plugin v27.5 (Yoast SEO v27.5) - https:\/\/yoast.com\/product\/yoast-seo-premium-wordpress\/ -->\n<title>Le feuilleton \u00ab\u00a0Selat Rahem\u00a0\u00bb : une opportunit\u00e9 manqu\u00e9e d\u2019aborder le d\u00e9bat sur la gestation pour autrui<\/title>\n<meta name=\"description\" content=\"Le feuilleton \u00ab\u00a0Selat Rahem\u00a0\u00bb : une opportunit\u00e9 manqu\u00e9e d\u2019aborder le d\u00e9bat sur la gestation pour autrui\" \/>\n<link rel=\"canonical\" href=\"https:\/\/www.webdo.tn\/fr\/actualite\/culture\/le-feuilleton-selat-rahem-une-opportunite-manquee-d-aborder-le-debat-sur-la-gestation-pour-autrui\/213267\/\" \/>\n<meta property=\"og:locale\" content=\"fr_FR\" \/>\n<meta property=\"og:type\" content=\"article\" \/>\n<meta property=\"og:title\" content=\"Le feuilleton \u00ab\u00a0Selat Rahem\u00a0\u00bb : une opportunit\u00e9 manqu\u00e9e d\u2019aborder le d\u00e9bat sur la gestation pour autrui\" \/>\n<meta property=\"og:description\" content=\"Le feuilleton \u00ab\u00a0Selat Rahem\u00a0\u00bb : une opportunit\u00e9 manqu\u00e9e d\u2019aborder le d\u00e9bat sur la gestation pour autrui\" \/>\n<meta property=\"og:url\" content=\"https:\/\/www.webdo.tn\/fr\/actualite\/culture\/le-feuilleton-selat-rahem-une-opportunite-manquee-d-aborder-le-debat-sur-la-gestation-pour-autrui\/213267\/\" \/>\n<meta property=\"og:site_name\" content=\"webdo\" \/>\n<meta property=\"article:publisher\" content=\"https:\/\/www.facebook.com\/webdotn\" \/>\n<meta property=\"article:author\" content=\"https:\/\/www.facebook.com\/massir.destiniii\/\" \/>\n<meta property=\"article:published_time\" content=\"2024-03-29T15:43:00+00:00\" \/>\n<meta property=\"article:modified_time\" content=\"2025-05-21T08:56:06+00:00\" \/>\n<meta property=\"og:image\" content=\"https:\/\/www.webdo.tn\/fr\/wp-content\/uploads\/2024\/03\/5d5b95ee55b06426823db28e4dcd1456.jpeg\" \/>\n\t<meta property=\"og:image:width\" content=\"750\" \/>\n\t<meta property=\"og:image:height\" content=\"400\" \/>\n\t<meta property=\"og:image:type\" content=\"image\/jpeg\" \/>\n<meta name=\"author\" content=\"Ne\u00efla DRISS\" \/>\n<meta name=\"twitter:card\" content=\"summary_large_image\" \/>\n<meta name=\"twitter:creator\" content=\"@https:\/\/x.com\/MassirDestin\" \/>\n<meta name=\"twitter:site\" content=\"@webdo_tn\" \/>\n<meta name=\"twitter:label1\" content=\"\u00c9crit par\" \/>\n\t<meta name=\"twitter:data1\" content=\"Ne\u00efla DRISS\" \/>\n\t<meta name=\"twitter:label2\" content=\"Dur\u00e9e de lecture estim\u00e9e\" \/>\n\t<meta name=\"twitter:data2\" content=\"5 minutes\" \/>\n<script type=\"application\/ld+json\" class=\"yoast-schema-graph\">{\"@context\":\"https:\\\/\\\/schema.org\",\"@graph\":[{\"@type\":\"NewsArticle\",\"@id\":\"https:\\\/\\\/www.webdo.tn\\\/fr\\\/actualite\\\/culture\\\/le-feuilleton-selat-rahem-une-opportunite-manquee-d-aborder-le-debat-sur-la-gestation-pour-autrui\\\/213267\\\/#article\",\"isPartOf\":{\"@id\":\"https:\\\/\\\/www.webdo.tn\\\/fr\\\/actualite\\\/culture\\\/le-feuilleton-selat-rahem-une-opportunite-manquee-d-aborder-le-debat-sur-la-gestation-pour-autrui\\\/213267\\\/\"},\"author\":{\"name\":\"Ne\u00efla DRISS\",\"@id\":\"https:\\\/\\\/www.webdo.tn\\\/fr\\\/#\\\/schema\\\/person\\\/60d5ba619ed3f58783b0dc82b7dada80\"},\"headline\":\"Le feuilleton \u00ab\u00a0Selat Rahem\u00a0\u00bb : une opportunit\u00e9 manqu\u00e9e d\u2019aborder le d\u00e9bat sur la gestation pour autrui\",\"datePublished\":\"2024-03-29T15:43:00+00:00\",\"dateModified\":\"2025-05-21T08:56:06+00:00\",\"mainEntityOfPage\":{\"@id\":\"https:\\\/\\\/www.webdo.tn\\\/fr\\\/actualite\\\/culture\\\/le-feuilleton-selat-rahem-une-opportunite-manquee-d-aborder-le-debat-sur-la-gestation-pour-autrui\\\/213267\\\/\"},\"wordCount\":1054,\"commentCount\":0,\"publisher\":{\"@id\":\"https:\\\/\\\/www.webdo.tn\\\/fr\\\/#organization\"},\"image\":{\"@id\":\"https:\\\/\\\/www.webdo.tn\\\/fr\\\/actualite\\\/culture\\\/le-feuilleton-selat-rahem-une-opportunite-manquee-d-aborder-le-debat-sur-la-gestation-pour-autrui\\\/213267\\\/#primaryimage\"},\"thumbnailUrl\":\"https:\\\/\\\/www.webdo.tn\\\/fr\\\/wp-content\\\/uploads\\\/2024\\\/03\\\/5d5b95ee55b06426823db28e4dcd1456.jpeg\",\"keywords\":[\"feuilleton\",\"Feuilleton \u00e9gyptien\",\"Feuilleton ramadanesque\",\"Gestation pour autrui\",\"Ramadan 2024\"],\"articleSection\":[\"Culture\"],\"inLanguage\":\"fr-FR\"},{\"@type\":\"WebPage\",\"@id\":\"https:\\\/\\\/www.webdo.tn\\\/fr\\\/actualite\\\/culture\\\/le-feuilleton-selat-rahem-une-opportunite-manquee-d-aborder-le-debat-sur-la-gestation-pour-autrui\\\/213267\\\/\",\"url\":\"https:\\\/\\\/www.webdo.tn\\\/fr\\\/actualite\\\/culture\\\/le-feuilleton-selat-rahem-une-opportunite-manquee-d-aborder-le-debat-sur-la-gestation-pour-autrui\\\/213267\\\/\",\"name\":\"Le feuilleton \u00ab\u00a0Selat Rahem\u00a0\u00bb : une opportunit\u00e9 manqu\u00e9e d\u2019aborder le d\u00e9bat sur la gestation pour autrui\",\"isPartOf\":{\"@id\":\"https:\\\/\\\/www.webdo.tn\\\/fr\\\/#website\"},\"primaryImageOfPage\":{\"@id\":\"https:\\\/\\\/www.webdo.tn\\\/fr\\\/actualite\\\/culture\\\/le-feuilleton-selat-rahem-une-opportunite-manquee-d-aborder-le-debat-sur-la-gestation-pour-autrui\\\/213267\\\/#primaryimage\"},\"image\":{\"@id\":\"https:\\\/\\\/www.webdo.tn\\\/fr\\\/actualite\\\/culture\\\/le-feuilleton-selat-rahem-une-opportunite-manquee-d-aborder-le-debat-sur-la-gestation-pour-autrui\\\/213267\\\/#primaryimage\"},\"thumbnailUrl\":\"https:\\\/\\\/www.webdo.tn\\\/fr\\\/wp-content\\\/uploads\\\/2024\\\/03\\\/5d5b95ee55b06426823db28e4dcd1456.jpeg\",\"datePublished\":\"2024-03-29T15:43:00+00:00\",\"dateModified\":\"2025-05-21T08:56:06+00:00\",\"description\":\"Le feuilleton \u00ab\u00a0Selat Rahem\u00a0\u00bb : une opportunit\u00e9 manqu\u00e9e d\u2019aborder le d\u00e9bat sur la gestation pour autrui\",\"breadcrumb\":{\"@id\":\"https:\\\/\\\/www.webdo.tn\\\/fr\\\/actualite\\\/culture\\\/le-feuilleton-selat-rahem-une-opportunite-manquee-d-aborder-le-debat-sur-la-gestation-pour-autrui\\\/213267\\\/#breadcrumb\"},\"inLanguage\":\"fr-FR\",\"potentialAction\":[{\"@type\":\"ReadAction\",\"target\":[\"https:\\\/\\\/www.webdo.tn\\\/fr\\\/actualite\\\/culture\\\/le-feuilleton-selat-rahem-une-opportunite-manquee-d-aborder-le-debat-sur-la-gestation-pour-autrui\\\/213267\\\/\"]}]},{\"@type\":\"ImageObject\",\"inLanguage\":\"fr-FR\",\"@id\":\"https:\\\/\\\/www.webdo.tn\\\/fr\\\/actualite\\\/culture\\\/le-feuilleton-selat-rahem-une-opportunite-manquee-d-aborder-le-debat-sur-la-gestation-pour-autrui\\\/213267\\\/#primaryimage\",\"url\":\"https:\\\/\\\/www.webdo.tn\\\/fr\\\/wp-content\\\/uploads\\\/2024\\\/03\\\/5d5b95ee55b06426823db28e4dcd1456.jpeg\",\"contentUrl\":\"https:\\\/\\\/www.webdo.tn\\\/fr\\\/wp-content\\\/uploads\\\/2024\\\/03\\\/5d5b95ee55b06426823db28e4dcd1456.jpeg\",\"width\":750,\"height\":400,\"caption\":\"Le feuilleton \u00ab\u00a0Selat Rahem\u00a0\u00bb : une opportunit\u00e9 manqu\u00e9e d\u2019aborder le d\u00e9bat sur la gestation pour autrui\"},{\"@type\":\"BreadcrumbList\",\"@id\":\"https:\\\/\\\/www.webdo.tn\\\/fr\\\/actualite\\\/culture\\\/le-feuilleton-selat-rahem-une-opportunite-manquee-d-aborder-le-debat-sur-la-gestation-pour-autrui\\\/213267\\\/#breadcrumb\",\"itemListElement\":[{\"@type\":\"ListItem\",\"position\":1,\"name\":\"Accueil\",\"item\":\"https:\\\/\\\/www.webdo.tn\\\/fr\\\/\"},{\"@type\":\"ListItem\",\"position\":2,\"name\":\"Le feuilleton \u00ab\u00a0Selat Rahem\u00a0\u00bb : une opportunit\u00e9 manqu\u00e9e d\u2019aborder le d\u00e9bat sur la gestation pour autrui\"}]},{\"@type\":\"WebSite\",\"@id\":\"https:\\\/\\\/www.webdo.tn\\\/fr\\\/#website\",\"url\":\"https:\\\/\\\/www.webdo.tn\\\/fr\\\/\",\"name\":\"webdo\",\"description\":\"Tunisie - News en Tunisie et \u00e0 l&#039;international sur Webdo.tn\",\"publisher\":{\"@id\":\"https:\\\/\\\/www.webdo.tn\\\/fr\\\/#organization\"},\"potentialAction\":[{\"@type\":\"SearchAction\",\"target\":{\"@type\":\"EntryPoint\",\"urlTemplate\":\"https:\\\/\\\/www.webdo.tn\\\/fr\\\/?s={search_term_string}\"},\"query-input\":{\"@type\":\"PropertyValueSpecification\",\"valueRequired\":true,\"valueName\":\"search_term_string\"}}],\"inLanguage\":\"fr-FR\"},{\"@type\":\"Organization\",\"@id\":\"https:\\\/\\\/www.webdo.tn\\\/fr\\\/#organization\",\"name\":\"Webdo\",\"alternateName\":\"Webdo.tn\",\"url\":\"https:\\\/\\\/www.webdo.tn\\\/fr\\\/\",\"logo\":{\"@type\":\"ImageObject\",\"inLanguage\":\"fr-FR\",\"@id\":\"https:\\\/\\\/www.webdo.tn\\\/fr\\\/#\\\/schema\\\/logo\\\/image\\\/\",\"url\":\"https:\\\/\\\/www.webdo.tn\\\/fr\\\/wp-content\\\/uploads\\\/2025\\\/06\\\/Webdo-Tunisie_168377.jpg\",\"contentUrl\":\"https:\\\/\\\/www.webdo.tn\\\/fr\\\/wp-content\\\/uploads\\\/2025\\\/06\\\/Webdo-Tunisie_168377.jpg\",\"width\":301,\"height\":301,\"caption\":\"Webdo\"},\"image\":{\"@id\":\"https:\\\/\\\/www.webdo.tn\\\/fr\\\/#\\\/schema\\\/logo\\\/image\\\/\"},\"sameAs\":[\"https:\\\/\\\/www.facebook.com\\\/webdotn\",\"https:\\\/\\\/x.com\\\/webdo_tn\"],\"description\":\"Webdo est un m\u00e9dia num\u00e9rique tunisien fond\u00e9 en 2010, sp\u00e9cialis\u00e9 dans l\u2019actualit\u00e9 nationale et internationale, l\u2019\u00e9conomie, la soci\u00e9t\u00e9 et les analyses politiques. Le site s\u2019adresse \u00e0 un large public francophone et couvre l\u2019information tunisienne en temps r\u00e9el.\",\"email\":\"redac@webdo.tn\",\"legalName\":\"YNJ SARL\",\"foundingDate\":\"2010-09-06\",\"numberOfEmployees\":{\"@type\":\"QuantitativeValue\",\"minValue\":\"11\",\"maxValue\":\"50\"}},{\"@type\":\"Person\",\"@id\":\"https:\\\/\\\/www.webdo.tn\\\/fr\\\/#\\\/schema\\\/person\\\/60d5ba619ed3f58783b0dc82b7dada80\",\"name\":\"Ne\u00efla DRISS\",\"image\":{\"@type\":\"ImageObject\",\"inLanguage\":\"fr-FR\",\"@id\":\"https:\\\/\\\/www.webdo.tn\\\/fr\\\/wp-content\\\/uploads\\\/2026\\\/04\\\/neila-driss_avatar-96x96.jpg\",\"url\":\"https:\\\/\\\/www.webdo.tn\\\/fr\\\/wp-content\\\/uploads\\\/2026\\\/04\\\/neila-driss_avatar-96x96.jpg\",\"contentUrl\":\"https:\\\/\\\/www.webdo.tn\\\/fr\\\/wp-content\\\/uploads\\\/2026\\\/04\\\/neila-driss_avatar-96x96.jpg\",\"caption\":\"Ne\u00efla DRISS\"},\"description\":\"Ne\u00efla Driss est juriste, journaliste culturelle et critique de cin\u00e9ma tunisienne. Titulaire d\u2019un DEA en droit priv\u00e9 de l\u2019Universit\u00e9 Paris II et d\u2019un DESS de l\u2019IHEC Carthage, elle d\u00e9bute sa carri\u00e8re comme juriste sp\u00e9cialis\u00e9e en gestion de patrimoine immobilier. Elle s\u2019oriente ensuite vers l\u2019\u00e9criture en ligne, o\u00f9 elle se distingue d\u00e8s 2006 aux Tunisia Blog Awards, avant de se consacrer au journalisme culturel, avec une sp\u00e9cialisation dans la critique cin\u00e9matographique. Elle couvre r\u00e9guli\u00e8rement les grands festivals internationaux, notamment le Festival de Cannes, les Journ\u00e9es Cin\u00e9matographiques de Carthage et le Festival du film du Caire. Membre de l\u2019ATPCC et de la FIPRESCI, elle participe \u00e0 des jurys et initiatives internationales de critique. Depuis 2024, elle est \u00e9lectrice internationale aux Golden Globes. Facebook : https:\\\/\\\/www.facebook.com\\\/massir.destiniii\\\/ X : https:\\\/\\\/x.com\\\/MassirDestin\",\"sameAs\":[\"https:\\\/\\\/www.facebook.com\\\/massir.destiniii\\\/\",\"https:\\\/\\\/www.instagram.com\\\/neila.driss\\\/?hl=fr\",\"https:\\\/\\\/www.linkedin.com\\\/in\\\/neila-driss-22606a80\\\/\",\"https:\\\/\\\/x.com\\\/https:\\\/\\\/x.com\\\/MassirDestin\"],\"knowsAbout\":[\"Cin\u00e9ma international\",\"critique cin\u00e9matographique\",\"festivals de cin\u00e9ma\",\"journalisme culturel\"],\"knowsLanguage\":[\"Fran\u00e7ais\",\"Arabe\",\"Anglais\"],\"jobTitle\":\"Journaliste culturelle et critique de cin\u00e9ma\",\"worksFor\":\"Webdo\",\"url\":\"https:\\\/\\\/www.webdo.tn\\\/fr\\\/actualite\\\/author\\\/neila-driss\\\/\"}]}<\/script>\n<!-- \/ Yoast SEO Premium plugin. -->","yoast_head_json":{"title":"Le feuilleton \u00ab\u00a0Selat Rahem\u00a0\u00bb : une opportunit\u00e9 manqu\u00e9e d\u2019aborder le d\u00e9bat sur la gestation pour autrui","description":"Le feuilleton \u00ab\u00a0Selat Rahem\u00a0\u00bb : une opportunit\u00e9 manqu\u00e9e d\u2019aborder le d\u00e9bat sur la gestation pour autrui","canonical":"https:\/\/www.webdo.tn\/fr\/actualite\/culture\/le-feuilleton-selat-rahem-une-opportunite-manquee-d-aborder-le-debat-sur-la-gestation-pour-autrui\/213267\/","og_locale":"fr_FR","og_type":"article","og_title":"Le feuilleton \u00ab\u00a0Selat Rahem\u00a0\u00bb : une opportunit\u00e9 manqu\u00e9e d\u2019aborder le d\u00e9bat sur la gestation pour autrui","og_description":"Le feuilleton \u00ab\u00a0Selat Rahem\u00a0\u00bb : une opportunit\u00e9 manqu\u00e9e d\u2019aborder le d\u00e9bat sur la gestation pour autrui","og_url":"https:\/\/www.webdo.tn\/fr\/actualite\/culture\/le-feuilleton-selat-rahem-une-opportunite-manquee-d-aborder-le-debat-sur-la-gestation-pour-autrui\/213267\/","og_site_name":"webdo","article_publisher":"https:\/\/www.facebook.com\/webdotn","article_author":"https:\/\/www.facebook.com\/massir.destiniii\/","article_published_time":"2024-03-29T15:43:00+00:00","article_modified_time":"2025-05-21T08:56:06+00:00","og_image":[{"width":750,"height":400,"url":"https:\/\/www.webdo.tn\/fr\/wp-content\/uploads\/2024\/03\/5d5b95ee55b06426823db28e4dcd1456.jpeg","type":"image\/jpeg"}],"author":"Ne\u00efla DRISS","twitter_card":"summary_large_image","twitter_creator":"@https:\/\/x.com\/MassirDestin","twitter_site":"@webdo_tn","twitter_misc":{"\u00c9crit par":"Ne\u00efla DRISS","Dur\u00e9e de lecture estim\u00e9e":"5 minutes"},"schema":{"@context":"https:\/\/schema.org","@graph":[{"@type":"NewsArticle","@id":"https:\/\/www.webdo.tn\/fr\/actualite\/culture\/le-feuilleton-selat-rahem-une-opportunite-manquee-d-aborder-le-debat-sur-la-gestation-pour-autrui\/213267\/#article","isPartOf":{"@id":"https:\/\/www.webdo.tn\/fr\/actualite\/culture\/le-feuilleton-selat-rahem-une-opportunite-manquee-d-aborder-le-debat-sur-la-gestation-pour-autrui\/213267\/"},"author":{"name":"Ne\u00efla DRISS","@id":"https:\/\/www.webdo.tn\/fr\/#\/schema\/person\/60d5ba619ed3f58783b0dc82b7dada80"},"headline":"Le feuilleton \u00ab\u00a0Selat Rahem\u00a0\u00bb : une opportunit\u00e9 manqu\u00e9e d\u2019aborder le d\u00e9bat sur la gestation pour autrui","datePublished":"2024-03-29T15:43:00+00:00","dateModified":"2025-05-21T08:56:06+00:00","mainEntityOfPage":{"@id":"https:\/\/www.webdo.tn\/fr\/actualite\/culture\/le-feuilleton-selat-rahem-une-opportunite-manquee-d-aborder-le-debat-sur-la-gestation-pour-autrui\/213267\/"},"wordCount":1054,"commentCount":0,"publisher":{"@id":"https:\/\/www.webdo.tn\/fr\/#organization"},"image":{"@id":"https:\/\/www.webdo.tn\/fr\/actualite\/culture\/le-feuilleton-selat-rahem-une-opportunite-manquee-d-aborder-le-debat-sur-la-gestation-pour-autrui\/213267\/#primaryimage"},"thumbnailUrl":"https:\/\/www.webdo.tn\/fr\/wp-content\/uploads\/2024\/03\/5d5b95ee55b06426823db28e4dcd1456.jpeg","keywords":["feuilleton","Feuilleton \u00e9gyptien","Feuilleton ramadanesque","Gestation pour autrui","Ramadan 2024"],"articleSection":["Culture"],"inLanguage":"fr-FR"},{"@type":"WebPage","@id":"https:\/\/www.webdo.tn\/fr\/actualite\/culture\/le-feuilleton-selat-rahem-une-opportunite-manquee-d-aborder-le-debat-sur-la-gestation-pour-autrui\/213267\/","url":"https:\/\/www.webdo.tn\/fr\/actualite\/culture\/le-feuilleton-selat-rahem-une-opportunite-manquee-d-aborder-le-debat-sur-la-gestation-pour-autrui\/213267\/","name":"Le feuilleton \u00ab\u00a0Selat Rahem\u00a0\u00bb : une opportunit\u00e9 manqu\u00e9e d\u2019aborder le d\u00e9bat sur la gestation pour autrui","isPartOf":{"@id":"https:\/\/www.webdo.tn\/fr\/#website"},"primaryImageOfPage":{"@id":"https:\/\/www.webdo.tn\/fr\/actualite\/culture\/le-feuilleton-selat-rahem-une-opportunite-manquee-d-aborder-le-debat-sur-la-gestation-pour-autrui\/213267\/#primaryimage"},"image":{"@id":"https:\/\/www.webdo.tn\/fr\/actualite\/culture\/le-feuilleton-selat-rahem-une-opportunite-manquee-d-aborder-le-debat-sur-la-gestation-pour-autrui\/213267\/#primaryimage"},"thumbnailUrl":"https:\/\/www.webdo.tn\/fr\/wp-content\/uploads\/2024\/03\/5d5b95ee55b06426823db28e4dcd1456.jpeg","datePublished":"2024-03-29T15:43:00+00:00","dateModified":"2025-05-21T08:56:06+00:00","description":"Le feuilleton \u00ab\u00a0Selat Rahem\u00a0\u00bb : une opportunit\u00e9 manqu\u00e9e d\u2019aborder le d\u00e9bat sur la gestation pour autrui","breadcrumb":{"@id":"https:\/\/www.webdo.tn\/fr\/actualite\/culture\/le-feuilleton-selat-rahem-une-opportunite-manquee-d-aborder-le-debat-sur-la-gestation-pour-autrui\/213267\/#breadcrumb"},"inLanguage":"fr-FR","potentialAction":[{"@type":"ReadAction","target":["https:\/\/www.webdo.tn\/fr\/actualite\/culture\/le-feuilleton-selat-rahem-une-opportunite-manquee-d-aborder-le-debat-sur-la-gestation-pour-autrui\/213267\/"]}]},{"@type":"ImageObject","inLanguage":"fr-FR","@id":"https:\/\/www.webdo.tn\/fr\/actualite\/culture\/le-feuilleton-selat-rahem-une-opportunite-manquee-d-aborder-le-debat-sur-la-gestation-pour-autrui\/213267\/#primaryimage","url":"https:\/\/www.webdo.tn\/fr\/wp-content\/uploads\/2024\/03\/5d5b95ee55b06426823db28e4dcd1456.jpeg","contentUrl":"https:\/\/www.webdo.tn\/fr\/wp-content\/uploads\/2024\/03\/5d5b95ee55b06426823db28e4dcd1456.jpeg","width":750,"height":400,"caption":"Le feuilleton \u00ab\u00a0Selat Rahem\u00a0\u00bb : une opportunit\u00e9 manqu\u00e9e d\u2019aborder le d\u00e9bat sur la gestation pour autrui"},{"@type":"BreadcrumbList","@id":"https:\/\/www.webdo.tn\/fr\/actualite\/culture\/le-feuilleton-selat-rahem-une-opportunite-manquee-d-aborder-le-debat-sur-la-gestation-pour-autrui\/213267\/#breadcrumb","itemListElement":[{"@type":"ListItem","position":1,"name":"Accueil","item":"https:\/\/www.webdo.tn\/fr\/"},{"@type":"ListItem","position":2,"name":"Le feuilleton \u00ab\u00a0Selat Rahem\u00a0\u00bb : une opportunit\u00e9 manqu\u00e9e d\u2019aborder le d\u00e9bat sur la gestation pour autrui"}]},{"@type":"WebSite","@id":"https:\/\/www.webdo.tn\/fr\/#website","url":"https:\/\/www.webdo.tn\/fr\/","name":"webdo","description":"Tunisie - News en Tunisie et \u00e0 l&#039;international sur Webdo.tn","publisher":{"@id":"https:\/\/www.webdo.tn\/fr\/#organization"},"potentialAction":[{"@type":"SearchAction","target":{"@type":"EntryPoint","urlTemplate":"https:\/\/www.webdo.tn\/fr\/?s={search_term_string}"},"query-input":{"@type":"PropertyValueSpecification","valueRequired":true,"valueName":"search_term_string"}}],"inLanguage":"fr-FR"},{"@type":"Organization","@id":"https:\/\/www.webdo.tn\/fr\/#organization","name":"Webdo","alternateName":"Webdo.tn","url":"https:\/\/www.webdo.tn\/fr\/","logo":{"@type":"ImageObject","inLanguage":"fr-FR","@id":"https:\/\/www.webdo.tn\/fr\/#\/schema\/logo\/image\/","url":"https:\/\/www.webdo.tn\/fr\/wp-content\/uploads\/2025\/06\/Webdo-Tunisie_168377.jpg","contentUrl":"https:\/\/www.webdo.tn\/fr\/wp-content\/uploads\/2025\/06\/Webdo-Tunisie_168377.jpg","width":301,"height":301,"caption":"Webdo"},"image":{"@id":"https:\/\/www.webdo.tn\/fr\/#\/schema\/logo\/image\/"},"sameAs":["https:\/\/www.facebook.com\/webdotn","https:\/\/x.com\/webdo_tn"],"description":"Webdo est un m\u00e9dia num\u00e9rique tunisien fond\u00e9 en 2010, sp\u00e9cialis\u00e9 dans l\u2019actualit\u00e9 nationale et internationale, l\u2019\u00e9conomie, la soci\u00e9t\u00e9 et les analyses politiques. Le site s\u2019adresse \u00e0 un large public francophone et couvre l\u2019information tunisienne en temps r\u00e9el.","email":"redac@webdo.tn","legalName":"YNJ SARL","foundingDate":"2010-09-06","numberOfEmployees":{"@type":"QuantitativeValue","minValue":"11","maxValue":"50"}},{"@type":"Person","@id":"https:\/\/www.webdo.tn\/fr\/#\/schema\/person\/60d5ba619ed3f58783b0dc82b7dada80","name":"Ne\u00efla DRISS","image":{"@type":"ImageObject","inLanguage":"fr-FR","@id":"https:\/\/www.webdo.tn\/fr\/wp-content\/uploads\/2026\/04\/neila-driss_avatar-96x96.jpg","url":"https:\/\/www.webdo.tn\/fr\/wp-content\/uploads\/2026\/04\/neila-driss_avatar-96x96.jpg","contentUrl":"https:\/\/www.webdo.tn\/fr\/wp-content\/uploads\/2026\/04\/neila-driss_avatar-96x96.jpg","caption":"Ne\u00efla DRISS"},"description":"Ne\u00efla Driss est juriste, journaliste culturelle et critique de cin\u00e9ma tunisienne. Titulaire d\u2019un DEA en droit priv\u00e9 de l\u2019Universit\u00e9 Paris II et d\u2019un DESS de l\u2019IHEC Carthage, elle d\u00e9bute sa carri\u00e8re comme juriste sp\u00e9cialis\u00e9e en gestion de patrimoine immobilier. Elle s\u2019oriente ensuite vers l\u2019\u00e9criture en ligne, o\u00f9 elle se distingue d\u00e8s 2006 aux Tunisia Blog Awards, avant de se consacrer au journalisme culturel, avec une sp\u00e9cialisation dans la critique cin\u00e9matographique. Elle couvre r\u00e9guli\u00e8rement les grands festivals internationaux, notamment le Festival de Cannes, les Journ\u00e9es Cin\u00e9matographiques de Carthage et le Festival du film du Caire. Membre de l\u2019ATPCC et de la FIPRESCI, elle participe \u00e0 des jurys et initiatives internationales de critique. Depuis 2024, elle est \u00e9lectrice internationale aux Golden Globes. Facebook : https:\/\/www.facebook.com\/massir.destiniii\/ X : https:\/\/x.com\/MassirDestin","sameAs":["https:\/\/www.facebook.com\/massir.destiniii\/","https:\/\/www.instagram.com\/neila.driss\/?hl=fr","https:\/\/www.linkedin.com\/in\/neila-driss-22606a80\/","https:\/\/x.com\/https:\/\/x.com\/MassirDestin"],"knowsAbout":["Cin\u00e9ma international","critique cin\u00e9matographique","festivals de cin\u00e9ma","journalisme culturel"],"knowsLanguage":["Fran\u00e7ais","Arabe","Anglais"],"jobTitle":"Journaliste culturelle et critique de cin\u00e9ma","worksFor":"Webdo","url":"https:\/\/www.webdo.tn\/fr\/actualite\/author\/neila-driss\/"}]}},"_links":{"self":[{"href":"https:\/\/www.webdo.tn\/fr\/wp-json\/wp\/v2\/posts\/213267","targetHints":{"allow":["GET"]}}],"collection":[{"href":"https:\/\/www.webdo.tn\/fr\/wp-json\/wp\/v2\/posts"}],"about":[{"href":"https:\/\/www.webdo.tn\/fr\/wp-json\/wp\/v2\/types\/post"}],"author":[{"embeddable":true,"href":"https:\/\/www.webdo.tn\/fr\/wp-json\/wp\/v2\/users\/3164"}],"replies":[{"embeddable":true,"href":"https:\/\/www.webdo.tn\/fr\/wp-json\/wp\/v2\/comments?post=213267"}],"version-history":[{"count":0,"href":"https:\/\/www.webdo.tn\/fr\/wp-json\/wp\/v2\/posts\/213267\/revisions"}],"wp:featuredmedia":[{"embeddable":true,"href":"https:\/\/www.webdo.tn\/fr\/wp-json\/wp\/v2\/media\/247688"}],"wp:attachment":[{"href":"https:\/\/www.webdo.tn\/fr\/wp-json\/wp\/v2\/media?parent=213267"}],"wp:term":[{"taxonomy":"category","embeddable":true,"href":"https:\/\/www.webdo.tn\/fr\/wp-json\/wp\/v2\/categories?post=213267"},{"taxonomy":"post_tag","embeddable":true,"href":"https:\/\/www.webdo.tn\/fr\/wp-json\/wp\/v2\/tags?post=213267"}],"curies":[{"name":"wp","href":"https:\/\/api.w.org\/{rel}","templated":true}]}}