{"id":213258,"date":"2024-03-29T10:40:00","date_gmt":"2024-03-29T10:40:00","guid":{"rendered":"https:\/\/www.webdo.tn\/fr\/blog\/tunisie-amnesty-international-denonce-le-harcelement-des-avocats\/213258\/"},"modified":"2025-05-20T22:32:15","modified_gmt":"2025-05-20T22:32:15","slug":"tunisie-amnesty-international-denonce-le-harcelement-des-avocats","status":"publish","type":"post","link":"https:\/\/www.webdo.tn\/fr\/actualite\/national\/tunisie-amnesty-international-denonce-le-harcelement-des-avocats\/213258\/","title":{"rendered":"Tunisie : Amnesty International d\u00e9nonce le harc\u00e8lement des avocats"},"content":{"rendered":"<p>Amnesty International d\u00e9nonce le harc\u00e8lement des avocats en Tunisie. Au moins 20 avocats ont \u00e9t\u00e9 vis\u00e9s par des enqu\u00eates criminelles sous de fausses accusations, risquant jusqu&rsquo;\u00e0 20 ans de prison.<\/p>\n<p>\t\t\t\t\t\t\t\t\tLes autorit\u00e9s tunisiennes sont accus\u00e9es de harceler et d&rsquo;intimider des avocats pour avoir exerc\u00e9 leurs fonctions professionnelles, selon Amnesty International.<\/p>\n<p>Au moins 20 avocats ont \u00e9t\u00e9 vis\u00e9s par des enqu\u00eates criminelles sous de fausses accusations, allant de l&rsquo;offense \u00e0 autrui \u00e0 la propagation de fausses informations.<\/p>\n<p>Ces avocats repr\u00e9sentent des membres de groupes d&rsquo;opposition politique, des militants et des victimes de violations des droits humains.<\/p>\n<p>Les accusations retenues contre eux rel\u00e8vent du Code des t\u00e9l\u00e9communications, du Code p\u00e9nal et du D\u00e9cret-loi 54. S&rsquo;ils sont condamn\u00e9s, les avocats risquent jusqu&rsquo;\u00e0 20 ans de prison et de lourdes amendes.<\/p>\n<p>Le verdict dans l&rsquo;affaire de l&rsquo;avocat Abdelaziz Essid, accus\u00e9 d&rsquo;offense \u00e0 autrui et d&rsquo;accusation d&rsquo;actes ill\u00e9gaux de fonctionnaires publics sans preuve, sera rendu aujourd&rsquo;hui le 29 mars. Les autorit\u00e9s sont exhort\u00e9es \u00e0 mettre fin \u00e0 leur harc\u00e8lement judiciaire contre les avocats et \u00e0 respecter l&rsquo;ind\u00e9pendance de la profession juridique.<\/p>\n<p>Cette campagne de r\u00e9pression est vue comme une tentative de museler les voix dissidentes et de restreindre l&rsquo;acc\u00e8s \u00e0 la justice pour les victimes de violations des droits humains en Tunisie.<\/p>\n<p>Amnesty International souligne que la pers\u00e9cution des avocats sape non seulement leur capacit\u00e9 \u00e0 remplir leur r\u00f4le essentiel dans la protection des droits, mais aussi l&rsquo;ensemble du syst\u00e8me judiciaire tunisien. En outre, cette r\u00e9pression constitue une violation flagrante des droits humains et des principes fondamentaux de l&rsquo;\u00c9tat de droit.<\/p>\n<p>En cons\u00e9quence, la communaut\u00e9 internationale est appel\u00e9e \u00e0 exercer une pression accrue sur les autorit\u00e9s tunisiennes pour mettre fin \u00e0 ces pratiques r\u00e9pressives et garantir la protection des avocats dans l&rsquo;exercice de leurs fonctions.<\/p>\n","protected":false},"excerpt":{"rendered":"<p>Amnesty International d\u00e9nonce le harc\u00e8lement des avocats en Tunisie. Au moins 20 avocats risquent jusqu&rsquo;\u00e0 20 ans de prison sous de fausses accusations.<\/p>\n","protected":false},"author":3169,"featured_media":247685,"comment_status":"open","ping_status":"closed","sticky":false,"template":"","format":"standard","meta":{"footnotes":""},"categories":[44],"tags":[6764,4962,5824,6765,5473,6766,2608],"class_list":["post-213258","post","type-post","status-publish","format-standard","has-post-thumbnail","hentry","category-national","tag-amnesty-international","tag-avocats","tag-droits-humains","tag-harcelement-judiciaire","tag-liberte-dexpression","tag-repression","tag-tunisie"],"yoast_head":"<!-- This site is optimized with the Yoast SEO Premium plugin v27.5 (Yoast SEO v27.5) - https:\/\/yoast.com\/product\/yoast-seo-premium-wordpress\/ -->\n<title>Tunisie : Amnesty International d\u00e9nonce le harc\u00e8lement des avocats<\/title>\n<meta name=\"description\" content=\"Amnesty International d\u00e9nonce le harc\u00e8lement des avocats en Tunisie. Au moins 20 avocats risquent jusqu&#039;\u00e0 20 ans de prison sous de fausses accusations.\" \/>\n<link rel=\"canonical\" href=\"https:\/\/www.webdo.tn\/fr\/actualite\/national\/tunisie-amnesty-international-denonce-le-harcelement-des-avocats\/213258\/\" \/>\n<meta property=\"og:locale\" content=\"fr_FR\" \/>\n<meta property=\"og:type\" content=\"article\" \/>\n<meta property=\"og:title\" content=\"Tunisie : Amnesty International d\u00e9nonce le harc\u00e8lement des avocats\" \/>\n<meta property=\"og:description\" content=\"Amnesty International d\u00e9nonce le harc\u00e8lement des avocats en Tunisie. Au moins 20 avocats risquent jusqu&#039;\u00e0 20 ans de prison sous de fausses accusations.\" \/>\n<meta property=\"og:url\" content=\"https:\/\/www.webdo.tn\/fr\/actualite\/national\/tunisie-amnesty-international-denonce-le-harcelement-des-avocats\/213258\/\" \/>\n<meta property=\"og:site_name\" content=\"webdo\" \/>\n<meta property=\"article:publisher\" content=\"https:\/\/www.facebook.com\/webdotn\" \/>\n<meta property=\"article:published_time\" content=\"2024-03-29T10:40:00+00:00\" \/>\n<meta property=\"article:modified_time\" content=\"2025-05-20T22:32:15+00:00\" \/>\n<meta property=\"og:image\" content=\"https:\/\/www.webdo.tn\/fr\/wp-content\/uploads\/2024\/03\/b8ed98ce192057b62dc5d002abdd9037.jpg\" \/>\n\t<meta property=\"og:image:width\" content=\"750\" \/>\n\t<meta property=\"og:image:height\" content=\"400\" \/>\n\t<meta property=\"og:image:type\" content=\"image\/jpeg\" \/>\n<meta name=\"author\" content=\"Webdo\" \/>\n<meta name=\"twitter:card\" content=\"summary_large_image\" \/>\n<meta name=\"twitter:creator\" content=\"@webdo_tn\" \/>\n<meta name=\"twitter:site\" content=\"@webdo_tn\" \/>\n<meta name=\"twitter:label1\" content=\"\u00c9crit par\" \/>\n\t<meta name=\"twitter:data1\" content=\"Webdo\" \/>\n\t<meta name=\"twitter:label2\" content=\"Dur\u00e9e de lecture estim\u00e9e\" \/>\n\t<meta name=\"twitter:data2\" content=\"2 minutes\" \/>\n<script type=\"application\/ld+json\" class=\"yoast-schema-graph\">{\"@context\":\"https:\\\/\\\/schema.org\",\"@graph\":[{\"@type\":\"NewsArticle\",\"@id\":\"https:\\\/\\\/www.webdo.tn\\\/fr\\\/actualite\\\/national\\\/tunisie-amnesty-international-denonce-le-harcelement-des-avocats\\\/213258\\\/#article\",\"isPartOf\":{\"@id\":\"https:\\\/\\\/www.webdo.tn\\\/fr\\\/actualite\\\/national\\\/tunisie-amnesty-international-denonce-le-harcelement-des-avocats\\\/213258\\\/\"},\"author\":{\"name\":\"Webdo\",\"@id\":\"https:\\\/\\\/www.webdo.tn\\\/fr\\\/#\\\/schema\\\/person\\\/1f4e491e0907b413d61089e8eb573acc\"},\"headline\":\"Tunisie : Amnesty International d\u00e9nonce le harc\u00e8lement des avocats\",\"datePublished\":\"2024-03-29T10:40:00+00:00\",\"dateModified\":\"2025-05-20T22:32:15+00:00\",\"mainEntityOfPage\":{\"@id\":\"https:\\\/\\\/www.webdo.tn\\\/fr\\\/actualite\\\/national\\\/tunisie-amnesty-international-denonce-le-harcelement-des-avocats\\\/213258\\\/\"},\"wordCount\":329,\"commentCount\":0,\"publisher\":{\"@id\":\"https:\\\/\\\/www.webdo.tn\\\/fr\\\/#organization\"},\"image\":{\"@id\":\"https:\\\/\\\/www.webdo.tn\\\/fr\\\/actualite\\\/national\\\/tunisie-amnesty-international-denonce-le-harcelement-des-avocats\\\/213258\\\/#primaryimage\"},\"thumbnailUrl\":\"https:\\\/\\\/www.webdo.tn\\\/fr\\\/wp-content\\\/uploads\\\/2024\\\/03\\\/b8ed98ce192057b62dc5d002abdd9037.jpg\",\"keywords\":[\"Amnesty international\",\"avocats\",\"Droits Humains\",\"Harc\u00e8lement Judiciaire\",\"libert\u00e9 d'expression\",\"R\u00e9pression\",\"Tunisie\"],\"articleSection\":[\"National\"],\"inLanguage\":\"fr-FR\"},{\"@type\":\"WebPage\",\"@id\":\"https:\\\/\\\/www.webdo.tn\\\/fr\\\/actualite\\\/national\\\/tunisie-amnesty-international-denonce-le-harcelement-des-avocats\\\/213258\\\/\",\"url\":\"https:\\\/\\\/www.webdo.tn\\\/fr\\\/actualite\\\/national\\\/tunisie-amnesty-international-denonce-le-harcelement-des-avocats\\\/213258\\\/\",\"name\":\"Tunisie : Amnesty International d\u00e9nonce le harc\u00e8lement des avocats\",\"isPartOf\":{\"@id\":\"https:\\\/\\\/www.webdo.tn\\\/fr\\\/#website\"},\"primaryImageOfPage\":{\"@id\":\"https:\\\/\\\/www.webdo.tn\\\/fr\\\/actualite\\\/national\\\/tunisie-amnesty-international-denonce-le-harcelement-des-avocats\\\/213258\\\/#primaryimage\"},\"image\":{\"@id\":\"https:\\\/\\\/www.webdo.tn\\\/fr\\\/actualite\\\/national\\\/tunisie-amnesty-international-denonce-le-harcelement-des-avocats\\\/213258\\\/#primaryimage\"},\"thumbnailUrl\":\"https:\\\/\\\/www.webdo.tn\\\/fr\\\/wp-content\\\/uploads\\\/2024\\\/03\\\/b8ed98ce192057b62dc5d002abdd9037.jpg\",\"datePublished\":\"2024-03-29T10:40:00+00:00\",\"dateModified\":\"2025-05-20T22:32:15+00:00\",\"description\":\"Amnesty International d\u00e9nonce le harc\u00e8lement des avocats en Tunisie. Au moins 20 avocats risquent jusqu'\u00e0 20 ans de prison sous de fausses accusations.\",\"breadcrumb\":{\"@id\":\"https:\\\/\\\/www.webdo.tn\\\/fr\\\/actualite\\\/national\\\/tunisie-amnesty-international-denonce-le-harcelement-des-avocats\\\/213258\\\/#breadcrumb\"},\"inLanguage\":\"fr-FR\",\"potentialAction\":[{\"@type\":\"ReadAction\",\"target\":[\"https:\\\/\\\/www.webdo.tn\\\/fr\\\/actualite\\\/national\\\/tunisie-amnesty-international-denonce-le-harcelement-des-avocats\\\/213258\\\/\"]}]},{\"@type\":\"ImageObject\",\"inLanguage\":\"fr-FR\",\"@id\":\"https:\\\/\\\/www.webdo.tn\\\/fr\\\/actualite\\\/national\\\/tunisie-amnesty-international-denonce-le-harcelement-des-avocats\\\/213258\\\/#primaryimage\",\"url\":\"https:\\\/\\\/www.webdo.tn\\\/fr\\\/wp-content\\\/uploads\\\/2024\\\/03\\\/b8ed98ce192057b62dc5d002abdd9037.jpg\",\"contentUrl\":\"https:\\\/\\\/www.webdo.tn\\\/fr\\\/wp-content\\\/uploads\\\/2024\\\/03\\\/b8ed98ce192057b62dc5d002abdd9037.jpg\",\"width\":750,\"height\":400,\"caption\":\"Tunisie : Amnesty International d\u00e9nonce le harc\u00e8lement des avocats\"},{\"@type\":\"BreadcrumbList\",\"@id\":\"https:\\\/\\\/www.webdo.tn\\\/fr\\\/actualite\\\/national\\\/tunisie-amnesty-international-denonce-le-harcelement-des-avocats\\\/213258\\\/#breadcrumb\",\"itemListElement\":[{\"@type\":\"ListItem\",\"position\":1,\"name\":\"Accueil\",\"item\":\"https:\\\/\\\/www.webdo.tn\\\/fr\\\/\"},{\"@type\":\"ListItem\",\"position\":2,\"name\":\"Tunisie : Amnesty International d\u00e9nonce le harc\u00e8lement des avocats\"}]},{\"@type\":\"WebSite\",\"@id\":\"https:\\\/\\\/www.webdo.tn\\\/fr\\\/#website\",\"url\":\"https:\\\/\\\/www.webdo.tn\\\/fr\\\/\",\"name\":\"webdo\",\"description\":\"Tunisie - News en Tunisie et \u00e0 l&#039;international sur Webdo.tn\",\"publisher\":{\"@id\":\"https:\\\/\\\/www.webdo.tn\\\/fr\\\/#organization\"},\"potentialAction\":[{\"@type\":\"SearchAction\",\"target\":{\"@type\":\"EntryPoint\",\"urlTemplate\":\"https:\\\/\\\/www.webdo.tn\\\/fr\\\/?s={search_term_string}\"},\"query-input\":{\"@type\":\"PropertyValueSpecification\",\"valueRequired\":true,\"valueName\":\"search_term_string\"}}],\"inLanguage\":\"fr-FR\"},{\"@type\":\"Organization\",\"@id\":\"https:\\\/\\\/www.webdo.tn\\\/fr\\\/#organization\",\"name\":\"Webdo\",\"alternateName\":\"Webdo.tn\",\"url\":\"https:\\\/\\\/www.webdo.tn\\\/fr\\\/\",\"logo\":{\"@type\":\"ImageObject\",\"inLanguage\":\"fr-FR\",\"@id\":\"https:\\\/\\\/www.webdo.tn\\\/fr\\\/#\\\/schema\\\/logo\\\/image\\\/\",\"url\":\"https:\\\/\\\/www.webdo.tn\\\/fr\\\/wp-content\\\/uploads\\\/2025\\\/06\\\/Webdo-Tunisie_168377.jpg\",\"contentUrl\":\"https:\\\/\\\/www.webdo.tn\\\/fr\\\/wp-content\\\/uploads\\\/2025\\\/06\\\/Webdo-Tunisie_168377.jpg\",\"width\":301,\"height\":301,\"caption\":\"Webdo\"},\"image\":{\"@id\":\"https:\\\/\\\/www.webdo.tn\\\/fr\\\/#\\\/schema\\\/logo\\\/image\\\/\"},\"sameAs\":[\"https:\\\/\\\/www.facebook.com\\\/webdotn\",\"https:\\\/\\\/x.com\\\/webdo_tn\"],\"description\":\"Webdo est un m\u00e9dia num\u00e9rique tunisien fond\u00e9 en 2010, sp\u00e9cialis\u00e9 dans l\u2019actualit\u00e9 nationale et internationale, l\u2019\u00e9conomie, la soci\u00e9t\u00e9 et les analyses politiques. Le site s\u2019adresse \u00e0 un large public francophone et couvre l\u2019information tunisienne en temps r\u00e9el.\",\"email\":\"redac@webdo.tn\",\"legalName\":\"YNJ SARL\",\"foundingDate\":\"2010-09-06\",\"numberOfEmployees\":{\"@type\":\"QuantitativeValue\",\"minValue\":\"11\",\"maxValue\":\"50\"}},{\"@type\":\"Person\",\"@id\":\"https:\\\/\\\/www.webdo.tn\\\/fr\\\/#\\\/schema\\\/person\\\/1f4e491e0907b413d61089e8eb573acc\",\"name\":\"Webdo\",\"image\":{\"@type\":\"ImageObject\",\"inLanguage\":\"fr-FR\",\"@id\":\"https:\\\/\\\/secure.gravatar.com\\\/avatar\\\/de97aeec1bb80978a9dbb127e47dfc88aaacb2f3c29aac907d8d3222e3495d49?s=96&d=mm&r=g\",\"url\":\"https:\\\/\\\/secure.gravatar.com\\\/avatar\\\/de97aeec1bb80978a9dbb127e47dfc88aaacb2f3c29aac907d8d3222e3495d49?s=96&d=mm&r=g\",\"contentUrl\":\"https:\\\/\\\/secure.gravatar.com\\\/avatar\\\/de97aeec1bb80978a9dbb127e47dfc88aaacb2f3c29aac907d8d3222e3495d49?s=96&d=mm&r=g\",\"caption\":\"Webdo\"},\"url\":\"https:\\\/\\\/www.webdo.tn\\\/fr\\\/actualite\\\/author\\\/webdo\\\/\"}]}<\/script>\n<!-- \/ Yoast SEO Premium plugin. -->","yoast_head_json":{"title":"Tunisie : Amnesty International d\u00e9nonce le harc\u00e8lement des avocats","description":"Amnesty International d\u00e9nonce le harc\u00e8lement des avocats en Tunisie. Au moins 20 avocats risquent jusqu'\u00e0 20 ans de prison sous de fausses accusations.","canonical":"https:\/\/www.webdo.tn\/fr\/actualite\/national\/tunisie-amnesty-international-denonce-le-harcelement-des-avocats\/213258\/","og_locale":"fr_FR","og_type":"article","og_title":"Tunisie : Amnesty International d\u00e9nonce le harc\u00e8lement des avocats","og_description":"Amnesty International d\u00e9nonce le harc\u00e8lement des avocats en Tunisie. Au moins 20 avocats risquent jusqu'\u00e0 20 ans de prison sous de fausses accusations.","og_url":"https:\/\/www.webdo.tn\/fr\/actualite\/national\/tunisie-amnesty-international-denonce-le-harcelement-des-avocats\/213258\/","og_site_name":"webdo","article_publisher":"https:\/\/www.facebook.com\/webdotn","article_published_time":"2024-03-29T10:40:00+00:00","article_modified_time":"2025-05-20T22:32:15+00:00","og_image":[{"width":750,"height":400,"url":"https:\/\/www.webdo.tn\/fr\/wp-content\/uploads\/2024\/03\/b8ed98ce192057b62dc5d002abdd9037.jpg","type":"image\/jpeg"}],"author":"Webdo","twitter_card":"summary_large_image","twitter_creator":"@webdo_tn","twitter_site":"@webdo_tn","twitter_misc":{"\u00c9crit par":"Webdo","Dur\u00e9e de lecture estim\u00e9e":"2 minutes"},"schema":{"@context":"https:\/\/schema.org","@graph":[{"@type":"NewsArticle","@id":"https:\/\/www.webdo.tn\/fr\/actualite\/national\/tunisie-amnesty-international-denonce-le-harcelement-des-avocats\/213258\/#article","isPartOf":{"@id":"https:\/\/www.webdo.tn\/fr\/actualite\/national\/tunisie-amnesty-international-denonce-le-harcelement-des-avocats\/213258\/"},"author":{"name":"Webdo","@id":"https:\/\/www.webdo.tn\/fr\/#\/schema\/person\/1f4e491e0907b413d61089e8eb573acc"},"headline":"Tunisie : Amnesty International d\u00e9nonce le harc\u00e8lement des avocats","datePublished":"2024-03-29T10:40:00+00:00","dateModified":"2025-05-20T22:32:15+00:00","mainEntityOfPage":{"@id":"https:\/\/www.webdo.tn\/fr\/actualite\/national\/tunisie-amnesty-international-denonce-le-harcelement-des-avocats\/213258\/"},"wordCount":329,"commentCount":0,"publisher":{"@id":"https:\/\/www.webdo.tn\/fr\/#organization"},"image":{"@id":"https:\/\/www.webdo.tn\/fr\/actualite\/national\/tunisie-amnesty-international-denonce-le-harcelement-des-avocats\/213258\/#primaryimage"},"thumbnailUrl":"https:\/\/www.webdo.tn\/fr\/wp-content\/uploads\/2024\/03\/b8ed98ce192057b62dc5d002abdd9037.jpg","keywords":["Amnesty international","avocats","Droits Humains","Harc\u00e8lement Judiciaire","libert\u00e9 d'expression","R\u00e9pression","Tunisie"],"articleSection":["National"],"inLanguage":"fr-FR"},{"@type":"WebPage","@id":"https:\/\/www.webdo.tn\/fr\/actualite\/national\/tunisie-amnesty-international-denonce-le-harcelement-des-avocats\/213258\/","url":"https:\/\/www.webdo.tn\/fr\/actualite\/national\/tunisie-amnesty-international-denonce-le-harcelement-des-avocats\/213258\/","name":"Tunisie : Amnesty International d\u00e9nonce le harc\u00e8lement des avocats","isPartOf":{"@id":"https:\/\/www.webdo.tn\/fr\/#website"},"primaryImageOfPage":{"@id":"https:\/\/www.webdo.tn\/fr\/actualite\/national\/tunisie-amnesty-international-denonce-le-harcelement-des-avocats\/213258\/#primaryimage"},"image":{"@id":"https:\/\/www.webdo.tn\/fr\/actualite\/national\/tunisie-amnesty-international-denonce-le-harcelement-des-avocats\/213258\/#primaryimage"},"thumbnailUrl":"https:\/\/www.webdo.tn\/fr\/wp-content\/uploads\/2024\/03\/b8ed98ce192057b62dc5d002abdd9037.jpg","datePublished":"2024-03-29T10:40:00+00:00","dateModified":"2025-05-20T22:32:15+00:00","description":"Amnesty International d\u00e9nonce le harc\u00e8lement des avocats en Tunisie. Au moins 20 avocats risquent jusqu'\u00e0 20 ans de prison sous de fausses accusations.","breadcrumb":{"@id":"https:\/\/www.webdo.tn\/fr\/actualite\/national\/tunisie-amnesty-international-denonce-le-harcelement-des-avocats\/213258\/#breadcrumb"},"inLanguage":"fr-FR","potentialAction":[{"@type":"ReadAction","target":["https:\/\/www.webdo.tn\/fr\/actualite\/national\/tunisie-amnesty-international-denonce-le-harcelement-des-avocats\/213258\/"]}]},{"@type":"ImageObject","inLanguage":"fr-FR","@id":"https:\/\/www.webdo.tn\/fr\/actualite\/national\/tunisie-amnesty-international-denonce-le-harcelement-des-avocats\/213258\/#primaryimage","url":"https:\/\/www.webdo.tn\/fr\/wp-content\/uploads\/2024\/03\/b8ed98ce192057b62dc5d002abdd9037.jpg","contentUrl":"https:\/\/www.webdo.tn\/fr\/wp-content\/uploads\/2024\/03\/b8ed98ce192057b62dc5d002abdd9037.jpg","width":750,"height":400,"caption":"Tunisie : Amnesty International d\u00e9nonce le harc\u00e8lement des avocats"},{"@type":"BreadcrumbList","@id":"https:\/\/www.webdo.tn\/fr\/actualite\/national\/tunisie-amnesty-international-denonce-le-harcelement-des-avocats\/213258\/#breadcrumb","itemListElement":[{"@type":"ListItem","position":1,"name":"Accueil","item":"https:\/\/www.webdo.tn\/fr\/"},{"@type":"ListItem","position":2,"name":"Tunisie : Amnesty International d\u00e9nonce le harc\u00e8lement des avocats"}]},{"@type":"WebSite","@id":"https:\/\/www.webdo.tn\/fr\/#website","url":"https:\/\/www.webdo.tn\/fr\/","name":"webdo","description":"Tunisie - News en Tunisie et \u00e0 l&#039;international sur Webdo.tn","publisher":{"@id":"https:\/\/www.webdo.tn\/fr\/#organization"},"potentialAction":[{"@type":"SearchAction","target":{"@type":"EntryPoint","urlTemplate":"https:\/\/www.webdo.tn\/fr\/?s={search_term_string}"},"query-input":{"@type":"PropertyValueSpecification","valueRequired":true,"valueName":"search_term_string"}}],"inLanguage":"fr-FR"},{"@type":"Organization","@id":"https:\/\/www.webdo.tn\/fr\/#organization","name":"Webdo","alternateName":"Webdo.tn","url":"https:\/\/www.webdo.tn\/fr\/","logo":{"@type":"ImageObject","inLanguage":"fr-FR","@id":"https:\/\/www.webdo.tn\/fr\/#\/schema\/logo\/image\/","url":"https:\/\/www.webdo.tn\/fr\/wp-content\/uploads\/2025\/06\/Webdo-Tunisie_168377.jpg","contentUrl":"https:\/\/www.webdo.tn\/fr\/wp-content\/uploads\/2025\/06\/Webdo-Tunisie_168377.jpg","width":301,"height":301,"caption":"Webdo"},"image":{"@id":"https:\/\/www.webdo.tn\/fr\/#\/schema\/logo\/image\/"},"sameAs":["https:\/\/www.facebook.com\/webdotn","https:\/\/x.com\/webdo_tn"],"description":"Webdo est un m\u00e9dia num\u00e9rique tunisien fond\u00e9 en 2010, sp\u00e9cialis\u00e9 dans l\u2019actualit\u00e9 nationale et internationale, l\u2019\u00e9conomie, la soci\u00e9t\u00e9 et les analyses politiques. Le site s\u2019adresse \u00e0 un large public francophone et couvre l\u2019information tunisienne en temps r\u00e9el.","email":"redac@webdo.tn","legalName":"YNJ SARL","foundingDate":"2010-09-06","numberOfEmployees":{"@type":"QuantitativeValue","minValue":"11","maxValue":"50"}},{"@type":"Person","@id":"https:\/\/www.webdo.tn\/fr\/#\/schema\/person\/1f4e491e0907b413d61089e8eb573acc","name":"Webdo","image":{"@type":"ImageObject","inLanguage":"fr-FR","@id":"https:\/\/secure.gravatar.com\/avatar\/de97aeec1bb80978a9dbb127e47dfc88aaacb2f3c29aac907d8d3222e3495d49?s=96&d=mm&r=g","url":"https:\/\/secure.gravatar.com\/avatar\/de97aeec1bb80978a9dbb127e47dfc88aaacb2f3c29aac907d8d3222e3495d49?s=96&d=mm&r=g","contentUrl":"https:\/\/secure.gravatar.com\/avatar\/de97aeec1bb80978a9dbb127e47dfc88aaacb2f3c29aac907d8d3222e3495d49?s=96&d=mm&r=g","caption":"Webdo"},"url":"https:\/\/www.webdo.tn\/fr\/actualite\/author\/webdo\/"}]}},"_links":{"self":[{"href":"https:\/\/www.webdo.tn\/fr\/wp-json\/wp\/v2\/posts\/213258","targetHints":{"allow":["GET"]}}],"collection":[{"href":"https:\/\/www.webdo.tn\/fr\/wp-json\/wp\/v2\/posts"}],"about":[{"href":"https:\/\/www.webdo.tn\/fr\/wp-json\/wp\/v2\/types\/post"}],"author":[{"embeddable":true,"href":"https:\/\/www.webdo.tn\/fr\/wp-json\/wp\/v2\/users\/3169"}],"replies":[{"embeddable":true,"href":"https:\/\/www.webdo.tn\/fr\/wp-json\/wp\/v2\/comments?post=213258"}],"version-history":[{"count":0,"href":"https:\/\/www.webdo.tn\/fr\/wp-json\/wp\/v2\/posts\/213258\/revisions"}],"wp:featuredmedia":[{"embeddable":true,"href":"https:\/\/www.webdo.tn\/fr\/wp-json\/wp\/v2\/media\/247685"}],"wp:attachment":[{"href":"https:\/\/www.webdo.tn\/fr\/wp-json\/wp\/v2\/media?parent=213258"}],"wp:term":[{"taxonomy":"category","embeddable":true,"href":"https:\/\/www.webdo.tn\/fr\/wp-json\/wp\/v2\/categories?post=213258"},{"taxonomy":"post_tag","embeddable":true,"href":"https:\/\/www.webdo.tn\/fr\/wp-json\/wp\/v2\/tags?post=213258"}],"curies":[{"name":"wp","href":"https:\/\/api.w.org\/{rel}","templated":true}]}}