{"id":213250,"date":"2024-03-29T08:45:00","date_gmt":"2024-03-29T08:45:00","guid":{"rendered":"https:\/\/www.webdo.tn\/fr\/blog\/tunisie-deux-nouveaux-delegues-demis-de-leurs-fonctions\/213250\/"},"modified":"2025-05-20T22:12:34","modified_gmt":"2025-05-20T22:12:34","slug":"tunisie-deux-nouveaux-delegues-demis-de-leurs-fonctions","status":"publish","type":"post","link":"https:\/\/www.webdo.tn\/fr\/actualite\/national\/tunisie-deux-nouveaux-delegues-demis-de-leurs-fonctions\/213250\/","title":{"rendered":"Tunisie : Deux nouveaux d\u00e9l\u00e9gu\u00e9s d\u00e9mis de leurs fonctions"},"content":{"rendered":"<p>La liste des d\u00e9l\u00e9gu\u00e9s d\u00e9mis de leurs fonctions continue de s\u2019allonger, ces derniers temps. Pas moins de six ont quitt\u00e9 leur poste cette semaine !<\/p>\n<p>\t\t\t\t\t\t\t\t\tDepuis mardi 26 mars 2024, la liste des d\u00e9l\u00e9gu\u00e9s qui quittent leur poste s\u2019allonge. Six sont partis, cinq ont \u00e9t\u00e9 limog\u00e9s et un sixi\u00e8me a d\u00e9missionn\u00e9.<\/p>\n<p>Le ministre de l&rsquo;Int\u00e9rieur a mis fin, hier au mandat de deux d\u00e9l\u00e9gu\u00e9s. Le premier d\u00e9l\u00e9gu\u00e9 du gouvernorat de Sfax a \u00e9t\u00e9 limog\u00e9, a annonc\u00e9 le minist\u00e8re de l&rsquo;Int\u00e9rieur, dans la soir\u00e9e de jeudi 28 mars 2024. Il a \u00e9t\u00e9 remplac\u00e9 par Mohamed Nafti Kdouda.<\/p>\n<p>Par ailleurs, le premier d\u00e9l\u00e9gu\u00e9 du gouvernorat de Kairouan, Chedly Jhinaoui, a \u00e9t\u00e9 d\u00e9mis de ses fonctions et remplac\u00e9 par Sami Ayadi, secr\u00e9taire g\u00e9n\u00e9ral du gouvernorat, a \u00e9galement annonc\u00e9 le d\u00e9partement de l\u2019Int\u00e9rieur.<\/p>\n<p>A noter que Kairouan est toujours sans gouverneur depuis le limogeage de Mohamed Bourguiba de son poste par le pr\u00e9sident de la R\u00e9publique, Kais Saied en ao\u00fbt dernier.<\/p>\n<p>Mardi dernier, le ministre de l&rsquo;Int\u00e9rieur a mis fin, au mandat de deux d\u00e9l\u00e9gu\u00e9s. Lotfi Mrabet, premier d\u00e9l\u00e9gu\u00e9 du gouvernorat de Gab\u00e8s et Zine Akaichi, d\u00e9l\u00e9gu\u00e9 du district de Beja Nord. Le minist\u00e8re de l&rsquo;Int\u00e9rieur a \u00e9galement d\u00e9mis de ses fonctions le d\u00e9l\u00e9gu\u00e9 de Hassi El Frid (gouvernorat de Kasserine).<\/p>\n<p>Par ailleurs, Takieddine Boussalmi, d\u00e9l\u00e9gu\u00e9 d&rsquo;Etadhamen dans le gouvernorat de l&rsquo;Ariana a d\u00e9missionn\u00e9.<\/p>\n","protected":false},"excerpt":{"rendered":"<p>Depuis mardi 26 mars 2024, la liste des d\u00e9l\u00e9gu\u00e9s qui quittent leur poste s\u2019allonge. Six sont partis, cinq ont \u00e9t\u00e9 limog\u00e9s et un sixi\u00e8me a d\u00e9missionn\u00e9.<\/p>\n","protected":false},"author":3162,"featured_media":290412,"comment_status":"open","ping_status":"closed","sticky":false,"template":"","format":"standard","meta":{"footnotes":""},"categories":[44],"tags":[5764,5024,2608],"class_list":["post-213250","post","type-post","status-publish","format-standard","has-post-thumbnail","hentry","category-national","tag-delegue","tag-limogeage","tag-tunisie"],"yoast_head":"<!-- This site is optimized with the Yoast SEO Premium plugin v27.5 (Yoast SEO v27.5) - https:\/\/yoast.com\/product\/yoast-seo-premium-wordpress\/ -->\n<title>Tunisie : Deux nouveaux d\u00e9l\u00e9gu\u00e9s d\u00e9mis de leurs fonctions<\/title>\n<meta name=\"description\" content=\"Depuis mardi 26 mars 2024, la liste des d\u00e9l\u00e9gu\u00e9s qui quittent leur poste s\u2019allonge. Six sont partis, cinq ont \u00e9t\u00e9 limog\u00e9s et un sixi\u00e8me a d\u00e9missionn\u00e9.\" \/>\n<link rel=\"canonical\" href=\"https:\/\/www.webdo.tn\/fr\/actualite\/national\/tunisie-deux-nouveaux-delegues-demis-de-leurs-fonctions\/213250\/\" \/>\n<meta property=\"og:locale\" content=\"fr_FR\" \/>\n<meta property=\"og:type\" content=\"article\" \/>\n<meta property=\"og:title\" content=\"Tunisie : Deux nouveaux d\u00e9l\u00e9gu\u00e9s d\u00e9mis de leurs fonctions\" \/>\n<meta property=\"og:description\" content=\"Depuis mardi 26 mars 2024, la liste des d\u00e9l\u00e9gu\u00e9s qui quittent leur poste s\u2019allonge. Six sont partis, cinq ont \u00e9t\u00e9 limog\u00e9s et un sixi\u00e8me a d\u00e9missionn\u00e9.\" \/>\n<meta property=\"og:url\" content=\"https:\/\/www.webdo.tn\/fr\/actualite\/national\/tunisie-deux-nouveaux-delegues-demis-de-leurs-fonctions\/213250\/\" \/>\n<meta property=\"og:site_name\" content=\"webdo\" \/>\n<meta property=\"article:publisher\" content=\"https:\/\/www.facebook.com\/webdotn\" \/>\n<meta property=\"article:published_time\" content=\"2024-03-29T08:45:00+00:00\" \/>\n<meta property=\"article:modified_time\" content=\"2025-05-20T22:12:34+00:00\" \/>\n<meta property=\"og:image\" content=\"https:\/\/www.webdo.tn\/fr\/wp-content\/uploads\/2024\/03\/3112e7a431fa15e2a16c075173ceebfb.jpg\" \/>\n\t<meta property=\"og:image:width\" content=\"640\" \/>\n\t<meta property=\"og:image:height\" content=\"341\" \/>\n\t<meta property=\"og:image:type\" content=\"image\/jpeg\" \/>\n<meta name=\"author\" content=\"MC\" \/>\n<meta name=\"twitter:card\" content=\"summary_large_image\" \/>\n<meta name=\"twitter:creator\" content=\"@webdo_tn\" \/>\n<meta name=\"twitter:site\" content=\"@webdo_tn\" \/>\n<meta name=\"twitter:label1\" content=\"\u00c9crit par\" \/>\n\t<meta name=\"twitter:data1\" content=\"MC\" \/>\n\t<meta name=\"twitter:label2\" content=\"Dur\u00e9e de lecture estim\u00e9e\" \/>\n\t<meta name=\"twitter:data2\" content=\"1 minute\" \/>\n<script type=\"application\/ld+json\" class=\"yoast-schema-graph\">{\"@context\":\"https:\\\/\\\/schema.org\",\"@graph\":[{\"@type\":\"NewsArticle\",\"@id\":\"https:\\\/\\\/www.webdo.tn\\\/fr\\\/actualite\\\/national\\\/tunisie-deux-nouveaux-delegues-demis-de-leurs-fonctions\\\/213250\\\/#article\",\"isPartOf\":{\"@id\":\"https:\\\/\\\/www.webdo.tn\\\/fr\\\/actualite\\\/national\\\/tunisie-deux-nouveaux-delegues-demis-de-leurs-fonctions\\\/213250\\\/\"},\"author\":{\"name\":\"MC\",\"@id\":\"https:\\\/\\\/www.webdo.tn\\\/fr\\\/#\\\/schema\\\/person\\\/2c4929cbf5a809e3bd38617c6ce150f6\"},\"headline\":\"Tunisie : Deux nouveaux d\u00e9l\u00e9gu\u00e9s d\u00e9mis de leurs fonctions\",\"datePublished\":\"2024-03-29T08:45:00+00:00\",\"dateModified\":\"2025-05-20T22:12:34+00:00\",\"mainEntityOfPage\":{\"@id\":\"https:\\\/\\\/www.webdo.tn\\\/fr\\\/actualite\\\/national\\\/tunisie-deux-nouveaux-delegues-demis-de-leurs-fonctions\\\/213250\\\/\"},\"wordCount\":283,\"commentCount\":0,\"publisher\":{\"@id\":\"https:\\\/\\\/www.webdo.tn\\\/fr\\\/#organization\"},\"image\":{\"@id\":\"https:\\\/\\\/www.webdo.tn\\\/fr\\\/actualite\\\/national\\\/tunisie-deux-nouveaux-delegues-demis-de-leurs-fonctions\\\/213250\\\/#primaryimage\"},\"thumbnailUrl\":\"https:\\\/\\\/www.webdo.tn\\\/fr\\\/wp-content\\\/uploads\\\/2024\\\/03\\\/3112e7a431fa15e2a16c075173ceebfb.jpg\",\"keywords\":[\"d\u00e9l\u00e9gu\u00e9\",\"Limogeage\",\"Tunisie\"],\"articleSection\":[\"National\"],\"inLanguage\":\"fr-FR\"},{\"@type\":\"WebPage\",\"@id\":\"https:\\\/\\\/www.webdo.tn\\\/fr\\\/actualite\\\/national\\\/tunisie-deux-nouveaux-delegues-demis-de-leurs-fonctions\\\/213250\\\/\",\"url\":\"https:\\\/\\\/www.webdo.tn\\\/fr\\\/actualite\\\/national\\\/tunisie-deux-nouveaux-delegues-demis-de-leurs-fonctions\\\/213250\\\/\",\"name\":\"Tunisie : Deux nouveaux d\u00e9l\u00e9gu\u00e9s d\u00e9mis de leurs fonctions\",\"isPartOf\":{\"@id\":\"https:\\\/\\\/www.webdo.tn\\\/fr\\\/#website\"},\"primaryImageOfPage\":{\"@id\":\"https:\\\/\\\/www.webdo.tn\\\/fr\\\/actualite\\\/national\\\/tunisie-deux-nouveaux-delegues-demis-de-leurs-fonctions\\\/213250\\\/#primaryimage\"},\"image\":{\"@id\":\"https:\\\/\\\/www.webdo.tn\\\/fr\\\/actualite\\\/national\\\/tunisie-deux-nouveaux-delegues-demis-de-leurs-fonctions\\\/213250\\\/#primaryimage\"},\"thumbnailUrl\":\"https:\\\/\\\/www.webdo.tn\\\/fr\\\/wp-content\\\/uploads\\\/2024\\\/03\\\/3112e7a431fa15e2a16c075173ceebfb.jpg\",\"datePublished\":\"2024-03-29T08:45:00+00:00\",\"dateModified\":\"2025-05-20T22:12:34+00:00\",\"description\":\"Depuis mardi 26 mars 2024, la liste des d\u00e9l\u00e9gu\u00e9s qui quittent leur poste s\u2019allonge. Six sont partis, cinq ont \u00e9t\u00e9 limog\u00e9s et un sixi\u00e8me a d\u00e9missionn\u00e9.\",\"breadcrumb\":{\"@id\":\"https:\\\/\\\/www.webdo.tn\\\/fr\\\/actualite\\\/national\\\/tunisie-deux-nouveaux-delegues-demis-de-leurs-fonctions\\\/213250\\\/#breadcrumb\"},\"inLanguage\":\"fr-FR\",\"potentialAction\":[{\"@type\":\"ReadAction\",\"target\":[\"https:\\\/\\\/www.webdo.tn\\\/fr\\\/actualite\\\/national\\\/tunisie-deux-nouveaux-delegues-demis-de-leurs-fonctions\\\/213250\\\/\"]}]},{\"@type\":\"ImageObject\",\"inLanguage\":\"fr-FR\",\"@id\":\"https:\\\/\\\/www.webdo.tn\\\/fr\\\/actualite\\\/national\\\/tunisie-deux-nouveaux-delegues-demis-de-leurs-fonctions\\\/213250\\\/#primaryimage\",\"url\":\"https:\\\/\\\/www.webdo.tn\\\/fr\\\/wp-content\\\/uploads\\\/2024\\\/03\\\/3112e7a431fa15e2a16c075173ceebfb.jpg\",\"contentUrl\":\"https:\\\/\\\/www.webdo.tn\\\/fr\\\/wp-content\\\/uploads\\\/2024\\\/03\\\/3112e7a431fa15e2a16c075173ceebfb.jpg\",\"width\":640,\"height\":341,\"caption\":\"Tunisie : Deux nouveaux d\u00e9l\u00e9gu\u00e9s d\u00e9mis de leurs fonctions\"},{\"@type\":\"BreadcrumbList\",\"@id\":\"https:\\\/\\\/www.webdo.tn\\\/fr\\\/actualite\\\/national\\\/tunisie-deux-nouveaux-delegues-demis-de-leurs-fonctions\\\/213250\\\/#breadcrumb\",\"itemListElement\":[{\"@type\":\"ListItem\",\"position\":1,\"name\":\"Accueil\",\"item\":\"https:\\\/\\\/www.webdo.tn\\\/fr\\\/\"},{\"@type\":\"ListItem\",\"position\":2,\"name\":\"Tunisie : Deux nouveaux d\u00e9l\u00e9gu\u00e9s d\u00e9mis de leurs fonctions\"}]},{\"@type\":\"WebSite\",\"@id\":\"https:\\\/\\\/www.webdo.tn\\\/fr\\\/#website\",\"url\":\"https:\\\/\\\/www.webdo.tn\\\/fr\\\/\",\"name\":\"webdo\",\"description\":\"Tunisie - News en Tunisie et \u00e0 l&#039;international sur Webdo.tn\",\"publisher\":{\"@id\":\"https:\\\/\\\/www.webdo.tn\\\/fr\\\/#organization\"},\"potentialAction\":[{\"@type\":\"SearchAction\",\"target\":{\"@type\":\"EntryPoint\",\"urlTemplate\":\"https:\\\/\\\/www.webdo.tn\\\/fr\\\/?s={search_term_string}\"},\"query-input\":{\"@type\":\"PropertyValueSpecification\",\"valueRequired\":true,\"valueName\":\"search_term_string\"}}],\"inLanguage\":\"fr-FR\"},{\"@type\":\"Organization\",\"@id\":\"https:\\\/\\\/www.webdo.tn\\\/fr\\\/#organization\",\"name\":\"Webdo\",\"alternateName\":\"Webdo.tn\",\"url\":\"https:\\\/\\\/www.webdo.tn\\\/fr\\\/\",\"logo\":{\"@type\":\"ImageObject\",\"inLanguage\":\"fr-FR\",\"@id\":\"https:\\\/\\\/www.webdo.tn\\\/fr\\\/#\\\/schema\\\/logo\\\/image\\\/\",\"url\":\"https:\\\/\\\/www.webdo.tn\\\/fr\\\/wp-content\\\/uploads\\\/2025\\\/06\\\/Webdo-Tunisie_168377.jpg\",\"contentUrl\":\"https:\\\/\\\/www.webdo.tn\\\/fr\\\/wp-content\\\/uploads\\\/2025\\\/06\\\/Webdo-Tunisie_168377.jpg\",\"width\":301,\"height\":301,\"caption\":\"Webdo\"},\"image\":{\"@id\":\"https:\\\/\\\/www.webdo.tn\\\/fr\\\/#\\\/schema\\\/logo\\\/image\\\/\"},\"sameAs\":[\"https:\\\/\\\/www.facebook.com\\\/webdotn\",\"https:\\\/\\\/x.com\\\/webdo_tn\"],\"description\":\"Webdo est un m\u00e9dia num\u00e9rique tunisien fond\u00e9 en 2010, sp\u00e9cialis\u00e9 dans l\u2019actualit\u00e9 nationale et internationale, l\u2019\u00e9conomie, la soci\u00e9t\u00e9 et les analyses politiques. Le site s\u2019adresse \u00e0 un large public francophone et couvre l\u2019information tunisienne en temps r\u00e9el.\",\"email\":\"redac@webdo.tn\",\"legalName\":\"YNJ SARL\",\"foundingDate\":\"2010-09-06\",\"numberOfEmployees\":{\"@type\":\"QuantitativeValue\",\"minValue\":\"11\",\"maxValue\":\"50\"}},{\"@type\":\"Person\",\"@id\":\"https:\\\/\\\/www.webdo.tn\\\/fr\\\/#\\\/schema\\\/person\\\/2c4929cbf5a809e3bd38617c6ce150f6\",\"name\":\"MC\",\"image\":{\"@type\":\"ImageObject\",\"inLanguage\":\"fr-FR\",\"@id\":\"https:\\\/\\\/secure.gravatar.com\\\/avatar\\\/a545bbb6f84efdd5553dbbc2895e3ca8f1d12c5215e00a041c9670b54aa9b18a?s=96&d=mm&r=g\",\"url\":\"https:\\\/\\\/secure.gravatar.com\\\/avatar\\\/a545bbb6f84efdd5553dbbc2895e3ca8f1d12c5215e00a041c9670b54aa9b18a?s=96&d=mm&r=g\",\"contentUrl\":\"https:\\\/\\\/secure.gravatar.com\\\/avatar\\\/a545bbb6f84efdd5553dbbc2895e3ca8f1d12c5215e00a041c9670b54aa9b18a?s=96&d=mm&r=g\",\"caption\":\"MC\"},\"url\":\"https:\\\/\\\/www.webdo.tn\\\/fr\\\/actualite\\\/author\\\/mc\\\/\"}]}<\/script>\n<!-- \/ Yoast SEO Premium plugin. -->","yoast_head_json":{"title":"Tunisie : Deux nouveaux d\u00e9l\u00e9gu\u00e9s d\u00e9mis de leurs fonctions","description":"Depuis mardi 26 mars 2024, la liste des d\u00e9l\u00e9gu\u00e9s qui quittent leur poste s\u2019allonge. Six sont partis, cinq ont \u00e9t\u00e9 limog\u00e9s et un sixi\u00e8me a d\u00e9missionn\u00e9.","canonical":"https:\/\/www.webdo.tn\/fr\/actualite\/national\/tunisie-deux-nouveaux-delegues-demis-de-leurs-fonctions\/213250\/","og_locale":"fr_FR","og_type":"article","og_title":"Tunisie : Deux nouveaux d\u00e9l\u00e9gu\u00e9s d\u00e9mis de leurs fonctions","og_description":"Depuis mardi 26 mars 2024, la liste des d\u00e9l\u00e9gu\u00e9s qui quittent leur poste s\u2019allonge. Six sont partis, cinq ont \u00e9t\u00e9 limog\u00e9s et un sixi\u00e8me a d\u00e9missionn\u00e9.","og_url":"https:\/\/www.webdo.tn\/fr\/actualite\/national\/tunisie-deux-nouveaux-delegues-demis-de-leurs-fonctions\/213250\/","og_site_name":"webdo","article_publisher":"https:\/\/www.facebook.com\/webdotn","article_published_time":"2024-03-29T08:45:00+00:00","article_modified_time":"2025-05-20T22:12:34+00:00","og_image":[{"width":640,"height":341,"url":"https:\/\/www.webdo.tn\/fr\/wp-content\/uploads\/2024\/03\/3112e7a431fa15e2a16c075173ceebfb.jpg","type":"image\/jpeg"}],"author":"MC","twitter_card":"summary_large_image","twitter_creator":"@webdo_tn","twitter_site":"@webdo_tn","twitter_misc":{"\u00c9crit par":"MC","Dur\u00e9e de lecture estim\u00e9e":"1 minute"},"schema":{"@context":"https:\/\/schema.org","@graph":[{"@type":"NewsArticle","@id":"https:\/\/www.webdo.tn\/fr\/actualite\/national\/tunisie-deux-nouveaux-delegues-demis-de-leurs-fonctions\/213250\/#article","isPartOf":{"@id":"https:\/\/www.webdo.tn\/fr\/actualite\/national\/tunisie-deux-nouveaux-delegues-demis-de-leurs-fonctions\/213250\/"},"author":{"name":"MC","@id":"https:\/\/www.webdo.tn\/fr\/#\/schema\/person\/2c4929cbf5a809e3bd38617c6ce150f6"},"headline":"Tunisie : Deux nouveaux d\u00e9l\u00e9gu\u00e9s d\u00e9mis de leurs fonctions","datePublished":"2024-03-29T08:45:00+00:00","dateModified":"2025-05-20T22:12:34+00:00","mainEntityOfPage":{"@id":"https:\/\/www.webdo.tn\/fr\/actualite\/national\/tunisie-deux-nouveaux-delegues-demis-de-leurs-fonctions\/213250\/"},"wordCount":283,"commentCount":0,"publisher":{"@id":"https:\/\/www.webdo.tn\/fr\/#organization"},"image":{"@id":"https:\/\/www.webdo.tn\/fr\/actualite\/national\/tunisie-deux-nouveaux-delegues-demis-de-leurs-fonctions\/213250\/#primaryimage"},"thumbnailUrl":"https:\/\/www.webdo.tn\/fr\/wp-content\/uploads\/2024\/03\/3112e7a431fa15e2a16c075173ceebfb.jpg","keywords":["d\u00e9l\u00e9gu\u00e9","Limogeage","Tunisie"],"articleSection":["National"],"inLanguage":"fr-FR"},{"@type":"WebPage","@id":"https:\/\/www.webdo.tn\/fr\/actualite\/national\/tunisie-deux-nouveaux-delegues-demis-de-leurs-fonctions\/213250\/","url":"https:\/\/www.webdo.tn\/fr\/actualite\/national\/tunisie-deux-nouveaux-delegues-demis-de-leurs-fonctions\/213250\/","name":"Tunisie : Deux nouveaux d\u00e9l\u00e9gu\u00e9s d\u00e9mis de leurs fonctions","isPartOf":{"@id":"https:\/\/www.webdo.tn\/fr\/#website"},"primaryImageOfPage":{"@id":"https:\/\/www.webdo.tn\/fr\/actualite\/national\/tunisie-deux-nouveaux-delegues-demis-de-leurs-fonctions\/213250\/#primaryimage"},"image":{"@id":"https:\/\/www.webdo.tn\/fr\/actualite\/national\/tunisie-deux-nouveaux-delegues-demis-de-leurs-fonctions\/213250\/#primaryimage"},"thumbnailUrl":"https:\/\/www.webdo.tn\/fr\/wp-content\/uploads\/2024\/03\/3112e7a431fa15e2a16c075173ceebfb.jpg","datePublished":"2024-03-29T08:45:00+00:00","dateModified":"2025-05-20T22:12:34+00:00","description":"Depuis mardi 26 mars 2024, la liste des d\u00e9l\u00e9gu\u00e9s qui quittent leur poste s\u2019allonge. Six sont partis, cinq ont \u00e9t\u00e9 limog\u00e9s et un sixi\u00e8me a d\u00e9missionn\u00e9.","breadcrumb":{"@id":"https:\/\/www.webdo.tn\/fr\/actualite\/national\/tunisie-deux-nouveaux-delegues-demis-de-leurs-fonctions\/213250\/#breadcrumb"},"inLanguage":"fr-FR","potentialAction":[{"@type":"ReadAction","target":["https:\/\/www.webdo.tn\/fr\/actualite\/national\/tunisie-deux-nouveaux-delegues-demis-de-leurs-fonctions\/213250\/"]}]},{"@type":"ImageObject","inLanguage":"fr-FR","@id":"https:\/\/www.webdo.tn\/fr\/actualite\/national\/tunisie-deux-nouveaux-delegues-demis-de-leurs-fonctions\/213250\/#primaryimage","url":"https:\/\/www.webdo.tn\/fr\/wp-content\/uploads\/2024\/03\/3112e7a431fa15e2a16c075173ceebfb.jpg","contentUrl":"https:\/\/www.webdo.tn\/fr\/wp-content\/uploads\/2024\/03\/3112e7a431fa15e2a16c075173ceebfb.jpg","width":640,"height":341,"caption":"Tunisie : Deux nouveaux d\u00e9l\u00e9gu\u00e9s d\u00e9mis de leurs fonctions"},{"@type":"BreadcrumbList","@id":"https:\/\/www.webdo.tn\/fr\/actualite\/national\/tunisie-deux-nouveaux-delegues-demis-de-leurs-fonctions\/213250\/#breadcrumb","itemListElement":[{"@type":"ListItem","position":1,"name":"Accueil","item":"https:\/\/www.webdo.tn\/fr\/"},{"@type":"ListItem","position":2,"name":"Tunisie : Deux nouveaux d\u00e9l\u00e9gu\u00e9s d\u00e9mis de leurs fonctions"}]},{"@type":"WebSite","@id":"https:\/\/www.webdo.tn\/fr\/#website","url":"https:\/\/www.webdo.tn\/fr\/","name":"webdo","description":"Tunisie - News en Tunisie et \u00e0 l&#039;international sur Webdo.tn","publisher":{"@id":"https:\/\/www.webdo.tn\/fr\/#organization"},"potentialAction":[{"@type":"SearchAction","target":{"@type":"EntryPoint","urlTemplate":"https:\/\/www.webdo.tn\/fr\/?s={search_term_string}"},"query-input":{"@type":"PropertyValueSpecification","valueRequired":true,"valueName":"search_term_string"}}],"inLanguage":"fr-FR"},{"@type":"Organization","@id":"https:\/\/www.webdo.tn\/fr\/#organization","name":"Webdo","alternateName":"Webdo.tn","url":"https:\/\/www.webdo.tn\/fr\/","logo":{"@type":"ImageObject","inLanguage":"fr-FR","@id":"https:\/\/www.webdo.tn\/fr\/#\/schema\/logo\/image\/","url":"https:\/\/www.webdo.tn\/fr\/wp-content\/uploads\/2025\/06\/Webdo-Tunisie_168377.jpg","contentUrl":"https:\/\/www.webdo.tn\/fr\/wp-content\/uploads\/2025\/06\/Webdo-Tunisie_168377.jpg","width":301,"height":301,"caption":"Webdo"},"image":{"@id":"https:\/\/www.webdo.tn\/fr\/#\/schema\/logo\/image\/"},"sameAs":["https:\/\/www.facebook.com\/webdotn","https:\/\/x.com\/webdo_tn"],"description":"Webdo est un m\u00e9dia num\u00e9rique tunisien fond\u00e9 en 2010, sp\u00e9cialis\u00e9 dans l\u2019actualit\u00e9 nationale et internationale, l\u2019\u00e9conomie, la soci\u00e9t\u00e9 et les analyses politiques. Le site s\u2019adresse \u00e0 un large public francophone et couvre l\u2019information tunisienne en temps r\u00e9el.","email":"redac@webdo.tn","legalName":"YNJ SARL","foundingDate":"2010-09-06","numberOfEmployees":{"@type":"QuantitativeValue","minValue":"11","maxValue":"50"}},{"@type":"Person","@id":"https:\/\/www.webdo.tn\/fr\/#\/schema\/person\/2c4929cbf5a809e3bd38617c6ce150f6","name":"MC","image":{"@type":"ImageObject","inLanguage":"fr-FR","@id":"https:\/\/secure.gravatar.com\/avatar\/a545bbb6f84efdd5553dbbc2895e3ca8f1d12c5215e00a041c9670b54aa9b18a?s=96&d=mm&r=g","url":"https:\/\/secure.gravatar.com\/avatar\/a545bbb6f84efdd5553dbbc2895e3ca8f1d12c5215e00a041c9670b54aa9b18a?s=96&d=mm&r=g","contentUrl":"https:\/\/secure.gravatar.com\/avatar\/a545bbb6f84efdd5553dbbc2895e3ca8f1d12c5215e00a041c9670b54aa9b18a?s=96&d=mm&r=g","caption":"MC"},"url":"https:\/\/www.webdo.tn\/fr\/actualite\/author\/mc\/"}]}},"_links":{"self":[{"href":"https:\/\/www.webdo.tn\/fr\/wp-json\/wp\/v2\/posts\/213250","targetHints":{"allow":["GET"]}}],"collection":[{"href":"https:\/\/www.webdo.tn\/fr\/wp-json\/wp\/v2\/posts"}],"about":[{"href":"https:\/\/www.webdo.tn\/fr\/wp-json\/wp\/v2\/types\/post"}],"author":[{"embeddable":true,"href":"https:\/\/www.webdo.tn\/fr\/wp-json\/wp\/v2\/users\/3162"}],"replies":[{"embeddable":true,"href":"https:\/\/www.webdo.tn\/fr\/wp-json\/wp\/v2\/comments?post=213250"}],"version-history":[{"count":0,"href":"https:\/\/www.webdo.tn\/fr\/wp-json\/wp\/v2\/posts\/213250\/revisions"}],"wp:featuredmedia":[{"embeddable":true,"href":"https:\/\/www.webdo.tn\/fr\/wp-json\/wp\/v2\/media\/290412"}],"wp:attachment":[{"href":"https:\/\/www.webdo.tn\/fr\/wp-json\/wp\/v2\/media?parent=213250"}],"wp:term":[{"taxonomy":"category","embeddable":true,"href":"https:\/\/www.webdo.tn\/fr\/wp-json\/wp\/v2\/categories?post=213250"},{"taxonomy":"post_tag","embeddable":true,"href":"https:\/\/www.webdo.tn\/fr\/wp-json\/wp\/v2\/tags?post=213250"}],"curies":[{"name":"wp","href":"https:\/\/api.w.org\/{rel}","templated":true}]}}