{"id":213242,"date":"2024-03-28T12:34:00","date_gmt":"2024-03-28T12:34:00","guid":{"rendered":"https:\/\/www.webdo.tn\/fr\/blog\/acces-au-marche-du-travail-suisse-pour-les-tunisiens\/213242\/"},"modified":"2025-05-20T22:33:36","modified_gmt":"2025-05-20T22:33:36","slug":"acces-au-marche-du-travail-suisse-pour-les-tunisiens","status":"publish","type":"post","link":"https:\/\/www.webdo.tn\/fr\/actualite\/national\/acces-au-marche-du-travail-suisse-pour-les-tunisiens\/213242\/","title":{"rendered":"Acc\u00e8s au march\u00e9 du travail suisse pour les Tunisiens : Opportunit\u00e9s et perspectives"},"content":{"rendered":"<p>En janvier 2024, le projet \u00ab\u00a0Perspectives\u00a0\u00bb a \u00e9t\u00e9 officiellement lanc\u00e9, soutenu par la Suisse et approuv\u00e9 par le minist\u00e8re tunisien de l&rsquo;Emploi et de la Formation professionnelle. Son objectif principal : ouvrir davantage de portes aux jeunes Tunisiens pour des stages en Suisse, en leur offrant une pr\u00e9paration pr\u00e9-d\u00e9part et un suivi personnalis\u00e9. Dans cette optique, Webdo a contact\u00e9 l&rsquo;ambassade suisse pour obtenir des d\u00e9tails sur les proc\u00e9dures de visa, en particulier pour les Tunisiens cherchant des opportunit\u00e9s professionnelles. Voici les informations fournies par l&rsquo;ambassade suisse \u00e0 ce sujet.<\/p>\n<p>\t\t\t\t\t\t\t\t\tL&rsquo;acc\u00e8s au march\u00e9 du travail suisse pour les ressortissants des \u00c9tats non-membres de l&rsquo;UE ou de l&rsquo;AELE est conditionn\u00e9 \u00e0 des crit\u00e8res sp\u00e9cifiques, mais des opportunit\u00e9s significatives sont offertes pour les individus hautement qualifi\u00e9s ainsi que pour les jeunes professionnels en qu\u00eate d&rsquo;exp\u00e9rience et de d\u00e9veloppement professionnel.<\/p>\n<p>Voici un aper\u00e7u des processus et des opportunit\u00e9s disponibles :<\/p>\n<p>Admission pour les personnes tr\u00e8s qualifi\u00e9es<\/p>\n<p>Pour les cadres et les sp\u00e9cialistes, notamment les dipl\u00f4m\u00e9s de l&rsquo;enseignement sup\u00e9rieur avec plusieurs ann\u00e9es d&rsquo;exp\u00e9rience professionnelle, l&rsquo;admission au march\u00e9 du travail suisse peut \u00eatre autoris\u00e9e en nombre limit\u00e9. Le processus comprend une d\u00e9monstration par l&#8217;employeur potentiel que le personnel requis ne peut pas \u00eatre recrut\u00e9 localement ou dans les pays membres de l&rsquo;UE ou de l&rsquo;AELE.<\/p>\n<p>Apr\u00e8s approbation, une demande d&rsquo;autorisation de travail est soumise \u00e0 l&rsquo;autorit\u00e9 cantonale comp\u00e9tente, puis examin\u00e9e par le Secr\u00e9tariat d\u2019Etat aux migrations (SEM) pour approbation. Sur cette base, un visa national de long s\u00e9jour (visa D) peut \u00eatre octroy\u00e9.<\/p>\n<p>En 2023, l&rsquo;Ambassade de Suisse en Tunisie a octroy\u00e9 555 visas nationaux de long s\u00e9jour, dont 78 sur la base de cette autorisation sp\u00e9cifique en soulignant que ce ratio est dans les normes depuis quelques ann\u00e9es.<\/p>\n<p>Opportunit\u00e9s pour les jeunes professionnels<\/p>\n<p>Un accord d&rsquo;\u00e9change de jeunes professionnels entre la Suisse et plusieurs pays, dont la Tunisie, permet \u00e0 un maximum de 150 jeunes professionnels tunisiens \u00e2g\u00e9s de 18 \u00e0 35 ans d&rsquo;obtenir une autorisation de travail pour une dur\u00e9e maximale de 18 mois. Les autorisations sont d\u00e9livr\u00e9es par le SEM sur la base de contrats de travail avec des entreprises suisses.<\/p>\n<p>La proc\u00e9dure implique une demande initiale aupr\u00e8s du Minist\u00e8re de l\u2019Emploi et de la formation professionnelle tunisien, puis une approbation du SEM, suivie de la d\u00e9livrance d&rsquo;un visa par l&rsquo;Ambassade suisse.<\/p>\n<p>Depuis 2014, environ 170 jeunes professionnels tunisiens ont b\u00e9n\u00e9fici\u00e9 de cet accord, dans des secteurs tels que la sant\u00e9, le conseil, l&rsquo;informatique, et bien d&rsquo;autres.<\/p>\n<p>Projet Perspectives : Renforcement de la coop\u00e9ration et de l&rsquo;insertion professionnelle<\/p>\n<p>La Direction du d\u00e9veloppement et de la coop\u00e9ration (DDC) et le SEM soutiennent le projet Perspectives, mis en \u0153uvre par Swisscontact, qui vise \u00e0 dynamiser l&rsquo;accord d&rsquo;\u00e9change de jeunes professionnels et \u00e0 faciliter l&rsquo;insertion professionnelle des Tunisiens en Suisse.<\/p>\n<p>Le projet offre un soutien complet, de la pr\u00e9paration pr\u00e9-d\u00e9part \u00e0 l&rsquo;accompagnement post-stage et \u00e0 l&rsquo;insertion sur le march\u00e9 de l&#8217;emploi en Tunisie. L&rsquo;objectif est d&rsquo;accompagner 200 jeunes professionnels d&rsquo;ici 2026, tout en renfor\u00e7ant l&rsquo;\u00e9change de comp\u00e9tences et le d\u00e9veloppement de projets \u00e0 forte valeur ajout\u00e9e.<\/p>\n<p>Le projet Perspectives r\u00e9pond \u00e9galement \u00e0 la demande de la Tunisie en faveur de la migration circulaire entre les deux pays, favorisant ainsi un \u00e9change mutuellement b\u00e9n\u00e9fique de comp\u00e9tences et de savoir-faire.<\/p>\n","protected":false},"excerpt":{"rendered":"<p>D\u00e9couvrez les opportunit\u00e9s d&#8217;emploi en Suisse pour les ressortissants non-UE, des admissions pour les experts aux programmes d&rsquo;\u00e9change pour les jeunes professio&#8230;<\/p>\n","protected":false},"author":3169,"featured_media":290405,"comment_status":"open","ping_status":"closed","sticky":false,"template":"","format":"standard","meta":{"footnotes":""},"categories":[44],"tags":[10094,3049,3632,3155,2780,2608,4003],"class_list":["post-213242","post","type-post","status-publish","format-standard","has-post-thumbnail","hentry","category-national","tag-professionnels","tag-emploi","tag-immigration","tag-suisse","tag-travail","tag-tunisie","tag-visas"],"yoast_head":"<!-- This site is optimized with the Yoast SEO Premium plugin v27.5 (Yoast SEO v27.5) - https:\/\/yoast.com\/product\/yoast-seo-premium-wordpress\/ -->\n<title>Acc\u00e8s au march\u00e9 du travail suisse pour les Tunisiens : Opportunit\u00e9s et perspectives<\/title>\n<meta name=\"description\" content=\"D\u00e9couvrez les opportunit\u00e9s d&#039;emploi en Suisse pour les ressortissants non-UE, des admissions pour les experts aux programmes d&#039;\u00e9change pour les jeunes professio...\" \/>\n<link rel=\"canonical\" href=\"https:\/\/www.webdo.tn\/fr\/actualite\/national\/acces-au-marche-du-travail-suisse-pour-les-tunisiens\/213242\/\" \/>\n<meta property=\"og:locale\" content=\"fr_FR\" \/>\n<meta property=\"og:type\" content=\"article\" \/>\n<meta property=\"og:title\" content=\"Acc\u00e8s au march\u00e9 du travail suisse pour les Tunisiens : Opportunit\u00e9s et perspectives\" \/>\n<meta property=\"og:description\" content=\"D\u00e9couvrez les opportunit\u00e9s d&#039;emploi en Suisse pour les ressortissants non-UE, des admissions pour les experts aux programmes d&#039;\u00e9change pour les jeunes professio...\" \/>\n<meta property=\"og:url\" content=\"https:\/\/www.webdo.tn\/fr\/actualite\/national\/acces-au-marche-du-travail-suisse-pour-les-tunisiens\/213242\/\" \/>\n<meta property=\"og:site_name\" content=\"webdo\" \/>\n<meta property=\"article:publisher\" content=\"https:\/\/www.facebook.com\/webdotn\" \/>\n<meta property=\"article:published_time\" content=\"2024-03-28T12:34:00+00:00\" \/>\n<meta property=\"article:modified_time\" content=\"2025-05-20T22:33:36+00:00\" \/>\n<meta property=\"og:image\" content=\"https:\/\/www.webdo.tn\/fr\/wp-content\/uploads\/2024\/03\/2a072ae4a8d217ef7e7c3ed3354e6463.jpg\" \/>\n\t<meta property=\"og:image:width\" content=\"750\" \/>\n\t<meta property=\"og:image:height\" content=\"400\" \/>\n\t<meta property=\"og:image:type\" content=\"image\/jpeg\" \/>\n<meta name=\"author\" content=\"Webdo\" \/>\n<meta name=\"twitter:card\" content=\"summary_large_image\" \/>\n<meta name=\"twitter:creator\" content=\"@webdo_tn\" \/>\n<meta name=\"twitter:site\" content=\"@webdo_tn\" \/>\n<meta name=\"twitter:label1\" content=\"\u00c9crit par\" \/>\n\t<meta name=\"twitter:data1\" content=\"Webdo\" \/>\n\t<meta name=\"twitter:label2\" content=\"Dur\u00e9e de lecture estim\u00e9e\" \/>\n\t<meta name=\"twitter:data2\" content=\"3 minutes\" \/>\n<script type=\"application\/ld+json\" class=\"yoast-schema-graph\">{\"@context\":\"https:\\\/\\\/schema.org\",\"@graph\":[{\"@type\":\"NewsArticle\",\"@id\":\"https:\\\/\\\/www.webdo.tn\\\/fr\\\/actualite\\\/national\\\/acces-au-marche-du-travail-suisse-pour-les-tunisiens\\\/213242\\\/#article\",\"isPartOf\":{\"@id\":\"https:\\\/\\\/www.webdo.tn\\\/fr\\\/actualite\\\/national\\\/acces-au-marche-du-travail-suisse-pour-les-tunisiens\\\/213242\\\/\"},\"author\":{\"name\":\"Webdo\",\"@id\":\"https:\\\/\\\/www.webdo.tn\\\/fr\\\/#\\\/schema\\\/person\\\/1f4e491e0907b413d61089e8eb573acc\"},\"headline\":\"Acc\u00e8s au march\u00e9 du travail suisse pour les Tunisiens : Opportunit\u00e9s et perspectives\",\"datePublished\":\"2024-03-28T12:34:00+00:00\",\"dateModified\":\"2025-05-20T22:33:36+00:00\",\"mainEntityOfPage\":{\"@id\":\"https:\\\/\\\/www.webdo.tn\\\/fr\\\/actualite\\\/national\\\/acces-au-marche-du-travail-suisse-pour-les-tunisiens\\\/213242\\\/\"},\"wordCount\":615,\"commentCount\":0,\"publisher\":{\"@id\":\"https:\\\/\\\/www.webdo.tn\\\/fr\\\/#organization\"},\"image\":{\"@id\":\"https:\\\/\\\/www.webdo.tn\\\/fr\\\/actualite\\\/national\\\/acces-au-marche-du-travail-suisse-pour-les-tunisiens\\\/213242\\\/#primaryimage\"},\"thumbnailUrl\":\"https:\\\/\\\/www.webdo.tn\\\/fr\\\/wp-content\\\/uploads\\\/2024\\\/03\\\/2a072ae4a8d217ef7e7c3ed3354e6463.jpg\",\"keywords\":[\"'professionnels'\",\"emploi\",\"immigration\",\"suisse\",\"travail\",\"Tunisie\",\"visas\"],\"articleSection\":[\"National\"],\"inLanguage\":\"fr-FR\"},{\"@type\":\"WebPage\",\"@id\":\"https:\\\/\\\/www.webdo.tn\\\/fr\\\/actualite\\\/national\\\/acces-au-marche-du-travail-suisse-pour-les-tunisiens\\\/213242\\\/\",\"url\":\"https:\\\/\\\/www.webdo.tn\\\/fr\\\/actualite\\\/national\\\/acces-au-marche-du-travail-suisse-pour-les-tunisiens\\\/213242\\\/\",\"name\":\"Acc\u00e8s au march\u00e9 du travail suisse pour les Tunisiens : Opportunit\u00e9s et perspectives\",\"isPartOf\":{\"@id\":\"https:\\\/\\\/www.webdo.tn\\\/fr\\\/#website\"},\"primaryImageOfPage\":{\"@id\":\"https:\\\/\\\/www.webdo.tn\\\/fr\\\/actualite\\\/national\\\/acces-au-marche-du-travail-suisse-pour-les-tunisiens\\\/213242\\\/#primaryimage\"},\"image\":{\"@id\":\"https:\\\/\\\/www.webdo.tn\\\/fr\\\/actualite\\\/national\\\/acces-au-marche-du-travail-suisse-pour-les-tunisiens\\\/213242\\\/#primaryimage\"},\"thumbnailUrl\":\"https:\\\/\\\/www.webdo.tn\\\/fr\\\/wp-content\\\/uploads\\\/2024\\\/03\\\/2a072ae4a8d217ef7e7c3ed3354e6463.jpg\",\"datePublished\":\"2024-03-28T12:34:00+00:00\",\"dateModified\":\"2025-05-20T22:33:36+00:00\",\"description\":\"D\u00e9couvrez les opportunit\u00e9s d'emploi en Suisse pour les ressortissants non-UE, des admissions pour les experts aux programmes d'\u00e9change pour les jeunes professio...\",\"breadcrumb\":{\"@id\":\"https:\\\/\\\/www.webdo.tn\\\/fr\\\/actualite\\\/national\\\/acces-au-marche-du-travail-suisse-pour-les-tunisiens\\\/213242\\\/#breadcrumb\"},\"inLanguage\":\"fr-FR\",\"potentialAction\":[{\"@type\":\"ReadAction\",\"target\":[\"https:\\\/\\\/www.webdo.tn\\\/fr\\\/actualite\\\/national\\\/acces-au-marche-du-travail-suisse-pour-les-tunisiens\\\/213242\\\/\"]}]},{\"@type\":\"ImageObject\",\"inLanguage\":\"fr-FR\",\"@id\":\"https:\\\/\\\/www.webdo.tn\\\/fr\\\/actualite\\\/national\\\/acces-au-marche-du-travail-suisse-pour-les-tunisiens\\\/213242\\\/#primaryimage\",\"url\":\"https:\\\/\\\/www.webdo.tn\\\/fr\\\/wp-content\\\/uploads\\\/2024\\\/03\\\/2a072ae4a8d217ef7e7c3ed3354e6463.jpg\",\"contentUrl\":\"https:\\\/\\\/www.webdo.tn\\\/fr\\\/wp-content\\\/uploads\\\/2024\\\/03\\\/2a072ae4a8d217ef7e7c3ed3354e6463.jpg\",\"width\":750,\"height\":400,\"caption\":\"Acc\u00e8s au march\u00e9 du travail suisse pour les Tunisiens : Opportunit\u00e9s et perspectives\"},{\"@type\":\"BreadcrumbList\",\"@id\":\"https:\\\/\\\/www.webdo.tn\\\/fr\\\/actualite\\\/national\\\/acces-au-marche-du-travail-suisse-pour-les-tunisiens\\\/213242\\\/#breadcrumb\",\"itemListElement\":[{\"@type\":\"ListItem\",\"position\":1,\"name\":\"Accueil\",\"item\":\"https:\\\/\\\/www.webdo.tn\\\/fr\\\/\"},{\"@type\":\"ListItem\",\"position\":2,\"name\":\"Acc\u00e8s au march\u00e9 du travail suisse pour les Tunisiens : Opportunit\u00e9s et perspectives\"}]},{\"@type\":\"WebSite\",\"@id\":\"https:\\\/\\\/www.webdo.tn\\\/fr\\\/#website\",\"url\":\"https:\\\/\\\/www.webdo.tn\\\/fr\\\/\",\"name\":\"webdo\",\"description\":\"Tunisie - News en Tunisie et \u00e0 l&#039;international sur Webdo.tn\",\"publisher\":{\"@id\":\"https:\\\/\\\/www.webdo.tn\\\/fr\\\/#organization\"},\"potentialAction\":[{\"@type\":\"SearchAction\",\"target\":{\"@type\":\"EntryPoint\",\"urlTemplate\":\"https:\\\/\\\/www.webdo.tn\\\/fr\\\/?s={search_term_string}\"},\"query-input\":{\"@type\":\"PropertyValueSpecification\",\"valueRequired\":true,\"valueName\":\"search_term_string\"}}],\"inLanguage\":\"fr-FR\"},{\"@type\":\"Organization\",\"@id\":\"https:\\\/\\\/www.webdo.tn\\\/fr\\\/#organization\",\"name\":\"Webdo\",\"alternateName\":\"Webdo.tn\",\"url\":\"https:\\\/\\\/www.webdo.tn\\\/fr\\\/\",\"logo\":{\"@type\":\"ImageObject\",\"inLanguage\":\"fr-FR\",\"@id\":\"https:\\\/\\\/www.webdo.tn\\\/fr\\\/#\\\/schema\\\/logo\\\/image\\\/\",\"url\":\"https:\\\/\\\/www.webdo.tn\\\/fr\\\/wp-content\\\/uploads\\\/2025\\\/06\\\/Webdo-Tunisie_168377.jpg\",\"contentUrl\":\"https:\\\/\\\/www.webdo.tn\\\/fr\\\/wp-content\\\/uploads\\\/2025\\\/06\\\/Webdo-Tunisie_168377.jpg\",\"width\":301,\"height\":301,\"caption\":\"Webdo\"},\"image\":{\"@id\":\"https:\\\/\\\/www.webdo.tn\\\/fr\\\/#\\\/schema\\\/logo\\\/image\\\/\"},\"sameAs\":[\"https:\\\/\\\/www.facebook.com\\\/webdotn\",\"https:\\\/\\\/x.com\\\/webdo_tn\"],\"description\":\"Webdo est un m\u00e9dia num\u00e9rique tunisien fond\u00e9 en 2010, sp\u00e9cialis\u00e9 dans l\u2019actualit\u00e9 nationale et internationale, l\u2019\u00e9conomie, la soci\u00e9t\u00e9 et les analyses politiques. Le site s\u2019adresse \u00e0 un large public francophone et couvre l\u2019information tunisienne en temps r\u00e9el.\",\"email\":\"redac@webdo.tn\",\"legalName\":\"YNJ SARL\",\"foundingDate\":\"2010-09-06\",\"numberOfEmployees\":{\"@type\":\"QuantitativeValue\",\"minValue\":\"11\",\"maxValue\":\"50\"}},{\"@type\":\"Person\",\"@id\":\"https:\\\/\\\/www.webdo.tn\\\/fr\\\/#\\\/schema\\\/person\\\/1f4e491e0907b413d61089e8eb573acc\",\"name\":\"Webdo\",\"image\":{\"@type\":\"ImageObject\",\"inLanguage\":\"fr-FR\",\"@id\":\"https:\\\/\\\/secure.gravatar.com\\\/avatar\\\/de97aeec1bb80978a9dbb127e47dfc88aaacb2f3c29aac907d8d3222e3495d49?s=96&d=mm&r=g\",\"url\":\"https:\\\/\\\/secure.gravatar.com\\\/avatar\\\/de97aeec1bb80978a9dbb127e47dfc88aaacb2f3c29aac907d8d3222e3495d49?s=96&d=mm&r=g\",\"contentUrl\":\"https:\\\/\\\/secure.gravatar.com\\\/avatar\\\/de97aeec1bb80978a9dbb127e47dfc88aaacb2f3c29aac907d8d3222e3495d49?s=96&d=mm&r=g\",\"caption\":\"Webdo\"},\"url\":\"https:\\\/\\\/www.webdo.tn\\\/fr\\\/actualite\\\/author\\\/webdo\\\/\"}]}<\/script>\n<!-- \/ Yoast SEO Premium plugin. -->","yoast_head_json":{"title":"Acc\u00e8s au march\u00e9 du travail suisse pour les Tunisiens : Opportunit\u00e9s et perspectives","description":"D\u00e9couvrez les opportunit\u00e9s d'emploi en Suisse pour les ressortissants non-UE, des admissions pour les experts aux programmes d'\u00e9change pour les jeunes professio...","canonical":"https:\/\/www.webdo.tn\/fr\/actualite\/national\/acces-au-marche-du-travail-suisse-pour-les-tunisiens\/213242\/","og_locale":"fr_FR","og_type":"article","og_title":"Acc\u00e8s au march\u00e9 du travail suisse pour les Tunisiens : Opportunit\u00e9s et perspectives","og_description":"D\u00e9couvrez les opportunit\u00e9s d'emploi en Suisse pour les ressortissants non-UE, des admissions pour les experts aux programmes d'\u00e9change pour les jeunes professio...","og_url":"https:\/\/www.webdo.tn\/fr\/actualite\/national\/acces-au-marche-du-travail-suisse-pour-les-tunisiens\/213242\/","og_site_name":"webdo","article_publisher":"https:\/\/www.facebook.com\/webdotn","article_published_time":"2024-03-28T12:34:00+00:00","article_modified_time":"2025-05-20T22:33:36+00:00","og_image":[{"width":750,"height":400,"url":"https:\/\/www.webdo.tn\/fr\/wp-content\/uploads\/2024\/03\/2a072ae4a8d217ef7e7c3ed3354e6463.jpg","type":"image\/jpeg"}],"author":"Webdo","twitter_card":"summary_large_image","twitter_creator":"@webdo_tn","twitter_site":"@webdo_tn","twitter_misc":{"\u00c9crit par":"Webdo","Dur\u00e9e de lecture estim\u00e9e":"3 minutes"},"schema":{"@context":"https:\/\/schema.org","@graph":[{"@type":"NewsArticle","@id":"https:\/\/www.webdo.tn\/fr\/actualite\/national\/acces-au-marche-du-travail-suisse-pour-les-tunisiens\/213242\/#article","isPartOf":{"@id":"https:\/\/www.webdo.tn\/fr\/actualite\/national\/acces-au-marche-du-travail-suisse-pour-les-tunisiens\/213242\/"},"author":{"name":"Webdo","@id":"https:\/\/www.webdo.tn\/fr\/#\/schema\/person\/1f4e491e0907b413d61089e8eb573acc"},"headline":"Acc\u00e8s au march\u00e9 du travail suisse pour les Tunisiens : Opportunit\u00e9s et perspectives","datePublished":"2024-03-28T12:34:00+00:00","dateModified":"2025-05-20T22:33:36+00:00","mainEntityOfPage":{"@id":"https:\/\/www.webdo.tn\/fr\/actualite\/national\/acces-au-marche-du-travail-suisse-pour-les-tunisiens\/213242\/"},"wordCount":615,"commentCount":0,"publisher":{"@id":"https:\/\/www.webdo.tn\/fr\/#organization"},"image":{"@id":"https:\/\/www.webdo.tn\/fr\/actualite\/national\/acces-au-marche-du-travail-suisse-pour-les-tunisiens\/213242\/#primaryimage"},"thumbnailUrl":"https:\/\/www.webdo.tn\/fr\/wp-content\/uploads\/2024\/03\/2a072ae4a8d217ef7e7c3ed3354e6463.jpg","keywords":["'professionnels'","emploi","immigration","suisse","travail","Tunisie","visas"],"articleSection":["National"],"inLanguage":"fr-FR"},{"@type":"WebPage","@id":"https:\/\/www.webdo.tn\/fr\/actualite\/national\/acces-au-marche-du-travail-suisse-pour-les-tunisiens\/213242\/","url":"https:\/\/www.webdo.tn\/fr\/actualite\/national\/acces-au-marche-du-travail-suisse-pour-les-tunisiens\/213242\/","name":"Acc\u00e8s au march\u00e9 du travail suisse pour les Tunisiens : Opportunit\u00e9s et perspectives","isPartOf":{"@id":"https:\/\/www.webdo.tn\/fr\/#website"},"primaryImageOfPage":{"@id":"https:\/\/www.webdo.tn\/fr\/actualite\/national\/acces-au-marche-du-travail-suisse-pour-les-tunisiens\/213242\/#primaryimage"},"image":{"@id":"https:\/\/www.webdo.tn\/fr\/actualite\/national\/acces-au-marche-du-travail-suisse-pour-les-tunisiens\/213242\/#primaryimage"},"thumbnailUrl":"https:\/\/www.webdo.tn\/fr\/wp-content\/uploads\/2024\/03\/2a072ae4a8d217ef7e7c3ed3354e6463.jpg","datePublished":"2024-03-28T12:34:00+00:00","dateModified":"2025-05-20T22:33:36+00:00","description":"D\u00e9couvrez les opportunit\u00e9s d'emploi en Suisse pour les ressortissants non-UE, des admissions pour les experts aux programmes d'\u00e9change pour les jeunes professio...","breadcrumb":{"@id":"https:\/\/www.webdo.tn\/fr\/actualite\/national\/acces-au-marche-du-travail-suisse-pour-les-tunisiens\/213242\/#breadcrumb"},"inLanguage":"fr-FR","potentialAction":[{"@type":"ReadAction","target":["https:\/\/www.webdo.tn\/fr\/actualite\/national\/acces-au-marche-du-travail-suisse-pour-les-tunisiens\/213242\/"]}]},{"@type":"ImageObject","inLanguage":"fr-FR","@id":"https:\/\/www.webdo.tn\/fr\/actualite\/national\/acces-au-marche-du-travail-suisse-pour-les-tunisiens\/213242\/#primaryimage","url":"https:\/\/www.webdo.tn\/fr\/wp-content\/uploads\/2024\/03\/2a072ae4a8d217ef7e7c3ed3354e6463.jpg","contentUrl":"https:\/\/www.webdo.tn\/fr\/wp-content\/uploads\/2024\/03\/2a072ae4a8d217ef7e7c3ed3354e6463.jpg","width":750,"height":400,"caption":"Acc\u00e8s au march\u00e9 du travail suisse pour les Tunisiens : Opportunit\u00e9s et perspectives"},{"@type":"BreadcrumbList","@id":"https:\/\/www.webdo.tn\/fr\/actualite\/national\/acces-au-marche-du-travail-suisse-pour-les-tunisiens\/213242\/#breadcrumb","itemListElement":[{"@type":"ListItem","position":1,"name":"Accueil","item":"https:\/\/www.webdo.tn\/fr\/"},{"@type":"ListItem","position":2,"name":"Acc\u00e8s au march\u00e9 du travail suisse pour les Tunisiens : Opportunit\u00e9s et perspectives"}]},{"@type":"WebSite","@id":"https:\/\/www.webdo.tn\/fr\/#website","url":"https:\/\/www.webdo.tn\/fr\/","name":"webdo","description":"Tunisie - News en Tunisie et \u00e0 l&#039;international sur Webdo.tn","publisher":{"@id":"https:\/\/www.webdo.tn\/fr\/#organization"},"potentialAction":[{"@type":"SearchAction","target":{"@type":"EntryPoint","urlTemplate":"https:\/\/www.webdo.tn\/fr\/?s={search_term_string}"},"query-input":{"@type":"PropertyValueSpecification","valueRequired":true,"valueName":"search_term_string"}}],"inLanguage":"fr-FR"},{"@type":"Organization","@id":"https:\/\/www.webdo.tn\/fr\/#organization","name":"Webdo","alternateName":"Webdo.tn","url":"https:\/\/www.webdo.tn\/fr\/","logo":{"@type":"ImageObject","inLanguage":"fr-FR","@id":"https:\/\/www.webdo.tn\/fr\/#\/schema\/logo\/image\/","url":"https:\/\/www.webdo.tn\/fr\/wp-content\/uploads\/2025\/06\/Webdo-Tunisie_168377.jpg","contentUrl":"https:\/\/www.webdo.tn\/fr\/wp-content\/uploads\/2025\/06\/Webdo-Tunisie_168377.jpg","width":301,"height":301,"caption":"Webdo"},"image":{"@id":"https:\/\/www.webdo.tn\/fr\/#\/schema\/logo\/image\/"},"sameAs":["https:\/\/www.facebook.com\/webdotn","https:\/\/x.com\/webdo_tn"],"description":"Webdo est un m\u00e9dia num\u00e9rique tunisien fond\u00e9 en 2010, sp\u00e9cialis\u00e9 dans l\u2019actualit\u00e9 nationale et internationale, l\u2019\u00e9conomie, la soci\u00e9t\u00e9 et les analyses politiques. Le site s\u2019adresse \u00e0 un large public francophone et couvre l\u2019information tunisienne en temps r\u00e9el.","email":"redac@webdo.tn","legalName":"YNJ SARL","foundingDate":"2010-09-06","numberOfEmployees":{"@type":"QuantitativeValue","minValue":"11","maxValue":"50"}},{"@type":"Person","@id":"https:\/\/www.webdo.tn\/fr\/#\/schema\/person\/1f4e491e0907b413d61089e8eb573acc","name":"Webdo","image":{"@type":"ImageObject","inLanguage":"fr-FR","@id":"https:\/\/secure.gravatar.com\/avatar\/de97aeec1bb80978a9dbb127e47dfc88aaacb2f3c29aac907d8d3222e3495d49?s=96&d=mm&r=g","url":"https:\/\/secure.gravatar.com\/avatar\/de97aeec1bb80978a9dbb127e47dfc88aaacb2f3c29aac907d8d3222e3495d49?s=96&d=mm&r=g","contentUrl":"https:\/\/secure.gravatar.com\/avatar\/de97aeec1bb80978a9dbb127e47dfc88aaacb2f3c29aac907d8d3222e3495d49?s=96&d=mm&r=g","caption":"Webdo"},"url":"https:\/\/www.webdo.tn\/fr\/actualite\/author\/webdo\/"}]}},"_links":{"self":[{"href":"https:\/\/www.webdo.tn\/fr\/wp-json\/wp\/v2\/posts\/213242","targetHints":{"allow":["GET"]}}],"collection":[{"href":"https:\/\/www.webdo.tn\/fr\/wp-json\/wp\/v2\/posts"}],"about":[{"href":"https:\/\/www.webdo.tn\/fr\/wp-json\/wp\/v2\/types\/post"}],"author":[{"embeddable":true,"href":"https:\/\/www.webdo.tn\/fr\/wp-json\/wp\/v2\/users\/3169"}],"replies":[{"embeddable":true,"href":"https:\/\/www.webdo.tn\/fr\/wp-json\/wp\/v2\/comments?post=213242"}],"version-history":[{"count":0,"href":"https:\/\/www.webdo.tn\/fr\/wp-json\/wp\/v2\/posts\/213242\/revisions"}],"wp:featuredmedia":[{"embeddable":true,"href":"https:\/\/www.webdo.tn\/fr\/wp-json\/wp\/v2\/media\/290405"}],"wp:attachment":[{"href":"https:\/\/www.webdo.tn\/fr\/wp-json\/wp\/v2\/media?parent=213242"}],"wp:term":[{"taxonomy":"category","embeddable":true,"href":"https:\/\/www.webdo.tn\/fr\/wp-json\/wp\/v2\/categories?post=213242"},{"taxonomy":"post_tag","embeddable":true,"href":"https:\/\/www.webdo.tn\/fr\/wp-json\/wp\/v2\/tags?post=213242"}],"curies":[{"name":"wp","href":"https:\/\/api.w.org\/{rel}","templated":true}]}}