{"id":213241,"date":"2024-03-28T11:52:00","date_gmt":"2024-03-28T11:52:00","guid":{"rendered":"https:\/\/www.webdo.tn\/fr\/blog\/tunisie-versement-des-indemnisations-des-blesses-et-martyrs-de-la-revolution\/213241\/"},"modified":"2025-05-20T22:12:33","modified_gmt":"2025-05-20T22:12:33","slug":"tunisie-versement-des-indemnisations-des-blesses-et-martyrs-de-la-revolution","status":"publish","type":"post","link":"https:\/\/www.webdo.tn\/fr\/actualite\/national\/tunisie-versement-des-indemnisations-des-blesses-et-martyrs-de-la-revolution\/213241\/","title":{"rendered":"Tunisie : Versement des indemnisations des bless\u00e9s et martyrs de la r\u00e9volution"},"content":{"rendered":"<p>La fondation Fida a annonc\u00e9, ce jeudi 28 mars 2024, le versement des pensions du mois de mars au profit des bless\u00e9s et martyrs de la r\u00e9volution.<\/p>\n<p>\t\t\t\t\t\t\t\t\tDans un communiqu\u00e9 publi\u00e9 aujourd&rsquo;hui, la Fondation Fida a pr\u00e9cis\u00e9 que le nombre de familles ayant b\u00e9n\u00e9fici\u00e9 de cette pension mensuelle et dont les dossiers ont \u00e9t\u00e9 approuv\u00e9s par la fondation s&rsquo;\u00e9l\u00e8ve \u00e0 100 familles, pour un total de 165 b\u00e9n\u00e9ficiaires.<\/p>\n<p>Le nombre de bless\u00e9s b\u00e9n\u00e9ficiaires de la pension s&rsquo;\u00e9l\u00e8ve \u00e0 64, avec des montants de pension oscillant entre 400 et 1400 dinars.<\/p>\n<p>De plus, des subventions mensuelles ont \u00e9t\u00e9 vers\u00e9es au titre de bourses scolaires et universitaires, b\u00e9n\u00e9ficiant \u00e0 259 \u00e9l\u00e8ves et \u00e9tudiants issus de 135 familles de bless\u00e9s de la r\u00e9volution, ainsi qu&rsquo;\u00e0 17 \u00e9l\u00e8ves et \u00e9tudiants issus de 12 familles des premiers b\u00e9n\u00e9ficiaires des martyrs de la r\u00e9volution, et \u00e0 113 \u00e9l\u00e8ves et \u00e9tudiants issus de 57 familles de victimes d&rsquo;attaques terroristes parmi les militaires, les agents des forces de s\u00e9curit\u00e9 int\u00e9rieure et les douaniers.<\/p>\n","protected":false},"excerpt":{"rendered":"<p>Dans un communiqu\u00e9 publi\u00e9 aujourd&rsquo;hui, la Fondation Fida a pr\u00e9cis\u00e9 que le nombre de familles ayant b\u00e9n\u00e9fici\u00e9 de cette pension mensuelle et dont les dossiers ont&#8230;<\/p>\n","protected":false},"author":3162,"featured_media":290404,"comment_status":"open","ping_status":"closed","sticky":false,"template":"","format":"standard","meta":{"footnotes":""},"categories":[44],"tags":[2928,7415,4472,6246,4782,2608],"class_list":["post-213241","post","type-post","status-publish","format-standard","has-post-thumbnail","hentry","category-national","tag-blesses","tag-indemnisation","tag-martyrs","tag-pension","tag-revolution","tag-tunisie"],"yoast_head":"<!-- This site is optimized with the Yoast SEO Premium plugin v27.4 (Yoast SEO v27.5) - https:\/\/yoast.com\/product\/yoast-seo-premium-wordpress\/ -->\n<title>Tunisie : Versement des indemnisations des bless\u00e9s et martyrs de la r\u00e9volution<\/title>\n<meta name=\"description\" content=\"Dans un communiqu\u00e9 publi\u00e9 aujourd&#039;hui, la Fondation Fida a pr\u00e9cis\u00e9 que le nombre de familles ayant b\u00e9n\u00e9fici\u00e9 de cette pension mensuelle et dont les dossiers ont...\" \/>\n<link rel=\"canonical\" href=\"https:\/\/www.webdo.tn\/fr\/actualite\/national\/tunisie-versement-des-indemnisations-des-blesses-et-martyrs-de-la-revolution\/213241\/\" \/>\n<meta property=\"og:locale\" content=\"fr_FR\" \/>\n<meta property=\"og:type\" content=\"article\" \/>\n<meta property=\"og:title\" content=\"Tunisie : Versement des indemnisations des bless\u00e9s et martyrs de la r\u00e9volution\" \/>\n<meta property=\"og:description\" content=\"Dans un communiqu\u00e9 publi\u00e9 aujourd&#039;hui, la Fondation Fida a pr\u00e9cis\u00e9 que le nombre de familles ayant b\u00e9n\u00e9fici\u00e9 de cette pension mensuelle et dont les dossiers ont...\" \/>\n<meta property=\"og:url\" content=\"https:\/\/www.webdo.tn\/fr\/actualite\/national\/tunisie-versement-des-indemnisations-des-blesses-et-martyrs-de-la-revolution\/213241\/\" \/>\n<meta property=\"og:site_name\" content=\"webdo\" \/>\n<meta property=\"article:publisher\" content=\"https:\/\/www.facebook.com\/webdotn\" \/>\n<meta property=\"article:published_time\" content=\"2024-03-28T11:52:00+00:00\" \/>\n<meta property=\"article:modified_time\" content=\"2025-05-20T22:12:33+00:00\" \/>\n<meta property=\"og:image\" content=\"https:\/\/www.webdo.tn\/fr\/wp-content\/uploads\/2024\/03\/06d6fffef8f93cf53bf02ab043b13e99.jpg\" \/>\n\t<meta property=\"og:image:width\" content=\"750\" \/>\n\t<meta property=\"og:image:height\" content=\"400\" \/>\n\t<meta property=\"og:image:type\" content=\"image\/jpeg\" \/>\n<meta name=\"author\" content=\"MC\" \/>\n<meta name=\"twitter:card\" content=\"summary_large_image\" \/>\n<meta name=\"twitter:creator\" content=\"@webdo_tn\" \/>\n<meta name=\"twitter:site\" content=\"@webdo_tn\" \/>\n<meta name=\"twitter:label1\" content=\"\u00c9crit par\" \/>\n\t<meta name=\"twitter:data1\" content=\"MC\" \/>\n\t<meta name=\"twitter:label2\" content=\"Dur\u00e9e de lecture estim\u00e9e\" \/>\n\t<meta name=\"twitter:data2\" content=\"1 minute\" \/>\n<script type=\"application\/ld+json\" class=\"yoast-schema-graph\">{\"@context\":\"https:\\\/\\\/schema.org\",\"@graph\":[{\"@type\":\"NewsArticle\",\"@id\":\"https:\\\/\\\/www.webdo.tn\\\/fr\\\/actualite\\\/national\\\/tunisie-versement-des-indemnisations-des-blesses-et-martyrs-de-la-revolution\\\/213241\\\/#article\",\"isPartOf\":{\"@id\":\"https:\\\/\\\/www.webdo.tn\\\/fr\\\/actualite\\\/national\\\/tunisie-versement-des-indemnisations-des-blesses-et-martyrs-de-la-revolution\\\/213241\\\/\"},\"author\":{\"name\":\"MC\",\"@id\":\"https:\\\/\\\/www.webdo.tn\\\/fr\\\/#\\\/schema\\\/person\\\/2c4929cbf5a809e3bd38617c6ce150f6\"},\"headline\":\"Tunisie : Versement des indemnisations des bless\u00e9s et martyrs de la r\u00e9volution\",\"datePublished\":\"2024-03-28T11:52:00+00:00\",\"dateModified\":\"2025-05-20T22:12:33+00:00\",\"mainEntityOfPage\":{\"@id\":\"https:\\\/\\\/www.webdo.tn\\\/fr\\\/actualite\\\/national\\\/tunisie-versement-des-indemnisations-des-blesses-et-martyrs-de-la-revolution\\\/213241\\\/\"},\"wordCount\":191,\"commentCount\":0,\"publisher\":{\"@id\":\"https:\\\/\\\/www.webdo.tn\\\/fr\\\/#organization\"},\"image\":{\"@id\":\"https:\\\/\\\/www.webdo.tn\\\/fr\\\/actualite\\\/national\\\/tunisie-versement-des-indemnisations-des-blesses-et-martyrs-de-la-revolution\\\/213241\\\/#primaryimage\"},\"thumbnailUrl\":\"https:\\\/\\\/www.webdo.tn\\\/fr\\\/wp-content\\\/uploads\\\/2024\\\/03\\\/06d6fffef8f93cf53bf02ab043b13e99.jpg\",\"keywords\":[\"bless\u00e9s\",\"indemnisation\",\"Martyrs\",\"pension\",\"r\u00e9volution\",\"Tunisie\"],\"articleSection\":[\"National\"],\"inLanguage\":\"fr-FR\"},{\"@type\":\"WebPage\",\"@id\":\"https:\\\/\\\/www.webdo.tn\\\/fr\\\/actualite\\\/national\\\/tunisie-versement-des-indemnisations-des-blesses-et-martyrs-de-la-revolution\\\/213241\\\/\",\"url\":\"https:\\\/\\\/www.webdo.tn\\\/fr\\\/actualite\\\/national\\\/tunisie-versement-des-indemnisations-des-blesses-et-martyrs-de-la-revolution\\\/213241\\\/\",\"name\":\"Tunisie : Versement des indemnisations des bless\u00e9s et martyrs de la r\u00e9volution\",\"isPartOf\":{\"@id\":\"https:\\\/\\\/www.webdo.tn\\\/fr\\\/#website\"},\"primaryImageOfPage\":{\"@id\":\"https:\\\/\\\/www.webdo.tn\\\/fr\\\/actualite\\\/national\\\/tunisie-versement-des-indemnisations-des-blesses-et-martyrs-de-la-revolution\\\/213241\\\/#primaryimage\"},\"image\":{\"@id\":\"https:\\\/\\\/www.webdo.tn\\\/fr\\\/actualite\\\/national\\\/tunisie-versement-des-indemnisations-des-blesses-et-martyrs-de-la-revolution\\\/213241\\\/#primaryimage\"},\"thumbnailUrl\":\"https:\\\/\\\/www.webdo.tn\\\/fr\\\/wp-content\\\/uploads\\\/2024\\\/03\\\/06d6fffef8f93cf53bf02ab043b13e99.jpg\",\"datePublished\":\"2024-03-28T11:52:00+00:00\",\"dateModified\":\"2025-05-20T22:12:33+00:00\",\"description\":\"Dans un communiqu\u00e9 publi\u00e9 aujourd'hui, la Fondation Fida a pr\u00e9cis\u00e9 que le nombre de familles ayant b\u00e9n\u00e9fici\u00e9 de cette pension mensuelle et dont les dossiers ont...\",\"breadcrumb\":{\"@id\":\"https:\\\/\\\/www.webdo.tn\\\/fr\\\/actualite\\\/national\\\/tunisie-versement-des-indemnisations-des-blesses-et-martyrs-de-la-revolution\\\/213241\\\/#breadcrumb\"},\"inLanguage\":\"fr-FR\",\"potentialAction\":[{\"@type\":\"ReadAction\",\"target\":[\"https:\\\/\\\/www.webdo.tn\\\/fr\\\/actualite\\\/national\\\/tunisie-versement-des-indemnisations-des-blesses-et-martyrs-de-la-revolution\\\/213241\\\/\"]}]},{\"@type\":\"ImageObject\",\"inLanguage\":\"fr-FR\",\"@id\":\"https:\\\/\\\/www.webdo.tn\\\/fr\\\/actualite\\\/national\\\/tunisie-versement-des-indemnisations-des-blesses-et-martyrs-de-la-revolution\\\/213241\\\/#primaryimage\",\"url\":\"https:\\\/\\\/www.webdo.tn\\\/fr\\\/wp-content\\\/uploads\\\/2024\\\/03\\\/06d6fffef8f93cf53bf02ab043b13e99.jpg\",\"contentUrl\":\"https:\\\/\\\/www.webdo.tn\\\/fr\\\/wp-content\\\/uploads\\\/2024\\\/03\\\/06d6fffef8f93cf53bf02ab043b13e99.jpg\",\"width\":750,\"height\":400,\"caption\":\"Tunisie : Versement des indemnisations des bless\u00e9s et martyrs de la r\u00e9volution\"},{\"@type\":\"BreadcrumbList\",\"@id\":\"https:\\\/\\\/www.webdo.tn\\\/fr\\\/actualite\\\/national\\\/tunisie-versement-des-indemnisations-des-blesses-et-martyrs-de-la-revolution\\\/213241\\\/#breadcrumb\",\"itemListElement\":[{\"@type\":\"ListItem\",\"position\":1,\"name\":\"Accueil\",\"item\":\"https:\\\/\\\/www.webdo.tn\\\/fr\\\/\"},{\"@type\":\"ListItem\",\"position\":2,\"name\":\"Tunisie : Versement des indemnisations des bless\u00e9s et martyrs de la r\u00e9volution\"}]},{\"@type\":\"WebSite\",\"@id\":\"https:\\\/\\\/www.webdo.tn\\\/fr\\\/#website\",\"url\":\"https:\\\/\\\/www.webdo.tn\\\/fr\\\/\",\"name\":\"webdo\",\"description\":\"Tunisie - News en Tunisie et \u00e0 l&#039;international sur Webdo.tn\",\"publisher\":{\"@id\":\"https:\\\/\\\/www.webdo.tn\\\/fr\\\/#organization\"},\"potentialAction\":[{\"@type\":\"SearchAction\",\"target\":{\"@type\":\"EntryPoint\",\"urlTemplate\":\"https:\\\/\\\/www.webdo.tn\\\/fr\\\/?s={search_term_string}\"},\"query-input\":{\"@type\":\"PropertyValueSpecification\",\"valueRequired\":true,\"valueName\":\"search_term_string\"}}],\"inLanguage\":\"fr-FR\"},{\"@type\":\"Organization\",\"@id\":\"https:\\\/\\\/www.webdo.tn\\\/fr\\\/#organization\",\"name\":\"Webdo\",\"alternateName\":\"Webdo.tn\",\"url\":\"https:\\\/\\\/www.webdo.tn\\\/fr\\\/\",\"logo\":{\"@type\":\"ImageObject\",\"inLanguage\":\"fr-FR\",\"@id\":\"https:\\\/\\\/www.webdo.tn\\\/fr\\\/#\\\/schema\\\/logo\\\/image\\\/\",\"url\":\"https:\\\/\\\/www.webdo.tn\\\/fr\\\/wp-content\\\/uploads\\\/2025\\\/06\\\/Webdo-Tunisie_168377.jpg\",\"contentUrl\":\"https:\\\/\\\/www.webdo.tn\\\/fr\\\/wp-content\\\/uploads\\\/2025\\\/06\\\/Webdo-Tunisie_168377.jpg\",\"width\":301,\"height\":301,\"caption\":\"Webdo\"},\"image\":{\"@id\":\"https:\\\/\\\/www.webdo.tn\\\/fr\\\/#\\\/schema\\\/logo\\\/image\\\/\"},\"sameAs\":[\"https:\\\/\\\/www.facebook.com\\\/webdotn\",\"https:\\\/\\\/x.com\\\/webdo_tn\"],\"description\":\"Webdo est un m\u00e9dia num\u00e9rique tunisien fond\u00e9 en 2010, sp\u00e9cialis\u00e9 dans l\u2019actualit\u00e9 nationale et internationale, l\u2019\u00e9conomie, la soci\u00e9t\u00e9 et les analyses politiques. Le site s\u2019adresse \u00e0 un large public francophone et couvre l\u2019information tunisienne en temps r\u00e9el.\",\"email\":\"redac@webdo.tn\",\"legalName\":\"YNJ SARL\",\"foundingDate\":\"2010-09-06\",\"numberOfEmployees\":{\"@type\":\"QuantitativeValue\",\"minValue\":\"11\",\"maxValue\":\"50\"}},{\"@type\":\"Person\",\"@id\":\"https:\\\/\\\/www.webdo.tn\\\/fr\\\/#\\\/schema\\\/person\\\/2c4929cbf5a809e3bd38617c6ce150f6\",\"name\":\"MC\",\"image\":{\"@type\":\"ImageObject\",\"inLanguage\":\"fr-FR\",\"@id\":\"https:\\\/\\\/secure.gravatar.com\\\/avatar\\\/a545bbb6f84efdd5553dbbc2895e3ca8f1d12c5215e00a041c9670b54aa9b18a?s=96&d=mm&r=g\",\"url\":\"https:\\\/\\\/secure.gravatar.com\\\/avatar\\\/a545bbb6f84efdd5553dbbc2895e3ca8f1d12c5215e00a041c9670b54aa9b18a?s=96&d=mm&r=g\",\"contentUrl\":\"https:\\\/\\\/secure.gravatar.com\\\/avatar\\\/a545bbb6f84efdd5553dbbc2895e3ca8f1d12c5215e00a041c9670b54aa9b18a?s=96&d=mm&r=g\",\"caption\":\"MC\"},\"url\":\"https:\\\/\\\/www.webdo.tn\\\/fr\\\/actualite\\\/author\\\/mc\\\/\"}]}<\/script>\n<!-- \/ Yoast SEO Premium plugin. -->","yoast_head_json":{"title":"Tunisie : Versement des indemnisations des bless\u00e9s et martyrs de la r\u00e9volution","description":"Dans un communiqu\u00e9 publi\u00e9 aujourd'hui, la Fondation Fida a pr\u00e9cis\u00e9 que le nombre de familles ayant b\u00e9n\u00e9fici\u00e9 de cette pension mensuelle et dont les dossiers ont...","canonical":"https:\/\/www.webdo.tn\/fr\/actualite\/national\/tunisie-versement-des-indemnisations-des-blesses-et-martyrs-de-la-revolution\/213241\/","og_locale":"fr_FR","og_type":"article","og_title":"Tunisie : Versement des indemnisations des bless\u00e9s et martyrs de la r\u00e9volution","og_description":"Dans un communiqu\u00e9 publi\u00e9 aujourd'hui, la Fondation Fida a pr\u00e9cis\u00e9 que le nombre de familles ayant b\u00e9n\u00e9fici\u00e9 de cette pension mensuelle et dont les dossiers ont...","og_url":"https:\/\/www.webdo.tn\/fr\/actualite\/national\/tunisie-versement-des-indemnisations-des-blesses-et-martyrs-de-la-revolution\/213241\/","og_site_name":"webdo","article_publisher":"https:\/\/www.facebook.com\/webdotn","article_published_time":"2024-03-28T11:52:00+00:00","article_modified_time":"2025-05-20T22:12:33+00:00","og_image":[{"width":750,"height":400,"url":"https:\/\/www.webdo.tn\/fr\/wp-content\/uploads\/2024\/03\/06d6fffef8f93cf53bf02ab043b13e99.jpg","type":"image\/jpeg"}],"author":"MC","twitter_card":"summary_large_image","twitter_creator":"@webdo_tn","twitter_site":"@webdo_tn","twitter_misc":{"\u00c9crit par":"MC","Dur\u00e9e de lecture estim\u00e9e":"1 minute"},"schema":{"@context":"https:\/\/schema.org","@graph":[{"@type":"NewsArticle","@id":"https:\/\/www.webdo.tn\/fr\/actualite\/national\/tunisie-versement-des-indemnisations-des-blesses-et-martyrs-de-la-revolution\/213241\/#article","isPartOf":{"@id":"https:\/\/www.webdo.tn\/fr\/actualite\/national\/tunisie-versement-des-indemnisations-des-blesses-et-martyrs-de-la-revolution\/213241\/"},"author":{"name":"MC","@id":"https:\/\/www.webdo.tn\/fr\/#\/schema\/person\/2c4929cbf5a809e3bd38617c6ce150f6"},"headline":"Tunisie : Versement des indemnisations des bless\u00e9s et martyrs de la r\u00e9volution","datePublished":"2024-03-28T11:52:00+00:00","dateModified":"2025-05-20T22:12:33+00:00","mainEntityOfPage":{"@id":"https:\/\/www.webdo.tn\/fr\/actualite\/national\/tunisie-versement-des-indemnisations-des-blesses-et-martyrs-de-la-revolution\/213241\/"},"wordCount":191,"commentCount":0,"publisher":{"@id":"https:\/\/www.webdo.tn\/fr\/#organization"},"image":{"@id":"https:\/\/www.webdo.tn\/fr\/actualite\/national\/tunisie-versement-des-indemnisations-des-blesses-et-martyrs-de-la-revolution\/213241\/#primaryimage"},"thumbnailUrl":"https:\/\/www.webdo.tn\/fr\/wp-content\/uploads\/2024\/03\/06d6fffef8f93cf53bf02ab043b13e99.jpg","keywords":["bless\u00e9s","indemnisation","Martyrs","pension","r\u00e9volution","Tunisie"],"articleSection":["National"],"inLanguage":"fr-FR"},{"@type":"WebPage","@id":"https:\/\/www.webdo.tn\/fr\/actualite\/national\/tunisie-versement-des-indemnisations-des-blesses-et-martyrs-de-la-revolution\/213241\/","url":"https:\/\/www.webdo.tn\/fr\/actualite\/national\/tunisie-versement-des-indemnisations-des-blesses-et-martyrs-de-la-revolution\/213241\/","name":"Tunisie : Versement des indemnisations des bless\u00e9s et martyrs de la r\u00e9volution","isPartOf":{"@id":"https:\/\/www.webdo.tn\/fr\/#website"},"primaryImageOfPage":{"@id":"https:\/\/www.webdo.tn\/fr\/actualite\/national\/tunisie-versement-des-indemnisations-des-blesses-et-martyrs-de-la-revolution\/213241\/#primaryimage"},"image":{"@id":"https:\/\/www.webdo.tn\/fr\/actualite\/national\/tunisie-versement-des-indemnisations-des-blesses-et-martyrs-de-la-revolution\/213241\/#primaryimage"},"thumbnailUrl":"https:\/\/www.webdo.tn\/fr\/wp-content\/uploads\/2024\/03\/06d6fffef8f93cf53bf02ab043b13e99.jpg","datePublished":"2024-03-28T11:52:00+00:00","dateModified":"2025-05-20T22:12:33+00:00","description":"Dans un communiqu\u00e9 publi\u00e9 aujourd'hui, la Fondation Fida a pr\u00e9cis\u00e9 que le nombre de familles ayant b\u00e9n\u00e9fici\u00e9 de cette pension mensuelle et dont les dossiers ont...","breadcrumb":{"@id":"https:\/\/www.webdo.tn\/fr\/actualite\/national\/tunisie-versement-des-indemnisations-des-blesses-et-martyrs-de-la-revolution\/213241\/#breadcrumb"},"inLanguage":"fr-FR","potentialAction":[{"@type":"ReadAction","target":["https:\/\/www.webdo.tn\/fr\/actualite\/national\/tunisie-versement-des-indemnisations-des-blesses-et-martyrs-de-la-revolution\/213241\/"]}]},{"@type":"ImageObject","inLanguage":"fr-FR","@id":"https:\/\/www.webdo.tn\/fr\/actualite\/national\/tunisie-versement-des-indemnisations-des-blesses-et-martyrs-de-la-revolution\/213241\/#primaryimage","url":"https:\/\/www.webdo.tn\/fr\/wp-content\/uploads\/2024\/03\/06d6fffef8f93cf53bf02ab043b13e99.jpg","contentUrl":"https:\/\/www.webdo.tn\/fr\/wp-content\/uploads\/2024\/03\/06d6fffef8f93cf53bf02ab043b13e99.jpg","width":750,"height":400,"caption":"Tunisie : Versement des indemnisations des bless\u00e9s et martyrs de la r\u00e9volution"},{"@type":"BreadcrumbList","@id":"https:\/\/www.webdo.tn\/fr\/actualite\/national\/tunisie-versement-des-indemnisations-des-blesses-et-martyrs-de-la-revolution\/213241\/#breadcrumb","itemListElement":[{"@type":"ListItem","position":1,"name":"Accueil","item":"https:\/\/www.webdo.tn\/fr\/"},{"@type":"ListItem","position":2,"name":"Tunisie : Versement des indemnisations des bless\u00e9s et martyrs de la r\u00e9volution"}]},{"@type":"WebSite","@id":"https:\/\/www.webdo.tn\/fr\/#website","url":"https:\/\/www.webdo.tn\/fr\/","name":"webdo","description":"Tunisie - News en Tunisie et \u00e0 l&#039;international sur Webdo.tn","publisher":{"@id":"https:\/\/www.webdo.tn\/fr\/#organization"},"potentialAction":[{"@type":"SearchAction","target":{"@type":"EntryPoint","urlTemplate":"https:\/\/www.webdo.tn\/fr\/?s={search_term_string}"},"query-input":{"@type":"PropertyValueSpecification","valueRequired":true,"valueName":"search_term_string"}}],"inLanguage":"fr-FR"},{"@type":"Organization","@id":"https:\/\/www.webdo.tn\/fr\/#organization","name":"Webdo","alternateName":"Webdo.tn","url":"https:\/\/www.webdo.tn\/fr\/","logo":{"@type":"ImageObject","inLanguage":"fr-FR","@id":"https:\/\/www.webdo.tn\/fr\/#\/schema\/logo\/image\/","url":"https:\/\/www.webdo.tn\/fr\/wp-content\/uploads\/2025\/06\/Webdo-Tunisie_168377.jpg","contentUrl":"https:\/\/www.webdo.tn\/fr\/wp-content\/uploads\/2025\/06\/Webdo-Tunisie_168377.jpg","width":301,"height":301,"caption":"Webdo"},"image":{"@id":"https:\/\/www.webdo.tn\/fr\/#\/schema\/logo\/image\/"},"sameAs":["https:\/\/www.facebook.com\/webdotn","https:\/\/x.com\/webdo_tn"],"description":"Webdo est un m\u00e9dia num\u00e9rique tunisien fond\u00e9 en 2010, sp\u00e9cialis\u00e9 dans l\u2019actualit\u00e9 nationale et internationale, l\u2019\u00e9conomie, la soci\u00e9t\u00e9 et les analyses politiques. Le site s\u2019adresse \u00e0 un large public francophone et couvre l\u2019information tunisienne en temps r\u00e9el.","email":"redac@webdo.tn","legalName":"YNJ SARL","foundingDate":"2010-09-06","numberOfEmployees":{"@type":"QuantitativeValue","minValue":"11","maxValue":"50"}},{"@type":"Person","@id":"https:\/\/www.webdo.tn\/fr\/#\/schema\/person\/2c4929cbf5a809e3bd38617c6ce150f6","name":"MC","image":{"@type":"ImageObject","inLanguage":"fr-FR","@id":"https:\/\/secure.gravatar.com\/avatar\/a545bbb6f84efdd5553dbbc2895e3ca8f1d12c5215e00a041c9670b54aa9b18a?s=96&d=mm&r=g","url":"https:\/\/secure.gravatar.com\/avatar\/a545bbb6f84efdd5553dbbc2895e3ca8f1d12c5215e00a041c9670b54aa9b18a?s=96&d=mm&r=g","contentUrl":"https:\/\/secure.gravatar.com\/avatar\/a545bbb6f84efdd5553dbbc2895e3ca8f1d12c5215e00a041c9670b54aa9b18a?s=96&d=mm&r=g","caption":"MC"},"url":"https:\/\/www.webdo.tn\/fr\/actualite\/author\/mc\/"}]}},"_links":{"self":[{"href":"https:\/\/www.webdo.tn\/fr\/wp-json\/wp\/v2\/posts\/213241","targetHints":{"allow":["GET"]}}],"collection":[{"href":"https:\/\/www.webdo.tn\/fr\/wp-json\/wp\/v2\/posts"}],"about":[{"href":"https:\/\/www.webdo.tn\/fr\/wp-json\/wp\/v2\/types\/post"}],"author":[{"embeddable":true,"href":"https:\/\/www.webdo.tn\/fr\/wp-json\/wp\/v2\/users\/3162"}],"replies":[{"embeddable":true,"href":"https:\/\/www.webdo.tn\/fr\/wp-json\/wp\/v2\/comments?post=213241"}],"version-history":[{"count":0,"href":"https:\/\/www.webdo.tn\/fr\/wp-json\/wp\/v2\/posts\/213241\/revisions"}],"wp:featuredmedia":[{"embeddable":true,"href":"https:\/\/www.webdo.tn\/fr\/wp-json\/wp\/v2\/media\/290404"}],"wp:attachment":[{"href":"https:\/\/www.webdo.tn\/fr\/wp-json\/wp\/v2\/media?parent=213241"}],"wp:term":[{"taxonomy":"category","embeddable":true,"href":"https:\/\/www.webdo.tn\/fr\/wp-json\/wp\/v2\/categories?post=213241"},{"taxonomy":"post_tag","embeddable":true,"href":"https:\/\/www.webdo.tn\/fr\/wp-json\/wp\/v2\/tags?post=213241"}],"curies":[{"name":"wp","href":"https:\/\/api.w.org\/{rel}","templated":true}]}}