{"id":213238,"date":"2024-03-28T10:29:00","date_gmt":"2024-03-28T10:29:00","guid":{"rendered":"https:\/\/www.webdo.tn\/fr\/blog\/tunisie-ghazi-chaouachi-renvoye-devant-la-chambre-criminelle\/213238\/"},"modified":"2025-05-20T21:51:59","modified_gmt":"2025-05-20T21:51:59","slug":"tunisie-ghazi-chaouachi-renvoye-devant-la-chambre-criminelle","status":"publish","type":"post","link":"https:\/\/www.webdo.tn\/fr\/actualite\/national\/tunisie-ghazi-chaouachi-renvoye-devant-la-chambre-criminelle\/213238\/","title":{"rendered":"Tunisie : Ghazi Chaouachi renvoy\u00e9 devant la Chambre criminelle"},"content":{"rendered":"<p>En \u00e9tat d\u2019arrestation depuis le 23 f\u00e9vrier 2023, Ghazi Chaouachi va \u00eatre renvoy\u00e9 devant la Chambre criminelle pour \u00eatre jug\u00e9.<\/p>\n<p>\t\t\t\t\t\t\t\t\tL&rsquo;avocat et ancien dirigeant du Courant d\u00e9mocrate, Ghazi Chaouachi a fait l\u2019objet d\u2019une plainte d\u00e9pos\u00e9e \u00e0 son encontre par la ministre de la Justice sur la base du d\u00e9cret-loi n\u00b02022-54.<\/p>\n<p>C\u2019est conform\u00e9ment \u00e0 ce d\u00e9cret 54 que la Chambre d&rsquo;accusation de la Cour d&rsquo;appel de Tunis a d\u00e9cid\u00e9 de renvoyer Ghazi Chaouachi, devant la Chambre criminelle du Tribunal de premi\u00e8re instance de Tunis pour y \u00eatre jug\u00e9, rapporte Mosaique fm, ce jeudi 28 mars 2024.<\/p>\n<p>Dans cette affaire la ministre de la Justice, Leila Jaffel, avait d\u00e9pos\u00e9 une plainte \u00e0 l&rsquo;encontre de Ghazi Chaouchi sur la base du d\u00e9cret-loi n\u00b02022-54 suite \u00e0 une d\u00e9claration faite par celui-ci aux m\u00e9dias, pr\u00e9tendant que la Cheffe du gouvernement, Najla Bouden, avait pr\u00e9sent\u00e9 au pr\u00e9sident de la R\u00e9publique sa d\u00e9mission.<\/p>\n<p>Ghazi Chaouachi a \u00e9t\u00e9 arr\u00eat\u00e9 le 24 f\u00e9vrier 2023 pour \u00ab\u00a0complot contre la s\u00e9curit\u00e9 interne et externe de l&rsquo;Etat\u00a0\u00bb. Le juge d\u2019instruction aupr\u00e8s du p\u00f4le antiterroriste a \u00e9mis, le 25 f\u00e9vrier, un mandat de d\u00e9p\u00f4t \u00e0 son encontre.<\/p>\n<p>Il est \u00e0 noter que le juge d&rsquo;instruction a rendu une d\u00e9cision de cl\u00f4ture de l&rsquo;instruction du dossier et a renvoy\u00e9 Ghazi Chaouachi devant la Chambre d&rsquo;accusation qui \u00e0 son tour a confirm\u00e9 la d\u00e9cision de cl\u00f4ture de l&rsquo;instruction et a renvoy\u00e9 Ghazi Chaouachi devant la Chambre criminelle.<\/p>\n","protected":false},"excerpt":{"rendered":"<p>L&rsquo;avocat et ancien dirigeant du Courant d\u00e9mocrate, Ghazi Chaouachi a fait l\u2019objet d\u2019une plainte d\u00e9pos\u00e9e \u00e0 son encontre par la ministre de la Justice sur la base&#8230;<\/p>\n","protected":false},"author":3162,"featured_media":247705,"comment_status":"open","ping_status":"closed","sticky":false,"template":"","format":"standard","meta":{"footnotes":""},"categories":[44],"tags":[3284,6133,2619,2608],"class_list":["post-213238","post","type-post","status-publish","format-standard","has-post-thumbnail","hentry","category-national","tag-decret-54","tag-ghazi-chaouachi","tag-justice","tag-tunisie"],"yoast_head":"<!-- This site is optimized with the Yoast SEO Premium plugin v27.4 (Yoast SEO v27.5) - https:\/\/yoast.com\/product\/yoast-seo-premium-wordpress\/ -->\n<title>Tunisie : Ghazi Chaouachi renvoy\u00e9 devant la Chambre criminelle<\/title>\n<meta name=\"description\" content=\"L&#039;avocat et ancien dirigeant du Courant d\u00e9mocrate, Ghazi Chaouachi a fait l\u2019objet d\u2019une plainte d\u00e9pos\u00e9e \u00e0 son encontre par la ministre de la Justice sur la base...\" \/>\n<link rel=\"canonical\" href=\"https:\/\/www.webdo.tn\/fr\/actualite\/national\/tunisie-ghazi-chaouachi-renvoye-devant-la-chambre-criminelle\/213238\/\" \/>\n<meta property=\"og:locale\" content=\"fr_FR\" \/>\n<meta property=\"og:type\" content=\"article\" \/>\n<meta property=\"og:title\" content=\"Tunisie : Ghazi Chaouachi renvoy\u00e9 devant la Chambre criminelle\" \/>\n<meta property=\"og:description\" content=\"L&#039;avocat et ancien dirigeant du Courant d\u00e9mocrate, Ghazi Chaouachi a fait l\u2019objet d\u2019une plainte d\u00e9pos\u00e9e \u00e0 son encontre par la ministre de la Justice sur la base...\" \/>\n<meta property=\"og:url\" content=\"https:\/\/www.webdo.tn\/fr\/actualite\/national\/tunisie-ghazi-chaouachi-renvoye-devant-la-chambre-criminelle\/213238\/\" \/>\n<meta property=\"og:site_name\" content=\"webdo\" \/>\n<meta property=\"article:publisher\" content=\"https:\/\/www.facebook.com\/webdotn\" \/>\n<meta property=\"article:published_time\" content=\"2024-03-28T10:29:00+00:00\" \/>\n<meta property=\"article:modified_time\" content=\"2025-05-20T21:51:59+00:00\" \/>\n<meta property=\"og:image\" content=\"https:\/\/www.webdo.tn\/fr\/wp-content\/uploads\/2024\/03\/a9247a4bbbc809995723d0ddfe0c20a9.jpg\" \/>\n\t<meta property=\"og:image:width\" content=\"750\" \/>\n\t<meta property=\"og:image:height\" content=\"400\" \/>\n\t<meta property=\"og:image:type\" content=\"image\/jpeg\" \/>\n<meta name=\"author\" content=\"MC\" \/>\n<meta name=\"twitter:card\" content=\"summary_large_image\" \/>\n<meta name=\"twitter:creator\" content=\"@webdo_tn\" \/>\n<meta name=\"twitter:site\" content=\"@webdo_tn\" \/>\n<meta name=\"twitter:label1\" content=\"\u00c9crit par\" \/>\n\t<meta name=\"twitter:data1\" content=\"MC\" \/>\n\t<meta name=\"twitter:label2\" content=\"Dur\u00e9e de lecture estim\u00e9e\" \/>\n\t<meta name=\"twitter:data2\" content=\"1 minute\" \/>\n<script type=\"application\/ld+json\" class=\"yoast-schema-graph\">{\"@context\":\"https:\\\/\\\/schema.org\",\"@graph\":[{\"@type\":\"NewsArticle\",\"@id\":\"https:\\\/\\\/www.webdo.tn\\\/fr\\\/actualite\\\/national\\\/tunisie-ghazi-chaouachi-renvoye-devant-la-chambre-criminelle\\\/213238\\\/#article\",\"isPartOf\":{\"@id\":\"https:\\\/\\\/www.webdo.tn\\\/fr\\\/actualite\\\/national\\\/tunisie-ghazi-chaouachi-renvoye-devant-la-chambre-criminelle\\\/213238\\\/\"},\"author\":{\"name\":\"MC\",\"@id\":\"https:\\\/\\\/www.webdo.tn\\\/fr\\\/#\\\/schema\\\/person\\\/2c4929cbf5a809e3bd38617c6ce150f6\"},\"headline\":\"Tunisie : Ghazi Chaouachi renvoy\u00e9 devant la Chambre criminelle\",\"datePublished\":\"2024-03-28T10:29:00+00:00\",\"dateModified\":\"2025-05-20T21:51:59+00:00\",\"mainEntityOfPage\":{\"@id\":\"https:\\\/\\\/www.webdo.tn\\\/fr\\\/actualite\\\/national\\\/tunisie-ghazi-chaouachi-renvoye-devant-la-chambre-criminelle\\\/213238\\\/\"},\"wordCount\":271,\"commentCount\":0,\"publisher\":{\"@id\":\"https:\\\/\\\/www.webdo.tn\\\/fr\\\/#organization\"},\"image\":{\"@id\":\"https:\\\/\\\/www.webdo.tn\\\/fr\\\/actualite\\\/national\\\/tunisie-ghazi-chaouachi-renvoye-devant-la-chambre-criminelle\\\/213238\\\/#primaryimage\"},\"thumbnailUrl\":\"https:\\\/\\\/www.webdo.tn\\\/fr\\\/wp-content\\\/uploads\\\/2024\\\/03\\\/a9247a4bbbc809995723d0ddfe0c20a9.jpg\",\"keywords\":[\"d\u00e9cret 54\",\"Ghazi Chaouachi\",\"justice\",\"Tunisie\"],\"articleSection\":[\"National\"],\"inLanguage\":\"fr-FR\"},{\"@type\":\"WebPage\",\"@id\":\"https:\\\/\\\/www.webdo.tn\\\/fr\\\/actualite\\\/national\\\/tunisie-ghazi-chaouachi-renvoye-devant-la-chambre-criminelle\\\/213238\\\/\",\"url\":\"https:\\\/\\\/www.webdo.tn\\\/fr\\\/actualite\\\/national\\\/tunisie-ghazi-chaouachi-renvoye-devant-la-chambre-criminelle\\\/213238\\\/\",\"name\":\"Tunisie : Ghazi Chaouachi renvoy\u00e9 devant la Chambre criminelle\",\"isPartOf\":{\"@id\":\"https:\\\/\\\/www.webdo.tn\\\/fr\\\/#website\"},\"primaryImageOfPage\":{\"@id\":\"https:\\\/\\\/www.webdo.tn\\\/fr\\\/actualite\\\/national\\\/tunisie-ghazi-chaouachi-renvoye-devant-la-chambre-criminelle\\\/213238\\\/#primaryimage\"},\"image\":{\"@id\":\"https:\\\/\\\/www.webdo.tn\\\/fr\\\/actualite\\\/national\\\/tunisie-ghazi-chaouachi-renvoye-devant-la-chambre-criminelle\\\/213238\\\/#primaryimage\"},\"thumbnailUrl\":\"https:\\\/\\\/www.webdo.tn\\\/fr\\\/wp-content\\\/uploads\\\/2024\\\/03\\\/a9247a4bbbc809995723d0ddfe0c20a9.jpg\",\"datePublished\":\"2024-03-28T10:29:00+00:00\",\"dateModified\":\"2025-05-20T21:51:59+00:00\",\"description\":\"L'avocat et ancien dirigeant du Courant d\u00e9mocrate, Ghazi Chaouachi a fait l\u2019objet d\u2019une plainte d\u00e9pos\u00e9e \u00e0 son encontre par la ministre de la Justice sur la base...\",\"breadcrumb\":{\"@id\":\"https:\\\/\\\/www.webdo.tn\\\/fr\\\/actualite\\\/national\\\/tunisie-ghazi-chaouachi-renvoye-devant-la-chambre-criminelle\\\/213238\\\/#breadcrumb\"},\"inLanguage\":\"fr-FR\",\"potentialAction\":[{\"@type\":\"ReadAction\",\"target\":[\"https:\\\/\\\/www.webdo.tn\\\/fr\\\/actualite\\\/national\\\/tunisie-ghazi-chaouachi-renvoye-devant-la-chambre-criminelle\\\/213238\\\/\"]}]},{\"@type\":\"ImageObject\",\"inLanguage\":\"fr-FR\",\"@id\":\"https:\\\/\\\/www.webdo.tn\\\/fr\\\/actualite\\\/national\\\/tunisie-ghazi-chaouachi-renvoye-devant-la-chambre-criminelle\\\/213238\\\/#primaryimage\",\"url\":\"https:\\\/\\\/www.webdo.tn\\\/fr\\\/wp-content\\\/uploads\\\/2024\\\/03\\\/a9247a4bbbc809995723d0ddfe0c20a9.jpg\",\"contentUrl\":\"https:\\\/\\\/www.webdo.tn\\\/fr\\\/wp-content\\\/uploads\\\/2024\\\/03\\\/a9247a4bbbc809995723d0ddfe0c20a9.jpg\",\"width\":750,\"height\":400,\"caption\":\"Tunisie : Ghazi Chaouachi renvoy\u00e9 devant la Chambre criminelle\"},{\"@type\":\"BreadcrumbList\",\"@id\":\"https:\\\/\\\/www.webdo.tn\\\/fr\\\/actualite\\\/national\\\/tunisie-ghazi-chaouachi-renvoye-devant-la-chambre-criminelle\\\/213238\\\/#breadcrumb\",\"itemListElement\":[{\"@type\":\"ListItem\",\"position\":1,\"name\":\"Accueil\",\"item\":\"https:\\\/\\\/www.webdo.tn\\\/fr\\\/\"},{\"@type\":\"ListItem\",\"position\":2,\"name\":\"Tunisie : Ghazi Chaouachi renvoy\u00e9 devant la Chambre criminelle\"}]},{\"@type\":\"WebSite\",\"@id\":\"https:\\\/\\\/www.webdo.tn\\\/fr\\\/#website\",\"url\":\"https:\\\/\\\/www.webdo.tn\\\/fr\\\/\",\"name\":\"webdo\",\"description\":\"Tunisie - News en Tunisie et \u00e0 l&#039;international sur Webdo.tn\",\"publisher\":{\"@id\":\"https:\\\/\\\/www.webdo.tn\\\/fr\\\/#organization\"},\"potentialAction\":[{\"@type\":\"SearchAction\",\"target\":{\"@type\":\"EntryPoint\",\"urlTemplate\":\"https:\\\/\\\/www.webdo.tn\\\/fr\\\/?s={search_term_string}\"},\"query-input\":{\"@type\":\"PropertyValueSpecification\",\"valueRequired\":true,\"valueName\":\"search_term_string\"}}],\"inLanguage\":\"fr-FR\"},{\"@type\":\"Organization\",\"@id\":\"https:\\\/\\\/www.webdo.tn\\\/fr\\\/#organization\",\"name\":\"Webdo\",\"alternateName\":\"Webdo.tn\",\"url\":\"https:\\\/\\\/www.webdo.tn\\\/fr\\\/\",\"logo\":{\"@type\":\"ImageObject\",\"inLanguage\":\"fr-FR\",\"@id\":\"https:\\\/\\\/www.webdo.tn\\\/fr\\\/#\\\/schema\\\/logo\\\/image\\\/\",\"url\":\"https:\\\/\\\/www.webdo.tn\\\/fr\\\/wp-content\\\/uploads\\\/2025\\\/06\\\/Webdo-Tunisie_168377.jpg\",\"contentUrl\":\"https:\\\/\\\/www.webdo.tn\\\/fr\\\/wp-content\\\/uploads\\\/2025\\\/06\\\/Webdo-Tunisie_168377.jpg\",\"width\":301,\"height\":301,\"caption\":\"Webdo\"},\"image\":{\"@id\":\"https:\\\/\\\/www.webdo.tn\\\/fr\\\/#\\\/schema\\\/logo\\\/image\\\/\"},\"sameAs\":[\"https:\\\/\\\/www.facebook.com\\\/webdotn\",\"https:\\\/\\\/x.com\\\/webdo_tn\"],\"description\":\"Webdo est un m\u00e9dia num\u00e9rique tunisien fond\u00e9 en 2010, sp\u00e9cialis\u00e9 dans l\u2019actualit\u00e9 nationale et internationale, l\u2019\u00e9conomie, la soci\u00e9t\u00e9 et les analyses politiques. Le site s\u2019adresse \u00e0 un large public francophone et couvre l\u2019information tunisienne en temps r\u00e9el.\",\"email\":\"redac@webdo.tn\",\"legalName\":\"YNJ SARL\",\"foundingDate\":\"2010-09-06\",\"numberOfEmployees\":{\"@type\":\"QuantitativeValue\",\"minValue\":\"11\",\"maxValue\":\"50\"}},{\"@type\":\"Person\",\"@id\":\"https:\\\/\\\/www.webdo.tn\\\/fr\\\/#\\\/schema\\\/person\\\/2c4929cbf5a809e3bd38617c6ce150f6\",\"name\":\"MC\",\"image\":{\"@type\":\"ImageObject\",\"inLanguage\":\"fr-FR\",\"@id\":\"https:\\\/\\\/secure.gravatar.com\\\/avatar\\\/a545bbb6f84efdd5553dbbc2895e3ca8f1d12c5215e00a041c9670b54aa9b18a?s=96&d=mm&r=g\",\"url\":\"https:\\\/\\\/secure.gravatar.com\\\/avatar\\\/a545bbb6f84efdd5553dbbc2895e3ca8f1d12c5215e00a041c9670b54aa9b18a?s=96&d=mm&r=g\",\"contentUrl\":\"https:\\\/\\\/secure.gravatar.com\\\/avatar\\\/a545bbb6f84efdd5553dbbc2895e3ca8f1d12c5215e00a041c9670b54aa9b18a?s=96&d=mm&r=g\",\"caption\":\"MC\"},\"url\":\"https:\\\/\\\/www.webdo.tn\\\/fr\\\/actualite\\\/author\\\/mc\\\/\"}]}<\/script>\n<!-- \/ Yoast SEO Premium plugin. -->","yoast_head_json":{"title":"Tunisie : Ghazi Chaouachi renvoy\u00e9 devant la Chambre criminelle","description":"L'avocat et ancien dirigeant du Courant d\u00e9mocrate, Ghazi Chaouachi a fait l\u2019objet d\u2019une plainte d\u00e9pos\u00e9e \u00e0 son encontre par la ministre de la Justice sur la base...","canonical":"https:\/\/www.webdo.tn\/fr\/actualite\/national\/tunisie-ghazi-chaouachi-renvoye-devant-la-chambre-criminelle\/213238\/","og_locale":"fr_FR","og_type":"article","og_title":"Tunisie : Ghazi Chaouachi renvoy\u00e9 devant la Chambre criminelle","og_description":"L'avocat et ancien dirigeant du Courant d\u00e9mocrate, Ghazi Chaouachi a fait l\u2019objet d\u2019une plainte d\u00e9pos\u00e9e \u00e0 son encontre par la ministre de la Justice sur la base...","og_url":"https:\/\/www.webdo.tn\/fr\/actualite\/national\/tunisie-ghazi-chaouachi-renvoye-devant-la-chambre-criminelle\/213238\/","og_site_name":"webdo","article_publisher":"https:\/\/www.facebook.com\/webdotn","article_published_time":"2024-03-28T10:29:00+00:00","article_modified_time":"2025-05-20T21:51:59+00:00","og_image":[{"width":750,"height":400,"url":"https:\/\/www.webdo.tn\/fr\/wp-content\/uploads\/2024\/03\/a9247a4bbbc809995723d0ddfe0c20a9.jpg","type":"image\/jpeg"}],"author":"MC","twitter_card":"summary_large_image","twitter_creator":"@webdo_tn","twitter_site":"@webdo_tn","twitter_misc":{"\u00c9crit par":"MC","Dur\u00e9e de lecture estim\u00e9e":"1 minute"},"schema":{"@context":"https:\/\/schema.org","@graph":[{"@type":"NewsArticle","@id":"https:\/\/www.webdo.tn\/fr\/actualite\/national\/tunisie-ghazi-chaouachi-renvoye-devant-la-chambre-criminelle\/213238\/#article","isPartOf":{"@id":"https:\/\/www.webdo.tn\/fr\/actualite\/national\/tunisie-ghazi-chaouachi-renvoye-devant-la-chambre-criminelle\/213238\/"},"author":{"name":"MC","@id":"https:\/\/www.webdo.tn\/fr\/#\/schema\/person\/2c4929cbf5a809e3bd38617c6ce150f6"},"headline":"Tunisie : Ghazi Chaouachi renvoy\u00e9 devant la Chambre criminelle","datePublished":"2024-03-28T10:29:00+00:00","dateModified":"2025-05-20T21:51:59+00:00","mainEntityOfPage":{"@id":"https:\/\/www.webdo.tn\/fr\/actualite\/national\/tunisie-ghazi-chaouachi-renvoye-devant-la-chambre-criminelle\/213238\/"},"wordCount":271,"commentCount":0,"publisher":{"@id":"https:\/\/www.webdo.tn\/fr\/#organization"},"image":{"@id":"https:\/\/www.webdo.tn\/fr\/actualite\/national\/tunisie-ghazi-chaouachi-renvoye-devant-la-chambre-criminelle\/213238\/#primaryimage"},"thumbnailUrl":"https:\/\/www.webdo.tn\/fr\/wp-content\/uploads\/2024\/03\/a9247a4bbbc809995723d0ddfe0c20a9.jpg","keywords":["d\u00e9cret 54","Ghazi Chaouachi","justice","Tunisie"],"articleSection":["National"],"inLanguage":"fr-FR"},{"@type":"WebPage","@id":"https:\/\/www.webdo.tn\/fr\/actualite\/national\/tunisie-ghazi-chaouachi-renvoye-devant-la-chambre-criminelle\/213238\/","url":"https:\/\/www.webdo.tn\/fr\/actualite\/national\/tunisie-ghazi-chaouachi-renvoye-devant-la-chambre-criminelle\/213238\/","name":"Tunisie : Ghazi Chaouachi renvoy\u00e9 devant la Chambre criminelle","isPartOf":{"@id":"https:\/\/www.webdo.tn\/fr\/#website"},"primaryImageOfPage":{"@id":"https:\/\/www.webdo.tn\/fr\/actualite\/national\/tunisie-ghazi-chaouachi-renvoye-devant-la-chambre-criminelle\/213238\/#primaryimage"},"image":{"@id":"https:\/\/www.webdo.tn\/fr\/actualite\/national\/tunisie-ghazi-chaouachi-renvoye-devant-la-chambre-criminelle\/213238\/#primaryimage"},"thumbnailUrl":"https:\/\/www.webdo.tn\/fr\/wp-content\/uploads\/2024\/03\/a9247a4bbbc809995723d0ddfe0c20a9.jpg","datePublished":"2024-03-28T10:29:00+00:00","dateModified":"2025-05-20T21:51:59+00:00","description":"L'avocat et ancien dirigeant du Courant d\u00e9mocrate, Ghazi Chaouachi a fait l\u2019objet d\u2019une plainte d\u00e9pos\u00e9e \u00e0 son encontre par la ministre de la Justice sur la base...","breadcrumb":{"@id":"https:\/\/www.webdo.tn\/fr\/actualite\/national\/tunisie-ghazi-chaouachi-renvoye-devant-la-chambre-criminelle\/213238\/#breadcrumb"},"inLanguage":"fr-FR","potentialAction":[{"@type":"ReadAction","target":["https:\/\/www.webdo.tn\/fr\/actualite\/national\/tunisie-ghazi-chaouachi-renvoye-devant-la-chambre-criminelle\/213238\/"]}]},{"@type":"ImageObject","inLanguage":"fr-FR","@id":"https:\/\/www.webdo.tn\/fr\/actualite\/national\/tunisie-ghazi-chaouachi-renvoye-devant-la-chambre-criminelle\/213238\/#primaryimage","url":"https:\/\/www.webdo.tn\/fr\/wp-content\/uploads\/2024\/03\/a9247a4bbbc809995723d0ddfe0c20a9.jpg","contentUrl":"https:\/\/www.webdo.tn\/fr\/wp-content\/uploads\/2024\/03\/a9247a4bbbc809995723d0ddfe0c20a9.jpg","width":750,"height":400,"caption":"Tunisie : Ghazi Chaouachi renvoy\u00e9 devant la Chambre criminelle"},{"@type":"BreadcrumbList","@id":"https:\/\/www.webdo.tn\/fr\/actualite\/national\/tunisie-ghazi-chaouachi-renvoye-devant-la-chambre-criminelle\/213238\/#breadcrumb","itemListElement":[{"@type":"ListItem","position":1,"name":"Accueil","item":"https:\/\/www.webdo.tn\/fr\/"},{"@type":"ListItem","position":2,"name":"Tunisie : Ghazi Chaouachi renvoy\u00e9 devant la Chambre criminelle"}]},{"@type":"WebSite","@id":"https:\/\/www.webdo.tn\/fr\/#website","url":"https:\/\/www.webdo.tn\/fr\/","name":"webdo","description":"Tunisie - News en Tunisie et \u00e0 l&#039;international sur Webdo.tn","publisher":{"@id":"https:\/\/www.webdo.tn\/fr\/#organization"},"potentialAction":[{"@type":"SearchAction","target":{"@type":"EntryPoint","urlTemplate":"https:\/\/www.webdo.tn\/fr\/?s={search_term_string}"},"query-input":{"@type":"PropertyValueSpecification","valueRequired":true,"valueName":"search_term_string"}}],"inLanguage":"fr-FR"},{"@type":"Organization","@id":"https:\/\/www.webdo.tn\/fr\/#organization","name":"Webdo","alternateName":"Webdo.tn","url":"https:\/\/www.webdo.tn\/fr\/","logo":{"@type":"ImageObject","inLanguage":"fr-FR","@id":"https:\/\/www.webdo.tn\/fr\/#\/schema\/logo\/image\/","url":"https:\/\/www.webdo.tn\/fr\/wp-content\/uploads\/2025\/06\/Webdo-Tunisie_168377.jpg","contentUrl":"https:\/\/www.webdo.tn\/fr\/wp-content\/uploads\/2025\/06\/Webdo-Tunisie_168377.jpg","width":301,"height":301,"caption":"Webdo"},"image":{"@id":"https:\/\/www.webdo.tn\/fr\/#\/schema\/logo\/image\/"},"sameAs":["https:\/\/www.facebook.com\/webdotn","https:\/\/x.com\/webdo_tn"],"description":"Webdo est un m\u00e9dia num\u00e9rique tunisien fond\u00e9 en 2010, sp\u00e9cialis\u00e9 dans l\u2019actualit\u00e9 nationale et internationale, l\u2019\u00e9conomie, la soci\u00e9t\u00e9 et les analyses politiques. Le site s\u2019adresse \u00e0 un large public francophone et couvre l\u2019information tunisienne en temps r\u00e9el.","email":"redac@webdo.tn","legalName":"YNJ SARL","foundingDate":"2010-09-06","numberOfEmployees":{"@type":"QuantitativeValue","minValue":"11","maxValue":"50"}},{"@type":"Person","@id":"https:\/\/www.webdo.tn\/fr\/#\/schema\/person\/2c4929cbf5a809e3bd38617c6ce150f6","name":"MC","image":{"@type":"ImageObject","inLanguage":"fr-FR","@id":"https:\/\/secure.gravatar.com\/avatar\/a545bbb6f84efdd5553dbbc2895e3ca8f1d12c5215e00a041c9670b54aa9b18a?s=96&d=mm&r=g","url":"https:\/\/secure.gravatar.com\/avatar\/a545bbb6f84efdd5553dbbc2895e3ca8f1d12c5215e00a041c9670b54aa9b18a?s=96&d=mm&r=g","contentUrl":"https:\/\/secure.gravatar.com\/avatar\/a545bbb6f84efdd5553dbbc2895e3ca8f1d12c5215e00a041c9670b54aa9b18a?s=96&d=mm&r=g","caption":"MC"},"url":"https:\/\/www.webdo.tn\/fr\/actualite\/author\/mc\/"}]}},"_links":{"self":[{"href":"https:\/\/www.webdo.tn\/fr\/wp-json\/wp\/v2\/posts\/213238","targetHints":{"allow":["GET"]}}],"collection":[{"href":"https:\/\/www.webdo.tn\/fr\/wp-json\/wp\/v2\/posts"}],"about":[{"href":"https:\/\/www.webdo.tn\/fr\/wp-json\/wp\/v2\/types\/post"}],"author":[{"embeddable":true,"href":"https:\/\/www.webdo.tn\/fr\/wp-json\/wp\/v2\/users\/3162"}],"replies":[{"embeddable":true,"href":"https:\/\/www.webdo.tn\/fr\/wp-json\/wp\/v2\/comments?post=213238"}],"version-history":[{"count":0,"href":"https:\/\/www.webdo.tn\/fr\/wp-json\/wp\/v2\/posts\/213238\/revisions"}],"wp:featuredmedia":[{"embeddable":true,"href":"https:\/\/www.webdo.tn\/fr\/wp-json\/wp\/v2\/media\/247705"}],"wp:attachment":[{"href":"https:\/\/www.webdo.tn\/fr\/wp-json\/wp\/v2\/media?parent=213238"}],"wp:term":[{"taxonomy":"category","embeddable":true,"href":"https:\/\/www.webdo.tn\/fr\/wp-json\/wp\/v2\/categories?post=213238"},{"taxonomy":"post_tag","embeddable":true,"href":"https:\/\/www.webdo.tn\/fr\/wp-json\/wp\/v2\/tags?post=213238"}],"curies":[{"name":"wp","href":"https:\/\/api.w.org\/{rel}","templated":true}]}}