{"id":213231,"date":"2024-03-27T21:58:00","date_gmt":"2024-03-27T21:58:00","guid":{"rendered":"https:\/\/www.webdo.tn\/fr\/blog\/kais-saied-deplore-la-deterioration-continue-des-services-de-sante\/213231\/"},"modified":"2024-03-27T21:58:00","modified_gmt":"2024-03-27T21:58:00","slug":"kais-saied-deplore-la-deterioration-continue-des-services-de-sante","status":"publish","type":"post","link":"https:\/\/www.webdo.tn\/fr\/actualite\/national\/kais-saied-deplore-la-deterioration-continue-des-services-de-sante\/213231\/","title":{"rendered":"Kais Saied d\u00e9plore la d\u00e9t\u00e9rioration continue des services de sant\u00e9"},"content":{"rendered":"<p>L&rsquo;examen du projet relatif \u00e0 la cit\u00e9 m\u00e9dicale de Kairouan a \u00e9t\u00e9 au centre d&rsquo;une r\u00e9union, pr\u00e9sid\u00e9e par le Chef de l&rsquo;Etat, Kais Saied, au palais de Carthage,  ce mercredi 27 mars 2024.<\/p>\n<p>\t\t\t\t\t\t\t\t\tLe Pr\u00e9sident de la R\u00e9publique a \u00e9voqu\u00e9, \u00e0 cette occasion,\u00a0le programme de r\u00e9forme structurelle adopt\u00e9 \u00e0 la fin des ann\u00e9es quatre-vingt et qui a eu pour cons\u00e9quence la d\u00e9t\u00e9rioration progressive des diff\u00e9rents services de sant\u00e9.\u00a0<\/p>\n<p>En ce sens, Kais Saied a expliqu\u00e9 que l&rsquo;Etat doit trouver des solutions pour encourager les meilleurs m\u00e9decins \u00e0 rester en Tunisie et \u00e0 travailler davantage dans les r\u00e9gions int\u00e9rieures, en am\u00e9liorant notamment les installations et le manque \u00e9vident de fournitures de base.<\/p>\n<p>Pour ce qui est de la cit\u00e9 m\u00e9dicale de Kairouan,\u00a0Le Pr\u00e9sident a pass\u00e9 en revue\u00a0les difficult\u00e9s rencontr\u00e9es dans le lancement du projet, qui a\u00a0\u00e9t\u00e9 entrav\u00e9 depuis 2020.<\/p>\n","protected":false},"excerpt":{"rendered":"<p>L&rsquo;examen du projet relatif \u00e0 la cit\u00e9 m\u00e9dicale de Kairouan a \u00e9t\u00e9 au centre d&rsquo;une r\u00e9union, pr\u00e9sid\u00e9e par le Chef de l&rsquo;Etat, Kais Saied, au palais de Carthage,  ce&#8230;<\/p>\n","protected":false},"author":3169,"featured_media":247700,"comment_status":"open","ping_status":"closed","sticky":false,"template":"","format":"standard","meta":{"footnotes":""},"categories":[44],"tags":[3912,3090,2701,2731,2608],"class_list":["post-213231","post","type-post","status-publish","format-standard","has-post-thumbnail","hentry","category-national","tag-cite-medicale","tag-kairouan","tag-medecins","tag-sante","tag-tunisie"],"yoast_head":"<!-- This site is optimized with the Yoast SEO Premium plugin v27.5 (Yoast SEO v27.5) - https:\/\/yoast.com\/product\/yoast-seo-premium-wordpress\/ -->\n<title>Kais Saied d\u00e9plore la d\u00e9t\u00e9rioration continue des services de sant\u00e9<\/title>\n<meta name=\"description\" content=\"L&#039;examen du projet relatif \u00e0 la cit\u00e9 m\u00e9dicale de Kairouan a \u00e9t\u00e9 au centre d&#039;une r\u00e9union, pr\u00e9sid\u00e9e par le Chef de l&#039;Etat, Kais Saied, au palais de Carthage, ce...\" \/>\n<link rel=\"canonical\" href=\"https:\/\/www.webdo.tn\/fr\/actualite\/national\/kais-saied-deplore-la-deterioration-continue-des-services-de-sante\/213231\/\" \/>\n<meta property=\"og:locale\" content=\"fr_FR\" \/>\n<meta property=\"og:type\" content=\"article\" \/>\n<meta property=\"og:title\" content=\"Kais Saied d\u00e9plore la d\u00e9t\u00e9rioration continue des services de sant\u00e9\" \/>\n<meta property=\"og:description\" content=\"L&#039;examen du projet relatif \u00e0 la cit\u00e9 m\u00e9dicale de Kairouan a \u00e9t\u00e9 au centre d&#039;une r\u00e9union, pr\u00e9sid\u00e9e par le Chef de l&#039;Etat, Kais Saied, au palais de Carthage, ce...\" \/>\n<meta property=\"og:url\" content=\"https:\/\/www.webdo.tn\/fr\/actualite\/national\/kais-saied-deplore-la-deterioration-continue-des-services-de-sante\/213231\/\" \/>\n<meta property=\"og:site_name\" content=\"webdo\" \/>\n<meta property=\"article:publisher\" content=\"https:\/\/www.facebook.com\/webdotn\" \/>\n<meta property=\"article:published_time\" content=\"2024-03-27T21:58:00+00:00\" \/>\n<meta property=\"og:image\" content=\"https:\/\/www.webdo.tn\/fr\/wp-content\/uploads\/2024\/03\/0dbe53f5c869a346f277ab76e4327832.jpeg\" \/>\n\t<meta property=\"og:image:width\" content=\"750\" \/>\n\t<meta property=\"og:image:height\" content=\"400\" \/>\n\t<meta property=\"og:image:type\" content=\"image\/jpeg\" \/>\n<meta name=\"author\" content=\"Webdo\" \/>\n<meta name=\"twitter:card\" content=\"summary_large_image\" \/>\n<meta name=\"twitter:creator\" content=\"@webdo_tn\" \/>\n<meta name=\"twitter:site\" content=\"@webdo_tn\" \/>\n<meta name=\"twitter:label1\" content=\"\u00c9crit par\" \/>\n\t<meta name=\"twitter:data1\" content=\"Webdo\" \/>\n\t<meta name=\"twitter:label2\" content=\"Dur\u00e9e de lecture estim\u00e9e\" \/>\n\t<meta name=\"twitter:data2\" content=\"1 minute\" \/>\n<script type=\"application\/ld+json\" class=\"yoast-schema-graph\">{\"@context\":\"https:\\\/\\\/schema.org\",\"@graph\":[{\"@type\":\"NewsArticle\",\"@id\":\"https:\\\/\\\/www.webdo.tn\\\/fr\\\/actualite\\\/national\\\/kais-saied-deplore-la-deterioration-continue-des-services-de-sante\\\/213231\\\/#article\",\"isPartOf\":{\"@id\":\"https:\\\/\\\/www.webdo.tn\\\/fr\\\/actualite\\\/national\\\/kais-saied-deplore-la-deterioration-continue-des-services-de-sante\\\/213231\\\/\"},\"author\":{\"name\":\"Webdo\",\"@id\":\"https:\\\/\\\/www.webdo.tn\\\/fr\\\/#\\\/schema\\\/person\\\/1f4e491e0907b413d61089e8eb573acc\"},\"headline\":\"Kais Saied d\u00e9plore la d\u00e9t\u00e9rioration continue des services de sant\u00e9\",\"datePublished\":\"2024-03-27T21:58:00+00:00\",\"mainEntityOfPage\":{\"@id\":\"https:\\\/\\\/www.webdo.tn\\\/fr\\\/actualite\\\/national\\\/kais-saied-deplore-la-deterioration-continue-des-services-de-sante\\\/213231\\\/\"},\"wordCount\":171,\"commentCount\":0,\"publisher\":{\"@id\":\"https:\\\/\\\/www.webdo.tn\\\/fr\\\/#organization\"},\"image\":{\"@id\":\"https:\\\/\\\/www.webdo.tn\\\/fr\\\/actualite\\\/national\\\/kais-saied-deplore-la-deterioration-continue-des-services-de-sante\\\/213231\\\/#primaryimage\"},\"thumbnailUrl\":\"https:\\\/\\\/www.webdo.tn\\\/fr\\\/wp-content\\\/uploads\\\/2024\\\/03\\\/0dbe53f5c869a346f277ab76e4327832.jpeg\",\"keywords\":[\"Cit\u00e9 m\u00e9dicale\",\"Kairouan\",\"m\u00e9decins\",\"Sant\u00e9\",\"Tunisie\"],\"articleSection\":[\"National\"],\"inLanguage\":\"fr-FR\"},{\"@type\":\"WebPage\",\"@id\":\"https:\\\/\\\/www.webdo.tn\\\/fr\\\/actualite\\\/national\\\/kais-saied-deplore-la-deterioration-continue-des-services-de-sante\\\/213231\\\/\",\"url\":\"https:\\\/\\\/www.webdo.tn\\\/fr\\\/actualite\\\/national\\\/kais-saied-deplore-la-deterioration-continue-des-services-de-sante\\\/213231\\\/\",\"name\":\"Kais Saied d\u00e9plore la d\u00e9t\u00e9rioration continue des services de sant\u00e9\",\"isPartOf\":{\"@id\":\"https:\\\/\\\/www.webdo.tn\\\/fr\\\/#website\"},\"primaryImageOfPage\":{\"@id\":\"https:\\\/\\\/www.webdo.tn\\\/fr\\\/actualite\\\/national\\\/kais-saied-deplore-la-deterioration-continue-des-services-de-sante\\\/213231\\\/#primaryimage\"},\"image\":{\"@id\":\"https:\\\/\\\/www.webdo.tn\\\/fr\\\/actualite\\\/national\\\/kais-saied-deplore-la-deterioration-continue-des-services-de-sante\\\/213231\\\/#primaryimage\"},\"thumbnailUrl\":\"https:\\\/\\\/www.webdo.tn\\\/fr\\\/wp-content\\\/uploads\\\/2024\\\/03\\\/0dbe53f5c869a346f277ab76e4327832.jpeg\",\"datePublished\":\"2024-03-27T21:58:00+00:00\",\"description\":\"L'examen du projet relatif \u00e0 la cit\u00e9 m\u00e9dicale de Kairouan a \u00e9t\u00e9 au centre d'une r\u00e9union, pr\u00e9sid\u00e9e par le Chef de l'Etat, Kais Saied, au palais de Carthage, ce...\",\"breadcrumb\":{\"@id\":\"https:\\\/\\\/www.webdo.tn\\\/fr\\\/actualite\\\/national\\\/kais-saied-deplore-la-deterioration-continue-des-services-de-sante\\\/213231\\\/#breadcrumb\"},\"inLanguage\":\"fr-FR\",\"potentialAction\":[{\"@type\":\"ReadAction\",\"target\":[\"https:\\\/\\\/www.webdo.tn\\\/fr\\\/actualite\\\/national\\\/kais-saied-deplore-la-deterioration-continue-des-services-de-sante\\\/213231\\\/\"]}]},{\"@type\":\"ImageObject\",\"inLanguage\":\"fr-FR\",\"@id\":\"https:\\\/\\\/www.webdo.tn\\\/fr\\\/actualite\\\/national\\\/kais-saied-deplore-la-deterioration-continue-des-services-de-sante\\\/213231\\\/#primaryimage\",\"url\":\"https:\\\/\\\/www.webdo.tn\\\/fr\\\/wp-content\\\/uploads\\\/2024\\\/03\\\/0dbe53f5c869a346f277ab76e4327832.jpeg\",\"contentUrl\":\"https:\\\/\\\/www.webdo.tn\\\/fr\\\/wp-content\\\/uploads\\\/2024\\\/03\\\/0dbe53f5c869a346f277ab76e4327832.jpeg\",\"width\":750,\"height\":400,\"caption\":\"Kais Saied d\u00e9plore la d\u00e9t\u00e9rioration continue des services de sant\u00e9\"},{\"@type\":\"BreadcrumbList\",\"@id\":\"https:\\\/\\\/www.webdo.tn\\\/fr\\\/actualite\\\/national\\\/kais-saied-deplore-la-deterioration-continue-des-services-de-sante\\\/213231\\\/#breadcrumb\",\"itemListElement\":[{\"@type\":\"ListItem\",\"position\":1,\"name\":\"Accueil\",\"item\":\"https:\\\/\\\/www.webdo.tn\\\/fr\\\/\"},{\"@type\":\"ListItem\",\"position\":2,\"name\":\"Kais Saied d\u00e9plore la d\u00e9t\u00e9rioration continue des services de sant\u00e9\"}]},{\"@type\":\"WebSite\",\"@id\":\"https:\\\/\\\/www.webdo.tn\\\/fr\\\/#website\",\"url\":\"https:\\\/\\\/www.webdo.tn\\\/fr\\\/\",\"name\":\"webdo\",\"description\":\"Tunisie - News en Tunisie et \u00e0 l&#039;international sur Webdo.tn\",\"publisher\":{\"@id\":\"https:\\\/\\\/www.webdo.tn\\\/fr\\\/#organization\"},\"potentialAction\":[{\"@type\":\"SearchAction\",\"target\":{\"@type\":\"EntryPoint\",\"urlTemplate\":\"https:\\\/\\\/www.webdo.tn\\\/fr\\\/?s={search_term_string}\"},\"query-input\":{\"@type\":\"PropertyValueSpecification\",\"valueRequired\":true,\"valueName\":\"search_term_string\"}}],\"inLanguage\":\"fr-FR\"},{\"@type\":\"Organization\",\"@id\":\"https:\\\/\\\/www.webdo.tn\\\/fr\\\/#organization\",\"name\":\"Webdo\",\"alternateName\":\"Webdo.tn\",\"url\":\"https:\\\/\\\/www.webdo.tn\\\/fr\\\/\",\"logo\":{\"@type\":\"ImageObject\",\"inLanguage\":\"fr-FR\",\"@id\":\"https:\\\/\\\/www.webdo.tn\\\/fr\\\/#\\\/schema\\\/logo\\\/image\\\/\",\"url\":\"https:\\\/\\\/www.webdo.tn\\\/fr\\\/wp-content\\\/uploads\\\/2025\\\/06\\\/Webdo-Tunisie_168377.jpg\",\"contentUrl\":\"https:\\\/\\\/www.webdo.tn\\\/fr\\\/wp-content\\\/uploads\\\/2025\\\/06\\\/Webdo-Tunisie_168377.jpg\",\"width\":301,\"height\":301,\"caption\":\"Webdo\"},\"image\":{\"@id\":\"https:\\\/\\\/www.webdo.tn\\\/fr\\\/#\\\/schema\\\/logo\\\/image\\\/\"},\"sameAs\":[\"https:\\\/\\\/www.facebook.com\\\/webdotn\",\"https:\\\/\\\/x.com\\\/webdo_tn\"],\"description\":\"Webdo est un m\u00e9dia num\u00e9rique tunisien fond\u00e9 en 2010, sp\u00e9cialis\u00e9 dans l\u2019actualit\u00e9 nationale et internationale, l\u2019\u00e9conomie, la soci\u00e9t\u00e9 et les analyses politiques. Le site s\u2019adresse \u00e0 un large public francophone et couvre l\u2019information tunisienne en temps r\u00e9el.\",\"email\":\"redac@webdo.tn\",\"legalName\":\"YNJ SARL\",\"foundingDate\":\"2010-09-06\",\"numberOfEmployees\":{\"@type\":\"QuantitativeValue\",\"minValue\":\"11\",\"maxValue\":\"50\"}},{\"@type\":\"Person\",\"@id\":\"https:\\\/\\\/www.webdo.tn\\\/fr\\\/#\\\/schema\\\/person\\\/1f4e491e0907b413d61089e8eb573acc\",\"name\":\"Webdo\",\"image\":{\"@type\":\"ImageObject\",\"inLanguage\":\"fr-FR\",\"@id\":\"https:\\\/\\\/secure.gravatar.com\\\/avatar\\\/de97aeec1bb80978a9dbb127e47dfc88aaacb2f3c29aac907d8d3222e3495d49?s=96&d=mm&r=g\",\"url\":\"https:\\\/\\\/secure.gravatar.com\\\/avatar\\\/de97aeec1bb80978a9dbb127e47dfc88aaacb2f3c29aac907d8d3222e3495d49?s=96&d=mm&r=g\",\"contentUrl\":\"https:\\\/\\\/secure.gravatar.com\\\/avatar\\\/de97aeec1bb80978a9dbb127e47dfc88aaacb2f3c29aac907d8d3222e3495d49?s=96&d=mm&r=g\",\"caption\":\"Webdo\"},\"url\":\"https:\\\/\\\/www.webdo.tn\\\/fr\\\/actualite\\\/author\\\/webdo\\\/\"}]}<\/script>\n<!-- \/ Yoast SEO Premium plugin. -->","yoast_head_json":{"title":"Kais Saied d\u00e9plore la d\u00e9t\u00e9rioration continue des services de sant\u00e9","description":"L'examen du projet relatif \u00e0 la cit\u00e9 m\u00e9dicale de Kairouan a \u00e9t\u00e9 au centre d'une r\u00e9union, pr\u00e9sid\u00e9e par le Chef de l'Etat, Kais Saied, au palais de Carthage, ce...","canonical":"https:\/\/www.webdo.tn\/fr\/actualite\/national\/kais-saied-deplore-la-deterioration-continue-des-services-de-sante\/213231\/","og_locale":"fr_FR","og_type":"article","og_title":"Kais Saied d\u00e9plore la d\u00e9t\u00e9rioration continue des services de sant\u00e9","og_description":"L'examen du projet relatif \u00e0 la cit\u00e9 m\u00e9dicale de Kairouan a \u00e9t\u00e9 au centre d'une r\u00e9union, pr\u00e9sid\u00e9e par le Chef de l'Etat, Kais Saied, au palais de Carthage, ce...","og_url":"https:\/\/www.webdo.tn\/fr\/actualite\/national\/kais-saied-deplore-la-deterioration-continue-des-services-de-sante\/213231\/","og_site_name":"webdo","article_publisher":"https:\/\/www.facebook.com\/webdotn","article_published_time":"2024-03-27T21:58:00+00:00","og_image":[{"width":750,"height":400,"url":"https:\/\/www.webdo.tn\/fr\/wp-content\/uploads\/2024\/03\/0dbe53f5c869a346f277ab76e4327832.jpeg","type":"image\/jpeg"}],"author":"Webdo","twitter_card":"summary_large_image","twitter_creator":"@webdo_tn","twitter_site":"@webdo_tn","twitter_misc":{"\u00c9crit par":"Webdo","Dur\u00e9e de lecture estim\u00e9e":"1 minute"},"schema":{"@context":"https:\/\/schema.org","@graph":[{"@type":"NewsArticle","@id":"https:\/\/www.webdo.tn\/fr\/actualite\/national\/kais-saied-deplore-la-deterioration-continue-des-services-de-sante\/213231\/#article","isPartOf":{"@id":"https:\/\/www.webdo.tn\/fr\/actualite\/national\/kais-saied-deplore-la-deterioration-continue-des-services-de-sante\/213231\/"},"author":{"name":"Webdo","@id":"https:\/\/www.webdo.tn\/fr\/#\/schema\/person\/1f4e491e0907b413d61089e8eb573acc"},"headline":"Kais Saied d\u00e9plore la d\u00e9t\u00e9rioration continue des services de sant\u00e9","datePublished":"2024-03-27T21:58:00+00:00","mainEntityOfPage":{"@id":"https:\/\/www.webdo.tn\/fr\/actualite\/national\/kais-saied-deplore-la-deterioration-continue-des-services-de-sante\/213231\/"},"wordCount":171,"commentCount":0,"publisher":{"@id":"https:\/\/www.webdo.tn\/fr\/#organization"},"image":{"@id":"https:\/\/www.webdo.tn\/fr\/actualite\/national\/kais-saied-deplore-la-deterioration-continue-des-services-de-sante\/213231\/#primaryimage"},"thumbnailUrl":"https:\/\/www.webdo.tn\/fr\/wp-content\/uploads\/2024\/03\/0dbe53f5c869a346f277ab76e4327832.jpeg","keywords":["Cit\u00e9 m\u00e9dicale","Kairouan","m\u00e9decins","Sant\u00e9","Tunisie"],"articleSection":["National"],"inLanguage":"fr-FR"},{"@type":"WebPage","@id":"https:\/\/www.webdo.tn\/fr\/actualite\/national\/kais-saied-deplore-la-deterioration-continue-des-services-de-sante\/213231\/","url":"https:\/\/www.webdo.tn\/fr\/actualite\/national\/kais-saied-deplore-la-deterioration-continue-des-services-de-sante\/213231\/","name":"Kais Saied d\u00e9plore la d\u00e9t\u00e9rioration continue des services de sant\u00e9","isPartOf":{"@id":"https:\/\/www.webdo.tn\/fr\/#website"},"primaryImageOfPage":{"@id":"https:\/\/www.webdo.tn\/fr\/actualite\/national\/kais-saied-deplore-la-deterioration-continue-des-services-de-sante\/213231\/#primaryimage"},"image":{"@id":"https:\/\/www.webdo.tn\/fr\/actualite\/national\/kais-saied-deplore-la-deterioration-continue-des-services-de-sante\/213231\/#primaryimage"},"thumbnailUrl":"https:\/\/www.webdo.tn\/fr\/wp-content\/uploads\/2024\/03\/0dbe53f5c869a346f277ab76e4327832.jpeg","datePublished":"2024-03-27T21:58:00+00:00","description":"L'examen du projet relatif \u00e0 la cit\u00e9 m\u00e9dicale de Kairouan a \u00e9t\u00e9 au centre d'une r\u00e9union, pr\u00e9sid\u00e9e par le Chef de l'Etat, Kais Saied, au palais de Carthage, ce...","breadcrumb":{"@id":"https:\/\/www.webdo.tn\/fr\/actualite\/national\/kais-saied-deplore-la-deterioration-continue-des-services-de-sante\/213231\/#breadcrumb"},"inLanguage":"fr-FR","potentialAction":[{"@type":"ReadAction","target":["https:\/\/www.webdo.tn\/fr\/actualite\/national\/kais-saied-deplore-la-deterioration-continue-des-services-de-sante\/213231\/"]}]},{"@type":"ImageObject","inLanguage":"fr-FR","@id":"https:\/\/www.webdo.tn\/fr\/actualite\/national\/kais-saied-deplore-la-deterioration-continue-des-services-de-sante\/213231\/#primaryimage","url":"https:\/\/www.webdo.tn\/fr\/wp-content\/uploads\/2024\/03\/0dbe53f5c869a346f277ab76e4327832.jpeg","contentUrl":"https:\/\/www.webdo.tn\/fr\/wp-content\/uploads\/2024\/03\/0dbe53f5c869a346f277ab76e4327832.jpeg","width":750,"height":400,"caption":"Kais Saied d\u00e9plore la d\u00e9t\u00e9rioration continue des services de sant\u00e9"},{"@type":"BreadcrumbList","@id":"https:\/\/www.webdo.tn\/fr\/actualite\/national\/kais-saied-deplore-la-deterioration-continue-des-services-de-sante\/213231\/#breadcrumb","itemListElement":[{"@type":"ListItem","position":1,"name":"Accueil","item":"https:\/\/www.webdo.tn\/fr\/"},{"@type":"ListItem","position":2,"name":"Kais Saied d\u00e9plore la d\u00e9t\u00e9rioration continue des services de sant\u00e9"}]},{"@type":"WebSite","@id":"https:\/\/www.webdo.tn\/fr\/#website","url":"https:\/\/www.webdo.tn\/fr\/","name":"webdo","description":"Tunisie - News en Tunisie et \u00e0 l&#039;international sur Webdo.tn","publisher":{"@id":"https:\/\/www.webdo.tn\/fr\/#organization"},"potentialAction":[{"@type":"SearchAction","target":{"@type":"EntryPoint","urlTemplate":"https:\/\/www.webdo.tn\/fr\/?s={search_term_string}"},"query-input":{"@type":"PropertyValueSpecification","valueRequired":true,"valueName":"search_term_string"}}],"inLanguage":"fr-FR"},{"@type":"Organization","@id":"https:\/\/www.webdo.tn\/fr\/#organization","name":"Webdo","alternateName":"Webdo.tn","url":"https:\/\/www.webdo.tn\/fr\/","logo":{"@type":"ImageObject","inLanguage":"fr-FR","@id":"https:\/\/www.webdo.tn\/fr\/#\/schema\/logo\/image\/","url":"https:\/\/www.webdo.tn\/fr\/wp-content\/uploads\/2025\/06\/Webdo-Tunisie_168377.jpg","contentUrl":"https:\/\/www.webdo.tn\/fr\/wp-content\/uploads\/2025\/06\/Webdo-Tunisie_168377.jpg","width":301,"height":301,"caption":"Webdo"},"image":{"@id":"https:\/\/www.webdo.tn\/fr\/#\/schema\/logo\/image\/"},"sameAs":["https:\/\/www.facebook.com\/webdotn","https:\/\/x.com\/webdo_tn"],"description":"Webdo est un m\u00e9dia num\u00e9rique tunisien fond\u00e9 en 2010, sp\u00e9cialis\u00e9 dans l\u2019actualit\u00e9 nationale et internationale, l\u2019\u00e9conomie, la soci\u00e9t\u00e9 et les analyses politiques. Le site s\u2019adresse \u00e0 un large public francophone et couvre l\u2019information tunisienne en temps r\u00e9el.","email":"redac@webdo.tn","legalName":"YNJ SARL","foundingDate":"2010-09-06","numberOfEmployees":{"@type":"QuantitativeValue","minValue":"11","maxValue":"50"}},{"@type":"Person","@id":"https:\/\/www.webdo.tn\/fr\/#\/schema\/person\/1f4e491e0907b413d61089e8eb573acc","name":"Webdo","image":{"@type":"ImageObject","inLanguage":"fr-FR","@id":"https:\/\/secure.gravatar.com\/avatar\/de97aeec1bb80978a9dbb127e47dfc88aaacb2f3c29aac907d8d3222e3495d49?s=96&d=mm&r=g","url":"https:\/\/secure.gravatar.com\/avatar\/de97aeec1bb80978a9dbb127e47dfc88aaacb2f3c29aac907d8d3222e3495d49?s=96&d=mm&r=g","contentUrl":"https:\/\/secure.gravatar.com\/avatar\/de97aeec1bb80978a9dbb127e47dfc88aaacb2f3c29aac907d8d3222e3495d49?s=96&d=mm&r=g","caption":"Webdo"},"url":"https:\/\/www.webdo.tn\/fr\/actualite\/author\/webdo\/"}]}},"_links":{"self":[{"href":"https:\/\/www.webdo.tn\/fr\/wp-json\/wp\/v2\/posts\/213231","targetHints":{"allow":["GET"]}}],"collection":[{"href":"https:\/\/www.webdo.tn\/fr\/wp-json\/wp\/v2\/posts"}],"about":[{"href":"https:\/\/www.webdo.tn\/fr\/wp-json\/wp\/v2\/types\/post"}],"author":[{"embeddable":true,"href":"https:\/\/www.webdo.tn\/fr\/wp-json\/wp\/v2\/users\/3169"}],"replies":[{"embeddable":true,"href":"https:\/\/www.webdo.tn\/fr\/wp-json\/wp\/v2\/comments?post=213231"}],"version-history":[{"count":0,"href":"https:\/\/www.webdo.tn\/fr\/wp-json\/wp\/v2\/posts\/213231\/revisions"}],"wp:featuredmedia":[{"embeddable":true,"href":"https:\/\/www.webdo.tn\/fr\/wp-json\/wp\/v2\/media\/247700"}],"wp:attachment":[{"href":"https:\/\/www.webdo.tn\/fr\/wp-json\/wp\/v2\/media?parent=213231"}],"wp:term":[{"taxonomy":"category","embeddable":true,"href":"https:\/\/www.webdo.tn\/fr\/wp-json\/wp\/v2\/categories?post=213231"},{"taxonomy":"post_tag","embeddable":true,"href":"https:\/\/www.webdo.tn\/fr\/wp-json\/wp\/v2\/tags?post=213231"}],"curies":[{"name":"wp","href":"https:\/\/api.w.org\/{rel}","templated":true}]}}