{"id":213229,"date":"2024-03-27T21:11:00","date_gmt":"2024-03-27T21:11:00","guid":{"rendered":"https:\/\/www.webdo.tn\/fr\/blog\/le-procureur-de-la-republique-pres-du-tribunal-de-premiere-instance-de-tunis-demis-de-ses-fonctions\/213229\/"},"modified":"2024-03-27T21:11:00","modified_gmt":"2024-03-27T21:11:00","slug":"le-procureur-de-la-republique-pres-du-tribunal-de-premiere-instance-de-tunis-demis-de-ses-fonctions","status":"publish","type":"post","link":"https:\/\/www.webdo.tn\/fr\/actualite\/national\/le-procureur-de-la-republique-pres-du-tribunal-de-premiere-instance-de-tunis-demis-de-ses-fonctions\/213229\/","title":{"rendered":"Le procureur de la R\u00e9publique pr\u00e8s du tribunal de premi\u00e8re instance de Tunis demis de ses fonctions"},"content":{"rendered":"<p>Le procureur de la R\u00e9publique pr\u00e8s le Tribunal de premi\u00e8re instance de Tunis, Zouhair Ben Abdallah, a \u00e9t\u00e9 d\u00e9mis de ses fonctions, ce mercredi 27 mars 2024, selon une publication de l&rsquo;avocate Dalila Msaddek, sur sa page Facebook.<\/p>\n<p>\t\t\t\t\t\t\t\t\tDalila Msaddek a expliqu\u00e9 que c&rsquo;est le juge d&rsquo;instruction\u00a0au P\u00f4le judiciaire financier, Fethi Katri, qui a \u00e9t\u00e9 d\u00e9sign\u00e9 pour assur\u00e9 l&rsquo;int\u00e9rim en tant que procureur de la R\u00e9publique. Zouhair Ben Abdallah a, quant \u00e0 lui, \u00e9t\u00e9 transf\u00e9r\u00e9 au\u00a0parquet.<br \/>\n\u00a0<br \/>\nCette d\u00e9cision intervient quelques heures apr\u00e8s que le Syndicat national des journalistes tunisiens (SNJT) ait annonc\u00e9 son intention de porter plainte contre le procureur de la R\u00e9publique pr\u00e8s le tribunal de premi\u00e8re instance 1 de Tunis pour \u00ab\u00a0d\u00e9tention ill\u00e9gale\u00a0\u00bb et \u00ab\u00a0atteinte \u00e0 la libert\u00e9 individuelle\u00a0\u00bb, apr\u00e8s l&rsquo;\u00e9mission d&rsquo;un mandat de d\u00e9p\u00f4t contre le journaliste Mohamed Boughalleb.<\/p>\n","protected":false},"excerpt":{"rendered":"<p>Le procureur de la R\u00e9publique pr\u00e8s le Tribunal de premi\u00e8re instance de Tunis, Zouhair Ben Abdallah, a \u00e9t\u00e9 d\u00e9mis de ses fonctions, ce mercredi 27 mars 2024, selo&#8230;<\/p>\n","protected":false},"author":3169,"featured_media":247701,"comment_status":"open","ping_status":"closed","sticky":false,"template":"","format":"standard","meta":{"footnotes":""},"categories":[44],"tags":[6782,2619,3939,6780,2608,6781],"class_list":["post-213229","post","type-post","status-publish","format-standard","has-post-thumbnail","hentry","category-national","tag-fethi-katri","tag-justice","tag-mohamed-boughalleb","tag-procureur-de-la-republique","tag-tunisie","tag-zouhaier-ben-abdallah"],"yoast_head":"<!-- This site is optimized with the Yoast SEO Premium plugin v27.5 (Yoast SEO v27.5) - https:\/\/yoast.com\/product\/yoast-seo-premium-wordpress\/ -->\n<title>Le procureur de la R\u00e9publique pr\u00e8s du tribunal de premi\u00e8re instance de Tunis demis de ses fonctions<\/title>\n<meta name=\"description\" content=\"Le procureur de la R\u00e9publique pr\u00e8s le Tribunal de premi\u00e8re instance de Tunis, Zouhair Ben Abdallah, a \u00e9t\u00e9 d\u00e9mis de ses fonctions, ce mercredi 27 mars 2024, selo...\" \/>\n<link rel=\"canonical\" href=\"https:\/\/www.webdo.tn\/fr\/actualite\/national\/le-procureur-de-la-republique-pres-du-tribunal-de-premiere-instance-de-tunis-demis-de-ses-fonctions\/213229\/\" \/>\n<meta property=\"og:locale\" content=\"fr_FR\" \/>\n<meta property=\"og:type\" content=\"article\" \/>\n<meta property=\"og:title\" content=\"Le procureur de la R\u00e9publique pr\u00e8s du tribunal de premi\u00e8re instance de Tunis demis de ses fonctions\" \/>\n<meta property=\"og:description\" content=\"Le procureur de la R\u00e9publique pr\u00e8s le Tribunal de premi\u00e8re instance de Tunis, Zouhair Ben Abdallah, a \u00e9t\u00e9 d\u00e9mis de ses fonctions, ce mercredi 27 mars 2024, selo...\" \/>\n<meta property=\"og:url\" content=\"https:\/\/www.webdo.tn\/fr\/actualite\/national\/le-procureur-de-la-republique-pres-du-tribunal-de-premiere-instance-de-tunis-demis-de-ses-fonctions\/213229\/\" \/>\n<meta property=\"og:site_name\" content=\"webdo\" \/>\n<meta property=\"article:publisher\" content=\"https:\/\/www.facebook.com\/webdotn\" \/>\n<meta property=\"article:published_time\" content=\"2024-03-27T21:11:00+00:00\" \/>\n<meta property=\"og:image\" content=\"https:\/\/www.webdo.tn\/fr\/wp-content\/uploads\/2024\/03\/9b4c4d45b3e79ef4a8dcc54dc66f60d8.jpeg\" \/>\n\t<meta property=\"og:image:width\" content=\"750\" \/>\n\t<meta property=\"og:image:height\" content=\"400\" \/>\n\t<meta property=\"og:image:type\" content=\"image\/jpeg\" \/>\n<meta name=\"author\" content=\"Webdo\" \/>\n<meta name=\"twitter:card\" content=\"summary_large_image\" \/>\n<meta name=\"twitter:creator\" content=\"@webdo_tn\" \/>\n<meta name=\"twitter:site\" content=\"@webdo_tn\" \/>\n<meta name=\"twitter:label1\" content=\"\u00c9crit par\" \/>\n\t<meta name=\"twitter:data1\" content=\"Webdo\" \/>\n\t<meta name=\"twitter:label2\" content=\"Dur\u00e9e de lecture estim\u00e9e\" \/>\n\t<meta name=\"twitter:data2\" content=\"1 minute\" \/>\n<script type=\"application\/ld+json\" class=\"yoast-schema-graph\">{\"@context\":\"https:\\\/\\\/schema.org\",\"@graph\":[{\"@type\":\"NewsArticle\",\"@id\":\"https:\\\/\\\/www.webdo.tn\\\/fr\\\/actualite\\\/national\\\/le-procureur-de-la-republique-pres-du-tribunal-de-premiere-instance-de-tunis-demis-de-ses-fonctions\\\/213229\\\/#article\",\"isPartOf\":{\"@id\":\"https:\\\/\\\/www.webdo.tn\\\/fr\\\/actualite\\\/national\\\/le-procureur-de-la-republique-pres-du-tribunal-de-premiere-instance-de-tunis-demis-de-ses-fonctions\\\/213229\\\/\"},\"author\":{\"name\":\"Webdo\",\"@id\":\"https:\\\/\\\/www.webdo.tn\\\/fr\\\/#\\\/schema\\\/person\\\/1f4e491e0907b413d61089e8eb573acc\"},\"headline\":\"Le procureur de la R\u00e9publique pr\u00e8s du tribunal de premi\u00e8re instance de Tunis demis de ses fonctions\",\"datePublished\":\"2024-03-27T21:11:00+00:00\",\"mainEntityOfPage\":{\"@id\":\"https:\\\/\\\/www.webdo.tn\\\/fr\\\/actualite\\\/national\\\/le-procureur-de-la-republique-pres-du-tribunal-de-premiere-instance-de-tunis-demis-de-ses-fonctions\\\/213229\\\/\"},\"wordCount\":174,\"commentCount\":0,\"publisher\":{\"@id\":\"https:\\\/\\\/www.webdo.tn\\\/fr\\\/#organization\"},\"image\":{\"@id\":\"https:\\\/\\\/www.webdo.tn\\\/fr\\\/actualite\\\/national\\\/le-procureur-de-la-republique-pres-du-tribunal-de-premiere-instance-de-tunis-demis-de-ses-fonctions\\\/213229\\\/#primaryimage\"},\"thumbnailUrl\":\"https:\\\/\\\/www.webdo.tn\\\/fr\\\/wp-content\\\/uploads\\\/2024\\\/03\\\/9b4c4d45b3e79ef4a8dcc54dc66f60d8.jpeg\",\"keywords\":[\"fethi katri\",\"justice\",\"mohamed boughalleb\",\"Procureur de la R\u00e9publique\",\"Tunisie\",\"zouhaier ben abdallah\"],\"articleSection\":[\"National\"],\"inLanguage\":\"fr-FR\"},{\"@type\":\"WebPage\",\"@id\":\"https:\\\/\\\/www.webdo.tn\\\/fr\\\/actualite\\\/national\\\/le-procureur-de-la-republique-pres-du-tribunal-de-premiere-instance-de-tunis-demis-de-ses-fonctions\\\/213229\\\/\",\"url\":\"https:\\\/\\\/www.webdo.tn\\\/fr\\\/actualite\\\/national\\\/le-procureur-de-la-republique-pres-du-tribunal-de-premiere-instance-de-tunis-demis-de-ses-fonctions\\\/213229\\\/\",\"name\":\"Le procureur de la R\u00e9publique pr\u00e8s du tribunal de premi\u00e8re instance de Tunis demis de ses fonctions\",\"isPartOf\":{\"@id\":\"https:\\\/\\\/www.webdo.tn\\\/fr\\\/#website\"},\"primaryImageOfPage\":{\"@id\":\"https:\\\/\\\/www.webdo.tn\\\/fr\\\/actualite\\\/national\\\/le-procureur-de-la-republique-pres-du-tribunal-de-premiere-instance-de-tunis-demis-de-ses-fonctions\\\/213229\\\/#primaryimage\"},\"image\":{\"@id\":\"https:\\\/\\\/www.webdo.tn\\\/fr\\\/actualite\\\/national\\\/le-procureur-de-la-republique-pres-du-tribunal-de-premiere-instance-de-tunis-demis-de-ses-fonctions\\\/213229\\\/#primaryimage\"},\"thumbnailUrl\":\"https:\\\/\\\/www.webdo.tn\\\/fr\\\/wp-content\\\/uploads\\\/2024\\\/03\\\/9b4c4d45b3e79ef4a8dcc54dc66f60d8.jpeg\",\"datePublished\":\"2024-03-27T21:11:00+00:00\",\"description\":\"Le procureur de la R\u00e9publique pr\u00e8s le Tribunal de premi\u00e8re instance de Tunis, Zouhair Ben Abdallah, a \u00e9t\u00e9 d\u00e9mis de ses fonctions, ce mercredi 27 mars 2024, selo...\",\"breadcrumb\":{\"@id\":\"https:\\\/\\\/www.webdo.tn\\\/fr\\\/actualite\\\/national\\\/le-procureur-de-la-republique-pres-du-tribunal-de-premiere-instance-de-tunis-demis-de-ses-fonctions\\\/213229\\\/#breadcrumb\"},\"inLanguage\":\"fr-FR\",\"potentialAction\":[{\"@type\":\"ReadAction\",\"target\":[\"https:\\\/\\\/www.webdo.tn\\\/fr\\\/actualite\\\/national\\\/le-procureur-de-la-republique-pres-du-tribunal-de-premiere-instance-de-tunis-demis-de-ses-fonctions\\\/213229\\\/\"]}]},{\"@type\":\"ImageObject\",\"inLanguage\":\"fr-FR\",\"@id\":\"https:\\\/\\\/www.webdo.tn\\\/fr\\\/actualite\\\/national\\\/le-procureur-de-la-republique-pres-du-tribunal-de-premiere-instance-de-tunis-demis-de-ses-fonctions\\\/213229\\\/#primaryimage\",\"url\":\"https:\\\/\\\/www.webdo.tn\\\/fr\\\/wp-content\\\/uploads\\\/2024\\\/03\\\/9b4c4d45b3e79ef4a8dcc54dc66f60d8.jpeg\",\"contentUrl\":\"https:\\\/\\\/www.webdo.tn\\\/fr\\\/wp-content\\\/uploads\\\/2024\\\/03\\\/9b4c4d45b3e79ef4a8dcc54dc66f60d8.jpeg\",\"width\":750,\"height\":400,\"caption\":\"Le procureur de la R\u00e9publique pr\u00e8s du tribunal de premi\u00e8re instance de Tunis demis de ses fonctions\"},{\"@type\":\"BreadcrumbList\",\"@id\":\"https:\\\/\\\/www.webdo.tn\\\/fr\\\/actualite\\\/national\\\/le-procureur-de-la-republique-pres-du-tribunal-de-premiere-instance-de-tunis-demis-de-ses-fonctions\\\/213229\\\/#breadcrumb\",\"itemListElement\":[{\"@type\":\"ListItem\",\"position\":1,\"name\":\"Accueil\",\"item\":\"https:\\\/\\\/www.webdo.tn\\\/fr\\\/\"},{\"@type\":\"ListItem\",\"position\":2,\"name\":\"Le procureur de la R\u00e9publique pr\u00e8s du tribunal de premi\u00e8re instance de Tunis demis de ses fonctions\"}]},{\"@type\":\"WebSite\",\"@id\":\"https:\\\/\\\/www.webdo.tn\\\/fr\\\/#website\",\"url\":\"https:\\\/\\\/www.webdo.tn\\\/fr\\\/\",\"name\":\"webdo\",\"description\":\"Tunisie - News en Tunisie et \u00e0 l&#039;international sur Webdo.tn\",\"publisher\":{\"@id\":\"https:\\\/\\\/www.webdo.tn\\\/fr\\\/#organization\"},\"potentialAction\":[{\"@type\":\"SearchAction\",\"target\":{\"@type\":\"EntryPoint\",\"urlTemplate\":\"https:\\\/\\\/www.webdo.tn\\\/fr\\\/?s={search_term_string}\"},\"query-input\":{\"@type\":\"PropertyValueSpecification\",\"valueRequired\":true,\"valueName\":\"search_term_string\"}}],\"inLanguage\":\"fr-FR\"},{\"@type\":\"Organization\",\"@id\":\"https:\\\/\\\/www.webdo.tn\\\/fr\\\/#organization\",\"name\":\"Webdo\",\"alternateName\":\"Webdo.tn\",\"url\":\"https:\\\/\\\/www.webdo.tn\\\/fr\\\/\",\"logo\":{\"@type\":\"ImageObject\",\"inLanguage\":\"fr-FR\",\"@id\":\"https:\\\/\\\/www.webdo.tn\\\/fr\\\/#\\\/schema\\\/logo\\\/image\\\/\",\"url\":\"https:\\\/\\\/www.webdo.tn\\\/fr\\\/wp-content\\\/uploads\\\/2025\\\/06\\\/Webdo-Tunisie_168377.jpg\",\"contentUrl\":\"https:\\\/\\\/www.webdo.tn\\\/fr\\\/wp-content\\\/uploads\\\/2025\\\/06\\\/Webdo-Tunisie_168377.jpg\",\"width\":301,\"height\":301,\"caption\":\"Webdo\"},\"image\":{\"@id\":\"https:\\\/\\\/www.webdo.tn\\\/fr\\\/#\\\/schema\\\/logo\\\/image\\\/\"},\"sameAs\":[\"https:\\\/\\\/www.facebook.com\\\/webdotn\",\"https:\\\/\\\/x.com\\\/webdo_tn\"],\"description\":\"Webdo est un m\u00e9dia num\u00e9rique tunisien fond\u00e9 en 2010, sp\u00e9cialis\u00e9 dans l\u2019actualit\u00e9 nationale et internationale, l\u2019\u00e9conomie, la soci\u00e9t\u00e9 et les analyses politiques. Le site s\u2019adresse \u00e0 un large public francophone et couvre l\u2019information tunisienne en temps r\u00e9el.\",\"email\":\"redac@webdo.tn\",\"legalName\":\"YNJ SARL\",\"foundingDate\":\"2010-09-06\",\"numberOfEmployees\":{\"@type\":\"QuantitativeValue\",\"minValue\":\"11\",\"maxValue\":\"50\"}},{\"@type\":\"Person\",\"@id\":\"https:\\\/\\\/www.webdo.tn\\\/fr\\\/#\\\/schema\\\/person\\\/1f4e491e0907b413d61089e8eb573acc\",\"name\":\"Webdo\",\"image\":{\"@type\":\"ImageObject\",\"inLanguage\":\"fr-FR\",\"@id\":\"https:\\\/\\\/secure.gravatar.com\\\/avatar\\\/de97aeec1bb80978a9dbb127e47dfc88aaacb2f3c29aac907d8d3222e3495d49?s=96&d=mm&r=g\",\"url\":\"https:\\\/\\\/secure.gravatar.com\\\/avatar\\\/de97aeec1bb80978a9dbb127e47dfc88aaacb2f3c29aac907d8d3222e3495d49?s=96&d=mm&r=g\",\"contentUrl\":\"https:\\\/\\\/secure.gravatar.com\\\/avatar\\\/de97aeec1bb80978a9dbb127e47dfc88aaacb2f3c29aac907d8d3222e3495d49?s=96&d=mm&r=g\",\"caption\":\"Webdo\"},\"url\":\"https:\\\/\\\/www.webdo.tn\\\/fr\\\/actualite\\\/author\\\/webdo\\\/\"}]}<\/script>\n<!-- \/ Yoast SEO Premium plugin. -->","yoast_head_json":{"title":"Le procureur de la R\u00e9publique pr\u00e8s du tribunal de premi\u00e8re instance de Tunis demis de ses fonctions","description":"Le procureur de la R\u00e9publique pr\u00e8s le Tribunal de premi\u00e8re instance de Tunis, Zouhair Ben Abdallah, a \u00e9t\u00e9 d\u00e9mis de ses fonctions, ce mercredi 27 mars 2024, selo...","canonical":"https:\/\/www.webdo.tn\/fr\/actualite\/national\/le-procureur-de-la-republique-pres-du-tribunal-de-premiere-instance-de-tunis-demis-de-ses-fonctions\/213229\/","og_locale":"fr_FR","og_type":"article","og_title":"Le procureur de la R\u00e9publique pr\u00e8s du tribunal de premi\u00e8re instance de Tunis demis de ses fonctions","og_description":"Le procureur de la R\u00e9publique pr\u00e8s le Tribunal de premi\u00e8re instance de Tunis, Zouhair Ben Abdallah, a \u00e9t\u00e9 d\u00e9mis de ses fonctions, ce mercredi 27 mars 2024, selo...","og_url":"https:\/\/www.webdo.tn\/fr\/actualite\/national\/le-procureur-de-la-republique-pres-du-tribunal-de-premiere-instance-de-tunis-demis-de-ses-fonctions\/213229\/","og_site_name":"webdo","article_publisher":"https:\/\/www.facebook.com\/webdotn","article_published_time":"2024-03-27T21:11:00+00:00","og_image":[{"width":750,"height":400,"url":"https:\/\/www.webdo.tn\/fr\/wp-content\/uploads\/2024\/03\/9b4c4d45b3e79ef4a8dcc54dc66f60d8.jpeg","type":"image\/jpeg"}],"author":"Webdo","twitter_card":"summary_large_image","twitter_creator":"@webdo_tn","twitter_site":"@webdo_tn","twitter_misc":{"\u00c9crit par":"Webdo","Dur\u00e9e de lecture estim\u00e9e":"1 minute"},"schema":{"@context":"https:\/\/schema.org","@graph":[{"@type":"NewsArticle","@id":"https:\/\/www.webdo.tn\/fr\/actualite\/national\/le-procureur-de-la-republique-pres-du-tribunal-de-premiere-instance-de-tunis-demis-de-ses-fonctions\/213229\/#article","isPartOf":{"@id":"https:\/\/www.webdo.tn\/fr\/actualite\/national\/le-procureur-de-la-republique-pres-du-tribunal-de-premiere-instance-de-tunis-demis-de-ses-fonctions\/213229\/"},"author":{"name":"Webdo","@id":"https:\/\/www.webdo.tn\/fr\/#\/schema\/person\/1f4e491e0907b413d61089e8eb573acc"},"headline":"Le procureur de la R\u00e9publique pr\u00e8s du tribunal de premi\u00e8re instance de Tunis demis de ses fonctions","datePublished":"2024-03-27T21:11:00+00:00","mainEntityOfPage":{"@id":"https:\/\/www.webdo.tn\/fr\/actualite\/national\/le-procureur-de-la-republique-pres-du-tribunal-de-premiere-instance-de-tunis-demis-de-ses-fonctions\/213229\/"},"wordCount":174,"commentCount":0,"publisher":{"@id":"https:\/\/www.webdo.tn\/fr\/#organization"},"image":{"@id":"https:\/\/www.webdo.tn\/fr\/actualite\/national\/le-procureur-de-la-republique-pres-du-tribunal-de-premiere-instance-de-tunis-demis-de-ses-fonctions\/213229\/#primaryimage"},"thumbnailUrl":"https:\/\/www.webdo.tn\/fr\/wp-content\/uploads\/2024\/03\/9b4c4d45b3e79ef4a8dcc54dc66f60d8.jpeg","keywords":["fethi katri","justice","mohamed boughalleb","Procureur de la R\u00e9publique","Tunisie","zouhaier ben abdallah"],"articleSection":["National"],"inLanguage":"fr-FR"},{"@type":"WebPage","@id":"https:\/\/www.webdo.tn\/fr\/actualite\/national\/le-procureur-de-la-republique-pres-du-tribunal-de-premiere-instance-de-tunis-demis-de-ses-fonctions\/213229\/","url":"https:\/\/www.webdo.tn\/fr\/actualite\/national\/le-procureur-de-la-republique-pres-du-tribunal-de-premiere-instance-de-tunis-demis-de-ses-fonctions\/213229\/","name":"Le procureur de la R\u00e9publique pr\u00e8s du tribunal de premi\u00e8re instance de Tunis demis de ses fonctions","isPartOf":{"@id":"https:\/\/www.webdo.tn\/fr\/#website"},"primaryImageOfPage":{"@id":"https:\/\/www.webdo.tn\/fr\/actualite\/national\/le-procureur-de-la-republique-pres-du-tribunal-de-premiere-instance-de-tunis-demis-de-ses-fonctions\/213229\/#primaryimage"},"image":{"@id":"https:\/\/www.webdo.tn\/fr\/actualite\/national\/le-procureur-de-la-republique-pres-du-tribunal-de-premiere-instance-de-tunis-demis-de-ses-fonctions\/213229\/#primaryimage"},"thumbnailUrl":"https:\/\/www.webdo.tn\/fr\/wp-content\/uploads\/2024\/03\/9b4c4d45b3e79ef4a8dcc54dc66f60d8.jpeg","datePublished":"2024-03-27T21:11:00+00:00","description":"Le procureur de la R\u00e9publique pr\u00e8s le Tribunal de premi\u00e8re instance de Tunis, Zouhair Ben Abdallah, a \u00e9t\u00e9 d\u00e9mis de ses fonctions, ce mercredi 27 mars 2024, selo...","breadcrumb":{"@id":"https:\/\/www.webdo.tn\/fr\/actualite\/national\/le-procureur-de-la-republique-pres-du-tribunal-de-premiere-instance-de-tunis-demis-de-ses-fonctions\/213229\/#breadcrumb"},"inLanguage":"fr-FR","potentialAction":[{"@type":"ReadAction","target":["https:\/\/www.webdo.tn\/fr\/actualite\/national\/le-procureur-de-la-republique-pres-du-tribunal-de-premiere-instance-de-tunis-demis-de-ses-fonctions\/213229\/"]}]},{"@type":"ImageObject","inLanguage":"fr-FR","@id":"https:\/\/www.webdo.tn\/fr\/actualite\/national\/le-procureur-de-la-republique-pres-du-tribunal-de-premiere-instance-de-tunis-demis-de-ses-fonctions\/213229\/#primaryimage","url":"https:\/\/www.webdo.tn\/fr\/wp-content\/uploads\/2024\/03\/9b4c4d45b3e79ef4a8dcc54dc66f60d8.jpeg","contentUrl":"https:\/\/www.webdo.tn\/fr\/wp-content\/uploads\/2024\/03\/9b4c4d45b3e79ef4a8dcc54dc66f60d8.jpeg","width":750,"height":400,"caption":"Le procureur de la R\u00e9publique pr\u00e8s du tribunal de premi\u00e8re instance de Tunis demis de ses fonctions"},{"@type":"BreadcrumbList","@id":"https:\/\/www.webdo.tn\/fr\/actualite\/national\/le-procureur-de-la-republique-pres-du-tribunal-de-premiere-instance-de-tunis-demis-de-ses-fonctions\/213229\/#breadcrumb","itemListElement":[{"@type":"ListItem","position":1,"name":"Accueil","item":"https:\/\/www.webdo.tn\/fr\/"},{"@type":"ListItem","position":2,"name":"Le procureur de la R\u00e9publique pr\u00e8s du tribunal de premi\u00e8re instance de Tunis demis de ses fonctions"}]},{"@type":"WebSite","@id":"https:\/\/www.webdo.tn\/fr\/#website","url":"https:\/\/www.webdo.tn\/fr\/","name":"webdo","description":"Tunisie - News en Tunisie et \u00e0 l&#039;international sur Webdo.tn","publisher":{"@id":"https:\/\/www.webdo.tn\/fr\/#organization"},"potentialAction":[{"@type":"SearchAction","target":{"@type":"EntryPoint","urlTemplate":"https:\/\/www.webdo.tn\/fr\/?s={search_term_string}"},"query-input":{"@type":"PropertyValueSpecification","valueRequired":true,"valueName":"search_term_string"}}],"inLanguage":"fr-FR"},{"@type":"Organization","@id":"https:\/\/www.webdo.tn\/fr\/#organization","name":"Webdo","alternateName":"Webdo.tn","url":"https:\/\/www.webdo.tn\/fr\/","logo":{"@type":"ImageObject","inLanguage":"fr-FR","@id":"https:\/\/www.webdo.tn\/fr\/#\/schema\/logo\/image\/","url":"https:\/\/www.webdo.tn\/fr\/wp-content\/uploads\/2025\/06\/Webdo-Tunisie_168377.jpg","contentUrl":"https:\/\/www.webdo.tn\/fr\/wp-content\/uploads\/2025\/06\/Webdo-Tunisie_168377.jpg","width":301,"height":301,"caption":"Webdo"},"image":{"@id":"https:\/\/www.webdo.tn\/fr\/#\/schema\/logo\/image\/"},"sameAs":["https:\/\/www.facebook.com\/webdotn","https:\/\/x.com\/webdo_tn"],"description":"Webdo est un m\u00e9dia num\u00e9rique tunisien fond\u00e9 en 2010, sp\u00e9cialis\u00e9 dans l\u2019actualit\u00e9 nationale et internationale, l\u2019\u00e9conomie, la soci\u00e9t\u00e9 et les analyses politiques. Le site s\u2019adresse \u00e0 un large public francophone et couvre l\u2019information tunisienne en temps r\u00e9el.","email":"redac@webdo.tn","legalName":"YNJ SARL","foundingDate":"2010-09-06","numberOfEmployees":{"@type":"QuantitativeValue","minValue":"11","maxValue":"50"}},{"@type":"Person","@id":"https:\/\/www.webdo.tn\/fr\/#\/schema\/person\/1f4e491e0907b413d61089e8eb573acc","name":"Webdo","image":{"@type":"ImageObject","inLanguage":"fr-FR","@id":"https:\/\/secure.gravatar.com\/avatar\/de97aeec1bb80978a9dbb127e47dfc88aaacb2f3c29aac907d8d3222e3495d49?s=96&d=mm&r=g","url":"https:\/\/secure.gravatar.com\/avatar\/de97aeec1bb80978a9dbb127e47dfc88aaacb2f3c29aac907d8d3222e3495d49?s=96&d=mm&r=g","contentUrl":"https:\/\/secure.gravatar.com\/avatar\/de97aeec1bb80978a9dbb127e47dfc88aaacb2f3c29aac907d8d3222e3495d49?s=96&d=mm&r=g","caption":"Webdo"},"url":"https:\/\/www.webdo.tn\/fr\/actualite\/author\/webdo\/"}]}},"_links":{"self":[{"href":"https:\/\/www.webdo.tn\/fr\/wp-json\/wp\/v2\/posts\/213229","targetHints":{"allow":["GET"]}}],"collection":[{"href":"https:\/\/www.webdo.tn\/fr\/wp-json\/wp\/v2\/posts"}],"about":[{"href":"https:\/\/www.webdo.tn\/fr\/wp-json\/wp\/v2\/types\/post"}],"author":[{"embeddable":true,"href":"https:\/\/www.webdo.tn\/fr\/wp-json\/wp\/v2\/users\/3169"}],"replies":[{"embeddable":true,"href":"https:\/\/www.webdo.tn\/fr\/wp-json\/wp\/v2\/comments?post=213229"}],"version-history":[{"count":0,"href":"https:\/\/www.webdo.tn\/fr\/wp-json\/wp\/v2\/posts\/213229\/revisions"}],"wp:featuredmedia":[{"embeddable":true,"href":"https:\/\/www.webdo.tn\/fr\/wp-json\/wp\/v2\/media\/247701"}],"wp:attachment":[{"href":"https:\/\/www.webdo.tn\/fr\/wp-json\/wp\/v2\/media?parent=213229"}],"wp:term":[{"taxonomy":"category","embeddable":true,"href":"https:\/\/www.webdo.tn\/fr\/wp-json\/wp\/v2\/categories?post=213229"},{"taxonomy":"post_tag","embeddable":true,"href":"https:\/\/www.webdo.tn\/fr\/wp-json\/wp\/v2\/tags?post=213229"}],"curies":[{"name":"wp","href":"https:\/\/api.w.org\/{rel}","templated":true}]}}