{"id":213228,"date":"2024-03-27T20:52:00","date_gmt":"2024-03-27T20:52:00","guid":{"rendered":"https:\/\/www.webdo.tn\/fr\/blog\/le-gouvernement-etudie-le-dossier-de-la-fusion-de-snipe-la-presse-et-dar-assabah\/213228\/"},"modified":"2024-03-27T20:52:00","modified_gmt":"2024-03-27T20:52:00","slug":"le-gouvernement-etudie-le-dossier-de-la-fusion-de-snipe-la-presse-et-dar-assabah","status":"publish","type":"post","link":"https:\/\/www.webdo.tn\/fr\/actualite\/national\/le-gouvernement-etudie-le-dossier-de-la-fusion-de-snipe-la-presse-et-dar-assabah\/213228\/","title":{"rendered":"Le gouvernement \u00e9tudie le dossier de la fusion de SNIPE la Presse et Dar Assabah"},"content":{"rendered":"<p>La r\u00e9union de travail minist\u00e9rielle, tenue ce mercredi 27 mars 2024, s&rsquo;est pench\u00e9 sur le dossier de la fusion de la Soci\u00e9t\u00e9 nouvelle d\u2019impression, de presse et d\u2019\u00e9dition (Snipe-La Presse) et de Dar Assabah.<\/p>\n<p>\t\t\t\t\t\t\t\t\tPr\u00e9sid\u00e9e par le chef du gouvernement, Ahmed Hachani, cette r\u00e9union minist\u00e9rielle a \u00e9pulch\u00e9\u00a0les r\u00e9sultats des travaux des diff\u00e9rentes \u00e9quipes charg\u00e9es d\u2019\u00e9tablir le processus de restructuration des deux soci\u00e9t\u00e9s et de discuter des formules juridiques et des diff\u00e9rentes hypoth\u00e8ses propos\u00e9es pour finaliser la fusion.<\/p>\n<p>La fusion permettrait, en partie, de \u00ab\u00a0sauver\u00a0\u00bb les\u00a0deux soci\u00e9t\u00e9s. D&rsquo;autant plus que le Pr\u00e9sident de la R\u00e9publique, Ka\u00efs Sa\u00efed, avait approuv\u00e9 l\u2019option de fusion des deux soci\u00e9t\u00e9s conform\u00e9ment \u00e0 la r\u00e9glementation en vigueur.<\/p>\n<p>Il est \u00e0 noter que ladite r\u00e9union a enregistr\u00e9 la participation du\u00a0PDG de la Nouvelle soci\u00e9t\u00e9 d&rsquo;impression, de presse et d&rsquo;\u00e9dition, Chokri Ben Nessir, et le commissaire de Dar Al Sabah, Hechmi Blouza.<\/p>\n","protected":false},"excerpt":{"rendered":"<p>La r\u00e9union de travail minist\u00e9rielle, tenue ce mercredi 27 mars 2024, s&rsquo;est pench\u00e9 sur le dossier de la fusion de la Soci\u00e9t\u00e9 nouvelle d\u2019impression, de presse et&#8230;<\/p>\n","protected":false},"author":3169,"featured_media":247699,"comment_status":"open","ping_status":"closed","sticky":false,"template":"","format":"standard","meta":{"footnotes":""},"categories":[44],"tags":[6778,6779,6777,6776,2608],"class_list":["post-213228","post","type-post","status-publish","format-standard","has-post-thumbnail","hentry","category-national","tag-assabah","tag-fusion","tag-la-presse","tag-snipe","tag-tunisie"],"yoast_head":"<!-- This site is optimized with the Yoast SEO Premium plugin v27.4 (Yoast SEO v27.5) - https:\/\/yoast.com\/product\/yoast-seo-premium-wordpress\/ -->\n<title>Le gouvernement \u00e9tudie le dossier de la fusion de SNIPE la Presse et Dar Assabah<\/title>\n<meta name=\"description\" content=\"La r\u00e9union de travail minist\u00e9rielle, tenue ce mercredi 27 mars 2024, s&#039;est pench\u00e9 sur le dossier de la fusion de la Soci\u00e9t\u00e9 nouvelle d\u2019impression, de presse et...\" \/>\n<link rel=\"canonical\" href=\"https:\/\/www.webdo.tn\/fr\/actualite\/national\/le-gouvernement-etudie-le-dossier-de-la-fusion-de-snipe-la-presse-et-dar-assabah\/213228\/\" \/>\n<meta property=\"og:locale\" content=\"fr_FR\" \/>\n<meta property=\"og:type\" content=\"article\" \/>\n<meta property=\"og:title\" content=\"Le gouvernement \u00e9tudie le dossier de la fusion de SNIPE la Presse et Dar Assabah\" \/>\n<meta property=\"og:description\" content=\"La r\u00e9union de travail minist\u00e9rielle, tenue ce mercredi 27 mars 2024, s&#039;est pench\u00e9 sur le dossier de la fusion de la Soci\u00e9t\u00e9 nouvelle d\u2019impression, de presse et...\" \/>\n<meta property=\"og:url\" content=\"https:\/\/www.webdo.tn\/fr\/actualite\/national\/le-gouvernement-etudie-le-dossier-de-la-fusion-de-snipe-la-presse-et-dar-assabah\/213228\/\" \/>\n<meta property=\"og:site_name\" content=\"webdo\" \/>\n<meta property=\"article:publisher\" content=\"https:\/\/www.facebook.com\/webdotn\" \/>\n<meta property=\"article:published_time\" content=\"2024-03-27T20:52:00+00:00\" \/>\n<meta property=\"og:image\" content=\"https:\/\/www.webdo.tn\/fr\/wp-content\/uploads\/2024\/03\/6f5c9cc17a3240ee7d9a775a69cdd5d7.webp\" \/>\n\t<meta property=\"og:image:width\" content=\"750\" \/>\n\t<meta property=\"og:image:height\" content=\"400\" \/>\n\t<meta property=\"og:image:type\" content=\"image\/webp\" \/>\n<meta name=\"author\" content=\"Webdo\" \/>\n<meta name=\"twitter:card\" content=\"summary_large_image\" \/>\n<meta name=\"twitter:creator\" content=\"@webdo_tn\" \/>\n<meta name=\"twitter:site\" content=\"@webdo_tn\" \/>\n<meta name=\"twitter:label1\" content=\"\u00c9crit par\" \/>\n\t<meta name=\"twitter:data1\" content=\"Webdo\" \/>\n\t<meta name=\"twitter:label2\" content=\"Dur\u00e9e de lecture estim\u00e9e\" \/>\n\t<meta name=\"twitter:data2\" content=\"1 minute\" \/>\n<script type=\"application\/ld+json\" class=\"yoast-schema-graph\">{\"@context\":\"https:\\\/\\\/schema.org\",\"@graph\":[{\"@type\":\"NewsArticle\",\"@id\":\"https:\\\/\\\/www.webdo.tn\\\/fr\\\/actualite\\\/national\\\/le-gouvernement-etudie-le-dossier-de-la-fusion-de-snipe-la-presse-et-dar-assabah\\\/213228\\\/#article\",\"isPartOf\":{\"@id\":\"https:\\\/\\\/www.webdo.tn\\\/fr\\\/actualite\\\/national\\\/le-gouvernement-etudie-le-dossier-de-la-fusion-de-snipe-la-presse-et-dar-assabah\\\/213228\\\/\"},\"author\":{\"name\":\"Webdo\",\"@id\":\"https:\\\/\\\/www.webdo.tn\\\/fr\\\/#\\\/schema\\\/person\\\/1f4e491e0907b413d61089e8eb573acc\"},\"headline\":\"Le gouvernement \u00e9tudie le dossier de la fusion de SNIPE la Presse et Dar Assabah\",\"datePublished\":\"2024-03-27T20:52:00+00:00\",\"mainEntityOfPage\":{\"@id\":\"https:\\\/\\\/www.webdo.tn\\\/fr\\\/actualite\\\/national\\\/le-gouvernement-etudie-le-dossier-de-la-fusion-de-snipe-la-presse-et-dar-assabah\\\/213228\\\/\"},\"wordCount\":192,\"commentCount\":0,\"publisher\":{\"@id\":\"https:\\\/\\\/www.webdo.tn\\\/fr\\\/#organization\"},\"image\":{\"@id\":\"https:\\\/\\\/www.webdo.tn\\\/fr\\\/actualite\\\/national\\\/le-gouvernement-etudie-le-dossier-de-la-fusion-de-snipe-la-presse-et-dar-assabah\\\/213228\\\/#primaryimage\"},\"thumbnailUrl\":\"https:\\\/\\\/www.webdo.tn\\\/fr\\\/wp-content\\\/uploads\\\/2024\\\/03\\\/6f5c9cc17a3240ee7d9a775a69cdd5d7.webp\",\"keywords\":[\"assabah\",\"fusion\",\"la presse\",\"snipe\",\"Tunisie\"],\"articleSection\":[\"National\"],\"inLanguage\":\"fr-FR\"},{\"@type\":\"WebPage\",\"@id\":\"https:\\\/\\\/www.webdo.tn\\\/fr\\\/actualite\\\/national\\\/le-gouvernement-etudie-le-dossier-de-la-fusion-de-snipe-la-presse-et-dar-assabah\\\/213228\\\/\",\"url\":\"https:\\\/\\\/www.webdo.tn\\\/fr\\\/actualite\\\/national\\\/le-gouvernement-etudie-le-dossier-de-la-fusion-de-snipe-la-presse-et-dar-assabah\\\/213228\\\/\",\"name\":\"Le gouvernement \u00e9tudie le dossier de la fusion de SNIPE la Presse et Dar Assabah\",\"isPartOf\":{\"@id\":\"https:\\\/\\\/www.webdo.tn\\\/fr\\\/#website\"},\"primaryImageOfPage\":{\"@id\":\"https:\\\/\\\/www.webdo.tn\\\/fr\\\/actualite\\\/national\\\/le-gouvernement-etudie-le-dossier-de-la-fusion-de-snipe-la-presse-et-dar-assabah\\\/213228\\\/#primaryimage\"},\"image\":{\"@id\":\"https:\\\/\\\/www.webdo.tn\\\/fr\\\/actualite\\\/national\\\/le-gouvernement-etudie-le-dossier-de-la-fusion-de-snipe-la-presse-et-dar-assabah\\\/213228\\\/#primaryimage\"},\"thumbnailUrl\":\"https:\\\/\\\/www.webdo.tn\\\/fr\\\/wp-content\\\/uploads\\\/2024\\\/03\\\/6f5c9cc17a3240ee7d9a775a69cdd5d7.webp\",\"datePublished\":\"2024-03-27T20:52:00+00:00\",\"description\":\"La r\u00e9union de travail minist\u00e9rielle, tenue ce mercredi 27 mars 2024, s'est pench\u00e9 sur le dossier de la fusion de la Soci\u00e9t\u00e9 nouvelle d\u2019impression, de presse et...\",\"breadcrumb\":{\"@id\":\"https:\\\/\\\/www.webdo.tn\\\/fr\\\/actualite\\\/national\\\/le-gouvernement-etudie-le-dossier-de-la-fusion-de-snipe-la-presse-et-dar-assabah\\\/213228\\\/#breadcrumb\"},\"inLanguage\":\"fr-FR\",\"potentialAction\":[{\"@type\":\"ReadAction\",\"target\":[\"https:\\\/\\\/www.webdo.tn\\\/fr\\\/actualite\\\/national\\\/le-gouvernement-etudie-le-dossier-de-la-fusion-de-snipe-la-presse-et-dar-assabah\\\/213228\\\/\"]}]},{\"@type\":\"ImageObject\",\"inLanguage\":\"fr-FR\",\"@id\":\"https:\\\/\\\/www.webdo.tn\\\/fr\\\/actualite\\\/national\\\/le-gouvernement-etudie-le-dossier-de-la-fusion-de-snipe-la-presse-et-dar-assabah\\\/213228\\\/#primaryimage\",\"url\":\"https:\\\/\\\/www.webdo.tn\\\/fr\\\/wp-content\\\/uploads\\\/2024\\\/03\\\/6f5c9cc17a3240ee7d9a775a69cdd5d7.webp\",\"contentUrl\":\"https:\\\/\\\/www.webdo.tn\\\/fr\\\/wp-content\\\/uploads\\\/2024\\\/03\\\/6f5c9cc17a3240ee7d9a775a69cdd5d7.webp\",\"width\":750,\"height\":400,\"caption\":\"Le gouvernement \u00e9tudie le dossier de la fusion de SNIPE la Presse et Dar Assabah\"},{\"@type\":\"BreadcrumbList\",\"@id\":\"https:\\\/\\\/www.webdo.tn\\\/fr\\\/actualite\\\/national\\\/le-gouvernement-etudie-le-dossier-de-la-fusion-de-snipe-la-presse-et-dar-assabah\\\/213228\\\/#breadcrumb\",\"itemListElement\":[{\"@type\":\"ListItem\",\"position\":1,\"name\":\"Accueil\",\"item\":\"https:\\\/\\\/www.webdo.tn\\\/fr\\\/\"},{\"@type\":\"ListItem\",\"position\":2,\"name\":\"Le gouvernement \u00e9tudie le dossier de la fusion de SNIPE la Presse et Dar Assabah\"}]},{\"@type\":\"WebSite\",\"@id\":\"https:\\\/\\\/www.webdo.tn\\\/fr\\\/#website\",\"url\":\"https:\\\/\\\/www.webdo.tn\\\/fr\\\/\",\"name\":\"webdo\",\"description\":\"Tunisie - News en Tunisie et \u00e0 l&#039;international sur Webdo.tn\",\"publisher\":{\"@id\":\"https:\\\/\\\/www.webdo.tn\\\/fr\\\/#organization\"},\"potentialAction\":[{\"@type\":\"SearchAction\",\"target\":{\"@type\":\"EntryPoint\",\"urlTemplate\":\"https:\\\/\\\/www.webdo.tn\\\/fr\\\/?s={search_term_string}\"},\"query-input\":{\"@type\":\"PropertyValueSpecification\",\"valueRequired\":true,\"valueName\":\"search_term_string\"}}],\"inLanguage\":\"fr-FR\"},{\"@type\":\"Organization\",\"@id\":\"https:\\\/\\\/www.webdo.tn\\\/fr\\\/#organization\",\"name\":\"Webdo\",\"alternateName\":\"Webdo.tn\",\"url\":\"https:\\\/\\\/www.webdo.tn\\\/fr\\\/\",\"logo\":{\"@type\":\"ImageObject\",\"inLanguage\":\"fr-FR\",\"@id\":\"https:\\\/\\\/www.webdo.tn\\\/fr\\\/#\\\/schema\\\/logo\\\/image\\\/\",\"url\":\"https:\\\/\\\/www.webdo.tn\\\/fr\\\/wp-content\\\/uploads\\\/2025\\\/06\\\/Webdo-Tunisie_168377.jpg\",\"contentUrl\":\"https:\\\/\\\/www.webdo.tn\\\/fr\\\/wp-content\\\/uploads\\\/2025\\\/06\\\/Webdo-Tunisie_168377.jpg\",\"width\":301,\"height\":301,\"caption\":\"Webdo\"},\"image\":{\"@id\":\"https:\\\/\\\/www.webdo.tn\\\/fr\\\/#\\\/schema\\\/logo\\\/image\\\/\"},\"sameAs\":[\"https:\\\/\\\/www.facebook.com\\\/webdotn\",\"https:\\\/\\\/x.com\\\/webdo_tn\"],\"description\":\"Webdo est un m\u00e9dia num\u00e9rique tunisien fond\u00e9 en 2010, sp\u00e9cialis\u00e9 dans l\u2019actualit\u00e9 nationale et internationale, l\u2019\u00e9conomie, la soci\u00e9t\u00e9 et les analyses politiques. Le site s\u2019adresse \u00e0 un large public francophone et couvre l\u2019information tunisienne en temps r\u00e9el.\",\"email\":\"redac@webdo.tn\",\"legalName\":\"YNJ SARL\",\"foundingDate\":\"2010-09-06\",\"numberOfEmployees\":{\"@type\":\"QuantitativeValue\",\"minValue\":\"11\",\"maxValue\":\"50\"}},{\"@type\":\"Person\",\"@id\":\"https:\\\/\\\/www.webdo.tn\\\/fr\\\/#\\\/schema\\\/person\\\/1f4e491e0907b413d61089e8eb573acc\",\"name\":\"Webdo\",\"image\":{\"@type\":\"ImageObject\",\"inLanguage\":\"fr-FR\",\"@id\":\"https:\\\/\\\/secure.gravatar.com\\\/avatar\\\/de97aeec1bb80978a9dbb127e47dfc88aaacb2f3c29aac907d8d3222e3495d49?s=96&d=mm&r=g\",\"url\":\"https:\\\/\\\/secure.gravatar.com\\\/avatar\\\/de97aeec1bb80978a9dbb127e47dfc88aaacb2f3c29aac907d8d3222e3495d49?s=96&d=mm&r=g\",\"contentUrl\":\"https:\\\/\\\/secure.gravatar.com\\\/avatar\\\/de97aeec1bb80978a9dbb127e47dfc88aaacb2f3c29aac907d8d3222e3495d49?s=96&d=mm&r=g\",\"caption\":\"Webdo\"},\"url\":\"https:\\\/\\\/www.webdo.tn\\\/fr\\\/actualite\\\/author\\\/webdo\\\/\"}]}<\/script>\n<!-- \/ Yoast SEO Premium plugin. -->","yoast_head_json":{"title":"Le gouvernement \u00e9tudie le dossier de la fusion de SNIPE la Presse et Dar Assabah","description":"La r\u00e9union de travail minist\u00e9rielle, tenue ce mercredi 27 mars 2024, s'est pench\u00e9 sur le dossier de la fusion de la Soci\u00e9t\u00e9 nouvelle d\u2019impression, de presse et...","canonical":"https:\/\/www.webdo.tn\/fr\/actualite\/national\/le-gouvernement-etudie-le-dossier-de-la-fusion-de-snipe-la-presse-et-dar-assabah\/213228\/","og_locale":"fr_FR","og_type":"article","og_title":"Le gouvernement \u00e9tudie le dossier de la fusion de SNIPE la Presse et Dar Assabah","og_description":"La r\u00e9union de travail minist\u00e9rielle, tenue ce mercredi 27 mars 2024, s'est pench\u00e9 sur le dossier de la fusion de la Soci\u00e9t\u00e9 nouvelle d\u2019impression, de presse et...","og_url":"https:\/\/www.webdo.tn\/fr\/actualite\/national\/le-gouvernement-etudie-le-dossier-de-la-fusion-de-snipe-la-presse-et-dar-assabah\/213228\/","og_site_name":"webdo","article_publisher":"https:\/\/www.facebook.com\/webdotn","article_published_time":"2024-03-27T20:52:00+00:00","og_image":[{"width":750,"height":400,"url":"https:\/\/www.webdo.tn\/fr\/wp-content\/uploads\/2024\/03\/6f5c9cc17a3240ee7d9a775a69cdd5d7.webp","type":"image\/webp"}],"author":"Webdo","twitter_card":"summary_large_image","twitter_creator":"@webdo_tn","twitter_site":"@webdo_tn","twitter_misc":{"\u00c9crit par":"Webdo","Dur\u00e9e de lecture estim\u00e9e":"1 minute"},"schema":{"@context":"https:\/\/schema.org","@graph":[{"@type":"NewsArticle","@id":"https:\/\/www.webdo.tn\/fr\/actualite\/national\/le-gouvernement-etudie-le-dossier-de-la-fusion-de-snipe-la-presse-et-dar-assabah\/213228\/#article","isPartOf":{"@id":"https:\/\/www.webdo.tn\/fr\/actualite\/national\/le-gouvernement-etudie-le-dossier-de-la-fusion-de-snipe-la-presse-et-dar-assabah\/213228\/"},"author":{"name":"Webdo","@id":"https:\/\/www.webdo.tn\/fr\/#\/schema\/person\/1f4e491e0907b413d61089e8eb573acc"},"headline":"Le gouvernement \u00e9tudie le dossier de la fusion de SNIPE la Presse et Dar Assabah","datePublished":"2024-03-27T20:52:00+00:00","mainEntityOfPage":{"@id":"https:\/\/www.webdo.tn\/fr\/actualite\/national\/le-gouvernement-etudie-le-dossier-de-la-fusion-de-snipe-la-presse-et-dar-assabah\/213228\/"},"wordCount":192,"commentCount":0,"publisher":{"@id":"https:\/\/www.webdo.tn\/fr\/#organization"},"image":{"@id":"https:\/\/www.webdo.tn\/fr\/actualite\/national\/le-gouvernement-etudie-le-dossier-de-la-fusion-de-snipe-la-presse-et-dar-assabah\/213228\/#primaryimage"},"thumbnailUrl":"https:\/\/www.webdo.tn\/fr\/wp-content\/uploads\/2024\/03\/6f5c9cc17a3240ee7d9a775a69cdd5d7.webp","keywords":["assabah","fusion","la presse","snipe","Tunisie"],"articleSection":["National"],"inLanguage":"fr-FR"},{"@type":"WebPage","@id":"https:\/\/www.webdo.tn\/fr\/actualite\/national\/le-gouvernement-etudie-le-dossier-de-la-fusion-de-snipe-la-presse-et-dar-assabah\/213228\/","url":"https:\/\/www.webdo.tn\/fr\/actualite\/national\/le-gouvernement-etudie-le-dossier-de-la-fusion-de-snipe-la-presse-et-dar-assabah\/213228\/","name":"Le gouvernement \u00e9tudie le dossier de la fusion de SNIPE la Presse et Dar Assabah","isPartOf":{"@id":"https:\/\/www.webdo.tn\/fr\/#website"},"primaryImageOfPage":{"@id":"https:\/\/www.webdo.tn\/fr\/actualite\/national\/le-gouvernement-etudie-le-dossier-de-la-fusion-de-snipe-la-presse-et-dar-assabah\/213228\/#primaryimage"},"image":{"@id":"https:\/\/www.webdo.tn\/fr\/actualite\/national\/le-gouvernement-etudie-le-dossier-de-la-fusion-de-snipe-la-presse-et-dar-assabah\/213228\/#primaryimage"},"thumbnailUrl":"https:\/\/www.webdo.tn\/fr\/wp-content\/uploads\/2024\/03\/6f5c9cc17a3240ee7d9a775a69cdd5d7.webp","datePublished":"2024-03-27T20:52:00+00:00","description":"La r\u00e9union de travail minist\u00e9rielle, tenue ce mercredi 27 mars 2024, s'est pench\u00e9 sur le dossier de la fusion de la Soci\u00e9t\u00e9 nouvelle d\u2019impression, de presse et...","breadcrumb":{"@id":"https:\/\/www.webdo.tn\/fr\/actualite\/national\/le-gouvernement-etudie-le-dossier-de-la-fusion-de-snipe-la-presse-et-dar-assabah\/213228\/#breadcrumb"},"inLanguage":"fr-FR","potentialAction":[{"@type":"ReadAction","target":["https:\/\/www.webdo.tn\/fr\/actualite\/national\/le-gouvernement-etudie-le-dossier-de-la-fusion-de-snipe-la-presse-et-dar-assabah\/213228\/"]}]},{"@type":"ImageObject","inLanguage":"fr-FR","@id":"https:\/\/www.webdo.tn\/fr\/actualite\/national\/le-gouvernement-etudie-le-dossier-de-la-fusion-de-snipe-la-presse-et-dar-assabah\/213228\/#primaryimage","url":"https:\/\/www.webdo.tn\/fr\/wp-content\/uploads\/2024\/03\/6f5c9cc17a3240ee7d9a775a69cdd5d7.webp","contentUrl":"https:\/\/www.webdo.tn\/fr\/wp-content\/uploads\/2024\/03\/6f5c9cc17a3240ee7d9a775a69cdd5d7.webp","width":750,"height":400,"caption":"Le gouvernement \u00e9tudie le dossier de la fusion de SNIPE la Presse et Dar Assabah"},{"@type":"BreadcrumbList","@id":"https:\/\/www.webdo.tn\/fr\/actualite\/national\/le-gouvernement-etudie-le-dossier-de-la-fusion-de-snipe-la-presse-et-dar-assabah\/213228\/#breadcrumb","itemListElement":[{"@type":"ListItem","position":1,"name":"Accueil","item":"https:\/\/www.webdo.tn\/fr\/"},{"@type":"ListItem","position":2,"name":"Le gouvernement \u00e9tudie le dossier de la fusion de SNIPE la Presse et Dar Assabah"}]},{"@type":"WebSite","@id":"https:\/\/www.webdo.tn\/fr\/#website","url":"https:\/\/www.webdo.tn\/fr\/","name":"webdo","description":"Tunisie - News en Tunisie et \u00e0 l&#039;international sur Webdo.tn","publisher":{"@id":"https:\/\/www.webdo.tn\/fr\/#organization"},"potentialAction":[{"@type":"SearchAction","target":{"@type":"EntryPoint","urlTemplate":"https:\/\/www.webdo.tn\/fr\/?s={search_term_string}"},"query-input":{"@type":"PropertyValueSpecification","valueRequired":true,"valueName":"search_term_string"}}],"inLanguage":"fr-FR"},{"@type":"Organization","@id":"https:\/\/www.webdo.tn\/fr\/#organization","name":"Webdo","alternateName":"Webdo.tn","url":"https:\/\/www.webdo.tn\/fr\/","logo":{"@type":"ImageObject","inLanguage":"fr-FR","@id":"https:\/\/www.webdo.tn\/fr\/#\/schema\/logo\/image\/","url":"https:\/\/www.webdo.tn\/fr\/wp-content\/uploads\/2025\/06\/Webdo-Tunisie_168377.jpg","contentUrl":"https:\/\/www.webdo.tn\/fr\/wp-content\/uploads\/2025\/06\/Webdo-Tunisie_168377.jpg","width":301,"height":301,"caption":"Webdo"},"image":{"@id":"https:\/\/www.webdo.tn\/fr\/#\/schema\/logo\/image\/"},"sameAs":["https:\/\/www.facebook.com\/webdotn","https:\/\/x.com\/webdo_tn"],"description":"Webdo est un m\u00e9dia num\u00e9rique tunisien fond\u00e9 en 2010, sp\u00e9cialis\u00e9 dans l\u2019actualit\u00e9 nationale et internationale, l\u2019\u00e9conomie, la soci\u00e9t\u00e9 et les analyses politiques. Le site s\u2019adresse \u00e0 un large public francophone et couvre l\u2019information tunisienne en temps r\u00e9el.","email":"redac@webdo.tn","legalName":"YNJ SARL","foundingDate":"2010-09-06","numberOfEmployees":{"@type":"QuantitativeValue","minValue":"11","maxValue":"50"}},{"@type":"Person","@id":"https:\/\/www.webdo.tn\/fr\/#\/schema\/person\/1f4e491e0907b413d61089e8eb573acc","name":"Webdo","image":{"@type":"ImageObject","inLanguage":"fr-FR","@id":"https:\/\/secure.gravatar.com\/avatar\/de97aeec1bb80978a9dbb127e47dfc88aaacb2f3c29aac907d8d3222e3495d49?s=96&d=mm&r=g","url":"https:\/\/secure.gravatar.com\/avatar\/de97aeec1bb80978a9dbb127e47dfc88aaacb2f3c29aac907d8d3222e3495d49?s=96&d=mm&r=g","contentUrl":"https:\/\/secure.gravatar.com\/avatar\/de97aeec1bb80978a9dbb127e47dfc88aaacb2f3c29aac907d8d3222e3495d49?s=96&d=mm&r=g","caption":"Webdo"},"url":"https:\/\/www.webdo.tn\/fr\/actualite\/author\/webdo\/"}]}},"_links":{"self":[{"href":"https:\/\/www.webdo.tn\/fr\/wp-json\/wp\/v2\/posts\/213228","targetHints":{"allow":["GET"]}}],"collection":[{"href":"https:\/\/www.webdo.tn\/fr\/wp-json\/wp\/v2\/posts"}],"about":[{"href":"https:\/\/www.webdo.tn\/fr\/wp-json\/wp\/v2\/types\/post"}],"author":[{"embeddable":true,"href":"https:\/\/www.webdo.tn\/fr\/wp-json\/wp\/v2\/users\/3169"}],"replies":[{"embeddable":true,"href":"https:\/\/www.webdo.tn\/fr\/wp-json\/wp\/v2\/comments?post=213228"}],"version-history":[{"count":0,"href":"https:\/\/www.webdo.tn\/fr\/wp-json\/wp\/v2\/posts\/213228\/revisions"}],"wp:featuredmedia":[{"embeddable":true,"href":"https:\/\/www.webdo.tn\/fr\/wp-json\/wp\/v2\/media\/247699"}],"wp:attachment":[{"href":"https:\/\/www.webdo.tn\/fr\/wp-json\/wp\/v2\/media?parent=213228"}],"wp:term":[{"taxonomy":"category","embeddable":true,"href":"https:\/\/www.webdo.tn\/fr\/wp-json\/wp\/v2\/categories?post=213228"},{"taxonomy":"post_tag","embeddable":true,"href":"https:\/\/www.webdo.tn\/fr\/wp-json\/wp\/v2\/tags?post=213228"}],"curies":[{"name":"wp","href":"https:\/\/api.w.org\/{rel}","templated":true}]}}