{"id":213222,"date":"2024-03-27T13:42:00","date_gmt":"2024-03-27T13:42:00","guid":{"rendered":"https:\/\/www.webdo.tn\/fr\/blog\/tunisie-plus-de-radars-et-de-cameras-sur-nos-routes\/213222\/"},"modified":"2025-05-20T22:37:07","modified_gmt":"2025-05-20T22:37:07","slug":"tunisie-plus-de-radars-et-de-cameras-sur-nos-routes","status":"publish","type":"post","link":"https:\/\/www.webdo.tn\/fr\/actualite\/national\/tunisie-plus-de-radars-et-de-cameras-sur-nos-routes\/213222\/","title":{"rendered":"Tunisie : Plus de radars et de cam\u00e9ras sur nos routes"},"content":{"rendered":"<p>Il y a quelques jours, un conseil minist\u00e9riel a donn\u00e9 son approbation au projet de loi visant \u00e0 compl\u00e9ter le code de la route. Cela donnera lieu \u00e0 de nouvelles modification pour bient\u00f4t.\u00a0<\/p>\n<p>\t\t\t\t\t\t\t\t\tC\u2019est dans ce sens que Mourad Jouini, directeur de la communication \u00e0 l&rsquo;Observatoire national de la s\u00e9curit\u00e9 routi\u00e8re, a pr\u00e9cis\u00e9 sur les ondes de RTCI que ce projet se compose de deux d\u00e9crets.<\/p>\n<p>Le premier d\u00e9cret concerne la mise en place d&rsquo;une surveillance \u00e0 distance automatis\u00e9e des infractions routi\u00e8res, tandis que le deuxi\u00e8me sur la conduite en \u00e9tat d\u2019ivresse.<\/p>\n<p>Dans le but de renforcer le contr\u00f4le, il est pr\u00e9vu d&rsquo;augmenter le nombre de radars et de cam\u00e9ras sur les routes afin de surveiller plusieurs infractions telles que le non-port de la ceinture de s\u00e9curit\u00e9, l&rsquo;utilisation du t\u00e9l\u00e9phone portable au volant et les infractions li\u00e9es aux feux de route.<\/p>\n<p>Mourad Jouini a soulign\u00e9 que l&rsquo;objectif principal de cette initiative est de r\u00e9duire le nombre d&rsquo;accidents ainsi que le nombre de victimes tu\u00e9es ou bless\u00e9es.<\/p>\n<p>De plus, il a pr\u00e9cis\u00e9 que cette augmentation des dispositifs de contr\u00f4le sera d&rsquo;abord mise en place dans certains gouvernorats, puis \u00e9tendue \u00e0 l&rsquo;ensemble des 24 gouvernorats par la suite.<\/p>\n","protected":false},"excerpt":{"rendered":"<p>C\u2019est dans ce sens que Mourad Jouini, directeur de la communication \u00e0 l&rsquo;Observatoire national de la s\u00e9curit\u00e9 routi\u00e8re, a pr\u00e9cis\u00e9 sur les ondes de RTCI que ce pr&#8230;<\/p>\n","protected":false},"author":3175,"featured_media":247696,"comment_status":"open","ping_status":"closed","sticky":false,"template":"","format":"standard","meta":{"footnotes":""},"categories":[44],"tags":[4721,3709,4187,2608],"class_list":["post-213222","post","type-post","status-publish","format-standard","has-post-thumbnail","hentry","category-national","tag-cameras","tag-radars","tag-routes","tag-tunisie"],"yoast_head":"<!-- This site is optimized with the Yoast SEO Premium plugin v27.4 (Yoast SEO v27.5) - https:\/\/yoast.com\/product\/yoast-seo-premium-wordpress\/ -->\n<title>Tunisie : Plus de radars et de cam\u00e9ras sur nos routes<\/title>\n<meta name=\"description\" content=\"C\u2019est dans ce sens que Mourad Jouini, directeur de la communication \u00e0 l&#039;Observatoire national de la s\u00e9curit\u00e9 routi\u00e8re, a pr\u00e9cis\u00e9 sur les ondes de RTCI que ce pr...\" \/>\n<link rel=\"canonical\" href=\"https:\/\/www.webdo.tn\/fr\/actualite\/national\/tunisie-plus-de-radars-et-de-cameras-sur-nos-routes\/213222\/\" \/>\n<meta property=\"og:locale\" content=\"fr_FR\" \/>\n<meta property=\"og:type\" content=\"article\" \/>\n<meta property=\"og:title\" content=\"Tunisie : Plus de radars et de cam\u00e9ras sur nos routes\" \/>\n<meta property=\"og:description\" content=\"C\u2019est dans ce sens que Mourad Jouini, directeur de la communication \u00e0 l&#039;Observatoire national de la s\u00e9curit\u00e9 routi\u00e8re, a pr\u00e9cis\u00e9 sur les ondes de RTCI que ce pr...\" \/>\n<meta property=\"og:url\" content=\"https:\/\/www.webdo.tn\/fr\/actualite\/national\/tunisie-plus-de-radars-et-de-cameras-sur-nos-routes\/213222\/\" \/>\n<meta property=\"og:site_name\" content=\"webdo\" \/>\n<meta property=\"article:publisher\" content=\"https:\/\/www.facebook.com\/webdotn\" \/>\n<meta property=\"article:published_time\" content=\"2024-03-27T13:42:00+00:00\" \/>\n<meta property=\"article:modified_time\" content=\"2025-05-20T22:37:07+00:00\" \/>\n<meta property=\"og:image\" content=\"https:\/\/www.webdo.tn\/fr\/wp-content\/uploads\/2024\/03\/510d91e3574195608610e472cf792abd.jpg\" \/>\n\t<meta property=\"og:image:width\" content=\"750\" \/>\n\t<meta property=\"og:image:height\" content=\"400\" \/>\n\t<meta property=\"og:image:type\" content=\"image\/jpeg\" \/>\n<meta name=\"author\" content=\"CL\" \/>\n<meta name=\"twitter:card\" content=\"summary_large_image\" \/>\n<meta name=\"twitter:creator\" content=\"@webdo_tn\" \/>\n<meta name=\"twitter:site\" content=\"@webdo_tn\" \/>\n<meta name=\"twitter:label1\" content=\"\u00c9crit par\" \/>\n\t<meta name=\"twitter:data1\" content=\"CL\" \/>\n\t<meta name=\"twitter:label2\" content=\"Dur\u00e9e de lecture estim\u00e9e\" \/>\n\t<meta name=\"twitter:data2\" content=\"1 minute\" \/>\n<script type=\"application\/ld+json\" class=\"yoast-schema-graph\">{\"@context\":\"https:\\\/\\\/schema.org\",\"@graph\":[{\"@type\":\"NewsArticle\",\"@id\":\"https:\\\/\\\/www.webdo.tn\\\/fr\\\/actualite\\\/national\\\/tunisie-plus-de-radars-et-de-cameras-sur-nos-routes\\\/213222\\\/#article\",\"isPartOf\":{\"@id\":\"https:\\\/\\\/www.webdo.tn\\\/fr\\\/actualite\\\/national\\\/tunisie-plus-de-radars-et-de-cameras-sur-nos-routes\\\/213222\\\/\"},\"author\":{\"name\":\"CL\",\"@id\":\"https:\\\/\\\/www.webdo.tn\\\/fr\\\/#\\\/schema\\\/person\\\/f35b42a42c5e2511bbd282959d6385cc\"},\"headline\":\"Tunisie : Plus de radars et de cam\u00e9ras sur nos routes\",\"datePublished\":\"2024-03-27T13:42:00+00:00\",\"dateModified\":\"2025-05-20T22:37:07+00:00\",\"mainEntityOfPage\":{\"@id\":\"https:\\\/\\\/www.webdo.tn\\\/fr\\\/actualite\\\/national\\\/tunisie-plus-de-radars-et-de-cameras-sur-nos-routes\\\/213222\\\/\"},\"wordCount\":234,\"commentCount\":0,\"publisher\":{\"@id\":\"https:\\\/\\\/www.webdo.tn\\\/fr\\\/#organization\"},\"image\":{\"@id\":\"https:\\\/\\\/www.webdo.tn\\\/fr\\\/actualite\\\/national\\\/tunisie-plus-de-radars-et-de-cameras-sur-nos-routes\\\/213222\\\/#primaryimage\"},\"thumbnailUrl\":\"https:\\\/\\\/www.webdo.tn\\\/fr\\\/wp-content\\\/uploads\\\/2024\\\/03\\\/510d91e3574195608610e472cf792abd.jpg\",\"keywords\":[\"Cam\u00e9ras\",\"Radars\",\"routes\",\"Tunisie\"],\"articleSection\":[\"National\"],\"inLanguage\":\"fr-FR\"},{\"@type\":\"WebPage\",\"@id\":\"https:\\\/\\\/www.webdo.tn\\\/fr\\\/actualite\\\/national\\\/tunisie-plus-de-radars-et-de-cameras-sur-nos-routes\\\/213222\\\/\",\"url\":\"https:\\\/\\\/www.webdo.tn\\\/fr\\\/actualite\\\/national\\\/tunisie-plus-de-radars-et-de-cameras-sur-nos-routes\\\/213222\\\/\",\"name\":\"Tunisie : Plus de radars et de cam\u00e9ras sur nos routes\",\"isPartOf\":{\"@id\":\"https:\\\/\\\/www.webdo.tn\\\/fr\\\/#website\"},\"primaryImageOfPage\":{\"@id\":\"https:\\\/\\\/www.webdo.tn\\\/fr\\\/actualite\\\/national\\\/tunisie-plus-de-radars-et-de-cameras-sur-nos-routes\\\/213222\\\/#primaryimage\"},\"image\":{\"@id\":\"https:\\\/\\\/www.webdo.tn\\\/fr\\\/actualite\\\/national\\\/tunisie-plus-de-radars-et-de-cameras-sur-nos-routes\\\/213222\\\/#primaryimage\"},\"thumbnailUrl\":\"https:\\\/\\\/www.webdo.tn\\\/fr\\\/wp-content\\\/uploads\\\/2024\\\/03\\\/510d91e3574195608610e472cf792abd.jpg\",\"datePublished\":\"2024-03-27T13:42:00+00:00\",\"dateModified\":\"2025-05-20T22:37:07+00:00\",\"description\":\"C\u2019est dans ce sens que Mourad Jouini, directeur de la communication \u00e0 l'Observatoire national de la s\u00e9curit\u00e9 routi\u00e8re, a pr\u00e9cis\u00e9 sur les ondes de RTCI que ce pr...\",\"breadcrumb\":{\"@id\":\"https:\\\/\\\/www.webdo.tn\\\/fr\\\/actualite\\\/national\\\/tunisie-plus-de-radars-et-de-cameras-sur-nos-routes\\\/213222\\\/#breadcrumb\"},\"inLanguage\":\"fr-FR\",\"potentialAction\":[{\"@type\":\"ReadAction\",\"target\":[\"https:\\\/\\\/www.webdo.tn\\\/fr\\\/actualite\\\/national\\\/tunisie-plus-de-radars-et-de-cameras-sur-nos-routes\\\/213222\\\/\"]}]},{\"@type\":\"ImageObject\",\"inLanguage\":\"fr-FR\",\"@id\":\"https:\\\/\\\/www.webdo.tn\\\/fr\\\/actualite\\\/national\\\/tunisie-plus-de-radars-et-de-cameras-sur-nos-routes\\\/213222\\\/#primaryimage\",\"url\":\"https:\\\/\\\/www.webdo.tn\\\/fr\\\/wp-content\\\/uploads\\\/2024\\\/03\\\/510d91e3574195608610e472cf792abd.jpg\",\"contentUrl\":\"https:\\\/\\\/www.webdo.tn\\\/fr\\\/wp-content\\\/uploads\\\/2024\\\/03\\\/510d91e3574195608610e472cf792abd.jpg\",\"width\":750,\"height\":400,\"caption\":\"Tunisie : Plus de radars et de cam\u00e9ras sur nos routes\"},{\"@type\":\"BreadcrumbList\",\"@id\":\"https:\\\/\\\/www.webdo.tn\\\/fr\\\/actualite\\\/national\\\/tunisie-plus-de-radars-et-de-cameras-sur-nos-routes\\\/213222\\\/#breadcrumb\",\"itemListElement\":[{\"@type\":\"ListItem\",\"position\":1,\"name\":\"Accueil\",\"item\":\"https:\\\/\\\/www.webdo.tn\\\/fr\\\/\"},{\"@type\":\"ListItem\",\"position\":2,\"name\":\"Tunisie : Plus de radars et de cam\u00e9ras sur nos routes\"}]},{\"@type\":\"WebSite\",\"@id\":\"https:\\\/\\\/www.webdo.tn\\\/fr\\\/#website\",\"url\":\"https:\\\/\\\/www.webdo.tn\\\/fr\\\/\",\"name\":\"webdo\",\"description\":\"Tunisie - News en Tunisie et \u00e0 l&#039;international sur Webdo.tn\",\"publisher\":{\"@id\":\"https:\\\/\\\/www.webdo.tn\\\/fr\\\/#organization\"},\"potentialAction\":[{\"@type\":\"SearchAction\",\"target\":{\"@type\":\"EntryPoint\",\"urlTemplate\":\"https:\\\/\\\/www.webdo.tn\\\/fr\\\/?s={search_term_string}\"},\"query-input\":{\"@type\":\"PropertyValueSpecification\",\"valueRequired\":true,\"valueName\":\"search_term_string\"}}],\"inLanguage\":\"fr-FR\"},{\"@type\":\"Organization\",\"@id\":\"https:\\\/\\\/www.webdo.tn\\\/fr\\\/#organization\",\"name\":\"Webdo\",\"alternateName\":\"Webdo.tn\",\"url\":\"https:\\\/\\\/www.webdo.tn\\\/fr\\\/\",\"logo\":{\"@type\":\"ImageObject\",\"inLanguage\":\"fr-FR\",\"@id\":\"https:\\\/\\\/www.webdo.tn\\\/fr\\\/#\\\/schema\\\/logo\\\/image\\\/\",\"url\":\"https:\\\/\\\/www.webdo.tn\\\/fr\\\/wp-content\\\/uploads\\\/2025\\\/06\\\/Webdo-Tunisie_168377.jpg\",\"contentUrl\":\"https:\\\/\\\/www.webdo.tn\\\/fr\\\/wp-content\\\/uploads\\\/2025\\\/06\\\/Webdo-Tunisie_168377.jpg\",\"width\":301,\"height\":301,\"caption\":\"Webdo\"},\"image\":{\"@id\":\"https:\\\/\\\/www.webdo.tn\\\/fr\\\/#\\\/schema\\\/logo\\\/image\\\/\"},\"sameAs\":[\"https:\\\/\\\/www.facebook.com\\\/webdotn\",\"https:\\\/\\\/x.com\\\/webdo_tn\"],\"description\":\"Webdo est un m\u00e9dia num\u00e9rique tunisien fond\u00e9 en 2010, sp\u00e9cialis\u00e9 dans l\u2019actualit\u00e9 nationale et internationale, l\u2019\u00e9conomie, la soci\u00e9t\u00e9 et les analyses politiques. Le site s\u2019adresse \u00e0 un large public francophone et couvre l\u2019information tunisienne en temps r\u00e9el.\",\"email\":\"redac@webdo.tn\",\"legalName\":\"YNJ SARL\",\"foundingDate\":\"2010-09-06\",\"numberOfEmployees\":{\"@type\":\"QuantitativeValue\",\"minValue\":\"11\",\"maxValue\":\"50\"}},{\"@type\":\"Person\",\"@id\":\"https:\\\/\\\/www.webdo.tn\\\/fr\\\/#\\\/schema\\\/person\\\/f35b42a42c5e2511bbd282959d6385cc\",\"name\":\"CL\",\"image\":{\"@type\":\"ImageObject\",\"inLanguage\":\"fr-FR\",\"@id\":\"https:\\\/\\\/secure.gravatar.com\\\/avatar\\\/1447a49909b67aa657c488aec6512e1dd6143a480c1ecfee9b5b5cd74eb3b59e?s=96&d=mm&r=g\",\"url\":\"https:\\\/\\\/secure.gravatar.com\\\/avatar\\\/1447a49909b67aa657c488aec6512e1dd6143a480c1ecfee9b5b5cd74eb3b59e?s=96&d=mm&r=g\",\"contentUrl\":\"https:\\\/\\\/secure.gravatar.com\\\/avatar\\\/1447a49909b67aa657c488aec6512e1dd6143a480c1ecfee9b5b5cd74eb3b59e?s=96&d=mm&r=g\",\"caption\":\"CL\"},\"url\":\"https:\\\/\\\/www.webdo.tn\\\/fr\\\/actualite\\\/author\\\/cl\\\/\"}]}<\/script>\n<!-- \/ Yoast SEO Premium plugin. -->","yoast_head_json":{"title":"Tunisie : Plus de radars et de cam\u00e9ras sur nos routes","description":"C\u2019est dans ce sens que Mourad Jouini, directeur de la communication \u00e0 l'Observatoire national de la s\u00e9curit\u00e9 routi\u00e8re, a pr\u00e9cis\u00e9 sur les ondes de RTCI que ce pr...","canonical":"https:\/\/www.webdo.tn\/fr\/actualite\/national\/tunisie-plus-de-radars-et-de-cameras-sur-nos-routes\/213222\/","og_locale":"fr_FR","og_type":"article","og_title":"Tunisie : Plus de radars et de cam\u00e9ras sur nos routes","og_description":"C\u2019est dans ce sens que Mourad Jouini, directeur de la communication \u00e0 l'Observatoire national de la s\u00e9curit\u00e9 routi\u00e8re, a pr\u00e9cis\u00e9 sur les ondes de RTCI que ce pr...","og_url":"https:\/\/www.webdo.tn\/fr\/actualite\/national\/tunisie-plus-de-radars-et-de-cameras-sur-nos-routes\/213222\/","og_site_name":"webdo","article_publisher":"https:\/\/www.facebook.com\/webdotn","article_published_time":"2024-03-27T13:42:00+00:00","article_modified_time":"2025-05-20T22:37:07+00:00","og_image":[{"width":750,"height":400,"url":"https:\/\/www.webdo.tn\/fr\/wp-content\/uploads\/2024\/03\/510d91e3574195608610e472cf792abd.jpg","type":"image\/jpeg"}],"author":"CL","twitter_card":"summary_large_image","twitter_creator":"@webdo_tn","twitter_site":"@webdo_tn","twitter_misc":{"\u00c9crit par":"CL","Dur\u00e9e de lecture estim\u00e9e":"1 minute"},"schema":{"@context":"https:\/\/schema.org","@graph":[{"@type":"NewsArticle","@id":"https:\/\/www.webdo.tn\/fr\/actualite\/national\/tunisie-plus-de-radars-et-de-cameras-sur-nos-routes\/213222\/#article","isPartOf":{"@id":"https:\/\/www.webdo.tn\/fr\/actualite\/national\/tunisie-plus-de-radars-et-de-cameras-sur-nos-routes\/213222\/"},"author":{"name":"CL","@id":"https:\/\/www.webdo.tn\/fr\/#\/schema\/person\/f35b42a42c5e2511bbd282959d6385cc"},"headline":"Tunisie : Plus de radars et de cam\u00e9ras sur nos routes","datePublished":"2024-03-27T13:42:00+00:00","dateModified":"2025-05-20T22:37:07+00:00","mainEntityOfPage":{"@id":"https:\/\/www.webdo.tn\/fr\/actualite\/national\/tunisie-plus-de-radars-et-de-cameras-sur-nos-routes\/213222\/"},"wordCount":234,"commentCount":0,"publisher":{"@id":"https:\/\/www.webdo.tn\/fr\/#organization"},"image":{"@id":"https:\/\/www.webdo.tn\/fr\/actualite\/national\/tunisie-plus-de-radars-et-de-cameras-sur-nos-routes\/213222\/#primaryimage"},"thumbnailUrl":"https:\/\/www.webdo.tn\/fr\/wp-content\/uploads\/2024\/03\/510d91e3574195608610e472cf792abd.jpg","keywords":["Cam\u00e9ras","Radars","routes","Tunisie"],"articleSection":["National"],"inLanguage":"fr-FR"},{"@type":"WebPage","@id":"https:\/\/www.webdo.tn\/fr\/actualite\/national\/tunisie-plus-de-radars-et-de-cameras-sur-nos-routes\/213222\/","url":"https:\/\/www.webdo.tn\/fr\/actualite\/national\/tunisie-plus-de-radars-et-de-cameras-sur-nos-routes\/213222\/","name":"Tunisie : Plus de radars et de cam\u00e9ras sur nos routes","isPartOf":{"@id":"https:\/\/www.webdo.tn\/fr\/#website"},"primaryImageOfPage":{"@id":"https:\/\/www.webdo.tn\/fr\/actualite\/national\/tunisie-plus-de-radars-et-de-cameras-sur-nos-routes\/213222\/#primaryimage"},"image":{"@id":"https:\/\/www.webdo.tn\/fr\/actualite\/national\/tunisie-plus-de-radars-et-de-cameras-sur-nos-routes\/213222\/#primaryimage"},"thumbnailUrl":"https:\/\/www.webdo.tn\/fr\/wp-content\/uploads\/2024\/03\/510d91e3574195608610e472cf792abd.jpg","datePublished":"2024-03-27T13:42:00+00:00","dateModified":"2025-05-20T22:37:07+00:00","description":"C\u2019est dans ce sens que Mourad Jouini, directeur de la communication \u00e0 l'Observatoire national de la s\u00e9curit\u00e9 routi\u00e8re, a pr\u00e9cis\u00e9 sur les ondes de RTCI que ce pr...","breadcrumb":{"@id":"https:\/\/www.webdo.tn\/fr\/actualite\/national\/tunisie-plus-de-radars-et-de-cameras-sur-nos-routes\/213222\/#breadcrumb"},"inLanguage":"fr-FR","potentialAction":[{"@type":"ReadAction","target":["https:\/\/www.webdo.tn\/fr\/actualite\/national\/tunisie-plus-de-radars-et-de-cameras-sur-nos-routes\/213222\/"]}]},{"@type":"ImageObject","inLanguage":"fr-FR","@id":"https:\/\/www.webdo.tn\/fr\/actualite\/national\/tunisie-plus-de-radars-et-de-cameras-sur-nos-routes\/213222\/#primaryimage","url":"https:\/\/www.webdo.tn\/fr\/wp-content\/uploads\/2024\/03\/510d91e3574195608610e472cf792abd.jpg","contentUrl":"https:\/\/www.webdo.tn\/fr\/wp-content\/uploads\/2024\/03\/510d91e3574195608610e472cf792abd.jpg","width":750,"height":400,"caption":"Tunisie : Plus de radars et de cam\u00e9ras sur nos routes"},{"@type":"BreadcrumbList","@id":"https:\/\/www.webdo.tn\/fr\/actualite\/national\/tunisie-plus-de-radars-et-de-cameras-sur-nos-routes\/213222\/#breadcrumb","itemListElement":[{"@type":"ListItem","position":1,"name":"Accueil","item":"https:\/\/www.webdo.tn\/fr\/"},{"@type":"ListItem","position":2,"name":"Tunisie : Plus de radars et de cam\u00e9ras sur nos routes"}]},{"@type":"WebSite","@id":"https:\/\/www.webdo.tn\/fr\/#website","url":"https:\/\/www.webdo.tn\/fr\/","name":"webdo","description":"Tunisie - News en Tunisie et \u00e0 l&#039;international sur Webdo.tn","publisher":{"@id":"https:\/\/www.webdo.tn\/fr\/#organization"},"potentialAction":[{"@type":"SearchAction","target":{"@type":"EntryPoint","urlTemplate":"https:\/\/www.webdo.tn\/fr\/?s={search_term_string}"},"query-input":{"@type":"PropertyValueSpecification","valueRequired":true,"valueName":"search_term_string"}}],"inLanguage":"fr-FR"},{"@type":"Organization","@id":"https:\/\/www.webdo.tn\/fr\/#organization","name":"Webdo","alternateName":"Webdo.tn","url":"https:\/\/www.webdo.tn\/fr\/","logo":{"@type":"ImageObject","inLanguage":"fr-FR","@id":"https:\/\/www.webdo.tn\/fr\/#\/schema\/logo\/image\/","url":"https:\/\/www.webdo.tn\/fr\/wp-content\/uploads\/2025\/06\/Webdo-Tunisie_168377.jpg","contentUrl":"https:\/\/www.webdo.tn\/fr\/wp-content\/uploads\/2025\/06\/Webdo-Tunisie_168377.jpg","width":301,"height":301,"caption":"Webdo"},"image":{"@id":"https:\/\/www.webdo.tn\/fr\/#\/schema\/logo\/image\/"},"sameAs":["https:\/\/www.facebook.com\/webdotn","https:\/\/x.com\/webdo_tn"],"description":"Webdo est un m\u00e9dia num\u00e9rique tunisien fond\u00e9 en 2010, sp\u00e9cialis\u00e9 dans l\u2019actualit\u00e9 nationale et internationale, l\u2019\u00e9conomie, la soci\u00e9t\u00e9 et les analyses politiques. Le site s\u2019adresse \u00e0 un large public francophone et couvre l\u2019information tunisienne en temps r\u00e9el.","email":"redac@webdo.tn","legalName":"YNJ SARL","foundingDate":"2010-09-06","numberOfEmployees":{"@type":"QuantitativeValue","minValue":"11","maxValue":"50"}},{"@type":"Person","@id":"https:\/\/www.webdo.tn\/fr\/#\/schema\/person\/f35b42a42c5e2511bbd282959d6385cc","name":"CL","image":{"@type":"ImageObject","inLanguage":"fr-FR","@id":"https:\/\/secure.gravatar.com\/avatar\/1447a49909b67aa657c488aec6512e1dd6143a480c1ecfee9b5b5cd74eb3b59e?s=96&d=mm&r=g","url":"https:\/\/secure.gravatar.com\/avatar\/1447a49909b67aa657c488aec6512e1dd6143a480c1ecfee9b5b5cd74eb3b59e?s=96&d=mm&r=g","contentUrl":"https:\/\/secure.gravatar.com\/avatar\/1447a49909b67aa657c488aec6512e1dd6143a480c1ecfee9b5b5cd74eb3b59e?s=96&d=mm&r=g","caption":"CL"},"url":"https:\/\/www.webdo.tn\/fr\/actualite\/author\/cl\/"}]}},"_links":{"self":[{"href":"https:\/\/www.webdo.tn\/fr\/wp-json\/wp\/v2\/posts\/213222","targetHints":{"allow":["GET"]}}],"collection":[{"href":"https:\/\/www.webdo.tn\/fr\/wp-json\/wp\/v2\/posts"}],"about":[{"href":"https:\/\/www.webdo.tn\/fr\/wp-json\/wp\/v2\/types\/post"}],"author":[{"embeddable":true,"href":"https:\/\/www.webdo.tn\/fr\/wp-json\/wp\/v2\/users\/3175"}],"replies":[{"embeddable":true,"href":"https:\/\/www.webdo.tn\/fr\/wp-json\/wp\/v2\/comments?post=213222"}],"version-history":[{"count":0,"href":"https:\/\/www.webdo.tn\/fr\/wp-json\/wp\/v2\/posts\/213222\/revisions"}],"wp:featuredmedia":[{"embeddable":true,"href":"https:\/\/www.webdo.tn\/fr\/wp-json\/wp\/v2\/media\/247696"}],"wp:attachment":[{"href":"https:\/\/www.webdo.tn\/fr\/wp-json\/wp\/v2\/media?parent=213222"}],"wp:term":[{"taxonomy":"category","embeddable":true,"href":"https:\/\/www.webdo.tn\/fr\/wp-json\/wp\/v2\/categories?post=213222"},{"taxonomy":"post_tag","embeddable":true,"href":"https:\/\/www.webdo.tn\/fr\/wp-json\/wp\/v2\/tags?post=213222"}],"curies":[{"name":"wp","href":"https:\/\/api.w.org\/{rel}","templated":true}]}}