{"id":213217,"date":"2024-03-27T11:58:00","date_gmt":"2024-03-27T11:58:00","guid":{"rendered":"https:\/\/www.webdo.tn\/fr\/blog\/un-office-des-logements-pour-le-personnel-de-la-presidence-de-la-republique\/213217\/"},"modified":"2025-05-20T21:51:56","modified_gmt":"2025-05-20T21:51:56","slug":"un-office-des-logements-pour-le-personnel-de-la-presidence-de-la-republique","status":"publish","type":"post","link":"https:\/\/www.webdo.tn\/fr\/actualite\/national\/un-office-des-logements-pour-le-personnel-de-la-presidence-de-la-republique\/213217\/","title":{"rendered":"Un Office des logements pour le personnel de la Pr\u00e9sidence de la R\u00e9publique"},"content":{"rendered":"<p>Le d\u00e9cret n\u00b02024-170 a \u00e9t\u00e9 publi\u00e9 dans le Journal Officiel de la R\u00e9publique Tunisienne (JORT) en date du 22 mars 2024, \u00e9tablissant la cr\u00e9ation d\u2019un Office des logements pour les personnels de la Pr\u00e9sidence de la R\u00e9publique.<\/p>\n<p>\t\t\t\t\t\t\t\t\tCe d\u00e9cret pr\u00e9voit la cr\u00e9ation d&rsquo;un \u00e9tablissement public \u00e0 caract\u00e8re non administratif, b\u00e9n\u00e9ficiant de la personnalit\u00e9 morale et de l&rsquo;autonomie financi\u00e8re. Il est plac\u00e9 sous la tutelle de la Pr\u00e9sidence de la R\u00e9publique.<\/p>\n<p>Le d\u00e9cret d\u00e9terminant les attributions de l\u2019Office en question, son organisation administrative et financi\u00e8re, ainsi que les modalit\u00e9s de son fonctionnement.<\/p>\n<p>Ses missions principales sont :<\/p>\n<p>\tL&rsquo;acquisition, l&rsquo;am\u00e9nagement et la vente de terrains en vue de la construction de logements destin\u00e9s au personnel de la Pr\u00e9sidence de la R\u00e9publique,<br \/>\n\tLa construction de logements \u00e0 des fins locatives ou de vente pour le personnel de la Pr\u00e9sidence de la R\u00e9publique,<br \/>\n\tL&rsquo;acquisition de logements existants et leur mise en \u00e9tat en vue de leur location ou vente au profit du personnel de la Pr\u00e9sidence de la R\u00e9publique,<br \/>\n\tL&rsquo;entretien des logements afin d&rsquo;assurer leur durabilit\u00e9.<\/p>\n","protected":false},"excerpt":{"rendered":"<p>Ce d\u00e9cret pr\u00e9voit la cr\u00e9ation d&rsquo;un \u00e9tablissement public \u00e0 caract\u00e8re non administratif, b\u00e9n\u00e9ficiant de la personnalit\u00e9 morale et de l&rsquo;autonomie financi\u00e8re. Il es&#8230;<\/p>\n","protected":false},"author":3162,"featured_media":247693,"comment_status":"open","ping_status":"closed","sticky":false,"template":"","format":"standard","meta":{"footnotes":""},"categories":[44],"tags":[4135,3754,6771,5442,2608],"class_list":["post-213217","post","type-post","status-publish","format-standard","has-post-thumbnail","hentry","category-national","tag-logement","tag-office","tag-personnel","tag-presidence-de-la-republique","tag-tunisie"],"yoast_head":"<!-- This site is optimized with the Yoast SEO Premium plugin v27.4 (Yoast SEO v27.5) - https:\/\/yoast.com\/product\/yoast-seo-premium-wordpress\/ -->\n<title>Un Office des logements pour le personnel de la Pr\u00e9sidence de la R\u00e9publique<\/title>\n<meta name=\"description\" content=\"Ce d\u00e9cret pr\u00e9voit la cr\u00e9ation d&#039;un \u00e9tablissement public \u00e0 caract\u00e8re non administratif, b\u00e9n\u00e9ficiant de la personnalit\u00e9 morale et de l&#039;autonomie financi\u00e8re. Il es...\" \/>\n<link rel=\"canonical\" href=\"https:\/\/www.webdo.tn\/fr\/actualite\/national\/un-office-des-logements-pour-le-personnel-de-la-presidence-de-la-republique\/213217\/\" \/>\n<meta property=\"og:locale\" content=\"fr_FR\" \/>\n<meta property=\"og:type\" content=\"article\" \/>\n<meta property=\"og:title\" content=\"Un Office des logements pour le personnel de la Pr\u00e9sidence de la R\u00e9publique\" \/>\n<meta property=\"og:description\" content=\"Ce d\u00e9cret pr\u00e9voit la cr\u00e9ation d&#039;un \u00e9tablissement public \u00e0 caract\u00e8re non administratif, b\u00e9n\u00e9ficiant de la personnalit\u00e9 morale et de l&#039;autonomie financi\u00e8re. Il es...\" \/>\n<meta property=\"og:url\" content=\"https:\/\/www.webdo.tn\/fr\/actualite\/national\/un-office-des-logements-pour-le-personnel-de-la-presidence-de-la-republique\/213217\/\" \/>\n<meta property=\"og:site_name\" content=\"webdo\" \/>\n<meta property=\"article:publisher\" content=\"https:\/\/www.facebook.com\/webdotn\" \/>\n<meta property=\"article:published_time\" content=\"2024-03-27T11:58:00+00:00\" \/>\n<meta property=\"article:modified_time\" content=\"2025-05-20T21:51:56+00:00\" \/>\n<meta property=\"og:image\" content=\"https:\/\/www.webdo.tn\/fr\/wp-content\/uploads\/2024\/03\/cdf79c0e3fa6eae256d358b92d68d701.jpg\" \/>\n\t<meta property=\"og:image:width\" content=\"750\" \/>\n\t<meta property=\"og:image:height\" content=\"400\" \/>\n\t<meta property=\"og:image:type\" content=\"image\/jpeg\" \/>\n<meta name=\"author\" content=\"MC\" \/>\n<meta name=\"twitter:card\" content=\"summary_large_image\" \/>\n<meta name=\"twitter:creator\" content=\"@webdo_tn\" \/>\n<meta name=\"twitter:site\" content=\"@webdo_tn\" \/>\n<meta name=\"twitter:label1\" content=\"\u00c9crit par\" \/>\n\t<meta name=\"twitter:data1\" content=\"MC\" \/>\n\t<meta name=\"twitter:label2\" content=\"Dur\u00e9e de lecture estim\u00e9e\" \/>\n\t<meta name=\"twitter:data2\" content=\"1 minute\" \/>\n<script type=\"application\/ld+json\" class=\"yoast-schema-graph\">{\"@context\":\"https:\\\/\\\/schema.org\",\"@graph\":[{\"@type\":\"NewsArticle\",\"@id\":\"https:\\\/\\\/www.webdo.tn\\\/fr\\\/actualite\\\/national\\\/un-office-des-logements-pour-le-personnel-de-la-presidence-de-la-republique\\\/213217\\\/#article\",\"isPartOf\":{\"@id\":\"https:\\\/\\\/www.webdo.tn\\\/fr\\\/actualite\\\/national\\\/un-office-des-logements-pour-le-personnel-de-la-presidence-de-la-republique\\\/213217\\\/\"},\"author\":{\"name\":\"MC\",\"@id\":\"https:\\\/\\\/www.webdo.tn\\\/fr\\\/#\\\/schema\\\/person\\\/2c4929cbf5a809e3bd38617c6ce150f6\"},\"headline\":\"Un Office des logements pour le personnel de la Pr\u00e9sidence de la R\u00e9publique\",\"datePublished\":\"2024-03-27T11:58:00+00:00\",\"dateModified\":\"2025-05-20T21:51:56+00:00\",\"mainEntityOfPage\":{\"@id\":\"https:\\\/\\\/www.webdo.tn\\\/fr\\\/actualite\\\/national\\\/un-office-des-logements-pour-le-personnel-de-la-presidence-de-la-republique\\\/213217\\\/\"},\"wordCount\":218,\"commentCount\":0,\"publisher\":{\"@id\":\"https:\\\/\\\/www.webdo.tn\\\/fr\\\/#organization\"},\"image\":{\"@id\":\"https:\\\/\\\/www.webdo.tn\\\/fr\\\/actualite\\\/national\\\/un-office-des-logements-pour-le-personnel-de-la-presidence-de-la-republique\\\/213217\\\/#primaryimage\"},\"thumbnailUrl\":\"https:\\\/\\\/www.webdo.tn\\\/fr\\\/wp-content\\\/uploads\\\/2024\\\/03\\\/cdf79c0e3fa6eae256d358b92d68d701.jpg\",\"keywords\":[\"logement\",\"office\",\"personnel\",\"pr\u00e9sidence de la R\u00e9publique\",\"Tunisie\"],\"articleSection\":[\"National\"],\"inLanguage\":\"fr-FR\"},{\"@type\":\"WebPage\",\"@id\":\"https:\\\/\\\/www.webdo.tn\\\/fr\\\/actualite\\\/national\\\/un-office-des-logements-pour-le-personnel-de-la-presidence-de-la-republique\\\/213217\\\/\",\"url\":\"https:\\\/\\\/www.webdo.tn\\\/fr\\\/actualite\\\/national\\\/un-office-des-logements-pour-le-personnel-de-la-presidence-de-la-republique\\\/213217\\\/\",\"name\":\"Un Office des logements pour le personnel de la Pr\u00e9sidence de la R\u00e9publique\",\"isPartOf\":{\"@id\":\"https:\\\/\\\/www.webdo.tn\\\/fr\\\/#website\"},\"primaryImageOfPage\":{\"@id\":\"https:\\\/\\\/www.webdo.tn\\\/fr\\\/actualite\\\/national\\\/un-office-des-logements-pour-le-personnel-de-la-presidence-de-la-republique\\\/213217\\\/#primaryimage\"},\"image\":{\"@id\":\"https:\\\/\\\/www.webdo.tn\\\/fr\\\/actualite\\\/national\\\/un-office-des-logements-pour-le-personnel-de-la-presidence-de-la-republique\\\/213217\\\/#primaryimage\"},\"thumbnailUrl\":\"https:\\\/\\\/www.webdo.tn\\\/fr\\\/wp-content\\\/uploads\\\/2024\\\/03\\\/cdf79c0e3fa6eae256d358b92d68d701.jpg\",\"datePublished\":\"2024-03-27T11:58:00+00:00\",\"dateModified\":\"2025-05-20T21:51:56+00:00\",\"description\":\"Ce d\u00e9cret pr\u00e9voit la cr\u00e9ation d'un \u00e9tablissement public \u00e0 caract\u00e8re non administratif, b\u00e9n\u00e9ficiant de la personnalit\u00e9 morale et de l'autonomie financi\u00e8re. Il es...\",\"breadcrumb\":{\"@id\":\"https:\\\/\\\/www.webdo.tn\\\/fr\\\/actualite\\\/national\\\/un-office-des-logements-pour-le-personnel-de-la-presidence-de-la-republique\\\/213217\\\/#breadcrumb\"},\"inLanguage\":\"fr-FR\",\"potentialAction\":[{\"@type\":\"ReadAction\",\"target\":[\"https:\\\/\\\/www.webdo.tn\\\/fr\\\/actualite\\\/national\\\/un-office-des-logements-pour-le-personnel-de-la-presidence-de-la-republique\\\/213217\\\/\"]}]},{\"@type\":\"ImageObject\",\"inLanguage\":\"fr-FR\",\"@id\":\"https:\\\/\\\/www.webdo.tn\\\/fr\\\/actualite\\\/national\\\/un-office-des-logements-pour-le-personnel-de-la-presidence-de-la-republique\\\/213217\\\/#primaryimage\",\"url\":\"https:\\\/\\\/www.webdo.tn\\\/fr\\\/wp-content\\\/uploads\\\/2024\\\/03\\\/cdf79c0e3fa6eae256d358b92d68d701.jpg\",\"contentUrl\":\"https:\\\/\\\/www.webdo.tn\\\/fr\\\/wp-content\\\/uploads\\\/2024\\\/03\\\/cdf79c0e3fa6eae256d358b92d68d701.jpg\",\"width\":750,\"height\":400,\"caption\":\"Un Office des logements pour le personnel de la Pr\u00e9sidence de la R\u00e9publique\"},{\"@type\":\"BreadcrumbList\",\"@id\":\"https:\\\/\\\/www.webdo.tn\\\/fr\\\/actualite\\\/national\\\/un-office-des-logements-pour-le-personnel-de-la-presidence-de-la-republique\\\/213217\\\/#breadcrumb\",\"itemListElement\":[{\"@type\":\"ListItem\",\"position\":1,\"name\":\"Accueil\",\"item\":\"https:\\\/\\\/www.webdo.tn\\\/fr\\\/\"},{\"@type\":\"ListItem\",\"position\":2,\"name\":\"Un Office des logements pour le personnel de la Pr\u00e9sidence de la R\u00e9publique\"}]},{\"@type\":\"WebSite\",\"@id\":\"https:\\\/\\\/www.webdo.tn\\\/fr\\\/#website\",\"url\":\"https:\\\/\\\/www.webdo.tn\\\/fr\\\/\",\"name\":\"webdo\",\"description\":\"Tunisie - News en Tunisie et \u00e0 l&#039;international sur Webdo.tn\",\"publisher\":{\"@id\":\"https:\\\/\\\/www.webdo.tn\\\/fr\\\/#organization\"},\"potentialAction\":[{\"@type\":\"SearchAction\",\"target\":{\"@type\":\"EntryPoint\",\"urlTemplate\":\"https:\\\/\\\/www.webdo.tn\\\/fr\\\/?s={search_term_string}\"},\"query-input\":{\"@type\":\"PropertyValueSpecification\",\"valueRequired\":true,\"valueName\":\"search_term_string\"}}],\"inLanguage\":\"fr-FR\"},{\"@type\":\"Organization\",\"@id\":\"https:\\\/\\\/www.webdo.tn\\\/fr\\\/#organization\",\"name\":\"Webdo\",\"alternateName\":\"Webdo.tn\",\"url\":\"https:\\\/\\\/www.webdo.tn\\\/fr\\\/\",\"logo\":{\"@type\":\"ImageObject\",\"inLanguage\":\"fr-FR\",\"@id\":\"https:\\\/\\\/www.webdo.tn\\\/fr\\\/#\\\/schema\\\/logo\\\/image\\\/\",\"url\":\"https:\\\/\\\/www.webdo.tn\\\/fr\\\/wp-content\\\/uploads\\\/2025\\\/06\\\/Webdo-Tunisie_168377.jpg\",\"contentUrl\":\"https:\\\/\\\/www.webdo.tn\\\/fr\\\/wp-content\\\/uploads\\\/2025\\\/06\\\/Webdo-Tunisie_168377.jpg\",\"width\":301,\"height\":301,\"caption\":\"Webdo\"},\"image\":{\"@id\":\"https:\\\/\\\/www.webdo.tn\\\/fr\\\/#\\\/schema\\\/logo\\\/image\\\/\"},\"sameAs\":[\"https:\\\/\\\/www.facebook.com\\\/webdotn\",\"https:\\\/\\\/x.com\\\/webdo_tn\"],\"description\":\"Webdo est un m\u00e9dia num\u00e9rique tunisien fond\u00e9 en 2010, sp\u00e9cialis\u00e9 dans l\u2019actualit\u00e9 nationale et internationale, l\u2019\u00e9conomie, la soci\u00e9t\u00e9 et les analyses politiques. Le site s\u2019adresse \u00e0 un large public francophone et couvre l\u2019information tunisienne en temps r\u00e9el.\",\"email\":\"redac@webdo.tn\",\"legalName\":\"YNJ SARL\",\"foundingDate\":\"2010-09-06\",\"numberOfEmployees\":{\"@type\":\"QuantitativeValue\",\"minValue\":\"11\",\"maxValue\":\"50\"}},{\"@type\":\"Person\",\"@id\":\"https:\\\/\\\/www.webdo.tn\\\/fr\\\/#\\\/schema\\\/person\\\/2c4929cbf5a809e3bd38617c6ce150f6\",\"name\":\"MC\",\"image\":{\"@type\":\"ImageObject\",\"inLanguage\":\"fr-FR\",\"@id\":\"https:\\\/\\\/secure.gravatar.com\\\/avatar\\\/a545bbb6f84efdd5553dbbc2895e3ca8f1d12c5215e00a041c9670b54aa9b18a?s=96&d=mm&r=g\",\"url\":\"https:\\\/\\\/secure.gravatar.com\\\/avatar\\\/a545bbb6f84efdd5553dbbc2895e3ca8f1d12c5215e00a041c9670b54aa9b18a?s=96&d=mm&r=g\",\"contentUrl\":\"https:\\\/\\\/secure.gravatar.com\\\/avatar\\\/a545bbb6f84efdd5553dbbc2895e3ca8f1d12c5215e00a041c9670b54aa9b18a?s=96&d=mm&r=g\",\"caption\":\"MC\"},\"url\":\"https:\\\/\\\/www.webdo.tn\\\/fr\\\/actualite\\\/author\\\/mc\\\/\"}]}<\/script>\n<!-- \/ Yoast SEO Premium plugin. -->","yoast_head_json":{"title":"Un Office des logements pour le personnel de la Pr\u00e9sidence de la R\u00e9publique","description":"Ce d\u00e9cret pr\u00e9voit la cr\u00e9ation d'un \u00e9tablissement public \u00e0 caract\u00e8re non administratif, b\u00e9n\u00e9ficiant de la personnalit\u00e9 morale et de l'autonomie financi\u00e8re. Il es...","canonical":"https:\/\/www.webdo.tn\/fr\/actualite\/national\/un-office-des-logements-pour-le-personnel-de-la-presidence-de-la-republique\/213217\/","og_locale":"fr_FR","og_type":"article","og_title":"Un Office des logements pour le personnel de la Pr\u00e9sidence de la R\u00e9publique","og_description":"Ce d\u00e9cret pr\u00e9voit la cr\u00e9ation d'un \u00e9tablissement public \u00e0 caract\u00e8re non administratif, b\u00e9n\u00e9ficiant de la personnalit\u00e9 morale et de l'autonomie financi\u00e8re. Il es...","og_url":"https:\/\/www.webdo.tn\/fr\/actualite\/national\/un-office-des-logements-pour-le-personnel-de-la-presidence-de-la-republique\/213217\/","og_site_name":"webdo","article_publisher":"https:\/\/www.facebook.com\/webdotn","article_published_time":"2024-03-27T11:58:00+00:00","article_modified_time":"2025-05-20T21:51:56+00:00","og_image":[{"width":750,"height":400,"url":"https:\/\/www.webdo.tn\/fr\/wp-content\/uploads\/2024\/03\/cdf79c0e3fa6eae256d358b92d68d701.jpg","type":"image\/jpeg"}],"author":"MC","twitter_card":"summary_large_image","twitter_creator":"@webdo_tn","twitter_site":"@webdo_tn","twitter_misc":{"\u00c9crit par":"MC","Dur\u00e9e de lecture estim\u00e9e":"1 minute"},"schema":{"@context":"https:\/\/schema.org","@graph":[{"@type":"NewsArticle","@id":"https:\/\/www.webdo.tn\/fr\/actualite\/national\/un-office-des-logements-pour-le-personnel-de-la-presidence-de-la-republique\/213217\/#article","isPartOf":{"@id":"https:\/\/www.webdo.tn\/fr\/actualite\/national\/un-office-des-logements-pour-le-personnel-de-la-presidence-de-la-republique\/213217\/"},"author":{"name":"MC","@id":"https:\/\/www.webdo.tn\/fr\/#\/schema\/person\/2c4929cbf5a809e3bd38617c6ce150f6"},"headline":"Un Office des logements pour le personnel de la Pr\u00e9sidence de la R\u00e9publique","datePublished":"2024-03-27T11:58:00+00:00","dateModified":"2025-05-20T21:51:56+00:00","mainEntityOfPage":{"@id":"https:\/\/www.webdo.tn\/fr\/actualite\/national\/un-office-des-logements-pour-le-personnel-de-la-presidence-de-la-republique\/213217\/"},"wordCount":218,"commentCount":0,"publisher":{"@id":"https:\/\/www.webdo.tn\/fr\/#organization"},"image":{"@id":"https:\/\/www.webdo.tn\/fr\/actualite\/national\/un-office-des-logements-pour-le-personnel-de-la-presidence-de-la-republique\/213217\/#primaryimage"},"thumbnailUrl":"https:\/\/www.webdo.tn\/fr\/wp-content\/uploads\/2024\/03\/cdf79c0e3fa6eae256d358b92d68d701.jpg","keywords":["logement","office","personnel","pr\u00e9sidence de la R\u00e9publique","Tunisie"],"articleSection":["National"],"inLanguage":"fr-FR"},{"@type":"WebPage","@id":"https:\/\/www.webdo.tn\/fr\/actualite\/national\/un-office-des-logements-pour-le-personnel-de-la-presidence-de-la-republique\/213217\/","url":"https:\/\/www.webdo.tn\/fr\/actualite\/national\/un-office-des-logements-pour-le-personnel-de-la-presidence-de-la-republique\/213217\/","name":"Un Office des logements pour le personnel de la Pr\u00e9sidence de la R\u00e9publique","isPartOf":{"@id":"https:\/\/www.webdo.tn\/fr\/#website"},"primaryImageOfPage":{"@id":"https:\/\/www.webdo.tn\/fr\/actualite\/national\/un-office-des-logements-pour-le-personnel-de-la-presidence-de-la-republique\/213217\/#primaryimage"},"image":{"@id":"https:\/\/www.webdo.tn\/fr\/actualite\/national\/un-office-des-logements-pour-le-personnel-de-la-presidence-de-la-republique\/213217\/#primaryimage"},"thumbnailUrl":"https:\/\/www.webdo.tn\/fr\/wp-content\/uploads\/2024\/03\/cdf79c0e3fa6eae256d358b92d68d701.jpg","datePublished":"2024-03-27T11:58:00+00:00","dateModified":"2025-05-20T21:51:56+00:00","description":"Ce d\u00e9cret pr\u00e9voit la cr\u00e9ation d'un \u00e9tablissement public \u00e0 caract\u00e8re non administratif, b\u00e9n\u00e9ficiant de la personnalit\u00e9 morale et de l'autonomie financi\u00e8re. Il es...","breadcrumb":{"@id":"https:\/\/www.webdo.tn\/fr\/actualite\/national\/un-office-des-logements-pour-le-personnel-de-la-presidence-de-la-republique\/213217\/#breadcrumb"},"inLanguage":"fr-FR","potentialAction":[{"@type":"ReadAction","target":["https:\/\/www.webdo.tn\/fr\/actualite\/national\/un-office-des-logements-pour-le-personnel-de-la-presidence-de-la-republique\/213217\/"]}]},{"@type":"ImageObject","inLanguage":"fr-FR","@id":"https:\/\/www.webdo.tn\/fr\/actualite\/national\/un-office-des-logements-pour-le-personnel-de-la-presidence-de-la-republique\/213217\/#primaryimage","url":"https:\/\/www.webdo.tn\/fr\/wp-content\/uploads\/2024\/03\/cdf79c0e3fa6eae256d358b92d68d701.jpg","contentUrl":"https:\/\/www.webdo.tn\/fr\/wp-content\/uploads\/2024\/03\/cdf79c0e3fa6eae256d358b92d68d701.jpg","width":750,"height":400,"caption":"Un Office des logements pour le personnel de la Pr\u00e9sidence de la R\u00e9publique"},{"@type":"BreadcrumbList","@id":"https:\/\/www.webdo.tn\/fr\/actualite\/national\/un-office-des-logements-pour-le-personnel-de-la-presidence-de-la-republique\/213217\/#breadcrumb","itemListElement":[{"@type":"ListItem","position":1,"name":"Accueil","item":"https:\/\/www.webdo.tn\/fr\/"},{"@type":"ListItem","position":2,"name":"Un Office des logements pour le personnel de la Pr\u00e9sidence de la R\u00e9publique"}]},{"@type":"WebSite","@id":"https:\/\/www.webdo.tn\/fr\/#website","url":"https:\/\/www.webdo.tn\/fr\/","name":"webdo","description":"Tunisie - News en Tunisie et \u00e0 l&#039;international sur Webdo.tn","publisher":{"@id":"https:\/\/www.webdo.tn\/fr\/#organization"},"potentialAction":[{"@type":"SearchAction","target":{"@type":"EntryPoint","urlTemplate":"https:\/\/www.webdo.tn\/fr\/?s={search_term_string}"},"query-input":{"@type":"PropertyValueSpecification","valueRequired":true,"valueName":"search_term_string"}}],"inLanguage":"fr-FR"},{"@type":"Organization","@id":"https:\/\/www.webdo.tn\/fr\/#organization","name":"Webdo","alternateName":"Webdo.tn","url":"https:\/\/www.webdo.tn\/fr\/","logo":{"@type":"ImageObject","inLanguage":"fr-FR","@id":"https:\/\/www.webdo.tn\/fr\/#\/schema\/logo\/image\/","url":"https:\/\/www.webdo.tn\/fr\/wp-content\/uploads\/2025\/06\/Webdo-Tunisie_168377.jpg","contentUrl":"https:\/\/www.webdo.tn\/fr\/wp-content\/uploads\/2025\/06\/Webdo-Tunisie_168377.jpg","width":301,"height":301,"caption":"Webdo"},"image":{"@id":"https:\/\/www.webdo.tn\/fr\/#\/schema\/logo\/image\/"},"sameAs":["https:\/\/www.facebook.com\/webdotn","https:\/\/x.com\/webdo_tn"],"description":"Webdo est un m\u00e9dia num\u00e9rique tunisien fond\u00e9 en 2010, sp\u00e9cialis\u00e9 dans l\u2019actualit\u00e9 nationale et internationale, l\u2019\u00e9conomie, la soci\u00e9t\u00e9 et les analyses politiques. Le site s\u2019adresse \u00e0 un large public francophone et couvre l\u2019information tunisienne en temps r\u00e9el.","email":"redac@webdo.tn","legalName":"YNJ SARL","foundingDate":"2010-09-06","numberOfEmployees":{"@type":"QuantitativeValue","minValue":"11","maxValue":"50"}},{"@type":"Person","@id":"https:\/\/www.webdo.tn\/fr\/#\/schema\/person\/2c4929cbf5a809e3bd38617c6ce150f6","name":"MC","image":{"@type":"ImageObject","inLanguage":"fr-FR","@id":"https:\/\/secure.gravatar.com\/avatar\/a545bbb6f84efdd5553dbbc2895e3ca8f1d12c5215e00a041c9670b54aa9b18a?s=96&d=mm&r=g","url":"https:\/\/secure.gravatar.com\/avatar\/a545bbb6f84efdd5553dbbc2895e3ca8f1d12c5215e00a041c9670b54aa9b18a?s=96&d=mm&r=g","contentUrl":"https:\/\/secure.gravatar.com\/avatar\/a545bbb6f84efdd5553dbbc2895e3ca8f1d12c5215e00a041c9670b54aa9b18a?s=96&d=mm&r=g","caption":"MC"},"url":"https:\/\/www.webdo.tn\/fr\/actualite\/author\/mc\/"}]}},"_links":{"self":[{"href":"https:\/\/www.webdo.tn\/fr\/wp-json\/wp\/v2\/posts\/213217","targetHints":{"allow":["GET"]}}],"collection":[{"href":"https:\/\/www.webdo.tn\/fr\/wp-json\/wp\/v2\/posts"}],"about":[{"href":"https:\/\/www.webdo.tn\/fr\/wp-json\/wp\/v2\/types\/post"}],"author":[{"embeddable":true,"href":"https:\/\/www.webdo.tn\/fr\/wp-json\/wp\/v2\/users\/3162"}],"replies":[{"embeddable":true,"href":"https:\/\/www.webdo.tn\/fr\/wp-json\/wp\/v2\/comments?post=213217"}],"version-history":[{"count":0,"href":"https:\/\/www.webdo.tn\/fr\/wp-json\/wp\/v2\/posts\/213217\/revisions"}],"wp:featuredmedia":[{"embeddable":true,"href":"https:\/\/www.webdo.tn\/fr\/wp-json\/wp\/v2\/media\/247693"}],"wp:attachment":[{"href":"https:\/\/www.webdo.tn\/fr\/wp-json\/wp\/v2\/media?parent=213217"}],"wp:term":[{"taxonomy":"category","embeddable":true,"href":"https:\/\/www.webdo.tn\/fr\/wp-json\/wp\/v2\/categories?post=213217"},{"taxonomy":"post_tag","embeddable":true,"href":"https:\/\/www.webdo.tn\/fr\/wp-json\/wp\/v2\/tags?post=213217"}],"curies":[{"name":"wp","href":"https:\/\/api.w.org\/{rel}","templated":true}]}}