{"id":213214,"date":"2024-03-27T10:46:00","date_gmt":"2024-03-27T10:46:00","guid":{"rendered":"https:\/\/www.webdo.tn\/fr\/blog\/reactions-de-la-defense-de-chokri-belaid-aux-verdicts\/213214\/"},"modified":"2025-05-20T22:33:35","modified_gmt":"2025-05-20T22:33:35","slug":"reactions-de-la-defense-de-chokri-belaid-aux-verdicts","status":"publish","type":"post","link":"https:\/\/www.webdo.tn\/fr\/actualite\/national\/reactions-de-la-defense-de-chokri-belaid-aux-verdicts\/213214\/","title":{"rendered":"Tunisie : R\u00e9actions de la d\u00e9fense de Chokri Belaid aux verdicts"},"content":{"rendered":"<p>La d\u00e9fense de Chokri Belaid se penche sur un \u00e9ventuel appel suite aux verdicts, alors qu&rsquo;Abdelmajid Belaid, fr\u00e8re du martyr, pointe du doigt Rached Ghannouchi, chef d&rsquo;Ennahda, dans le meurtre, pr\u00e9voyant une prochaine \u00e9tape cruciale dans l&rsquo;affaire impliquant des cadres du parti. Ennahda r\u00e9agit vivement aux verdicts, clamant son innocence et appelant \u00e0 l&rsquo;unit\u00e9 nationale dans un contexte tendu.<\/p>\n<p>La d\u00e9fense du d\u00e9funt Chokri Belaid, repr\u00e9sent\u00e9e par l&rsquo;avocat et membre Mohammed Jamour, a r\u00e9agi aux verdicts prononc\u00e9s t\u00f4t ce matin, affirmant qu&rsquo;elle les \u00e9tudierait attentivement avant de d\u00e9cider de faire appel ou non.<\/p>\n<p>Dans une d\u00e9claration relay\u00e9e par la radio nationale, Jamour a soulign\u00e9 que cette d\u00e9cision d\u00e9pendrait de la r\u00e9ponse du jugement aux demandes des parties int\u00e9ress\u00e9es, notamment du Parti des patriotes d\u00e9mocrates unifi\u00e9, de l&rsquo;Union g\u00e9n\u00e9rale tunisienne du travail, du barreau national des avocats, de l&rsquo;Association des jeunes avocats tunisiens, de l&rsquo;Association tunisienne des femmes d\u00e9mocrates et de la Ligue tunisienne des droits de l&rsquo;homme. Ces parties examineront le jugement et prendront les mesures qu&rsquo;elles jugeront appropri\u00e9es, selon ses termes.<\/p>\n<p>De son c\u00f4t\u00e9, Abdelmajid Belaid, le fr\u00e8re du d\u00e9funt Chokri Belaid, a d\u00e9clar\u00e9 \u00eatre convaincu que le chef du mouvement Ennahda, Rached Ghannouchi, est celui qui a ordonn\u00e9 l&rsquo;assassinat de Belaid, selon ses termes.<\/p>\n<p>S&rsquo;exprimant sur les ondes de la radio Jawhara FM ce matin, A. Belaid a d\u00e9clar\u00e9 : \u00ab\u00a0L&rsquo;examen de la deuxi\u00e8me partie de l&rsquo;affaire Chokri Belaid commencera bient\u00f4t&#8230; Cette partie est consid\u00e9r\u00e9e comme la plus importante en raison de la pr\u00e9sence de suspects impliqu\u00e9s dans l&rsquo;affaire, dont d&rsquo;importants dirigeants du mouvement Ennahda.\u00a0\u00bb<\/p>\n<p>Il a ajout\u00e9 : \u00ab\u00a0Le deuxi\u00e8me groupe comprend des parties directement impliqu\u00e9es dans l&rsquo;affaire et supervisant l&rsquo;op\u00e9ration&#8230; Nous sommes satisfaits de la voie judiciaire actuelle de cette affaire, en particulier apr\u00e8s la nomination d&rsquo;une nouvelle \u00e9quipe de d\u00e9fense.\u00a0\u00bb<\/p>\n<p>Il a poursuivi en d\u00e9clarant : \u00ab\u00a0Ennahda essaie, par le biais de sa d\u00e9claration, de convaincre l&rsquo;opinion publique que l&rsquo;affaire Chokri Belaid est close \u00e0 ce stade&#8230; Il n&rsquo;y aura pas de r\u00e9conciliation avec Ennahda, et nous ne pardonnerons jamais \u00e0 quiconque, m\u00eame au pouvoir, s&rsquo;ils pensent qu&rsquo;il y aura une r\u00e9conciliation avec Ennahda.\u00a0\u00bb<\/p>\n<p>En r\u00e9ponse aux verdicts rendus dans l&rsquo;affaire de l&rsquo;assassinat du martyr Chokri Belaid, le mouvement Ennahda a \u00e9mis aujourd&rsquo;hui, mercredi, une d\u00e9claration consid\u00e9rant que les conclusions des agences de s\u00e9curit\u00e9 dans tous leurs domaines de sp\u00e9cialisation et les conclusions des tribunaux de d\u00e9tails constituaient ind\u00e9niablement des preuves de l&rsquo;innocence du mouvement et des preuves irr\u00e9futables de ce qu&rsquo;elle a qualifi\u00e9 d&rsquo;agenda suspect de ce qui est appel\u00e9 le corps de d\u00e9fense, ciblant un parti politique de mani\u00e8re injuste, agressive, mensong\u00e8re et calomnieuse.<\/p>\n<p>Le mouvement Ennahda a expliqu\u00e9 dans sa d\u00e9claration que les verdicts dans l&rsquo;affaire de l&rsquo;assassinat devraient mettre fin au commerce du sang du martyr et r\u00e9tablir la r\u00e9putation de ceux qui ont \u00e9t\u00e9 injustement et agressivement accus\u00e9s politiquement, en particulier le chef du mouvement, Rached Ghannouchi.<\/p>\n<p>Il a \u00e9galement appel\u00e9 \u00e0 ouvrir une nouvelle page de r\u00e9conciliations majeures et \u00e0 mettre fin aux voix qui appellent \u00e0 la division, \u00e0 l&rsquo;exclusion et \u00e0 la haine, soulignant que la Tunisie a plus que jamais besoin de mettre fin \u00e0 ce qu&rsquo;il a d\u00e9crit comme des manipulations, des tromperies et des manipulations de ses int\u00e9r\u00eats sup\u00e9rieurs \u00e0 travers la tromperie et la manipulation de la v\u00e9rit\u00e9.<\/p>\n","protected":false},"excerpt":{"rendered":"<p>La d\u00e9fense de Chokri Belaid et son fr\u00e8re, Abdelmajid Belaid, r\u00e9agissent aux verdicts rendus. Ennahda nie toute implication et appelle \u00e0 l&rsquo;unit\u00e9 nationale.<\/p>\n","protected":false},"author":3169,"featured_media":290402,"comment_status":"open","ping_status":"closed","sticky":false,"template":"","format":"standard","meta":{"footnotes":""},"categories":[44],"tags":[10091,10089,10090,3262,3114],"class_list":["post-213214","post","type-post","status-publish","format-standard","has-post-thumbnail","hentry","category-national","tag-abdelmajid-belaid","tag-ennahda","tag-mohammed-jamour","tag-chokri-belaid","tag-verdict"],"yoast_head":"<!-- This site is optimized with the Yoast SEO Premium plugin v27.5 (Yoast SEO v27.5) - https:\/\/yoast.com\/product\/yoast-seo-premium-wordpress\/ -->\n<title>Tunisie : R\u00e9actions de la d\u00e9fense de Chokri Belaid aux verdicts<\/title>\n<meta name=\"description\" content=\"La d\u00e9fense de Chokri Belaid et son fr\u00e8re, Abdelmajid Belaid, r\u00e9agissent aux verdicts rendus. Ennahda nie toute implication et appelle \u00e0 l&#039;unit\u00e9 nationale.\" \/>\n<link rel=\"canonical\" href=\"https:\/\/www.webdo.tn\/fr\/actualite\/national\/reactions-de-la-defense-de-chokri-belaid-aux-verdicts\/213214\/\" \/>\n<meta property=\"og:locale\" content=\"fr_FR\" \/>\n<meta property=\"og:type\" content=\"article\" \/>\n<meta property=\"og:title\" content=\"Tunisie : R\u00e9actions de la d\u00e9fense de Chokri Belaid aux verdicts\" \/>\n<meta property=\"og:description\" content=\"La d\u00e9fense de Chokri Belaid et son fr\u00e8re, Abdelmajid Belaid, r\u00e9agissent aux verdicts rendus. Ennahda nie toute implication et appelle \u00e0 l&#039;unit\u00e9 nationale.\" \/>\n<meta property=\"og:url\" content=\"https:\/\/www.webdo.tn\/fr\/actualite\/national\/reactions-de-la-defense-de-chokri-belaid-aux-verdicts\/213214\/\" \/>\n<meta property=\"og:site_name\" content=\"webdo\" \/>\n<meta property=\"article:publisher\" content=\"https:\/\/www.facebook.com\/webdotn\" \/>\n<meta property=\"article:published_time\" content=\"2024-03-27T10:46:00+00:00\" \/>\n<meta property=\"article:modified_time\" content=\"2025-05-20T22:33:35+00:00\" \/>\n<meta property=\"og:image\" content=\"https:\/\/www.webdo.tn\/fr\/wp-content\/uploads\/2024\/03\/e5801014b00b5b4dc38d41bb74edd725.jpg\" \/>\n\t<meta property=\"og:image:width\" content=\"746\" \/>\n\t<meta property=\"og:image:height\" content=\"398\" \/>\n\t<meta property=\"og:image:type\" content=\"image\/jpeg\" \/>\n<meta name=\"author\" content=\"Webdo\" \/>\n<meta name=\"twitter:card\" content=\"summary_large_image\" \/>\n<meta name=\"twitter:creator\" content=\"@webdo_tn\" \/>\n<meta name=\"twitter:site\" content=\"@webdo_tn\" \/>\n<meta name=\"twitter:label1\" content=\"\u00c9crit par\" \/>\n\t<meta name=\"twitter:data1\" content=\"Webdo\" \/>\n\t<meta name=\"twitter:label2\" content=\"Dur\u00e9e de lecture estim\u00e9e\" \/>\n\t<meta name=\"twitter:data2\" content=\"3 minutes\" \/>\n<script type=\"application\/ld+json\" class=\"yoast-schema-graph\">{\"@context\":\"https:\\\/\\\/schema.org\",\"@graph\":[{\"@type\":\"NewsArticle\",\"@id\":\"https:\\\/\\\/www.webdo.tn\\\/fr\\\/actualite\\\/national\\\/reactions-de-la-defense-de-chokri-belaid-aux-verdicts\\\/213214\\\/#article\",\"isPartOf\":{\"@id\":\"https:\\\/\\\/www.webdo.tn\\\/fr\\\/actualite\\\/national\\\/reactions-de-la-defense-de-chokri-belaid-aux-verdicts\\\/213214\\\/\"},\"author\":{\"name\":\"Webdo\",\"@id\":\"https:\\\/\\\/www.webdo.tn\\\/fr\\\/#\\\/schema\\\/person\\\/1f4e491e0907b413d61089e8eb573acc\"},\"headline\":\"Tunisie : R\u00e9actions de la d\u00e9fense de Chokri Belaid aux verdicts\",\"datePublished\":\"2024-03-27T10:46:00+00:00\",\"dateModified\":\"2025-05-20T22:33:35+00:00\",\"mainEntityOfPage\":{\"@id\":\"https:\\\/\\\/www.webdo.tn\\\/fr\\\/actualite\\\/national\\\/reactions-de-la-defense-de-chokri-belaid-aux-verdicts\\\/213214\\\/\"},\"wordCount\":645,\"commentCount\":0,\"publisher\":{\"@id\":\"https:\\\/\\\/www.webdo.tn\\\/fr\\\/#organization\"},\"image\":{\"@id\":\"https:\\\/\\\/www.webdo.tn\\\/fr\\\/actualite\\\/national\\\/reactions-de-la-defense-de-chokri-belaid-aux-verdicts\\\/213214\\\/#primaryimage\"},\"thumbnailUrl\":\"https:\\\/\\\/www.webdo.tn\\\/fr\\\/wp-content\\\/uploads\\\/2024\\\/03\\\/e5801014b00b5b4dc38d41bb74edd725.jpg\",\"keywords\":[\"'Abdelmajid Belaid']\",\"'Ennahda'\",\"'Mohammed Jamour'\",\"chokri belaid\",\"verdict\"],\"articleSection\":[\"National\"],\"inLanguage\":\"fr-FR\"},{\"@type\":\"WebPage\",\"@id\":\"https:\\\/\\\/www.webdo.tn\\\/fr\\\/actualite\\\/national\\\/reactions-de-la-defense-de-chokri-belaid-aux-verdicts\\\/213214\\\/\",\"url\":\"https:\\\/\\\/www.webdo.tn\\\/fr\\\/actualite\\\/national\\\/reactions-de-la-defense-de-chokri-belaid-aux-verdicts\\\/213214\\\/\",\"name\":\"Tunisie : R\u00e9actions de la d\u00e9fense de Chokri Belaid aux verdicts\",\"isPartOf\":{\"@id\":\"https:\\\/\\\/www.webdo.tn\\\/fr\\\/#website\"},\"primaryImageOfPage\":{\"@id\":\"https:\\\/\\\/www.webdo.tn\\\/fr\\\/actualite\\\/national\\\/reactions-de-la-defense-de-chokri-belaid-aux-verdicts\\\/213214\\\/#primaryimage\"},\"image\":{\"@id\":\"https:\\\/\\\/www.webdo.tn\\\/fr\\\/actualite\\\/national\\\/reactions-de-la-defense-de-chokri-belaid-aux-verdicts\\\/213214\\\/#primaryimage\"},\"thumbnailUrl\":\"https:\\\/\\\/www.webdo.tn\\\/fr\\\/wp-content\\\/uploads\\\/2024\\\/03\\\/e5801014b00b5b4dc38d41bb74edd725.jpg\",\"datePublished\":\"2024-03-27T10:46:00+00:00\",\"dateModified\":\"2025-05-20T22:33:35+00:00\",\"description\":\"La d\u00e9fense de Chokri Belaid et son fr\u00e8re, Abdelmajid Belaid, r\u00e9agissent aux verdicts rendus. Ennahda nie toute implication et appelle \u00e0 l'unit\u00e9 nationale.\",\"breadcrumb\":{\"@id\":\"https:\\\/\\\/www.webdo.tn\\\/fr\\\/actualite\\\/national\\\/reactions-de-la-defense-de-chokri-belaid-aux-verdicts\\\/213214\\\/#breadcrumb\"},\"inLanguage\":\"fr-FR\",\"potentialAction\":[{\"@type\":\"ReadAction\",\"target\":[\"https:\\\/\\\/www.webdo.tn\\\/fr\\\/actualite\\\/national\\\/reactions-de-la-defense-de-chokri-belaid-aux-verdicts\\\/213214\\\/\"]}]},{\"@type\":\"ImageObject\",\"inLanguage\":\"fr-FR\",\"@id\":\"https:\\\/\\\/www.webdo.tn\\\/fr\\\/actualite\\\/national\\\/reactions-de-la-defense-de-chokri-belaid-aux-verdicts\\\/213214\\\/#primaryimage\",\"url\":\"https:\\\/\\\/www.webdo.tn\\\/fr\\\/wp-content\\\/uploads\\\/2024\\\/03\\\/e5801014b00b5b4dc38d41bb74edd725.jpg\",\"contentUrl\":\"https:\\\/\\\/www.webdo.tn\\\/fr\\\/wp-content\\\/uploads\\\/2024\\\/03\\\/e5801014b00b5b4dc38d41bb74edd725.jpg\",\"width\":746,\"height\":398,\"caption\":\"Tunisie : R\u00e9actions de la d\u00e9fense de Chokri Belaid aux verdicts\"},{\"@type\":\"BreadcrumbList\",\"@id\":\"https:\\\/\\\/www.webdo.tn\\\/fr\\\/actualite\\\/national\\\/reactions-de-la-defense-de-chokri-belaid-aux-verdicts\\\/213214\\\/#breadcrumb\",\"itemListElement\":[{\"@type\":\"ListItem\",\"position\":1,\"name\":\"Accueil\",\"item\":\"https:\\\/\\\/www.webdo.tn\\\/fr\\\/\"},{\"@type\":\"ListItem\",\"position\":2,\"name\":\"Tunisie : R\u00e9actions de la d\u00e9fense de Chokri Belaid aux verdicts\"}]},{\"@type\":\"WebSite\",\"@id\":\"https:\\\/\\\/www.webdo.tn\\\/fr\\\/#website\",\"url\":\"https:\\\/\\\/www.webdo.tn\\\/fr\\\/\",\"name\":\"webdo\",\"description\":\"Tunisie - News en Tunisie et \u00e0 l&#039;international sur Webdo.tn\",\"publisher\":{\"@id\":\"https:\\\/\\\/www.webdo.tn\\\/fr\\\/#organization\"},\"potentialAction\":[{\"@type\":\"SearchAction\",\"target\":{\"@type\":\"EntryPoint\",\"urlTemplate\":\"https:\\\/\\\/www.webdo.tn\\\/fr\\\/?s={search_term_string}\"},\"query-input\":{\"@type\":\"PropertyValueSpecification\",\"valueRequired\":true,\"valueName\":\"search_term_string\"}}],\"inLanguage\":\"fr-FR\"},{\"@type\":\"Organization\",\"@id\":\"https:\\\/\\\/www.webdo.tn\\\/fr\\\/#organization\",\"name\":\"Webdo\",\"alternateName\":\"Webdo.tn\",\"url\":\"https:\\\/\\\/www.webdo.tn\\\/fr\\\/\",\"logo\":{\"@type\":\"ImageObject\",\"inLanguage\":\"fr-FR\",\"@id\":\"https:\\\/\\\/www.webdo.tn\\\/fr\\\/#\\\/schema\\\/logo\\\/image\\\/\",\"url\":\"https:\\\/\\\/www.webdo.tn\\\/fr\\\/wp-content\\\/uploads\\\/2025\\\/06\\\/Webdo-Tunisie_168377.jpg\",\"contentUrl\":\"https:\\\/\\\/www.webdo.tn\\\/fr\\\/wp-content\\\/uploads\\\/2025\\\/06\\\/Webdo-Tunisie_168377.jpg\",\"width\":301,\"height\":301,\"caption\":\"Webdo\"},\"image\":{\"@id\":\"https:\\\/\\\/www.webdo.tn\\\/fr\\\/#\\\/schema\\\/logo\\\/image\\\/\"},\"sameAs\":[\"https:\\\/\\\/www.facebook.com\\\/webdotn\",\"https:\\\/\\\/x.com\\\/webdo_tn\"],\"description\":\"Webdo est un m\u00e9dia num\u00e9rique tunisien fond\u00e9 en 2010, sp\u00e9cialis\u00e9 dans l\u2019actualit\u00e9 nationale et internationale, l\u2019\u00e9conomie, la soci\u00e9t\u00e9 et les analyses politiques. Le site s\u2019adresse \u00e0 un large public francophone et couvre l\u2019information tunisienne en temps r\u00e9el.\",\"email\":\"redac@webdo.tn\",\"legalName\":\"YNJ SARL\",\"foundingDate\":\"2010-09-06\",\"numberOfEmployees\":{\"@type\":\"QuantitativeValue\",\"minValue\":\"11\",\"maxValue\":\"50\"}},{\"@type\":\"Person\",\"@id\":\"https:\\\/\\\/www.webdo.tn\\\/fr\\\/#\\\/schema\\\/person\\\/1f4e491e0907b413d61089e8eb573acc\",\"name\":\"Webdo\",\"image\":{\"@type\":\"ImageObject\",\"inLanguage\":\"fr-FR\",\"@id\":\"https:\\\/\\\/secure.gravatar.com\\\/avatar\\\/de97aeec1bb80978a9dbb127e47dfc88aaacb2f3c29aac907d8d3222e3495d49?s=96&d=mm&r=g\",\"url\":\"https:\\\/\\\/secure.gravatar.com\\\/avatar\\\/de97aeec1bb80978a9dbb127e47dfc88aaacb2f3c29aac907d8d3222e3495d49?s=96&d=mm&r=g\",\"contentUrl\":\"https:\\\/\\\/secure.gravatar.com\\\/avatar\\\/de97aeec1bb80978a9dbb127e47dfc88aaacb2f3c29aac907d8d3222e3495d49?s=96&d=mm&r=g\",\"caption\":\"Webdo\"},\"url\":\"https:\\\/\\\/www.webdo.tn\\\/fr\\\/actualite\\\/author\\\/webdo\\\/\"}]}<\/script>\n<!-- \/ Yoast SEO Premium plugin. -->","yoast_head_json":{"title":"Tunisie : R\u00e9actions de la d\u00e9fense de Chokri Belaid aux verdicts","description":"La d\u00e9fense de Chokri Belaid et son fr\u00e8re, Abdelmajid Belaid, r\u00e9agissent aux verdicts rendus. Ennahda nie toute implication et appelle \u00e0 l'unit\u00e9 nationale.","canonical":"https:\/\/www.webdo.tn\/fr\/actualite\/national\/reactions-de-la-defense-de-chokri-belaid-aux-verdicts\/213214\/","og_locale":"fr_FR","og_type":"article","og_title":"Tunisie : R\u00e9actions de la d\u00e9fense de Chokri Belaid aux verdicts","og_description":"La d\u00e9fense de Chokri Belaid et son fr\u00e8re, Abdelmajid Belaid, r\u00e9agissent aux verdicts rendus. Ennahda nie toute implication et appelle \u00e0 l'unit\u00e9 nationale.","og_url":"https:\/\/www.webdo.tn\/fr\/actualite\/national\/reactions-de-la-defense-de-chokri-belaid-aux-verdicts\/213214\/","og_site_name":"webdo","article_publisher":"https:\/\/www.facebook.com\/webdotn","article_published_time":"2024-03-27T10:46:00+00:00","article_modified_time":"2025-05-20T22:33:35+00:00","og_image":[{"width":746,"height":398,"url":"https:\/\/www.webdo.tn\/fr\/wp-content\/uploads\/2024\/03\/e5801014b00b5b4dc38d41bb74edd725.jpg","type":"image\/jpeg"}],"author":"Webdo","twitter_card":"summary_large_image","twitter_creator":"@webdo_tn","twitter_site":"@webdo_tn","twitter_misc":{"\u00c9crit par":"Webdo","Dur\u00e9e de lecture estim\u00e9e":"3 minutes"},"schema":{"@context":"https:\/\/schema.org","@graph":[{"@type":"NewsArticle","@id":"https:\/\/www.webdo.tn\/fr\/actualite\/national\/reactions-de-la-defense-de-chokri-belaid-aux-verdicts\/213214\/#article","isPartOf":{"@id":"https:\/\/www.webdo.tn\/fr\/actualite\/national\/reactions-de-la-defense-de-chokri-belaid-aux-verdicts\/213214\/"},"author":{"name":"Webdo","@id":"https:\/\/www.webdo.tn\/fr\/#\/schema\/person\/1f4e491e0907b413d61089e8eb573acc"},"headline":"Tunisie : R\u00e9actions de la d\u00e9fense de Chokri Belaid aux verdicts","datePublished":"2024-03-27T10:46:00+00:00","dateModified":"2025-05-20T22:33:35+00:00","mainEntityOfPage":{"@id":"https:\/\/www.webdo.tn\/fr\/actualite\/national\/reactions-de-la-defense-de-chokri-belaid-aux-verdicts\/213214\/"},"wordCount":645,"commentCount":0,"publisher":{"@id":"https:\/\/www.webdo.tn\/fr\/#organization"},"image":{"@id":"https:\/\/www.webdo.tn\/fr\/actualite\/national\/reactions-de-la-defense-de-chokri-belaid-aux-verdicts\/213214\/#primaryimage"},"thumbnailUrl":"https:\/\/www.webdo.tn\/fr\/wp-content\/uploads\/2024\/03\/e5801014b00b5b4dc38d41bb74edd725.jpg","keywords":["'Abdelmajid Belaid']","'Ennahda'","'Mohammed Jamour'","chokri belaid","verdict"],"articleSection":["National"],"inLanguage":"fr-FR"},{"@type":"WebPage","@id":"https:\/\/www.webdo.tn\/fr\/actualite\/national\/reactions-de-la-defense-de-chokri-belaid-aux-verdicts\/213214\/","url":"https:\/\/www.webdo.tn\/fr\/actualite\/national\/reactions-de-la-defense-de-chokri-belaid-aux-verdicts\/213214\/","name":"Tunisie : R\u00e9actions de la d\u00e9fense de Chokri Belaid aux verdicts","isPartOf":{"@id":"https:\/\/www.webdo.tn\/fr\/#website"},"primaryImageOfPage":{"@id":"https:\/\/www.webdo.tn\/fr\/actualite\/national\/reactions-de-la-defense-de-chokri-belaid-aux-verdicts\/213214\/#primaryimage"},"image":{"@id":"https:\/\/www.webdo.tn\/fr\/actualite\/national\/reactions-de-la-defense-de-chokri-belaid-aux-verdicts\/213214\/#primaryimage"},"thumbnailUrl":"https:\/\/www.webdo.tn\/fr\/wp-content\/uploads\/2024\/03\/e5801014b00b5b4dc38d41bb74edd725.jpg","datePublished":"2024-03-27T10:46:00+00:00","dateModified":"2025-05-20T22:33:35+00:00","description":"La d\u00e9fense de Chokri Belaid et son fr\u00e8re, Abdelmajid Belaid, r\u00e9agissent aux verdicts rendus. Ennahda nie toute implication et appelle \u00e0 l'unit\u00e9 nationale.","breadcrumb":{"@id":"https:\/\/www.webdo.tn\/fr\/actualite\/national\/reactions-de-la-defense-de-chokri-belaid-aux-verdicts\/213214\/#breadcrumb"},"inLanguage":"fr-FR","potentialAction":[{"@type":"ReadAction","target":["https:\/\/www.webdo.tn\/fr\/actualite\/national\/reactions-de-la-defense-de-chokri-belaid-aux-verdicts\/213214\/"]}]},{"@type":"ImageObject","inLanguage":"fr-FR","@id":"https:\/\/www.webdo.tn\/fr\/actualite\/national\/reactions-de-la-defense-de-chokri-belaid-aux-verdicts\/213214\/#primaryimage","url":"https:\/\/www.webdo.tn\/fr\/wp-content\/uploads\/2024\/03\/e5801014b00b5b4dc38d41bb74edd725.jpg","contentUrl":"https:\/\/www.webdo.tn\/fr\/wp-content\/uploads\/2024\/03\/e5801014b00b5b4dc38d41bb74edd725.jpg","width":746,"height":398,"caption":"Tunisie : R\u00e9actions de la d\u00e9fense de Chokri Belaid aux verdicts"},{"@type":"BreadcrumbList","@id":"https:\/\/www.webdo.tn\/fr\/actualite\/national\/reactions-de-la-defense-de-chokri-belaid-aux-verdicts\/213214\/#breadcrumb","itemListElement":[{"@type":"ListItem","position":1,"name":"Accueil","item":"https:\/\/www.webdo.tn\/fr\/"},{"@type":"ListItem","position":2,"name":"Tunisie : R\u00e9actions de la d\u00e9fense de Chokri Belaid aux verdicts"}]},{"@type":"WebSite","@id":"https:\/\/www.webdo.tn\/fr\/#website","url":"https:\/\/www.webdo.tn\/fr\/","name":"webdo","description":"Tunisie - News en Tunisie et \u00e0 l&#039;international sur Webdo.tn","publisher":{"@id":"https:\/\/www.webdo.tn\/fr\/#organization"},"potentialAction":[{"@type":"SearchAction","target":{"@type":"EntryPoint","urlTemplate":"https:\/\/www.webdo.tn\/fr\/?s={search_term_string}"},"query-input":{"@type":"PropertyValueSpecification","valueRequired":true,"valueName":"search_term_string"}}],"inLanguage":"fr-FR"},{"@type":"Organization","@id":"https:\/\/www.webdo.tn\/fr\/#organization","name":"Webdo","alternateName":"Webdo.tn","url":"https:\/\/www.webdo.tn\/fr\/","logo":{"@type":"ImageObject","inLanguage":"fr-FR","@id":"https:\/\/www.webdo.tn\/fr\/#\/schema\/logo\/image\/","url":"https:\/\/www.webdo.tn\/fr\/wp-content\/uploads\/2025\/06\/Webdo-Tunisie_168377.jpg","contentUrl":"https:\/\/www.webdo.tn\/fr\/wp-content\/uploads\/2025\/06\/Webdo-Tunisie_168377.jpg","width":301,"height":301,"caption":"Webdo"},"image":{"@id":"https:\/\/www.webdo.tn\/fr\/#\/schema\/logo\/image\/"},"sameAs":["https:\/\/www.facebook.com\/webdotn","https:\/\/x.com\/webdo_tn"],"description":"Webdo est un m\u00e9dia num\u00e9rique tunisien fond\u00e9 en 2010, sp\u00e9cialis\u00e9 dans l\u2019actualit\u00e9 nationale et internationale, l\u2019\u00e9conomie, la soci\u00e9t\u00e9 et les analyses politiques. Le site s\u2019adresse \u00e0 un large public francophone et couvre l\u2019information tunisienne en temps r\u00e9el.","email":"redac@webdo.tn","legalName":"YNJ SARL","foundingDate":"2010-09-06","numberOfEmployees":{"@type":"QuantitativeValue","minValue":"11","maxValue":"50"}},{"@type":"Person","@id":"https:\/\/www.webdo.tn\/fr\/#\/schema\/person\/1f4e491e0907b413d61089e8eb573acc","name":"Webdo","image":{"@type":"ImageObject","inLanguage":"fr-FR","@id":"https:\/\/secure.gravatar.com\/avatar\/de97aeec1bb80978a9dbb127e47dfc88aaacb2f3c29aac907d8d3222e3495d49?s=96&d=mm&r=g","url":"https:\/\/secure.gravatar.com\/avatar\/de97aeec1bb80978a9dbb127e47dfc88aaacb2f3c29aac907d8d3222e3495d49?s=96&d=mm&r=g","contentUrl":"https:\/\/secure.gravatar.com\/avatar\/de97aeec1bb80978a9dbb127e47dfc88aaacb2f3c29aac907d8d3222e3495d49?s=96&d=mm&r=g","caption":"Webdo"},"url":"https:\/\/www.webdo.tn\/fr\/actualite\/author\/webdo\/"}]}},"_links":{"self":[{"href":"https:\/\/www.webdo.tn\/fr\/wp-json\/wp\/v2\/posts\/213214","targetHints":{"allow":["GET"]}}],"collection":[{"href":"https:\/\/www.webdo.tn\/fr\/wp-json\/wp\/v2\/posts"}],"about":[{"href":"https:\/\/www.webdo.tn\/fr\/wp-json\/wp\/v2\/types\/post"}],"author":[{"embeddable":true,"href":"https:\/\/www.webdo.tn\/fr\/wp-json\/wp\/v2\/users\/3169"}],"replies":[{"embeddable":true,"href":"https:\/\/www.webdo.tn\/fr\/wp-json\/wp\/v2\/comments?post=213214"}],"version-history":[{"count":0,"href":"https:\/\/www.webdo.tn\/fr\/wp-json\/wp\/v2\/posts\/213214\/revisions"}],"wp:featuredmedia":[{"embeddable":true,"href":"https:\/\/www.webdo.tn\/fr\/wp-json\/wp\/v2\/media\/290402"}],"wp:attachment":[{"href":"https:\/\/www.webdo.tn\/fr\/wp-json\/wp\/v2\/media?parent=213214"}],"wp:term":[{"taxonomy":"category","embeddable":true,"href":"https:\/\/www.webdo.tn\/fr\/wp-json\/wp\/v2\/categories?post=213214"},{"taxonomy":"post_tag","embeddable":true,"href":"https:\/\/www.webdo.tn\/fr\/wp-json\/wp\/v2\/tags?post=213214"}],"curies":[{"name":"wp","href":"https:\/\/api.w.org\/{rel}","templated":true}]}}