{"id":213203,"date":"2024-03-26T19:49:00","date_gmt":"2024-03-26T19:49:00","guid":{"rendered":"https:\/\/www.webdo.tn\/fr\/blog\/tunisie-le-fonds-qatari-du-developpement-rejete-par-l-arp\/213203\/"},"modified":"2025-05-20T22:53:29","modified_gmt":"2025-05-20T22:53:29","slug":"tunisie-le-fonds-qatari-du-developpement-rejete-par-l-arp","status":"publish","type":"post","link":"https:\/\/www.webdo.tn\/fr\/actualite\/national\/tunisie-le-fonds-qatari-du-developpement-rejete-par-l-arp\/213203\/","title":{"rendered":"Tunisie : Le Fonds qatari du d\u00e9veloppement rejet\u00e9 par l&rsquo;ARP"},"content":{"rendered":"<p>Ce mardi 26 mars 2024, l&rsquo;Assembl\u00e9e des repr\u00e9sentants du peuple a refus\u00e9 le projet de loi organique 02\/2024 portant sur la convention pour l&rsquo;\u00e9tablissement d&rsquo;un bureau du Fonds qatari du d\u00e9veloppement en Tunisie.<\/p>\n<p>\t\t\t\t\t\t\t\t\tCertains d\u00e9put\u00e9s estiment que l&rsquo;approbation de cette convention repr\u00e9sente une ing\u00e9rence dans la souverainet\u00e9 nationale, surtout parce que le Fonds qatari du d\u00e9veloppement aurait le droit d&rsquo;acheter des terrains et d&rsquo;autres biens, d&#8217;employer des \u00e9trangers \u00e0 sa discr\u00e9tion et de transf\u00e9rer des devises sans aucune restriction.<\/p>\n<p>Selon le rapport de la Commission des relations ext\u00e9rieures de l&rsquo;ARP, cette convention englobe la quasi-totalit\u00e9 des domaines socio-\u00e9conomiques, notamment la sant\u00e9, l&rsquo;\u00e9ducation, le tourisme, l&rsquo;agriculture, l&rsquo;\u00e9nergie, l&rsquo;industrie et les services.<\/p>\n","protected":false},"excerpt":{"rendered":"<p>Le projet n&rsquo;a recueilli que 51 votes favorables, avec 25 abstentions et 36 voix contre.<\/p>\n","protected":false},"author":3175,"featured_media":290395,"comment_status":"open","ping_status":"closed","sticky":false,"template":"","format":"standard","meta":{"footnotes":""},"categories":[44],"tags":[10084,2813,2608],"class_list":["post-213203","post","type-post","status-publish","format-standard","has-post-thumbnail","hentry","category-national","tag-fonds-qatari","tag-arp","tag-tunisie"],"yoast_head":"<!-- This site is optimized with the Yoast SEO Premium plugin v27.4 (Yoast SEO v27.4) - https:\/\/yoast.com\/product\/yoast-seo-premium-wordpress\/ -->\n<title>Tunisie : Le Fonds qatari du d\u00e9veloppement rejet\u00e9 par l&#039;ARP<\/title>\n<meta name=\"description\" content=\"Le projet n&#039;a recueilli que 51 votes favorables, avec 25 abstentions et 36 voix contre.\" \/>\n<link rel=\"canonical\" href=\"https:\/\/www.webdo.tn\/fr\/actualite\/national\/tunisie-le-fonds-qatari-du-developpement-rejete-par-l-arp\/213203\/\" \/>\n<meta property=\"og:locale\" content=\"fr_FR\" \/>\n<meta property=\"og:type\" content=\"article\" \/>\n<meta property=\"og:title\" content=\"Tunisie : Le Fonds qatari du d\u00e9veloppement rejet\u00e9 par l&#039;ARP\" \/>\n<meta property=\"og:description\" content=\"Le projet n&#039;a recueilli que 51 votes favorables, avec 25 abstentions et 36 voix contre.\" \/>\n<meta property=\"og:url\" content=\"https:\/\/www.webdo.tn\/fr\/actualite\/national\/tunisie-le-fonds-qatari-du-developpement-rejete-par-l-arp\/213203\/\" \/>\n<meta property=\"og:site_name\" content=\"webdo\" \/>\n<meta property=\"article:publisher\" content=\"https:\/\/www.facebook.com\/webdotn\" \/>\n<meta property=\"article:published_time\" content=\"2024-03-26T19:49:00+00:00\" \/>\n<meta property=\"article:modified_time\" content=\"2025-05-20T22:53:29+00:00\" \/>\n<meta property=\"og:image\" content=\"https:\/\/www.webdo.tn\/fr\/wp-content\/uploads\/2024\/03\/365a053fb920d214bc367d3416817273.jpg\" \/>\n\t<meta property=\"og:image:width\" content=\"750\" \/>\n\t<meta property=\"og:image:height\" content=\"400\" \/>\n\t<meta property=\"og:image:type\" content=\"image\/jpeg\" \/>\n<meta name=\"author\" content=\"CL\" \/>\n<meta name=\"twitter:card\" content=\"summary_large_image\" \/>\n<meta name=\"twitter:creator\" content=\"@webdo_tn\" \/>\n<meta name=\"twitter:site\" content=\"@webdo_tn\" \/>\n<meta name=\"twitter:label1\" content=\"\u00c9crit par\" \/>\n\t<meta name=\"twitter:data1\" content=\"CL\" \/>\n\t<meta name=\"twitter:label2\" content=\"Dur\u00e9e de lecture estim\u00e9e\" \/>\n\t<meta name=\"twitter:data2\" content=\"1 minute\" \/>\n<script type=\"application\/ld+json\" class=\"yoast-schema-graph\">{\"@context\":\"https:\\\/\\\/schema.org\",\"@graph\":[{\"@type\":\"NewsArticle\",\"@id\":\"https:\\\/\\\/www.webdo.tn\\\/fr\\\/actualite\\\/national\\\/tunisie-le-fonds-qatari-du-developpement-rejete-par-l-arp\\\/213203\\\/#article\",\"isPartOf\":{\"@id\":\"https:\\\/\\\/www.webdo.tn\\\/fr\\\/actualite\\\/national\\\/tunisie-le-fonds-qatari-du-developpement-rejete-par-l-arp\\\/213203\\\/\"},\"author\":{\"name\":\"CL\",\"@id\":\"https:\\\/\\\/www.webdo.tn\\\/fr\\\/#\\\/schema\\\/person\\\/f35b42a42c5e2511bbd282959d6385cc\"},\"headline\":\"Tunisie : Le Fonds qatari du d\u00e9veloppement rejet\u00e9 par l&rsquo;ARP\",\"datePublished\":\"2024-03-26T19:49:00+00:00\",\"dateModified\":\"2025-05-20T22:53:29+00:00\",\"mainEntityOfPage\":{\"@id\":\"https:\\\/\\\/www.webdo.tn\\\/fr\\\/actualite\\\/national\\\/tunisie-le-fonds-qatari-du-developpement-rejete-par-l-arp\\\/213203\\\/\"},\"wordCount\":141,\"commentCount\":0,\"publisher\":{\"@id\":\"https:\\\/\\\/www.webdo.tn\\\/fr\\\/#organization\"},\"image\":{\"@id\":\"https:\\\/\\\/www.webdo.tn\\\/fr\\\/actualite\\\/national\\\/tunisie-le-fonds-qatari-du-developpement-rejete-par-l-arp\\\/213203\\\/#primaryimage\"},\"thumbnailUrl\":\"https:\\\/\\\/www.webdo.tn\\\/fr\\\/wp-content\\\/uploads\\\/2024\\\/03\\\/365a053fb920d214bc367d3416817273.jpg\",\"keywords\":[\"'Fonds qatari']\",\"ARP\",\"Tunisie\"],\"articleSection\":[\"National\"],\"inLanguage\":\"fr-FR\"},{\"@type\":\"WebPage\",\"@id\":\"https:\\\/\\\/www.webdo.tn\\\/fr\\\/actualite\\\/national\\\/tunisie-le-fonds-qatari-du-developpement-rejete-par-l-arp\\\/213203\\\/\",\"url\":\"https:\\\/\\\/www.webdo.tn\\\/fr\\\/actualite\\\/national\\\/tunisie-le-fonds-qatari-du-developpement-rejete-par-l-arp\\\/213203\\\/\",\"name\":\"Tunisie : Le Fonds qatari du d\u00e9veloppement rejet\u00e9 par l'ARP\",\"isPartOf\":{\"@id\":\"https:\\\/\\\/www.webdo.tn\\\/fr\\\/#website\"},\"primaryImageOfPage\":{\"@id\":\"https:\\\/\\\/www.webdo.tn\\\/fr\\\/actualite\\\/national\\\/tunisie-le-fonds-qatari-du-developpement-rejete-par-l-arp\\\/213203\\\/#primaryimage\"},\"image\":{\"@id\":\"https:\\\/\\\/www.webdo.tn\\\/fr\\\/actualite\\\/national\\\/tunisie-le-fonds-qatari-du-developpement-rejete-par-l-arp\\\/213203\\\/#primaryimage\"},\"thumbnailUrl\":\"https:\\\/\\\/www.webdo.tn\\\/fr\\\/wp-content\\\/uploads\\\/2024\\\/03\\\/365a053fb920d214bc367d3416817273.jpg\",\"datePublished\":\"2024-03-26T19:49:00+00:00\",\"dateModified\":\"2025-05-20T22:53:29+00:00\",\"description\":\"Le projet n'a recueilli que 51 votes favorables, avec 25 abstentions et 36 voix contre.\",\"breadcrumb\":{\"@id\":\"https:\\\/\\\/www.webdo.tn\\\/fr\\\/actualite\\\/national\\\/tunisie-le-fonds-qatari-du-developpement-rejete-par-l-arp\\\/213203\\\/#breadcrumb\"},\"inLanguage\":\"fr-FR\",\"potentialAction\":[{\"@type\":\"ReadAction\",\"target\":[\"https:\\\/\\\/www.webdo.tn\\\/fr\\\/actualite\\\/national\\\/tunisie-le-fonds-qatari-du-developpement-rejete-par-l-arp\\\/213203\\\/\"]}]},{\"@type\":\"ImageObject\",\"inLanguage\":\"fr-FR\",\"@id\":\"https:\\\/\\\/www.webdo.tn\\\/fr\\\/actualite\\\/national\\\/tunisie-le-fonds-qatari-du-developpement-rejete-par-l-arp\\\/213203\\\/#primaryimage\",\"url\":\"https:\\\/\\\/www.webdo.tn\\\/fr\\\/wp-content\\\/uploads\\\/2024\\\/03\\\/365a053fb920d214bc367d3416817273.jpg\",\"contentUrl\":\"https:\\\/\\\/www.webdo.tn\\\/fr\\\/wp-content\\\/uploads\\\/2024\\\/03\\\/365a053fb920d214bc367d3416817273.jpg\",\"width\":750,\"height\":400,\"caption\":\"Tunisie : Le Fonds qatari du d\u00e9veloppement rejet\u00e9 par l'ARP\"},{\"@type\":\"BreadcrumbList\",\"@id\":\"https:\\\/\\\/www.webdo.tn\\\/fr\\\/actualite\\\/national\\\/tunisie-le-fonds-qatari-du-developpement-rejete-par-l-arp\\\/213203\\\/#breadcrumb\",\"itemListElement\":[{\"@type\":\"ListItem\",\"position\":1,\"name\":\"Accueil\",\"item\":\"https:\\\/\\\/www.webdo.tn\\\/fr\\\/\"},{\"@type\":\"ListItem\",\"position\":2,\"name\":\"Tunisie : Le Fonds qatari du d\u00e9veloppement rejet\u00e9 par l&rsquo;ARP\"}]},{\"@type\":\"WebSite\",\"@id\":\"https:\\\/\\\/www.webdo.tn\\\/fr\\\/#website\",\"url\":\"https:\\\/\\\/www.webdo.tn\\\/fr\\\/\",\"name\":\"webdo\",\"description\":\"Tunisie - News en Tunisie et \u00e0 l&#039;international sur Webdo.tn\",\"publisher\":{\"@id\":\"https:\\\/\\\/www.webdo.tn\\\/fr\\\/#organization\"},\"potentialAction\":[{\"@type\":\"SearchAction\",\"target\":{\"@type\":\"EntryPoint\",\"urlTemplate\":\"https:\\\/\\\/www.webdo.tn\\\/fr\\\/?s={search_term_string}\"},\"query-input\":{\"@type\":\"PropertyValueSpecification\",\"valueRequired\":true,\"valueName\":\"search_term_string\"}}],\"inLanguage\":\"fr-FR\"},{\"@type\":\"Organization\",\"@id\":\"https:\\\/\\\/www.webdo.tn\\\/fr\\\/#organization\",\"name\":\"Webdo\",\"alternateName\":\"Webdo.tn\",\"url\":\"https:\\\/\\\/www.webdo.tn\\\/fr\\\/\",\"logo\":{\"@type\":\"ImageObject\",\"inLanguage\":\"fr-FR\",\"@id\":\"https:\\\/\\\/www.webdo.tn\\\/fr\\\/#\\\/schema\\\/logo\\\/image\\\/\",\"url\":\"https:\\\/\\\/www.webdo.tn\\\/fr\\\/wp-content\\\/uploads\\\/2025\\\/06\\\/Webdo-Tunisie_168377.jpg\",\"contentUrl\":\"https:\\\/\\\/www.webdo.tn\\\/fr\\\/wp-content\\\/uploads\\\/2025\\\/06\\\/Webdo-Tunisie_168377.jpg\",\"width\":301,\"height\":301,\"caption\":\"Webdo\"},\"image\":{\"@id\":\"https:\\\/\\\/www.webdo.tn\\\/fr\\\/#\\\/schema\\\/logo\\\/image\\\/\"},\"sameAs\":[\"https:\\\/\\\/www.facebook.com\\\/webdotn\",\"https:\\\/\\\/x.com\\\/webdo_tn\"],\"description\":\"Webdo est un m\u00e9dia num\u00e9rique tunisien fond\u00e9 en 2010, sp\u00e9cialis\u00e9 dans l\u2019actualit\u00e9 nationale et internationale, l\u2019\u00e9conomie, la soci\u00e9t\u00e9 et les analyses politiques. Le site s\u2019adresse \u00e0 un large public francophone et couvre l\u2019information tunisienne en temps r\u00e9el.\",\"email\":\"redac@webdo.tn\",\"legalName\":\"YNJ SARL\",\"foundingDate\":\"2010-09-06\",\"numberOfEmployees\":{\"@type\":\"QuantitativeValue\",\"minValue\":\"11\",\"maxValue\":\"50\"}},{\"@type\":\"Person\",\"@id\":\"https:\\\/\\\/www.webdo.tn\\\/fr\\\/#\\\/schema\\\/person\\\/f35b42a42c5e2511bbd282959d6385cc\",\"name\":\"CL\",\"image\":{\"@type\":\"ImageObject\",\"inLanguage\":\"fr-FR\",\"@id\":\"https:\\\/\\\/secure.gravatar.com\\\/avatar\\\/1447a49909b67aa657c488aec6512e1dd6143a480c1ecfee9b5b5cd74eb3b59e?s=96&d=mm&r=g\",\"url\":\"https:\\\/\\\/secure.gravatar.com\\\/avatar\\\/1447a49909b67aa657c488aec6512e1dd6143a480c1ecfee9b5b5cd74eb3b59e?s=96&d=mm&r=g\",\"contentUrl\":\"https:\\\/\\\/secure.gravatar.com\\\/avatar\\\/1447a49909b67aa657c488aec6512e1dd6143a480c1ecfee9b5b5cd74eb3b59e?s=96&d=mm&r=g\",\"caption\":\"CL\"},\"url\":\"https:\\\/\\\/www.webdo.tn\\\/fr\\\/actualite\\\/author\\\/cl\\\/\"}]}<\/script>\n<!-- \/ Yoast SEO Premium plugin. -->","yoast_head_json":{"title":"Tunisie : Le Fonds qatari du d\u00e9veloppement rejet\u00e9 par l'ARP","description":"Le projet n'a recueilli que 51 votes favorables, avec 25 abstentions et 36 voix contre.","canonical":"https:\/\/www.webdo.tn\/fr\/actualite\/national\/tunisie-le-fonds-qatari-du-developpement-rejete-par-l-arp\/213203\/","og_locale":"fr_FR","og_type":"article","og_title":"Tunisie : Le Fonds qatari du d\u00e9veloppement rejet\u00e9 par l'ARP","og_description":"Le projet n'a recueilli que 51 votes favorables, avec 25 abstentions et 36 voix contre.","og_url":"https:\/\/www.webdo.tn\/fr\/actualite\/national\/tunisie-le-fonds-qatari-du-developpement-rejete-par-l-arp\/213203\/","og_site_name":"webdo","article_publisher":"https:\/\/www.facebook.com\/webdotn","article_published_time":"2024-03-26T19:49:00+00:00","article_modified_time":"2025-05-20T22:53:29+00:00","og_image":[{"width":750,"height":400,"url":"https:\/\/www.webdo.tn\/fr\/wp-content\/uploads\/2024\/03\/365a053fb920d214bc367d3416817273.jpg","type":"image\/jpeg"}],"author":"CL","twitter_card":"summary_large_image","twitter_creator":"@webdo_tn","twitter_site":"@webdo_tn","twitter_misc":{"\u00c9crit par":"CL","Dur\u00e9e de lecture estim\u00e9e":"1 minute"},"schema":{"@context":"https:\/\/schema.org","@graph":[{"@type":"NewsArticle","@id":"https:\/\/www.webdo.tn\/fr\/actualite\/national\/tunisie-le-fonds-qatari-du-developpement-rejete-par-l-arp\/213203\/#article","isPartOf":{"@id":"https:\/\/www.webdo.tn\/fr\/actualite\/national\/tunisie-le-fonds-qatari-du-developpement-rejete-par-l-arp\/213203\/"},"author":{"name":"CL","@id":"https:\/\/www.webdo.tn\/fr\/#\/schema\/person\/f35b42a42c5e2511bbd282959d6385cc"},"headline":"Tunisie : Le Fonds qatari du d\u00e9veloppement rejet\u00e9 par l&rsquo;ARP","datePublished":"2024-03-26T19:49:00+00:00","dateModified":"2025-05-20T22:53:29+00:00","mainEntityOfPage":{"@id":"https:\/\/www.webdo.tn\/fr\/actualite\/national\/tunisie-le-fonds-qatari-du-developpement-rejete-par-l-arp\/213203\/"},"wordCount":141,"commentCount":0,"publisher":{"@id":"https:\/\/www.webdo.tn\/fr\/#organization"},"image":{"@id":"https:\/\/www.webdo.tn\/fr\/actualite\/national\/tunisie-le-fonds-qatari-du-developpement-rejete-par-l-arp\/213203\/#primaryimage"},"thumbnailUrl":"https:\/\/www.webdo.tn\/fr\/wp-content\/uploads\/2024\/03\/365a053fb920d214bc367d3416817273.jpg","keywords":["'Fonds qatari']","ARP","Tunisie"],"articleSection":["National"],"inLanguage":"fr-FR"},{"@type":"WebPage","@id":"https:\/\/www.webdo.tn\/fr\/actualite\/national\/tunisie-le-fonds-qatari-du-developpement-rejete-par-l-arp\/213203\/","url":"https:\/\/www.webdo.tn\/fr\/actualite\/national\/tunisie-le-fonds-qatari-du-developpement-rejete-par-l-arp\/213203\/","name":"Tunisie : Le Fonds qatari du d\u00e9veloppement rejet\u00e9 par l'ARP","isPartOf":{"@id":"https:\/\/www.webdo.tn\/fr\/#website"},"primaryImageOfPage":{"@id":"https:\/\/www.webdo.tn\/fr\/actualite\/national\/tunisie-le-fonds-qatari-du-developpement-rejete-par-l-arp\/213203\/#primaryimage"},"image":{"@id":"https:\/\/www.webdo.tn\/fr\/actualite\/national\/tunisie-le-fonds-qatari-du-developpement-rejete-par-l-arp\/213203\/#primaryimage"},"thumbnailUrl":"https:\/\/www.webdo.tn\/fr\/wp-content\/uploads\/2024\/03\/365a053fb920d214bc367d3416817273.jpg","datePublished":"2024-03-26T19:49:00+00:00","dateModified":"2025-05-20T22:53:29+00:00","description":"Le projet n'a recueilli que 51 votes favorables, avec 25 abstentions et 36 voix contre.","breadcrumb":{"@id":"https:\/\/www.webdo.tn\/fr\/actualite\/national\/tunisie-le-fonds-qatari-du-developpement-rejete-par-l-arp\/213203\/#breadcrumb"},"inLanguage":"fr-FR","potentialAction":[{"@type":"ReadAction","target":["https:\/\/www.webdo.tn\/fr\/actualite\/national\/tunisie-le-fonds-qatari-du-developpement-rejete-par-l-arp\/213203\/"]}]},{"@type":"ImageObject","inLanguage":"fr-FR","@id":"https:\/\/www.webdo.tn\/fr\/actualite\/national\/tunisie-le-fonds-qatari-du-developpement-rejete-par-l-arp\/213203\/#primaryimage","url":"https:\/\/www.webdo.tn\/fr\/wp-content\/uploads\/2024\/03\/365a053fb920d214bc367d3416817273.jpg","contentUrl":"https:\/\/www.webdo.tn\/fr\/wp-content\/uploads\/2024\/03\/365a053fb920d214bc367d3416817273.jpg","width":750,"height":400,"caption":"Tunisie : Le Fonds qatari du d\u00e9veloppement rejet\u00e9 par l'ARP"},{"@type":"BreadcrumbList","@id":"https:\/\/www.webdo.tn\/fr\/actualite\/national\/tunisie-le-fonds-qatari-du-developpement-rejete-par-l-arp\/213203\/#breadcrumb","itemListElement":[{"@type":"ListItem","position":1,"name":"Accueil","item":"https:\/\/www.webdo.tn\/fr\/"},{"@type":"ListItem","position":2,"name":"Tunisie : Le Fonds qatari du d\u00e9veloppement rejet\u00e9 par l&rsquo;ARP"}]},{"@type":"WebSite","@id":"https:\/\/www.webdo.tn\/fr\/#website","url":"https:\/\/www.webdo.tn\/fr\/","name":"webdo","description":"Tunisie - News en Tunisie et \u00e0 l&#039;international sur Webdo.tn","publisher":{"@id":"https:\/\/www.webdo.tn\/fr\/#organization"},"potentialAction":[{"@type":"SearchAction","target":{"@type":"EntryPoint","urlTemplate":"https:\/\/www.webdo.tn\/fr\/?s={search_term_string}"},"query-input":{"@type":"PropertyValueSpecification","valueRequired":true,"valueName":"search_term_string"}}],"inLanguage":"fr-FR"},{"@type":"Organization","@id":"https:\/\/www.webdo.tn\/fr\/#organization","name":"Webdo","alternateName":"Webdo.tn","url":"https:\/\/www.webdo.tn\/fr\/","logo":{"@type":"ImageObject","inLanguage":"fr-FR","@id":"https:\/\/www.webdo.tn\/fr\/#\/schema\/logo\/image\/","url":"https:\/\/www.webdo.tn\/fr\/wp-content\/uploads\/2025\/06\/Webdo-Tunisie_168377.jpg","contentUrl":"https:\/\/www.webdo.tn\/fr\/wp-content\/uploads\/2025\/06\/Webdo-Tunisie_168377.jpg","width":301,"height":301,"caption":"Webdo"},"image":{"@id":"https:\/\/www.webdo.tn\/fr\/#\/schema\/logo\/image\/"},"sameAs":["https:\/\/www.facebook.com\/webdotn","https:\/\/x.com\/webdo_tn"],"description":"Webdo est un m\u00e9dia num\u00e9rique tunisien fond\u00e9 en 2010, sp\u00e9cialis\u00e9 dans l\u2019actualit\u00e9 nationale et internationale, l\u2019\u00e9conomie, la soci\u00e9t\u00e9 et les analyses politiques. Le site s\u2019adresse \u00e0 un large public francophone et couvre l\u2019information tunisienne en temps r\u00e9el.","email":"redac@webdo.tn","legalName":"YNJ SARL","foundingDate":"2010-09-06","numberOfEmployees":{"@type":"QuantitativeValue","minValue":"11","maxValue":"50"}},{"@type":"Person","@id":"https:\/\/www.webdo.tn\/fr\/#\/schema\/person\/f35b42a42c5e2511bbd282959d6385cc","name":"CL","image":{"@type":"ImageObject","inLanguage":"fr-FR","@id":"https:\/\/secure.gravatar.com\/avatar\/1447a49909b67aa657c488aec6512e1dd6143a480c1ecfee9b5b5cd74eb3b59e?s=96&d=mm&r=g","url":"https:\/\/secure.gravatar.com\/avatar\/1447a49909b67aa657c488aec6512e1dd6143a480c1ecfee9b5b5cd74eb3b59e?s=96&d=mm&r=g","contentUrl":"https:\/\/secure.gravatar.com\/avatar\/1447a49909b67aa657c488aec6512e1dd6143a480c1ecfee9b5b5cd74eb3b59e?s=96&d=mm&r=g","caption":"CL"},"url":"https:\/\/www.webdo.tn\/fr\/actualite\/author\/cl\/"}]}},"_links":{"self":[{"href":"https:\/\/www.webdo.tn\/fr\/wp-json\/wp\/v2\/posts\/213203","targetHints":{"allow":["GET"]}}],"collection":[{"href":"https:\/\/www.webdo.tn\/fr\/wp-json\/wp\/v2\/posts"}],"about":[{"href":"https:\/\/www.webdo.tn\/fr\/wp-json\/wp\/v2\/types\/post"}],"author":[{"embeddable":true,"href":"https:\/\/www.webdo.tn\/fr\/wp-json\/wp\/v2\/users\/3175"}],"replies":[{"embeddable":true,"href":"https:\/\/www.webdo.tn\/fr\/wp-json\/wp\/v2\/comments?post=213203"}],"version-history":[{"count":0,"href":"https:\/\/www.webdo.tn\/fr\/wp-json\/wp\/v2\/posts\/213203\/revisions"}],"wp:featuredmedia":[{"embeddable":true,"href":"https:\/\/www.webdo.tn\/fr\/wp-json\/wp\/v2\/media\/290395"}],"wp:attachment":[{"href":"https:\/\/www.webdo.tn\/fr\/wp-json\/wp\/v2\/media?parent=213203"}],"wp:term":[{"taxonomy":"category","embeddable":true,"href":"https:\/\/www.webdo.tn\/fr\/wp-json\/wp\/v2\/categories?post=213203"},{"taxonomy":"post_tag","embeddable":true,"href":"https:\/\/www.webdo.tn\/fr\/wp-json\/wp\/v2\/tags?post=213203"}],"curies":[{"name":"wp","href":"https:\/\/api.w.org\/{rel}","templated":true}]}}