{"id":213182,"date":"2024-03-26T07:41:00","date_gmt":"2024-03-26T07:41:00","guid":{"rendered":"https:\/\/www.webdo.tn\/fr\/blog\/tunisie-apres-l-appel-de-saied-200-bus-seront-repares\/213182\/"},"modified":"2025-05-20T22:37:09","modified_gmt":"2025-05-20T22:37:09","slug":"tunisie-apres-l-appel-de-saied-200-bus-seront-repares","status":"publish","type":"post","link":"https:\/\/www.webdo.tn\/fr\/actualite\/national\/tunisie-apres-l-appel-de-saied-200-bus-seront-repares\/213182\/","title":{"rendered":"Tunisie : Apr\u00e8s l\u2019appel de Saied, 200 bus seront r\u00e9par\u00e9s !"},"content":{"rendered":"<p>Lors d&rsquo;une r\u00e9union du Conseil minist\u00e9riel restreint tenue hier lundi 25 mars, une d\u00e9cision d&rsquo;urgence a \u00e9t\u00e9 prise pour la r\u00e9paration de 200 bus, pour un co\u00fbt approximatif de 15,6 millions de dinars, ainsi que pour acc\u00e9l\u00e9rer la r\u00e9paration de 28 wagons de m\u00e9tro, pour un montant de 7,5 millions de dinars.\u00a0<\/p>\n<p>Cette initiative vise \u00e0 renforcer le r\u00e9seau de transports publics. Le Chef du gouvernement, Ahmed Hachani, a pr\u00e9sid\u00e9 la r\u00e9union, qui a \u00e9galement vu la participation du ministre de l&rsquo;Int\u00e9rieur, Kamel Feki, et du ministre des Finances, Sihem Boughdiri Namsia, comme indiqu\u00e9 dans un communiqu\u00e9 publi\u00e9 par la pr\u00e9sidence du gouvernement.<\/p>\n<p>La question du d\u00e9veloppement des transports publics a \u00e9t\u00e9 au c\u0153ur des discussions, avec la participation de plusieurs ministres, dont la ministre de l&rsquo;\u00c9conomie et du Plan, Feryel Werghi Sebai, la ministre de l&rsquo;Industrie, des Mines et de l&rsquo;\u00c9nergie, Fatima Thabet Chiboub, la ministre du Commerce et du D\u00e9veloppement des exportations, Kalthoum ben Rjab, et la ministre de l&rsquo;\u00c9quipement et du Logement, Sarra Zaafrani Zanzri, qui supervise le minist\u00e8re des Transports.\u00a0<\/p>\n<p>La r\u00e9union a \u00e9galement abord\u00e9 l&rsquo;acquisition future d&rsquo;un nombre important de bus et de voitures de m\u00e9tro pour renforcer le parc de transports publics.<\/p>\n<p>Cette d\u00e9cision intervient apr\u00e8s le dernier appel du pr\u00e9sident de la R\u00e9publique qui a s\u00e9v\u00e8rement critiqu\u00e9 la situation du transport public et en commun en Tunisie.<\/p>\n","protected":false},"excerpt":{"rendered":"<p>Cette initiative vise \u00e0 renforcer le r\u00e9seau de transports publics. Le Chef du gouvernement, Ahmed Hachani, a pr\u00e9sid\u00e9 la r\u00e9union, qui a \u00e9galement vu la participa&#8230;<\/p>\n","protected":false},"author":3175,"featured_media":247707,"comment_status":"open","ping_status":"closed","sticky":false,"template":"","format":"standard","meta":{"footnotes":""},"categories":[44],"tags":[3403,2818,2608],"class_list":["post-213182","post","type-post","status-publish","format-standard","has-post-thumbnail","hentry","category-national","tag-bus","tag-transport","tag-tunisie"],"yoast_head":"<!-- This site is optimized with the Yoast SEO Premium plugin v27.4 (Yoast SEO v27.5) - https:\/\/yoast.com\/product\/yoast-seo-premium-wordpress\/ -->\n<title>Tunisie : Apr\u00e8s l\u2019appel de Saied, 200 bus seront r\u00e9par\u00e9s !<\/title>\n<meta name=\"description\" content=\"Cette initiative vise \u00e0 renforcer le r\u00e9seau de transports publics. Le Chef du gouvernement, Ahmed Hachani, a pr\u00e9sid\u00e9 la r\u00e9union, qui a \u00e9galement vu la participa...\" \/>\n<link rel=\"canonical\" href=\"https:\/\/www.webdo.tn\/fr\/actualite\/national\/tunisie-apres-l-appel-de-saied-200-bus-seront-repares\/213182\/\" \/>\n<meta property=\"og:locale\" content=\"fr_FR\" \/>\n<meta property=\"og:type\" content=\"article\" \/>\n<meta property=\"og:title\" content=\"Tunisie : Apr\u00e8s l\u2019appel de Saied, 200 bus seront r\u00e9par\u00e9s !\" \/>\n<meta property=\"og:description\" content=\"Cette initiative vise \u00e0 renforcer le r\u00e9seau de transports publics. Le Chef du gouvernement, Ahmed Hachani, a pr\u00e9sid\u00e9 la r\u00e9union, qui a \u00e9galement vu la participa...\" \/>\n<meta property=\"og:url\" content=\"https:\/\/www.webdo.tn\/fr\/actualite\/national\/tunisie-apres-l-appel-de-saied-200-bus-seront-repares\/213182\/\" \/>\n<meta property=\"og:site_name\" content=\"webdo\" \/>\n<meta property=\"article:publisher\" content=\"https:\/\/www.facebook.com\/webdotn\" \/>\n<meta property=\"article:published_time\" content=\"2024-03-26T07:41:00+00:00\" \/>\n<meta property=\"article:modified_time\" content=\"2025-05-20T22:37:09+00:00\" \/>\n<meta property=\"og:image\" content=\"https:\/\/www.webdo.tn\/fr\/wp-content\/uploads\/2024\/03\/f5a35244cd5b65e9c0dc78e290340907.jpg\" \/>\n\t<meta property=\"og:image:width\" content=\"750\" \/>\n\t<meta property=\"og:image:height\" content=\"400\" \/>\n\t<meta property=\"og:image:type\" content=\"image\/jpeg\" \/>\n<meta name=\"author\" content=\"CL\" \/>\n<meta name=\"twitter:card\" content=\"summary_large_image\" \/>\n<meta name=\"twitter:creator\" content=\"@webdo_tn\" \/>\n<meta name=\"twitter:site\" content=\"@webdo_tn\" \/>\n<meta name=\"twitter:label1\" content=\"\u00c9crit par\" \/>\n\t<meta name=\"twitter:data1\" content=\"CL\" \/>\n\t<meta name=\"twitter:label2\" content=\"Dur\u00e9e de lecture estim\u00e9e\" \/>\n\t<meta name=\"twitter:data2\" content=\"1 minute\" \/>\n<script type=\"application\/ld+json\" class=\"yoast-schema-graph\">{\"@context\":\"https:\\\/\\\/schema.org\",\"@graph\":[{\"@type\":\"NewsArticle\",\"@id\":\"https:\\\/\\\/www.webdo.tn\\\/fr\\\/actualite\\\/national\\\/tunisie-apres-l-appel-de-saied-200-bus-seront-repares\\\/213182\\\/#article\",\"isPartOf\":{\"@id\":\"https:\\\/\\\/www.webdo.tn\\\/fr\\\/actualite\\\/national\\\/tunisie-apres-l-appel-de-saied-200-bus-seront-repares\\\/213182\\\/\"},\"author\":{\"name\":\"CL\",\"@id\":\"https:\\\/\\\/www.webdo.tn\\\/fr\\\/#\\\/schema\\\/person\\\/f35b42a42c5e2511bbd282959d6385cc\"},\"headline\":\"Tunisie : Apr\u00e8s l\u2019appel de Saied, 200 bus seront r\u00e9par\u00e9s !\",\"datePublished\":\"2024-03-26T07:41:00+00:00\",\"dateModified\":\"2025-05-20T22:37:09+00:00\",\"mainEntityOfPage\":{\"@id\":\"https:\\\/\\\/www.webdo.tn\\\/fr\\\/actualite\\\/national\\\/tunisie-apres-l-appel-de-saied-200-bus-seront-repares\\\/213182\\\/\"},\"wordCount\":265,\"commentCount\":0,\"publisher\":{\"@id\":\"https:\\\/\\\/www.webdo.tn\\\/fr\\\/#organization\"},\"image\":{\"@id\":\"https:\\\/\\\/www.webdo.tn\\\/fr\\\/actualite\\\/national\\\/tunisie-apres-l-appel-de-saied-200-bus-seront-repares\\\/213182\\\/#primaryimage\"},\"thumbnailUrl\":\"https:\\\/\\\/www.webdo.tn\\\/fr\\\/wp-content\\\/uploads\\\/2024\\\/03\\\/f5a35244cd5b65e9c0dc78e290340907.jpg\",\"keywords\":[\"Bus\",\"Transport\",\"Tunisie\"],\"articleSection\":[\"National\"],\"inLanguage\":\"fr-FR\"},{\"@type\":\"WebPage\",\"@id\":\"https:\\\/\\\/www.webdo.tn\\\/fr\\\/actualite\\\/national\\\/tunisie-apres-l-appel-de-saied-200-bus-seront-repares\\\/213182\\\/\",\"url\":\"https:\\\/\\\/www.webdo.tn\\\/fr\\\/actualite\\\/national\\\/tunisie-apres-l-appel-de-saied-200-bus-seront-repares\\\/213182\\\/\",\"name\":\"Tunisie : Apr\u00e8s l\u2019appel de Saied, 200 bus seront r\u00e9par\u00e9s !\",\"isPartOf\":{\"@id\":\"https:\\\/\\\/www.webdo.tn\\\/fr\\\/#website\"},\"primaryImageOfPage\":{\"@id\":\"https:\\\/\\\/www.webdo.tn\\\/fr\\\/actualite\\\/national\\\/tunisie-apres-l-appel-de-saied-200-bus-seront-repares\\\/213182\\\/#primaryimage\"},\"image\":{\"@id\":\"https:\\\/\\\/www.webdo.tn\\\/fr\\\/actualite\\\/national\\\/tunisie-apres-l-appel-de-saied-200-bus-seront-repares\\\/213182\\\/#primaryimage\"},\"thumbnailUrl\":\"https:\\\/\\\/www.webdo.tn\\\/fr\\\/wp-content\\\/uploads\\\/2024\\\/03\\\/f5a35244cd5b65e9c0dc78e290340907.jpg\",\"datePublished\":\"2024-03-26T07:41:00+00:00\",\"dateModified\":\"2025-05-20T22:37:09+00:00\",\"description\":\"Cette initiative vise \u00e0 renforcer le r\u00e9seau de transports publics. Le Chef du gouvernement, Ahmed Hachani, a pr\u00e9sid\u00e9 la r\u00e9union, qui a \u00e9galement vu la participa...\",\"breadcrumb\":{\"@id\":\"https:\\\/\\\/www.webdo.tn\\\/fr\\\/actualite\\\/national\\\/tunisie-apres-l-appel-de-saied-200-bus-seront-repares\\\/213182\\\/#breadcrumb\"},\"inLanguage\":\"fr-FR\",\"potentialAction\":[{\"@type\":\"ReadAction\",\"target\":[\"https:\\\/\\\/www.webdo.tn\\\/fr\\\/actualite\\\/national\\\/tunisie-apres-l-appel-de-saied-200-bus-seront-repares\\\/213182\\\/\"]}]},{\"@type\":\"ImageObject\",\"inLanguage\":\"fr-FR\",\"@id\":\"https:\\\/\\\/www.webdo.tn\\\/fr\\\/actualite\\\/national\\\/tunisie-apres-l-appel-de-saied-200-bus-seront-repares\\\/213182\\\/#primaryimage\",\"url\":\"https:\\\/\\\/www.webdo.tn\\\/fr\\\/wp-content\\\/uploads\\\/2024\\\/03\\\/f5a35244cd5b65e9c0dc78e290340907.jpg\",\"contentUrl\":\"https:\\\/\\\/www.webdo.tn\\\/fr\\\/wp-content\\\/uploads\\\/2024\\\/03\\\/f5a35244cd5b65e9c0dc78e290340907.jpg\",\"width\":750,\"height\":400,\"caption\":\"Tunisie : Apr\u00e8s l\u2019appel de Saied, 200 bus seront r\u00e9par\u00e9s !\"},{\"@type\":\"BreadcrumbList\",\"@id\":\"https:\\\/\\\/www.webdo.tn\\\/fr\\\/actualite\\\/national\\\/tunisie-apres-l-appel-de-saied-200-bus-seront-repares\\\/213182\\\/#breadcrumb\",\"itemListElement\":[{\"@type\":\"ListItem\",\"position\":1,\"name\":\"Accueil\",\"item\":\"https:\\\/\\\/www.webdo.tn\\\/fr\\\/\"},{\"@type\":\"ListItem\",\"position\":2,\"name\":\"Tunisie : Apr\u00e8s l\u2019appel de Saied, 200 bus seront r\u00e9par\u00e9s !\"}]},{\"@type\":\"WebSite\",\"@id\":\"https:\\\/\\\/www.webdo.tn\\\/fr\\\/#website\",\"url\":\"https:\\\/\\\/www.webdo.tn\\\/fr\\\/\",\"name\":\"webdo\",\"description\":\"Tunisie - News en Tunisie et \u00e0 l&#039;international sur Webdo.tn\",\"publisher\":{\"@id\":\"https:\\\/\\\/www.webdo.tn\\\/fr\\\/#organization\"},\"potentialAction\":[{\"@type\":\"SearchAction\",\"target\":{\"@type\":\"EntryPoint\",\"urlTemplate\":\"https:\\\/\\\/www.webdo.tn\\\/fr\\\/?s={search_term_string}\"},\"query-input\":{\"@type\":\"PropertyValueSpecification\",\"valueRequired\":true,\"valueName\":\"search_term_string\"}}],\"inLanguage\":\"fr-FR\"},{\"@type\":\"Organization\",\"@id\":\"https:\\\/\\\/www.webdo.tn\\\/fr\\\/#organization\",\"name\":\"Webdo\",\"alternateName\":\"Webdo.tn\",\"url\":\"https:\\\/\\\/www.webdo.tn\\\/fr\\\/\",\"logo\":{\"@type\":\"ImageObject\",\"inLanguage\":\"fr-FR\",\"@id\":\"https:\\\/\\\/www.webdo.tn\\\/fr\\\/#\\\/schema\\\/logo\\\/image\\\/\",\"url\":\"https:\\\/\\\/www.webdo.tn\\\/fr\\\/wp-content\\\/uploads\\\/2025\\\/06\\\/Webdo-Tunisie_168377.jpg\",\"contentUrl\":\"https:\\\/\\\/www.webdo.tn\\\/fr\\\/wp-content\\\/uploads\\\/2025\\\/06\\\/Webdo-Tunisie_168377.jpg\",\"width\":301,\"height\":301,\"caption\":\"Webdo\"},\"image\":{\"@id\":\"https:\\\/\\\/www.webdo.tn\\\/fr\\\/#\\\/schema\\\/logo\\\/image\\\/\"},\"sameAs\":[\"https:\\\/\\\/www.facebook.com\\\/webdotn\",\"https:\\\/\\\/x.com\\\/webdo_tn\"],\"description\":\"Webdo est un m\u00e9dia num\u00e9rique tunisien fond\u00e9 en 2010, sp\u00e9cialis\u00e9 dans l\u2019actualit\u00e9 nationale et internationale, l\u2019\u00e9conomie, la soci\u00e9t\u00e9 et les analyses politiques. Le site s\u2019adresse \u00e0 un large public francophone et couvre l\u2019information tunisienne en temps r\u00e9el.\",\"email\":\"redac@webdo.tn\",\"legalName\":\"YNJ SARL\",\"foundingDate\":\"2010-09-06\",\"numberOfEmployees\":{\"@type\":\"QuantitativeValue\",\"minValue\":\"11\",\"maxValue\":\"50\"}},{\"@type\":\"Person\",\"@id\":\"https:\\\/\\\/www.webdo.tn\\\/fr\\\/#\\\/schema\\\/person\\\/f35b42a42c5e2511bbd282959d6385cc\",\"name\":\"CL\",\"image\":{\"@type\":\"ImageObject\",\"inLanguage\":\"fr-FR\",\"@id\":\"https:\\\/\\\/secure.gravatar.com\\\/avatar\\\/1447a49909b67aa657c488aec6512e1dd6143a480c1ecfee9b5b5cd74eb3b59e?s=96&d=mm&r=g\",\"url\":\"https:\\\/\\\/secure.gravatar.com\\\/avatar\\\/1447a49909b67aa657c488aec6512e1dd6143a480c1ecfee9b5b5cd74eb3b59e?s=96&d=mm&r=g\",\"contentUrl\":\"https:\\\/\\\/secure.gravatar.com\\\/avatar\\\/1447a49909b67aa657c488aec6512e1dd6143a480c1ecfee9b5b5cd74eb3b59e?s=96&d=mm&r=g\",\"caption\":\"CL\"},\"url\":\"https:\\\/\\\/www.webdo.tn\\\/fr\\\/actualite\\\/author\\\/cl\\\/\"}]}<\/script>\n<!-- \/ Yoast SEO Premium plugin. -->","yoast_head_json":{"title":"Tunisie : Apr\u00e8s l\u2019appel de Saied, 200 bus seront r\u00e9par\u00e9s !","description":"Cette initiative vise \u00e0 renforcer le r\u00e9seau de transports publics. Le Chef du gouvernement, Ahmed Hachani, a pr\u00e9sid\u00e9 la r\u00e9union, qui a \u00e9galement vu la participa...","canonical":"https:\/\/www.webdo.tn\/fr\/actualite\/national\/tunisie-apres-l-appel-de-saied-200-bus-seront-repares\/213182\/","og_locale":"fr_FR","og_type":"article","og_title":"Tunisie : Apr\u00e8s l\u2019appel de Saied, 200 bus seront r\u00e9par\u00e9s !","og_description":"Cette initiative vise \u00e0 renforcer le r\u00e9seau de transports publics. Le Chef du gouvernement, Ahmed Hachani, a pr\u00e9sid\u00e9 la r\u00e9union, qui a \u00e9galement vu la participa...","og_url":"https:\/\/www.webdo.tn\/fr\/actualite\/national\/tunisie-apres-l-appel-de-saied-200-bus-seront-repares\/213182\/","og_site_name":"webdo","article_publisher":"https:\/\/www.facebook.com\/webdotn","article_published_time":"2024-03-26T07:41:00+00:00","article_modified_time":"2025-05-20T22:37:09+00:00","og_image":[{"width":750,"height":400,"url":"https:\/\/www.webdo.tn\/fr\/wp-content\/uploads\/2024\/03\/f5a35244cd5b65e9c0dc78e290340907.jpg","type":"image\/jpeg"}],"author":"CL","twitter_card":"summary_large_image","twitter_creator":"@webdo_tn","twitter_site":"@webdo_tn","twitter_misc":{"\u00c9crit par":"CL","Dur\u00e9e de lecture estim\u00e9e":"1 minute"},"schema":{"@context":"https:\/\/schema.org","@graph":[{"@type":"NewsArticle","@id":"https:\/\/www.webdo.tn\/fr\/actualite\/national\/tunisie-apres-l-appel-de-saied-200-bus-seront-repares\/213182\/#article","isPartOf":{"@id":"https:\/\/www.webdo.tn\/fr\/actualite\/national\/tunisie-apres-l-appel-de-saied-200-bus-seront-repares\/213182\/"},"author":{"name":"CL","@id":"https:\/\/www.webdo.tn\/fr\/#\/schema\/person\/f35b42a42c5e2511bbd282959d6385cc"},"headline":"Tunisie : Apr\u00e8s l\u2019appel de Saied, 200 bus seront r\u00e9par\u00e9s !","datePublished":"2024-03-26T07:41:00+00:00","dateModified":"2025-05-20T22:37:09+00:00","mainEntityOfPage":{"@id":"https:\/\/www.webdo.tn\/fr\/actualite\/national\/tunisie-apres-l-appel-de-saied-200-bus-seront-repares\/213182\/"},"wordCount":265,"commentCount":0,"publisher":{"@id":"https:\/\/www.webdo.tn\/fr\/#organization"},"image":{"@id":"https:\/\/www.webdo.tn\/fr\/actualite\/national\/tunisie-apres-l-appel-de-saied-200-bus-seront-repares\/213182\/#primaryimage"},"thumbnailUrl":"https:\/\/www.webdo.tn\/fr\/wp-content\/uploads\/2024\/03\/f5a35244cd5b65e9c0dc78e290340907.jpg","keywords":["Bus","Transport","Tunisie"],"articleSection":["National"],"inLanguage":"fr-FR"},{"@type":"WebPage","@id":"https:\/\/www.webdo.tn\/fr\/actualite\/national\/tunisie-apres-l-appel-de-saied-200-bus-seront-repares\/213182\/","url":"https:\/\/www.webdo.tn\/fr\/actualite\/national\/tunisie-apres-l-appel-de-saied-200-bus-seront-repares\/213182\/","name":"Tunisie : Apr\u00e8s l\u2019appel de Saied, 200 bus seront r\u00e9par\u00e9s !","isPartOf":{"@id":"https:\/\/www.webdo.tn\/fr\/#website"},"primaryImageOfPage":{"@id":"https:\/\/www.webdo.tn\/fr\/actualite\/national\/tunisie-apres-l-appel-de-saied-200-bus-seront-repares\/213182\/#primaryimage"},"image":{"@id":"https:\/\/www.webdo.tn\/fr\/actualite\/national\/tunisie-apres-l-appel-de-saied-200-bus-seront-repares\/213182\/#primaryimage"},"thumbnailUrl":"https:\/\/www.webdo.tn\/fr\/wp-content\/uploads\/2024\/03\/f5a35244cd5b65e9c0dc78e290340907.jpg","datePublished":"2024-03-26T07:41:00+00:00","dateModified":"2025-05-20T22:37:09+00:00","description":"Cette initiative vise \u00e0 renforcer le r\u00e9seau de transports publics. Le Chef du gouvernement, Ahmed Hachani, a pr\u00e9sid\u00e9 la r\u00e9union, qui a \u00e9galement vu la participa...","breadcrumb":{"@id":"https:\/\/www.webdo.tn\/fr\/actualite\/national\/tunisie-apres-l-appel-de-saied-200-bus-seront-repares\/213182\/#breadcrumb"},"inLanguage":"fr-FR","potentialAction":[{"@type":"ReadAction","target":["https:\/\/www.webdo.tn\/fr\/actualite\/national\/tunisie-apres-l-appel-de-saied-200-bus-seront-repares\/213182\/"]}]},{"@type":"ImageObject","inLanguage":"fr-FR","@id":"https:\/\/www.webdo.tn\/fr\/actualite\/national\/tunisie-apres-l-appel-de-saied-200-bus-seront-repares\/213182\/#primaryimage","url":"https:\/\/www.webdo.tn\/fr\/wp-content\/uploads\/2024\/03\/f5a35244cd5b65e9c0dc78e290340907.jpg","contentUrl":"https:\/\/www.webdo.tn\/fr\/wp-content\/uploads\/2024\/03\/f5a35244cd5b65e9c0dc78e290340907.jpg","width":750,"height":400,"caption":"Tunisie : Apr\u00e8s l\u2019appel de Saied, 200 bus seront r\u00e9par\u00e9s !"},{"@type":"BreadcrumbList","@id":"https:\/\/www.webdo.tn\/fr\/actualite\/national\/tunisie-apres-l-appel-de-saied-200-bus-seront-repares\/213182\/#breadcrumb","itemListElement":[{"@type":"ListItem","position":1,"name":"Accueil","item":"https:\/\/www.webdo.tn\/fr\/"},{"@type":"ListItem","position":2,"name":"Tunisie : Apr\u00e8s l\u2019appel de Saied, 200 bus seront r\u00e9par\u00e9s !"}]},{"@type":"WebSite","@id":"https:\/\/www.webdo.tn\/fr\/#website","url":"https:\/\/www.webdo.tn\/fr\/","name":"webdo","description":"Tunisie - News en Tunisie et \u00e0 l&#039;international sur Webdo.tn","publisher":{"@id":"https:\/\/www.webdo.tn\/fr\/#organization"},"potentialAction":[{"@type":"SearchAction","target":{"@type":"EntryPoint","urlTemplate":"https:\/\/www.webdo.tn\/fr\/?s={search_term_string}"},"query-input":{"@type":"PropertyValueSpecification","valueRequired":true,"valueName":"search_term_string"}}],"inLanguage":"fr-FR"},{"@type":"Organization","@id":"https:\/\/www.webdo.tn\/fr\/#organization","name":"Webdo","alternateName":"Webdo.tn","url":"https:\/\/www.webdo.tn\/fr\/","logo":{"@type":"ImageObject","inLanguage":"fr-FR","@id":"https:\/\/www.webdo.tn\/fr\/#\/schema\/logo\/image\/","url":"https:\/\/www.webdo.tn\/fr\/wp-content\/uploads\/2025\/06\/Webdo-Tunisie_168377.jpg","contentUrl":"https:\/\/www.webdo.tn\/fr\/wp-content\/uploads\/2025\/06\/Webdo-Tunisie_168377.jpg","width":301,"height":301,"caption":"Webdo"},"image":{"@id":"https:\/\/www.webdo.tn\/fr\/#\/schema\/logo\/image\/"},"sameAs":["https:\/\/www.facebook.com\/webdotn","https:\/\/x.com\/webdo_tn"],"description":"Webdo est un m\u00e9dia num\u00e9rique tunisien fond\u00e9 en 2010, sp\u00e9cialis\u00e9 dans l\u2019actualit\u00e9 nationale et internationale, l\u2019\u00e9conomie, la soci\u00e9t\u00e9 et les analyses politiques. Le site s\u2019adresse \u00e0 un large public francophone et couvre l\u2019information tunisienne en temps r\u00e9el.","email":"redac@webdo.tn","legalName":"YNJ SARL","foundingDate":"2010-09-06","numberOfEmployees":{"@type":"QuantitativeValue","minValue":"11","maxValue":"50"}},{"@type":"Person","@id":"https:\/\/www.webdo.tn\/fr\/#\/schema\/person\/f35b42a42c5e2511bbd282959d6385cc","name":"CL","image":{"@type":"ImageObject","inLanguage":"fr-FR","@id":"https:\/\/secure.gravatar.com\/avatar\/1447a49909b67aa657c488aec6512e1dd6143a480c1ecfee9b5b5cd74eb3b59e?s=96&d=mm&r=g","url":"https:\/\/secure.gravatar.com\/avatar\/1447a49909b67aa657c488aec6512e1dd6143a480c1ecfee9b5b5cd74eb3b59e?s=96&d=mm&r=g","contentUrl":"https:\/\/secure.gravatar.com\/avatar\/1447a49909b67aa657c488aec6512e1dd6143a480c1ecfee9b5b5cd74eb3b59e?s=96&d=mm&r=g","caption":"CL"},"url":"https:\/\/www.webdo.tn\/fr\/actualite\/author\/cl\/"}]}},"_links":{"self":[{"href":"https:\/\/www.webdo.tn\/fr\/wp-json\/wp\/v2\/posts\/213182","targetHints":{"allow":["GET"]}}],"collection":[{"href":"https:\/\/www.webdo.tn\/fr\/wp-json\/wp\/v2\/posts"}],"about":[{"href":"https:\/\/www.webdo.tn\/fr\/wp-json\/wp\/v2\/types\/post"}],"author":[{"embeddable":true,"href":"https:\/\/www.webdo.tn\/fr\/wp-json\/wp\/v2\/users\/3175"}],"replies":[{"embeddable":true,"href":"https:\/\/www.webdo.tn\/fr\/wp-json\/wp\/v2\/comments?post=213182"}],"version-history":[{"count":0,"href":"https:\/\/www.webdo.tn\/fr\/wp-json\/wp\/v2\/posts\/213182\/revisions"}],"wp:featuredmedia":[{"embeddable":true,"href":"https:\/\/www.webdo.tn\/fr\/wp-json\/wp\/v2\/media\/247707"}],"wp:attachment":[{"href":"https:\/\/www.webdo.tn\/fr\/wp-json\/wp\/v2\/media?parent=213182"}],"wp:term":[{"taxonomy":"category","embeddable":true,"href":"https:\/\/www.webdo.tn\/fr\/wp-json\/wp\/v2\/categories?post=213182"},{"taxonomy":"post_tag","embeddable":true,"href":"https:\/\/www.webdo.tn\/fr\/wp-json\/wp\/v2\/tags?post=213182"}],"curies":[{"name":"wp","href":"https:\/\/api.w.org\/{rel}","templated":true}]}}