{"id":213171,"date":"2024-03-25T13:35:00","date_gmt":"2024-03-25T13:35:00","guid":{"rendered":"https:\/\/www.webdo.tn\/fr\/blog\/tunisie-sonia-dahmani-de-nouveau-devant-la-justice\/213171\/"},"modified":"2025-05-20T22:53:27","modified_gmt":"2025-05-20T22:53:27","slug":"tunisie-sonia-dahmani-de-nouveau-devant-la-justice","status":"publish","type":"post","link":"https:\/\/www.webdo.tn\/fr\/actualite\/national\/tunisie-sonia-dahmani-de-nouveau-devant-la-justice\/213171\/","title":{"rendered":"Tunisie : Sonia Dahmani, de nouveau, devant la justice"},"content":{"rendered":"<p>L\u2019avocate et chroniqueuse Sonia Dahmani va comparaitre devant le juge d&rsquo;instruction du tribunal de premi\u00e8re instance de Tunis pour des actes r\u00e9pr\u00e9hensibles par la loi.<\/p>\n<p>\t\t\t\t\t\t\t\t\tC\u2019est le procureur g\u00e9n\u00e9ral pr\u00e8s la Cour d&rsquo;appel de Tunis qui a notifi\u00e9 le pr\u00e9sident de l&rsquo;Ordre des avocats de Tunis de cette d\u00e9cision.\u00a0<\/p>\n<p>Il a fait part des poursuites p\u00e9nales entam\u00e9es \u00e0 l&rsquo;encontre de l&rsquo;avocate en question.\u00a0<\/p>\n<p>La nature des infractions n\u2019a pas \u00e9t\u00e9 encore d\u00e9voil\u00e9e, mais Sonia Dahmani fait d\u00e9j\u00e0 face \u00e0 des poursuites judiciaires.\u00a0<\/p>\n<p>En janvier dernier, Dahmani avait \u00e9t\u00e9 maintenue en \u00e9tat de libert\u00e9 suite \u00e0 son audition par le juge d\u2019instruction du tribunal de premi\u00e8re instance de Tunis.\u00a0<\/p>\n<p>Sa comparution entre dans le cadre de d\u00e9clarations sur l&rsquo;\u00e9tat des prisons tunisiennes. Elle est poursuivie conform\u00e9ment aux dispositions du d\u00e9cret 54 pour des propos tenus \u00e0 l&rsquo;antenne et pour \u00ab\u00a0diffusion de fausses nouvelles et de fausses informations dans le but de nuire \u00e0 la s\u00e9curit\u00e9 publique et de diffamer et d&rsquo;inciter autrui\u00a0\u00bb.<\/p>\n","protected":false},"excerpt":{"rendered":"<p>C\u2019est le procureur g\u00e9n\u00e9ral pr\u00e8s la Cour d&rsquo;appel de Tunis qui a notifi\u00e9 le pr\u00e9sident de l&rsquo;Ordre des avocats de Tunis de cette d\u00e9cision.<\/p>\n","protected":false},"author":3175,"featured_media":290389,"comment_status":"open","ping_status":"closed","sticky":false,"template":"","format":"standard","meta":{"footnotes":""},"categories":[44],"tags":[2619,3313,2608],"class_list":["post-213171","post","type-post","status-publish","format-standard","has-post-thumbnail","hentry","category-national","tag-justice","tag-sonia-dahmani","tag-tunisie"],"yoast_head":"<!-- This site is optimized with the Yoast SEO Premium plugin v27.4 (Yoast SEO v27.4) - https:\/\/yoast.com\/product\/yoast-seo-premium-wordpress\/ -->\n<title>Tunisie : Sonia Dahmani, de nouveau, devant la justice<\/title>\n<meta name=\"description\" content=\"C\u2019est le procureur g\u00e9n\u00e9ral pr\u00e8s la Cour d&#039;appel de Tunis qui a notifi\u00e9 le pr\u00e9sident de l&#039;Ordre des avocats de Tunis de cette d\u00e9cision.\" \/>\n<link rel=\"canonical\" href=\"https:\/\/www.webdo.tn\/fr\/actualite\/national\/tunisie-sonia-dahmani-de-nouveau-devant-la-justice\/213171\/\" \/>\n<meta property=\"og:locale\" content=\"fr_FR\" \/>\n<meta property=\"og:type\" content=\"article\" \/>\n<meta property=\"og:title\" content=\"Tunisie : Sonia Dahmani, de nouveau, devant la justice\" \/>\n<meta property=\"og:description\" content=\"C\u2019est le procureur g\u00e9n\u00e9ral pr\u00e8s la Cour d&#039;appel de Tunis qui a notifi\u00e9 le pr\u00e9sident de l&#039;Ordre des avocats de Tunis de cette d\u00e9cision.\" \/>\n<meta property=\"og:url\" content=\"https:\/\/www.webdo.tn\/fr\/actualite\/national\/tunisie-sonia-dahmani-de-nouveau-devant-la-justice\/213171\/\" \/>\n<meta property=\"og:site_name\" content=\"webdo\" \/>\n<meta property=\"article:publisher\" content=\"https:\/\/www.facebook.com\/webdotn\" \/>\n<meta property=\"article:published_time\" content=\"2024-03-25T13:35:00+00:00\" \/>\n<meta property=\"article:modified_time\" content=\"2025-05-20T22:53:27+00:00\" \/>\n<meta property=\"og:image\" content=\"https:\/\/www.webdo.tn\/fr\/wp-content\/uploads\/2024\/03\/6c38ba0f229ccf902c80ea8e258c5468.jpg\" \/>\n\t<meta property=\"og:image:width\" content=\"750\" \/>\n\t<meta property=\"og:image:height\" content=\"400\" \/>\n\t<meta property=\"og:image:type\" content=\"image\/jpeg\" \/>\n<meta name=\"author\" content=\"CL\" \/>\n<meta name=\"twitter:card\" content=\"summary_large_image\" \/>\n<meta name=\"twitter:creator\" content=\"@webdo_tn\" \/>\n<meta name=\"twitter:site\" content=\"@webdo_tn\" \/>\n<meta name=\"twitter:label1\" content=\"\u00c9crit par\" \/>\n\t<meta name=\"twitter:data1\" content=\"CL\" \/>\n\t<meta name=\"twitter:label2\" content=\"Dur\u00e9e de lecture estim\u00e9e\" \/>\n\t<meta name=\"twitter:data2\" content=\"1 minute\" \/>\n<script type=\"application\/ld+json\" class=\"yoast-schema-graph\">{\"@context\":\"https:\\\/\\\/schema.org\",\"@graph\":[{\"@type\":\"NewsArticle\",\"@id\":\"https:\\\/\\\/www.webdo.tn\\\/fr\\\/actualite\\\/national\\\/tunisie-sonia-dahmani-de-nouveau-devant-la-justice\\\/213171\\\/#article\",\"isPartOf\":{\"@id\":\"https:\\\/\\\/www.webdo.tn\\\/fr\\\/actualite\\\/national\\\/tunisie-sonia-dahmani-de-nouveau-devant-la-justice\\\/213171\\\/\"},\"author\":{\"name\":\"CL\",\"@id\":\"https:\\\/\\\/www.webdo.tn\\\/fr\\\/#\\\/schema\\\/person\\\/f35b42a42c5e2511bbd282959d6385cc\"},\"headline\":\"Tunisie : Sonia Dahmani, de nouveau, devant la justice\",\"datePublished\":\"2024-03-25T13:35:00+00:00\",\"dateModified\":\"2025-05-20T22:53:27+00:00\",\"mainEntityOfPage\":{\"@id\":\"https:\\\/\\\/www.webdo.tn\\\/fr\\\/actualite\\\/national\\\/tunisie-sonia-dahmani-de-nouveau-devant-la-justice\\\/213171\\\/\"},\"wordCount\":193,\"commentCount\":0,\"publisher\":{\"@id\":\"https:\\\/\\\/www.webdo.tn\\\/fr\\\/#organization\"},\"image\":{\"@id\":\"https:\\\/\\\/www.webdo.tn\\\/fr\\\/actualite\\\/national\\\/tunisie-sonia-dahmani-de-nouveau-devant-la-justice\\\/213171\\\/#primaryimage\"},\"thumbnailUrl\":\"https:\\\/\\\/www.webdo.tn\\\/fr\\\/wp-content\\\/uploads\\\/2024\\\/03\\\/6c38ba0f229ccf902c80ea8e258c5468.jpg\",\"keywords\":[\"justice\",\"sonia dahmani\",\"Tunisie\"],\"articleSection\":[\"National\"],\"inLanguage\":\"fr-FR\"},{\"@type\":\"WebPage\",\"@id\":\"https:\\\/\\\/www.webdo.tn\\\/fr\\\/actualite\\\/national\\\/tunisie-sonia-dahmani-de-nouveau-devant-la-justice\\\/213171\\\/\",\"url\":\"https:\\\/\\\/www.webdo.tn\\\/fr\\\/actualite\\\/national\\\/tunisie-sonia-dahmani-de-nouveau-devant-la-justice\\\/213171\\\/\",\"name\":\"Tunisie : Sonia Dahmani, de nouveau, devant la justice\",\"isPartOf\":{\"@id\":\"https:\\\/\\\/www.webdo.tn\\\/fr\\\/#website\"},\"primaryImageOfPage\":{\"@id\":\"https:\\\/\\\/www.webdo.tn\\\/fr\\\/actualite\\\/national\\\/tunisie-sonia-dahmani-de-nouveau-devant-la-justice\\\/213171\\\/#primaryimage\"},\"image\":{\"@id\":\"https:\\\/\\\/www.webdo.tn\\\/fr\\\/actualite\\\/national\\\/tunisie-sonia-dahmani-de-nouveau-devant-la-justice\\\/213171\\\/#primaryimage\"},\"thumbnailUrl\":\"https:\\\/\\\/www.webdo.tn\\\/fr\\\/wp-content\\\/uploads\\\/2024\\\/03\\\/6c38ba0f229ccf902c80ea8e258c5468.jpg\",\"datePublished\":\"2024-03-25T13:35:00+00:00\",\"dateModified\":\"2025-05-20T22:53:27+00:00\",\"description\":\"C\u2019est le procureur g\u00e9n\u00e9ral pr\u00e8s la Cour d'appel de Tunis qui a notifi\u00e9 le pr\u00e9sident de l'Ordre des avocats de Tunis de cette d\u00e9cision.\",\"breadcrumb\":{\"@id\":\"https:\\\/\\\/www.webdo.tn\\\/fr\\\/actualite\\\/national\\\/tunisie-sonia-dahmani-de-nouveau-devant-la-justice\\\/213171\\\/#breadcrumb\"},\"inLanguage\":\"fr-FR\",\"potentialAction\":[{\"@type\":\"ReadAction\",\"target\":[\"https:\\\/\\\/www.webdo.tn\\\/fr\\\/actualite\\\/national\\\/tunisie-sonia-dahmani-de-nouveau-devant-la-justice\\\/213171\\\/\"]}]},{\"@type\":\"ImageObject\",\"inLanguage\":\"fr-FR\",\"@id\":\"https:\\\/\\\/www.webdo.tn\\\/fr\\\/actualite\\\/national\\\/tunisie-sonia-dahmani-de-nouveau-devant-la-justice\\\/213171\\\/#primaryimage\",\"url\":\"https:\\\/\\\/www.webdo.tn\\\/fr\\\/wp-content\\\/uploads\\\/2024\\\/03\\\/6c38ba0f229ccf902c80ea8e258c5468.jpg\",\"contentUrl\":\"https:\\\/\\\/www.webdo.tn\\\/fr\\\/wp-content\\\/uploads\\\/2024\\\/03\\\/6c38ba0f229ccf902c80ea8e258c5468.jpg\",\"width\":750,\"height\":400,\"caption\":\"Tunisie : Sonia Dahmani, de nouveau, devant la justice\"},{\"@type\":\"BreadcrumbList\",\"@id\":\"https:\\\/\\\/www.webdo.tn\\\/fr\\\/actualite\\\/national\\\/tunisie-sonia-dahmani-de-nouveau-devant-la-justice\\\/213171\\\/#breadcrumb\",\"itemListElement\":[{\"@type\":\"ListItem\",\"position\":1,\"name\":\"Accueil\",\"item\":\"https:\\\/\\\/www.webdo.tn\\\/fr\\\/\"},{\"@type\":\"ListItem\",\"position\":2,\"name\":\"Tunisie : Sonia Dahmani, de nouveau, devant la justice\"}]},{\"@type\":\"WebSite\",\"@id\":\"https:\\\/\\\/www.webdo.tn\\\/fr\\\/#website\",\"url\":\"https:\\\/\\\/www.webdo.tn\\\/fr\\\/\",\"name\":\"webdo\",\"description\":\"Tunisie - News en Tunisie et \u00e0 l&#039;international sur Webdo.tn\",\"publisher\":{\"@id\":\"https:\\\/\\\/www.webdo.tn\\\/fr\\\/#organization\"},\"potentialAction\":[{\"@type\":\"SearchAction\",\"target\":{\"@type\":\"EntryPoint\",\"urlTemplate\":\"https:\\\/\\\/www.webdo.tn\\\/fr\\\/?s={search_term_string}\"},\"query-input\":{\"@type\":\"PropertyValueSpecification\",\"valueRequired\":true,\"valueName\":\"search_term_string\"}}],\"inLanguage\":\"fr-FR\"},{\"@type\":\"Organization\",\"@id\":\"https:\\\/\\\/www.webdo.tn\\\/fr\\\/#organization\",\"name\":\"Webdo\",\"alternateName\":\"Webdo.tn\",\"url\":\"https:\\\/\\\/www.webdo.tn\\\/fr\\\/\",\"logo\":{\"@type\":\"ImageObject\",\"inLanguage\":\"fr-FR\",\"@id\":\"https:\\\/\\\/www.webdo.tn\\\/fr\\\/#\\\/schema\\\/logo\\\/image\\\/\",\"url\":\"https:\\\/\\\/www.webdo.tn\\\/fr\\\/wp-content\\\/uploads\\\/2025\\\/06\\\/Webdo-Tunisie_168377.jpg\",\"contentUrl\":\"https:\\\/\\\/www.webdo.tn\\\/fr\\\/wp-content\\\/uploads\\\/2025\\\/06\\\/Webdo-Tunisie_168377.jpg\",\"width\":301,\"height\":301,\"caption\":\"Webdo\"},\"image\":{\"@id\":\"https:\\\/\\\/www.webdo.tn\\\/fr\\\/#\\\/schema\\\/logo\\\/image\\\/\"},\"sameAs\":[\"https:\\\/\\\/www.facebook.com\\\/webdotn\",\"https:\\\/\\\/x.com\\\/webdo_tn\"],\"description\":\"Webdo est un m\u00e9dia num\u00e9rique tunisien fond\u00e9 en 2010, sp\u00e9cialis\u00e9 dans l\u2019actualit\u00e9 nationale et internationale, l\u2019\u00e9conomie, la soci\u00e9t\u00e9 et les analyses politiques. Le site s\u2019adresse \u00e0 un large public francophone et couvre l\u2019information tunisienne en temps r\u00e9el.\",\"email\":\"redac@webdo.tn\",\"legalName\":\"YNJ SARL\",\"foundingDate\":\"2010-09-06\",\"numberOfEmployees\":{\"@type\":\"QuantitativeValue\",\"minValue\":\"11\",\"maxValue\":\"50\"}},{\"@type\":\"Person\",\"@id\":\"https:\\\/\\\/www.webdo.tn\\\/fr\\\/#\\\/schema\\\/person\\\/f35b42a42c5e2511bbd282959d6385cc\",\"name\":\"CL\",\"image\":{\"@type\":\"ImageObject\",\"inLanguage\":\"fr-FR\",\"@id\":\"https:\\\/\\\/secure.gravatar.com\\\/avatar\\\/1447a49909b67aa657c488aec6512e1dd6143a480c1ecfee9b5b5cd74eb3b59e?s=96&d=mm&r=g\",\"url\":\"https:\\\/\\\/secure.gravatar.com\\\/avatar\\\/1447a49909b67aa657c488aec6512e1dd6143a480c1ecfee9b5b5cd74eb3b59e?s=96&d=mm&r=g\",\"contentUrl\":\"https:\\\/\\\/secure.gravatar.com\\\/avatar\\\/1447a49909b67aa657c488aec6512e1dd6143a480c1ecfee9b5b5cd74eb3b59e?s=96&d=mm&r=g\",\"caption\":\"CL\"},\"url\":\"https:\\\/\\\/www.webdo.tn\\\/fr\\\/actualite\\\/author\\\/cl\\\/\"}]}<\/script>\n<!-- \/ Yoast SEO Premium plugin. -->","yoast_head_json":{"title":"Tunisie : Sonia Dahmani, de nouveau, devant la justice","description":"C\u2019est le procureur g\u00e9n\u00e9ral pr\u00e8s la Cour d'appel de Tunis qui a notifi\u00e9 le pr\u00e9sident de l'Ordre des avocats de Tunis de cette d\u00e9cision.","canonical":"https:\/\/www.webdo.tn\/fr\/actualite\/national\/tunisie-sonia-dahmani-de-nouveau-devant-la-justice\/213171\/","og_locale":"fr_FR","og_type":"article","og_title":"Tunisie : Sonia Dahmani, de nouveau, devant la justice","og_description":"C\u2019est le procureur g\u00e9n\u00e9ral pr\u00e8s la Cour d'appel de Tunis qui a notifi\u00e9 le pr\u00e9sident de l'Ordre des avocats de Tunis de cette d\u00e9cision.","og_url":"https:\/\/www.webdo.tn\/fr\/actualite\/national\/tunisie-sonia-dahmani-de-nouveau-devant-la-justice\/213171\/","og_site_name":"webdo","article_publisher":"https:\/\/www.facebook.com\/webdotn","article_published_time":"2024-03-25T13:35:00+00:00","article_modified_time":"2025-05-20T22:53:27+00:00","og_image":[{"width":750,"height":400,"url":"https:\/\/www.webdo.tn\/fr\/wp-content\/uploads\/2024\/03\/6c38ba0f229ccf902c80ea8e258c5468.jpg","type":"image\/jpeg"}],"author":"CL","twitter_card":"summary_large_image","twitter_creator":"@webdo_tn","twitter_site":"@webdo_tn","twitter_misc":{"\u00c9crit par":"CL","Dur\u00e9e de lecture estim\u00e9e":"1 minute"},"schema":{"@context":"https:\/\/schema.org","@graph":[{"@type":"NewsArticle","@id":"https:\/\/www.webdo.tn\/fr\/actualite\/national\/tunisie-sonia-dahmani-de-nouveau-devant-la-justice\/213171\/#article","isPartOf":{"@id":"https:\/\/www.webdo.tn\/fr\/actualite\/national\/tunisie-sonia-dahmani-de-nouveau-devant-la-justice\/213171\/"},"author":{"name":"CL","@id":"https:\/\/www.webdo.tn\/fr\/#\/schema\/person\/f35b42a42c5e2511bbd282959d6385cc"},"headline":"Tunisie : Sonia Dahmani, de nouveau, devant la justice","datePublished":"2024-03-25T13:35:00+00:00","dateModified":"2025-05-20T22:53:27+00:00","mainEntityOfPage":{"@id":"https:\/\/www.webdo.tn\/fr\/actualite\/national\/tunisie-sonia-dahmani-de-nouveau-devant-la-justice\/213171\/"},"wordCount":193,"commentCount":0,"publisher":{"@id":"https:\/\/www.webdo.tn\/fr\/#organization"},"image":{"@id":"https:\/\/www.webdo.tn\/fr\/actualite\/national\/tunisie-sonia-dahmani-de-nouveau-devant-la-justice\/213171\/#primaryimage"},"thumbnailUrl":"https:\/\/www.webdo.tn\/fr\/wp-content\/uploads\/2024\/03\/6c38ba0f229ccf902c80ea8e258c5468.jpg","keywords":["justice","sonia dahmani","Tunisie"],"articleSection":["National"],"inLanguage":"fr-FR"},{"@type":"WebPage","@id":"https:\/\/www.webdo.tn\/fr\/actualite\/national\/tunisie-sonia-dahmani-de-nouveau-devant-la-justice\/213171\/","url":"https:\/\/www.webdo.tn\/fr\/actualite\/national\/tunisie-sonia-dahmani-de-nouveau-devant-la-justice\/213171\/","name":"Tunisie : Sonia Dahmani, de nouveau, devant la justice","isPartOf":{"@id":"https:\/\/www.webdo.tn\/fr\/#website"},"primaryImageOfPage":{"@id":"https:\/\/www.webdo.tn\/fr\/actualite\/national\/tunisie-sonia-dahmani-de-nouveau-devant-la-justice\/213171\/#primaryimage"},"image":{"@id":"https:\/\/www.webdo.tn\/fr\/actualite\/national\/tunisie-sonia-dahmani-de-nouveau-devant-la-justice\/213171\/#primaryimage"},"thumbnailUrl":"https:\/\/www.webdo.tn\/fr\/wp-content\/uploads\/2024\/03\/6c38ba0f229ccf902c80ea8e258c5468.jpg","datePublished":"2024-03-25T13:35:00+00:00","dateModified":"2025-05-20T22:53:27+00:00","description":"C\u2019est le procureur g\u00e9n\u00e9ral pr\u00e8s la Cour d'appel de Tunis qui a notifi\u00e9 le pr\u00e9sident de l'Ordre des avocats de Tunis de cette d\u00e9cision.","breadcrumb":{"@id":"https:\/\/www.webdo.tn\/fr\/actualite\/national\/tunisie-sonia-dahmani-de-nouveau-devant-la-justice\/213171\/#breadcrumb"},"inLanguage":"fr-FR","potentialAction":[{"@type":"ReadAction","target":["https:\/\/www.webdo.tn\/fr\/actualite\/national\/tunisie-sonia-dahmani-de-nouveau-devant-la-justice\/213171\/"]}]},{"@type":"ImageObject","inLanguage":"fr-FR","@id":"https:\/\/www.webdo.tn\/fr\/actualite\/national\/tunisie-sonia-dahmani-de-nouveau-devant-la-justice\/213171\/#primaryimage","url":"https:\/\/www.webdo.tn\/fr\/wp-content\/uploads\/2024\/03\/6c38ba0f229ccf902c80ea8e258c5468.jpg","contentUrl":"https:\/\/www.webdo.tn\/fr\/wp-content\/uploads\/2024\/03\/6c38ba0f229ccf902c80ea8e258c5468.jpg","width":750,"height":400,"caption":"Tunisie : Sonia Dahmani, de nouveau, devant la justice"},{"@type":"BreadcrumbList","@id":"https:\/\/www.webdo.tn\/fr\/actualite\/national\/tunisie-sonia-dahmani-de-nouveau-devant-la-justice\/213171\/#breadcrumb","itemListElement":[{"@type":"ListItem","position":1,"name":"Accueil","item":"https:\/\/www.webdo.tn\/fr\/"},{"@type":"ListItem","position":2,"name":"Tunisie : Sonia Dahmani, de nouveau, devant la justice"}]},{"@type":"WebSite","@id":"https:\/\/www.webdo.tn\/fr\/#website","url":"https:\/\/www.webdo.tn\/fr\/","name":"webdo","description":"Tunisie - News en Tunisie et \u00e0 l&#039;international sur Webdo.tn","publisher":{"@id":"https:\/\/www.webdo.tn\/fr\/#organization"},"potentialAction":[{"@type":"SearchAction","target":{"@type":"EntryPoint","urlTemplate":"https:\/\/www.webdo.tn\/fr\/?s={search_term_string}"},"query-input":{"@type":"PropertyValueSpecification","valueRequired":true,"valueName":"search_term_string"}}],"inLanguage":"fr-FR"},{"@type":"Organization","@id":"https:\/\/www.webdo.tn\/fr\/#organization","name":"Webdo","alternateName":"Webdo.tn","url":"https:\/\/www.webdo.tn\/fr\/","logo":{"@type":"ImageObject","inLanguage":"fr-FR","@id":"https:\/\/www.webdo.tn\/fr\/#\/schema\/logo\/image\/","url":"https:\/\/www.webdo.tn\/fr\/wp-content\/uploads\/2025\/06\/Webdo-Tunisie_168377.jpg","contentUrl":"https:\/\/www.webdo.tn\/fr\/wp-content\/uploads\/2025\/06\/Webdo-Tunisie_168377.jpg","width":301,"height":301,"caption":"Webdo"},"image":{"@id":"https:\/\/www.webdo.tn\/fr\/#\/schema\/logo\/image\/"},"sameAs":["https:\/\/www.facebook.com\/webdotn","https:\/\/x.com\/webdo_tn"],"description":"Webdo est un m\u00e9dia num\u00e9rique tunisien fond\u00e9 en 2010, sp\u00e9cialis\u00e9 dans l\u2019actualit\u00e9 nationale et internationale, l\u2019\u00e9conomie, la soci\u00e9t\u00e9 et les analyses politiques. Le site s\u2019adresse \u00e0 un large public francophone et couvre l\u2019information tunisienne en temps r\u00e9el.","email":"redac@webdo.tn","legalName":"YNJ SARL","foundingDate":"2010-09-06","numberOfEmployees":{"@type":"QuantitativeValue","minValue":"11","maxValue":"50"}},{"@type":"Person","@id":"https:\/\/www.webdo.tn\/fr\/#\/schema\/person\/f35b42a42c5e2511bbd282959d6385cc","name":"CL","image":{"@type":"ImageObject","inLanguage":"fr-FR","@id":"https:\/\/secure.gravatar.com\/avatar\/1447a49909b67aa657c488aec6512e1dd6143a480c1ecfee9b5b5cd74eb3b59e?s=96&d=mm&r=g","url":"https:\/\/secure.gravatar.com\/avatar\/1447a49909b67aa657c488aec6512e1dd6143a480c1ecfee9b5b5cd74eb3b59e?s=96&d=mm&r=g","contentUrl":"https:\/\/secure.gravatar.com\/avatar\/1447a49909b67aa657c488aec6512e1dd6143a480c1ecfee9b5b5cd74eb3b59e?s=96&d=mm&r=g","caption":"CL"},"url":"https:\/\/www.webdo.tn\/fr\/actualite\/author\/cl\/"}]}},"_links":{"self":[{"href":"https:\/\/www.webdo.tn\/fr\/wp-json\/wp\/v2\/posts\/213171","targetHints":{"allow":["GET"]}}],"collection":[{"href":"https:\/\/www.webdo.tn\/fr\/wp-json\/wp\/v2\/posts"}],"about":[{"href":"https:\/\/www.webdo.tn\/fr\/wp-json\/wp\/v2\/types\/post"}],"author":[{"embeddable":true,"href":"https:\/\/www.webdo.tn\/fr\/wp-json\/wp\/v2\/users\/3175"}],"replies":[{"embeddable":true,"href":"https:\/\/www.webdo.tn\/fr\/wp-json\/wp\/v2\/comments?post=213171"}],"version-history":[{"count":0,"href":"https:\/\/www.webdo.tn\/fr\/wp-json\/wp\/v2\/posts\/213171\/revisions"}],"wp:featuredmedia":[{"embeddable":true,"href":"https:\/\/www.webdo.tn\/fr\/wp-json\/wp\/v2\/media\/290389"}],"wp:attachment":[{"href":"https:\/\/www.webdo.tn\/fr\/wp-json\/wp\/v2\/media?parent=213171"}],"wp:term":[{"taxonomy":"category","embeddable":true,"href":"https:\/\/www.webdo.tn\/fr\/wp-json\/wp\/v2\/categories?post=213171"},{"taxonomy":"post_tag","embeddable":true,"href":"https:\/\/www.webdo.tn\/fr\/wp-json\/wp\/v2\/tags?post=213171"}],"curies":[{"name":"wp","href":"https:\/\/api.w.org\/{rel}","templated":true}]}}