{"id":213159,"date":"2024-03-25T08:33:00","date_gmt":"2024-03-25T08:33:00","guid":{"rendered":"https:\/\/www.webdo.tn\/fr\/blog\/portugal-renforcement-des-liaisons-aeriennes-avec-la-tunisie\/213159\/"},"modified":"2025-05-20T22:37:14","modified_gmt":"2025-05-20T22:37:14","slug":"portugal-renforcement-des-liaisons-aeriennes-avec-la-tunisie","status":"publish","type":"post","link":"https:\/\/www.webdo.tn\/fr\/actualite\/national\/portugal-renforcement-des-liaisons-aeriennes-avec-la-tunisie\/213159\/","title":{"rendered":"Portugal : Renforcement des liaisons a\u00e9riennes avec la Tunisie"},"content":{"rendered":"<p>Le voyagiste Egotravel renforcera son op\u00e9ration charter vers Djerba, en Tunisie, avec un autre vol hebdomadaire op\u00e9r\u00e9 par la TAP, au d\u00e9part de Lisbonne, le mercredi, entre le 5 juin et le 11 septembre.<\/p>\n<p>Avec ce renfort, l&rsquo;op\u00e9ration d&rsquo;Egotravel vers Djerba compte d\u00e9sormais trois d\u00e9parts de Lisbonne, deux mercredi et un jeudi, et deux d\u00e9parts de Porto, un mercredi et un jeudi.<\/p>\n<p>Cit\u00e9 par The Portugal News Daniel Gra\u00e7a, directeur commercial d&rsquo;Egotravel, affirme que \u00ab cette d\u00e9cision vise \u00e0 r\u00e9pondre aux besoins des agents de voyages nationaux, dans ce qui est une destination de choix pour les Portugais pour leurs vacances d&rsquo;\u00e9t\u00e9 \u00bb, et qu&rsquo;elle a g\u00e9n\u00e9r\u00e9 beaucoup de demande, principalement aux d\u00e9parts de Lisbonne.<\/p>\n<p>Par ailleurs, le voyagiste informe qu&rsquo;en raison de l&rsquo;augmentation des taxes gouvernementales en Tunisie d&rsquo;environ 5 euros, il r\u00e9percutera cette augmentation des frais d&rsquo;a\u00e9roport, de s\u00e9curit\u00e9 et de carburant pour ses forfaits \u00e0 destination, passant de 175 euros \u00e0 180 euros.<\/p>\n<p>Ces derniers mois, plusieurs compagnies internationales ont d\u00e9cid\u00e9 de renforcer leurs liaisons a\u00e9riennes avec la Tunisie. La compagnie a\u00e9rienne suisse Edelweiss Air avait propos\u00e9 deux vols par semaine, les jeudis et dimanches, entre l&rsquo;a\u00e9roport de Zurich et celui de Djerba-Zarzis.<\/p>\n<p>L\u2019\u00e9t\u00e9 dernier, la compagnie a\u00e9rienne russe Aeroflot a \u00e9galement repris officiellement ses vols vers la Tunisie.<\/p>\n<p>En 2023, le trafic a\u00e9rien des passagers via les a\u00e9roports tunisiens a progress\u00e9 de 21,9%, par rapport \u00e0 l&rsquo;ann\u00e9e 2022, atteignant ainsi un record, pour s\u2019\u00e9tablir \u00e0 8.813.040 \u00ab\u00a0mouvements passagers\u00a0\u00bb, selon les donn\u00e9es publi\u00e9es, samedi, par l\u2019Office.<\/p>\n","protected":false},"excerpt":{"rendered":"<p>Avec ce renfort, l&rsquo;op\u00e9ration d&rsquo;Egotravel vers Djerba compte d\u00e9sormais trois d\u00e9parts de Lisbonne, deux mercredi et un jeudi, et deux d\u00e9parts de Porto, un mercred&#8230;<\/p>\n","protected":false},"author":3175,"featured_media":247722,"comment_status":"open","ping_status":"closed","sticky":false,"template":"","format":"standard","meta":{"footnotes":""},"categories":[44],"tags":[4969,4502,2608,3603],"class_list":["post-213159","post","type-post","status-publish","format-standard","has-post-thumbnail","hentry","category-national","tag-portugal","tag-trafic-aerien","tag-tunisie","tag-vols"],"yoast_head":"<!-- This site is optimized with the Yoast SEO Premium plugin v27.5 (Yoast SEO v27.5) - https:\/\/yoast.com\/product\/yoast-seo-premium-wordpress\/ -->\n<title>Portugal : Renforcement des liaisons a\u00e9riennes avec la Tunisie<\/title>\n<meta name=\"description\" content=\"Avec ce renfort, l&#039;op\u00e9ration d&#039;Egotravel vers Djerba compte d\u00e9sormais trois d\u00e9parts de Lisbonne, deux mercredi et un jeudi, et deux d\u00e9parts de Porto, un mercred...\" \/>\n<link rel=\"canonical\" href=\"https:\/\/www.webdo.tn\/fr\/actualite\/national\/portugal-renforcement-des-liaisons-aeriennes-avec-la-tunisie\/213159\/\" \/>\n<meta property=\"og:locale\" content=\"fr_FR\" \/>\n<meta property=\"og:type\" content=\"article\" \/>\n<meta property=\"og:title\" content=\"Portugal : Renforcement des liaisons a\u00e9riennes avec la Tunisie\" \/>\n<meta property=\"og:description\" content=\"Avec ce renfort, l&#039;op\u00e9ration d&#039;Egotravel vers Djerba compte d\u00e9sormais trois d\u00e9parts de Lisbonne, deux mercredi et un jeudi, et deux d\u00e9parts de Porto, un mercred...\" \/>\n<meta property=\"og:url\" content=\"https:\/\/www.webdo.tn\/fr\/actualite\/national\/portugal-renforcement-des-liaisons-aeriennes-avec-la-tunisie\/213159\/\" \/>\n<meta property=\"og:site_name\" content=\"webdo\" \/>\n<meta property=\"article:publisher\" content=\"https:\/\/www.facebook.com\/webdotn\" \/>\n<meta property=\"article:published_time\" content=\"2024-03-25T08:33:00+00:00\" \/>\n<meta property=\"article:modified_time\" content=\"2025-05-20T22:37:14+00:00\" \/>\n<meta property=\"og:image\" content=\"https:\/\/www.webdo.tn\/fr\/wp-content\/uploads\/2024\/03\/d1668eda17494cf06b24db65d8da48ec.jpg\" \/>\n\t<meta property=\"og:image:width\" content=\"750\" \/>\n\t<meta property=\"og:image:height\" content=\"400\" \/>\n\t<meta property=\"og:image:type\" content=\"image\/jpeg\" \/>\n<meta name=\"author\" content=\"CL\" \/>\n<meta name=\"twitter:card\" content=\"summary_large_image\" \/>\n<meta name=\"twitter:creator\" content=\"@webdo_tn\" \/>\n<meta name=\"twitter:site\" content=\"@webdo_tn\" \/>\n<meta name=\"twitter:label1\" content=\"\u00c9crit par\" \/>\n\t<meta name=\"twitter:data1\" content=\"CL\" \/>\n\t<meta name=\"twitter:label2\" content=\"Dur\u00e9e de lecture estim\u00e9e\" \/>\n\t<meta name=\"twitter:data2\" content=\"1 minute\" \/>\n<script type=\"application\/ld+json\" class=\"yoast-schema-graph\">{\"@context\":\"https:\\\/\\\/schema.org\",\"@graph\":[{\"@type\":\"NewsArticle\",\"@id\":\"https:\\\/\\\/www.webdo.tn\\\/fr\\\/actualite\\\/national\\\/portugal-renforcement-des-liaisons-aeriennes-avec-la-tunisie\\\/213159\\\/#article\",\"isPartOf\":{\"@id\":\"https:\\\/\\\/www.webdo.tn\\\/fr\\\/actualite\\\/national\\\/portugal-renforcement-des-liaisons-aeriennes-avec-la-tunisie\\\/213159\\\/\"},\"author\":{\"name\":\"CL\",\"@id\":\"https:\\\/\\\/www.webdo.tn\\\/fr\\\/#\\\/schema\\\/person\\\/f35b42a42c5e2511bbd282959d6385cc\"},\"headline\":\"Portugal : Renforcement des liaisons a\u00e9riennes avec la Tunisie\",\"datePublished\":\"2024-03-25T08:33:00+00:00\",\"dateModified\":\"2025-05-20T22:37:14+00:00\",\"mainEntityOfPage\":{\"@id\":\"https:\\\/\\\/www.webdo.tn\\\/fr\\\/actualite\\\/national\\\/portugal-renforcement-des-liaisons-aeriennes-avec-la-tunisie\\\/213159\\\/\"},\"wordCount\":282,\"commentCount\":0,\"publisher\":{\"@id\":\"https:\\\/\\\/www.webdo.tn\\\/fr\\\/#organization\"},\"image\":{\"@id\":\"https:\\\/\\\/www.webdo.tn\\\/fr\\\/actualite\\\/national\\\/portugal-renforcement-des-liaisons-aeriennes-avec-la-tunisie\\\/213159\\\/#primaryimage\"},\"thumbnailUrl\":\"https:\\\/\\\/www.webdo.tn\\\/fr\\\/wp-content\\\/uploads\\\/2024\\\/03\\\/d1668eda17494cf06b24db65d8da48ec.jpg\",\"keywords\":[\"Portugal\",\"trafic a\u00e9rien\",\"Tunisie\",\"vols\"],\"articleSection\":[\"National\"],\"inLanguage\":\"fr-FR\"},{\"@type\":\"WebPage\",\"@id\":\"https:\\\/\\\/www.webdo.tn\\\/fr\\\/actualite\\\/national\\\/portugal-renforcement-des-liaisons-aeriennes-avec-la-tunisie\\\/213159\\\/\",\"url\":\"https:\\\/\\\/www.webdo.tn\\\/fr\\\/actualite\\\/national\\\/portugal-renforcement-des-liaisons-aeriennes-avec-la-tunisie\\\/213159\\\/\",\"name\":\"Portugal : Renforcement des liaisons a\u00e9riennes avec la Tunisie\",\"isPartOf\":{\"@id\":\"https:\\\/\\\/www.webdo.tn\\\/fr\\\/#website\"},\"primaryImageOfPage\":{\"@id\":\"https:\\\/\\\/www.webdo.tn\\\/fr\\\/actualite\\\/national\\\/portugal-renforcement-des-liaisons-aeriennes-avec-la-tunisie\\\/213159\\\/#primaryimage\"},\"image\":{\"@id\":\"https:\\\/\\\/www.webdo.tn\\\/fr\\\/actualite\\\/national\\\/portugal-renforcement-des-liaisons-aeriennes-avec-la-tunisie\\\/213159\\\/#primaryimage\"},\"thumbnailUrl\":\"https:\\\/\\\/www.webdo.tn\\\/fr\\\/wp-content\\\/uploads\\\/2024\\\/03\\\/d1668eda17494cf06b24db65d8da48ec.jpg\",\"datePublished\":\"2024-03-25T08:33:00+00:00\",\"dateModified\":\"2025-05-20T22:37:14+00:00\",\"description\":\"Avec ce renfort, l'op\u00e9ration d'Egotravel vers Djerba compte d\u00e9sormais trois d\u00e9parts de Lisbonne, deux mercredi et un jeudi, et deux d\u00e9parts de Porto, un mercred...\",\"breadcrumb\":{\"@id\":\"https:\\\/\\\/www.webdo.tn\\\/fr\\\/actualite\\\/national\\\/portugal-renforcement-des-liaisons-aeriennes-avec-la-tunisie\\\/213159\\\/#breadcrumb\"},\"inLanguage\":\"fr-FR\",\"potentialAction\":[{\"@type\":\"ReadAction\",\"target\":[\"https:\\\/\\\/www.webdo.tn\\\/fr\\\/actualite\\\/national\\\/portugal-renforcement-des-liaisons-aeriennes-avec-la-tunisie\\\/213159\\\/\"]}]},{\"@type\":\"ImageObject\",\"inLanguage\":\"fr-FR\",\"@id\":\"https:\\\/\\\/www.webdo.tn\\\/fr\\\/actualite\\\/national\\\/portugal-renforcement-des-liaisons-aeriennes-avec-la-tunisie\\\/213159\\\/#primaryimage\",\"url\":\"https:\\\/\\\/www.webdo.tn\\\/fr\\\/wp-content\\\/uploads\\\/2024\\\/03\\\/d1668eda17494cf06b24db65d8da48ec.jpg\",\"contentUrl\":\"https:\\\/\\\/www.webdo.tn\\\/fr\\\/wp-content\\\/uploads\\\/2024\\\/03\\\/d1668eda17494cf06b24db65d8da48ec.jpg\",\"width\":750,\"height\":400,\"caption\":\"Portugal : Renforcement des liaisons a\u00e9riennes avec la Tunisie\"},{\"@type\":\"BreadcrumbList\",\"@id\":\"https:\\\/\\\/www.webdo.tn\\\/fr\\\/actualite\\\/national\\\/portugal-renforcement-des-liaisons-aeriennes-avec-la-tunisie\\\/213159\\\/#breadcrumb\",\"itemListElement\":[{\"@type\":\"ListItem\",\"position\":1,\"name\":\"Accueil\",\"item\":\"https:\\\/\\\/www.webdo.tn\\\/fr\\\/\"},{\"@type\":\"ListItem\",\"position\":2,\"name\":\"Portugal : Renforcement des liaisons a\u00e9riennes avec la Tunisie\"}]},{\"@type\":\"WebSite\",\"@id\":\"https:\\\/\\\/www.webdo.tn\\\/fr\\\/#website\",\"url\":\"https:\\\/\\\/www.webdo.tn\\\/fr\\\/\",\"name\":\"webdo\",\"description\":\"Tunisie - News en Tunisie et \u00e0 l&#039;international sur Webdo.tn\",\"publisher\":{\"@id\":\"https:\\\/\\\/www.webdo.tn\\\/fr\\\/#organization\"},\"potentialAction\":[{\"@type\":\"SearchAction\",\"target\":{\"@type\":\"EntryPoint\",\"urlTemplate\":\"https:\\\/\\\/www.webdo.tn\\\/fr\\\/?s={search_term_string}\"},\"query-input\":{\"@type\":\"PropertyValueSpecification\",\"valueRequired\":true,\"valueName\":\"search_term_string\"}}],\"inLanguage\":\"fr-FR\"},{\"@type\":\"Organization\",\"@id\":\"https:\\\/\\\/www.webdo.tn\\\/fr\\\/#organization\",\"name\":\"Webdo\",\"alternateName\":\"Webdo.tn\",\"url\":\"https:\\\/\\\/www.webdo.tn\\\/fr\\\/\",\"logo\":{\"@type\":\"ImageObject\",\"inLanguage\":\"fr-FR\",\"@id\":\"https:\\\/\\\/www.webdo.tn\\\/fr\\\/#\\\/schema\\\/logo\\\/image\\\/\",\"url\":\"https:\\\/\\\/www.webdo.tn\\\/fr\\\/wp-content\\\/uploads\\\/2025\\\/06\\\/Webdo-Tunisie_168377.jpg\",\"contentUrl\":\"https:\\\/\\\/www.webdo.tn\\\/fr\\\/wp-content\\\/uploads\\\/2025\\\/06\\\/Webdo-Tunisie_168377.jpg\",\"width\":301,\"height\":301,\"caption\":\"Webdo\"},\"image\":{\"@id\":\"https:\\\/\\\/www.webdo.tn\\\/fr\\\/#\\\/schema\\\/logo\\\/image\\\/\"},\"sameAs\":[\"https:\\\/\\\/www.facebook.com\\\/webdotn\",\"https:\\\/\\\/x.com\\\/webdo_tn\"],\"description\":\"Webdo est un m\u00e9dia num\u00e9rique tunisien fond\u00e9 en 2010, sp\u00e9cialis\u00e9 dans l\u2019actualit\u00e9 nationale et internationale, l\u2019\u00e9conomie, la soci\u00e9t\u00e9 et les analyses politiques. Le site s\u2019adresse \u00e0 un large public francophone et couvre l\u2019information tunisienne en temps r\u00e9el.\",\"email\":\"redac@webdo.tn\",\"legalName\":\"YNJ SARL\",\"foundingDate\":\"2010-09-06\",\"numberOfEmployees\":{\"@type\":\"QuantitativeValue\",\"minValue\":\"11\",\"maxValue\":\"50\"}},{\"@type\":\"Person\",\"@id\":\"https:\\\/\\\/www.webdo.tn\\\/fr\\\/#\\\/schema\\\/person\\\/f35b42a42c5e2511bbd282959d6385cc\",\"name\":\"CL\",\"image\":{\"@type\":\"ImageObject\",\"inLanguage\":\"fr-FR\",\"@id\":\"https:\\\/\\\/secure.gravatar.com\\\/avatar\\\/1447a49909b67aa657c488aec6512e1dd6143a480c1ecfee9b5b5cd74eb3b59e?s=96&d=mm&r=g\",\"url\":\"https:\\\/\\\/secure.gravatar.com\\\/avatar\\\/1447a49909b67aa657c488aec6512e1dd6143a480c1ecfee9b5b5cd74eb3b59e?s=96&d=mm&r=g\",\"contentUrl\":\"https:\\\/\\\/secure.gravatar.com\\\/avatar\\\/1447a49909b67aa657c488aec6512e1dd6143a480c1ecfee9b5b5cd74eb3b59e?s=96&d=mm&r=g\",\"caption\":\"CL\"},\"url\":\"https:\\\/\\\/www.webdo.tn\\\/fr\\\/actualite\\\/author\\\/cl\\\/\"}]}<\/script>\n<!-- \/ Yoast SEO Premium plugin. -->","yoast_head_json":{"title":"Portugal : Renforcement des liaisons a\u00e9riennes avec la Tunisie","description":"Avec ce renfort, l'op\u00e9ration d'Egotravel vers Djerba compte d\u00e9sormais trois d\u00e9parts de Lisbonne, deux mercredi et un jeudi, et deux d\u00e9parts de Porto, un mercred...","canonical":"https:\/\/www.webdo.tn\/fr\/actualite\/national\/portugal-renforcement-des-liaisons-aeriennes-avec-la-tunisie\/213159\/","og_locale":"fr_FR","og_type":"article","og_title":"Portugal : Renforcement des liaisons a\u00e9riennes avec la Tunisie","og_description":"Avec ce renfort, l'op\u00e9ration d'Egotravel vers Djerba compte d\u00e9sormais trois d\u00e9parts de Lisbonne, deux mercredi et un jeudi, et deux d\u00e9parts de Porto, un mercred...","og_url":"https:\/\/www.webdo.tn\/fr\/actualite\/national\/portugal-renforcement-des-liaisons-aeriennes-avec-la-tunisie\/213159\/","og_site_name":"webdo","article_publisher":"https:\/\/www.facebook.com\/webdotn","article_published_time":"2024-03-25T08:33:00+00:00","article_modified_time":"2025-05-20T22:37:14+00:00","og_image":[{"width":750,"height":400,"url":"https:\/\/www.webdo.tn\/fr\/wp-content\/uploads\/2024\/03\/d1668eda17494cf06b24db65d8da48ec.jpg","type":"image\/jpeg"}],"author":"CL","twitter_card":"summary_large_image","twitter_creator":"@webdo_tn","twitter_site":"@webdo_tn","twitter_misc":{"\u00c9crit par":"CL","Dur\u00e9e de lecture estim\u00e9e":"1 minute"},"schema":{"@context":"https:\/\/schema.org","@graph":[{"@type":"NewsArticle","@id":"https:\/\/www.webdo.tn\/fr\/actualite\/national\/portugal-renforcement-des-liaisons-aeriennes-avec-la-tunisie\/213159\/#article","isPartOf":{"@id":"https:\/\/www.webdo.tn\/fr\/actualite\/national\/portugal-renforcement-des-liaisons-aeriennes-avec-la-tunisie\/213159\/"},"author":{"name":"CL","@id":"https:\/\/www.webdo.tn\/fr\/#\/schema\/person\/f35b42a42c5e2511bbd282959d6385cc"},"headline":"Portugal : Renforcement des liaisons a\u00e9riennes avec la Tunisie","datePublished":"2024-03-25T08:33:00+00:00","dateModified":"2025-05-20T22:37:14+00:00","mainEntityOfPage":{"@id":"https:\/\/www.webdo.tn\/fr\/actualite\/national\/portugal-renforcement-des-liaisons-aeriennes-avec-la-tunisie\/213159\/"},"wordCount":282,"commentCount":0,"publisher":{"@id":"https:\/\/www.webdo.tn\/fr\/#organization"},"image":{"@id":"https:\/\/www.webdo.tn\/fr\/actualite\/national\/portugal-renforcement-des-liaisons-aeriennes-avec-la-tunisie\/213159\/#primaryimage"},"thumbnailUrl":"https:\/\/www.webdo.tn\/fr\/wp-content\/uploads\/2024\/03\/d1668eda17494cf06b24db65d8da48ec.jpg","keywords":["Portugal","trafic a\u00e9rien","Tunisie","vols"],"articleSection":["National"],"inLanguage":"fr-FR"},{"@type":"WebPage","@id":"https:\/\/www.webdo.tn\/fr\/actualite\/national\/portugal-renforcement-des-liaisons-aeriennes-avec-la-tunisie\/213159\/","url":"https:\/\/www.webdo.tn\/fr\/actualite\/national\/portugal-renforcement-des-liaisons-aeriennes-avec-la-tunisie\/213159\/","name":"Portugal : Renforcement des liaisons a\u00e9riennes avec la Tunisie","isPartOf":{"@id":"https:\/\/www.webdo.tn\/fr\/#website"},"primaryImageOfPage":{"@id":"https:\/\/www.webdo.tn\/fr\/actualite\/national\/portugal-renforcement-des-liaisons-aeriennes-avec-la-tunisie\/213159\/#primaryimage"},"image":{"@id":"https:\/\/www.webdo.tn\/fr\/actualite\/national\/portugal-renforcement-des-liaisons-aeriennes-avec-la-tunisie\/213159\/#primaryimage"},"thumbnailUrl":"https:\/\/www.webdo.tn\/fr\/wp-content\/uploads\/2024\/03\/d1668eda17494cf06b24db65d8da48ec.jpg","datePublished":"2024-03-25T08:33:00+00:00","dateModified":"2025-05-20T22:37:14+00:00","description":"Avec ce renfort, l'op\u00e9ration d'Egotravel vers Djerba compte d\u00e9sormais trois d\u00e9parts de Lisbonne, deux mercredi et un jeudi, et deux d\u00e9parts de Porto, un mercred...","breadcrumb":{"@id":"https:\/\/www.webdo.tn\/fr\/actualite\/national\/portugal-renforcement-des-liaisons-aeriennes-avec-la-tunisie\/213159\/#breadcrumb"},"inLanguage":"fr-FR","potentialAction":[{"@type":"ReadAction","target":["https:\/\/www.webdo.tn\/fr\/actualite\/national\/portugal-renforcement-des-liaisons-aeriennes-avec-la-tunisie\/213159\/"]}]},{"@type":"ImageObject","inLanguage":"fr-FR","@id":"https:\/\/www.webdo.tn\/fr\/actualite\/national\/portugal-renforcement-des-liaisons-aeriennes-avec-la-tunisie\/213159\/#primaryimage","url":"https:\/\/www.webdo.tn\/fr\/wp-content\/uploads\/2024\/03\/d1668eda17494cf06b24db65d8da48ec.jpg","contentUrl":"https:\/\/www.webdo.tn\/fr\/wp-content\/uploads\/2024\/03\/d1668eda17494cf06b24db65d8da48ec.jpg","width":750,"height":400,"caption":"Portugal : Renforcement des liaisons a\u00e9riennes avec la Tunisie"},{"@type":"BreadcrumbList","@id":"https:\/\/www.webdo.tn\/fr\/actualite\/national\/portugal-renforcement-des-liaisons-aeriennes-avec-la-tunisie\/213159\/#breadcrumb","itemListElement":[{"@type":"ListItem","position":1,"name":"Accueil","item":"https:\/\/www.webdo.tn\/fr\/"},{"@type":"ListItem","position":2,"name":"Portugal : Renforcement des liaisons a\u00e9riennes avec la Tunisie"}]},{"@type":"WebSite","@id":"https:\/\/www.webdo.tn\/fr\/#website","url":"https:\/\/www.webdo.tn\/fr\/","name":"webdo","description":"Tunisie - News en Tunisie et \u00e0 l&#039;international sur Webdo.tn","publisher":{"@id":"https:\/\/www.webdo.tn\/fr\/#organization"},"potentialAction":[{"@type":"SearchAction","target":{"@type":"EntryPoint","urlTemplate":"https:\/\/www.webdo.tn\/fr\/?s={search_term_string}"},"query-input":{"@type":"PropertyValueSpecification","valueRequired":true,"valueName":"search_term_string"}}],"inLanguage":"fr-FR"},{"@type":"Organization","@id":"https:\/\/www.webdo.tn\/fr\/#organization","name":"Webdo","alternateName":"Webdo.tn","url":"https:\/\/www.webdo.tn\/fr\/","logo":{"@type":"ImageObject","inLanguage":"fr-FR","@id":"https:\/\/www.webdo.tn\/fr\/#\/schema\/logo\/image\/","url":"https:\/\/www.webdo.tn\/fr\/wp-content\/uploads\/2025\/06\/Webdo-Tunisie_168377.jpg","contentUrl":"https:\/\/www.webdo.tn\/fr\/wp-content\/uploads\/2025\/06\/Webdo-Tunisie_168377.jpg","width":301,"height":301,"caption":"Webdo"},"image":{"@id":"https:\/\/www.webdo.tn\/fr\/#\/schema\/logo\/image\/"},"sameAs":["https:\/\/www.facebook.com\/webdotn","https:\/\/x.com\/webdo_tn"],"description":"Webdo est un m\u00e9dia num\u00e9rique tunisien fond\u00e9 en 2010, sp\u00e9cialis\u00e9 dans l\u2019actualit\u00e9 nationale et internationale, l\u2019\u00e9conomie, la soci\u00e9t\u00e9 et les analyses politiques. Le site s\u2019adresse \u00e0 un large public francophone et couvre l\u2019information tunisienne en temps r\u00e9el.","email":"redac@webdo.tn","legalName":"YNJ SARL","foundingDate":"2010-09-06","numberOfEmployees":{"@type":"QuantitativeValue","minValue":"11","maxValue":"50"}},{"@type":"Person","@id":"https:\/\/www.webdo.tn\/fr\/#\/schema\/person\/f35b42a42c5e2511bbd282959d6385cc","name":"CL","image":{"@type":"ImageObject","inLanguage":"fr-FR","@id":"https:\/\/secure.gravatar.com\/avatar\/1447a49909b67aa657c488aec6512e1dd6143a480c1ecfee9b5b5cd74eb3b59e?s=96&d=mm&r=g","url":"https:\/\/secure.gravatar.com\/avatar\/1447a49909b67aa657c488aec6512e1dd6143a480c1ecfee9b5b5cd74eb3b59e?s=96&d=mm&r=g","contentUrl":"https:\/\/secure.gravatar.com\/avatar\/1447a49909b67aa657c488aec6512e1dd6143a480c1ecfee9b5b5cd74eb3b59e?s=96&d=mm&r=g","caption":"CL"},"url":"https:\/\/www.webdo.tn\/fr\/actualite\/author\/cl\/"}]}},"_links":{"self":[{"href":"https:\/\/www.webdo.tn\/fr\/wp-json\/wp\/v2\/posts\/213159","targetHints":{"allow":["GET"]}}],"collection":[{"href":"https:\/\/www.webdo.tn\/fr\/wp-json\/wp\/v2\/posts"}],"about":[{"href":"https:\/\/www.webdo.tn\/fr\/wp-json\/wp\/v2\/types\/post"}],"author":[{"embeddable":true,"href":"https:\/\/www.webdo.tn\/fr\/wp-json\/wp\/v2\/users\/3175"}],"replies":[{"embeddable":true,"href":"https:\/\/www.webdo.tn\/fr\/wp-json\/wp\/v2\/comments?post=213159"}],"version-history":[{"count":0,"href":"https:\/\/www.webdo.tn\/fr\/wp-json\/wp\/v2\/posts\/213159\/revisions"}],"wp:featuredmedia":[{"embeddable":true,"href":"https:\/\/www.webdo.tn\/fr\/wp-json\/wp\/v2\/media\/247722"}],"wp:attachment":[{"href":"https:\/\/www.webdo.tn\/fr\/wp-json\/wp\/v2\/media?parent=213159"}],"wp:term":[{"taxonomy":"category","embeddable":true,"href":"https:\/\/www.webdo.tn\/fr\/wp-json\/wp\/v2\/categories?post=213159"},{"taxonomy":"post_tag","embeddable":true,"href":"https:\/\/www.webdo.tn\/fr\/wp-json\/wp\/v2\/tags?post=213159"}],"curies":[{"name":"wp","href":"https:\/\/api.w.org\/{rel}","templated":true}]}}