{"id":213157,"date":"2024-03-25T07:39:00","date_gmt":"2024-03-25T07:39:00","guid":{"rendered":"https:\/\/www.webdo.tn\/fr\/blog\/migration-l-ue-va-decaisser-164-5-millions-d-euros-pour-la-tunisie\/213157\/"},"modified":"2025-05-20T22:37:13","modified_gmt":"2025-05-20T22:37:13","slug":"migration-l-ue-va-decaisser-164-5-millions-d-euros-pour-la-tunisie","status":"publish","type":"post","link":"https:\/\/www.webdo.tn\/fr\/actualite\/national\/migration-l-ue-va-decaisser-164-5-millions-d-euros-pour-la-tunisie\/213157\/","title":{"rendered":"Migration : L\u2019UE va d\u00e9caisser 164,5 millions d&rsquo;euros pour la Tunisie"},"content":{"rendered":"<p>Selon le \u00ab\u00a0Financial Times\u00a0\u00bb, que l&rsquo;Union europ\u00e9enne pr\u00e9voit de mobiliser au profit des forces de s\u00e9curit\u00e9 tunisiennes jusqu&rsquo;\u00e0 164,5 millions d&rsquo;euros (environ 178 millions de dollars) sur trois ans dans le cadre de la lutte contre la migration clandestine.\u00a0<\/p>\n<p>Le journal a ajout\u00e9 hier dimanche, citant des sources bien inform\u00e9es, que Bruxelles s&rsquo;\u00e9tait engag\u00e9e \u00e0 fournir un financement de 105 millions d&rsquo;euros (environ 114 millions de dollars) \u00e0 la Tunisie pour lutter contre l&rsquo;immigration, dans un accord sign\u00e9 l&rsquo;ann\u00e9e derni\u00e8re, mais la plupart de cet argent n&rsquo;a pas encore \u00e9t\u00e9 d\u00e9pens\u00e9.\u00a0<\/p>\n<p>La Tunisie et l\u2019Union Europ\u00e9enne ont sign\u00e9 le 16 juillet 2023 un accord sur un partenariat global portant notamment sur la gestion des flux migratoires. Ce partenariat europ\u00e9en, qui comporte aussi un renforcement des liens \u00e9conomiques et commerciaux et une coop\u00e9ration en mati\u00e8re d\u2019\u00e9nergie verte, est assorti d\u2019un soutien financier s\u2019\u00e9levant \u00e0 plus d\u2019un milliard d\u2019euros &#8211; dont 900 millions de pr\u00eats.\u00a0<\/p>\n<p>La migration clandestine continue de causer des malheurs. La Direction g\u00e9n\u00e9rale de la Garde nationale tunisienne a annonc\u00e9 hier dimanche, avoir r\u00e9cup\u00e9r\u00e9 les corps de deux migrants clandestins et sauv\u00e9 plus de 600 autres en provenance des pays d&rsquo;Afrique subsaharienne, qui tentaient de rejoindre les c\u00f4tes europ\u00e9ennes.<\/p>\n","protected":false},"excerpt":{"rendered":"<p>Le journal a ajout\u00e9 hier dimanche, citant des sources bien inform\u00e9es, que Bruxelles s&rsquo;\u00e9tait engag\u00e9e \u00e0 fournir un financement de 105 millions d&rsquo;euros (environ 11&#8230;<\/p>\n","protected":false},"author":3175,"featured_media":247720,"comment_status":"open","ping_status":"closed","sticky":false,"template":"","format":"standard","meta":{"footnotes":""},"categories":[44],"tags":[2773,2615,2608,2896],"class_list":["post-213157","post","type-post","status-publish","format-standard","has-post-thumbnail","hentry","category-national","tag-fonds","tag-migration","tag-tunisie","tag-union-europeenne"],"yoast_head":"<!-- This site is optimized with the Yoast SEO Premium plugin v27.5 (Yoast SEO v27.5) - https:\/\/yoast.com\/product\/yoast-seo-premium-wordpress\/ -->\n<title>Migration : L\u2019UE va d\u00e9caisser 164,5 millions d&#039;euros pour la Tunisie<\/title>\n<meta name=\"description\" content=\"Le journal a ajout\u00e9 hier dimanche, citant des sources bien inform\u00e9es, que Bruxelles s&#039;\u00e9tait engag\u00e9e \u00e0 fournir un financement de 105 millions d&#039;euros (environ 11...\" \/>\n<link rel=\"canonical\" href=\"https:\/\/www.webdo.tn\/fr\/actualite\/national\/migration-l-ue-va-decaisser-164-5-millions-d-euros-pour-la-tunisie\/213157\/\" \/>\n<meta property=\"og:locale\" content=\"fr_FR\" \/>\n<meta property=\"og:type\" content=\"article\" \/>\n<meta property=\"og:title\" content=\"Migration : L\u2019UE va d\u00e9caisser 164,5 millions d&#039;euros pour la Tunisie\" \/>\n<meta property=\"og:description\" content=\"Le journal a ajout\u00e9 hier dimanche, citant des sources bien inform\u00e9es, que Bruxelles s&#039;\u00e9tait engag\u00e9e \u00e0 fournir un financement de 105 millions d&#039;euros (environ 11...\" \/>\n<meta property=\"og:url\" content=\"https:\/\/www.webdo.tn\/fr\/actualite\/national\/migration-l-ue-va-decaisser-164-5-millions-d-euros-pour-la-tunisie\/213157\/\" \/>\n<meta property=\"og:site_name\" content=\"webdo\" \/>\n<meta property=\"article:publisher\" content=\"https:\/\/www.facebook.com\/webdotn\" \/>\n<meta property=\"article:published_time\" content=\"2024-03-25T07:39:00+00:00\" \/>\n<meta property=\"article:modified_time\" content=\"2025-05-20T22:37:13+00:00\" \/>\n<meta property=\"og:image\" content=\"https:\/\/www.webdo.tn\/fr\/wp-content\/uploads\/2024\/03\/92a43bdb99a7fb3ac2f8319483e7869e.jpg\" \/>\n\t<meta property=\"og:image:width\" content=\"750\" \/>\n\t<meta property=\"og:image:height\" content=\"400\" \/>\n\t<meta property=\"og:image:type\" content=\"image\/jpeg\" \/>\n<meta name=\"author\" content=\"CL\" \/>\n<meta name=\"twitter:card\" content=\"summary_large_image\" \/>\n<meta name=\"twitter:creator\" content=\"@webdo_tn\" \/>\n<meta name=\"twitter:site\" content=\"@webdo_tn\" \/>\n<meta name=\"twitter:label1\" content=\"\u00c9crit par\" \/>\n\t<meta name=\"twitter:data1\" content=\"CL\" \/>\n\t<meta name=\"twitter:label2\" content=\"Dur\u00e9e de lecture estim\u00e9e\" \/>\n\t<meta name=\"twitter:data2\" content=\"1 minute\" \/>\n<script type=\"application\/ld+json\" class=\"yoast-schema-graph\">{\"@context\":\"https:\\\/\\\/schema.org\",\"@graph\":[{\"@type\":\"NewsArticle\",\"@id\":\"https:\\\/\\\/www.webdo.tn\\\/fr\\\/actualite\\\/national\\\/migration-l-ue-va-decaisser-164-5-millions-d-euros-pour-la-tunisie\\\/213157\\\/#article\",\"isPartOf\":{\"@id\":\"https:\\\/\\\/www.webdo.tn\\\/fr\\\/actualite\\\/national\\\/migration-l-ue-va-decaisser-164-5-millions-d-euros-pour-la-tunisie\\\/213157\\\/\"},\"author\":{\"name\":\"CL\",\"@id\":\"https:\\\/\\\/www.webdo.tn\\\/fr\\\/#\\\/schema\\\/person\\\/f35b42a42c5e2511bbd282959d6385cc\"},\"headline\":\"Migration : L\u2019UE va d\u00e9caisser 164,5 millions d&rsquo;euros pour la Tunisie\",\"datePublished\":\"2024-03-25T07:39:00+00:00\",\"dateModified\":\"2025-05-20T22:37:13+00:00\",\"mainEntityOfPage\":{\"@id\":\"https:\\\/\\\/www.webdo.tn\\\/fr\\\/actualite\\\/national\\\/migration-l-ue-va-decaisser-164-5-millions-d-euros-pour-la-tunisie\\\/213157\\\/\"},\"wordCount\":234,\"commentCount\":0,\"publisher\":{\"@id\":\"https:\\\/\\\/www.webdo.tn\\\/fr\\\/#organization\"},\"image\":{\"@id\":\"https:\\\/\\\/www.webdo.tn\\\/fr\\\/actualite\\\/national\\\/migration-l-ue-va-decaisser-164-5-millions-d-euros-pour-la-tunisie\\\/213157\\\/#primaryimage\"},\"thumbnailUrl\":\"https:\\\/\\\/www.webdo.tn\\\/fr\\\/wp-content\\\/uploads\\\/2024\\\/03\\\/92a43bdb99a7fb3ac2f8319483e7869e.jpg\",\"keywords\":[\"fonds\",\"Migration\",\"Tunisie\",\"Union europ\u00e9enne\"],\"articleSection\":[\"National\"],\"inLanguage\":\"fr-FR\"},{\"@type\":\"WebPage\",\"@id\":\"https:\\\/\\\/www.webdo.tn\\\/fr\\\/actualite\\\/national\\\/migration-l-ue-va-decaisser-164-5-millions-d-euros-pour-la-tunisie\\\/213157\\\/\",\"url\":\"https:\\\/\\\/www.webdo.tn\\\/fr\\\/actualite\\\/national\\\/migration-l-ue-va-decaisser-164-5-millions-d-euros-pour-la-tunisie\\\/213157\\\/\",\"name\":\"Migration : L\u2019UE va d\u00e9caisser 164,5 millions d'euros pour la Tunisie\",\"isPartOf\":{\"@id\":\"https:\\\/\\\/www.webdo.tn\\\/fr\\\/#website\"},\"primaryImageOfPage\":{\"@id\":\"https:\\\/\\\/www.webdo.tn\\\/fr\\\/actualite\\\/national\\\/migration-l-ue-va-decaisser-164-5-millions-d-euros-pour-la-tunisie\\\/213157\\\/#primaryimage\"},\"image\":{\"@id\":\"https:\\\/\\\/www.webdo.tn\\\/fr\\\/actualite\\\/national\\\/migration-l-ue-va-decaisser-164-5-millions-d-euros-pour-la-tunisie\\\/213157\\\/#primaryimage\"},\"thumbnailUrl\":\"https:\\\/\\\/www.webdo.tn\\\/fr\\\/wp-content\\\/uploads\\\/2024\\\/03\\\/92a43bdb99a7fb3ac2f8319483e7869e.jpg\",\"datePublished\":\"2024-03-25T07:39:00+00:00\",\"dateModified\":\"2025-05-20T22:37:13+00:00\",\"description\":\"Le journal a ajout\u00e9 hier dimanche, citant des sources bien inform\u00e9es, que Bruxelles s'\u00e9tait engag\u00e9e \u00e0 fournir un financement de 105 millions d'euros (environ 11...\",\"breadcrumb\":{\"@id\":\"https:\\\/\\\/www.webdo.tn\\\/fr\\\/actualite\\\/national\\\/migration-l-ue-va-decaisser-164-5-millions-d-euros-pour-la-tunisie\\\/213157\\\/#breadcrumb\"},\"inLanguage\":\"fr-FR\",\"potentialAction\":[{\"@type\":\"ReadAction\",\"target\":[\"https:\\\/\\\/www.webdo.tn\\\/fr\\\/actualite\\\/national\\\/migration-l-ue-va-decaisser-164-5-millions-d-euros-pour-la-tunisie\\\/213157\\\/\"]}]},{\"@type\":\"ImageObject\",\"inLanguage\":\"fr-FR\",\"@id\":\"https:\\\/\\\/www.webdo.tn\\\/fr\\\/actualite\\\/national\\\/migration-l-ue-va-decaisser-164-5-millions-d-euros-pour-la-tunisie\\\/213157\\\/#primaryimage\",\"url\":\"https:\\\/\\\/www.webdo.tn\\\/fr\\\/wp-content\\\/uploads\\\/2024\\\/03\\\/92a43bdb99a7fb3ac2f8319483e7869e.jpg\",\"contentUrl\":\"https:\\\/\\\/www.webdo.tn\\\/fr\\\/wp-content\\\/uploads\\\/2024\\\/03\\\/92a43bdb99a7fb3ac2f8319483e7869e.jpg\",\"width\":750,\"height\":400,\"caption\":\"Migration : L\u2019UE va d\u00e9caisser 164,5 millions d'euros pour la Tunisie\"},{\"@type\":\"BreadcrumbList\",\"@id\":\"https:\\\/\\\/www.webdo.tn\\\/fr\\\/actualite\\\/national\\\/migration-l-ue-va-decaisser-164-5-millions-d-euros-pour-la-tunisie\\\/213157\\\/#breadcrumb\",\"itemListElement\":[{\"@type\":\"ListItem\",\"position\":1,\"name\":\"Accueil\",\"item\":\"https:\\\/\\\/www.webdo.tn\\\/fr\\\/\"},{\"@type\":\"ListItem\",\"position\":2,\"name\":\"Migration : L\u2019UE va d\u00e9caisser 164,5 millions d&#8217;euros pour la Tunisie\"}]},{\"@type\":\"WebSite\",\"@id\":\"https:\\\/\\\/www.webdo.tn\\\/fr\\\/#website\",\"url\":\"https:\\\/\\\/www.webdo.tn\\\/fr\\\/\",\"name\":\"webdo\",\"description\":\"Tunisie - News en Tunisie et \u00e0 l&#039;international sur Webdo.tn\",\"publisher\":{\"@id\":\"https:\\\/\\\/www.webdo.tn\\\/fr\\\/#organization\"},\"potentialAction\":[{\"@type\":\"SearchAction\",\"target\":{\"@type\":\"EntryPoint\",\"urlTemplate\":\"https:\\\/\\\/www.webdo.tn\\\/fr\\\/?s={search_term_string}\"},\"query-input\":{\"@type\":\"PropertyValueSpecification\",\"valueRequired\":true,\"valueName\":\"search_term_string\"}}],\"inLanguage\":\"fr-FR\"},{\"@type\":\"Organization\",\"@id\":\"https:\\\/\\\/www.webdo.tn\\\/fr\\\/#organization\",\"name\":\"Webdo\",\"alternateName\":\"Webdo.tn\",\"url\":\"https:\\\/\\\/www.webdo.tn\\\/fr\\\/\",\"logo\":{\"@type\":\"ImageObject\",\"inLanguage\":\"fr-FR\",\"@id\":\"https:\\\/\\\/www.webdo.tn\\\/fr\\\/#\\\/schema\\\/logo\\\/image\\\/\",\"url\":\"https:\\\/\\\/www.webdo.tn\\\/fr\\\/wp-content\\\/uploads\\\/2025\\\/06\\\/Webdo-Tunisie_168377.jpg\",\"contentUrl\":\"https:\\\/\\\/www.webdo.tn\\\/fr\\\/wp-content\\\/uploads\\\/2025\\\/06\\\/Webdo-Tunisie_168377.jpg\",\"width\":301,\"height\":301,\"caption\":\"Webdo\"},\"image\":{\"@id\":\"https:\\\/\\\/www.webdo.tn\\\/fr\\\/#\\\/schema\\\/logo\\\/image\\\/\"},\"sameAs\":[\"https:\\\/\\\/www.facebook.com\\\/webdotn\",\"https:\\\/\\\/x.com\\\/webdo_tn\"],\"description\":\"Webdo est un m\u00e9dia num\u00e9rique tunisien fond\u00e9 en 2010, sp\u00e9cialis\u00e9 dans l\u2019actualit\u00e9 nationale et internationale, l\u2019\u00e9conomie, la soci\u00e9t\u00e9 et les analyses politiques. Le site s\u2019adresse \u00e0 un large public francophone et couvre l\u2019information tunisienne en temps r\u00e9el.\",\"email\":\"redac@webdo.tn\",\"legalName\":\"YNJ SARL\",\"foundingDate\":\"2010-09-06\",\"numberOfEmployees\":{\"@type\":\"QuantitativeValue\",\"minValue\":\"11\",\"maxValue\":\"50\"}},{\"@type\":\"Person\",\"@id\":\"https:\\\/\\\/www.webdo.tn\\\/fr\\\/#\\\/schema\\\/person\\\/f35b42a42c5e2511bbd282959d6385cc\",\"name\":\"CL\",\"image\":{\"@type\":\"ImageObject\",\"inLanguage\":\"fr-FR\",\"@id\":\"https:\\\/\\\/secure.gravatar.com\\\/avatar\\\/1447a49909b67aa657c488aec6512e1dd6143a480c1ecfee9b5b5cd74eb3b59e?s=96&d=mm&r=g\",\"url\":\"https:\\\/\\\/secure.gravatar.com\\\/avatar\\\/1447a49909b67aa657c488aec6512e1dd6143a480c1ecfee9b5b5cd74eb3b59e?s=96&d=mm&r=g\",\"contentUrl\":\"https:\\\/\\\/secure.gravatar.com\\\/avatar\\\/1447a49909b67aa657c488aec6512e1dd6143a480c1ecfee9b5b5cd74eb3b59e?s=96&d=mm&r=g\",\"caption\":\"CL\"},\"url\":\"https:\\\/\\\/www.webdo.tn\\\/fr\\\/actualite\\\/author\\\/cl\\\/\"}]}<\/script>\n<!-- \/ Yoast SEO Premium plugin. -->","yoast_head_json":{"title":"Migration : L\u2019UE va d\u00e9caisser 164,5 millions d'euros pour la Tunisie","description":"Le journal a ajout\u00e9 hier dimanche, citant des sources bien inform\u00e9es, que Bruxelles s'\u00e9tait engag\u00e9e \u00e0 fournir un financement de 105 millions d'euros (environ 11...","canonical":"https:\/\/www.webdo.tn\/fr\/actualite\/national\/migration-l-ue-va-decaisser-164-5-millions-d-euros-pour-la-tunisie\/213157\/","og_locale":"fr_FR","og_type":"article","og_title":"Migration : L\u2019UE va d\u00e9caisser 164,5 millions d'euros pour la Tunisie","og_description":"Le journal a ajout\u00e9 hier dimanche, citant des sources bien inform\u00e9es, que Bruxelles s'\u00e9tait engag\u00e9e \u00e0 fournir un financement de 105 millions d'euros (environ 11...","og_url":"https:\/\/www.webdo.tn\/fr\/actualite\/national\/migration-l-ue-va-decaisser-164-5-millions-d-euros-pour-la-tunisie\/213157\/","og_site_name":"webdo","article_publisher":"https:\/\/www.facebook.com\/webdotn","article_published_time":"2024-03-25T07:39:00+00:00","article_modified_time":"2025-05-20T22:37:13+00:00","og_image":[{"width":750,"height":400,"url":"https:\/\/www.webdo.tn\/fr\/wp-content\/uploads\/2024\/03\/92a43bdb99a7fb3ac2f8319483e7869e.jpg","type":"image\/jpeg"}],"author":"CL","twitter_card":"summary_large_image","twitter_creator":"@webdo_tn","twitter_site":"@webdo_tn","twitter_misc":{"\u00c9crit par":"CL","Dur\u00e9e de lecture estim\u00e9e":"1 minute"},"schema":{"@context":"https:\/\/schema.org","@graph":[{"@type":"NewsArticle","@id":"https:\/\/www.webdo.tn\/fr\/actualite\/national\/migration-l-ue-va-decaisser-164-5-millions-d-euros-pour-la-tunisie\/213157\/#article","isPartOf":{"@id":"https:\/\/www.webdo.tn\/fr\/actualite\/national\/migration-l-ue-va-decaisser-164-5-millions-d-euros-pour-la-tunisie\/213157\/"},"author":{"name":"CL","@id":"https:\/\/www.webdo.tn\/fr\/#\/schema\/person\/f35b42a42c5e2511bbd282959d6385cc"},"headline":"Migration : L\u2019UE va d\u00e9caisser 164,5 millions d&rsquo;euros pour la Tunisie","datePublished":"2024-03-25T07:39:00+00:00","dateModified":"2025-05-20T22:37:13+00:00","mainEntityOfPage":{"@id":"https:\/\/www.webdo.tn\/fr\/actualite\/national\/migration-l-ue-va-decaisser-164-5-millions-d-euros-pour-la-tunisie\/213157\/"},"wordCount":234,"commentCount":0,"publisher":{"@id":"https:\/\/www.webdo.tn\/fr\/#organization"},"image":{"@id":"https:\/\/www.webdo.tn\/fr\/actualite\/national\/migration-l-ue-va-decaisser-164-5-millions-d-euros-pour-la-tunisie\/213157\/#primaryimage"},"thumbnailUrl":"https:\/\/www.webdo.tn\/fr\/wp-content\/uploads\/2024\/03\/92a43bdb99a7fb3ac2f8319483e7869e.jpg","keywords":["fonds","Migration","Tunisie","Union europ\u00e9enne"],"articleSection":["National"],"inLanguage":"fr-FR"},{"@type":"WebPage","@id":"https:\/\/www.webdo.tn\/fr\/actualite\/national\/migration-l-ue-va-decaisser-164-5-millions-d-euros-pour-la-tunisie\/213157\/","url":"https:\/\/www.webdo.tn\/fr\/actualite\/national\/migration-l-ue-va-decaisser-164-5-millions-d-euros-pour-la-tunisie\/213157\/","name":"Migration : L\u2019UE va d\u00e9caisser 164,5 millions d'euros pour la Tunisie","isPartOf":{"@id":"https:\/\/www.webdo.tn\/fr\/#website"},"primaryImageOfPage":{"@id":"https:\/\/www.webdo.tn\/fr\/actualite\/national\/migration-l-ue-va-decaisser-164-5-millions-d-euros-pour-la-tunisie\/213157\/#primaryimage"},"image":{"@id":"https:\/\/www.webdo.tn\/fr\/actualite\/national\/migration-l-ue-va-decaisser-164-5-millions-d-euros-pour-la-tunisie\/213157\/#primaryimage"},"thumbnailUrl":"https:\/\/www.webdo.tn\/fr\/wp-content\/uploads\/2024\/03\/92a43bdb99a7fb3ac2f8319483e7869e.jpg","datePublished":"2024-03-25T07:39:00+00:00","dateModified":"2025-05-20T22:37:13+00:00","description":"Le journal a ajout\u00e9 hier dimanche, citant des sources bien inform\u00e9es, que Bruxelles s'\u00e9tait engag\u00e9e \u00e0 fournir un financement de 105 millions d'euros (environ 11...","breadcrumb":{"@id":"https:\/\/www.webdo.tn\/fr\/actualite\/national\/migration-l-ue-va-decaisser-164-5-millions-d-euros-pour-la-tunisie\/213157\/#breadcrumb"},"inLanguage":"fr-FR","potentialAction":[{"@type":"ReadAction","target":["https:\/\/www.webdo.tn\/fr\/actualite\/national\/migration-l-ue-va-decaisser-164-5-millions-d-euros-pour-la-tunisie\/213157\/"]}]},{"@type":"ImageObject","inLanguage":"fr-FR","@id":"https:\/\/www.webdo.tn\/fr\/actualite\/national\/migration-l-ue-va-decaisser-164-5-millions-d-euros-pour-la-tunisie\/213157\/#primaryimage","url":"https:\/\/www.webdo.tn\/fr\/wp-content\/uploads\/2024\/03\/92a43bdb99a7fb3ac2f8319483e7869e.jpg","contentUrl":"https:\/\/www.webdo.tn\/fr\/wp-content\/uploads\/2024\/03\/92a43bdb99a7fb3ac2f8319483e7869e.jpg","width":750,"height":400,"caption":"Migration : L\u2019UE va d\u00e9caisser 164,5 millions d'euros pour la Tunisie"},{"@type":"BreadcrumbList","@id":"https:\/\/www.webdo.tn\/fr\/actualite\/national\/migration-l-ue-va-decaisser-164-5-millions-d-euros-pour-la-tunisie\/213157\/#breadcrumb","itemListElement":[{"@type":"ListItem","position":1,"name":"Accueil","item":"https:\/\/www.webdo.tn\/fr\/"},{"@type":"ListItem","position":2,"name":"Migration : L\u2019UE va d\u00e9caisser 164,5 millions d&#8217;euros pour la Tunisie"}]},{"@type":"WebSite","@id":"https:\/\/www.webdo.tn\/fr\/#website","url":"https:\/\/www.webdo.tn\/fr\/","name":"webdo","description":"Tunisie - News en Tunisie et \u00e0 l&#039;international sur Webdo.tn","publisher":{"@id":"https:\/\/www.webdo.tn\/fr\/#organization"},"potentialAction":[{"@type":"SearchAction","target":{"@type":"EntryPoint","urlTemplate":"https:\/\/www.webdo.tn\/fr\/?s={search_term_string}"},"query-input":{"@type":"PropertyValueSpecification","valueRequired":true,"valueName":"search_term_string"}}],"inLanguage":"fr-FR"},{"@type":"Organization","@id":"https:\/\/www.webdo.tn\/fr\/#organization","name":"Webdo","alternateName":"Webdo.tn","url":"https:\/\/www.webdo.tn\/fr\/","logo":{"@type":"ImageObject","inLanguage":"fr-FR","@id":"https:\/\/www.webdo.tn\/fr\/#\/schema\/logo\/image\/","url":"https:\/\/www.webdo.tn\/fr\/wp-content\/uploads\/2025\/06\/Webdo-Tunisie_168377.jpg","contentUrl":"https:\/\/www.webdo.tn\/fr\/wp-content\/uploads\/2025\/06\/Webdo-Tunisie_168377.jpg","width":301,"height":301,"caption":"Webdo"},"image":{"@id":"https:\/\/www.webdo.tn\/fr\/#\/schema\/logo\/image\/"},"sameAs":["https:\/\/www.facebook.com\/webdotn","https:\/\/x.com\/webdo_tn"],"description":"Webdo est un m\u00e9dia num\u00e9rique tunisien fond\u00e9 en 2010, sp\u00e9cialis\u00e9 dans l\u2019actualit\u00e9 nationale et internationale, l\u2019\u00e9conomie, la soci\u00e9t\u00e9 et les analyses politiques. Le site s\u2019adresse \u00e0 un large public francophone et couvre l\u2019information tunisienne en temps r\u00e9el.","email":"redac@webdo.tn","legalName":"YNJ SARL","foundingDate":"2010-09-06","numberOfEmployees":{"@type":"QuantitativeValue","minValue":"11","maxValue":"50"}},{"@type":"Person","@id":"https:\/\/www.webdo.tn\/fr\/#\/schema\/person\/f35b42a42c5e2511bbd282959d6385cc","name":"CL","image":{"@type":"ImageObject","inLanguage":"fr-FR","@id":"https:\/\/secure.gravatar.com\/avatar\/1447a49909b67aa657c488aec6512e1dd6143a480c1ecfee9b5b5cd74eb3b59e?s=96&d=mm&r=g","url":"https:\/\/secure.gravatar.com\/avatar\/1447a49909b67aa657c488aec6512e1dd6143a480c1ecfee9b5b5cd74eb3b59e?s=96&d=mm&r=g","contentUrl":"https:\/\/secure.gravatar.com\/avatar\/1447a49909b67aa657c488aec6512e1dd6143a480c1ecfee9b5b5cd74eb3b59e?s=96&d=mm&r=g","caption":"CL"},"url":"https:\/\/www.webdo.tn\/fr\/actualite\/author\/cl\/"}]}},"_links":{"self":[{"href":"https:\/\/www.webdo.tn\/fr\/wp-json\/wp\/v2\/posts\/213157","targetHints":{"allow":["GET"]}}],"collection":[{"href":"https:\/\/www.webdo.tn\/fr\/wp-json\/wp\/v2\/posts"}],"about":[{"href":"https:\/\/www.webdo.tn\/fr\/wp-json\/wp\/v2\/types\/post"}],"author":[{"embeddable":true,"href":"https:\/\/www.webdo.tn\/fr\/wp-json\/wp\/v2\/users\/3175"}],"replies":[{"embeddable":true,"href":"https:\/\/www.webdo.tn\/fr\/wp-json\/wp\/v2\/comments?post=213157"}],"version-history":[{"count":0,"href":"https:\/\/www.webdo.tn\/fr\/wp-json\/wp\/v2\/posts\/213157\/revisions"}],"wp:featuredmedia":[{"embeddable":true,"href":"https:\/\/www.webdo.tn\/fr\/wp-json\/wp\/v2\/media\/247720"}],"wp:attachment":[{"href":"https:\/\/www.webdo.tn\/fr\/wp-json\/wp\/v2\/media?parent=213157"}],"wp:term":[{"taxonomy":"category","embeddable":true,"href":"https:\/\/www.webdo.tn\/fr\/wp-json\/wp\/v2\/categories?post=213157"},{"taxonomy":"post_tag","embeddable":true,"href":"https:\/\/www.webdo.tn\/fr\/wp-json\/wp\/v2\/tags?post=213157"}],"curies":[{"name":"wp","href":"https:\/\/api.w.org\/{rel}","templated":true}]}}