{"id":213156,"date":"2024-03-24T22:48:00","date_gmt":"2024-03-24T22:48:00","guid":{"rendered":"https:\/\/www.webdo.tn\/fr\/blog\/le-festival-du-film-d-el-gouna-annonce-les-dates-de-sa-7eme-edition\/213156\/"},"modified":"2025-05-21T08:56:07","modified_gmt":"2025-05-21T08:56:07","slug":"le-festival-du-film-d-el-gouna-annonce-les-dates-de-sa-7eme-edition","status":"publish","type":"post","link":"https:\/\/www.webdo.tn\/fr\/actualite\/culture\/le-festival-du-film-d-el-gouna-annonce-les-dates-de-sa-7eme-edition\/213156\/","title":{"rendered":"Le Festival du Film d&rsquo;El Gouna annonce les dates de sa 7\u00e8me \u00e9dition"},"content":{"rendered":"<div class=\"single-body entry-content typography-copy\" itemprop=\"articleBody\">\n<p style=\"font-weight: bold; text-align: justify\">\n\t\t\t\t\t\t\t\t\tLe Festival du Film d&rsquo;El Gouna annonce les dates de sa 7\u00e8me \u00e9dition\n\t\t\t\t\t\t\t\t<\/p>\n<div class=\"coprs\" style=\"text-align: center\"><\/div>\n<div class=\"coprs\" style=\"text-align: justify\">\n<p><span><span>Le Festival du Film d&rsquo;El Gouna (GFF) vient d\u2019annoncer avec fiert\u00e9 que sa 7\u00e8me \u00e9dition aura lieu dans la ville c\u00f4ti\u00e8re d&rsquo;El Gouna du 24 octobre au 1er novembre 2024.<\/span><\/span><\/p>\n<p><span><span>Apr\u00e8s le succ\u00e8s de ses \u00e9ditions pr\u00e9c\u00e9dentes, qui ont renforc\u00e9 le statut du GFF en tant que phare de l&rsquo;excellence cin\u00e9matographique dans la r\u00e9gion, le festival est une fois de plus pr\u00eat \u00e0 c\u00e9l\u00e9brer le talent cin\u00e9matographique et \u00e0 favoriser la croissance de l&rsquo;industrie sur les plans r\u00e9gional et international.<\/span><\/span><\/p>\n<p><span><span>La continuit\u00e9 du Festival du Film d&rsquo;El Gouna t\u00e9moigne de son engagement envers l&rsquo;industrie artistique et de sa capacit\u00e9 \u00e0 avoir un impact positif sur le paysage cin\u00e9matographique international. \u00c0 chaque \u00e9dition, le festival a r\u00e9affirm\u00e9 son engagement \u00e0 soutenir la cr\u00e9ativit\u00e9, \u00e0 nourrir le talent et \u00e0 encourager un dialogue significatif au sein de la communaut\u00e9 cin\u00e9matographique mondiale.<\/span><\/span><\/p>\n<p><span><span>Le festival continue d&rsquo;\u00eatre organis\u00e9 sous le patronage du fondateur d&rsquo;El Gouna, l&rsquo;ing\u00e9nieur Samih Sawiris, et pr\u00e9sent\u00e9 par Orascom Development, le principal d\u00e9veloppeur de destinations int\u00e9gr\u00e9es en Europe, au Moyen-Orient et en Afrique du Nord, avec le soutien du cofondateur du festival, l&rsquo;ing\u00e9nieur Naguib Sawiris.<\/span><\/span><\/p>\n<p><span><span>Samih Sawiris a r\u00e9it\u00e9r\u00e9 son engagement \u00e0 favoriser la croissance du festival, d\u00e9clarant : \u00ab\u00a0<em>Nous sommes ravis de d\u00e9voiler les dates de la 7\u00e8me \u00e9dition du Festival du Film d&rsquo;El Gouna. Forts des accomplissements des \u00e9ditions pr\u00e9c\u00e9dentes et du succ\u00e8s significatif de la derni\u00e8re \u00e9dition, nous nous engageons \u00e0 offrir une exp\u00e9rience cin\u00e9matographique inoubliable ainsi qu\u2019\u00e0 d\u00e9velopper encore plus la plateforme innovante de CineGouna<\/em>.\u00a0\u00bb<\/span><\/span><\/p>\n<p><span><span>\u00ab\u00a0<em>Le Festival du Film d&rsquo;El Gouna a \u00e9t\u00e9 un pilier de l&rsquo;expression artistique et de l&rsquo;enrichissement culturel dans la r\u00e9gion. Alors que nous nous lan\u00e7ons dans la 7\u00e8me \u00e9dition du festival, nous recevons un vif int\u00e9r\u00eat de la part de grands acteurs du cin\u00e9ma d&rsquo;autres r\u00e9gions telles que les \u00c9tats-Unis, la Chine, l&rsquo;Inde, et d&rsquo;autres, pour participer au GFF, et nous sommes impatients de continuer \u00e0 servir de plateforme dynamique pour les cin\u00e9astes et les professionnels de l&rsquo;industrie du monde entier afin de se connecter, de collaborer et d&rsquo;inspirer le cin\u00e9ma \u00e9gyptien et r\u00e9gional\u00a0\u00bb <\/em>a ajout\u00e9 Naguib Sawiris.<\/span><\/span><\/p>\n<p><span><span>\u00ab\u00a0<em>La centralisation de toutes les activit\u00e9s ax\u00e9es sur l&rsquo;industrie dans le Festival Plaza l&rsquo;ann\u00e9e derni\u00e8re l&rsquo;a transform\u00e9 en un hub dynamique o\u00f9 les professionnels de l&rsquo;industrie se sont rassembl\u00e9s pour r\u00e9seauter et envisager des collaborations potentielles. Inspir\u00e9 par son succ\u00e8s, et avec notre regard tourn\u00e9 vers la 7\u00e8me \u00e9dition, je suis optimiste quant \u00e0 notre capacit\u00e9 \u00e0 am\u00e9liorer encore davantage l&rsquo;exp\u00e9rience du festival, en favorisant une plateforme encore plus dynamique et inclusive pour les parties prenantes de l&rsquo;industrie. Nous travaillons \u00e9galement sur le d\u00e9veloppement des nouvelles sections que nous avons cr\u00e9\u00e9es l&rsquo;ann\u00e9e derni\u00e8re, telles que le <a href=\"https:\/\/www.webdo.tn\/fr\/actualite\/culture\/le-marche-cinegouna-nouveau-pilier-du-festival-du-film-d-el-gouna\/208479\">CineGouna Market<\/a>\u00ab\u00a0<\/em> a d\u00e9clar\u00e9 Amr Mansi, directeur ex\u00e9cutif du GFF.<\/span><\/span><\/p>\n<p><span><span>Le GFF 2024 promet d&rsquo;offrir une exp\u00e9rience cin\u00e9matographique enrichissante, comprenant une s\u00e9lection minutieuse de films captivants, des discussions de panels \u00e9clairantes, des masterclasses et d&rsquo;autres \u00e9v\u00e9nements immersifs de l&rsquo;industrie. Alors que les pr\u00e9paratifs se d\u00e9roulent, le festival reste fid\u00e8le \u00e0 sa mission de c\u00e9l\u00e9brer le pouvoir transformateur du r\u00e9cit et de d\u00e9fendre les voix des cin\u00e9astes de la r\u00e9gion MENA et au-del\u00e0.<\/span><\/span><\/p>\n<p><span><span>En r\u00e9fl\u00e9chissant au parcours du GFF, <a href=\"https:\/\/www.webdo.tn\/fr\/actualite\/culture\/gff-2023-marianne-khoury-nouvelle-directrice-artistique-du-festival-du-film-d-el-gouna\/206847\">Marianne Khoury, directrice artistique du GFF<\/a>, partage sa vision pour la 7\u00e8me \u00e9dition : \u00ab\u00a0<em>Naviguant \u00e0 travers le paysage cin\u00e9matographique en constante \u00e9volution, le Festival du Film d&rsquo;El Gouna a continuellement repouss\u00e9 les limites, mettant en lumi\u00e8re des voix et des r\u00e9cits divers. Alors que nous nous pr\u00e9parons pour la 7\u00e8me \u00e9dition, nous restons engag\u00e9s \u00e0 offrir un espace inclusif pour encourager le dialogue, la cr\u00e9ativit\u00e9 et la collaboration. De plus, nous \u00e9largirons l&rsquo;exp\u00e9rience du CineGouna Emerge, que nous avons lanc\u00e9 l&rsquo;ann\u00e9e derni\u00e8re.<\/em>\u00ab\u00a0<\/span><\/span><\/p>\n<p><span><span>Pour plus d&rsquo;informations et de mises \u00e0 jour sur la 7\u00e8me \u00e9dition du Festival du Film d&rsquo;El Gouna, <a href=\"http:\/\/cliquez%20ici\">cliquez ici<\/a>.<\/span><\/span><\/p>\n<p>\u00a0<\/p>\n<p><img decoding=\"async\" alt=\"\" height=\"864\" src=\"\/assets\/uploads\/images\/\/Neila\/El%20Gouna.jpg\" width=\"1080\"><\/p>\n<p>\u00a0<\/p>\n<p><span><span><strong>\u00c0 propos d&rsquo;El Gouna :<\/strong><\/span><\/span><\/p>\n<p><span><span>El Gouna, l&rsquo;une des villes enti\u00e8rement int\u00e9gr\u00e9es d&rsquo;Orascom Development, est la destination la plus importante nich\u00e9e sur la mer Rouge dans une zone de 36,9 millions de m\u00e8tres carr\u00e9s depuis plus de 30 ans. La ville comprend 9 200 unit\u00e9s r\u00e9sidentielles priv\u00e9es, 18 h\u00f4tels offrant 2 800 chambres, des \u00e9coles proposant divers programmes internationaux, dont des certifications suisses et britanniques, un h\u00f4pital international, un espace de travail pour les startups, quatre marinas, deux parcours de golf de classe mondiale, un club de football de la Premier League \u00e9gyptienne, un centre culturel et de conf\u00e9rences, et une gamme de services.<\/span><\/span><\/p>\n<p><span><span>Avec une population de plus de 25 000 habitants de plus de 50 nationalit\u00e9s, El Gouna n&rsquo;est qu&rsquo;\u00e0 30 minutes de l&rsquo;a\u00e9roport international de Hurghada, qui propose des vols directs vers de nombreuses villes europ\u00e9ennes et le Moyen-Orient.<\/span><\/span><\/p>\n<p><span><span><strong>\u00c0 propos du Festival du Film d&rsquo;El Gouna<\/strong><\/span><\/span><\/p>\n<p><span><span>Le Festival du Film d&rsquo;El Gouna, fond\u00e9 en 2017, est l&rsquo;un des festivals phares de la r\u00e9gion MENA. Le GFF vise \u00e0 pr\u00e9senter une grande vari\u00e9t\u00e9 de films \u00e0 un public passionn\u00e9 et averti, tout en favorisant une meilleure communication entre les cultures \u00e0 travers l&rsquo;art du cin\u00e9ma. Son objectif est de connecter les cin\u00e9astes de la r\u00e9gion avec leurs homologues internationaux dans un esprit de coop\u00e9ration et d&rsquo;\u00e9change culturel. Le festival s&rsquo;engage \u00e0 d\u00e9couvrir de nouvelles voix et s&rsquo;efforce d&rsquo;\u00eatre un catalyseur pour le d\u00e9veloppement du cin\u00e9ma dans le monde arabe, notamment gr\u00e2ce \u00e0 la Plateforme CineGouna, un \u00e9v\u00e9nement orient\u00e9 vers l&rsquo;industrie cr\u00e9\u00e9 pour autonomiser les cin\u00e9astes \u00e9gyptiens et arabes et les aider \u00e0 trouver un soutien artistique et financier. La Plateforme CineGouna propose le programme CineGouna Bridge qui offre des opportunit\u00e9s de partage et d&rsquo;apprentissage, le CineGouna SpringBoard, un laboratoire de d\u00e9veloppement de projets et de coproduction, le <a href=\"https:\/\/www.webdo.tn\/fr\/actualite\/culture\/le-marche-cinegouna-nouveau-pilier-du-festival-du-film-d-el-gouna\/208479\">CineGouna Market<\/a> et le Short Film Lounge, un lieu cr\u00e9ant un lien entre les cin\u00e9astes \u00e9mergents et \u00e9tablis.<\/span><\/span><\/p>\n<p><strong>Communiqu\u00e9.<\/strong><\/p>\n<p>\u00a0<\/p>\n<\/p><\/div>\n<div class=\"coprs\" style=\"text-align: center\"><\/div><\/div>\n","protected":false},"excerpt":{"rendered":"<p>Le Festival du Film d&rsquo;El Gouna annonce les dates de sa 7\u00e8me \u00e9dition<\/p>\n","protected":false},"author":3164,"featured_media":247719,"comment_status":"open","ping_status":"closed","sticky":false,"template":"","format":"standard","meta":{"footnotes":""},"categories":[2594],"tags":[6648,5197,2628,3258,3259,6792],"class_list":["post-213156","post","type-post","status-publish","format-standard","has-post-thumbnail","hentry","category-culture","tag-el-gouna","tag-el-gouna-2024","tag-festival","tag-festival-du-film-del-gouna","tag-gff","tag-gff-2024"],"yoast_head":"<!-- This site is optimized with the Yoast SEO Premium plugin v27.5 (Yoast SEO v27.5) - https:\/\/yoast.com\/product\/yoast-seo-premium-wordpress\/ -->\n<title>Le Festival du Film d&#039;El Gouna annonce les dates de sa 7\u00e8me \u00e9dition<\/title>\n<meta name=\"description\" content=\"Le Festival du Film d&#039;El Gouna annonce les dates de sa 7\u00e8me \u00e9dition\" \/>\n<link rel=\"canonical\" href=\"https:\/\/www.webdo.tn\/fr\/actualite\/culture\/le-festival-du-film-d-el-gouna-annonce-les-dates-de-sa-7eme-edition\/213156\/\" \/>\n<meta property=\"og:locale\" content=\"fr_FR\" \/>\n<meta property=\"og:type\" content=\"article\" \/>\n<meta property=\"og:title\" content=\"Le Festival du Film d&#039;El Gouna annonce les dates de sa 7\u00e8me \u00e9dition\" \/>\n<meta property=\"og:description\" content=\"Le Festival du Film d&#039;El Gouna annonce les dates de sa 7\u00e8me \u00e9dition\" \/>\n<meta property=\"og:url\" content=\"https:\/\/www.webdo.tn\/fr\/actualite\/culture\/le-festival-du-film-d-el-gouna-annonce-les-dates-de-sa-7eme-edition\/213156\/\" \/>\n<meta property=\"og:site_name\" content=\"webdo\" \/>\n<meta property=\"article:publisher\" content=\"https:\/\/www.facebook.com\/webdotn\" \/>\n<meta property=\"article:author\" content=\"https:\/\/www.facebook.com\/massir.destiniii\/\" \/>\n<meta property=\"article:published_time\" content=\"2024-03-24T22:48:00+00:00\" \/>\n<meta property=\"article:modified_time\" content=\"2025-05-21T08:56:07+00:00\" \/>\n<meta property=\"og:image\" content=\"https:\/\/www.webdo.tn\/fr\/wp-content\/uploads\/2024\/03\/9171934d5437b47948c260e253d10a44.jpeg\" \/>\n\t<meta property=\"og:image:width\" content=\"750\" \/>\n\t<meta property=\"og:image:height\" content=\"400\" \/>\n\t<meta property=\"og:image:type\" content=\"image\/jpeg\" \/>\n<meta name=\"author\" content=\"Ne\u00efla DRISS\" \/>\n<meta name=\"twitter:card\" content=\"summary_large_image\" \/>\n<meta name=\"twitter:creator\" content=\"@https:\/\/x.com\/MassirDestin\" \/>\n<meta name=\"twitter:site\" content=\"@webdo_tn\" \/>\n<meta name=\"twitter:label1\" content=\"\u00c9crit par\" \/>\n\t<meta name=\"twitter:data1\" content=\"Ne\u00efla DRISS\" \/>\n\t<meta name=\"twitter:label2\" content=\"Dur\u00e9e de lecture estim\u00e9e\" \/>\n\t<meta name=\"twitter:data2\" content=\"5 minutes\" \/>\n<script type=\"application\/ld+json\" class=\"yoast-schema-graph\">{\"@context\":\"https:\\\/\\\/schema.org\",\"@graph\":[{\"@type\":\"NewsArticle\",\"@id\":\"https:\\\/\\\/www.webdo.tn\\\/fr\\\/actualite\\\/culture\\\/le-festival-du-film-d-el-gouna-annonce-les-dates-de-sa-7eme-edition\\\/213156\\\/#article\",\"isPartOf\":{\"@id\":\"https:\\\/\\\/www.webdo.tn\\\/fr\\\/actualite\\\/culture\\\/le-festival-du-film-d-el-gouna-annonce-les-dates-de-sa-7eme-edition\\\/213156\\\/\"},\"author\":{\"name\":\"Ne\u00efla DRISS\",\"@id\":\"https:\\\/\\\/www.webdo.tn\\\/fr\\\/#\\\/schema\\\/person\\\/60d5ba619ed3f58783b0dc82b7dada80\"},\"headline\":\"Le Festival du Film d&rsquo;El Gouna annonce les dates de sa 7\u00e8me \u00e9dition\",\"datePublished\":\"2024-03-24T22:48:00+00:00\",\"dateModified\":\"2025-05-21T08:56:07+00:00\",\"mainEntityOfPage\":{\"@id\":\"https:\\\/\\\/www.webdo.tn\\\/fr\\\/actualite\\\/culture\\\/le-festival-du-film-d-el-gouna-annonce-les-dates-de-sa-7eme-edition\\\/213156\\\/\"},\"wordCount\":1093,\"commentCount\":0,\"publisher\":{\"@id\":\"https:\\\/\\\/www.webdo.tn\\\/fr\\\/#organization\"},\"image\":{\"@id\":\"https:\\\/\\\/www.webdo.tn\\\/fr\\\/actualite\\\/culture\\\/le-festival-du-film-d-el-gouna-annonce-les-dates-de-sa-7eme-edition\\\/213156\\\/#primaryimage\"},\"thumbnailUrl\":\"https:\\\/\\\/www.webdo.tn\\\/fr\\\/wp-content\\\/uploads\\\/2024\\\/03\\\/9171934d5437b47948c260e253d10a44.jpeg\",\"keywords\":[\"El Gouna\",\"El Gouna 2024\",\"Festival\",\"Festival du Film d'El Gouna\",\"GFF\",\"GFF 2024\"],\"articleSection\":[\"Culture\"],\"inLanguage\":\"fr-FR\"},{\"@type\":\"WebPage\",\"@id\":\"https:\\\/\\\/www.webdo.tn\\\/fr\\\/actualite\\\/culture\\\/le-festival-du-film-d-el-gouna-annonce-les-dates-de-sa-7eme-edition\\\/213156\\\/\",\"url\":\"https:\\\/\\\/www.webdo.tn\\\/fr\\\/actualite\\\/culture\\\/le-festival-du-film-d-el-gouna-annonce-les-dates-de-sa-7eme-edition\\\/213156\\\/\",\"name\":\"Le Festival du Film d'El Gouna annonce les dates de sa 7\u00e8me \u00e9dition\",\"isPartOf\":{\"@id\":\"https:\\\/\\\/www.webdo.tn\\\/fr\\\/#website\"},\"primaryImageOfPage\":{\"@id\":\"https:\\\/\\\/www.webdo.tn\\\/fr\\\/actualite\\\/culture\\\/le-festival-du-film-d-el-gouna-annonce-les-dates-de-sa-7eme-edition\\\/213156\\\/#primaryimage\"},\"image\":{\"@id\":\"https:\\\/\\\/www.webdo.tn\\\/fr\\\/actualite\\\/culture\\\/le-festival-du-film-d-el-gouna-annonce-les-dates-de-sa-7eme-edition\\\/213156\\\/#primaryimage\"},\"thumbnailUrl\":\"https:\\\/\\\/www.webdo.tn\\\/fr\\\/wp-content\\\/uploads\\\/2024\\\/03\\\/9171934d5437b47948c260e253d10a44.jpeg\",\"datePublished\":\"2024-03-24T22:48:00+00:00\",\"dateModified\":\"2025-05-21T08:56:07+00:00\",\"description\":\"Le Festival du Film d'El Gouna annonce les dates de sa 7\u00e8me \u00e9dition\",\"breadcrumb\":{\"@id\":\"https:\\\/\\\/www.webdo.tn\\\/fr\\\/actualite\\\/culture\\\/le-festival-du-film-d-el-gouna-annonce-les-dates-de-sa-7eme-edition\\\/213156\\\/#breadcrumb\"},\"inLanguage\":\"fr-FR\",\"potentialAction\":[{\"@type\":\"ReadAction\",\"target\":[\"https:\\\/\\\/www.webdo.tn\\\/fr\\\/actualite\\\/culture\\\/le-festival-du-film-d-el-gouna-annonce-les-dates-de-sa-7eme-edition\\\/213156\\\/\"]}]},{\"@type\":\"ImageObject\",\"inLanguage\":\"fr-FR\",\"@id\":\"https:\\\/\\\/www.webdo.tn\\\/fr\\\/actualite\\\/culture\\\/le-festival-du-film-d-el-gouna-annonce-les-dates-de-sa-7eme-edition\\\/213156\\\/#primaryimage\",\"url\":\"https:\\\/\\\/www.webdo.tn\\\/fr\\\/wp-content\\\/uploads\\\/2024\\\/03\\\/9171934d5437b47948c260e253d10a44.jpeg\",\"contentUrl\":\"https:\\\/\\\/www.webdo.tn\\\/fr\\\/wp-content\\\/uploads\\\/2024\\\/03\\\/9171934d5437b47948c260e253d10a44.jpeg\",\"width\":750,\"height\":400,\"caption\":\"Le Festival du Film d'El Gouna annonce les dates de sa 7\u00e8me \u00e9dition\"},{\"@type\":\"BreadcrumbList\",\"@id\":\"https:\\\/\\\/www.webdo.tn\\\/fr\\\/actualite\\\/culture\\\/le-festival-du-film-d-el-gouna-annonce-les-dates-de-sa-7eme-edition\\\/213156\\\/#breadcrumb\",\"itemListElement\":[{\"@type\":\"ListItem\",\"position\":1,\"name\":\"Accueil\",\"item\":\"https:\\\/\\\/www.webdo.tn\\\/fr\\\/\"},{\"@type\":\"ListItem\",\"position\":2,\"name\":\"Le Festival du Film d&rsquo;El Gouna annonce les dates de sa 7\u00e8me \u00e9dition\"}]},{\"@type\":\"WebSite\",\"@id\":\"https:\\\/\\\/www.webdo.tn\\\/fr\\\/#website\",\"url\":\"https:\\\/\\\/www.webdo.tn\\\/fr\\\/\",\"name\":\"webdo\",\"description\":\"Tunisie - News en Tunisie et \u00e0 l&#039;international sur Webdo.tn\",\"publisher\":{\"@id\":\"https:\\\/\\\/www.webdo.tn\\\/fr\\\/#organization\"},\"potentialAction\":[{\"@type\":\"SearchAction\",\"target\":{\"@type\":\"EntryPoint\",\"urlTemplate\":\"https:\\\/\\\/www.webdo.tn\\\/fr\\\/?s={search_term_string}\"},\"query-input\":{\"@type\":\"PropertyValueSpecification\",\"valueRequired\":true,\"valueName\":\"search_term_string\"}}],\"inLanguage\":\"fr-FR\"},{\"@type\":\"Organization\",\"@id\":\"https:\\\/\\\/www.webdo.tn\\\/fr\\\/#organization\",\"name\":\"Webdo\",\"alternateName\":\"Webdo.tn\",\"url\":\"https:\\\/\\\/www.webdo.tn\\\/fr\\\/\",\"logo\":{\"@type\":\"ImageObject\",\"inLanguage\":\"fr-FR\",\"@id\":\"https:\\\/\\\/www.webdo.tn\\\/fr\\\/#\\\/schema\\\/logo\\\/image\\\/\",\"url\":\"https:\\\/\\\/www.webdo.tn\\\/fr\\\/wp-content\\\/uploads\\\/2025\\\/06\\\/Webdo-Tunisie_168377.jpg\",\"contentUrl\":\"https:\\\/\\\/www.webdo.tn\\\/fr\\\/wp-content\\\/uploads\\\/2025\\\/06\\\/Webdo-Tunisie_168377.jpg\",\"width\":301,\"height\":301,\"caption\":\"Webdo\"},\"image\":{\"@id\":\"https:\\\/\\\/www.webdo.tn\\\/fr\\\/#\\\/schema\\\/logo\\\/image\\\/\"},\"sameAs\":[\"https:\\\/\\\/www.facebook.com\\\/webdotn\",\"https:\\\/\\\/x.com\\\/webdo_tn\"],\"description\":\"Webdo est un m\u00e9dia num\u00e9rique tunisien fond\u00e9 en 2010, sp\u00e9cialis\u00e9 dans l\u2019actualit\u00e9 nationale et internationale, l\u2019\u00e9conomie, la soci\u00e9t\u00e9 et les analyses politiques. Le site s\u2019adresse \u00e0 un large public francophone et couvre l\u2019information tunisienne en temps r\u00e9el.\",\"email\":\"redac@webdo.tn\",\"legalName\":\"YNJ SARL\",\"foundingDate\":\"2010-09-06\",\"numberOfEmployees\":{\"@type\":\"QuantitativeValue\",\"minValue\":\"11\",\"maxValue\":\"50\"}},{\"@type\":\"Person\",\"@id\":\"https:\\\/\\\/www.webdo.tn\\\/fr\\\/#\\\/schema\\\/person\\\/60d5ba619ed3f58783b0dc82b7dada80\",\"name\":\"Ne\u00efla DRISS\",\"image\":{\"@type\":\"ImageObject\",\"inLanguage\":\"fr-FR\",\"@id\":\"https:\\\/\\\/www.webdo.tn\\\/fr\\\/wp-content\\\/uploads\\\/2026\\\/04\\\/neila-driss_avatar-96x96.jpg\",\"url\":\"https:\\\/\\\/www.webdo.tn\\\/fr\\\/wp-content\\\/uploads\\\/2026\\\/04\\\/neila-driss_avatar-96x96.jpg\",\"contentUrl\":\"https:\\\/\\\/www.webdo.tn\\\/fr\\\/wp-content\\\/uploads\\\/2026\\\/04\\\/neila-driss_avatar-96x96.jpg\",\"caption\":\"Ne\u00efla DRISS\"},\"description\":\"Ne\u00efla Driss est juriste, journaliste culturelle et critique de cin\u00e9ma tunisienne. Titulaire d\u2019un DEA en droit priv\u00e9 de l\u2019Universit\u00e9 Paris II et d\u2019un DESS de l\u2019IHEC Carthage, elle d\u00e9bute sa carri\u00e8re comme juriste sp\u00e9cialis\u00e9e en gestion de patrimoine immobilier. Elle s\u2019oriente ensuite vers l\u2019\u00e9criture en ligne, o\u00f9 elle se distingue d\u00e8s 2006 aux Tunisia Blog Awards, avant de se consacrer au journalisme culturel, avec une sp\u00e9cialisation dans la critique cin\u00e9matographique. Elle couvre r\u00e9guli\u00e8rement les grands festivals internationaux, notamment le Festival de Cannes, les Journ\u00e9es Cin\u00e9matographiques de Carthage et le Festival du film du Caire. Membre de l\u2019ATPCC et de la FIPRESCI, elle participe \u00e0 des jurys et initiatives internationales de critique. Depuis 2024, elle est \u00e9lectrice internationale aux Golden Globes. Facebook : https:\\\/\\\/www.facebook.com\\\/massir.destiniii\\\/ X : https:\\\/\\\/x.com\\\/MassirDestin\",\"sameAs\":[\"https:\\\/\\\/www.facebook.com\\\/massir.destiniii\\\/\",\"https:\\\/\\\/www.instagram.com\\\/neila.driss\\\/?hl=fr\",\"https:\\\/\\\/www.linkedin.com\\\/in\\\/neila-driss-22606a80\\\/\",\"https:\\\/\\\/x.com\\\/https:\\\/\\\/x.com\\\/MassirDestin\"],\"knowsAbout\":[\"Cin\u00e9ma international\",\"critique cin\u00e9matographique\",\"festivals de cin\u00e9ma\",\"journalisme culturel\"],\"knowsLanguage\":[\"Fran\u00e7ais\",\"Arabe\",\"Anglais\"],\"jobTitle\":\"Journaliste culturelle et critique de cin\u00e9ma\",\"worksFor\":\"Webdo\",\"url\":\"https:\\\/\\\/www.webdo.tn\\\/fr\\\/actualite\\\/author\\\/neila-driss\\\/\"}]}<\/script>\n<!-- \/ Yoast SEO Premium plugin. -->","yoast_head_json":{"title":"Le Festival du Film d'El Gouna annonce les dates de sa 7\u00e8me \u00e9dition","description":"Le Festival du Film d'El Gouna annonce les dates de sa 7\u00e8me \u00e9dition","canonical":"https:\/\/www.webdo.tn\/fr\/actualite\/culture\/le-festival-du-film-d-el-gouna-annonce-les-dates-de-sa-7eme-edition\/213156\/","og_locale":"fr_FR","og_type":"article","og_title":"Le Festival du Film d'El Gouna annonce les dates de sa 7\u00e8me \u00e9dition","og_description":"Le Festival du Film d'El Gouna annonce les dates de sa 7\u00e8me \u00e9dition","og_url":"https:\/\/www.webdo.tn\/fr\/actualite\/culture\/le-festival-du-film-d-el-gouna-annonce-les-dates-de-sa-7eme-edition\/213156\/","og_site_name":"webdo","article_publisher":"https:\/\/www.facebook.com\/webdotn","article_author":"https:\/\/www.facebook.com\/massir.destiniii\/","article_published_time":"2024-03-24T22:48:00+00:00","article_modified_time":"2025-05-21T08:56:07+00:00","og_image":[{"width":750,"height":400,"url":"https:\/\/www.webdo.tn\/fr\/wp-content\/uploads\/2024\/03\/9171934d5437b47948c260e253d10a44.jpeg","type":"image\/jpeg"}],"author":"Ne\u00efla DRISS","twitter_card":"summary_large_image","twitter_creator":"@https:\/\/x.com\/MassirDestin","twitter_site":"@webdo_tn","twitter_misc":{"\u00c9crit par":"Ne\u00efla DRISS","Dur\u00e9e de lecture estim\u00e9e":"5 minutes"},"schema":{"@context":"https:\/\/schema.org","@graph":[{"@type":"NewsArticle","@id":"https:\/\/www.webdo.tn\/fr\/actualite\/culture\/le-festival-du-film-d-el-gouna-annonce-les-dates-de-sa-7eme-edition\/213156\/#article","isPartOf":{"@id":"https:\/\/www.webdo.tn\/fr\/actualite\/culture\/le-festival-du-film-d-el-gouna-annonce-les-dates-de-sa-7eme-edition\/213156\/"},"author":{"name":"Ne\u00efla DRISS","@id":"https:\/\/www.webdo.tn\/fr\/#\/schema\/person\/60d5ba619ed3f58783b0dc82b7dada80"},"headline":"Le Festival du Film d&rsquo;El Gouna annonce les dates de sa 7\u00e8me \u00e9dition","datePublished":"2024-03-24T22:48:00+00:00","dateModified":"2025-05-21T08:56:07+00:00","mainEntityOfPage":{"@id":"https:\/\/www.webdo.tn\/fr\/actualite\/culture\/le-festival-du-film-d-el-gouna-annonce-les-dates-de-sa-7eme-edition\/213156\/"},"wordCount":1093,"commentCount":0,"publisher":{"@id":"https:\/\/www.webdo.tn\/fr\/#organization"},"image":{"@id":"https:\/\/www.webdo.tn\/fr\/actualite\/culture\/le-festival-du-film-d-el-gouna-annonce-les-dates-de-sa-7eme-edition\/213156\/#primaryimage"},"thumbnailUrl":"https:\/\/www.webdo.tn\/fr\/wp-content\/uploads\/2024\/03\/9171934d5437b47948c260e253d10a44.jpeg","keywords":["El Gouna","El Gouna 2024","Festival","Festival du Film d'El Gouna","GFF","GFF 2024"],"articleSection":["Culture"],"inLanguage":"fr-FR"},{"@type":"WebPage","@id":"https:\/\/www.webdo.tn\/fr\/actualite\/culture\/le-festival-du-film-d-el-gouna-annonce-les-dates-de-sa-7eme-edition\/213156\/","url":"https:\/\/www.webdo.tn\/fr\/actualite\/culture\/le-festival-du-film-d-el-gouna-annonce-les-dates-de-sa-7eme-edition\/213156\/","name":"Le Festival du Film d'El Gouna annonce les dates de sa 7\u00e8me \u00e9dition","isPartOf":{"@id":"https:\/\/www.webdo.tn\/fr\/#website"},"primaryImageOfPage":{"@id":"https:\/\/www.webdo.tn\/fr\/actualite\/culture\/le-festival-du-film-d-el-gouna-annonce-les-dates-de-sa-7eme-edition\/213156\/#primaryimage"},"image":{"@id":"https:\/\/www.webdo.tn\/fr\/actualite\/culture\/le-festival-du-film-d-el-gouna-annonce-les-dates-de-sa-7eme-edition\/213156\/#primaryimage"},"thumbnailUrl":"https:\/\/www.webdo.tn\/fr\/wp-content\/uploads\/2024\/03\/9171934d5437b47948c260e253d10a44.jpeg","datePublished":"2024-03-24T22:48:00+00:00","dateModified":"2025-05-21T08:56:07+00:00","description":"Le Festival du Film d'El Gouna annonce les dates de sa 7\u00e8me \u00e9dition","breadcrumb":{"@id":"https:\/\/www.webdo.tn\/fr\/actualite\/culture\/le-festival-du-film-d-el-gouna-annonce-les-dates-de-sa-7eme-edition\/213156\/#breadcrumb"},"inLanguage":"fr-FR","potentialAction":[{"@type":"ReadAction","target":["https:\/\/www.webdo.tn\/fr\/actualite\/culture\/le-festival-du-film-d-el-gouna-annonce-les-dates-de-sa-7eme-edition\/213156\/"]}]},{"@type":"ImageObject","inLanguage":"fr-FR","@id":"https:\/\/www.webdo.tn\/fr\/actualite\/culture\/le-festival-du-film-d-el-gouna-annonce-les-dates-de-sa-7eme-edition\/213156\/#primaryimage","url":"https:\/\/www.webdo.tn\/fr\/wp-content\/uploads\/2024\/03\/9171934d5437b47948c260e253d10a44.jpeg","contentUrl":"https:\/\/www.webdo.tn\/fr\/wp-content\/uploads\/2024\/03\/9171934d5437b47948c260e253d10a44.jpeg","width":750,"height":400,"caption":"Le Festival du Film d'El Gouna annonce les dates de sa 7\u00e8me \u00e9dition"},{"@type":"BreadcrumbList","@id":"https:\/\/www.webdo.tn\/fr\/actualite\/culture\/le-festival-du-film-d-el-gouna-annonce-les-dates-de-sa-7eme-edition\/213156\/#breadcrumb","itemListElement":[{"@type":"ListItem","position":1,"name":"Accueil","item":"https:\/\/www.webdo.tn\/fr\/"},{"@type":"ListItem","position":2,"name":"Le Festival du Film d&rsquo;El Gouna annonce les dates de sa 7\u00e8me \u00e9dition"}]},{"@type":"WebSite","@id":"https:\/\/www.webdo.tn\/fr\/#website","url":"https:\/\/www.webdo.tn\/fr\/","name":"webdo","description":"Tunisie - News en Tunisie et \u00e0 l&#039;international sur Webdo.tn","publisher":{"@id":"https:\/\/www.webdo.tn\/fr\/#organization"},"potentialAction":[{"@type":"SearchAction","target":{"@type":"EntryPoint","urlTemplate":"https:\/\/www.webdo.tn\/fr\/?s={search_term_string}"},"query-input":{"@type":"PropertyValueSpecification","valueRequired":true,"valueName":"search_term_string"}}],"inLanguage":"fr-FR"},{"@type":"Organization","@id":"https:\/\/www.webdo.tn\/fr\/#organization","name":"Webdo","alternateName":"Webdo.tn","url":"https:\/\/www.webdo.tn\/fr\/","logo":{"@type":"ImageObject","inLanguage":"fr-FR","@id":"https:\/\/www.webdo.tn\/fr\/#\/schema\/logo\/image\/","url":"https:\/\/www.webdo.tn\/fr\/wp-content\/uploads\/2025\/06\/Webdo-Tunisie_168377.jpg","contentUrl":"https:\/\/www.webdo.tn\/fr\/wp-content\/uploads\/2025\/06\/Webdo-Tunisie_168377.jpg","width":301,"height":301,"caption":"Webdo"},"image":{"@id":"https:\/\/www.webdo.tn\/fr\/#\/schema\/logo\/image\/"},"sameAs":["https:\/\/www.facebook.com\/webdotn","https:\/\/x.com\/webdo_tn"],"description":"Webdo est un m\u00e9dia num\u00e9rique tunisien fond\u00e9 en 2010, sp\u00e9cialis\u00e9 dans l\u2019actualit\u00e9 nationale et internationale, l\u2019\u00e9conomie, la soci\u00e9t\u00e9 et les analyses politiques. Le site s\u2019adresse \u00e0 un large public francophone et couvre l\u2019information tunisienne en temps r\u00e9el.","email":"redac@webdo.tn","legalName":"YNJ SARL","foundingDate":"2010-09-06","numberOfEmployees":{"@type":"QuantitativeValue","minValue":"11","maxValue":"50"}},{"@type":"Person","@id":"https:\/\/www.webdo.tn\/fr\/#\/schema\/person\/60d5ba619ed3f58783b0dc82b7dada80","name":"Ne\u00efla DRISS","image":{"@type":"ImageObject","inLanguage":"fr-FR","@id":"https:\/\/www.webdo.tn\/fr\/wp-content\/uploads\/2026\/04\/neila-driss_avatar-96x96.jpg","url":"https:\/\/www.webdo.tn\/fr\/wp-content\/uploads\/2026\/04\/neila-driss_avatar-96x96.jpg","contentUrl":"https:\/\/www.webdo.tn\/fr\/wp-content\/uploads\/2026\/04\/neila-driss_avatar-96x96.jpg","caption":"Ne\u00efla DRISS"},"description":"Ne\u00efla Driss est juriste, journaliste culturelle et critique de cin\u00e9ma tunisienne. Titulaire d\u2019un DEA en droit priv\u00e9 de l\u2019Universit\u00e9 Paris II et d\u2019un DESS de l\u2019IHEC Carthage, elle d\u00e9bute sa carri\u00e8re comme juriste sp\u00e9cialis\u00e9e en gestion de patrimoine immobilier. Elle s\u2019oriente ensuite vers l\u2019\u00e9criture en ligne, o\u00f9 elle se distingue d\u00e8s 2006 aux Tunisia Blog Awards, avant de se consacrer au journalisme culturel, avec une sp\u00e9cialisation dans la critique cin\u00e9matographique. Elle couvre r\u00e9guli\u00e8rement les grands festivals internationaux, notamment le Festival de Cannes, les Journ\u00e9es Cin\u00e9matographiques de Carthage et le Festival du film du Caire. Membre de l\u2019ATPCC et de la FIPRESCI, elle participe \u00e0 des jurys et initiatives internationales de critique. Depuis 2024, elle est \u00e9lectrice internationale aux Golden Globes. Facebook : https:\/\/www.facebook.com\/massir.destiniii\/ X : https:\/\/x.com\/MassirDestin","sameAs":["https:\/\/www.facebook.com\/massir.destiniii\/","https:\/\/www.instagram.com\/neila.driss\/?hl=fr","https:\/\/www.linkedin.com\/in\/neila-driss-22606a80\/","https:\/\/x.com\/https:\/\/x.com\/MassirDestin"],"knowsAbout":["Cin\u00e9ma international","critique cin\u00e9matographique","festivals de cin\u00e9ma","journalisme culturel"],"knowsLanguage":["Fran\u00e7ais","Arabe","Anglais"],"jobTitle":"Journaliste culturelle et critique de cin\u00e9ma","worksFor":"Webdo","url":"https:\/\/www.webdo.tn\/fr\/actualite\/author\/neila-driss\/"}]}},"_links":{"self":[{"href":"https:\/\/www.webdo.tn\/fr\/wp-json\/wp\/v2\/posts\/213156","targetHints":{"allow":["GET"]}}],"collection":[{"href":"https:\/\/www.webdo.tn\/fr\/wp-json\/wp\/v2\/posts"}],"about":[{"href":"https:\/\/www.webdo.tn\/fr\/wp-json\/wp\/v2\/types\/post"}],"author":[{"embeddable":true,"href":"https:\/\/www.webdo.tn\/fr\/wp-json\/wp\/v2\/users\/3164"}],"replies":[{"embeddable":true,"href":"https:\/\/www.webdo.tn\/fr\/wp-json\/wp\/v2\/comments?post=213156"}],"version-history":[{"count":0,"href":"https:\/\/www.webdo.tn\/fr\/wp-json\/wp\/v2\/posts\/213156\/revisions"}],"wp:featuredmedia":[{"embeddable":true,"href":"https:\/\/www.webdo.tn\/fr\/wp-json\/wp\/v2\/media\/247719"}],"wp:attachment":[{"href":"https:\/\/www.webdo.tn\/fr\/wp-json\/wp\/v2\/media?parent=213156"}],"wp:term":[{"taxonomy":"category","embeddable":true,"href":"https:\/\/www.webdo.tn\/fr\/wp-json\/wp\/v2\/categories?post=213156"},{"taxonomy":"post_tag","embeddable":true,"href":"https:\/\/www.webdo.tn\/fr\/wp-json\/wp\/v2\/tags?post=213156"}],"curies":[{"name":"wp","href":"https:\/\/api.w.org\/{rel}","templated":true}]}}