{"id":213126,"date":"2024-03-22T20:20:00","date_gmt":"2024-03-22T20:20:00","guid":{"rendered":"https:\/\/www.webdo.tn\/fr\/blog\/le-lutteur-souleyman-nasr-valide-son-billet-pour-les-jo-de-paris-2024\/213126\/"},"modified":"2024-03-22T20:20:00","modified_gmt":"2024-03-22T20:20:00","slug":"le-lutteur-souleyman-nasr-valide-son-billet-pour-les-jo-de-paris-2024","status":"publish","type":"post","link":"https:\/\/www.webdo.tn\/fr\/actualite\/sport\/le-lutteur-souleyman-nasr-valide-son-billet-pour-les-jo-de-paris-2024\/213126\/","title":{"rendered":"Le lutteur Souleyman Nasr valide son billet pour les JO de Paris 2024"},"content":{"rendered":"<p>Le lutteur tunisien Souleyman Nasr a valid\u00e9 son billet pour les Jeux Olympiques de Paris 2024, ce vendredi 22 mars 2024, selon un communiqu\u00e9 publi\u00e9 par la page officielle du Comit\u00e9 national olympique tunisien.<\/p>\n<p>\t\t\t\t\t\t\t\t\tLe lutteur tunisien a compost\u00e9 son billet dans le cadre du tournoi qualificatif, qui se d\u00e9roule actuellement en Egypte.\u00a0Souleyman Nasr repr\u00e9sentera donc la Tunisie, \u00e0 Paris,\u00a0dans la cat\u00e9gorie de 67 kg de lutte gr\u00e9co-romaine.<\/p>\n<p>Avec ce nouveau billet pour Paris, le nombre de sportifs tunisiens qualifi\u00e9s est d\u00e9sormais de 20.<\/p>\n<p>Rappelons que les \u00a0Jeux Olympiques se d\u00e9roulernt \u00e0 Paris du 26 juillet au 11 ao\u00fbt 2024.<\/p>\n","protected":false},"excerpt":{"rendered":"<p>Le lutteur tunisien Souleyman Nasr a valid\u00e9 son billet pour les Jeux Olympiques de Paris 2024, ce vendredi 22 mars 2024, selon un communiqu\u00e9 publi\u00e9 par la page&#8230;<\/p>\n","protected":false},"author":3169,"featured_media":247736,"comment_status":"open","ping_status":"closed","sticky":false,"template":"","format":"standard","meta":{"footnotes":""},"categories":[2593],"tags":[5799,6106,2668,5270,6810,2608],"class_list":["post-213126","post","type-post","status-publish","format-standard","has-post-thumbnail","hentry","category-sport","tag-5799","tag-jo","tag-lutte","tag-paris","tag-souleyman-nasr","tag-tunisie"],"yoast_head":"<!-- This site is optimized with the Yoast SEO Premium plugin v27.5 (Yoast SEO v27.5) - https:\/\/yoast.com\/product\/yoast-seo-premium-wordpress\/ -->\n<title>Le lutteur Souleyman Nasr valide son billet pour les JO de Paris 2024<\/title>\n<meta name=\"description\" content=\"Le lutteur tunisien Souleyman Nasr a valid\u00e9 son billet pour les Jeux Olympiques de Paris 2024, ce vendredi 22 mars 2024, selon un communiqu\u00e9 publi\u00e9 par la page...\" \/>\n<link rel=\"canonical\" href=\"https:\/\/www.webdo.tn\/fr\/actualite\/sport\/le-lutteur-souleyman-nasr-valide-son-billet-pour-les-jo-de-paris-2024\/213126\/\" \/>\n<meta property=\"og:locale\" content=\"fr_FR\" \/>\n<meta property=\"og:type\" content=\"article\" \/>\n<meta property=\"og:title\" content=\"Le lutteur Souleyman Nasr valide son billet pour les JO de Paris 2024\" \/>\n<meta property=\"og:description\" content=\"Le lutteur tunisien Souleyman Nasr a valid\u00e9 son billet pour les Jeux Olympiques de Paris 2024, ce vendredi 22 mars 2024, selon un communiqu\u00e9 publi\u00e9 par la page...\" \/>\n<meta property=\"og:url\" content=\"https:\/\/www.webdo.tn\/fr\/actualite\/sport\/le-lutteur-souleyman-nasr-valide-son-billet-pour-les-jo-de-paris-2024\/213126\/\" \/>\n<meta property=\"og:site_name\" content=\"webdo\" \/>\n<meta property=\"article:publisher\" content=\"https:\/\/www.facebook.com\/webdotn\" \/>\n<meta property=\"article:published_time\" content=\"2024-03-22T20:20:00+00:00\" \/>\n<meta property=\"og:image\" content=\"https:\/\/www.webdo.tn\/fr\/wp-content\/uploads\/2024\/03\/b4ecdc605302d0bce3de44432dc8a274.jpg\" \/>\n\t<meta property=\"og:image:width\" content=\"716\" \/>\n\t<meta property=\"og:image:height\" content=\"382\" \/>\n\t<meta property=\"og:image:type\" content=\"image\/jpeg\" \/>\n<meta name=\"author\" content=\"Webdo\" \/>\n<meta name=\"twitter:card\" content=\"summary_large_image\" \/>\n<meta name=\"twitter:creator\" content=\"@webdo_tn\" \/>\n<meta name=\"twitter:site\" content=\"@webdo_tn\" \/>\n<meta name=\"twitter:label1\" content=\"\u00c9crit par\" \/>\n\t<meta name=\"twitter:data1\" content=\"Webdo\" \/>\n\t<meta name=\"twitter:label2\" content=\"Dur\u00e9e de lecture estim\u00e9e\" \/>\n\t<meta name=\"twitter:data2\" content=\"1 minute\" \/>\n<script type=\"application\/ld+json\" class=\"yoast-schema-graph\">{\"@context\":\"https:\\\/\\\/schema.org\",\"@graph\":[{\"@type\":\"NewsArticle\",\"@id\":\"https:\\\/\\\/www.webdo.tn\\\/fr\\\/actualite\\\/sport\\\/le-lutteur-souleyman-nasr-valide-son-billet-pour-les-jo-de-paris-2024\\\/213126\\\/#article\",\"isPartOf\":{\"@id\":\"https:\\\/\\\/www.webdo.tn\\\/fr\\\/actualite\\\/sport\\\/le-lutteur-souleyman-nasr-valide-son-billet-pour-les-jo-de-paris-2024\\\/213126\\\/\"},\"author\":{\"name\":\"Webdo\",\"@id\":\"https:\\\/\\\/www.webdo.tn\\\/fr\\\/#\\\/schema\\\/person\\\/1f4e491e0907b413d61089e8eb573acc\"},\"headline\":\"Le lutteur Souleyman Nasr valide son billet pour les JO de Paris 2024\",\"datePublished\":\"2024-03-22T20:20:00+00:00\",\"mainEntityOfPage\":{\"@id\":\"https:\\\/\\\/www.webdo.tn\\\/fr\\\/actualite\\\/sport\\\/le-lutteur-souleyman-nasr-valide-son-billet-pour-les-jo-de-paris-2024\\\/213126\\\/\"},\"wordCount\":112,\"commentCount\":0,\"publisher\":{\"@id\":\"https:\\\/\\\/www.webdo.tn\\\/fr\\\/#organization\"},\"image\":{\"@id\":\"https:\\\/\\\/www.webdo.tn\\\/fr\\\/actualite\\\/sport\\\/le-lutteur-souleyman-nasr-valide-son-billet-pour-les-jo-de-paris-2024\\\/213126\\\/#primaryimage\"},\"thumbnailUrl\":\"https:\\\/\\\/www.webdo.tn\\\/fr\\\/wp-content\\\/uploads\\\/2024\\\/03\\\/b4ecdc605302d0bce3de44432dc8a274.jpg\",\"keywords\":[\"2024\",\"JO\",\"lutte\",\"Paris\",\"souleyman nasr\",\"Tunisie\"],\"articleSection\":[\"Sport\"],\"inLanguage\":\"fr-FR\"},{\"@type\":\"WebPage\",\"@id\":\"https:\\\/\\\/www.webdo.tn\\\/fr\\\/actualite\\\/sport\\\/le-lutteur-souleyman-nasr-valide-son-billet-pour-les-jo-de-paris-2024\\\/213126\\\/\",\"url\":\"https:\\\/\\\/www.webdo.tn\\\/fr\\\/actualite\\\/sport\\\/le-lutteur-souleyman-nasr-valide-son-billet-pour-les-jo-de-paris-2024\\\/213126\\\/\",\"name\":\"Le lutteur Souleyman Nasr valide son billet pour les JO de Paris 2024\",\"isPartOf\":{\"@id\":\"https:\\\/\\\/www.webdo.tn\\\/fr\\\/#website\"},\"primaryImageOfPage\":{\"@id\":\"https:\\\/\\\/www.webdo.tn\\\/fr\\\/actualite\\\/sport\\\/le-lutteur-souleyman-nasr-valide-son-billet-pour-les-jo-de-paris-2024\\\/213126\\\/#primaryimage\"},\"image\":{\"@id\":\"https:\\\/\\\/www.webdo.tn\\\/fr\\\/actualite\\\/sport\\\/le-lutteur-souleyman-nasr-valide-son-billet-pour-les-jo-de-paris-2024\\\/213126\\\/#primaryimage\"},\"thumbnailUrl\":\"https:\\\/\\\/www.webdo.tn\\\/fr\\\/wp-content\\\/uploads\\\/2024\\\/03\\\/b4ecdc605302d0bce3de44432dc8a274.jpg\",\"datePublished\":\"2024-03-22T20:20:00+00:00\",\"description\":\"Le lutteur tunisien Souleyman Nasr a valid\u00e9 son billet pour les Jeux Olympiques de Paris 2024, ce vendredi 22 mars 2024, selon un communiqu\u00e9 publi\u00e9 par la page...\",\"breadcrumb\":{\"@id\":\"https:\\\/\\\/www.webdo.tn\\\/fr\\\/actualite\\\/sport\\\/le-lutteur-souleyman-nasr-valide-son-billet-pour-les-jo-de-paris-2024\\\/213126\\\/#breadcrumb\"},\"inLanguage\":\"fr-FR\",\"potentialAction\":[{\"@type\":\"ReadAction\",\"target\":[\"https:\\\/\\\/www.webdo.tn\\\/fr\\\/actualite\\\/sport\\\/le-lutteur-souleyman-nasr-valide-son-billet-pour-les-jo-de-paris-2024\\\/213126\\\/\"]}]},{\"@type\":\"ImageObject\",\"inLanguage\":\"fr-FR\",\"@id\":\"https:\\\/\\\/www.webdo.tn\\\/fr\\\/actualite\\\/sport\\\/le-lutteur-souleyman-nasr-valide-son-billet-pour-les-jo-de-paris-2024\\\/213126\\\/#primaryimage\",\"url\":\"https:\\\/\\\/www.webdo.tn\\\/fr\\\/wp-content\\\/uploads\\\/2024\\\/03\\\/b4ecdc605302d0bce3de44432dc8a274.jpg\",\"contentUrl\":\"https:\\\/\\\/www.webdo.tn\\\/fr\\\/wp-content\\\/uploads\\\/2024\\\/03\\\/b4ecdc605302d0bce3de44432dc8a274.jpg\",\"width\":716,\"height\":382,\"caption\":\"Le lutteur Souleyman Nasr valide son billet pour les JO de Paris 2024\"},{\"@type\":\"BreadcrumbList\",\"@id\":\"https:\\\/\\\/www.webdo.tn\\\/fr\\\/actualite\\\/sport\\\/le-lutteur-souleyman-nasr-valide-son-billet-pour-les-jo-de-paris-2024\\\/213126\\\/#breadcrumb\",\"itemListElement\":[{\"@type\":\"ListItem\",\"position\":1,\"name\":\"Accueil\",\"item\":\"https:\\\/\\\/www.webdo.tn\\\/fr\\\/\"},{\"@type\":\"ListItem\",\"position\":2,\"name\":\"Le lutteur Souleyman Nasr valide son billet pour les JO de Paris 2024\"}]},{\"@type\":\"WebSite\",\"@id\":\"https:\\\/\\\/www.webdo.tn\\\/fr\\\/#website\",\"url\":\"https:\\\/\\\/www.webdo.tn\\\/fr\\\/\",\"name\":\"webdo\",\"description\":\"Tunisie - News en Tunisie et \u00e0 l&#039;international sur Webdo.tn\",\"publisher\":{\"@id\":\"https:\\\/\\\/www.webdo.tn\\\/fr\\\/#organization\"},\"potentialAction\":[{\"@type\":\"SearchAction\",\"target\":{\"@type\":\"EntryPoint\",\"urlTemplate\":\"https:\\\/\\\/www.webdo.tn\\\/fr\\\/?s={search_term_string}\"},\"query-input\":{\"@type\":\"PropertyValueSpecification\",\"valueRequired\":true,\"valueName\":\"search_term_string\"}}],\"inLanguage\":\"fr-FR\"},{\"@type\":\"Organization\",\"@id\":\"https:\\\/\\\/www.webdo.tn\\\/fr\\\/#organization\",\"name\":\"Webdo\",\"alternateName\":\"Webdo.tn\",\"url\":\"https:\\\/\\\/www.webdo.tn\\\/fr\\\/\",\"logo\":{\"@type\":\"ImageObject\",\"inLanguage\":\"fr-FR\",\"@id\":\"https:\\\/\\\/www.webdo.tn\\\/fr\\\/#\\\/schema\\\/logo\\\/image\\\/\",\"url\":\"https:\\\/\\\/www.webdo.tn\\\/fr\\\/wp-content\\\/uploads\\\/2025\\\/06\\\/Webdo-Tunisie_168377.jpg\",\"contentUrl\":\"https:\\\/\\\/www.webdo.tn\\\/fr\\\/wp-content\\\/uploads\\\/2025\\\/06\\\/Webdo-Tunisie_168377.jpg\",\"width\":301,\"height\":301,\"caption\":\"Webdo\"},\"image\":{\"@id\":\"https:\\\/\\\/www.webdo.tn\\\/fr\\\/#\\\/schema\\\/logo\\\/image\\\/\"},\"sameAs\":[\"https:\\\/\\\/www.facebook.com\\\/webdotn\",\"https:\\\/\\\/x.com\\\/webdo_tn\"],\"description\":\"Webdo est un m\u00e9dia num\u00e9rique tunisien fond\u00e9 en 2010, sp\u00e9cialis\u00e9 dans l\u2019actualit\u00e9 nationale et internationale, l\u2019\u00e9conomie, la soci\u00e9t\u00e9 et les analyses politiques. Le site s\u2019adresse \u00e0 un large public francophone et couvre l\u2019information tunisienne en temps r\u00e9el.\",\"email\":\"redac@webdo.tn\",\"legalName\":\"YNJ SARL\",\"foundingDate\":\"2010-09-06\",\"numberOfEmployees\":{\"@type\":\"QuantitativeValue\",\"minValue\":\"11\",\"maxValue\":\"50\"}},{\"@type\":\"Person\",\"@id\":\"https:\\\/\\\/www.webdo.tn\\\/fr\\\/#\\\/schema\\\/person\\\/1f4e491e0907b413d61089e8eb573acc\",\"name\":\"Webdo\",\"image\":{\"@type\":\"ImageObject\",\"inLanguage\":\"fr-FR\",\"@id\":\"https:\\\/\\\/secure.gravatar.com\\\/avatar\\\/de97aeec1bb80978a9dbb127e47dfc88aaacb2f3c29aac907d8d3222e3495d49?s=96&d=mm&r=g\",\"url\":\"https:\\\/\\\/secure.gravatar.com\\\/avatar\\\/de97aeec1bb80978a9dbb127e47dfc88aaacb2f3c29aac907d8d3222e3495d49?s=96&d=mm&r=g\",\"contentUrl\":\"https:\\\/\\\/secure.gravatar.com\\\/avatar\\\/de97aeec1bb80978a9dbb127e47dfc88aaacb2f3c29aac907d8d3222e3495d49?s=96&d=mm&r=g\",\"caption\":\"Webdo\"},\"url\":\"https:\\\/\\\/www.webdo.tn\\\/fr\\\/actualite\\\/author\\\/webdo\\\/\"}]}<\/script>\n<!-- \/ Yoast SEO Premium plugin. -->","yoast_head_json":{"title":"Le lutteur Souleyman Nasr valide son billet pour les JO de Paris 2024","description":"Le lutteur tunisien Souleyman Nasr a valid\u00e9 son billet pour les Jeux Olympiques de Paris 2024, ce vendredi 22 mars 2024, selon un communiqu\u00e9 publi\u00e9 par la page...","canonical":"https:\/\/www.webdo.tn\/fr\/actualite\/sport\/le-lutteur-souleyman-nasr-valide-son-billet-pour-les-jo-de-paris-2024\/213126\/","og_locale":"fr_FR","og_type":"article","og_title":"Le lutteur Souleyman Nasr valide son billet pour les JO de Paris 2024","og_description":"Le lutteur tunisien Souleyman Nasr a valid\u00e9 son billet pour les Jeux Olympiques de Paris 2024, ce vendredi 22 mars 2024, selon un communiqu\u00e9 publi\u00e9 par la page...","og_url":"https:\/\/www.webdo.tn\/fr\/actualite\/sport\/le-lutteur-souleyman-nasr-valide-son-billet-pour-les-jo-de-paris-2024\/213126\/","og_site_name":"webdo","article_publisher":"https:\/\/www.facebook.com\/webdotn","article_published_time":"2024-03-22T20:20:00+00:00","og_image":[{"width":716,"height":382,"url":"https:\/\/www.webdo.tn\/fr\/wp-content\/uploads\/2024\/03\/b4ecdc605302d0bce3de44432dc8a274.jpg","type":"image\/jpeg"}],"author":"Webdo","twitter_card":"summary_large_image","twitter_creator":"@webdo_tn","twitter_site":"@webdo_tn","twitter_misc":{"\u00c9crit par":"Webdo","Dur\u00e9e de lecture estim\u00e9e":"1 minute"},"schema":{"@context":"https:\/\/schema.org","@graph":[{"@type":"NewsArticle","@id":"https:\/\/www.webdo.tn\/fr\/actualite\/sport\/le-lutteur-souleyman-nasr-valide-son-billet-pour-les-jo-de-paris-2024\/213126\/#article","isPartOf":{"@id":"https:\/\/www.webdo.tn\/fr\/actualite\/sport\/le-lutteur-souleyman-nasr-valide-son-billet-pour-les-jo-de-paris-2024\/213126\/"},"author":{"name":"Webdo","@id":"https:\/\/www.webdo.tn\/fr\/#\/schema\/person\/1f4e491e0907b413d61089e8eb573acc"},"headline":"Le lutteur Souleyman Nasr valide son billet pour les JO de Paris 2024","datePublished":"2024-03-22T20:20:00+00:00","mainEntityOfPage":{"@id":"https:\/\/www.webdo.tn\/fr\/actualite\/sport\/le-lutteur-souleyman-nasr-valide-son-billet-pour-les-jo-de-paris-2024\/213126\/"},"wordCount":112,"commentCount":0,"publisher":{"@id":"https:\/\/www.webdo.tn\/fr\/#organization"},"image":{"@id":"https:\/\/www.webdo.tn\/fr\/actualite\/sport\/le-lutteur-souleyman-nasr-valide-son-billet-pour-les-jo-de-paris-2024\/213126\/#primaryimage"},"thumbnailUrl":"https:\/\/www.webdo.tn\/fr\/wp-content\/uploads\/2024\/03\/b4ecdc605302d0bce3de44432dc8a274.jpg","keywords":["2024","JO","lutte","Paris","souleyman nasr","Tunisie"],"articleSection":["Sport"],"inLanguage":"fr-FR"},{"@type":"WebPage","@id":"https:\/\/www.webdo.tn\/fr\/actualite\/sport\/le-lutteur-souleyman-nasr-valide-son-billet-pour-les-jo-de-paris-2024\/213126\/","url":"https:\/\/www.webdo.tn\/fr\/actualite\/sport\/le-lutteur-souleyman-nasr-valide-son-billet-pour-les-jo-de-paris-2024\/213126\/","name":"Le lutteur Souleyman Nasr valide son billet pour les JO de Paris 2024","isPartOf":{"@id":"https:\/\/www.webdo.tn\/fr\/#website"},"primaryImageOfPage":{"@id":"https:\/\/www.webdo.tn\/fr\/actualite\/sport\/le-lutteur-souleyman-nasr-valide-son-billet-pour-les-jo-de-paris-2024\/213126\/#primaryimage"},"image":{"@id":"https:\/\/www.webdo.tn\/fr\/actualite\/sport\/le-lutteur-souleyman-nasr-valide-son-billet-pour-les-jo-de-paris-2024\/213126\/#primaryimage"},"thumbnailUrl":"https:\/\/www.webdo.tn\/fr\/wp-content\/uploads\/2024\/03\/b4ecdc605302d0bce3de44432dc8a274.jpg","datePublished":"2024-03-22T20:20:00+00:00","description":"Le lutteur tunisien Souleyman Nasr a valid\u00e9 son billet pour les Jeux Olympiques de Paris 2024, ce vendredi 22 mars 2024, selon un communiqu\u00e9 publi\u00e9 par la page...","breadcrumb":{"@id":"https:\/\/www.webdo.tn\/fr\/actualite\/sport\/le-lutteur-souleyman-nasr-valide-son-billet-pour-les-jo-de-paris-2024\/213126\/#breadcrumb"},"inLanguage":"fr-FR","potentialAction":[{"@type":"ReadAction","target":["https:\/\/www.webdo.tn\/fr\/actualite\/sport\/le-lutteur-souleyman-nasr-valide-son-billet-pour-les-jo-de-paris-2024\/213126\/"]}]},{"@type":"ImageObject","inLanguage":"fr-FR","@id":"https:\/\/www.webdo.tn\/fr\/actualite\/sport\/le-lutteur-souleyman-nasr-valide-son-billet-pour-les-jo-de-paris-2024\/213126\/#primaryimage","url":"https:\/\/www.webdo.tn\/fr\/wp-content\/uploads\/2024\/03\/b4ecdc605302d0bce3de44432dc8a274.jpg","contentUrl":"https:\/\/www.webdo.tn\/fr\/wp-content\/uploads\/2024\/03\/b4ecdc605302d0bce3de44432dc8a274.jpg","width":716,"height":382,"caption":"Le lutteur Souleyman Nasr valide son billet pour les JO de Paris 2024"},{"@type":"BreadcrumbList","@id":"https:\/\/www.webdo.tn\/fr\/actualite\/sport\/le-lutteur-souleyman-nasr-valide-son-billet-pour-les-jo-de-paris-2024\/213126\/#breadcrumb","itemListElement":[{"@type":"ListItem","position":1,"name":"Accueil","item":"https:\/\/www.webdo.tn\/fr\/"},{"@type":"ListItem","position":2,"name":"Le lutteur Souleyman Nasr valide son billet pour les JO de Paris 2024"}]},{"@type":"WebSite","@id":"https:\/\/www.webdo.tn\/fr\/#website","url":"https:\/\/www.webdo.tn\/fr\/","name":"webdo","description":"Tunisie - News en Tunisie et \u00e0 l&#039;international sur Webdo.tn","publisher":{"@id":"https:\/\/www.webdo.tn\/fr\/#organization"},"potentialAction":[{"@type":"SearchAction","target":{"@type":"EntryPoint","urlTemplate":"https:\/\/www.webdo.tn\/fr\/?s={search_term_string}"},"query-input":{"@type":"PropertyValueSpecification","valueRequired":true,"valueName":"search_term_string"}}],"inLanguage":"fr-FR"},{"@type":"Organization","@id":"https:\/\/www.webdo.tn\/fr\/#organization","name":"Webdo","alternateName":"Webdo.tn","url":"https:\/\/www.webdo.tn\/fr\/","logo":{"@type":"ImageObject","inLanguage":"fr-FR","@id":"https:\/\/www.webdo.tn\/fr\/#\/schema\/logo\/image\/","url":"https:\/\/www.webdo.tn\/fr\/wp-content\/uploads\/2025\/06\/Webdo-Tunisie_168377.jpg","contentUrl":"https:\/\/www.webdo.tn\/fr\/wp-content\/uploads\/2025\/06\/Webdo-Tunisie_168377.jpg","width":301,"height":301,"caption":"Webdo"},"image":{"@id":"https:\/\/www.webdo.tn\/fr\/#\/schema\/logo\/image\/"},"sameAs":["https:\/\/www.facebook.com\/webdotn","https:\/\/x.com\/webdo_tn"],"description":"Webdo est un m\u00e9dia num\u00e9rique tunisien fond\u00e9 en 2010, sp\u00e9cialis\u00e9 dans l\u2019actualit\u00e9 nationale et internationale, l\u2019\u00e9conomie, la soci\u00e9t\u00e9 et les analyses politiques. Le site s\u2019adresse \u00e0 un large public francophone et couvre l\u2019information tunisienne en temps r\u00e9el.","email":"redac@webdo.tn","legalName":"YNJ SARL","foundingDate":"2010-09-06","numberOfEmployees":{"@type":"QuantitativeValue","minValue":"11","maxValue":"50"}},{"@type":"Person","@id":"https:\/\/www.webdo.tn\/fr\/#\/schema\/person\/1f4e491e0907b413d61089e8eb573acc","name":"Webdo","image":{"@type":"ImageObject","inLanguage":"fr-FR","@id":"https:\/\/secure.gravatar.com\/avatar\/de97aeec1bb80978a9dbb127e47dfc88aaacb2f3c29aac907d8d3222e3495d49?s=96&d=mm&r=g","url":"https:\/\/secure.gravatar.com\/avatar\/de97aeec1bb80978a9dbb127e47dfc88aaacb2f3c29aac907d8d3222e3495d49?s=96&d=mm&r=g","contentUrl":"https:\/\/secure.gravatar.com\/avatar\/de97aeec1bb80978a9dbb127e47dfc88aaacb2f3c29aac907d8d3222e3495d49?s=96&d=mm&r=g","caption":"Webdo"},"url":"https:\/\/www.webdo.tn\/fr\/actualite\/author\/webdo\/"}]}},"_links":{"self":[{"href":"https:\/\/www.webdo.tn\/fr\/wp-json\/wp\/v2\/posts\/213126","targetHints":{"allow":["GET"]}}],"collection":[{"href":"https:\/\/www.webdo.tn\/fr\/wp-json\/wp\/v2\/posts"}],"about":[{"href":"https:\/\/www.webdo.tn\/fr\/wp-json\/wp\/v2\/types\/post"}],"author":[{"embeddable":true,"href":"https:\/\/www.webdo.tn\/fr\/wp-json\/wp\/v2\/users\/3169"}],"replies":[{"embeddable":true,"href":"https:\/\/www.webdo.tn\/fr\/wp-json\/wp\/v2\/comments?post=213126"}],"version-history":[{"count":0,"href":"https:\/\/www.webdo.tn\/fr\/wp-json\/wp\/v2\/posts\/213126\/revisions"}],"wp:featuredmedia":[{"embeddable":true,"href":"https:\/\/www.webdo.tn\/fr\/wp-json\/wp\/v2\/media\/247736"}],"wp:attachment":[{"href":"https:\/\/www.webdo.tn\/fr\/wp-json\/wp\/v2\/media?parent=213126"}],"wp:term":[{"taxonomy":"category","embeddable":true,"href":"https:\/\/www.webdo.tn\/fr\/wp-json\/wp\/v2\/categories?post=213126"},{"taxonomy":"post_tag","embeddable":true,"href":"https:\/\/www.webdo.tn\/fr\/wp-json\/wp\/v2\/tags?post=213126"}],"curies":[{"name":"wp","href":"https:\/\/api.w.org\/{rel}","templated":true}]}}