{"id":213125,"date":"2024-03-22T20:10:00","date_gmt":"2024-03-22T20:10:00","guid":{"rendered":"https:\/\/www.webdo.tn\/fr\/blog\/le-journaliste-mohamed-boughalleb-place-en-garde-a-vue\/213125\/"},"modified":"2024-03-22T20:10:00","modified_gmt":"2024-03-22T20:10:00","slug":"le-journaliste-mohamed-boughalleb-place-en-garde-a-vue","status":"publish","type":"post","link":"https:\/\/www.webdo.tn\/fr\/actualite\/national\/le-journaliste-mohamed-boughalleb-place-en-garde-a-vue\/213125\/","title":{"rendered":"Le journaliste Mohamed Boughalleb plac\u00e9 en garde \u00e0 vue"},"content":{"rendered":"<p>Le journaliste Mohamed Boughalleb, a \u00e9t\u00e9 plac\u00e9 en garde \u00e0 vue, pour une dur\u00e9e de 48 heures, sur une d\u00e9cision du  minist\u00e8re public du Tribunal de premi\u00e8re instance de Tunis, selon les d\u00e9clarations du porte-parole dudit tribunal, Mohamed Zitouna, \u00e0 Mosaique FM.<\/p>\n<p>\t\t\t\t\t\t\t\t\tPlus t\u00f4t dans la journ\u00e9e, Mohamed Boughalleb a comparu devant la cinqui\u00e8me brigade centrale de la Garde Nationale d&rsquo;El Aouina.\u00a0<\/p>\n<p>L&rsquo;objet de cette comparution concerne une plainte d\u00e9pos\u00e9e par une\u00a0employ\u00e9e du secteur public, dont l&rsquo;idendit\u00e9 n&rsquo;a pas \u00e9t\u00e9 r\u00e9v\u00e9l\u00e9e, et qui accuse le journaliste d&rsquo;avoir\u00a0atteinte \u00e0 son honneur et \u00e0 sa r\u00e9putation, \u00e0 travers des statuts publi\u00e9s sur sa page Facebook.\u00a0<\/p>\n<p>Mohamed Boughalleb a re\u00e7u, depuis, une vague de soutien de plusieurs journalistes et d&rsquo;autres activistes de la soci\u00e9t\u00e9 civile.<\/p>\n","protected":false},"excerpt":{"rendered":"<p>Le journaliste Mohamed Boughalleb, a \u00e9t\u00e9 plac\u00e9 en garde \u00e0 vue, pour une dur\u00e9e de 48 heures, sur une d\u00e9cision du  minist\u00e8re public du Tribunal de premi\u00e8re instan&#8230;<\/p>\n","protected":false},"author":3169,"featured_media":247733,"comment_status":"open","ping_status":"closed","sticky":false,"template":"","format":"standard","meta":{"footnotes":""},"categories":[44],"tags":[3045,5134,2619,3939,2608],"class_list":["post-213125","post","type-post","status-publish","format-standard","has-post-thumbnail","hentry","category-national","tag-garde-a-vue","tag-journaliste","tag-justice","tag-mohamed-boughalleb","tag-tunisie"],"yoast_head":"<!-- This site is optimized with the Yoast SEO Premium plugin v27.5 (Yoast SEO v27.5) - https:\/\/yoast.com\/product\/yoast-seo-premium-wordpress\/ -->\n<title>Le journaliste Mohamed Boughalleb plac\u00e9 en garde \u00e0 vue<\/title>\n<meta name=\"description\" content=\"Le journaliste Mohamed Boughalleb, a \u00e9t\u00e9 plac\u00e9 en garde \u00e0 vue, pour une dur\u00e9e de 48 heures, sur une d\u00e9cision du minist\u00e8re public du Tribunal de premi\u00e8re instan...\" \/>\n<link rel=\"canonical\" href=\"https:\/\/www.webdo.tn\/fr\/actualite\/national\/le-journaliste-mohamed-boughalleb-place-en-garde-a-vue\/213125\/\" \/>\n<meta property=\"og:locale\" content=\"fr_FR\" \/>\n<meta property=\"og:type\" content=\"article\" \/>\n<meta property=\"og:title\" content=\"Le journaliste Mohamed Boughalleb plac\u00e9 en garde \u00e0 vue\" \/>\n<meta property=\"og:description\" content=\"Le journaliste Mohamed Boughalleb, a \u00e9t\u00e9 plac\u00e9 en garde \u00e0 vue, pour une dur\u00e9e de 48 heures, sur une d\u00e9cision du minist\u00e8re public du Tribunal de premi\u00e8re instan...\" \/>\n<meta property=\"og:url\" content=\"https:\/\/www.webdo.tn\/fr\/actualite\/national\/le-journaliste-mohamed-boughalleb-place-en-garde-a-vue\/213125\/\" \/>\n<meta property=\"og:site_name\" content=\"webdo\" \/>\n<meta property=\"article:publisher\" content=\"https:\/\/www.facebook.com\/webdotn\" \/>\n<meta property=\"article:published_time\" content=\"2024-03-22T20:10:00+00:00\" \/>\n<meta property=\"og:image\" content=\"https:\/\/www.webdo.tn\/fr\/wp-content\/uploads\/2024\/03\/eabc541bfce9a485a43c95aa999de12a.jpg\" \/>\n\t<meta property=\"og:image:width\" content=\"750\" \/>\n\t<meta property=\"og:image:height\" content=\"400\" \/>\n\t<meta property=\"og:image:type\" content=\"image\/jpeg\" \/>\n<meta name=\"author\" content=\"Webdo\" \/>\n<meta name=\"twitter:card\" content=\"summary_large_image\" \/>\n<meta name=\"twitter:creator\" content=\"@webdo_tn\" \/>\n<meta name=\"twitter:site\" content=\"@webdo_tn\" \/>\n<meta name=\"twitter:label1\" content=\"\u00c9crit par\" \/>\n\t<meta name=\"twitter:data1\" content=\"Webdo\" \/>\n\t<meta name=\"twitter:label2\" content=\"Dur\u00e9e de lecture estim\u00e9e\" \/>\n\t<meta name=\"twitter:data2\" content=\"1 minute\" \/>\n<script type=\"application\/ld+json\" class=\"yoast-schema-graph\">{\"@context\":\"https:\\\/\\\/schema.org\",\"@graph\":[{\"@type\":\"NewsArticle\",\"@id\":\"https:\\\/\\\/www.webdo.tn\\\/fr\\\/actualite\\\/national\\\/le-journaliste-mohamed-boughalleb-place-en-garde-a-vue\\\/213125\\\/#article\",\"isPartOf\":{\"@id\":\"https:\\\/\\\/www.webdo.tn\\\/fr\\\/actualite\\\/national\\\/le-journaliste-mohamed-boughalleb-place-en-garde-a-vue\\\/213125\\\/\"},\"author\":{\"name\":\"Webdo\",\"@id\":\"https:\\\/\\\/www.webdo.tn\\\/fr\\\/#\\\/schema\\\/person\\\/1f4e491e0907b413d61089e8eb573acc\"},\"headline\":\"Le journaliste Mohamed Boughalleb plac\u00e9 en garde \u00e0 vue\",\"datePublished\":\"2024-03-22T20:10:00+00:00\",\"mainEntityOfPage\":{\"@id\":\"https:\\\/\\\/www.webdo.tn\\\/fr\\\/actualite\\\/national\\\/le-journaliste-mohamed-boughalleb-place-en-garde-a-vue\\\/213125\\\/\"},\"wordCount\":150,\"commentCount\":0,\"publisher\":{\"@id\":\"https:\\\/\\\/www.webdo.tn\\\/fr\\\/#organization\"},\"image\":{\"@id\":\"https:\\\/\\\/www.webdo.tn\\\/fr\\\/actualite\\\/national\\\/le-journaliste-mohamed-boughalleb-place-en-garde-a-vue\\\/213125\\\/#primaryimage\"},\"thumbnailUrl\":\"https:\\\/\\\/www.webdo.tn\\\/fr\\\/wp-content\\\/uploads\\\/2024\\\/03\\\/eabc541bfce9a485a43c95aa999de12a.jpg\",\"keywords\":[\"garde \u00e0 vue\",\"Journaliste\",\"justice\",\"mohamed boughalleb\",\"Tunisie\"],\"articleSection\":[\"National\"],\"inLanguage\":\"fr-FR\"},{\"@type\":\"WebPage\",\"@id\":\"https:\\\/\\\/www.webdo.tn\\\/fr\\\/actualite\\\/national\\\/le-journaliste-mohamed-boughalleb-place-en-garde-a-vue\\\/213125\\\/\",\"url\":\"https:\\\/\\\/www.webdo.tn\\\/fr\\\/actualite\\\/national\\\/le-journaliste-mohamed-boughalleb-place-en-garde-a-vue\\\/213125\\\/\",\"name\":\"Le journaliste Mohamed Boughalleb plac\u00e9 en garde \u00e0 vue\",\"isPartOf\":{\"@id\":\"https:\\\/\\\/www.webdo.tn\\\/fr\\\/#website\"},\"primaryImageOfPage\":{\"@id\":\"https:\\\/\\\/www.webdo.tn\\\/fr\\\/actualite\\\/national\\\/le-journaliste-mohamed-boughalleb-place-en-garde-a-vue\\\/213125\\\/#primaryimage\"},\"image\":{\"@id\":\"https:\\\/\\\/www.webdo.tn\\\/fr\\\/actualite\\\/national\\\/le-journaliste-mohamed-boughalleb-place-en-garde-a-vue\\\/213125\\\/#primaryimage\"},\"thumbnailUrl\":\"https:\\\/\\\/www.webdo.tn\\\/fr\\\/wp-content\\\/uploads\\\/2024\\\/03\\\/eabc541bfce9a485a43c95aa999de12a.jpg\",\"datePublished\":\"2024-03-22T20:10:00+00:00\",\"description\":\"Le journaliste Mohamed Boughalleb, a \u00e9t\u00e9 plac\u00e9 en garde \u00e0 vue, pour une dur\u00e9e de 48 heures, sur une d\u00e9cision du minist\u00e8re public du Tribunal de premi\u00e8re instan...\",\"breadcrumb\":{\"@id\":\"https:\\\/\\\/www.webdo.tn\\\/fr\\\/actualite\\\/national\\\/le-journaliste-mohamed-boughalleb-place-en-garde-a-vue\\\/213125\\\/#breadcrumb\"},\"inLanguage\":\"fr-FR\",\"potentialAction\":[{\"@type\":\"ReadAction\",\"target\":[\"https:\\\/\\\/www.webdo.tn\\\/fr\\\/actualite\\\/national\\\/le-journaliste-mohamed-boughalleb-place-en-garde-a-vue\\\/213125\\\/\"]}]},{\"@type\":\"ImageObject\",\"inLanguage\":\"fr-FR\",\"@id\":\"https:\\\/\\\/www.webdo.tn\\\/fr\\\/actualite\\\/national\\\/le-journaliste-mohamed-boughalleb-place-en-garde-a-vue\\\/213125\\\/#primaryimage\",\"url\":\"https:\\\/\\\/www.webdo.tn\\\/fr\\\/wp-content\\\/uploads\\\/2024\\\/03\\\/eabc541bfce9a485a43c95aa999de12a.jpg\",\"contentUrl\":\"https:\\\/\\\/www.webdo.tn\\\/fr\\\/wp-content\\\/uploads\\\/2024\\\/03\\\/eabc541bfce9a485a43c95aa999de12a.jpg\",\"width\":750,\"height\":400,\"caption\":\"Le journaliste Mohamed Boughalleb plac\u00e9 en garde \u00e0 vue\"},{\"@type\":\"BreadcrumbList\",\"@id\":\"https:\\\/\\\/www.webdo.tn\\\/fr\\\/actualite\\\/national\\\/le-journaliste-mohamed-boughalleb-place-en-garde-a-vue\\\/213125\\\/#breadcrumb\",\"itemListElement\":[{\"@type\":\"ListItem\",\"position\":1,\"name\":\"Accueil\",\"item\":\"https:\\\/\\\/www.webdo.tn\\\/fr\\\/\"},{\"@type\":\"ListItem\",\"position\":2,\"name\":\"Le journaliste Mohamed Boughalleb plac\u00e9 en garde \u00e0 vue\"}]},{\"@type\":\"WebSite\",\"@id\":\"https:\\\/\\\/www.webdo.tn\\\/fr\\\/#website\",\"url\":\"https:\\\/\\\/www.webdo.tn\\\/fr\\\/\",\"name\":\"webdo\",\"description\":\"Tunisie - News en Tunisie et \u00e0 l&#039;international sur Webdo.tn\",\"publisher\":{\"@id\":\"https:\\\/\\\/www.webdo.tn\\\/fr\\\/#organization\"},\"potentialAction\":[{\"@type\":\"SearchAction\",\"target\":{\"@type\":\"EntryPoint\",\"urlTemplate\":\"https:\\\/\\\/www.webdo.tn\\\/fr\\\/?s={search_term_string}\"},\"query-input\":{\"@type\":\"PropertyValueSpecification\",\"valueRequired\":true,\"valueName\":\"search_term_string\"}}],\"inLanguage\":\"fr-FR\"},{\"@type\":\"Organization\",\"@id\":\"https:\\\/\\\/www.webdo.tn\\\/fr\\\/#organization\",\"name\":\"Webdo\",\"alternateName\":\"Webdo.tn\",\"url\":\"https:\\\/\\\/www.webdo.tn\\\/fr\\\/\",\"logo\":{\"@type\":\"ImageObject\",\"inLanguage\":\"fr-FR\",\"@id\":\"https:\\\/\\\/www.webdo.tn\\\/fr\\\/#\\\/schema\\\/logo\\\/image\\\/\",\"url\":\"https:\\\/\\\/www.webdo.tn\\\/fr\\\/wp-content\\\/uploads\\\/2025\\\/06\\\/Webdo-Tunisie_168377.jpg\",\"contentUrl\":\"https:\\\/\\\/www.webdo.tn\\\/fr\\\/wp-content\\\/uploads\\\/2025\\\/06\\\/Webdo-Tunisie_168377.jpg\",\"width\":301,\"height\":301,\"caption\":\"Webdo\"},\"image\":{\"@id\":\"https:\\\/\\\/www.webdo.tn\\\/fr\\\/#\\\/schema\\\/logo\\\/image\\\/\"},\"sameAs\":[\"https:\\\/\\\/www.facebook.com\\\/webdotn\",\"https:\\\/\\\/x.com\\\/webdo_tn\"],\"description\":\"Webdo est un m\u00e9dia num\u00e9rique tunisien fond\u00e9 en 2010, sp\u00e9cialis\u00e9 dans l\u2019actualit\u00e9 nationale et internationale, l\u2019\u00e9conomie, la soci\u00e9t\u00e9 et les analyses politiques. Le site s\u2019adresse \u00e0 un large public francophone et couvre l\u2019information tunisienne en temps r\u00e9el.\",\"email\":\"redac@webdo.tn\",\"legalName\":\"YNJ SARL\",\"foundingDate\":\"2010-09-06\",\"numberOfEmployees\":{\"@type\":\"QuantitativeValue\",\"minValue\":\"11\",\"maxValue\":\"50\"}},{\"@type\":\"Person\",\"@id\":\"https:\\\/\\\/www.webdo.tn\\\/fr\\\/#\\\/schema\\\/person\\\/1f4e491e0907b413d61089e8eb573acc\",\"name\":\"Webdo\",\"image\":{\"@type\":\"ImageObject\",\"inLanguage\":\"fr-FR\",\"@id\":\"https:\\\/\\\/secure.gravatar.com\\\/avatar\\\/de97aeec1bb80978a9dbb127e47dfc88aaacb2f3c29aac907d8d3222e3495d49?s=96&d=mm&r=g\",\"url\":\"https:\\\/\\\/secure.gravatar.com\\\/avatar\\\/de97aeec1bb80978a9dbb127e47dfc88aaacb2f3c29aac907d8d3222e3495d49?s=96&d=mm&r=g\",\"contentUrl\":\"https:\\\/\\\/secure.gravatar.com\\\/avatar\\\/de97aeec1bb80978a9dbb127e47dfc88aaacb2f3c29aac907d8d3222e3495d49?s=96&d=mm&r=g\",\"caption\":\"Webdo\"},\"url\":\"https:\\\/\\\/www.webdo.tn\\\/fr\\\/actualite\\\/author\\\/webdo\\\/\"}]}<\/script>\n<!-- \/ Yoast SEO Premium plugin. -->","yoast_head_json":{"title":"Le journaliste Mohamed Boughalleb plac\u00e9 en garde \u00e0 vue","description":"Le journaliste Mohamed Boughalleb, a \u00e9t\u00e9 plac\u00e9 en garde \u00e0 vue, pour une dur\u00e9e de 48 heures, sur une d\u00e9cision du minist\u00e8re public du Tribunal de premi\u00e8re instan...","canonical":"https:\/\/www.webdo.tn\/fr\/actualite\/national\/le-journaliste-mohamed-boughalleb-place-en-garde-a-vue\/213125\/","og_locale":"fr_FR","og_type":"article","og_title":"Le journaliste Mohamed Boughalleb plac\u00e9 en garde \u00e0 vue","og_description":"Le journaliste Mohamed Boughalleb, a \u00e9t\u00e9 plac\u00e9 en garde \u00e0 vue, pour une dur\u00e9e de 48 heures, sur une d\u00e9cision du minist\u00e8re public du Tribunal de premi\u00e8re instan...","og_url":"https:\/\/www.webdo.tn\/fr\/actualite\/national\/le-journaliste-mohamed-boughalleb-place-en-garde-a-vue\/213125\/","og_site_name":"webdo","article_publisher":"https:\/\/www.facebook.com\/webdotn","article_published_time":"2024-03-22T20:10:00+00:00","og_image":[{"width":750,"height":400,"url":"https:\/\/www.webdo.tn\/fr\/wp-content\/uploads\/2024\/03\/eabc541bfce9a485a43c95aa999de12a.jpg","type":"image\/jpeg"}],"author":"Webdo","twitter_card":"summary_large_image","twitter_creator":"@webdo_tn","twitter_site":"@webdo_tn","twitter_misc":{"\u00c9crit par":"Webdo","Dur\u00e9e de lecture estim\u00e9e":"1 minute"},"schema":{"@context":"https:\/\/schema.org","@graph":[{"@type":"NewsArticle","@id":"https:\/\/www.webdo.tn\/fr\/actualite\/national\/le-journaliste-mohamed-boughalleb-place-en-garde-a-vue\/213125\/#article","isPartOf":{"@id":"https:\/\/www.webdo.tn\/fr\/actualite\/national\/le-journaliste-mohamed-boughalleb-place-en-garde-a-vue\/213125\/"},"author":{"name":"Webdo","@id":"https:\/\/www.webdo.tn\/fr\/#\/schema\/person\/1f4e491e0907b413d61089e8eb573acc"},"headline":"Le journaliste Mohamed Boughalleb plac\u00e9 en garde \u00e0 vue","datePublished":"2024-03-22T20:10:00+00:00","mainEntityOfPage":{"@id":"https:\/\/www.webdo.tn\/fr\/actualite\/national\/le-journaliste-mohamed-boughalleb-place-en-garde-a-vue\/213125\/"},"wordCount":150,"commentCount":0,"publisher":{"@id":"https:\/\/www.webdo.tn\/fr\/#organization"},"image":{"@id":"https:\/\/www.webdo.tn\/fr\/actualite\/national\/le-journaliste-mohamed-boughalleb-place-en-garde-a-vue\/213125\/#primaryimage"},"thumbnailUrl":"https:\/\/www.webdo.tn\/fr\/wp-content\/uploads\/2024\/03\/eabc541bfce9a485a43c95aa999de12a.jpg","keywords":["garde \u00e0 vue","Journaliste","justice","mohamed boughalleb","Tunisie"],"articleSection":["National"],"inLanguage":"fr-FR"},{"@type":"WebPage","@id":"https:\/\/www.webdo.tn\/fr\/actualite\/national\/le-journaliste-mohamed-boughalleb-place-en-garde-a-vue\/213125\/","url":"https:\/\/www.webdo.tn\/fr\/actualite\/national\/le-journaliste-mohamed-boughalleb-place-en-garde-a-vue\/213125\/","name":"Le journaliste Mohamed Boughalleb plac\u00e9 en garde \u00e0 vue","isPartOf":{"@id":"https:\/\/www.webdo.tn\/fr\/#website"},"primaryImageOfPage":{"@id":"https:\/\/www.webdo.tn\/fr\/actualite\/national\/le-journaliste-mohamed-boughalleb-place-en-garde-a-vue\/213125\/#primaryimage"},"image":{"@id":"https:\/\/www.webdo.tn\/fr\/actualite\/national\/le-journaliste-mohamed-boughalleb-place-en-garde-a-vue\/213125\/#primaryimage"},"thumbnailUrl":"https:\/\/www.webdo.tn\/fr\/wp-content\/uploads\/2024\/03\/eabc541bfce9a485a43c95aa999de12a.jpg","datePublished":"2024-03-22T20:10:00+00:00","description":"Le journaliste Mohamed Boughalleb, a \u00e9t\u00e9 plac\u00e9 en garde \u00e0 vue, pour une dur\u00e9e de 48 heures, sur une d\u00e9cision du minist\u00e8re public du Tribunal de premi\u00e8re instan...","breadcrumb":{"@id":"https:\/\/www.webdo.tn\/fr\/actualite\/national\/le-journaliste-mohamed-boughalleb-place-en-garde-a-vue\/213125\/#breadcrumb"},"inLanguage":"fr-FR","potentialAction":[{"@type":"ReadAction","target":["https:\/\/www.webdo.tn\/fr\/actualite\/national\/le-journaliste-mohamed-boughalleb-place-en-garde-a-vue\/213125\/"]}]},{"@type":"ImageObject","inLanguage":"fr-FR","@id":"https:\/\/www.webdo.tn\/fr\/actualite\/national\/le-journaliste-mohamed-boughalleb-place-en-garde-a-vue\/213125\/#primaryimage","url":"https:\/\/www.webdo.tn\/fr\/wp-content\/uploads\/2024\/03\/eabc541bfce9a485a43c95aa999de12a.jpg","contentUrl":"https:\/\/www.webdo.tn\/fr\/wp-content\/uploads\/2024\/03\/eabc541bfce9a485a43c95aa999de12a.jpg","width":750,"height":400,"caption":"Le journaliste Mohamed Boughalleb plac\u00e9 en garde \u00e0 vue"},{"@type":"BreadcrumbList","@id":"https:\/\/www.webdo.tn\/fr\/actualite\/national\/le-journaliste-mohamed-boughalleb-place-en-garde-a-vue\/213125\/#breadcrumb","itemListElement":[{"@type":"ListItem","position":1,"name":"Accueil","item":"https:\/\/www.webdo.tn\/fr\/"},{"@type":"ListItem","position":2,"name":"Le journaliste Mohamed Boughalleb plac\u00e9 en garde \u00e0 vue"}]},{"@type":"WebSite","@id":"https:\/\/www.webdo.tn\/fr\/#website","url":"https:\/\/www.webdo.tn\/fr\/","name":"webdo","description":"Tunisie - News en Tunisie et \u00e0 l&#039;international sur Webdo.tn","publisher":{"@id":"https:\/\/www.webdo.tn\/fr\/#organization"},"potentialAction":[{"@type":"SearchAction","target":{"@type":"EntryPoint","urlTemplate":"https:\/\/www.webdo.tn\/fr\/?s={search_term_string}"},"query-input":{"@type":"PropertyValueSpecification","valueRequired":true,"valueName":"search_term_string"}}],"inLanguage":"fr-FR"},{"@type":"Organization","@id":"https:\/\/www.webdo.tn\/fr\/#organization","name":"Webdo","alternateName":"Webdo.tn","url":"https:\/\/www.webdo.tn\/fr\/","logo":{"@type":"ImageObject","inLanguage":"fr-FR","@id":"https:\/\/www.webdo.tn\/fr\/#\/schema\/logo\/image\/","url":"https:\/\/www.webdo.tn\/fr\/wp-content\/uploads\/2025\/06\/Webdo-Tunisie_168377.jpg","contentUrl":"https:\/\/www.webdo.tn\/fr\/wp-content\/uploads\/2025\/06\/Webdo-Tunisie_168377.jpg","width":301,"height":301,"caption":"Webdo"},"image":{"@id":"https:\/\/www.webdo.tn\/fr\/#\/schema\/logo\/image\/"},"sameAs":["https:\/\/www.facebook.com\/webdotn","https:\/\/x.com\/webdo_tn"],"description":"Webdo est un m\u00e9dia num\u00e9rique tunisien fond\u00e9 en 2010, sp\u00e9cialis\u00e9 dans l\u2019actualit\u00e9 nationale et internationale, l\u2019\u00e9conomie, la soci\u00e9t\u00e9 et les analyses politiques. Le site s\u2019adresse \u00e0 un large public francophone et couvre l\u2019information tunisienne en temps r\u00e9el.","email":"redac@webdo.tn","legalName":"YNJ SARL","foundingDate":"2010-09-06","numberOfEmployees":{"@type":"QuantitativeValue","minValue":"11","maxValue":"50"}},{"@type":"Person","@id":"https:\/\/www.webdo.tn\/fr\/#\/schema\/person\/1f4e491e0907b413d61089e8eb573acc","name":"Webdo","image":{"@type":"ImageObject","inLanguage":"fr-FR","@id":"https:\/\/secure.gravatar.com\/avatar\/de97aeec1bb80978a9dbb127e47dfc88aaacb2f3c29aac907d8d3222e3495d49?s=96&d=mm&r=g","url":"https:\/\/secure.gravatar.com\/avatar\/de97aeec1bb80978a9dbb127e47dfc88aaacb2f3c29aac907d8d3222e3495d49?s=96&d=mm&r=g","contentUrl":"https:\/\/secure.gravatar.com\/avatar\/de97aeec1bb80978a9dbb127e47dfc88aaacb2f3c29aac907d8d3222e3495d49?s=96&d=mm&r=g","caption":"Webdo"},"url":"https:\/\/www.webdo.tn\/fr\/actualite\/author\/webdo\/"}]}},"_links":{"self":[{"href":"https:\/\/www.webdo.tn\/fr\/wp-json\/wp\/v2\/posts\/213125","targetHints":{"allow":["GET"]}}],"collection":[{"href":"https:\/\/www.webdo.tn\/fr\/wp-json\/wp\/v2\/posts"}],"about":[{"href":"https:\/\/www.webdo.tn\/fr\/wp-json\/wp\/v2\/types\/post"}],"author":[{"embeddable":true,"href":"https:\/\/www.webdo.tn\/fr\/wp-json\/wp\/v2\/users\/3169"}],"replies":[{"embeddable":true,"href":"https:\/\/www.webdo.tn\/fr\/wp-json\/wp\/v2\/comments?post=213125"}],"version-history":[{"count":0,"href":"https:\/\/www.webdo.tn\/fr\/wp-json\/wp\/v2\/posts\/213125\/revisions"}],"wp:featuredmedia":[{"embeddable":true,"href":"https:\/\/www.webdo.tn\/fr\/wp-json\/wp\/v2\/media\/247733"}],"wp:attachment":[{"href":"https:\/\/www.webdo.tn\/fr\/wp-json\/wp\/v2\/media?parent=213125"}],"wp:term":[{"taxonomy":"category","embeddable":true,"href":"https:\/\/www.webdo.tn\/fr\/wp-json\/wp\/v2\/categories?post=213125"},{"taxonomy":"post_tag","embeddable":true,"href":"https:\/\/www.webdo.tn\/fr\/wp-json\/wp\/v2\/tags?post=213125"}],"curies":[{"name":"wp","href":"https:\/\/api.w.org\/{rel}","templated":true}]}}